{"id":8330,"date":"2018-09-19T10:27:00","date_gmt":"2018-09-19T08:27:00","guid":{"rendered":"https:\/\/www.hoecker.eu\/blog\/arztbewertungsportale-aerzte-klagen-weiter-auf-profilloeschung\/"},"modified":"2025-02-17T14:56:31","modified_gmt":"2025-02-17T13:56:31","slug":"arztbewertungsportale-aerzte-klagen-weiter-auf-profilloeschung","status":"publish","type":"post","link":"https:\/\/www.hoecker.eu\/blog\/arztbewertungsportale-aerzte-klagen-weiter-auf-profilloeschung\/","title":{"rendered":"Arztbewertungsportale &#8211; \u00c4rzte klagen weiter auf Profill\u00f6schung."},"content":{"rendered":"<p>Auch durch das Jameda-Urteil des BGH aus dem Februar diesen Jahres (Urt. v. 20.02.2018, Az. IV ZR 30\/17) ist der Streit um die Listung auf Bewertungsportalen noch nicht zu Ende: Nachdem Jameda nur geringf\u00fcgige \u00c4nderungen in dem Arztbewertungsportal vorgenommen hat und meint, so die Vorgaben der BGH-Entscheidung zu erf\u00fcllen, klagen weitere \u00c4rzte auf L\u00f6schung ihres ungewollt angelegten Profils (<a href=\"https:\/\/www.zm-online.de\/news\/praxis\/koennen-arztbewertungsportale-neutral-sein\/\">vgl. hier<\/a>).<\/p>\n<p>Zur Erinnerung:<br \/>Mit dem von einer K\u00f6lner Haut\u00e4rztin erstrittenen BGH-Urteil war erstmals dem L\u00f6schungsbegehren im Hinblick auf das von Jameda ungewollt angelegte Profil stattgegeben worden. Erstmalig hatte der BGH ber\u00fccksichtigen m\u00fcssen, welches Gesch\u00e4ftsmodell der Bewertungsplattform zugrunde liegt. Nach Ansicht des BGH kann sich Jameda nicht (mehr) auf eine Rolle als \u201eneutraler Informationsmittler\u201c zur\u00fcckziehen. Vielmehr verschaffe die Plattform zahlenden Kunden durch die Art der Werbung, die sie auf ihrem Bewertungsportal anbiete, verdeckte Vorteile. Im Ergebnis f\u00fchrte dies zu einem Anspruch der K\u00f6lner \u00c4rztin auf L\u00f6schung des gesamten Profils. Das Urteil blieb nicht ohne Folgen, denn Jameda beendete postwendend die<br \/>\n damalige Werbepraxis auf den Profilseiten der nicht-zahlenden \u00c4rzte, indem es die direkte Werbung f\u00fcr die zahlende Konkurrenz auf den sogenannten Basis-Profilen einstellte.<\/p>\n<p>Das reicht allerdings vielen \u00c4rzten und Angeh\u00f6rigen anderer Heilberufe nicht. Die nicht-zahlenden \u00c4rzte sehen sich durch die unvorteilhafte Darstellung in \u201eBasis\u201c-Profilen gegen\u00fcber den zahlenden Kunden immer noch benachteiligt. Es gibt weiterhin zahlreiche offene und verdeckte Ungleichbehandlungen. Die von Jameda vorgenommenen Ver\u00e4nderungen haben insoweit allenfalls einen kosmetischen Effekt. Sie \u00e4ndern nichts daran, dass Jameda weiterhin die ungewollt angelegten \u201eBasisprofile\u201c als Werbefl\u00e4che f\u00fcr die zahlende Kundschaft benutzt.<\/p>\n<p>Dagegen setzen sich nicht-zahlende \u00c4rzte zur Wehr und haben Jameda zur L\u00f6schung der sog. Basis-Profile aufgefordert. Da Jameda die L\u00f6schung ablehnt, wurden nun die ersten Klagen auf Profill\u00f6schung eingereicht. Im Rahmen dieser Auseinandersetzungen wird es zum einen um die Frage gehen, ob das Gesch\u00e4ftsmodell zwangsl\u00e4ufig zu einer Ungleichbehandlung f\u00fchrt und Jameda \u00fcberhaupt kein \u201eneutraler Informationsmittler\u201c sein kann. Eine Zwangslistung k\u00f6nnte jedoch allenfalls bei einer \u201eNeutralit\u00e4t\u201c des Plattformbetreibers gerechtfertigt sein. Zudem wird es aber auch eine Neubewertung der datenschutzrechtlichen Fragen aufgrund des neuen Datenschutzregimes durch die DSGVO geben. Dies k\u00f6nnte zu einer Verschiebung der Interessengewichtung im Sinne der \u00c4rzte f\u00fchren.<\/p>\n<p>H\u00d6CKER vertritt aktuell mehrere \u00c4rzte, die von Jameda die L\u00f6schung der ungewollt angelegten Profile verlangen.<\/p>\n","protected":false},"excerpt":{"rendered":"<p>Auch durch das Jameda-Urteil des BGH aus dem Februar diesen Jahres (Urt. v. 20.02.2018, Az. IV ZR 30\/17) ist der Streit um die Listung auf Bewertungsportalen noch nicht zu Ende: Nachdem Jameda nur geringf\u00fcgige \u00c4nderungen in dem Arztbewertungsportal vorgenommen hat und meint, so die Vorgaben der BGH-Entscheidung zu erf\u00fcllen, klagen weitere \u00c4rzte auf L\u00f6schung ihres [&hellip;]<\/p>\n","protected":false},"author":1,"featured_media":0,"comment_status":"closed","ping_status":"closed","sticky":false,"template":"","format":"standard","meta":{"_has_post_settings":[],"footnotes":""},"categories":[15],"tags":[],"hashtags":[],"ppma_author":[84],"class_list":["post-8330","post","type-post","status-publish","format-standard","hentry","category-news","author-hoecker_adm"],"yoast_head":"<!-- This site is optimized with the Yoast SEO Premium plugin v25.9 (Yoast SEO v27.0) - https:\/\/yoast.com\/product\/yoast-seo-premium-wordpress\/ -->\n<title>Arztbewertungsportale - \u00c4rzte klagen weiter auf Profill\u00f6schung. - H\u00d6CKER - der Blog<\/title>\n<meta name=\"robots\" content=\"index, follow, max-snippet:-1, max-image-preview:large, max-video-preview:-1\" \/>\n<link rel=\"canonical\" href=\"https:\/\/www.hoecker.eu\/blog\/arztbewertungsportale-aerzte-klagen-weiter-auf-profilloeschung\/\" \/>\n<meta property=\"og:locale\" content=\"de_DE\" \/>\n<meta property=\"og:type\" content=\"article\" \/>\n<meta property=\"og:title\" content=\"Arztbewertungsportale - \u00c4rzte klagen weiter auf Profill\u00f6schung.\" \/>\n<meta property=\"og:description\" content=\"Auch durch das Jameda-Urteil des BGH aus dem Februar diesen Jahres (Urt. v. 20.02.2018, Az. IV ZR 30\/17) ist der Streit um die Listung auf Bewertungsportalen noch nicht zu Ende: Nachdem Jameda nur geringf\u00fcgige \u00c4nderungen in dem Arztbewertungsportal vorgenommen hat und meint, so die Vorgaben der BGH-Entscheidung zu erf\u00fcllen, klagen weitere \u00c4rzte auf L\u00f6schung ihres [&hellip;]\" \/>\n<meta property=\"og:url\" content=\"https:\/\/www.hoecker.eu\/blog\/arztbewertungsportale-aerzte-klagen-weiter-auf-profilloeschung\/\" \/>\n<meta property=\"og:site_name\" content=\"H\u00d6CKER - der Blog\" \/>\n<meta property=\"article:publisher\" content=\"https:\/\/www.facebook.com\/HoeckerRAe\/\" \/>\n<meta property=\"article:author\" content=\"https:\/\/www.facebook.com\/ralf.hoecker\" \/>\n<meta property=\"article:published_time\" content=\"2018-09-19T08:27:00+00:00\" \/>\n<meta property=\"article:modified_time\" content=\"2025-02-17T13:56:31+00:00\" \/>\n<meta name=\"author\" content=\"Prof. Dr. Ralf H\u00f6cker\" \/>\n<meta name=\"twitter:card\" content=\"summary_large_image\" \/>\n<meta name=\"twitter:creator\" content=\"@Ralf_Hoecker\" \/>\n<meta name=\"twitter:site\" content=\"@hoecker_rae\" \/>\n<meta name=\"twitter:label1\" content=\"Verfasst von\" \/>\n\t<meta name=\"twitter:data1\" content=\"Prof. Dr. Ralf H\u00f6cker\" \/>\n\t<meta name=\"twitter:label2\" content=\"Gesch\u00e4tzte Lesezeit\" \/>\n\t<meta name=\"twitter:data2\" content=\"2\u00a0Minuten\" \/>\n<script type=\"application\/ld+json\" class=\"yoast-schema-graph\">{\"@context\":\"https:\/\/schema.org\",\"@graph\":[{\"@type\":\"Article\",\"@id\":\"https:\/\/www.hoecker.eu\/blog\/arztbewertungsportale-aerzte-klagen-weiter-auf-profilloeschung\/#article\",\"isPartOf\":{\"@id\":\"https:\/\/www.hoecker.eu\/blog\/arztbewertungsportale-aerzte-klagen-weiter-auf-profilloeschung\/\"},\"author\":{\"name\":\"Prof. Dr. Ralf H\u00f6cker\",\"@id\":\"https:\/\/www.hoecker.eu\/blog\/#\/schema\/person\/08f95581eed0534eccd0b2438f7a1cab\"},\"headline\":\"Arztbewertungsportale &#8211; \u00c4rzte klagen weiter auf Profill\u00f6schung.\",\"datePublished\":\"2018-09-19T08:27:00+00:00\",\"dateModified\":\"2025-02-17T13:56:31+00:00\",\"mainEntityOfPage\":{\"@id\":\"https:\/\/www.hoecker.eu\/blog\/arztbewertungsportale-aerzte-klagen-weiter-auf-profilloeschung\/\"},\"wordCount\":397,\"publisher\":{\"@id\":\"https:\/\/www.hoecker.eu\/blog\/#organization\"},\"articleSection\":[\"News\"],\"inLanguage\":\"de\"},{\"@type\":\"WebPage\",\"@id\":\"https:\/\/www.hoecker.eu\/blog\/arztbewertungsportale-aerzte-klagen-weiter-auf-profilloeschung\/\",\"url\":\"https:\/\/www.hoecker.eu\/blog\/arztbewertungsportale-aerzte-klagen-weiter-auf-profilloeschung\/\",\"name\":\"Arztbewertungsportale - \u00c4rzte klagen weiter auf Profill\u00f6schung. - H\u00d6CKER - der Blog\",\"isPartOf\":{\"@id\":\"https:\/\/www.hoecker.eu\/blog\/#website\"},\"datePublished\":\"2018-09-19T08:27:00+00:00\",\"dateModified\":\"2025-02-17T13:56:31+00:00\",\"breadcrumb\":{\"@id\":\"https:\/\/www.hoecker.eu\/blog\/arztbewertungsportale-aerzte-klagen-weiter-auf-profilloeschung\/#breadcrumb\"},\"inLanguage\":\"de\",\"potentialAction\":[{\"@type\":\"ReadAction\",\"target\":[\"https:\/\/www.hoecker.eu\/blog\/arztbewertungsportale-aerzte-klagen-weiter-auf-profilloeschung\/\"]}]},{\"@type\":\"BreadcrumbList\",\"@id\":\"https:\/\/www.hoecker.eu\/blog\/arztbewertungsportale-aerzte-klagen-weiter-auf-profilloeschung\/#breadcrumb\",\"itemListElement\":[{\"@type\":\"ListItem\",\"position\":1,\"name\":\"Startseite\",\"item\":\"https:\/\/dev.hoecker.eu\/blog\/\"},{\"@type\":\"ListItem\",\"position\":2,\"name\":\"Arztbewertungsportale &#8211; \u00c4rzte klagen weiter auf Profill\u00f6schung.\"}]},{\"@type\":\"WebSite\",\"@id\":\"https:\/\/www.hoecker.eu\/blog\/#website\",\"url\":\"https:\/\/www.hoecker.eu\/blog\/\",\"name\":\"H\u00d6CKER - der Blog\",\"description\":\"Expertenblog f\u00fcr \u00c4u\u00dferungs-, Medien-, Marken-, Urheber- und Wettbewerbsrecht.\",\"publisher\":{\"@id\":\"https:\/\/www.hoecker.eu\/blog\/#organization\"},\"potentialAction\":[{\"@type\":\"SearchAction\",\"target\":{\"@type\":\"EntryPoint\",\"urlTemplate\":\"https:\/\/www.hoecker.eu\/blog\/?s={search_term_string}\"},\"query-input\":{\"@type\":\"PropertyValueSpecification\",\"valueRequired\":true,\"valueName\":\"search_term_string\"}}],\"inLanguage\":\"de\"},{\"@type\":\"Organization\",\"@id\":\"https:\/\/www.hoecker.eu\/blog\/#organization\",\"name\":\"H\u00d6CKER Rechtsanw\u00e4lte PartGmbB\",\"alternateName\":\"H\u00d6CKER\",\"url\":\"https:\/\/www.hoecker.eu\/blog\/\",\"logo\":{\"@type\":\"ImageObject\",\"inLanguage\":\"de\",\"@id\":\"https:\/\/www.hoecker.eu\/blog\/#\/schema\/logo\/image\/\",\"url\":\"https:\/\/www.hoecker.eu\/blog\/wp-content\/uploads\/2025\/03\/Blog-Logo.webp\",\"contentUrl\":\"https:\/\/www.hoecker.eu\/blog\/wp-content\/uploads\/2025\/03\/Blog-Logo.webp\",\"width\":500,\"height\":500,\"caption\":\"H\u00d6CKER Rechtsanw\u00e4lte PartGmbB\"},\"image\":{\"@id\":\"https:\/\/www.hoecker.eu\/blog\/#\/schema\/logo\/image\/\"},\"sameAs\":[\"https:\/\/www.facebook.com\/HoeckerRAe\/\",\"https:\/\/x.com\/hoecker_rae\",\"https:\/\/www.linkedin.com\/company\/hcker-rechtsanwlte\/\",\"https:\/\/www.instagram.com\/hoecker_rae\/\"],\"email\":\"contact@hoecker.eu\",\"telephone\":\"+ 49 (0)221-933 19-10\",\"legalName\":\"H\u00d6CKER Rechtsanw\u00e4lte PartGmbB\",\"numberOfEmployees\":{\"@type\":\"QuantitativeValue\",\"minValue\":\"11\",\"maxValue\":\"50\"}},{\"@type\":\"Person\",\"@id\":\"https:\/\/www.hoecker.eu\/blog\/#\/schema\/person\/08f95581eed0534eccd0b2438f7a1cab\",\"name\":\"Prof. Dr. Ralf H\u00f6cker\",\"description\":\"Medienanwalt. Besch\u00fctzer vor mieser Presse\",\"sameAs\":[\"https:\/\/www.hoecker.eu\/wer\/prof-dr-ralf-hoecker\",\"https:\/\/www.facebook.com\/ralf.hoecker\",\"https:\/\/www.linkedin.com\/in\/prof-dr-ralf-hcker-ll-m-london-17987826\/\",\"https:\/\/x.com\/Ralf_Hoecker\"],\"url\":\"https:\/\/www.hoecker.eu\/blog\/author\/hoecker_adm\/\"}]}<\/script>\n<!-- \/ Yoast SEO Premium plugin. -->","yoast_head_json":{"title":"Arztbewertungsportale - \u00c4rzte klagen weiter auf Profill\u00f6schung. - H\u00d6CKER - der Blog","robots":{"index":"index","follow":"follow","max-snippet":"max-snippet:-1","max-image-preview":"max-image-preview:large","max-video-preview":"max-video-preview:-1"},"canonical":"https:\/\/www.hoecker.eu\/blog\/arztbewertungsportale-aerzte-klagen-weiter-auf-profilloeschung\/","og_locale":"de_DE","og_type":"article","og_title":"Arztbewertungsportale - \u00c4rzte klagen weiter auf Profill\u00f6schung.","og_description":"Auch durch das Jameda-Urteil des BGH aus dem Februar diesen Jahres (Urt. v. 20.02.2018, Az. IV ZR 30\/17) ist der Streit um die Listung auf Bewertungsportalen noch nicht zu Ende: Nachdem Jameda nur geringf\u00fcgige \u00c4nderungen in dem Arztbewertungsportal vorgenommen hat und meint, so die Vorgaben der BGH-Entscheidung zu erf\u00fcllen, klagen weitere \u00c4rzte auf L\u00f6schung ihres [&hellip;]","og_url":"https:\/\/www.hoecker.eu\/blog\/arztbewertungsportale-aerzte-klagen-weiter-auf-profilloeschung\/","og_site_name":"H\u00d6CKER - der Blog","article_publisher":"https:\/\/www.facebook.com\/HoeckerRAe\/","article_author":"https:\/\/www.facebook.com\/ralf.hoecker","article_published_time":"2018-09-19T08:27:00+00:00","article_modified_time":"2025-02-17T13:56:31+00:00","author":"Prof. Dr. Ralf H\u00f6cker","twitter_card":"summary_large_image","twitter_creator":"@Ralf_Hoecker","twitter_site":"@hoecker_rae","twitter_misc":{"Verfasst von":"Prof. Dr. Ralf H\u00f6cker","Gesch\u00e4tzte Lesezeit":"2\u00a0Minuten"},"schema":{"@context":"https:\/\/schema.org","@graph":[{"@type":"Article","@id":"https:\/\/www.hoecker.eu\/blog\/arztbewertungsportale-aerzte-klagen-weiter-auf-profilloeschung\/#article","isPartOf":{"@id":"https:\/\/www.hoecker.eu\/blog\/arztbewertungsportale-aerzte-klagen-weiter-auf-profilloeschung\/"},"author":{"name":"Prof. Dr. Ralf H\u00f6cker","@id":"https:\/\/www.hoecker.eu\/blog\/#\/schema\/person\/08f95581eed0534eccd0b2438f7a1cab"},"headline":"Arztbewertungsportale &#8211; \u00c4rzte klagen weiter auf Profill\u00f6schung.","datePublished":"2018-09-19T08:27:00+00:00","dateModified":"2025-02-17T13:56:31+00:00","mainEntityOfPage":{"@id":"https:\/\/www.hoecker.eu\/blog\/arztbewertungsportale-aerzte-klagen-weiter-auf-profilloeschung\/"},"wordCount":397,"publisher":{"@id":"https:\/\/www.hoecker.eu\/blog\/#organization"},"articleSection":["News"],"inLanguage":"de"},{"@type":"WebPage","@id":"https:\/\/www.hoecker.eu\/blog\/arztbewertungsportale-aerzte-klagen-weiter-auf-profilloeschung\/","url":"https:\/\/www.hoecker.eu\/blog\/arztbewertungsportale-aerzte-klagen-weiter-auf-profilloeschung\/","name":"Arztbewertungsportale - \u00c4rzte klagen weiter auf Profill\u00f6schung. - H\u00d6CKER - der Blog","isPartOf":{"@id":"https:\/\/www.hoecker.eu\/blog\/#website"},"datePublished":"2018-09-19T08:27:00+00:00","dateModified":"2025-02-17T13:56:31+00:00","breadcrumb":{"@id":"https:\/\/www.hoecker.eu\/blog\/arztbewertungsportale-aerzte-klagen-weiter-auf-profilloeschung\/#breadcrumb"},"inLanguage":"de","potentialAction":[{"@type":"ReadAction","target":["https:\/\/www.hoecker.eu\/blog\/arztbewertungsportale-aerzte-klagen-weiter-auf-profilloeschung\/"]}]},{"@type":"BreadcrumbList","@id":"https:\/\/www.hoecker.eu\/blog\/arztbewertungsportale-aerzte-klagen-weiter-auf-profilloeschung\/#breadcrumb","itemListElement":[{"@type":"ListItem","position":1,"name":"Startseite","item":"https:\/\/dev.hoecker.eu\/blog\/"},{"@type":"ListItem","position":2,"name":"Arztbewertungsportale &#8211; \u00c4rzte klagen weiter auf Profill\u00f6schung."}]},{"@type":"WebSite","@id":"https:\/\/www.hoecker.eu\/blog\/#website","url":"https:\/\/www.hoecker.eu\/blog\/","name":"H\u00d6CKER - der Blog","description":"Expertenblog f\u00fcr \u00c4u\u00dferungs-, Medien-, Marken-, Urheber- und Wettbewerbsrecht.","publisher":{"@id":"https:\/\/www.hoecker.eu\/blog\/#organization"},"potentialAction":[{"@type":"SearchAction","target":{"@type":"EntryPoint","urlTemplate":"https:\/\/www.hoecker.eu\/blog\/?s={search_term_string}"},"query-input":{"@type":"PropertyValueSpecification","valueRequired":true,"valueName":"search_term_string"}}],"inLanguage":"de"},{"@type":"Organization","@id":"https:\/\/www.hoecker.eu\/blog\/#organization","name":"H\u00d6CKER Rechtsanw\u00e4lte PartGmbB","alternateName":"H\u00d6CKER","url":"https:\/\/www.hoecker.eu\/blog\/","logo":{"@type":"ImageObject","inLanguage":"de","@id":"https:\/\/www.hoecker.eu\/blog\/#\/schema\/logo\/image\/","url":"https:\/\/www.hoecker.eu\/blog\/wp-content\/uploads\/2025\/03\/Blog-Logo.webp","contentUrl":"https:\/\/www.hoecker.eu\/blog\/wp-content\/uploads\/2025\/03\/Blog-Logo.webp","width":500,"height":500,"caption":"H\u00d6CKER Rechtsanw\u00e4lte PartGmbB"},"image":{"@id":"https:\/\/www.hoecker.eu\/blog\/#\/schema\/logo\/image\/"},"sameAs":["https:\/\/www.facebook.com\/HoeckerRAe\/","https:\/\/x.com\/hoecker_rae","https:\/\/www.linkedin.com\/company\/hcker-rechtsanwlte\/","https:\/\/www.instagram.com\/hoecker_rae\/"],"email":"contact@hoecker.eu","telephone":"+ 49 (0)221-933 19-10","legalName":"H\u00d6CKER Rechtsanw\u00e4lte PartGmbB","numberOfEmployees":{"@type":"QuantitativeValue","minValue":"11","maxValue":"50"}},{"@type":"Person","@id":"https:\/\/www.hoecker.eu\/blog\/#\/schema\/person\/08f95581eed0534eccd0b2438f7a1cab","name":"Prof. Dr. Ralf H\u00f6cker","description":"Medienanwalt. Besch\u00fctzer vor mieser Presse","sameAs":["https:\/\/www.hoecker.eu\/wer\/prof-dr-ralf-hoecker","https:\/\/www.facebook.com\/ralf.hoecker","https:\/\/www.linkedin.com\/in\/prof-dr-ralf-hcker-ll-m-london-17987826\/","https:\/\/x.com\/Ralf_Hoecker"],"url":"https:\/\/www.hoecker.eu\/blog\/author\/hoecker_adm\/"}]}},"authors":[{"term_id":84,"user_id":1,"is_guest":0,"slug":"hoecker_adm","display_name":"Prof. Dr. Ralf H\u00f6cker","avatar_url":{"url":"https:\/\/www.hoecker.eu\/blog\/wp-content\/uploads\/2023\/12\/ProfDrRalfHoecker.jpg","url2x":"https:\/\/www.hoecker.eu\/blog\/wp-content\/uploads\/2023\/12\/ProfDrRalfHoecker.jpg"},"0":null,"1":"","2":"","3":"","4":"","5":"","6":"","7":"","8":"","9":"","10":"","11":""}],"_links":{"self":[{"href":"https:\/\/www.hoecker.eu\/blog\/wp-json\/wp\/v2\/posts\/8330","targetHints":{"allow":["GET"]}}],"collection":[{"href":"https:\/\/www.hoecker.eu\/blog\/wp-json\/wp\/v2\/posts"}],"about":[{"href":"https:\/\/www.hoecker.eu\/blog\/wp-json\/wp\/v2\/types\/post"}],"author":[{"embeddable":true,"href":"https:\/\/www.hoecker.eu\/blog\/wp-json\/wp\/v2\/users\/1"}],"replies":[{"embeddable":true,"href":"https:\/\/www.hoecker.eu\/blog\/wp-json\/wp\/v2\/comments?post=8330"}],"version-history":[{"count":1,"href":"https:\/\/www.hoecker.eu\/blog\/wp-json\/wp\/v2\/posts\/8330\/revisions"}],"predecessor-version":[{"id":9452,"href":"https:\/\/www.hoecker.eu\/blog\/wp-json\/wp\/v2\/posts\/8330\/revisions\/9452"}],"wp:attachment":[{"href":"https:\/\/www.hoecker.eu\/blog\/wp-json\/wp\/v2\/media?parent=8330"}],"wp:term":[{"taxonomy":"category","embeddable":true,"href":"https:\/\/www.hoecker.eu\/blog\/wp-json\/wp\/v2\/categories?post=8330"},{"taxonomy":"post_tag","embeddable":true,"href":"https:\/\/www.hoecker.eu\/blog\/wp-json\/wp\/v2\/tags?post=8330"},{"taxonomy":"hashtags","embeddable":true,"href":"https:\/\/www.hoecker.eu\/blog\/wp-json\/wp\/v2\/hashtags?post=8330"},{"taxonomy":"author","embeddable":true,"href":"https:\/\/www.hoecker.eu\/blog\/wp-json\/wp\/v2\/ppma_author?post=8330"}],"curies":[{"name":"wp","href":"https:\/\/api.w.org\/{rel}","templated":true}]}}