{"id":8328,"date":"2018-09-27T15:03:42","date_gmt":"2018-09-27T13:03:42","guid":{"rendered":"https:\/\/www.hoecker.eu\/blog\/keine-verwechselungsgefahr-erfolgreiche-verteidigung-der-marke-konrads-erben-gegen-widerspruch-der-conrad-electronic-se\/"},"modified":"2025-02-17T14:56:30","modified_gmt":"2025-02-17T13:56:30","slug":"keine-verwechselungsgefahr-erfolgreiche-verteidigung-der-marke-konrads-erben-gegen-widerspruch-der-conrad-electronic-se","status":"publish","type":"post","link":"https:\/\/www.hoecker.eu\/blog\/keine-verwechselungsgefahr-erfolgreiche-verteidigung-der-marke-konrads-erben-gegen-widerspruch-der-conrad-electronic-se\/","title":{"rendered":"Keine Verwechselungsgefahr: Erfolgreiche Verteidigung der Marke KONRADS ERBEN gegen Widerspruch der Conrad Electronic SE."},"content":{"rendered":"<p>Die politische Vereinigung KONRADS ERBEN besteht mehrheitlich aus Altstipendiaten der Konrad-Adenauer-Stiftung e.V. und sympathisiert mit den Ideen und dem Verm\u00e4chtnis des ersten Kanzlers der Bundesrepublik Deutschland. Einer der Initiatoren und H\u00d6CKER-Mandant lie\u00df die Wortmarke <strong>KONRADS ERBEN<\/strong> (DE 302016232625) beim DPMA f\u00fcr Waren der Klasse (Nizza) 16 sowie Dienstleistungen der Klassen (Nizza) 35 und 41 beim DPMA eintragen. Hiergegen wandte sich die Conrad Electronics SE mit einem Widerspruch aus deren \u00e4lterer Wortmarke <strong>Conrad<\/strong> (DE 302012031179).<\/p>\n<p>Mit Beschluss vom 17.09.2018 hat das DPMA diesen Widerspruch vollst\u00e4ndig zur\u00fcckgewiesen. Das Amt verneint eine Verwechslungsgefahr. Zwar st\u00fcnden sich identische und hochgradig \u00e4hnliche Waren und Dienstleistungen gegen\u00fcber, doch der daher zu fordernde strenge Abstand zwischen den Zeichen der angegriffenen Marke zur Widerspruchsmarke werde in jeder Hinsicht eingehalten. Das Amt stellt fest, dass die \u00e4ltere Marke \u201eConrad\u201c lediglich \u00fcber durchschnittliche Kennzeichnungskraft verf\u00fcge. Eine Verkehrsbekanntheit sei nicht belegt, auch wenn es sich bei Conrad um eines der gr\u00f6\u00dften europ\u00e4ischen Handelsunternehmen mit technischen Produkten handele, das in der Bundesrepublik Deutschland aktuell \u00fcber 25 Filialen an verschiedenen Standorten betreibe, deren Produkte \u00fcber das Internet, \u00fcber den Katalog-\/Versandhandel sowie \u00fcber die einzelnen Filialen angeboten w\u00fcrden und die Internetseite mehr als 6 Millionen Besucher pro Tag z\u00e4hle. Denn f\u00fcr die Verkehrsbekanntheit m\u00fcssen weitere relevante Umst\u00e4nde hinzukommen, wie gehaltener Marktanteil, die Intensit\u00e4t und Dauer der Markenverwendung, die daf\u00fcr aufgewendeten Werbemittel und die dadurch erreichte Bekanntheit in den beteiligten Verkehrskreisen. All dies sei im Widerspruchsverfahren nicht dargelegt worden.<\/p>\n<p>Zwischen den Zeichen <strong>KONRADS ERBEN <\/strong>und <strong>Conrad<\/strong> sieht das Markenamt keine Zeichen\u00e4hnlichkeit. Weder in klanglicher noch in schriftbildlicher noch in begrifflicher Hinsicht seien die Zeichen \u00e4hnlich. Schon durch die zus\u00e4tzlichen Silben \u201eER-BEN\u201c weiche das Klangbild deutlich voneinander ab. Auch schriftbildlich falle dieser Unterschied auf. Es bestehe kein Anlass, vorliegend von einer pr\u00e4genden Wirkung des Wortteils \u201eKONRADS\u201c der j\u00fcngeren Marke auszugehen. Zudem werde durch die Genitivform eine begriffliche Verbindung mit dem folgenden Bestandteil ERBEN hergestellt und die Vorstellung eines Gesamtbegriffs gef\u00f6rdert. Dar\u00fcber hinaus sei die \u00e4ltere Marke auch nicht identisch in die j\u00fcngere Kombinationsmarke \u00fcbernommen worden.<\/p>\n<p>Schlie\u00dflich bestehe auch keine Gefahr, die Marken gedanklich miteinander in Verbindung zu bringen. Das Amt weist darauf hin, dass nicht jede wie auch immer geartete gedankliche Assoziation ein Schutzhindernis darstellt. Selbst Gedankenverbindungen mit behindernden, rufausbeutenden oder verw\u00e4ssernden Wirkungen reichen nicht aus, wenn keine Gefahr von Verwechslungen zwischen den Marken besteht. Allein die M\u00f6glichkeit, dass sich der Verkehr durch die j\u00fcngere Marke an die Widerspruchsmarke \u201eerinnert\u201c f\u00fchlen k\u00f6nnte, gen\u00fcge f\u00fcr die Annahme einer assoziativen Verwechslungsgefahr nicht. Nach der anzustellenden Gesamtbetrachtung scheide eine Verwechslungsgefahr daher aus. Die Conrad Electronics SE kann Erinnerung bzw. Beschwerde gegen den Beschluss einzulegen.<\/p>\n<p>Rechtsanwalt Dr. Marcel Leeser:<br \/>\u201e<i>Sehr oft hilft bei der Einsch\u00e4tzung einer markenrechtlichen Verwechslungsgefahr der gesunde Menschenverstand. Auch wenn es &#8211; allenfalls theoretisch &#8211; m\u00f6glich erscheint, dass sich ein Betrachter der Marke KONRADS ERBEN an die Marke Conrad erinnert f\u00fchlen k\u00f6nnte, ist die Annahme v\u00f6llig abwegig, dass jemand diese beiden Marken verwechseln k\u00f6nnte. Es ist aus Sicht gro\u00dfer Unternehmen v\u00f6llig legitim, derartige Widerspruchsverfahren zu f\u00fchren und hierdurch ihren eigenen Markenschutz gegen eigentlich nicht \u00e4hnliche Zeichen gar auszudehnen. Das DPMA hat f\u00fcr diesen Versuch jedoch eine Grenze gezogen.\u201c <\/i><\/p>\n","protected":false},"excerpt":{"rendered":"<p>Die politische Vereinigung KONRADS ERBEN besteht mehrheitlich aus Altstipendiaten der Konrad-Adenauer-Stiftung e.V. und sympathisiert mit den Ideen und dem Verm\u00e4chtnis des ersten Kanzlers der Bundesrepublik Deutschland. Einer der Initiatoren und H\u00d6CKER-Mandant lie\u00df die Wortmarke KONRADS ERBEN (DE 302016232625) beim DPMA f\u00fcr Waren der Klasse (Nizza) 16 sowie Dienstleistungen der Klassen (Nizza) 35 und 41 beim [&hellip;]<\/p>\n","protected":false},"author":1,"featured_media":0,"comment_status":"closed","ping_status":"closed","sticky":false,"template":"","format":"standard","meta":{"_has_post_settings":[],"footnotes":""},"categories":[15],"tags":[],"hashtags":[],"ppma_author":[84],"class_list":["post-8328","post","type-post","status-publish","format-standard","hentry","category-news","author-hoecker_adm"],"yoast_head":"<!-- This site is optimized with the Yoast SEO Premium plugin v25.9 (Yoast SEO v27.0) - https:\/\/yoast.com\/product\/yoast-seo-premium-wordpress\/ -->\n<title>Keine Verwechselungsgefahr: Erfolgreiche Verteidigung der Marke KONRADS ERBEN gegen Widerspruch der Conrad Electronic SE. - H\u00d6CKER - der Blog<\/title>\n<meta name=\"robots\" content=\"index, follow, max-snippet:-1, max-image-preview:large, max-video-preview:-1\" \/>\n<link rel=\"canonical\" href=\"https:\/\/www.hoecker.eu\/blog\/keine-verwechselungsgefahr-erfolgreiche-verteidigung-der-marke-konrads-erben-gegen-widerspruch-der-conrad-electronic-se\/\" \/>\n<meta property=\"og:locale\" content=\"de_DE\" \/>\n<meta property=\"og:type\" content=\"article\" \/>\n<meta property=\"og:title\" content=\"Keine Verwechselungsgefahr: Erfolgreiche Verteidigung der Marke KONRADS ERBEN gegen Widerspruch der Conrad Electronic SE.\" \/>\n<meta property=\"og:description\" content=\"Die politische Vereinigung KONRADS ERBEN besteht mehrheitlich aus Altstipendiaten der Konrad-Adenauer-Stiftung e.V. und sympathisiert mit den Ideen und dem Verm\u00e4chtnis des ersten Kanzlers der Bundesrepublik Deutschland. Einer der Initiatoren und H\u00d6CKER-Mandant lie\u00df die Wortmarke KONRADS ERBEN (DE 302016232625) beim DPMA f\u00fcr Waren der Klasse (Nizza) 16 sowie Dienstleistungen der Klassen (Nizza) 35 und 41 beim [&hellip;]\" \/>\n<meta property=\"og:url\" content=\"https:\/\/www.hoecker.eu\/blog\/keine-verwechselungsgefahr-erfolgreiche-verteidigung-der-marke-konrads-erben-gegen-widerspruch-der-conrad-electronic-se\/\" \/>\n<meta property=\"og:site_name\" content=\"H\u00d6CKER - der Blog\" \/>\n<meta property=\"article:publisher\" content=\"https:\/\/www.facebook.com\/HoeckerRAe\/\" \/>\n<meta property=\"article:author\" content=\"https:\/\/www.facebook.com\/ralf.hoecker\" \/>\n<meta property=\"article:published_time\" content=\"2018-09-27T13:03:42+00:00\" \/>\n<meta property=\"article:modified_time\" content=\"2025-02-17T13:56:30+00:00\" \/>\n<meta name=\"author\" content=\"Prof. Dr. Ralf H\u00f6cker\" \/>\n<meta name=\"twitter:card\" content=\"summary_large_image\" \/>\n<meta name=\"twitter:creator\" content=\"@Ralf_Hoecker\" \/>\n<meta name=\"twitter:site\" content=\"@hoecker_rae\" \/>\n<meta name=\"twitter:label1\" content=\"Verfasst von\" \/>\n\t<meta name=\"twitter:data1\" content=\"Prof. Dr. Ralf H\u00f6cker\" \/>\n\t<meta name=\"twitter:label2\" content=\"Gesch\u00e4tzte Lesezeit\" \/>\n\t<meta name=\"twitter:data2\" content=\"3\u00a0Minuten\" \/>\n<script type=\"application\/ld+json\" class=\"yoast-schema-graph\">{\"@context\":\"https:\/\/schema.org\",\"@graph\":[{\"@type\":\"Article\",\"@id\":\"https:\/\/www.hoecker.eu\/blog\/keine-verwechselungsgefahr-erfolgreiche-verteidigung-der-marke-konrads-erben-gegen-widerspruch-der-conrad-electronic-se\/#article\",\"isPartOf\":{\"@id\":\"https:\/\/www.hoecker.eu\/blog\/keine-verwechselungsgefahr-erfolgreiche-verteidigung-der-marke-konrads-erben-gegen-widerspruch-der-conrad-electronic-se\/\"},\"author\":{\"name\":\"Prof. Dr. Ralf H\u00f6cker\",\"@id\":\"https:\/\/www.hoecker.eu\/blog\/#\/schema\/person\/08f95581eed0534eccd0b2438f7a1cab\"},\"headline\":\"Keine Verwechselungsgefahr: Erfolgreiche Verteidigung der Marke KONRADS ERBEN gegen Widerspruch der Conrad Electronic SE.\",\"datePublished\":\"2018-09-27T13:03:42+00:00\",\"dateModified\":\"2025-02-17T13:56:30+00:00\",\"mainEntityOfPage\":{\"@id\":\"https:\/\/www.hoecker.eu\/blog\/keine-verwechselungsgefahr-erfolgreiche-verteidigung-der-marke-konrads-erben-gegen-widerspruch-der-conrad-electronic-se\/\"},\"wordCount\":561,\"publisher\":{\"@id\":\"https:\/\/www.hoecker.eu\/blog\/#organization\"},\"articleSection\":[\"News\"],\"inLanguage\":\"de\"},{\"@type\":\"WebPage\",\"@id\":\"https:\/\/www.hoecker.eu\/blog\/keine-verwechselungsgefahr-erfolgreiche-verteidigung-der-marke-konrads-erben-gegen-widerspruch-der-conrad-electronic-se\/\",\"url\":\"https:\/\/www.hoecker.eu\/blog\/keine-verwechselungsgefahr-erfolgreiche-verteidigung-der-marke-konrads-erben-gegen-widerspruch-der-conrad-electronic-se\/\",\"name\":\"Keine Verwechselungsgefahr: Erfolgreiche Verteidigung der Marke KONRADS ERBEN gegen Widerspruch der Conrad Electronic SE. - H\u00d6CKER - der Blog\",\"isPartOf\":{\"@id\":\"https:\/\/www.hoecker.eu\/blog\/#website\"},\"datePublished\":\"2018-09-27T13:03:42+00:00\",\"dateModified\":\"2025-02-17T13:56:30+00:00\",\"breadcrumb\":{\"@id\":\"https:\/\/www.hoecker.eu\/blog\/keine-verwechselungsgefahr-erfolgreiche-verteidigung-der-marke-konrads-erben-gegen-widerspruch-der-conrad-electronic-se\/#breadcrumb\"},\"inLanguage\":\"de\",\"potentialAction\":[{\"@type\":\"ReadAction\",\"target\":[\"https:\/\/www.hoecker.eu\/blog\/keine-verwechselungsgefahr-erfolgreiche-verteidigung-der-marke-konrads-erben-gegen-widerspruch-der-conrad-electronic-se\/\"]}]},{\"@type\":\"BreadcrumbList\",\"@id\":\"https:\/\/www.hoecker.eu\/blog\/keine-verwechselungsgefahr-erfolgreiche-verteidigung-der-marke-konrads-erben-gegen-widerspruch-der-conrad-electronic-se\/#breadcrumb\",\"itemListElement\":[{\"@type\":\"ListItem\",\"position\":1,\"name\":\"Startseite\",\"item\":\"https:\/\/dev.hoecker.eu\/blog\/\"},{\"@type\":\"ListItem\",\"position\":2,\"name\":\"Keine Verwechselungsgefahr: Erfolgreiche Verteidigung der Marke KONRADS ERBEN gegen Widerspruch der Conrad Electronic SE.\"}]},{\"@type\":\"WebSite\",\"@id\":\"https:\/\/www.hoecker.eu\/blog\/#website\",\"url\":\"https:\/\/www.hoecker.eu\/blog\/\",\"name\":\"H\u00d6CKER - der Blog\",\"description\":\"Expertenblog f\u00fcr \u00c4u\u00dferungs-, Medien-, Marken-, Urheber- und Wettbewerbsrecht.\",\"publisher\":{\"@id\":\"https:\/\/www.hoecker.eu\/blog\/#organization\"},\"potentialAction\":[{\"@type\":\"SearchAction\",\"target\":{\"@type\":\"EntryPoint\",\"urlTemplate\":\"https:\/\/www.hoecker.eu\/blog\/?s={search_term_string}\"},\"query-input\":{\"@type\":\"PropertyValueSpecification\",\"valueRequired\":true,\"valueName\":\"search_term_string\"}}],\"inLanguage\":\"de\"},{\"@type\":\"Organization\",\"@id\":\"https:\/\/www.hoecker.eu\/blog\/#organization\",\"name\":\"H\u00d6CKER Rechtsanw\u00e4lte PartGmbB\",\"alternateName\":\"H\u00d6CKER\",\"url\":\"https:\/\/www.hoecker.eu\/blog\/\",\"logo\":{\"@type\":\"ImageObject\",\"inLanguage\":\"de\",\"@id\":\"https:\/\/www.hoecker.eu\/blog\/#\/schema\/logo\/image\/\",\"url\":\"https:\/\/www.hoecker.eu\/blog\/wp-content\/uploads\/2025\/03\/Blog-Logo.webp\",\"contentUrl\":\"https:\/\/www.hoecker.eu\/blog\/wp-content\/uploads\/2025\/03\/Blog-Logo.webp\",\"width\":500,\"height\":500,\"caption\":\"H\u00d6CKER Rechtsanw\u00e4lte PartGmbB\"},\"image\":{\"@id\":\"https:\/\/www.hoecker.eu\/blog\/#\/schema\/logo\/image\/\"},\"sameAs\":[\"https:\/\/www.facebook.com\/HoeckerRAe\/\",\"https:\/\/x.com\/hoecker_rae\",\"https:\/\/www.linkedin.com\/company\/hcker-rechtsanwlte\/\",\"https:\/\/www.instagram.com\/hoecker_rae\/\"],\"email\":\"contact@hoecker.eu\",\"telephone\":\"+ 49 (0)221-933 19-10\",\"legalName\":\"H\u00d6CKER Rechtsanw\u00e4lte PartGmbB\",\"numberOfEmployees\":{\"@type\":\"QuantitativeValue\",\"minValue\":\"11\",\"maxValue\":\"50\"}},{\"@type\":\"Person\",\"@id\":\"https:\/\/www.hoecker.eu\/blog\/#\/schema\/person\/08f95581eed0534eccd0b2438f7a1cab\",\"name\":\"Prof. Dr. Ralf H\u00f6cker\",\"description\":\"Medienanwalt. Besch\u00fctzer vor mieser Presse\",\"sameAs\":[\"https:\/\/www.hoecker.eu\/wer\/prof-dr-ralf-hoecker\",\"https:\/\/www.facebook.com\/ralf.hoecker\",\"https:\/\/www.linkedin.com\/in\/prof-dr-ralf-hcker-ll-m-london-17987826\/\",\"https:\/\/x.com\/Ralf_Hoecker\"],\"url\":\"https:\/\/www.hoecker.eu\/blog\/author\/hoecker_adm\/\"}]}<\/script>\n<!-- \/ Yoast SEO Premium plugin. -->","yoast_head_json":{"title":"Keine Verwechselungsgefahr: Erfolgreiche Verteidigung der Marke KONRADS ERBEN gegen Widerspruch der Conrad Electronic SE. - H\u00d6CKER - der Blog","robots":{"index":"index","follow":"follow","max-snippet":"max-snippet:-1","max-image-preview":"max-image-preview:large","max-video-preview":"max-video-preview:-1"},"canonical":"https:\/\/www.hoecker.eu\/blog\/keine-verwechselungsgefahr-erfolgreiche-verteidigung-der-marke-konrads-erben-gegen-widerspruch-der-conrad-electronic-se\/","og_locale":"de_DE","og_type":"article","og_title":"Keine Verwechselungsgefahr: Erfolgreiche Verteidigung der Marke KONRADS ERBEN gegen Widerspruch der Conrad Electronic SE.","og_description":"Die politische Vereinigung KONRADS ERBEN besteht mehrheitlich aus Altstipendiaten der Konrad-Adenauer-Stiftung e.V. und sympathisiert mit den Ideen und dem Verm\u00e4chtnis des ersten Kanzlers der Bundesrepublik Deutschland. Einer der Initiatoren und H\u00d6CKER-Mandant lie\u00df die Wortmarke KONRADS ERBEN (DE 302016232625) beim DPMA f\u00fcr Waren der Klasse (Nizza) 16 sowie Dienstleistungen der Klassen (Nizza) 35 und 41 beim [&hellip;]","og_url":"https:\/\/www.hoecker.eu\/blog\/keine-verwechselungsgefahr-erfolgreiche-verteidigung-der-marke-konrads-erben-gegen-widerspruch-der-conrad-electronic-se\/","og_site_name":"H\u00d6CKER - der Blog","article_publisher":"https:\/\/www.facebook.com\/HoeckerRAe\/","article_author":"https:\/\/www.facebook.com\/ralf.hoecker","article_published_time":"2018-09-27T13:03:42+00:00","article_modified_time":"2025-02-17T13:56:30+00:00","author":"Prof. Dr. Ralf H\u00f6cker","twitter_card":"summary_large_image","twitter_creator":"@Ralf_Hoecker","twitter_site":"@hoecker_rae","twitter_misc":{"Verfasst von":"Prof. Dr. Ralf H\u00f6cker","Gesch\u00e4tzte Lesezeit":"3\u00a0Minuten"},"schema":{"@context":"https:\/\/schema.org","@graph":[{"@type":"Article","@id":"https:\/\/www.hoecker.eu\/blog\/keine-verwechselungsgefahr-erfolgreiche-verteidigung-der-marke-konrads-erben-gegen-widerspruch-der-conrad-electronic-se\/#article","isPartOf":{"@id":"https:\/\/www.hoecker.eu\/blog\/keine-verwechselungsgefahr-erfolgreiche-verteidigung-der-marke-konrads-erben-gegen-widerspruch-der-conrad-electronic-se\/"},"author":{"name":"Prof. Dr. Ralf H\u00f6cker","@id":"https:\/\/www.hoecker.eu\/blog\/#\/schema\/person\/08f95581eed0534eccd0b2438f7a1cab"},"headline":"Keine Verwechselungsgefahr: Erfolgreiche Verteidigung der Marke KONRADS ERBEN gegen Widerspruch der Conrad Electronic SE.","datePublished":"2018-09-27T13:03:42+00:00","dateModified":"2025-02-17T13:56:30+00:00","mainEntityOfPage":{"@id":"https:\/\/www.hoecker.eu\/blog\/keine-verwechselungsgefahr-erfolgreiche-verteidigung-der-marke-konrads-erben-gegen-widerspruch-der-conrad-electronic-se\/"},"wordCount":561,"publisher":{"@id":"https:\/\/www.hoecker.eu\/blog\/#organization"},"articleSection":["News"],"inLanguage":"de"},{"@type":"WebPage","@id":"https:\/\/www.hoecker.eu\/blog\/keine-verwechselungsgefahr-erfolgreiche-verteidigung-der-marke-konrads-erben-gegen-widerspruch-der-conrad-electronic-se\/","url":"https:\/\/www.hoecker.eu\/blog\/keine-verwechselungsgefahr-erfolgreiche-verteidigung-der-marke-konrads-erben-gegen-widerspruch-der-conrad-electronic-se\/","name":"Keine Verwechselungsgefahr: Erfolgreiche Verteidigung der Marke KONRADS ERBEN gegen Widerspruch der Conrad Electronic SE. - H\u00d6CKER - der Blog","isPartOf":{"@id":"https:\/\/www.hoecker.eu\/blog\/#website"},"datePublished":"2018-09-27T13:03:42+00:00","dateModified":"2025-02-17T13:56:30+00:00","breadcrumb":{"@id":"https:\/\/www.hoecker.eu\/blog\/keine-verwechselungsgefahr-erfolgreiche-verteidigung-der-marke-konrads-erben-gegen-widerspruch-der-conrad-electronic-se\/#breadcrumb"},"inLanguage":"de","potentialAction":[{"@type":"ReadAction","target":["https:\/\/www.hoecker.eu\/blog\/keine-verwechselungsgefahr-erfolgreiche-verteidigung-der-marke-konrads-erben-gegen-widerspruch-der-conrad-electronic-se\/"]}]},{"@type":"BreadcrumbList","@id":"https:\/\/www.hoecker.eu\/blog\/keine-verwechselungsgefahr-erfolgreiche-verteidigung-der-marke-konrads-erben-gegen-widerspruch-der-conrad-electronic-se\/#breadcrumb","itemListElement":[{"@type":"ListItem","position":1,"name":"Startseite","item":"https:\/\/dev.hoecker.eu\/blog\/"},{"@type":"ListItem","position":2,"name":"Keine Verwechselungsgefahr: Erfolgreiche Verteidigung der Marke KONRADS ERBEN gegen Widerspruch der Conrad Electronic SE."}]},{"@type":"WebSite","@id":"https:\/\/www.hoecker.eu\/blog\/#website","url":"https:\/\/www.hoecker.eu\/blog\/","name":"H\u00d6CKER - der Blog","description":"Expertenblog f\u00fcr \u00c4u\u00dferungs-, Medien-, Marken-, Urheber- und Wettbewerbsrecht.","publisher":{"@id":"https:\/\/www.hoecker.eu\/blog\/#organization"},"potentialAction":[{"@type":"SearchAction","target":{"@type":"EntryPoint","urlTemplate":"https:\/\/www.hoecker.eu\/blog\/?s={search_term_string}"},"query-input":{"@type":"PropertyValueSpecification","valueRequired":true,"valueName":"search_term_string"}}],"inLanguage":"de"},{"@type":"Organization","@id":"https:\/\/www.hoecker.eu\/blog\/#organization","name":"H\u00d6CKER Rechtsanw\u00e4lte PartGmbB","alternateName":"H\u00d6CKER","url":"https:\/\/www.hoecker.eu\/blog\/","logo":{"@type":"ImageObject","inLanguage":"de","@id":"https:\/\/www.hoecker.eu\/blog\/#\/schema\/logo\/image\/","url":"https:\/\/www.hoecker.eu\/blog\/wp-content\/uploads\/2025\/03\/Blog-Logo.webp","contentUrl":"https:\/\/www.hoecker.eu\/blog\/wp-content\/uploads\/2025\/03\/Blog-Logo.webp","width":500,"height":500,"caption":"H\u00d6CKER Rechtsanw\u00e4lte PartGmbB"},"image":{"@id":"https:\/\/www.hoecker.eu\/blog\/#\/schema\/logo\/image\/"},"sameAs":["https:\/\/www.facebook.com\/HoeckerRAe\/","https:\/\/x.com\/hoecker_rae","https:\/\/www.linkedin.com\/company\/hcker-rechtsanwlte\/","https:\/\/www.instagram.com\/hoecker_rae\/"],"email":"contact@hoecker.eu","telephone":"+ 49 (0)221-933 19-10","legalName":"H\u00d6CKER Rechtsanw\u00e4lte PartGmbB","numberOfEmployees":{"@type":"QuantitativeValue","minValue":"11","maxValue":"50"}},{"@type":"Person","@id":"https:\/\/www.hoecker.eu\/blog\/#\/schema\/person\/08f95581eed0534eccd0b2438f7a1cab","name":"Prof. Dr. Ralf H\u00f6cker","description":"Medienanwalt. Besch\u00fctzer vor mieser Presse","sameAs":["https:\/\/www.hoecker.eu\/wer\/prof-dr-ralf-hoecker","https:\/\/www.facebook.com\/ralf.hoecker","https:\/\/www.linkedin.com\/in\/prof-dr-ralf-hcker-ll-m-london-17987826\/","https:\/\/x.com\/Ralf_Hoecker"],"url":"https:\/\/www.hoecker.eu\/blog\/author\/hoecker_adm\/"}]}},"authors":[{"term_id":84,"user_id":1,"is_guest":0,"slug":"hoecker_adm","display_name":"Prof. Dr. Ralf H\u00f6cker","avatar_url":{"url":"https:\/\/www.hoecker.eu\/blog\/wp-content\/uploads\/2023\/12\/ProfDrRalfHoecker.jpg","url2x":"https:\/\/www.hoecker.eu\/blog\/wp-content\/uploads\/2023\/12\/ProfDrRalfHoecker.jpg"},"0":null,"1":"","2":"","3":"","4":"","5":"","6":"","7":"","8":"","9":"","10":"","11":""}],"_links":{"self":[{"href":"https:\/\/www.hoecker.eu\/blog\/wp-json\/wp\/v2\/posts\/8328","targetHints":{"allow":["GET"]}}],"collection":[{"href":"https:\/\/www.hoecker.eu\/blog\/wp-json\/wp\/v2\/posts"}],"about":[{"href":"https:\/\/www.hoecker.eu\/blog\/wp-json\/wp\/v2\/types\/post"}],"author":[{"embeddable":true,"href":"https:\/\/www.hoecker.eu\/blog\/wp-json\/wp\/v2\/users\/1"}],"replies":[{"embeddable":true,"href":"https:\/\/www.hoecker.eu\/blog\/wp-json\/wp\/v2\/comments?post=8328"}],"version-history":[{"count":1,"href":"https:\/\/www.hoecker.eu\/blog\/wp-json\/wp\/v2\/posts\/8328\/revisions"}],"predecessor-version":[{"id":9450,"href":"https:\/\/www.hoecker.eu\/blog\/wp-json\/wp\/v2\/posts\/8328\/revisions\/9450"}],"wp:attachment":[{"href":"https:\/\/www.hoecker.eu\/blog\/wp-json\/wp\/v2\/media?parent=8328"}],"wp:term":[{"taxonomy":"category","embeddable":true,"href":"https:\/\/www.hoecker.eu\/blog\/wp-json\/wp\/v2\/categories?post=8328"},{"taxonomy":"post_tag","embeddable":true,"href":"https:\/\/www.hoecker.eu\/blog\/wp-json\/wp\/v2\/tags?post=8328"},{"taxonomy":"hashtags","embeddable":true,"href":"https:\/\/www.hoecker.eu\/blog\/wp-json\/wp\/v2\/hashtags?post=8328"},{"taxonomy":"author","embeddable":true,"href":"https:\/\/www.hoecker.eu\/blog\/wp-json\/wp\/v2\/ppma_author?post=8328"}],"curies":[{"name":"wp","href":"https:\/\/api.w.org\/{rel}","templated":true}]}}