{"id":8326,"date":"2018-11-30T09:24:17","date_gmt":"2018-11-30T08:24:17","guid":{"rendered":"https:\/\/www.hoecker.eu\/blog\/landgericht-koeln-bestaetigt-einstweilige-verfuegung-gegen-micky-beisenherz-facebook-video-expeditionen-ins-praesentierreich-bleibt-verboten\/"},"modified":"2025-02-17T14:56:29","modified_gmt":"2025-02-17T13:56:29","slug":"landgericht-koeln-bestaetigt-einstweilige-verfuegung-gegen-micky-beisenherz-facebook-video-expeditionen-ins-praesentierreich-bleibt-verboten","status":"publish","type":"post","link":"https:\/\/www.hoecker.eu\/blog\/landgericht-koeln-bestaetigt-einstweilige-verfuegung-gegen-micky-beisenherz-facebook-video-expeditionen-ins-praesentierreich-bleibt-verboten\/","title":{"rendered":"Landgericht K\u00f6ln best\u00e4tigt einstweilige Verf\u00fcgung gegen Micky Beisenherz: Facebook-Video \u201eExpeditionen ins Pr\u00e4sentierreich\u201c bleibt verboten."},"content":{"rendered":"<p>Mit Urteil vom 28.11.2018 (Az: 28 O 318\/18, n.rkr.) hat das Landgericht K\u00f6ln die einstweilige Verf\u00fcgung gegen Micky Beisenherz best\u00e4tigt, \u00fcber die wir am 28.08.2018 berichtet hatten (vgl. <a href=\"https:\/\/www.hoecker.eu\/news\/h\u00f6cker-erwirkt-einstweilige-verf\u00fcgung-am-landgericht-k\u00f6ln-micky-beisenherz-l\u00f6scht-facebook-schm\u00e4hvideo-expeditionen-ins-pr\u00e4sentierreich\"><\/a><a href=\"{entry:1191:url}\">https:\/\/www.hoecker.eu\/news\/h\u00f6cker-erwirkt-einstweilige-verf\u00fcgung-am-landgericht-k\u00f6ln-micky-beisenherz-l\u00f6scht-facebook-schm\u00e4hvideo-expeditionen-ins-pr\u00e4sentierreich<\/a>).\n<\/p>\n<p>Das \u00fcber 110.000-fach bei Facebook gelikte Video des Entertainers, auf dem die beiden H\u00d6CKER-Mandantinnen zu sehen waren, verletzt die Antragstellerin in ihrer Privatsph\u00e4re. Bei ihr handelt es sich nicht um eine gesch\u00e4ftlich t\u00e4tige Influencerin. Sie konnte in ihrer Freizeit die berechtigte Erwartung haben, dass sie nicht heimlich gefilmt werde. Auch wenn sie ein professionell anmutendes Instagram-Profil betreibe, habe sie nur wenige Tausend Follower und bisher kein Geld oder sonstige Vorteile f\u00fcr entsprechende Postings erhalten.\n<\/p>\n<p>Die beanstandeten Kommentare der M\u00e4nnergruppe um Herrn Beisenherz in dem Video sind ebenfalls unzul\u00e4ssig. Sie seien herabsetzend (Parallele zu einer Tierreportage, Vergleich mit h\u00e4sslichen Monstern), h\u00e4tten Sexualbezug (Begriffe wie \u201eM\u00f6pse\u201c und \u201enuttig\u201c) und seien zum Teil unwahr (\u201eRussin\u201c). Die H\u00d6CKER-Mandantin habe durch ihr Freizeitverhalten keine Veranlassung hierf\u00fcr gegeben. Ein \u00f6ffentliches Interesse an der Kritik oder Dokumentation der Arbeit von Influencern trete hinter den Interessen der Antragstellerin zur\u00fcck. Auch die Satirefreiheit k\u00f6nne diesen Eingriff in ihr Pers\u00f6nlichkeitsrecht nicht rechtfertigen.\n<\/p>\n<p>Rechtsanwalt Dr. Marcel Leeser:<br \/>\u201e<i>Das K\u00f6lner Landgericht hat genau hingesehen: Nicht jeder, der regelm\u00e4\u00dfig sch\u00f6ne Bilder auf seinem Instagram-Account postet und dabei Orte, Firmen oder Marken verlinkt, ist gleich ein gesch\u00e4ftlich t\u00e4tiger Influencer. Ma\u00dfgeblich ist, ob jemand Geld oder geldwerte Vorteile f\u00fcr seine Postings erh\u00e4lt. Im Hinblick auf den Schutz des eigenen Bildnisses und des Pers\u00f6nlichkeitsrechts ordnet das Gericht Freizeitaktivit\u00e4ten von Instagrammern der Privatsph\u00e4re zu, soweit keiner eigenen gesch\u00e4ftlichen T\u00e4tigkeit nachgegangen wird. Heimliche Filmaufnahmen und herabsetzende wie sexistische Kommentare muss daher &#8211; au\u00dferhalb eigener gesch\u00e4ftlicher T\u00e4tigkeit &#8211; niemand dulden.\u201c<\/i><\/p>\n","protected":false},"excerpt":{"rendered":"<p>Mit Urteil vom 28.11.2018 (Az: 28 O 318\/18, n.rkr.) hat das Landgericht K\u00f6ln die einstweilige Verf\u00fcgung gegen Micky Beisenherz best\u00e4tigt, \u00fcber die wir am 28.08.2018 berichtet hatten (vgl. https:\/\/www.hoecker.eu\/news\/h\u00f6cker-erwirkt-einstweilige-verf\u00fcgung-am-landgericht-k\u00f6ln-micky-beisenherz-l\u00f6scht-facebook-schm\u00e4hvideo-expeditionen-ins-pr\u00e4sentierreich). Das \u00fcber 110.000-fach bei Facebook gelikte Video des Entertainers, auf dem die beiden H\u00d6CKER-Mandantinnen zu sehen waren, verletzt die Antragstellerin in ihrer Privatsph\u00e4re. Bei ihr handelt [&hellip;]<\/p>\n","protected":false},"author":1,"featured_media":0,"comment_status":"closed","ping_status":"closed","sticky":false,"template":"","format":"standard","meta":{"_has_post_settings":[],"footnotes":""},"categories":[15],"tags":[],"hashtags":[],"ppma_author":[84],"class_list":["post-8326","post","type-post","status-publish","format-standard","hentry","category-news","author-hoecker_adm"],"yoast_head":"<!-- This site is optimized with the Yoast SEO Premium plugin v25.9 (Yoast SEO v27.0) - https:\/\/yoast.com\/product\/yoast-seo-premium-wordpress\/ -->\n<title>Landgericht K\u00f6ln best\u00e4tigt einstweilige Verf\u00fcgung gegen Micky Beisenherz: Facebook-Video \u201eExpeditionen ins Pr\u00e4sentierreich\u201c bleibt verboten. - H\u00d6CKER - der Blog<\/title>\n<meta name=\"robots\" content=\"index, follow, max-snippet:-1, max-image-preview:large, max-video-preview:-1\" \/>\n<link rel=\"canonical\" href=\"https:\/\/www.hoecker.eu\/blog\/landgericht-koeln-bestaetigt-einstweilige-verfuegung-gegen-micky-beisenherz-facebook-video-expeditionen-ins-praesentierreich-bleibt-verboten\/\" \/>\n<meta property=\"og:locale\" content=\"de_DE\" \/>\n<meta property=\"og:type\" content=\"article\" \/>\n<meta property=\"og:title\" content=\"Landgericht K\u00f6ln best\u00e4tigt einstweilige Verf\u00fcgung gegen Micky Beisenherz: Facebook-Video \u201eExpeditionen ins Pr\u00e4sentierreich\u201c bleibt verboten.\" \/>\n<meta property=\"og:description\" content=\"Mit Urteil vom 28.11.2018 (Az: 28 O 318\/18, n.rkr.) hat das Landgericht K\u00f6ln die einstweilige Verf\u00fcgung gegen Micky Beisenherz best\u00e4tigt, \u00fcber die wir am 28.08.2018 berichtet hatten (vgl. https:\/\/www.hoecker.eu\/news\/h\u00f6cker-erwirkt-einstweilige-verf\u00fcgung-am-landgericht-k\u00f6ln-micky-beisenherz-l\u00f6scht-facebook-schm\u00e4hvideo-expeditionen-ins-pr\u00e4sentierreich). Das \u00fcber 110.000-fach bei Facebook gelikte Video des Entertainers, auf dem die beiden H\u00d6CKER-Mandantinnen zu sehen waren, verletzt die Antragstellerin in ihrer Privatsph\u00e4re. Bei ihr handelt [&hellip;]\" \/>\n<meta property=\"og:url\" content=\"https:\/\/www.hoecker.eu\/blog\/landgericht-koeln-bestaetigt-einstweilige-verfuegung-gegen-micky-beisenherz-facebook-video-expeditionen-ins-praesentierreich-bleibt-verboten\/\" \/>\n<meta property=\"og:site_name\" content=\"H\u00d6CKER - der Blog\" \/>\n<meta property=\"article:publisher\" content=\"https:\/\/www.facebook.com\/HoeckerRAe\/\" \/>\n<meta property=\"article:author\" content=\"https:\/\/www.facebook.com\/ralf.hoecker\" \/>\n<meta property=\"article:published_time\" content=\"2018-11-30T08:24:17+00:00\" \/>\n<meta property=\"article:modified_time\" content=\"2025-02-17T13:56:29+00:00\" \/>\n<meta name=\"author\" content=\"Prof. Dr. Ralf H\u00f6cker\" \/>\n<meta name=\"twitter:card\" content=\"summary_large_image\" \/>\n<meta name=\"twitter:creator\" content=\"@Ralf_Hoecker\" \/>\n<meta name=\"twitter:site\" content=\"@hoecker_rae\" \/>\n<meta name=\"twitter:label1\" content=\"Verfasst von\" \/>\n\t<meta name=\"twitter:data1\" content=\"Prof. Dr. Ralf H\u00f6cker\" \/>\n\t<meta name=\"twitter:label2\" content=\"Gesch\u00e4tzte Lesezeit\" \/>\n\t<meta name=\"twitter:data2\" content=\"2\u00a0Minuten\" \/>\n<script type=\"application\/ld+json\" class=\"yoast-schema-graph\">{\"@context\":\"https:\/\/schema.org\",\"@graph\":[{\"@type\":\"Article\",\"@id\":\"https:\/\/www.hoecker.eu\/blog\/landgericht-koeln-bestaetigt-einstweilige-verfuegung-gegen-micky-beisenherz-facebook-video-expeditionen-ins-praesentierreich-bleibt-verboten\/#article\",\"isPartOf\":{\"@id\":\"https:\/\/www.hoecker.eu\/blog\/landgericht-koeln-bestaetigt-einstweilige-verfuegung-gegen-micky-beisenherz-facebook-video-expeditionen-ins-praesentierreich-bleibt-verboten\/\"},\"author\":{\"name\":\"Prof. Dr. Ralf H\u00f6cker\",\"@id\":\"https:\/\/www.hoecker.eu\/blog\/#\/schema\/person\/08f95581eed0534eccd0b2438f7a1cab\"},\"headline\":\"Landgericht K\u00f6ln best\u00e4tigt einstweilige Verf\u00fcgung gegen Micky Beisenherz: Facebook-Video \u201eExpeditionen ins Pr\u00e4sentierreich\u201c bleibt verboten.\",\"datePublished\":\"2018-11-30T08:24:17+00:00\",\"dateModified\":\"2025-02-17T13:56:29+00:00\",\"mainEntityOfPage\":{\"@id\":\"https:\/\/www.hoecker.eu\/blog\/landgericht-koeln-bestaetigt-einstweilige-verfuegung-gegen-micky-beisenherz-facebook-video-expeditionen-ins-praesentierreich-bleibt-verboten\/\"},\"wordCount\":330,\"publisher\":{\"@id\":\"https:\/\/www.hoecker.eu\/blog\/#organization\"},\"articleSection\":[\"News\"],\"inLanguage\":\"de\"},{\"@type\":\"WebPage\",\"@id\":\"https:\/\/www.hoecker.eu\/blog\/landgericht-koeln-bestaetigt-einstweilige-verfuegung-gegen-micky-beisenherz-facebook-video-expeditionen-ins-praesentierreich-bleibt-verboten\/\",\"url\":\"https:\/\/www.hoecker.eu\/blog\/landgericht-koeln-bestaetigt-einstweilige-verfuegung-gegen-micky-beisenherz-facebook-video-expeditionen-ins-praesentierreich-bleibt-verboten\/\",\"name\":\"Landgericht K\u00f6ln best\u00e4tigt einstweilige Verf\u00fcgung gegen Micky Beisenherz: Facebook-Video \u201eExpeditionen ins Pr\u00e4sentierreich\u201c bleibt verboten. - H\u00d6CKER - der Blog\",\"isPartOf\":{\"@id\":\"https:\/\/www.hoecker.eu\/blog\/#website\"},\"datePublished\":\"2018-11-30T08:24:17+00:00\",\"dateModified\":\"2025-02-17T13:56:29+00:00\",\"breadcrumb\":{\"@id\":\"https:\/\/www.hoecker.eu\/blog\/landgericht-koeln-bestaetigt-einstweilige-verfuegung-gegen-micky-beisenherz-facebook-video-expeditionen-ins-praesentierreich-bleibt-verboten\/#breadcrumb\"},\"inLanguage\":\"de\",\"potentialAction\":[{\"@type\":\"ReadAction\",\"target\":[\"https:\/\/www.hoecker.eu\/blog\/landgericht-koeln-bestaetigt-einstweilige-verfuegung-gegen-micky-beisenherz-facebook-video-expeditionen-ins-praesentierreich-bleibt-verboten\/\"]}]},{\"@type\":\"BreadcrumbList\",\"@id\":\"https:\/\/www.hoecker.eu\/blog\/landgericht-koeln-bestaetigt-einstweilige-verfuegung-gegen-micky-beisenherz-facebook-video-expeditionen-ins-praesentierreich-bleibt-verboten\/#breadcrumb\",\"itemListElement\":[{\"@type\":\"ListItem\",\"position\":1,\"name\":\"Startseite\",\"item\":\"https:\/\/dev.hoecker.eu\/blog\/\"},{\"@type\":\"ListItem\",\"position\":2,\"name\":\"Landgericht K\u00f6ln best\u00e4tigt einstweilige Verf\u00fcgung gegen Micky Beisenherz: Facebook-Video \u201eExpeditionen ins Pr\u00e4sentierreich\u201c bleibt verboten.\"}]},{\"@type\":\"WebSite\",\"@id\":\"https:\/\/www.hoecker.eu\/blog\/#website\",\"url\":\"https:\/\/www.hoecker.eu\/blog\/\",\"name\":\"H\u00d6CKER - der Blog\",\"description\":\"Expertenblog f\u00fcr \u00c4u\u00dferungs-, Medien-, Marken-, Urheber- und Wettbewerbsrecht.\",\"publisher\":{\"@id\":\"https:\/\/www.hoecker.eu\/blog\/#organization\"},\"potentialAction\":[{\"@type\":\"SearchAction\",\"target\":{\"@type\":\"EntryPoint\",\"urlTemplate\":\"https:\/\/www.hoecker.eu\/blog\/?s={search_term_string}\"},\"query-input\":{\"@type\":\"PropertyValueSpecification\",\"valueRequired\":true,\"valueName\":\"search_term_string\"}}],\"inLanguage\":\"de\"},{\"@type\":\"Organization\",\"@id\":\"https:\/\/www.hoecker.eu\/blog\/#organization\",\"name\":\"H\u00d6CKER Rechtsanw\u00e4lte PartGmbB\",\"alternateName\":\"H\u00d6CKER\",\"url\":\"https:\/\/www.hoecker.eu\/blog\/\",\"logo\":{\"@type\":\"ImageObject\",\"inLanguage\":\"de\",\"@id\":\"https:\/\/www.hoecker.eu\/blog\/#\/schema\/logo\/image\/\",\"url\":\"https:\/\/www.hoecker.eu\/blog\/wp-content\/uploads\/2025\/03\/Blog-Logo.webp\",\"contentUrl\":\"https:\/\/www.hoecker.eu\/blog\/wp-content\/uploads\/2025\/03\/Blog-Logo.webp\",\"width\":500,\"height\":500,\"caption\":\"H\u00d6CKER Rechtsanw\u00e4lte PartGmbB\"},\"image\":{\"@id\":\"https:\/\/www.hoecker.eu\/blog\/#\/schema\/logo\/image\/\"},\"sameAs\":[\"https:\/\/www.facebook.com\/HoeckerRAe\/\",\"https:\/\/x.com\/hoecker_rae\",\"https:\/\/www.linkedin.com\/company\/hcker-rechtsanwlte\/\",\"https:\/\/www.instagram.com\/hoecker_rae\/\"],\"email\":\"contact@hoecker.eu\",\"telephone\":\"+ 49 (0)221-933 19-10\",\"legalName\":\"H\u00d6CKER Rechtsanw\u00e4lte PartGmbB\",\"numberOfEmployees\":{\"@type\":\"QuantitativeValue\",\"minValue\":\"11\",\"maxValue\":\"50\"}},{\"@type\":\"Person\",\"@id\":\"https:\/\/www.hoecker.eu\/blog\/#\/schema\/person\/08f95581eed0534eccd0b2438f7a1cab\",\"name\":\"Prof. Dr. Ralf H\u00f6cker\",\"description\":\"Medienanwalt. Besch\u00fctzer vor mieser Presse\",\"sameAs\":[\"https:\/\/www.hoecker.eu\/wer\/prof-dr-ralf-hoecker\",\"https:\/\/www.facebook.com\/ralf.hoecker\",\"https:\/\/www.linkedin.com\/in\/prof-dr-ralf-hcker-ll-m-london-17987826\/\",\"https:\/\/x.com\/Ralf_Hoecker\"],\"url\":\"https:\/\/www.hoecker.eu\/blog\/author\/hoecker_adm\/\"}]}<\/script>\n<!-- \/ Yoast SEO Premium plugin. -->","yoast_head_json":{"title":"Landgericht K\u00f6ln best\u00e4tigt einstweilige Verf\u00fcgung gegen Micky Beisenherz: Facebook-Video \u201eExpeditionen ins Pr\u00e4sentierreich\u201c bleibt verboten. - H\u00d6CKER - der Blog","robots":{"index":"index","follow":"follow","max-snippet":"max-snippet:-1","max-image-preview":"max-image-preview:large","max-video-preview":"max-video-preview:-1"},"canonical":"https:\/\/www.hoecker.eu\/blog\/landgericht-koeln-bestaetigt-einstweilige-verfuegung-gegen-micky-beisenherz-facebook-video-expeditionen-ins-praesentierreich-bleibt-verboten\/","og_locale":"de_DE","og_type":"article","og_title":"Landgericht K\u00f6ln best\u00e4tigt einstweilige Verf\u00fcgung gegen Micky Beisenherz: Facebook-Video \u201eExpeditionen ins Pr\u00e4sentierreich\u201c bleibt verboten.","og_description":"Mit Urteil vom 28.11.2018 (Az: 28 O 318\/18, n.rkr.) hat das Landgericht K\u00f6ln die einstweilige Verf\u00fcgung gegen Micky Beisenherz best\u00e4tigt, \u00fcber die wir am 28.08.2018 berichtet hatten (vgl. https:\/\/www.hoecker.eu\/news\/h\u00f6cker-erwirkt-einstweilige-verf\u00fcgung-am-landgericht-k\u00f6ln-micky-beisenherz-l\u00f6scht-facebook-schm\u00e4hvideo-expeditionen-ins-pr\u00e4sentierreich). Das \u00fcber 110.000-fach bei Facebook gelikte Video des Entertainers, auf dem die beiden H\u00d6CKER-Mandantinnen zu sehen waren, verletzt die Antragstellerin in ihrer Privatsph\u00e4re. Bei ihr handelt [&hellip;]","og_url":"https:\/\/www.hoecker.eu\/blog\/landgericht-koeln-bestaetigt-einstweilige-verfuegung-gegen-micky-beisenherz-facebook-video-expeditionen-ins-praesentierreich-bleibt-verboten\/","og_site_name":"H\u00d6CKER - der Blog","article_publisher":"https:\/\/www.facebook.com\/HoeckerRAe\/","article_author":"https:\/\/www.facebook.com\/ralf.hoecker","article_published_time":"2018-11-30T08:24:17+00:00","article_modified_time":"2025-02-17T13:56:29+00:00","author":"Prof. Dr. Ralf H\u00f6cker","twitter_card":"summary_large_image","twitter_creator":"@Ralf_Hoecker","twitter_site":"@hoecker_rae","twitter_misc":{"Verfasst von":"Prof. Dr. Ralf H\u00f6cker","Gesch\u00e4tzte Lesezeit":"2\u00a0Minuten"},"schema":{"@context":"https:\/\/schema.org","@graph":[{"@type":"Article","@id":"https:\/\/www.hoecker.eu\/blog\/landgericht-koeln-bestaetigt-einstweilige-verfuegung-gegen-micky-beisenherz-facebook-video-expeditionen-ins-praesentierreich-bleibt-verboten\/#article","isPartOf":{"@id":"https:\/\/www.hoecker.eu\/blog\/landgericht-koeln-bestaetigt-einstweilige-verfuegung-gegen-micky-beisenherz-facebook-video-expeditionen-ins-praesentierreich-bleibt-verboten\/"},"author":{"name":"Prof. Dr. Ralf H\u00f6cker","@id":"https:\/\/www.hoecker.eu\/blog\/#\/schema\/person\/08f95581eed0534eccd0b2438f7a1cab"},"headline":"Landgericht K\u00f6ln best\u00e4tigt einstweilige Verf\u00fcgung gegen Micky Beisenherz: Facebook-Video \u201eExpeditionen ins Pr\u00e4sentierreich\u201c bleibt verboten.","datePublished":"2018-11-30T08:24:17+00:00","dateModified":"2025-02-17T13:56:29+00:00","mainEntityOfPage":{"@id":"https:\/\/www.hoecker.eu\/blog\/landgericht-koeln-bestaetigt-einstweilige-verfuegung-gegen-micky-beisenherz-facebook-video-expeditionen-ins-praesentierreich-bleibt-verboten\/"},"wordCount":330,"publisher":{"@id":"https:\/\/www.hoecker.eu\/blog\/#organization"},"articleSection":["News"],"inLanguage":"de"},{"@type":"WebPage","@id":"https:\/\/www.hoecker.eu\/blog\/landgericht-koeln-bestaetigt-einstweilige-verfuegung-gegen-micky-beisenherz-facebook-video-expeditionen-ins-praesentierreich-bleibt-verboten\/","url":"https:\/\/www.hoecker.eu\/blog\/landgericht-koeln-bestaetigt-einstweilige-verfuegung-gegen-micky-beisenherz-facebook-video-expeditionen-ins-praesentierreich-bleibt-verboten\/","name":"Landgericht K\u00f6ln best\u00e4tigt einstweilige Verf\u00fcgung gegen Micky Beisenherz: Facebook-Video \u201eExpeditionen ins Pr\u00e4sentierreich\u201c bleibt verboten. - H\u00d6CKER - der Blog","isPartOf":{"@id":"https:\/\/www.hoecker.eu\/blog\/#website"},"datePublished":"2018-11-30T08:24:17+00:00","dateModified":"2025-02-17T13:56:29+00:00","breadcrumb":{"@id":"https:\/\/www.hoecker.eu\/blog\/landgericht-koeln-bestaetigt-einstweilige-verfuegung-gegen-micky-beisenherz-facebook-video-expeditionen-ins-praesentierreich-bleibt-verboten\/#breadcrumb"},"inLanguage":"de","potentialAction":[{"@type":"ReadAction","target":["https:\/\/www.hoecker.eu\/blog\/landgericht-koeln-bestaetigt-einstweilige-verfuegung-gegen-micky-beisenherz-facebook-video-expeditionen-ins-praesentierreich-bleibt-verboten\/"]}]},{"@type":"BreadcrumbList","@id":"https:\/\/www.hoecker.eu\/blog\/landgericht-koeln-bestaetigt-einstweilige-verfuegung-gegen-micky-beisenherz-facebook-video-expeditionen-ins-praesentierreich-bleibt-verboten\/#breadcrumb","itemListElement":[{"@type":"ListItem","position":1,"name":"Startseite","item":"https:\/\/dev.hoecker.eu\/blog\/"},{"@type":"ListItem","position":2,"name":"Landgericht K\u00f6ln best\u00e4tigt einstweilige Verf\u00fcgung gegen Micky Beisenherz: Facebook-Video \u201eExpeditionen ins Pr\u00e4sentierreich\u201c bleibt verboten."}]},{"@type":"WebSite","@id":"https:\/\/www.hoecker.eu\/blog\/#website","url":"https:\/\/www.hoecker.eu\/blog\/","name":"H\u00d6CKER - der Blog","description":"Expertenblog f\u00fcr \u00c4u\u00dferungs-, Medien-, Marken-, Urheber- und Wettbewerbsrecht.","publisher":{"@id":"https:\/\/www.hoecker.eu\/blog\/#organization"},"potentialAction":[{"@type":"SearchAction","target":{"@type":"EntryPoint","urlTemplate":"https:\/\/www.hoecker.eu\/blog\/?s={search_term_string}"},"query-input":{"@type":"PropertyValueSpecification","valueRequired":true,"valueName":"search_term_string"}}],"inLanguage":"de"},{"@type":"Organization","@id":"https:\/\/www.hoecker.eu\/blog\/#organization","name":"H\u00d6CKER Rechtsanw\u00e4lte PartGmbB","alternateName":"H\u00d6CKER","url":"https:\/\/www.hoecker.eu\/blog\/","logo":{"@type":"ImageObject","inLanguage":"de","@id":"https:\/\/www.hoecker.eu\/blog\/#\/schema\/logo\/image\/","url":"https:\/\/www.hoecker.eu\/blog\/wp-content\/uploads\/2025\/03\/Blog-Logo.webp","contentUrl":"https:\/\/www.hoecker.eu\/blog\/wp-content\/uploads\/2025\/03\/Blog-Logo.webp","width":500,"height":500,"caption":"H\u00d6CKER Rechtsanw\u00e4lte PartGmbB"},"image":{"@id":"https:\/\/www.hoecker.eu\/blog\/#\/schema\/logo\/image\/"},"sameAs":["https:\/\/www.facebook.com\/HoeckerRAe\/","https:\/\/x.com\/hoecker_rae","https:\/\/www.linkedin.com\/company\/hcker-rechtsanwlte\/","https:\/\/www.instagram.com\/hoecker_rae\/"],"email":"contact@hoecker.eu","telephone":"+ 49 (0)221-933 19-10","legalName":"H\u00d6CKER Rechtsanw\u00e4lte PartGmbB","numberOfEmployees":{"@type":"QuantitativeValue","minValue":"11","maxValue":"50"}},{"@type":"Person","@id":"https:\/\/www.hoecker.eu\/blog\/#\/schema\/person\/08f95581eed0534eccd0b2438f7a1cab","name":"Prof. Dr. Ralf H\u00f6cker","description":"Medienanwalt. Besch\u00fctzer vor mieser Presse","sameAs":["https:\/\/www.hoecker.eu\/wer\/prof-dr-ralf-hoecker","https:\/\/www.facebook.com\/ralf.hoecker","https:\/\/www.linkedin.com\/in\/prof-dr-ralf-hcker-ll-m-london-17987826\/","https:\/\/x.com\/Ralf_Hoecker"],"url":"https:\/\/www.hoecker.eu\/blog\/author\/hoecker_adm\/"}]}},"authors":[{"term_id":84,"user_id":1,"is_guest":0,"slug":"hoecker_adm","display_name":"Prof. Dr. Ralf H\u00f6cker","avatar_url":{"url":"https:\/\/www.hoecker.eu\/blog\/wp-content\/uploads\/2023\/12\/ProfDrRalfHoecker.jpg","url2x":"https:\/\/www.hoecker.eu\/blog\/wp-content\/uploads\/2023\/12\/ProfDrRalfHoecker.jpg"},"0":null,"1":"","2":"","3":"","4":"","5":"","6":"","7":"","8":"","9":"","10":"","11":""}],"_links":{"self":[{"href":"https:\/\/www.hoecker.eu\/blog\/wp-json\/wp\/v2\/posts\/8326","targetHints":{"allow":["GET"]}}],"collection":[{"href":"https:\/\/www.hoecker.eu\/blog\/wp-json\/wp\/v2\/posts"}],"about":[{"href":"https:\/\/www.hoecker.eu\/blog\/wp-json\/wp\/v2\/types\/post"}],"author":[{"embeddable":true,"href":"https:\/\/www.hoecker.eu\/blog\/wp-json\/wp\/v2\/users\/1"}],"replies":[{"embeddable":true,"href":"https:\/\/www.hoecker.eu\/blog\/wp-json\/wp\/v2\/comments?post=8326"}],"version-history":[{"count":1,"href":"https:\/\/www.hoecker.eu\/blog\/wp-json\/wp\/v2\/posts\/8326\/revisions"}],"predecessor-version":[{"id":9448,"href":"https:\/\/www.hoecker.eu\/blog\/wp-json\/wp\/v2\/posts\/8326\/revisions\/9448"}],"wp:attachment":[{"href":"https:\/\/www.hoecker.eu\/blog\/wp-json\/wp\/v2\/media?parent=8326"}],"wp:term":[{"taxonomy":"category","embeddable":true,"href":"https:\/\/www.hoecker.eu\/blog\/wp-json\/wp\/v2\/categories?post=8326"},{"taxonomy":"post_tag","embeddable":true,"href":"https:\/\/www.hoecker.eu\/blog\/wp-json\/wp\/v2\/tags?post=8326"},{"taxonomy":"hashtags","embeddable":true,"href":"https:\/\/www.hoecker.eu\/blog\/wp-json\/wp\/v2\/hashtags?post=8326"},{"taxonomy":"author","embeddable":true,"href":"https:\/\/www.hoecker.eu\/blog\/wp-json\/wp\/v2\/ppma_author?post=8326"}],"curies":[{"name":"wp","href":"https:\/\/api.w.org\/{rel}","templated":true}]}}