{"id":8323,"date":"2019-01-10T16:12:00","date_gmt":"2019-01-10T15:12:00","guid":{"rendered":"https:\/\/www.hoecker.eu\/blog\/knastfotos-von-joerg-kachelmann-sind-illegal-bild-scheitert-auch-vor-dem-egmr\/"},"modified":"2025-02-17T14:56:27","modified_gmt":"2025-02-17T13:56:27","slug":"knastfotos-von-joerg-kachelmann-sind-illegal-bild-scheitert-auch-vor-dem-egmr","status":"publish","type":"post","link":"https:\/\/www.hoecker.eu\/blog\/knastfotos-von-joerg-kachelmann-sind-illegal-bild-scheitert-auch-vor-dem-egmr\/","title":{"rendered":"\u201eKnastfotos\u201c von J\u00f6rg Kachelmann sind illegal \u2013 \u201eBILD\u201c scheitert auch vor dem EGMR."},"content":{"rendered":"<p>W\u00e4hrend der gegen J\u00f6rg Kachelmann verh\u00e4ngten Untersuchungshaft hatte \u201eBILD\u201c mehrfach Fotos ver\u00f6ffentlicht, die ihn als Untersuchungsh\u00e4ftling zeigen. J\u00f6rg Kachelmann ist hiergegen konsequent vorgegangen und hat gerichtliche Verbote erwirkt, so u.a. auch wegen Bildern, die ihn oberk\u00f6rperfrei in einem Gef\u00e4ngnishof zusammen mit anderen Insassen zeigen. Mit deutlichen Worten hatten die Richter des Landgerichts und Oberlandesgerichts K\u00f6ln bereits 2011 und 2012 festgestellt, dass diese Bilder keinerlei Informations(mehr)wert aufwiesen und deren Ver\u00f6ffentlichung rechtswidrig war.\n<\/p>\n<p>Allerdings wollte \u201eBILD\u201c das nicht wahrhaben und legte gegen jede Entscheidung Rechtsmittel ein. So kam es dazu, dass nun \u2013 \u00fcber 8 Jahre nach Ver\u00f6ffentlichung der Fotos \u2013 der Europ\u00e4ische Gerichtshof f\u00fcr Menschenrechte (EGMR) \u00fcber die Ver\u00f6ffentlichung aus dem Jahr 2010 entscheiden musste. Aber auch hier fing sich \u201eBILD\u201c eine deutliche Schlappe ein: Der EGMR wies die Beschwerden von \u201eBILD\u201c ab und stellte fest, dass die Fotos zu Recht verboten worden waren. Nach Ansicht der Stra\u00dfburger Richter beruht der erhebliche und nicht hinzunehmende Eingriff in die Privatsph\u00e4re insbesondere auch darauf, dass die Fotos heimlich von einer nicht \u00f6ffentlich zug\u00e4nglichen Stelle aus und in einer Situation erstellt wurden, in der J\u00f6rg Kachelmann damit nicht rechnen musste.\n<\/p>\n<p>Die Entscheidung ist endg\u00fcltig.\n<\/p>\n<p>Wir haben J\u00f6rg Kachelmann in den Verfahren vor dem Landgericht und Oberlandesgericht K\u00f6ln vertreten. An den Verfahren vor dem EGMR waren wir nicht beteiligt, weil \u201eBILD\u201c dort gegen die Bundesrepublik Deutschland geklagt hat. Bereits<span class=\"redactor-invisible-space\"> <\/span>mehrfach hatten wir \u00fcber das Verbot von Paparazzi-Bildern berichtet, z.B. <a href=\"{entry:528:url||https:\/\/hoeck2021.i0341.cyberstack.it\/news\/fotos-von-j%C3%B6rg-kachelmann-beim-hofgang-in-der-jva-mannheim-verboten-weitere-einstweilige-verf%C3%BCgung-gegen-bild}\">hier<\/a> und <a href=\"{entry:726:url||https:\/\/hoeck2021.i0341.cyberstack.it\/news\/kachelmann-mit-h%C3%B6cker-erfolgreich-bereits-die-anfertigung-heimlicher-fotoaufnahmen-verletzt-laut-olg-k%C3%B6ln-pers%C3%B6nlichkeitsrechte-fotograf-haftet-f%C3%BCr-die-rechtswidrige-erstellung-und-sp%C3%A4tere-ver%C3%B6ffentlichung-von-paparazzi-fotos}\">hier<\/a>.<\/p>\n","protected":false},"excerpt":{"rendered":"<p>W\u00e4hrend der gegen J\u00f6rg Kachelmann verh\u00e4ngten Untersuchungshaft hatte \u201eBILD\u201c mehrfach Fotos ver\u00f6ffentlicht, die ihn als Untersuchungsh\u00e4ftling zeigen. J\u00f6rg Kachelmann ist hiergegen konsequent vorgegangen und hat gerichtliche Verbote erwirkt, so u.a. auch wegen Bildern, die ihn oberk\u00f6rperfrei in einem Gef\u00e4ngnishof zusammen mit anderen Insassen zeigen. Mit deutlichen Worten hatten die Richter des Landgerichts und Oberlandesgerichts K\u00f6ln [&hellip;]<\/p>\n","protected":false},"author":1,"featured_media":0,"comment_status":"closed","ping_status":"closed","sticky":false,"template":"","format":"standard","meta":{"_has_post_settings":[],"footnotes":""},"categories":[15],"tags":[],"hashtags":[],"ppma_author":[84],"class_list":["post-8323","post","type-post","status-publish","format-standard","hentry","category-news","author-hoecker_adm"],"yoast_head":"<!-- This site is optimized with the Yoast SEO Premium plugin v25.9 (Yoast SEO v27.0) - https:\/\/yoast.com\/product\/yoast-seo-premium-wordpress\/ -->\n<title>\u201eKnastfotos\u201c von J\u00f6rg Kachelmann sind illegal \u2013 \u201eBILD\u201c scheitert auch vor dem EGMR. - H\u00d6CKER - der Blog<\/title>\n<meta name=\"robots\" content=\"index, follow, max-snippet:-1, max-image-preview:large, max-video-preview:-1\" \/>\n<link rel=\"canonical\" href=\"https:\/\/www.hoecker.eu\/blog\/knastfotos-von-joerg-kachelmann-sind-illegal-bild-scheitert-auch-vor-dem-egmr\/\" \/>\n<meta property=\"og:locale\" content=\"de_DE\" \/>\n<meta property=\"og:type\" content=\"article\" \/>\n<meta property=\"og:title\" content=\"\u201eKnastfotos\u201c von J\u00f6rg Kachelmann sind illegal \u2013 \u201eBILD\u201c scheitert auch vor dem EGMR.\" \/>\n<meta property=\"og:description\" content=\"W\u00e4hrend der gegen J\u00f6rg Kachelmann verh\u00e4ngten Untersuchungshaft hatte \u201eBILD\u201c mehrfach Fotos ver\u00f6ffentlicht, die ihn als Untersuchungsh\u00e4ftling zeigen. J\u00f6rg Kachelmann ist hiergegen konsequent vorgegangen und hat gerichtliche Verbote erwirkt, so u.a. auch wegen Bildern, die ihn oberk\u00f6rperfrei in einem Gef\u00e4ngnishof zusammen mit anderen Insassen zeigen. Mit deutlichen Worten hatten die Richter des Landgerichts und Oberlandesgerichts K\u00f6ln [&hellip;]\" \/>\n<meta property=\"og:url\" content=\"https:\/\/www.hoecker.eu\/blog\/knastfotos-von-joerg-kachelmann-sind-illegal-bild-scheitert-auch-vor-dem-egmr\/\" \/>\n<meta property=\"og:site_name\" content=\"H\u00d6CKER - der Blog\" \/>\n<meta property=\"article:publisher\" content=\"https:\/\/www.facebook.com\/HoeckerRAe\/\" \/>\n<meta property=\"article:author\" content=\"https:\/\/www.facebook.com\/ralf.hoecker\" \/>\n<meta property=\"article:published_time\" content=\"2019-01-10T15:12:00+00:00\" \/>\n<meta property=\"article:modified_time\" content=\"2025-02-17T13:56:27+00:00\" \/>\n<meta name=\"author\" content=\"Prof. Dr. Ralf H\u00f6cker\" \/>\n<meta name=\"twitter:card\" content=\"summary_large_image\" \/>\n<meta name=\"twitter:creator\" content=\"@Ralf_Hoecker\" \/>\n<meta name=\"twitter:site\" content=\"@hoecker_rae\" \/>\n<meta name=\"twitter:label1\" content=\"Verfasst von\" \/>\n\t<meta name=\"twitter:data1\" content=\"Prof. Dr. Ralf H\u00f6cker\" \/>\n\t<meta name=\"twitter:label2\" content=\"Gesch\u00e4tzte Lesezeit\" \/>\n\t<meta name=\"twitter:data2\" content=\"1\u00a0Minute\" \/>\n<script type=\"application\/ld+json\" class=\"yoast-schema-graph\">{\"@context\":\"https:\/\/schema.org\",\"@graph\":[{\"@type\":\"Article\",\"@id\":\"https:\/\/www.hoecker.eu\/blog\/knastfotos-von-joerg-kachelmann-sind-illegal-bild-scheitert-auch-vor-dem-egmr\/#article\",\"isPartOf\":{\"@id\":\"https:\/\/www.hoecker.eu\/blog\/knastfotos-von-joerg-kachelmann-sind-illegal-bild-scheitert-auch-vor-dem-egmr\/\"},\"author\":{\"name\":\"Prof. Dr. Ralf H\u00f6cker\",\"@id\":\"https:\/\/www.hoecker.eu\/blog\/#\/schema\/person\/08f95581eed0534eccd0b2438f7a1cab\"},\"headline\":\"\u201eKnastfotos\u201c von J\u00f6rg Kachelmann sind illegal \u2013 \u201eBILD\u201c scheitert auch vor dem EGMR.\",\"datePublished\":\"2019-01-10T15:12:00+00:00\",\"dateModified\":\"2025-02-17T13:56:27+00:00\",\"mainEntityOfPage\":{\"@id\":\"https:\/\/www.hoecker.eu\/blog\/knastfotos-von-joerg-kachelmann-sind-illegal-bild-scheitert-auch-vor-dem-egmr\/\"},\"wordCount\":269,\"publisher\":{\"@id\":\"https:\/\/www.hoecker.eu\/blog\/#organization\"},\"articleSection\":[\"News\"],\"inLanguage\":\"de\"},{\"@type\":\"WebPage\",\"@id\":\"https:\/\/www.hoecker.eu\/blog\/knastfotos-von-joerg-kachelmann-sind-illegal-bild-scheitert-auch-vor-dem-egmr\/\",\"url\":\"https:\/\/www.hoecker.eu\/blog\/knastfotos-von-joerg-kachelmann-sind-illegal-bild-scheitert-auch-vor-dem-egmr\/\",\"name\":\"\u201eKnastfotos\u201c von J\u00f6rg Kachelmann sind illegal \u2013 \u201eBILD\u201c scheitert auch vor dem EGMR. - H\u00d6CKER - der Blog\",\"isPartOf\":{\"@id\":\"https:\/\/www.hoecker.eu\/blog\/#website\"},\"datePublished\":\"2019-01-10T15:12:00+00:00\",\"dateModified\":\"2025-02-17T13:56:27+00:00\",\"breadcrumb\":{\"@id\":\"https:\/\/www.hoecker.eu\/blog\/knastfotos-von-joerg-kachelmann-sind-illegal-bild-scheitert-auch-vor-dem-egmr\/#breadcrumb\"},\"inLanguage\":\"de\",\"potentialAction\":[{\"@type\":\"ReadAction\",\"target\":[\"https:\/\/www.hoecker.eu\/blog\/knastfotos-von-joerg-kachelmann-sind-illegal-bild-scheitert-auch-vor-dem-egmr\/\"]}]},{\"@type\":\"BreadcrumbList\",\"@id\":\"https:\/\/www.hoecker.eu\/blog\/knastfotos-von-joerg-kachelmann-sind-illegal-bild-scheitert-auch-vor-dem-egmr\/#breadcrumb\",\"itemListElement\":[{\"@type\":\"ListItem\",\"position\":1,\"name\":\"Startseite\",\"item\":\"https:\/\/dev.hoecker.eu\/blog\/\"},{\"@type\":\"ListItem\",\"position\":2,\"name\":\"\u201eKnastfotos\u201c von J\u00f6rg Kachelmann sind illegal \u2013 \u201eBILD\u201c scheitert auch vor dem EGMR.\"}]},{\"@type\":\"WebSite\",\"@id\":\"https:\/\/www.hoecker.eu\/blog\/#website\",\"url\":\"https:\/\/www.hoecker.eu\/blog\/\",\"name\":\"H\u00d6CKER - der Blog\",\"description\":\"Expertenblog f\u00fcr \u00c4u\u00dferungs-, Medien-, Marken-, Urheber- und Wettbewerbsrecht.\",\"publisher\":{\"@id\":\"https:\/\/www.hoecker.eu\/blog\/#organization\"},\"potentialAction\":[{\"@type\":\"SearchAction\",\"target\":{\"@type\":\"EntryPoint\",\"urlTemplate\":\"https:\/\/www.hoecker.eu\/blog\/?s={search_term_string}\"},\"query-input\":{\"@type\":\"PropertyValueSpecification\",\"valueRequired\":true,\"valueName\":\"search_term_string\"}}],\"inLanguage\":\"de\"},{\"@type\":\"Organization\",\"@id\":\"https:\/\/www.hoecker.eu\/blog\/#organization\",\"name\":\"H\u00d6CKER Rechtsanw\u00e4lte PartGmbB\",\"alternateName\":\"H\u00d6CKER\",\"url\":\"https:\/\/www.hoecker.eu\/blog\/\",\"logo\":{\"@type\":\"ImageObject\",\"inLanguage\":\"de\",\"@id\":\"https:\/\/www.hoecker.eu\/blog\/#\/schema\/logo\/image\/\",\"url\":\"https:\/\/www.hoecker.eu\/blog\/wp-content\/uploads\/2025\/03\/Blog-Logo.webp\",\"contentUrl\":\"https:\/\/www.hoecker.eu\/blog\/wp-content\/uploads\/2025\/03\/Blog-Logo.webp\",\"width\":500,\"height\":500,\"caption\":\"H\u00d6CKER Rechtsanw\u00e4lte PartGmbB\"},\"image\":{\"@id\":\"https:\/\/www.hoecker.eu\/blog\/#\/schema\/logo\/image\/\"},\"sameAs\":[\"https:\/\/www.facebook.com\/HoeckerRAe\/\",\"https:\/\/x.com\/hoecker_rae\",\"https:\/\/www.linkedin.com\/company\/hcker-rechtsanwlte\/\",\"https:\/\/www.instagram.com\/hoecker_rae\/\"],\"email\":\"contact@hoecker.eu\",\"telephone\":\"+ 49 (0)221-933 19-10\",\"legalName\":\"H\u00d6CKER Rechtsanw\u00e4lte PartGmbB\",\"numberOfEmployees\":{\"@type\":\"QuantitativeValue\",\"minValue\":\"11\",\"maxValue\":\"50\"}},{\"@type\":\"Person\",\"@id\":\"https:\/\/www.hoecker.eu\/blog\/#\/schema\/person\/08f95581eed0534eccd0b2438f7a1cab\",\"name\":\"Prof. Dr. Ralf H\u00f6cker\",\"description\":\"Medienanwalt. Besch\u00fctzer vor mieser Presse\",\"sameAs\":[\"https:\/\/www.hoecker.eu\/wer\/prof-dr-ralf-hoecker\",\"https:\/\/www.facebook.com\/ralf.hoecker\",\"https:\/\/www.linkedin.com\/in\/prof-dr-ralf-hcker-ll-m-london-17987826\/\",\"https:\/\/x.com\/Ralf_Hoecker\"],\"url\":\"https:\/\/www.hoecker.eu\/blog\/author\/hoecker_adm\/\"}]}<\/script>\n<!-- \/ Yoast SEO Premium plugin. -->","yoast_head_json":{"title":"\u201eKnastfotos\u201c von J\u00f6rg Kachelmann sind illegal \u2013 \u201eBILD\u201c scheitert auch vor dem EGMR. - H\u00d6CKER - der Blog","robots":{"index":"index","follow":"follow","max-snippet":"max-snippet:-1","max-image-preview":"max-image-preview:large","max-video-preview":"max-video-preview:-1"},"canonical":"https:\/\/www.hoecker.eu\/blog\/knastfotos-von-joerg-kachelmann-sind-illegal-bild-scheitert-auch-vor-dem-egmr\/","og_locale":"de_DE","og_type":"article","og_title":"\u201eKnastfotos\u201c von J\u00f6rg Kachelmann sind illegal \u2013 \u201eBILD\u201c scheitert auch vor dem EGMR.","og_description":"W\u00e4hrend der gegen J\u00f6rg Kachelmann verh\u00e4ngten Untersuchungshaft hatte \u201eBILD\u201c mehrfach Fotos ver\u00f6ffentlicht, die ihn als Untersuchungsh\u00e4ftling zeigen. J\u00f6rg Kachelmann ist hiergegen konsequent vorgegangen und hat gerichtliche Verbote erwirkt, so u.a. auch wegen Bildern, die ihn oberk\u00f6rperfrei in einem Gef\u00e4ngnishof zusammen mit anderen Insassen zeigen. Mit deutlichen Worten hatten die Richter des Landgerichts und Oberlandesgerichts K\u00f6ln [&hellip;]","og_url":"https:\/\/www.hoecker.eu\/blog\/knastfotos-von-joerg-kachelmann-sind-illegal-bild-scheitert-auch-vor-dem-egmr\/","og_site_name":"H\u00d6CKER - der Blog","article_publisher":"https:\/\/www.facebook.com\/HoeckerRAe\/","article_author":"https:\/\/www.facebook.com\/ralf.hoecker","article_published_time":"2019-01-10T15:12:00+00:00","article_modified_time":"2025-02-17T13:56:27+00:00","author":"Prof. Dr. Ralf H\u00f6cker","twitter_card":"summary_large_image","twitter_creator":"@Ralf_Hoecker","twitter_site":"@hoecker_rae","twitter_misc":{"Verfasst von":"Prof. Dr. Ralf H\u00f6cker","Gesch\u00e4tzte Lesezeit":"1\u00a0Minute"},"schema":{"@context":"https:\/\/schema.org","@graph":[{"@type":"Article","@id":"https:\/\/www.hoecker.eu\/blog\/knastfotos-von-joerg-kachelmann-sind-illegal-bild-scheitert-auch-vor-dem-egmr\/#article","isPartOf":{"@id":"https:\/\/www.hoecker.eu\/blog\/knastfotos-von-joerg-kachelmann-sind-illegal-bild-scheitert-auch-vor-dem-egmr\/"},"author":{"name":"Prof. Dr. Ralf H\u00f6cker","@id":"https:\/\/www.hoecker.eu\/blog\/#\/schema\/person\/08f95581eed0534eccd0b2438f7a1cab"},"headline":"\u201eKnastfotos\u201c von J\u00f6rg Kachelmann sind illegal \u2013 \u201eBILD\u201c scheitert auch vor dem EGMR.","datePublished":"2019-01-10T15:12:00+00:00","dateModified":"2025-02-17T13:56:27+00:00","mainEntityOfPage":{"@id":"https:\/\/www.hoecker.eu\/blog\/knastfotos-von-joerg-kachelmann-sind-illegal-bild-scheitert-auch-vor-dem-egmr\/"},"wordCount":269,"publisher":{"@id":"https:\/\/www.hoecker.eu\/blog\/#organization"},"articleSection":["News"],"inLanguage":"de"},{"@type":"WebPage","@id":"https:\/\/www.hoecker.eu\/blog\/knastfotos-von-joerg-kachelmann-sind-illegal-bild-scheitert-auch-vor-dem-egmr\/","url":"https:\/\/www.hoecker.eu\/blog\/knastfotos-von-joerg-kachelmann-sind-illegal-bild-scheitert-auch-vor-dem-egmr\/","name":"\u201eKnastfotos\u201c von J\u00f6rg Kachelmann sind illegal \u2013 \u201eBILD\u201c scheitert auch vor dem EGMR. - H\u00d6CKER - der Blog","isPartOf":{"@id":"https:\/\/www.hoecker.eu\/blog\/#website"},"datePublished":"2019-01-10T15:12:00+00:00","dateModified":"2025-02-17T13:56:27+00:00","breadcrumb":{"@id":"https:\/\/www.hoecker.eu\/blog\/knastfotos-von-joerg-kachelmann-sind-illegal-bild-scheitert-auch-vor-dem-egmr\/#breadcrumb"},"inLanguage":"de","potentialAction":[{"@type":"ReadAction","target":["https:\/\/www.hoecker.eu\/blog\/knastfotos-von-joerg-kachelmann-sind-illegal-bild-scheitert-auch-vor-dem-egmr\/"]}]},{"@type":"BreadcrumbList","@id":"https:\/\/www.hoecker.eu\/blog\/knastfotos-von-joerg-kachelmann-sind-illegal-bild-scheitert-auch-vor-dem-egmr\/#breadcrumb","itemListElement":[{"@type":"ListItem","position":1,"name":"Startseite","item":"https:\/\/dev.hoecker.eu\/blog\/"},{"@type":"ListItem","position":2,"name":"\u201eKnastfotos\u201c von J\u00f6rg Kachelmann sind illegal \u2013 \u201eBILD\u201c scheitert auch vor dem EGMR."}]},{"@type":"WebSite","@id":"https:\/\/www.hoecker.eu\/blog\/#website","url":"https:\/\/www.hoecker.eu\/blog\/","name":"H\u00d6CKER - der Blog","description":"Expertenblog f\u00fcr \u00c4u\u00dferungs-, Medien-, Marken-, Urheber- und Wettbewerbsrecht.","publisher":{"@id":"https:\/\/www.hoecker.eu\/blog\/#organization"},"potentialAction":[{"@type":"SearchAction","target":{"@type":"EntryPoint","urlTemplate":"https:\/\/www.hoecker.eu\/blog\/?s={search_term_string}"},"query-input":{"@type":"PropertyValueSpecification","valueRequired":true,"valueName":"search_term_string"}}],"inLanguage":"de"},{"@type":"Organization","@id":"https:\/\/www.hoecker.eu\/blog\/#organization","name":"H\u00d6CKER Rechtsanw\u00e4lte PartGmbB","alternateName":"H\u00d6CKER","url":"https:\/\/www.hoecker.eu\/blog\/","logo":{"@type":"ImageObject","inLanguage":"de","@id":"https:\/\/www.hoecker.eu\/blog\/#\/schema\/logo\/image\/","url":"https:\/\/www.hoecker.eu\/blog\/wp-content\/uploads\/2025\/03\/Blog-Logo.webp","contentUrl":"https:\/\/www.hoecker.eu\/blog\/wp-content\/uploads\/2025\/03\/Blog-Logo.webp","width":500,"height":500,"caption":"H\u00d6CKER Rechtsanw\u00e4lte PartGmbB"},"image":{"@id":"https:\/\/www.hoecker.eu\/blog\/#\/schema\/logo\/image\/"},"sameAs":["https:\/\/www.facebook.com\/HoeckerRAe\/","https:\/\/x.com\/hoecker_rae","https:\/\/www.linkedin.com\/company\/hcker-rechtsanwlte\/","https:\/\/www.instagram.com\/hoecker_rae\/"],"email":"contact@hoecker.eu","telephone":"+ 49 (0)221-933 19-10","legalName":"H\u00d6CKER Rechtsanw\u00e4lte PartGmbB","numberOfEmployees":{"@type":"QuantitativeValue","minValue":"11","maxValue":"50"}},{"@type":"Person","@id":"https:\/\/www.hoecker.eu\/blog\/#\/schema\/person\/08f95581eed0534eccd0b2438f7a1cab","name":"Prof. Dr. Ralf H\u00f6cker","description":"Medienanwalt. Besch\u00fctzer vor mieser Presse","sameAs":["https:\/\/www.hoecker.eu\/wer\/prof-dr-ralf-hoecker","https:\/\/www.facebook.com\/ralf.hoecker","https:\/\/www.linkedin.com\/in\/prof-dr-ralf-hcker-ll-m-london-17987826\/","https:\/\/x.com\/Ralf_Hoecker"],"url":"https:\/\/www.hoecker.eu\/blog\/author\/hoecker_adm\/"}]}},"authors":[{"term_id":84,"user_id":1,"is_guest":0,"slug":"hoecker_adm","display_name":"Prof. Dr. Ralf H\u00f6cker","avatar_url":{"url":"https:\/\/www.hoecker.eu\/blog\/wp-content\/uploads\/2023\/12\/ProfDrRalfHoecker.jpg","url2x":"https:\/\/www.hoecker.eu\/blog\/wp-content\/uploads\/2023\/12\/ProfDrRalfHoecker.jpg"},"0":null,"1":"","2":"","3":"","4":"","5":"","6":"","7":"","8":"","9":"","10":"","11":""}],"_links":{"self":[{"href":"https:\/\/www.hoecker.eu\/blog\/wp-json\/wp\/v2\/posts\/8323","targetHints":{"allow":["GET"]}}],"collection":[{"href":"https:\/\/www.hoecker.eu\/blog\/wp-json\/wp\/v2\/posts"}],"about":[{"href":"https:\/\/www.hoecker.eu\/blog\/wp-json\/wp\/v2\/types\/post"}],"author":[{"embeddable":true,"href":"https:\/\/www.hoecker.eu\/blog\/wp-json\/wp\/v2\/users\/1"}],"replies":[{"embeddable":true,"href":"https:\/\/www.hoecker.eu\/blog\/wp-json\/wp\/v2\/comments?post=8323"}],"version-history":[{"count":1,"href":"https:\/\/www.hoecker.eu\/blog\/wp-json\/wp\/v2\/posts\/8323\/revisions"}],"predecessor-version":[{"id":9445,"href":"https:\/\/www.hoecker.eu\/blog\/wp-json\/wp\/v2\/posts\/8323\/revisions\/9445"}],"wp:attachment":[{"href":"https:\/\/www.hoecker.eu\/blog\/wp-json\/wp\/v2\/media?parent=8323"}],"wp:term":[{"taxonomy":"category","embeddable":true,"href":"https:\/\/www.hoecker.eu\/blog\/wp-json\/wp\/v2\/categories?post=8323"},{"taxonomy":"post_tag","embeddable":true,"href":"https:\/\/www.hoecker.eu\/blog\/wp-json\/wp\/v2\/tags?post=8323"},{"taxonomy":"hashtags","embeddable":true,"href":"https:\/\/www.hoecker.eu\/blog\/wp-json\/wp\/v2\/hashtags?post=8323"},{"taxonomy":"author","embeddable":true,"href":"https:\/\/www.hoecker.eu\/blog\/wp-json\/wp\/v2\/ppma_author?post=8323"}],"curies":[{"name":"wp","href":"https:\/\/api.w.org\/{rel}","templated":true}]}}