{"id":8318,"date":"2019-02-15T11:14:00","date_gmt":"2019-02-15T10:14:00","guid":{"rendered":"https:\/\/www.hoecker.eu\/blog\/falschbehauptung-ueber-dennis-schick-gericht-verbietet-bild-bericht-innerhalb-von-48-stunden\/"},"modified":"2025-02-17T14:56:24","modified_gmt":"2025-02-17T13:56:24","slug":"falschbehauptung-ueber-dennis-schick-gericht-verbietet-bild-bericht-innerhalb-von-48-stunden","status":"publish","type":"post","link":"https:\/\/www.hoecker.eu\/blog\/falschbehauptung-ueber-dennis-schick-gericht-verbietet-bild-bericht-innerhalb-von-48-stunden\/","title":{"rendered":"Falschbehauptung \u00fcber Dennis Schick &#8211; Gericht verbietet BILD-Bericht innerhalb von 48 Stunden."},"content":{"rendered":"<p>Die BILD-Zeitung hatte am 10.02.2019 einen Artikel mit dem Titel \u201eBetrugsanklage gegen Dennis Schick\u201c ver\u00f6ffentlicht. Der Artikel griff die Falschaussage einer Dame auf, die behauptet hatte, der PR-Berater Dennis Schick schulde ihr noch immer einen niedrigen vierstelligen Betrag. Inzwischen hat die Dame eine Unterlassungserkl\u00e4rung abgegeben. Der Termin zur Verhandlung des Vorwurfs vor dem Amtsgericht K\u00f6ln wurde aufgehoben.\n<\/p>\n<p>Aufgrund der unzul\u00e4ssigen Verd\u00e4chtigung wurde die BILD-Zeitung abgemahnt. Nachdem auf die Abmahnung keine Reaktion erfolgte, wurde beim Landgericht K\u00f6ln der Antrag auf Erlass einer einstweiligen Verf\u00fcgung gestellt. Nur knapp 48 Stunden nach Erscheinen des Artikels entsprach das Gericht dem Antrag und erlie\u00df das Verbot gegen die BILD-Zeitung (Beschl. v. 12.02.2019, Az. 28 O 53\/19, n.rkr.).\n<\/p>\n<p>Besonders pikant: Ein Co-Autor des Beitrages, der BILD-Mallorca-Chefreporter Ingo Wohlfeil, hatte den Beitrag kurz nach der Ver\u00f6ffentlichung auf bild.de \u00fcber sein Facebook-Profil mit den Worten geteilt: \u201eEs war mir ein Bed\u00fcrfnis\u201c. Hierdurch dokumentiert Wohlfeil, dass er den Artikel wohl als pers\u00f6nlichen Racheakt ansah. Denn zuvor waren einige teilweise unseri\u00f6se Presseanfragen, die Wohlfeil an Klienten von Dennis Schick gerichtet hatte, mit Unterst\u00fctzung von H\u00d6CKER bearbeitet und beantwortet worden. Etlichen dieser offensichtlich geplanten \u201eStories\u201c war hierdurch der Boden entzogen worden. Zudem belie\u00df es Wohlfeil auch nicht bei einem Teilen des Artikels auf seiner und der von ihm verwalteten BILD-Mallorca-Facebook-Seite, sondern \u00fcbersandte Dennis Schick kurz nach der Ver\u00f6ffentlichung des Artikels einen <\/p>\n<figure><img decoding=\"async\" src=\"{asset:1250:url||https:\/\/hoecker.eu\/assets\/img\/2019-02-14_1717.png}\" alt=\"\" \/><\/figure>\n<p>-Emoji.<\/p>\n","protected":false},"excerpt":{"rendered":"<p>Die BILD-Zeitung hatte am 10.02.2019 einen Artikel mit dem Titel \u201eBetrugsanklage gegen Dennis Schick\u201c ver\u00f6ffentlicht. Der Artikel griff die Falschaussage einer Dame auf, die behauptet hatte, der PR-Berater Dennis Schick schulde ihr noch immer einen niedrigen vierstelligen Betrag. Inzwischen hat die Dame eine Unterlassungserkl\u00e4rung abgegeben. Der Termin zur Verhandlung des Vorwurfs vor dem Amtsgericht K\u00f6ln [&hellip;]<\/p>\n","protected":false},"author":1,"featured_media":0,"comment_status":"closed","ping_status":"closed","sticky":false,"template":"","format":"standard","meta":{"_has_post_settings":[],"footnotes":""},"categories":[15],"tags":[],"hashtags":[],"ppma_author":[84],"class_list":["post-8318","post","type-post","status-publish","format-standard","hentry","category-news","author-hoecker_adm"],"yoast_head":"<!-- This site is optimized with the Yoast SEO Premium plugin v25.9 (Yoast SEO v27.0) - https:\/\/yoast.com\/product\/yoast-seo-premium-wordpress\/ -->\n<title>Falschbehauptung \u00fcber Dennis Schick - Gericht verbietet BILD-Bericht innerhalb von 48 Stunden. - H\u00d6CKER - der Blog<\/title>\n<meta name=\"robots\" content=\"index, follow, max-snippet:-1, max-image-preview:large, max-video-preview:-1\" \/>\n<link rel=\"canonical\" href=\"https:\/\/www.hoecker.eu\/blog\/falschbehauptung-ueber-dennis-schick-gericht-verbietet-bild-bericht-innerhalb-von-48-stunden\/\" \/>\n<meta property=\"og:locale\" content=\"de_DE\" \/>\n<meta property=\"og:type\" content=\"article\" \/>\n<meta property=\"og:title\" content=\"Falschbehauptung \u00fcber Dennis Schick - Gericht verbietet BILD-Bericht innerhalb von 48 Stunden.\" \/>\n<meta property=\"og:description\" content=\"Die BILD-Zeitung hatte am 10.02.2019 einen Artikel mit dem Titel \u201eBetrugsanklage gegen Dennis Schick\u201c ver\u00f6ffentlicht. Der Artikel griff die Falschaussage einer Dame auf, die behauptet hatte, der PR-Berater Dennis Schick schulde ihr noch immer einen niedrigen vierstelligen Betrag. Inzwischen hat die Dame eine Unterlassungserkl\u00e4rung abgegeben. Der Termin zur Verhandlung des Vorwurfs vor dem Amtsgericht K\u00f6ln [&hellip;]\" \/>\n<meta property=\"og:url\" content=\"https:\/\/www.hoecker.eu\/blog\/falschbehauptung-ueber-dennis-schick-gericht-verbietet-bild-bericht-innerhalb-von-48-stunden\/\" \/>\n<meta property=\"og:site_name\" content=\"H\u00d6CKER - der Blog\" \/>\n<meta property=\"article:publisher\" content=\"https:\/\/www.facebook.com\/HoeckerRAe\/\" \/>\n<meta property=\"article:author\" content=\"https:\/\/www.facebook.com\/ralf.hoecker\" \/>\n<meta property=\"article:published_time\" content=\"2019-02-15T10:14:00+00:00\" \/>\n<meta property=\"article:modified_time\" content=\"2025-02-17T13:56:24+00:00\" \/>\n<meta name=\"author\" content=\"Prof. Dr. Ralf H\u00f6cker\" \/>\n<meta name=\"twitter:card\" content=\"summary_large_image\" \/>\n<meta name=\"twitter:creator\" content=\"@Ralf_Hoecker\" \/>\n<meta name=\"twitter:site\" content=\"@hoecker_rae\" \/>\n<meta name=\"twitter:label1\" content=\"Verfasst von\" \/>\n\t<meta name=\"twitter:data1\" content=\"Prof. Dr. Ralf H\u00f6cker\" \/>\n\t<meta name=\"twitter:label2\" content=\"Gesch\u00e4tzte Lesezeit\" \/>\n\t<meta name=\"twitter:data2\" content=\"1\u00a0Minute\" \/>\n<script type=\"application\/ld+json\" class=\"yoast-schema-graph\">{\"@context\":\"https:\/\/schema.org\",\"@graph\":[{\"@type\":\"Article\",\"@id\":\"https:\/\/www.hoecker.eu\/blog\/falschbehauptung-ueber-dennis-schick-gericht-verbietet-bild-bericht-innerhalb-von-48-stunden\/#article\",\"isPartOf\":{\"@id\":\"https:\/\/www.hoecker.eu\/blog\/falschbehauptung-ueber-dennis-schick-gericht-verbietet-bild-bericht-innerhalb-von-48-stunden\/\"},\"author\":{\"name\":\"Prof. Dr. Ralf H\u00f6cker\",\"@id\":\"https:\/\/www.hoecker.eu\/blog\/#\/schema\/person\/08f95581eed0534eccd0b2438f7a1cab\"},\"headline\":\"Falschbehauptung \u00fcber Dennis Schick &#8211; Gericht verbietet BILD-Bericht innerhalb von 48 Stunden.\",\"datePublished\":\"2019-02-15T10:14:00+00:00\",\"dateModified\":\"2025-02-17T13:56:24+00:00\",\"mainEntityOfPage\":{\"@id\":\"https:\/\/www.hoecker.eu\/blog\/falschbehauptung-ueber-dennis-schick-gericht-verbietet-bild-bericht-innerhalb-von-48-stunden\/\"},\"wordCount\":243,\"publisher\":{\"@id\":\"https:\/\/www.hoecker.eu\/blog\/#organization\"},\"articleSection\":[\"News\"],\"inLanguage\":\"de\"},{\"@type\":\"WebPage\",\"@id\":\"https:\/\/www.hoecker.eu\/blog\/falschbehauptung-ueber-dennis-schick-gericht-verbietet-bild-bericht-innerhalb-von-48-stunden\/\",\"url\":\"https:\/\/www.hoecker.eu\/blog\/falschbehauptung-ueber-dennis-schick-gericht-verbietet-bild-bericht-innerhalb-von-48-stunden\/\",\"name\":\"Falschbehauptung \u00fcber Dennis Schick - Gericht verbietet BILD-Bericht innerhalb von 48 Stunden. - H\u00d6CKER - der Blog\",\"isPartOf\":{\"@id\":\"https:\/\/www.hoecker.eu\/blog\/#website\"},\"datePublished\":\"2019-02-15T10:14:00+00:00\",\"dateModified\":\"2025-02-17T13:56:24+00:00\",\"breadcrumb\":{\"@id\":\"https:\/\/www.hoecker.eu\/blog\/falschbehauptung-ueber-dennis-schick-gericht-verbietet-bild-bericht-innerhalb-von-48-stunden\/#breadcrumb\"},\"inLanguage\":\"de\",\"potentialAction\":[{\"@type\":\"ReadAction\",\"target\":[\"https:\/\/www.hoecker.eu\/blog\/falschbehauptung-ueber-dennis-schick-gericht-verbietet-bild-bericht-innerhalb-von-48-stunden\/\"]}]},{\"@type\":\"BreadcrumbList\",\"@id\":\"https:\/\/www.hoecker.eu\/blog\/falschbehauptung-ueber-dennis-schick-gericht-verbietet-bild-bericht-innerhalb-von-48-stunden\/#breadcrumb\",\"itemListElement\":[{\"@type\":\"ListItem\",\"position\":1,\"name\":\"Startseite\",\"item\":\"https:\/\/dev.hoecker.eu\/blog\/\"},{\"@type\":\"ListItem\",\"position\":2,\"name\":\"Falschbehauptung \u00fcber Dennis Schick &#8211; Gericht verbietet BILD-Bericht innerhalb von 48 Stunden.\"}]},{\"@type\":\"WebSite\",\"@id\":\"https:\/\/www.hoecker.eu\/blog\/#website\",\"url\":\"https:\/\/www.hoecker.eu\/blog\/\",\"name\":\"H\u00d6CKER - der Blog\",\"description\":\"Expertenblog f\u00fcr \u00c4u\u00dferungs-, Medien-, Marken-, Urheber- und Wettbewerbsrecht.\",\"publisher\":{\"@id\":\"https:\/\/www.hoecker.eu\/blog\/#organization\"},\"potentialAction\":[{\"@type\":\"SearchAction\",\"target\":{\"@type\":\"EntryPoint\",\"urlTemplate\":\"https:\/\/www.hoecker.eu\/blog\/?s={search_term_string}\"},\"query-input\":{\"@type\":\"PropertyValueSpecification\",\"valueRequired\":true,\"valueName\":\"search_term_string\"}}],\"inLanguage\":\"de\"},{\"@type\":\"Organization\",\"@id\":\"https:\/\/www.hoecker.eu\/blog\/#organization\",\"name\":\"H\u00d6CKER Rechtsanw\u00e4lte PartGmbB\",\"alternateName\":\"H\u00d6CKER\",\"url\":\"https:\/\/www.hoecker.eu\/blog\/\",\"logo\":{\"@type\":\"ImageObject\",\"inLanguage\":\"de\",\"@id\":\"https:\/\/www.hoecker.eu\/blog\/#\/schema\/logo\/image\/\",\"url\":\"https:\/\/www.hoecker.eu\/blog\/wp-content\/uploads\/2025\/03\/Blog-Logo.webp\",\"contentUrl\":\"https:\/\/www.hoecker.eu\/blog\/wp-content\/uploads\/2025\/03\/Blog-Logo.webp\",\"width\":500,\"height\":500,\"caption\":\"H\u00d6CKER Rechtsanw\u00e4lte PartGmbB\"},\"image\":{\"@id\":\"https:\/\/www.hoecker.eu\/blog\/#\/schema\/logo\/image\/\"},\"sameAs\":[\"https:\/\/www.facebook.com\/HoeckerRAe\/\",\"https:\/\/x.com\/hoecker_rae\",\"https:\/\/www.linkedin.com\/company\/hcker-rechtsanwlte\/\",\"https:\/\/www.instagram.com\/hoecker_rae\/\"],\"email\":\"contact@hoecker.eu\",\"telephone\":\"+ 49 (0)221-933 19-10\",\"legalName\":\"H\u00d6CKER Rechtsanw\u00e4lte PartGmbB\",\"numberOfEmployees\":{\"@type\":\"QuantitativeValue\",\"minValue\":\"11\",\"maxValue\":\"50\"}},{\"@type\":\"Person\",\"@id\":\"https:\/\/www.hoecker.eu\/blog\/#\/schema\/person\/08f95581eed0534eccd0b2438f7a1cab\",\"name\":\"Prof. Dr. Ralf H\u00f6cker\",\"description\":\"Medienanwalt. Besch\u00fctzer vor mieser Presse\",\"sameAs\":[\"https:\/\/www.hoecker.eu\/wer\/prof-dr-ralf-hoecker\",\"https:\/\/www.facebook.com\/ralf.hoecker\",\"https:\/\/www.linkedin.com\/in\/prof-dr-ralf-hcker-ll-m-london-17987826\/\",\"https:\/\/x.com\/Ralf_Hoecker\"],\"url\":\"https:\/\/www.hoecker.eu\/blog\/author\/hoecker_adm\/\"}]}<\/script>\n<!-- \/ Yoast SEO Premium plugin. -->","yoast_head_json":{"title":"Falschbehauptung \u00fcber Dennis Schick - Gericht verbietet BILD-Bericht innerhalb von 48 Stunden. - H\u00d6CKER - der Blog","robots":{"index":"index","follow":"follow","max-snippet":"max-snippet:-1","max-image-preview":"max-image-preview:large","max-video-preview":"max-video-preview:-1"},"canonical":"https:\/\/www.hoecker.eu\/blog\/falschbehauptung-ueber-dennis-schick-gericht-verbietet-bild-bericht-innerhalb-von-48-stunden\/","og_locale":"de_DE","og_type":"article","og_title":"Falschbehauptung \u00fcber Dennis Schick - Gericht verbietet BILD-Bericht innerhalb von 48 Stunden.","og_description":"Die BILD-Zeitung hatte am 10.02.2019 einen Artikel mit dem Titel \u201eBetrugsanklage gegen Dennis Schick\u201c ver\u00f6ffentlicht. Der Artikel griff die Falschaussage einer Dame auf, die behauptet hatte, der PR-Berater Dennis Schick schulde ihr noch immer einen niedrigen vierstelligen Betrag. Inzwischen hat die Dame eine Unterlassungserkl\u00e4rung abgegeben. Der Termin zur Verhandlung des Vorwurfs vor dem Amtsgericht K\u00f6ln [&hellip;]","og_url":"https:\/\/www.hoecker.eu\/blog\/falschbehauptung-ueber-dennis-schick-gericht-verbietet-bild-bericht-innerhalb-von-48-stunden\/","og_site_name":"H\u00d6CKER - der Blog","article_publisher":"https:\/\/www.facebook.com\/HoeckerRAe\/","article_author":"https:\/\/www.facebook.com\/ralf.hoecker","article_published_time":"2019-02-15T10:14:00+00:00","article_modified_time":"2025-02-17T13:56:24+00:00","author":"Prof. Dr. Ralf H\u00f6cker","twitter_card":"summary_large_image","twitter_creator":"@Ralf_Hoecker","twitter_site":"@hoecker_rae","twitter_misc":{"Verfasst von":"Prof. Dr. Ralf H\u00f6cker","Gesch\u00e4tzte Lesezeit":"1\u00a0Minute"},"schema":{"@context":"https:\/\/schema.org","@graph":[{"@type":"Article","@id":"https:\/\/www.hoecker.eu\/blog\/falschbehauptung-ueber-dennis-schick-gericht-verbietet-bild-bericht-innerhalb-von-48-stunden\/#article","isPartOf":{"@id":"https:\/\/www.hoecker.eu\/blog\/falschbehauptung-ueber-dennis-schick-gericht-verbietet-bild-bericht-innerhalb-von-48-stunden\/"},"author":{"name":"Prof. Dr. Ralf H\u00f6cker","@id":"https:\/\/www.hoecker.eu\/blog\/#\/schema\/person\/08f95581eed0534eccd0b2438f7a1cab"},"headline":"Falschbehauptung \u00fcber Dennis Schick &#8211; Gericht verbietet BILD-Bericht innerhalb von 48 Stunden.","datePublished":"2019-02-15T10:14:00+00:00","dateModified":"2025-02-17T13:56:24+00:00","mainEntityOfPage":{"@id":"https:\/\/www.hoecker.eu\/blog\/falschbehauptung-ueber-dennis-schick-gericht-verbietet-bild-bericht-innerhalb-von-48-stunden\/"},"wordCount":243,"publisher":{"@id":"https:\/\/www.hoecker.eu\/blog\/#organization"},"articleSection":["News"],"inLanguage":"de"},{"@type":"WebPage","@id":"https:\/\/www.hoecker.eu\/blog\/falschbehauptung-ueber-dennis-schick-gericht-verbietet-bild-bericht-innerhalb-von-48-stunden\/","url":"https:\/\/www.hoecker.eu\/blog\/falschbehauptung-ueber-dennis-schick-gericht-verbietet-bild-bericht-innerhalb-von-48-stunden\/","name":"Falschbehauptung \u00fcber Dennis Schick - Gericht verbietet BILD-Bericht innerhalb von 48 Stunden. - H\u00d6CKER - der Blog","isPartOf":{"@id":"https:\/\/www.hoecker.eu\/blog\/#website"},"datePublished":"2019-02-15T10:14:00+00:00","dateModified":"2025-02-17T13:56:24+00:00","breadcrumb":{"@id":"https:\/\/www.hoecker.eu\/blog\/falschbehauptung-ueber-dennis-schick-gericht-verbietet-bild-bericht-innerhalb-von-48-stunden\/#breadcrumb"},"inLanguage":"de","potentialAction":[{"@type":"ReadAction","target":["https:\/\/www.hoecker.eu\/blog\/falschbehauptung-ueber-dennis-schick-gericht-verbietet-bild-bericht-innerhalb-von-48-stunden\/"]}]},{"@type":"BreadcrumbList","@id":"https:\/\/www.hoecker.eu\/blog\/falschbehauptung-ueber-dennis-schick-gericht-verbietet-bild-bericht-innerhalb-von-48-stunden\/#breadcrumb","itemListElement":[{"@type":"ListItem","position":1,"name":"Startseite","item":"https:\/\/dev.hoecker.eu\/blog\/"},{"@type":"ListItem","position":2,"name":"Falschbehauptung \u00fcber Dennis Schick &#8211; Gericht verbietet BILD-Bericht innerhalb von 48 Stunden."}]},{"@type":"WebSite","@id":"https:\/\/www.hoecker.eu\/blog\/#website","url":"https:\/\/www.hoecker.eu\/blog\/","name":"H\u00d6CKER - der Blog","description":"Expertenblog f\u00fcr \u00c4u\u00dferungs-, Medien-, Marken-, Urheber- und Wettbewerbsrecht.","publisher":{"@id":"https:\/\/www.hoecker.eu\/blog\/#organization"},"potentialAction":[{"@type":"SearchAction","target":{"@type":"EntryPoint","urlTemplate":"https:\/\/www.hoecker.eu\/blog\/?s={search_term_string}"},"query-input":{"@type":"PropertyValueSpecification","valueRequired":true,"valueName":"search_term_string"}}],"inLanguage":"de"},{"@type":"Organization","@id":"https:\/\/www.hoecker.eu\/blog\/#organization","name":"H\u00d6CKER Rechtsanw\u00e4lte PartGmbB","alternateName":"H\u00d6CKER","url":"https:\/\/www.hoecker.eu\/blog\/","logo":{"@type":"ImageObject","inLanguage":"de","@id":"https:\/\/www.hoecker.eu\/blog\/#\/schema\/logo\/image\/","url":"https:\/\/www.hoecker.eu\/blog\/wp-content\/uploads\/2025\/03\/Blog-Logo.webp","contentUrl":"https:\/\/www.hoecker.eu\/blog\/wp-content\/uploads\/2025\/03\/Blog-Logo.webp","width":500,"height":500,"caption":"H\u00d6CKER Rechtsanw\u00e4lte PartGmbB"},"image":{"@id":"https:\/\/www.hoecker.eu\/blog\/#\/schema\/logo\/image\/"},"sameAs":["https:\/\/www.facebook.com\/HoeckerRAe\/","https:\/\/x.com\/hoecker_rae","https:\/\/www.linkedin.com\/company\/hcker-rechtsanwlte\/","https:\/\/www.instagram.com\/hoecker_rae\/"],"email":"contact@hoecker.eu","telephone":"+ 49 (0)221-933 19-10","legalName":"H\u00d6CKER Rechtsanw\u00e4lte PartGmbB","numberOfEmployees":{"@type":"QuantitativeValue","minValue":"11","maxValue":"50"}},{"@type":"Person","@id":"https:\/\/www.hoecker.eu\/blog\/#\/schema\/person\/08f95581eed0534eccd0b2438f7a1cab","name":"Prof. Dr. Ralf H\u00f6cker","description":"Medienanwalt. Besch\u00fctzer vor mieser Presse","sameAs":["https:\/\/www.hoecker.eu\/wer\/prof-dr-ralf-hoecker","https:\/\/www.facebook.com\/ralf.hoecker","https:\/\/www.linkedin.com\/in\/prof-dr-ralf-hcker-ll-m-london-17987826\/","https:\/\/x.com\/Ralf_Hoecker"],"url":"https:\/\/www.hoecker.eu\/blog\/author\/hoecker_adm\/"}]}},"authors":[{"term_id":84,"user_id":1,"is_guest":0,"slug":"hoecker_adm","display_name":"Prof. Dr. Ralf H\u00f6cker","avatar_url":{"url":"https:\/\/www.hoecker.eu\/blog\/wp-content\/uploads\/2023\/12\/ProfDrRalfHoecker.jpg","url2x":"https:\/\/www.hoecker.eu\/blog\/wp-content\/uploads\/2023\/12\/ProfDrRalfHoecker.jpg"},"0":null,"1":"","2":"","3":"","4":"","5":"","6":"","7":"","8":"","9":"","10":"","11":""}],"_links":{"self":[{"href":"https:\/\/www.hoecker.eu\/blog\/wp-json\/wp\/v2\/posts\/8318","targetHints":{"allow":["GET"]}}],"collection":[{"href":"https:\/\/www.hoecker.eu\/blog\/wp-json\/wp\/v2\/posts"}],"about":[{"href":"https:\/\/www.hoecker.eu\/blog\/wp-json\/wp\/v2\/types\/post"}],"author":[{"embeddable":true,"href":"https:\/\/www.hoecker.eu\/blog\/wp-json\/wp\/v2\/users\/1"}],"replies":[{"embeddable":true,"href":"https:\/\/www.hoecker.eu\/blog\/wp-json\/wp\/v2\/comments?post=8318"}],"version-history":[{"count":1,"href":"https:\/\/www.hoecker.eu\/blog\/wp-json\/wp\/v2\/posts\/8318\/revisions"}],"predecessor-version":[{"id":9440,"href":"https:\/\/www.hoecker.eu\/blog\/wp-json\/wp\/v2\/posts\/8318\/revisions\/9440"}],"wp:attachment":[{"href":"https:\/\/www.hoecker.eu\/blog\/wp-json\/wp\/v2\/media?parent=8318"}],"wp:term":[{"taxonomy":"category","embeddable":true,"href":"https:\/\/www.hoecker.eu\/blog\/wp-json\/wp\/v2\/categories?post=8318"},{"taxonomy":"post_tag","embeddable":true,"href":"https:\/\/www.hoecker.eu\/blog\/wp-json\/wp\/v2\/tags?post=8318"},{"taxonomy":"hashtags","embeddable":true,"href":"https:\/\/www.hoecker.eu\/blog\/wp-json\/wp\/v2\/hashtags?post=8318"},{"taxonomy":"author","embeddable":true,"href":"https:\/\/www.hoecker.eu\/blog\/wp-json\/wp\/v2\/ppma_author?post=8318"}],"curies":[{"name":"wp","href":"https:\/\/api.w.org\/{rel}","templated":true}]}}