{"id":8317,"date":"2019-04-04T14:22:00","date_gmt":"2019-04-04T12:22:00","guid":{"rendered":"https:\/\/www.hoecker.eu\/blog\/auch-politiker-haben-ein-recht-auf-opferschutz-lg-koeln-verbietet-bild-berichterstattungen-ueber-einen-politiker-der-zum-sextortion-opfer-wurde\/"},"modified":"2025-02-17T14:56:23","modified_gmt":"2025-02-17T13:56:23","slug":"auch-politiker-haben-ein-recht-auf-opferschutz-lg-koeln-verbietet-bild-berichterstattungen-ueber-einen-politiker-der-zum-sextortion-opfer-wurde","status":"publish","type":"post","link":"https:\/\/www.hoecker.eu\/blog\/auch-politiker-haben-ein-recht-auf-opferschutz-lg-koeln-verbietet-bild-berichterstattungen-ueber-einen-politiker-der-zum-sextortion-opfer-wurde\/","title":{"rendered":"Auch Politiker haben ein Recht auf Opferschutz. LG K\u00f6ln verbietet BILD-Berichterstattungen \u00fcber einen Politiker, der zum \u201eSextortion\u201c-Opfer wurde."},"content":{"rendered":"<p>Sp\u00e4testens seit den Vorw\u00fcrfen des Amazon-Chefs Jeff Bezos gegen das<br \/>\nTrump-nahe Boulevard-Blatt \u201eNational Inquirer&#8221; hat das Thema \u201eSextortion\u201c sein mediales<br \/>\nSchattendasein verlassen. Der Begriff \u201eSextortion\u201c<br \/>\n\t<span class=\"redactor-invisible-space\"> setzt sich aus den englischen W\u00f6rtern \u201eSex\u201c und \u201eExtortion\u201c zusammen und bedeutet \u00fcbersetzt sexuelle Erpressung.<\/span> Jeff Bezos hatte dem  \u201eNational Inquirer&#8221;<span class=\"redactor-invisible-space\"> vorgeworfen, ihn<\/span> mit der Ver\u00f6ffentlichung von Penis-Fotos erpressen zu wollen.\n<\/p>\n<p><span class=\"redactor-invisible-space\"><\/span>Auch hierzulande wird die Problematik aufgegriffen: So hatte die BILD in Online-Beitr\u00e4gen \u00fcber einen Politiker berichtet, der  Opfer einer sexuellen Erpressung geworden war. Zu Anfang hatte der Politiker den  Erpressern noch Geld gezahlt. Nachdem die Erpressung jedoch nicht aufh\u00f6rte, wandte sich der Politiker an die Polizei und zeigte die T\u00e4ter an. Obwohl in den Berichten der BILD weder der Name des Politikers genannt noch dessen Bild gezeigt wurde, war er aufgrund der Ver\u00f6ffentlichung einer Reihe von Details (wie z.B. seine Parteizugeh\u00f6rigkeit, dem Ort seines politischen Wirkens, einer Abbildung des Geld\u00fcbergabeortes etc.) identifizierbar und ist auch tats\u00e4chlich erkannt worden.\n<\/p>\n<p>Das LG K\u00f6ln stellt nun klar (Beschl. v. 11.3.2019, Az. 28 O 55\/19, n.rkr.), dass das Recht des Politikers, nicht  als Opfer einer Straftat dargestellt zu werden, gegen\u00fcber dem Interesse der BILD an einer Berichterstattung \u00fcberwiegt.\n<\/p>\n<p>Rechtsanwalt Dr. Niklas S. Fischer, LL.M.:<br \/><i>\u201eAuch Personen, die im Licht der \u00d6ffentlichkeit stehen wie etwa Politiker, m\u00fcssen es nicht hinnehmen, wenn \u00fcber sie als Opfer einer Straftat berichtet wird. Dies gilt insbesondere dann, wenn sie Opfer einer<i> sexuellen Erpressung (sog. \u201aSextortion\u2018) geworden sind.<\/i>\u201c<\/i><\/p>\n","protected":false},"excerpt":{"rendered":"<p>Sp\u00e4testens seit den Vorw\u00fcrfen des Amazon-Chefs Jeff Bezos gegen das Trump-nahe Boulevard-Blatt \u201eNational Inquirer&#8221; hat das Thema \u201eSextortion\u201c sein mediales Schattendasein verlassen. Der Begriff \u201eSextortion\u201c setzt sich aus den englischen W\u00f6rtern \u201eSex\u201c und \u201eExtortion\u201c zusammen und bedeutet \u00fcbersetzt sexuelle Erpressung. Jeff Bezos hatte dem \u201eNational Inquirer&#8221; vorgeworfen, ihn mit der Ver\u00f6ffentlichung von Penis-Fotos erpressen zu [&hellip;]<\/p>\n","protected":false},"author":1,"featured_media":0,"comment_status":"closed","ping_status":"closed","sticky":false,"template":"","format":"standard","meta":{"_has_post_settings":[],"footnotes":""},"categories":[15],"tags":[],"hashtags":[],"ppma_author":[84],"class_list":["post-8317","post","type-post","status-publish","format-standard","hentry","category-news","author-hoecker_adm"],"yoast_head":"<!-- This site is optimized with the Yoast SEO Premium plugin v25.9 (Yoast SEO v27.0) - https:\/\/yoast.com\/product\/yoast-seo-premium-wordpress\/ -->\n<title>Auch Politiker haben ein Recht auf Opferschutz. LG K\u00f6ln verbietet BILD-Berichterstattungen \u00fcber einen Politiker, der zum \u201eSextortion\u201c-Opfer wurde. - H\u00d6CKER - der Blog<\/title>\n<meta name=\"robots\" content=\"index, follow, max-snippet:-1, max-image-preview:large, max-video-preview:-1\" \/>\n<link rel=\"canonical\" href=\"https:\/\/www.hoecker.eu\/blog\/auch-politiker-haben-ein-recht-auf-opferschutz-lg-koeln-verbietet-bild-berichterstattungen-ueber-einen-politiker-der-zum-sextortion-opfer-wurde\/\" \/>\n<meta property=\"og:locale\" content=\"de_DE\" \/>\n<meta property=\"og:type\" content=\"article\" \/>\n<meta property=\"og:title\" content=\"Auch Politiker haben ein Recht auf Opferschutz. LG K\u00f6ln verbietet BILD-Berichterstattungen \u00fcber einen Politiker, der zum \u201eSextortion\u201c-Opfer wurde.\" \/>\n<meta property=\"og:description\" content=\"Sp\u00e4testens seit den Vorw\u00fcrfen des Amazon-Chefs Jeff Bezos gegen das Trump-nahe Boulevard-Blatt \u201eNational Inquirer&#8221; hat das Thema \u201eSextortion\u201c sein mediales Schattendasein verlassen. Der Begriff \u201eSextortion\u201c setzt sich aus den englischen W\u00f6rtern \u201eSex\u201c und \u201eExtortion\u201c zusammen und bedeutet \u00fcbersetzt sexuelle Erpressung. Jeff Bezos hatte dem \u201eNational Inquirer&#8221; vorgeworfen, ihn mit der Ver\u00f6ffentlichung von Penis-Fotos erpressen zu [&hellip;]\" \/>\n<meta property=\"og:url\" content=\"https:\/\/www.hoecker.eu\/blog\/auch-politiker-haben-ein-recht-auf-opferschutz-lg-koeln-verbietet-bild-berichterstattungen-ueber-einen-politiker-der-zum-sextortion-opfer-wurde\/\" \/>\n<meta property=\"og:site_name\" content=\"H\u00d6CKER - der Blog\" \/>\n<meta property=\"article:publisher\" content=\"https:\/\/www.facebook.com\/HoeckerRAe\/\" \/>\n<meta property=\"article:author\" content=\"https:\/\/www.facebook.com\/ralf.hoecker\" \/>\n<meta property=\"article:published_time\" content=\"2019-04-04T12:22:00+00:00\" \/>\n<meta property=\"article:modified_time\" content=\"2025-02-17T13:56:23+00:00\" \/>\n<meta name=\"author\" content=\"Prof. Dr. Ralf H\u00f6cker\" \/>\n<meta name=\"twitter:card\" content=\"summary_large_image\" \/>\n<meta name=\"twitter:creator\" content=\"@Ralf_Hoecker\" \/>\n<meta name=\"twitter:site\" content=\"@hoecker_rae\" \/>\n<meta name=\"twitter:label1\" content=\"Verfasst von\" \/>\n\t<meta name=\"twitter:data1\" content=\"Prof. Dr. Ralf H\u00f6cker\" \/>\n\t<meta name=\"twitter:label2\" content=\"Gesch\u00e4tzte Lesezeit\" \/>\n\t<meta name=\"twitter:data2\" content=\"1\u00a0Minute\" \/>\n<script type=\"application\/ld+json\" class=\"yoast-schema-graph\">{\"@context\":\"https:\/\/schema.org\",\"@graph\":[{\"@type\":\"Article\",\"@id\":\"https:\/\/www.hoecker.eu\/blog\/auch-politiker-haben-ein-recht-auf-opferschutz-lg-koeln-verbietet-bild-berichterstattungen-ueber-einen-politiker-der-zum-sextortion-opfer-wurde\/#article\",\"isPartOf\":{\"@id\":\"https:\/\/www.hoecker.eu\/blog\/auch-politiker-haben-ein-recht-auf-opferschutz-lg-koeln-verbietet-bild-berichterstattungen-ueber-einen-politiker-der-zum-sextortion-opfer-wurde\/\"},\"author\":{\"name\":\"Prof. Dr. Ralf H\u00f6cker\",\"@id\":\"https:\/\/www.hoecker.eu\/blog\/#\/schema\/person\/08f95581eed0534eccd0b2438f7a1cab\"},\"headline\":\"Auch Politiker haben ein Recht auf Opferschutz. LG K\u00f6ln verbietet BILD-Berichterstattungen \u00fcber einen Politiker, der zum \u201eSextortion\u201c-Opfer wurde.\",\"datePublished\":\"2019-04-04T12:22:00+00:00\",\"dateModified\":\"2025-02-17T13:56:23+00:00\",\"mainEntityOfPage\":{\"@id\":\"https:\/\/www.hoecker.eu\/blog\/auch-politiker-haben-ein-recht-auf-opferschutz-lg-koeln-verbietet-bild-berichterstattungen-ueber-einen-politiker-der-zum-sextortion-opfer-wurde\/\"},\"wordCount\":268,\"publisher\":{\"@id\":\"https:\/\/www.hoecker.eu\/blog\/#organization\"},\"articleSection\":[\"News\"],\"inLanguage\":\"de\"},{\"@type\":\"WebPage\",\"@id\":\"https:\/\/www.hoecker.eu\/blog\/auch-politiker-haben-ein-recht-auf-opferschutz-lg-koeln-verbietet-bild-berichterstattungen-ueber-einen-politiker-der-zum-sextortion-opfer-wurde\/\",\"url\":\"https:\/\/www.hoecker.eu\/blog\/auch-politiker-haben-ein-recht-auf-opferschutz-lg-koeln-verbietet-bild-berichterstattungen-ueber-einen-politiker-der-zum-sextortion-opfer-wurde\/\",\"name\":\"Auch Politiker haben ein Recht auf Opferschutz. LG K\u00f6ln verbietet BILD-Berichterstattungen \u00fcber einen Politiker, der zum \u201eSextortion\u201c-Opfer wurde. - H\u00d6CKER - der Blog\",\"isPartOf\":{\"@id\":\"https:\/\/www.hoecker.eu\/blog\/#website\"},\"datePublished\":\"2019-04-04T12:22:00+00:00\",\"dateModified\":\"2025-02-17T13:56:23+00:00\",\"breadcrumb\":{\"@id\":\"https:\/\/www.hoecker.eu\/blog\/auch-politiker-haben-ein-recht-auf-opferschutz-lg-koeln-verbietet-bild-berichterstattungen-ueber-einen-politiker-der-zum-sextortion-opfer-wurde\/#breadcrumb\"},\"inLanguage\":\"de\",\"potentialAction\":[{\"@type\":\"ReadAction\",\"target\":[\"https:\/\/www.hoecker.eu\/blog\/auch-politiker-haben-ein-recht-auf-opferschutz-lg-koeln-verbietet-bild-berichterstattungen-ueber-einen-politiker-der-zum-sextortion-opfer-wurde\/\"]}]},{\"@type\":\"BreadcrumbList\",\"@id\":\"https:\/\/www.hoecker.eu\/blog\/auch-politiker-haben-ein-recht-auf-opferschutz-lg-koeln-verbietet-bild-berichterstattungen-ueber-einen-politiker-der-zum-sextortion-opfer-wurde\/#breadcrumb\",\"itemListElement\":[{\"@type\":\"ListItem\",\"position\":1,\"name\":\"Startseite\",\"item\":\"https:\/\/dev.hoecker.eu\/blog\/\"},{\"@type\":\"ListItem\",\"position\":2,\"name\":\"Auch Politiker haben ein Recht auf Opferschutz. LG K\u00f6ln verbietet BILD-Berichterstattungen \u00fcber einen Politiker, der zum \u201eSextortion\u201c-Opfer wurde.\"}]},{\"@type\":\"WebSite\",\"@id\":\"https:\/\/www.hoecker.eu\/blog\/#website\",\"url\":\"https:\/\/www.hoecker.eu\/blog\/\",\"name\":\"H\u00d6CKER - der Blog\",\"description\":\"Expertenblog f\u00fcr \u00c4u\u00dferungs-, Medien-, Marken-, Urheber- und Wettbewerbsrecht.\",\"publisher\":{\"@id\":\"https:\/\/www.hoecker.eu\/blog\/#organization\"},\"potentialAction\":[{\"@type\":\"SearchAction\",\"target\":{\"@type\":\"EntryPoint\",\"urlTemplate\":\"https:\/\/www.hoecker.eu\/blog\/?s={search_term_string}\"},\"query-input\":{\"@type\":\"PropertyValueSpecification\",\"valueRequired\":true,\"valueName\":\"search_term_string\"}}],\"inLanguage\":\"de\"},{\"@type\":\"Organization\",\"@id\":\"https:\/\/www.hoecker.eu\/blog\/#organization\",\"name\":\"H\u00d6CKER Rechtsanw\u00e4lte PartGmbB\",\"alternateName\":\"H\u00d6CKER\",\"url\":\"https:\/\/www.hoecker.eu\/blog\/\",\"logo\":{\"@type\":\"ImageObject\",\"inLanguage\":\"de\",\"@id\":\"https:\/\/www.hoecker.eu\/blog\/#\/schema\/logo\/image\/\",\"url\":\"https:\/\/www.hoecker.eu\/blog\/wp-content\/uploads\/2025\/03\/Blog-Logo.webp\",\"contentUrl\":\"https:\/\/www.hoecker.eu\/blog\/wp-content\/uploads\/2025\/03\/Blog-Logo.webp\",\"width\":500,\"height\":500,\"caption\":\"H\u00d6CKER Rechtsanw\u00e4lte PartGmbB\"},\"image\":{\"@id\":\"https:\/\/www.hoecker.eu\/blog\/#\/schema\/logo\/image\/\"},\"sameAs\":[\"https:\/\/www.facebook.com\/HoeckerRAe\/\",\"https:\/\/x.com\/hoecker_rae\",\"https:\/\/www.linkedin.com\/company\/hcker-rechtsanwlte\/\",\"https:\/\/www.instagram.com\/hoecker_rae\/\"],\"email\":\"contact@hoecker.eu\",\"telephone\":\"+ 49 (0)221-933 19-10\",\"legalName\":\"H\u00d6CKER Rechtsanw\u00e4lte PartGmbB\",\"numberOfEmployees\":{\"@type\":\"QuantitativeValue\",\"minValue\":\"11\",\"maxValue\":\"50\"}},{\"@type\":\"Person\",\"@id\":\"https:\/\/www.hoecker.eu\/blog\/#\/schema\/person\/08f95581eed0534eccd0b2438f7a1cab\",\"name\":\"Prof. Dr. Ralf H\u00f6cker\",\"description\":\"Medienanwalt. Besch\u00fctzer vor mieser Presse\",\"sameAs\":[\"https:\/\/www.hoecker.eu\/wer\/prof-dr-ralf-hoecker\",\"https:\/\/www.facebook.com\/ralf.hoecker\",\"https:\/\/www.linkedin.com\/in\/prof-dr-ralf-hcker-ll-m-london-17987826\/\",\"https:\/\/x.com\/Ralf_Hoecker\"],\"url\":\"https:\/\/www.hoecker.eu\/blog\/author\/hoecker_adm\/\"}]}<\/script>\n<!-- \/ Yoast SEO Premium plugin. -->","yoast_head_json":{"title":"Auch Politiker haben ein Recht auf Opferschutz. LG K\u00f6ln verbietet BILD-Berichterstattungen \u00fcber einen Politiker, der zum \u201eSextortion\u201c-Opfer wurde. - H\u00d6CKER - der Blog","robots":{"index":"index","follow":"follow","max-snippet":"max-snippet:-1","max-image-preview":"max-image-preview:large","max-video-preview":"max-video-preview:-1"},"canonical":"https:\/\/www.hoecker.eu\/blog\/auch-politiker-haben-ein-recht-auf-opferschutz-lg-koeln-verbietet-bild-berichterstattungen-ueber-einen-politiker-der-zum-sextortion-opfer-wurde\/","og_locale":"de_DE","og_type":"article","og_title":"Auch Politiker haben ein Recht auf Opferschutz. LG K\u00f6ln verbietet BILD-Berichterstattungen \u00fcber einen Politiker, der zum \u201eSextortion\u201c-Opfer wurde.","og_description":"Sp\u00e4testens seit den Vorw\u00fcrfen des Amazon-Chefs Jeff Bezos gegen das Trump-nahe Boulevard-Blatt \u201eNational Inquirer&#8221; hat das Thema \u201eSextortion\u201c sein mediales Schattendasein verlassen. Der Begriff \u201eSextortion\u201c setzt sich aus den englischen W\u00f6rtern \u201eSex\u201c und \u201eExtortion\u201c zusammen und bedeutet \u00fcbersetzt sexuelle Erpressung. Jeff Bezos hatte dem \u201eNational Inquirer&#8221; vorgeworfen, ihn mit der Ver\u00f6ffentlichung von Penis-Fotos erpressen zu [&hellip;]","og_url":"https:\/\/www.hoecker.eu\/blog\/auch-politiker-haben-ein-recht-auf-opferschutz-lg-koeln-verbietet-bild-berichterstattungen-ueber-einen-politiker-der-zum-sextortion-opfer-wurde\/","og_site_name":"H\u00d6CKER - der Blog","article_publisher":"https:\/\/www.facebook.com\/HoeckerRAe\/","article_author":"https:\/\/www.facebook.com\/ralf.hoecker","article_published_time":"2019-04-04T12:22:00+00:00","article_modified_time":"2025-02-17T13:56:23+00:00","author":"Prof. Dr. Ralf H\u00f6cker","twitter_card":"summary_large_image","twitter_creator":"@Ralf_Hoecker","twitter_site":"@hoecker_rae","twitter_misc":{"Verfasst von":"Prof. Dr. Ralf H\u00f6cker","Gesch\u00e4tzte Lesezeit":"1\u00a0Minute"},"schema":{"@context":"https:\/\/schema.org","@graph":[{"@type":"Article","@id":"https:\/\/www.hoecker.eu\/blog\/auch-politiker-haben-ein-recht-auf-opferschutz-lg-koeln-verbietet-bild-berichterstattungen-ueber-einen-politiker-der-zum-sextortion-opfer-wurde\/#article","isPartOf":{"@id":"https:\/\/www.hoecker.eu\/blog\/auch-politiker-haben-ein-recht-auf-opferschutz-lg-koeln-verbietet-bild-berichterstattungen-ueber-einen-politiker-der-zum-sextortion-opfer-wurde\/"},"author":{"name":"Prof. Dr. Ralf H\u00f6cker","@id":"https:\/\/www.hoecker.eu\/blog\/#\/schema\/person\/08f95581eed0534eccd0b2438f7a1cab"},"headline":"Auch Politiker haben ein Recht auf Opferschutz. LG K\u00f6ln verbietet BILD-Berichterstattungen \u00fcber einen Politiker, der zum \u201eSextortion\u201c-Opfer wurde.","datePublished":"2019-04-04T12:22:00+00:00","dateModified":"2025-02-17T13:56:23+00:00","mainEntityOfPage":{"@id":"https:\/\/www.hoecker.eu\/blog\/auch-politiker-haben-ein-recht-auf-opferschutz-lg-koeln-verbietet-bild-berichterstattungen-ueber-einen-politiker-der-zum-sextortion-opfer-wurde\/"},"wordCount":268,"publisher":{"@id":"https:\/\/www.hoecker.eu\/blog\/#organization"},"articleSection":["News"],"inLanguage":"de"},{"@type":"WebPage","@id":"https:\/\/www.hoecker.eu\/blog\/auch-politiker-haben-ein-recht-auf-opferschutz-lg-koeln-verbietet-bild-berichterstattungen-ueber-einen-politiker-der-zum-sextortion-opfer-wurde\/","url":"https:\/\/www.hoecker.eu\/blog\/auch-politiker-haben-ein-recht-auf-opferschutz-lg-koeln-verbietet-bild-berichterstattungen-ueber-einen-politiker-der-zum-sextortion-opfer-wurde\/","name":"Auch Politiker haben ein Recht auf Opferschutz. LG K\u00f6ln verbietet BILD-Berichterstattungen \u00fcber einen Politiker, der zum \u201eSextortion\u201c-Opfer wurde. - H\u00d6CKER - der Blog","isPartOf":{"@id":"https:\/\/www.hoecker.eu\/blog\/#website"},"datePublished":"2019-04-04T12:22:00+00:00","dateModified":"2025-02-17T13:56:23+00:00","breadcrumb":{"@id":"https:\/\/www.hoecker.eu\/blog\/auch-politiker-haben-ein-recht-auf-opferschutz-lg-koeln-verbietet-bild-berichterstattungen-ueber-einen-politiker-der-zum-sextortion-opfer-wurde\/#breadcrumb"},"inLanguage":"de","potentialAction":[{"@type":"ReadAction","target":["https:\/\/www.hoecker.eu\/blog\/auch-politiker-haben-ein-recht-auf-opferschutz-lg-koeln-verbietet-bild-berichterstattungen-ueber-einen-politiker-der-zum-sextortion-opfer-wurde\/"]}]},{"@type":"BreadcrumbList","@id":"https:\/\/www.hoecker.eu\/blog\/auch-politiker-haben-ein-recht-auf-opferschutz-lg-koeln-verbietet-bild-berichterstattungen-ueber-einen-politiker-der-zum-sextortion-opfer-wurde\/#breadcrumb","itemListElement":[{"@type":"ListItem","position":1,"name":"Startseite","item":"https:\/\/dev.hoecker.eu\/blog\/"},{"@type":"ListItem","position":2,"name":"Auch Politiker haben ein Recht auf Opferschutz. LG K\u00f6ln verbietet BILD-Berichterstattungen \u00fcber einen Politiker, der zum \u201eSextortion\u201c-Opfer wurde."}]},{"@type":"WebSite","@id":"https:\/\/www.hoecker.eu\/blog\/#website","url":"https:\/\/www.hoecker.eu\/blog\/","name":"H\u00d6CKER - der Blog","description":"Expertenblog f\u00fcr \u00c4u\u00dferungs-, Medien-, Marken-, Urheber- und Wettbewerbsrecht.","publisher":{"@id":"https:\/\/www.hoecker.eu\/blog\/#organization"},"potentialAction":[{"@type":"SearchAction","target":{"@type":"EntryPoint","urlTemplate":"https:\/\/www.hoecker.eu\/blog\/?s={search_term_string}"},"query-input":{"@type":"PropertyValueSpecification","valueRequired":true,"valueName":"search_term_string"}}],"inLanguage":"de"},{"@type":"Organization","@id":"https:\/\/www.hoecker.eu\/blog\/#organization","name":"H\u00d6CKER Rechtsanw\u00e4lte PartGmbB","alternateName":"H\u00d6CKER","url":"https:\/\/www.hoecker.eu\/blog\/","logo":{"@type":"ImageObject","inLanguage":"de","@id":"https:\/\/www.hoecker.eu\/blog\/#\/schema\/logo\/image\/","url":"https:\/\/www.hoecker.eu\/blog\/wp-content\/uploads\/2025\/03\/Blog-Logo.webp","contentUrl":"https:\/\/www.hoecker.eu\/blog\/wp-content\/uploads\/2025\/03\/Blog-Logo.webp","width":500,"height":500,"caption":"H\u00d6CKER Rechtsanw\u00e4lte PartGmbB"},"image":{"@id":"https:\/\/www.hoecker.eu\/blog\/#\/schema\/logo\/image\/"},"sameAs":["https:\/\/www.facebook.com\/HoeckerRAe\/","https:\/\/x.com\/hoecker_rae","https:\/\/www.linkedin.com\/company\/hcker-rechtsanwlte\/","https:\/\/www.instagram.com\/hoecker_rae\/"],"email":"contact@hoecker.eu","telephone":"+ 49 (0)221-933 19-10","legalName":"H\u00d6CKER Rechtsanw\u00e4lte PartGmbB","numberOfEmployees":{"@type":"QuantitativeValue","minValue":"11","maxValue":"50"}},{"@type":"Person","@id":"https:\/\/www.hoecker.eu\/blog\/#\/schema\/person\/08f95581eed0534eccd0b2438f7a1cab","name":"Prof. Dr. Ralf H\u00f6cker","description":"Medienanwalt. Besch\u00fctzer vor mieser Presse","sameAs":["https:\/\/www.hoecker.eu\/wer\/prof-dr-ralf-hoecker","https:\/\/www.facebook.com\/ralf.hoecker","https:\/\/www.linkedin.com\/in\/prof-dr-ralf-hcker-ll-m-london-17987826\/","https:\/\/x.com\/Ralf_Hoecker"],"url":"https:\/\/www.hoecker.eu\/blog\/author\/hoecker_adm\/"}]}},"authors":[{"term_id":84,"user_id":1,"is_guest":0,"slug":"hoecker_adm","display_name":"Prof. Dr. Ralf H\u00f6cker","avatar_url":{"url":"https:\/\/www.hoecker.eu\/blog\/wp-content\/uploads\/2023\/12\/ProfDrRalfHoecker.jpg","url2x":"https:\/\/www.hoecker.eu\/blog\/wp-content\/uploads\/2023\/12\/ProfDrRalfHoecker.jpg"},"0":null,"1":"","2":"","3":"","4":"","5":"","6":"","7":"","8":"","9":"","10":"","11":""}],"_links":{"self":[{"href":"https:\/\/www.hoecker.eu\/blog\/wp-json\/wp\/v2\/posts\/8317","targetHints":{"allow":["GET"]}}],"collection":[{"href":"https:\/\/www.hoecker.eu\/blog\/wp-json\/wp\/v2\/posts"}],"about":[{"href":"https:\/\/www.hoecker.eu\/blog\/wp-json\/wp\/v2\/types\/post"}],"author":[{"embeddable":true,"href":"https:\/\/www.hoecker.eu\/blog\/wp-json\/wp\/v2\/users\/1"}],"replies":[{"embeddable":true,"href":"https:\/\/www.hoecker.eu\/blog\/wp-json\/wp\/v2\/comments?post=8317"}],"version-history":[{"count":1,"href":"https:\/\/www.hoecker.eu\/blog\/wp-json\/wp\/v2\/posts\/8317\/revisions"}],"predecessor-version":[{"id":9439,"href":"https:\/\/www.hoecker.eu\/blog\/wp-json\/wp\/v2\/posts\/8317\/revisions\/9439"}],"wp:attachment":[{"href":"https:\/\/www.hoecker.eu\/blog\/wp-json\/wp\/v2\/media?parent=8317"}],"wp:term":[{"taxonomy":"category","embeddable":true,"href":"https:\/\/www.hoecker.eu\/blog\/wp-json\/wp\/v2\/categories?post=8317"},{"taxonomy":"post_tag","embeddable":true,"href":"https:\/\/www.hoecker.eu\/blog\/wp-json\/wp\/v2\/tags?post=8317"},{"taxonomy":"hashtags","embeddable":true,"href":"https:\/\/www.hoecker.eu\/blog\/wp-json\/wp\/v2\/hashtags?post=8317"},{"taxonomy":"author","embeddable":true,"href":"https:\/\/www.hoecker.eu\/blog\/wp-json\/wp\/v2\/ppma_author?post=8317"}],"curies":[{"name":"wp","href":"https:\/\/api.w.org\/{rel}","templated":true}]}}