{"id":8316,"date":"2019-04-23T10:56:25","date_gmt":"2019-04-23T08:56:25","guid":{"rendered":"https:\/\/www.hoecker.eu\/blog\/europaeisches-markenamt-erklaert-elitepartner-marken-fuer-nichtig\/"},"modified":"2025-02-17T14:56:23","modified_gmt":"2025-02-17T13:56:23","slug":"europaeisches-markenamt-erklaert-elitepartner-marken-fuer-nichtig","status":"publish","type":"post","link":"https:\/\/www.hoecker.eu\/blog\/europaeisches-markenamt-erklaert-elitepartner-marken-fuer-nichtig\/","title":{"rendered":"Europ\u00e4isches Markenamt erkl\u00e4rt ElitePartner-Marken f\u00fcr nichtig."},"content":{"rendered":"<p>Das Europ\u00e4ische Markenamt (EUIPO) hat die Unionsmarken \u201eElitePartner\u201c (Nr. 017532169), \u201eElitePartner F\u00fcr Akademiker und Singles mit Niveau\u201c (Nr. 017557497) und  \u201eElitepartner &#8211; Akademiker und Singles mit Niveau\u201c (Nr. 11368248) der bekannten Online-Partnervermittlung \u201eElitePartner\u201c teilweise<strong> <\/strong>f\u00fcr nichtig erkl\u00e4rt (Entscheidungen v. 16.4.2019 und 29.3.2019, Az. 20761C, 21005C und 14444C, nicht rechtskr\u00e4ftig). H\u00d6CKER Rechtsanw\u00e4lte hatten f\u00fcr die Spark Networks Services GmbH, die u.a. die Online-Partnerschaftsvermittlung eDarling betreibt, beim EUIPO Nichtigkeitsantr\u00e4ge wegen absoluter Schutzhindernisse gegen die Marken gestellt.<\/p>\n<p>Nach Art. 7 der Unionsmarkenverordnung (UMV) sind Marken schutzunf\u00e4hig und d\u00fcrfen nicht eingetragen werden, wenn sie keine Unterscheidungskraft haben, also nicht geeignet sind, die Waren oder Dienstleistungen eines Unternehmens von denjenigen anderer Unternehmen zu unterscheiden. Bereits eingetragene Marken k\u00f6nnen auch sp\u00e4ter f\u00fcr nichtig erkl\u00e4rt und gel\u00f6scht werden, wenn sie nicht unterscheidungskr\u00e4ftig sind. Die Marken waren u.a. f\u00fcr die Dienstleistung \u201eEhe- und Partnerschaftsvermittlung\u201c eingetragen. Das EUIPO entschied nun, dass die Marken lediglich eine offenkundig werbende und anpreisende Bedeutung haben, deren Funktion darin bestehe, ein Merkmal der angegriffenen Dienstleistungen zu beschreiben. Daher besitze die Unionsmarke in ihrer Gesamtheit f\u00fcr die jeweils gel\u00f6schten Dienstleistungen keine Unterscheidungskraft. Das Markenamt ordnete daher die L\u00f6schung der Marken f\u00fcr zahlreiche Waren und Dienstleistungen an.<\/p>\n<p>Dieses Verfahren ist nicht das einzige, das sich gegen die Marken von ElitePartner richtet. Bereits am 15.03.2017 hatte das EUIPO die Unionsmarke \u201eElitePartner\u201c (Nr. 5996351) auf Antrag von H\u00d6CKER Rechtsanw\u00e4lte vollst\u00e4ndig f\u00fcr nichtig erkl\u00e4rt (Az. 11798C). Gegen die Best\u00e4tigung dieser Entscheidung durch das EUIPO (Beschluss v. 25.10.2018, Az. 614\/2017-1) hat ElitePartner Klage beim Gericht der Europ\u00e4ischen Union (EuG) eingereicht (Az. T-36\/19). Auch gegen zahlreiche andere Marken von ElitePartner laufen derzeit beim EUIPO, sowie beim Deutschen und \u00d6sterreichischen Markenamt L\u00f6schungsverfahren. Sollten diese Marken rechtskr\u00e4ftig f\u00fcr nichtig erkl\u00e4rt werden, k\u00f6nnten sich in zahlreichen L\u00e4ndern der EU andere Online-Partnerschaftsvermittlungen ebenfalls \u201eElitePartner\u201c nennen, ohne dass dies gegen das Markenrecht versto\u00dfen w\u00fcrde.<\/p>\n<p>Rechtsanwalt Dr. Johannes Gr\u00e4big:<br \/><em>\u201eBei der Anmeldung von Marken sollte man auf beschreibende Bezeichnungen verzichten. Selbst wenn solche Marken eingetragen werden, so droht ihnen doch immer die nachtr\u00e4gliche L\u00f6schung.\u201c<\/em><\/p>\n","protected":false},"excerpt":{"rendered":"<p>Das Europ\u00e4ische Markenamt (EUIPO) hat die Unionsmarken \u201eElitePartner\u201c (Nr. 017532169), \u201eElitePartner F\u00fcr Akademiker und Singles mit Niveau\u201c (Nr. 017557497) und \u201eElitepartner &#8211; Akademiker und Singles mit Niveau\u201c (Nr. 11368248) der bekannten Online-Partnervermittlung \u201eElitePartner\u201c teilweise f\u00fcr nichtig erkl\u00e4rt (Entscheidungen v. 16.4.2019 und 29.3.2019, Az. 20761C, 21005C und 14444C, nicht rechtskr\u00e4ftig). H\u00d6CKER Rechtsanw\u00e4lte hatten f\u00fcr die Spark [&hellip;]<\/p>\n","protected":false},"author":1,"featured_media":0,"comment_status":"closed","ping_status":"closed","sticky":false,"template":"","format":"standard","meta":{"_has_post_settings":[],"footnotes":""},"categories":[15],"tags":[],"hashtags":[],"ppma_author":[84],"class_list":["post-8316","post","type-post","status-publish","format-standard","hentry","category-news","author-hoecker_adm"],"yoast_head":"<!-- This site is optimized with the Yoast SEO Premium plugin v25.9 (Yoast SEO v27.0) - https:\/\/yoast.com\/product\/yoast-seo-premium-wordpress\/ -->\n<title>Europ\u00e4isches Markenamt erkl\u00e4rt ElitePartner-Marken f\u00fcr nichtig. - H\u00d6CKER - der Blog<\/title>\n<meta name=\"robots\" content=\"index, follow, max-snippet:-1, max-image-preview:large, max-video-preview:-1\" \/>\n<link rel=\"canonical\" href=\"https:\/\/www.hoecker.eu\/blog\/europaeisches-markenamt-erklaert-elitepartner-marken-fuer-nichtig\/\" \/>\n<meta property=\"og:locale\" content=\"de_DE\" \/>\n<meta property=\"og:type\" content=\"article\" \/>\n<meta property=\"og:title\" content=\"Europ\u00e4isches Markenamt erkl\u00e4rt ElitePartner-Marken f\u00fcr nichtig.\" \/>\n<meta property=\"og:description\" content=\"Das Europ\u00e4ische Markenamt (EUIPO) hat die Unionsmarken \u201eElitePartner\u201c (Nr. 017532169), \u201eElitePartner F\u00fcr Akademiker und Singles mit Niveau\u201c (Nr. 017557497) und \u201eElitepartner &#8211; Akademiker und Singles mit Niveau\u201c (Nr. 11368248) der bekannten Online-Partnervermittlung \u201eElitePartner\u201c teilweise f\u00fcr nichtig erkl\u00e4rt (Entscheidungen v. 16.4.2019 und 29.3.2019, Az. 20761C, 21005C und 14444C, nicht rechtskr\u00e4ftig). H\u00d6CKER Rechtsanw\u00e4lte hatten f\u00fcr die Spark [&hellip;]\" \/>\n<meta property=\"og:url\" content=\"https:\/\/www.hoecker.eu\/blog\/europaeisches-markenamt-erklaert-elitepartner-marken-fuer-nichtig\/\" \/>\n<meta property=\"og:site_name\" content=\"H\u00d6CKER - der Blog\" \/>\n<meta property=\"article:publisher\" content=\"https:\/\/www.facebook.com\/HoeckerRAe\/\" \/>\n<meta property=\"article:author\" content=\"https:\/\/www.facebook.com\/ralf.hoecker\" \/>\n<meta property=\"article:published_time\" content=\"2019-04-23T08:56:25+00:00\" \/>\n<meta property=\"article:modified_time\" content=\"2025-02-17T13:56:23+00:00\" \/>\n<meta name=\"author\" content=\"Prof. Dr. Ralf H\u00f6cker\" \/>\n<meta name=\"twitter:card\" content=\"summary_large_image\" \/>\n<meta name=\"twitter:creator\" content=\"@Ralf_Hoecker\" \/>\n<meta name=\"twitter:site\" content=\"@hoecker_rae\" \/>\n<meta name=\"twitter:label1\" content=\"Verfasst von\" \/>\n\t<meta name=\"twitter:data1\" content=\"Prof. Dr. Ralf H\u00f6cker\" \/>\n\t<meta name=\"twitter:label2\" content=\"Gesch\u00e4tzte Lesezeit\" \/>\n\t<meta name=\"twitter:data2\" content=\"2\u00a0Minuten\" \/>\n<script type=\"application\/ld+json\" class=\"yoast-schema-graph\">{\"@context\":\"https:\/\/schema.org\",\"@graph\":[{\"@type\":\"Article\",\"@id\":\"https:\/\/www.hoecker.eu\/blog\/europaeisches-markenamt-erklaert-elitepartner-marken-fuer-nichtig\/#article\",\"isPartOf\":{\"@id\":\"https:\/\/www.hoecker.eu\/blog\/europaeisches-markenamt-erklaert-elitepartner-marken-fuer-nichtig\/\"},\"author\":{\"name\":\"Prof. Dr. Ralf H\u00f6cker\",\"@id\":\"https:\/\/www.hoecker.eu\/blog\/#\/schema\/person\/08f95581eed0534eccd0b2438f7a1cab\"},\"headline\":\"Europ\u00e4isches Markenamt erkl\u00e4rt ElitePartner-Marken f\u00fcr nichtig.\",\"datePublished\":\"2019-04-23T08:56:25+00:00\",\"dateModified\":\"2025-02-17T13:56:23+00:00\",\"mainEntityOfPage\":{\"@id\":\"https:\/\/www.hoecker.eu\/blog\/europaeisches-markenamt-erklaert-elitepartner-marken-fuer-nichtig\/\"},\"wordCount\":369,\"publisher\":{\"@id\":\"https:\/\/www.hoecker.eu\/blog\/#organization\"},\"articleSection\":[\"News\"],\"inLanguage\":\"de\"},{\"@type\":\"WebPage\",\"@id\":\"https:\/\/www.hoecker.eu\/blog\/europaeisches-markenamt-erklaert-elitepartner-marken-fuer-nichtig\/\",\"url\":\"https:\/\/www.hoecker.eu\/blog\/europaeisches-markenamt-erklaert-elitepartner-marken-fuer-nichtig\/\",\"name\":\"Europ\u00e4isches Markenamt erkl\u00e4rt ElitePartner-Marken f\u00fcr nichtig. - H\u00d6CKER - der Blog\",\"isPartOf\":{\"@id\":\"https:\/\/www.hoecker.eu\/blog\/#website\"},\"datePublished\":\"2019-04-23T08:56:25+00:00\",\"dateModified\":\"2025-02-17T13:56:23+00:00\",\"breadcrumb\":{\"@id\":\"https:\/\/www.hoecker.eu\/blog\/europaeisches-markenamt-erklaert-elitepartner-marken-fuer-nichtig\/#breadcrumb\"},\"inLanguage\":\"de\",\"potentialAction\":[{\"@type\":\"ReadAction\",\"target\":[\"https:\/\/www.hoecker.eu\/blog\/europaeisches-markenamt-erklaert-elitepartner-marken-fuer-nichtig\/\"]}]},{\"@type\":\"BreadcrumbList\",\"@id\":\"https:\/\/www.hoecker.eu\/blog\/europaeisches-markenamt-erklaert-elitepartner-marken-fuer-nichtig\/#breadcrumb\",\"itemListElement\":[{\"@type\":\"ListItem\",\"position\":1,\"name\":\"Startseite\",\"item\":\"https:\/\/dev.hoecker.eu\/blog\/\"},{\"@type\":\"ListItem\",\"position\":2,\"name\":\"Europ\u00e4isches Markenamt erkl\u00e4rt ElitePartner-Marken f\u00fcr nichtig.\"}]},{\"@type\":\"WebSite\",\"@id\":\"https:\/\/www.hoecker.eu\/blog\/#website\",\"url\":\"https:\/\/www.hoecker.eu\/blog\/\",\"name\":\"H\u00d6CKER - der Blog\",\"description\":\"Expertenblog f\u00fcr \u00c4u\u00dferungs-, Medien-, Marken-, Urheber- und Wettbewerbsrecht.\",\"publisher\":{\"@id\":\"https:\/\/www.hoecker.eu\/blog\/#organization\"},\"potentialAction\":[{\"@type\":\"SearchAction\",\"target\":{\"@type\":\"EntryPoint\",\"urlTemplate\":\"https:\/\/www.hoecker.eu\/blog\/?s={search_term_string}\"},\"query-input\":{\"@type\":\"PropertyValueSpecification\",\"valueRequired\":true,\"valueName\":\"search_term_string\"}}],\"inLanguage\":\"de\"},{\"@type\":\"Organization\",\"@id\":\"https:\/\/www.hoecker.eu\/blog\/#organization\",\"name\":\"H\u00d6CKER Rechtsanw\u00e4lte PartGmbB\",\"alternateName\":\"H\u00d6CKER\",\"url\":\"https:\/\/www.hoecker.eu\/blog\/\",\"logo\":{\"@type\":\"ImageObject\",\"inLanguage\":\"de\",\"@id\":\"https:\/\/www.hoecker.eu\/blog\/#\/schema\/logo\/image\/\",\"url\":\"https:\/\/www.hoecker.eu\/blog\/wp-content\/uploads\/2025\/03\/Blog-Logo.webp\",\"contentUrl\":\"https:\/\/www.hoecker.eu\/blog\/wp-content\/uploads\/2025\/03\/Blog-Logo.webp\",\"width\":500,\"height\":500,\"caption\":\"H\u00d6CKER Rechtsanw\u00e4lte PartGmbB\"},\"image\":{\"@id\":\"https:\/\/www.hoecker.eu\/blog\/#\/schema\/logo\/image\/\"},\"sameAs\":[\"https:\/\/www.facebook.com\/HoeckerRAe\/\",\"https:\/\/x.com\/hoecker_rae\",\"https:\/\/www.linkedin.com\/company\/hcker-rechtsanwlte\/\",\"https:\/\/www.instagram.com\/hoecker_rae\/\"],\"email\":\"contact@hoecker.eu\",\"telephone\":\"+ 49 (0)221-933 19-10\",\"legalName\":\"H\u00d6CKER Rechtsanw\u00e4lte PartGmbB\",\"numberOfEmployees\":{\"@type\":\"QuantitativeValue\",\"minValue\":\"11\",\"maxValue\":\"50\"}},{\"@type\":\"Person\",\"@id\":\"https:\/\/www.hoecker.eu\/blog\/#\/schema\/person\/08f95581eed0534eccd0b2438f7a1cab\",\"name\":\"Prof. Dr. Ralf H\u00f6cker\",\"description\":\"Medienanwalt. Besch\u00fctzer vor mieser Presse\",\"sameAs\":[\"https:\/\/www.hoecker.eu\/wer\/prof-dr-ralf-hoecker\",\"https:\/\/www.facebook.com\/ralf.hoecker\",\"https:\/\/www.linkedin.com\/in\/prof-dr-ralf-hcker-ll-m-london-17987826\/\",\"https:\/\/x.com\/Ralf_Hoecker\"],\"url\":\"https:\/\/www.hoecker.eu\/blog\/author\/hoecker_adm\/\"}]}<\/script>\n<!-- \/ Yoast SEO Premium plugin. -->","yoast_head_json":{"title":"Europ\u00e4isches Markenamt erkl\u00e4rt ElitePartner-Marken f\u00fcr nichtig. - H\u00d6CKER - der Blog","robots":{"index":"index","follow":"follow","max-snippet":"max-snippet:-1","max-image-preview":"max-image-preview:large","max-video-preview":"max-video-preview:-1"},"canonical":"https:\/\/www.hoecker.eu\/blog\/europaeisches-markenamt-erklaert-elitepartner-marken-fuer-nichtig\/","og_locale":"de_DE","og_type":"article","og_title":"Europ\u00e4isches Markenamt erkl\u00e4rt ElitePartner-Marken f\u00fcr nichtig.","og_description":"Das Europ\u00e4ische Markenamt (EUIPO) hat die Unionsmarken \u201eElitePartner\u201c (Nr. 017532169), \u201eElitePartner F\u00fcr Akademiker und Singles mit Niveau\u201c (Nr. 017557497) und \u201eElitepartner &#8211; Akademiker und Singles mit Niveau\u201c (Nr. 11368248) der bekannten Online-Partnervermittlung \u201eElitePartner\u201c teilweise f\u00fcr nichtig erkl\u00e4rt (Entscheidungen v. 16.4.2019 und 29.3.2019, Az. 20761C, 21005C und 14444C, nicht rechtskr\u00e4ftig). H\u00d6CKER Rechtsanw\u00e4lte hatten f\u00fcr die Spark [&hellip;]","og_url":"https:\/\/www.hoecker.eu\/blog\/europaeisches-markenamt-erklaert-elitepartner-marken-fuer-nichtig\/","og_site_name":"H\u00d6CKER - der Blog","article_publisher":"https:\/\/www.facebook.com\/HoeckerRAe\/","article_author":"https:\/\/www.facebook.com\/ralf.hoecker","article_published_time":"2019-04-23T08:56:25+00:00","article_modified_time":"2025-02-17T13:56:23+00:00","author":"Prof. Dr. Ralf H\u00f6cker","twitter_card":"summary_large_image","twitter_creator":"@Ralf_Hoecker","twitter_site":"@hoecker_rae","twitter_misc":{"Verfasst von":"Prof. Dr. Ralf H\u00f6cker","Gesch\u00e4tzte Lesezeit":"2\u00a0Minuten"},"schema":{"@context":"https:\/\/schema.org","@graph":[{"@type":"Article","@id":"https:\/\/www.hoecker.eu\/blog\/europaeisches-markenamt-erklaert-elitepartner-marken-fuer-nichtig\/#article","isPartOf":{"@id":"https:\/\/www.hoecker.eu\/blog\/europaeisches-markenamt-erklaert-elitepartner-marken-fuer-nichtig\/"},"author":{"name":"Prof. Dr. Ralf H\u00f6cker","@id":"https:\/\/www.hoecker.eu\/blog\/#\/schema\/person\/08f95581eed0534eccd0b2438f7a1cab"},"headline":"Europ\u00e4isches Markenamt erkl\u00e4rt ElitePartner-Marken f\u00fcr nichtig.","datePublished":"2019-04-23T08:56:25+00:00","dateModified":"2025-02-17T13:56:23+00:00","mainEntityOfPage":{"@id":"https:\/\/www.hoecker.eu\/blog\/europaeisches-markenamt-erklaert-elitepartner-marken-fuer-nichtig\/"},"wordCount":369,"publisher":{"@id":"https:\/\/www.hoecker.eu\/blog\/#organization"},"articleSection":["News"],"inLanguage":"de"},{"@type":"WebPage","@id":"https:\/\/www.hoecker.eu\/blog\/europaeisches-markenamt-erklaert-elitepartner-marken-fuer-nichtig\/","url":"https:\/\/www.hoecker.eu\/blog\/europaeisches-markenamt-erklaert-elitepartner-marken-fuer-nichtig\/","name":"Europ\u00e4isches Markenamt erkl\u00e4rt ElitePartner-Marken f\u00fcr nichtig. - H\u00d6CKER - der Blog","isPartOf":{"@id":"https:\/\/www.hoecker.eu\/blog\/#website"},"datePublished":"2019-04-23T08:56:25+00:00","dateModified":"2025-02-17T13:56:23+00:00","breadcrumb":{"@id":"https:\/\/www.hoecker.eu\/blog\/europaeisches-markenamt-erklaert-elitepartner-marken-fuer-nichtig\/#breadcrumb"},"inLanguage":"de","potentialAction":[{"@type":"ReadAction","target":["https:\/\/www.hoecker.eu\/blog\/europaeisches-markenamt-erklaert-elitepartner-marken-fuer-nichtig\/"]}]},{"@type":"BreadcrumbList","@id":"https:\/\/www.hoecker.eu\/blog\/europaeisches-markenamt-erklaert-elitepartner-marken-fuer-nichtig\/#breadcrumb","itemListElement":[{"@type":"ListItem","position":1,"name":"Startseite","item":"https:\/\/dev.hoecker.eu\/blog\/"},{"@type":"ListItem","position":2,"name":"Europ\u00e4isches Markenamt erkl\u00e4rt ElitePartner-Marken f\u00fcr nichtig."}]},{"@type":"WebSite","@id":"https:\/\/www.hoecker.eu\/blog\/#website","url":"https:\/\/www.hoecker.eu\/blog\/","name":"H\u00d6CKER - der Blog","description":"Expertenblog f\u00fcr \u00c4u\u00dferungs-, Medien-, Marken-, Urheber- und Wettbewerbsrecht.","publisher":{"@id":"https:\/\/www.hoecker.eu\/blog\/#organization"},"potentialAction":[{"@type":"SearchAction","target":{"@type":"EntryPoint","urlTemplate":"https:\/\/www.hoecker.eu\/blog\/?s={search_term_string}"},"query-input":{"@type":"PropertyValueSpecification","valueRequired":true,"valueName":"search_term_string"}}],"inLanguage":"de"},{"@type":"Organization","@id":"https:\/\/www.hoecker.eu\/blog\/#organization","name":"H\u00d6CKER Rechtsanw\u00e4lte PartGmbB","alternateName":"H\u00d6CKER","url":"https:\/\/www.hoecker.eu\/blog\/","logo":{"@type":"ImageObject","inLanguage":"de","@id":"https:\/\/www.hoecker.eu\/blog\/#\/schema\/logo\/image\/","url":"https:\/\/www.hoecker.eu\/blog\/wp-content\/uploads\/2025\/03\/Blog-Logo.webp","contentUrl":"https:\/\/www.hoecker.eu\/blog\/wp-content\/uploads\/2025\/03\/Blog-Logo.webp","width":500,"height":500,"caption":"H\u00d6CKER Rechtsanw\u00e4lte PartGmbB"},"image":{"@id":"https:\/\/www.hoecker.eu\/blog\/#\/schema\/logo\/image\/"},"sameAs":["https:\/\/www.facebook.com\/HoeckerRAe\/","https:\/\/x.com\/hoecker_rae","https:\/\/www.linkedin.com\/company\/hcker-rechtsanwlte\/","https:\/\/www.instagram.com\/hoecker_rae\/"],"email":"contact@hoecker.eu","telephone":"+ 49 (0)221-933 19-10","legalName":"H\u00d6CKER Rechtsanw\u00e4lte PartGmbB","numberOfEmployees":{"@type":"QuantitativeValue","minValue":"11","maxValue":"50"}},{"@type":"Person","@id":"https:\/\/www.hoecker.eu\/blog\/#\/schema\/person\/08f95581eed0534eccd0b2438f7a1cab","name":"Prof. Dr. Ralf H\u00f6cker","description":"Medienanwalt. Besch\u00fctzer vor mieser Presse","sameAs":["https:\/\/www.hoecker.eu\/wer\/prof-dr-ralf-hoecker","https:\/\/www.facebook.com\/ralf.hoecker","https:\/\/www.linkedin.com\/in\/prof-dr-ralf-hcker-ll-m-london-17987826\/","https:\/\/x.com\/Ralf_Hoecker"],"url":"https:\/\/www.hoecker.eu\/blog\/author\/hoecker_adm\/"}]}},"authors":[{"term_id":84,"user_id":1,"is_guest":0,"slug":"hoecker_adm","display_name":"Prof. Dr. Ralf H\u00f6cker","avatar_url":{"url":"https:\/\/www.hoecker.eu\/blog\/wp-content\/uploads\/2023\/12\/ProfDrRalfHoecker.jpg","url2x":"https:\/\/www.hoecker.eu\/blog\/wp-content\/uploads\/2023\/12\/ProfDrRalfHoecker.jpg"},"0":null,"1":"","2":"","3":"","4":"","5":"","6":"","7":"","8":"","9":"","10":"","11":""}],"_links":{"self":[{"href":"https:\/\/www.hoecker.eu\/blog\/wp-json\/wp\/v2\/posts\/8316","targetHints":{"allow":["GET"]}}],"collection":[{"href":"https:\/\/www.hoecker.eu\/blog\/wp-json\/wp\/v2\/posts"}],"about":[{"href":"https:\/\/www.hoecker.eu\/blog\/wp-json\/wp\/v2\/types\/post"}],"author":[{"embeddable":true,"href":"https:\/\/www.hoecker.eu\/blog\/wp-json\/wp\/v2\/users\/1"}],"replies":[{"embeddable":true,"href":"https:\/\/www.hoecker.eu\/blog\/wp-json\/wp\/v2\/comments?post=8316"}],"version-history":[{"count":1,"href":"https:\/\/www.hoecker.eu\/blog\/wp-json\/wp\/v2\/posts\/8316\/revisions"}],"predecessor-version":[{"id":9438,"href":"https:\/\/www.hoecker.eu\/blog\/wp-json\/wp\/v2\/posts\/8316\/revisions\/9438"}],"wp:attachment":[{"href":"https:\/\/www.hoecker.eu\/blog\/wp-json\/wp\/v2\/media?parent=8316"}],"wp:term":[{"taxonomy":"category","embeddable":true,"href":"https:\/\/www.hoecker.eu\/blog\/wp-json\/wp\/v2\/categories?post=8316"},{"taxonomy":"post_tag","embeddable":true,"href":"https:\/\/www.hoecker.eu\/blog\/wp-json\/wp\/v2\/tags?post=8316"},{"taxonomy":"hashtags","embeddable":true,"href":"https:\/\/www.hoecker.eu\/blog\/wp-json\/wp\/v2\/hashtags?post=8316"},{"taxonomy":"author","embeddable":true,"href":"https:\/\/www.hoecker.eu\/blog\/wp-json\/wp\/v2\/ppma_author?post=8316"}],"curies":[{"name":"wp","href":"https:\/\/api.w.org\/{rel}","templated":true}]}}