{"id":8310,"date":"2019-06-04T16:44:00","date_gmt":"2019-06-04T14:44:00","guid":{"rendered":"https:\/\/www.hoecker.eu\/blog\/auch-eine-lokalzeitung-muss-die-grundsaetze-der-verdachtsberichterstattung-beachten-gericht-verbietet-die-verbreitung-von-vorwuerfen-ueber-politiker\/"},"modified":"2025-02-17T14:56:19","modified_gmt":"2025-02-17T13:56:19","slug":"auch-eine-lokalzeitung-muss-die-grundsaetze-der-verdachtsberichterstattung-beachten-gericht-verbietet-die-verbreitung-von-vorwuerfen-ueber-politiker","status":"publish","type":"post","link":"https:\/\/www.hoecker.eu\/blog\/auch-eine-lokalzeitung-muss-die-grundsaetze-der-verdachtsberichterstattung-beachten-gericht-verbietet-die-verbreitung-von-vorwuerfen-ueber-politiker\/","title":{"rendered":"Auch eine Lokalzeitung muss die Grunds\u00e4tze der Verdachtsberichterstattung beachten &#8211; Gericht verbietet die Verbreitung von Vorw\u00fcrfen \u00fcber Politiker."},"content":{"rendered":"<p>Eine Lokalzeitung hatte in identifizierender Weise \u00fcber den Verdacht der Untreue und des Subventionsbetrugs berichtet. Die Vorw\u00fcrfe richteten sich gegen sich gegen zwei Ratsmitglieder unterschiedlicher Parteien (Gr\u00fcne und SPD) und standen im Zusammenhang mit der Ver\u00e4u\u00dferung eines st\u00e4dtischen Grundst\u00fccks.<\/p>\n<p>Allerdings waren die Vorw\u00fcrfe frei erfunden. Sie stammten aus der Sph\u00e4re eines Bieters im Verfahren \u00fcber die Ver\u00e4u\u00dferung des Grundst\u00fccks, der nicht zum Zuge gekommen war und anschlie\u00dfend mit pers\u00f6nlichen Angriffen gegen die politischen Entscheider nachtrat. Ein schlechter Verlierer.<\/p>\n<p>Da die Lokalzeitung die Politiker vor der Berichterstattung auch nicht anh\u00f6rte und ihnen keine Gelegenheit zur Stellungnahme gab, war der Verdachtsbericht klar rechtswidrig.<\/p>\n<p>Beide Politiker lie\u00dfen die Vorw\u00fcrfe nicht auf sich sitzen und gingen mit Hilfe von H\u00d6CKER gegen die Berichterstattung vor. Mit Erfolg: Auf die ausgesprochene Abmahnung gab die Zeitung eine Unterlassungserkl\u00e4rung ab und l\u00f6schte den Artikel, noch bevor er sich im Internet weiterverbreiten konnte. Zudem gab nun auch ein Gericht den Politikern recht und verurteilte die Zeitung zur Erstattung der Abmahnkosten in voller H\u00f6he.<em><br \/><\/em><\/p>\n","protected":false},"excerpt":{"rendered":"<p>Eine Lokalzeitung hatte in identifizierender Weise \u00fcber den Verdacht der Untreue und des Subventionsbetrugs berichtet. Die Vorw\u00fcrfe richteten sich gegen sich gegen zwei Ratsmitglieder unterschiedlicher Parteien (Gr\u00fcne und SPD) und standen im Zusammenhang mit der Ver\u00e4u\u00dferung eines st\u00e4dtischen Grundst\u00fccks. Allerdings waren die Vorw\u00fcrfe frei erfunden. Sie stammten aus der Sph\u00e4re eines Bieters im Verfahren \u00fcber [&hellip;]<\/p>\n","protected":false},"author":1,"featured_media":0,"comment_status":"closed","ping_status":"closed","sticky":false,"template":"","format":"standard","meta":{"_has_post_settings":[],"footnotes":""},"categories":[15],"tags":[],"hashtags":[],"ppma_author":[84],"class_list":["post-8310","post","type-post","status-publish","format-standard","hentry","category-news","author-hoecker_adm"],"yoast_head":"<!-- This site is optimized with the Yoast SEO Premium plugin v25.9 (Yoast SEO v27.0) - https:\/\/yoast.com\/product\/yoast-seo-premium-wordpress\/ -->\n<title>Auch eine Lokalzeitung muss die Grunds\u00e4tze der Verdachtsberichterstattung beachten - Gericht verbietet die Verbreitung von Vorw\u00fcrfen \u00fcber Politiker. - H\u00d6CKER - der Blog<\/title>\n<meta name=\"robots\" content=\"index, follow, max-snippet:-1, max-image-preview:large, max-video-preview:-1\" \/>\n<link rel=\"canonical\" href=\"https:\/\/www.hoecker.eu\/blog\/auch-eine-lokalzeitung-muss-die-grundsaetze-der-verdachtsberichterstattung-beachten-gericht-verbietet-die-verbreitung-von-vorwuerfen-ueber-politiker\/\" \/>\n<meta property=\"og:locale\" content=\"de_DE\" \/>\n<meta property=\"og:type\" content=\"article\" \/>\n<meta property=\"og:title\" content=\"Auch eine Lokalzeitung muss die Grunds\u00e4tze der Verdachtsberichterstattung beachten - Gericht verbietet die Verbreitung von Vorw\u00fcrfen \u00fcber Politiker.\" \/>\n<meta property=\"og:description\" content=\"Eine Lokalzeitung hatte in identifizierender Weise \u00fcber den Verdacht der Untreue und des Subventionsbetrugs berichtet. Die Vorw\u00fcrfe richteten sich gegen sich gegen zwei Ratsmitglieder unterschiedlicher Parteien (Gr\u00fcne und SPD) und standen im Zusammenhang mit der Ver\u00e4u\u00dferung eines st\u00e4dtischen Grundst\u00fccks. Allerdings waren die Vorw\u00fcrfe frei erfunden. Sie stammten aus der Sph\u00e4re eines Bieters im Verfahren \u00fcber [&hellip;]\" \/>\n<meta property=\"og:url\" content=\"https:\/\/www.hoecker.eu\/blog\/auch-eine-lokalzeitung-muss-die-grundsaetze-der-verdachtsberichterstattung-beachten-gericht-verbietet-die-verbreitung-von-vorwuerfen-ueber-politiker\/\" \/>\n<meta property=\"og:site_name\" content=\"H\u00d6CKER - der Blog\" \/>\n<meta property=\"article:publisher\" content=\"https:\/\/www.facebook.com\/HoeckerRAe\/\" \/>\n<meta property=\"article:author\" content=\"https:\/\/www.facebook.com\/ralf.hoecker\" \/>\n<meta property=\"article:published_time\" content=\"2019-06-04T14:44:00+00:00\" \/>\n<meta property=\"article:modified_time\" content=\"2025-02-17T13:56:19+00:00\" \/>\n<meta name=\"author\" content=\"Prof. Dr. Ralf H\u00f6cker\" \/>\n<meta name=\"twitter:card\" content=\"summary_large_image\" \/>\n<meta name=\"twitter:creator\" content=\"@Ralf_Hoecker\" \/>\n<meta name=\"twitter:site\" content=\"@hoecker_rae\" \/>\n<meta name=\"twitter:label1\" content=\"Verfasst von\" \/>\n\t<meta name=\"twitter:data1\" content=\"Prof. Dr. Ralf H\u00f6cker\" \/>\n\t<meta name=\"twitter:label2\" content=\"Gesch\u00e4tzte Lesezeit\" \/>\n\t<meta name=\"twitter:data2\" content=\"1\u00a0Minute\" \/>\n<script type=\"application\/ld+json\" class=\"yoast-schema-graph\">{\"@context\":\"https:\/\/schema.org\",\"@graph\":[{\"@type\":\"Article\",\"@id\":\"https:\/\/www.hoecker.eu\/blog\/auch-eine-lokalzeitung-muss-die-grundsaetze-der-verdachtsberichterstattung-beachten-gericht-verbietet-die-verbreitung-von-vorwuerfen-ueber-politiker\/#article\",\"isPartOf\":{\"@id\":\"https:\/\/www.hoecker.eu\/blog\/auch-eine-lokalzeitung-muss-die-grundsaetze-der-verdachtsberichterstattung-beachten-gericht-verbietet-die-verbreitung-von-vorwuerfen-ueber-politiker\/\"},\"author\":{\"name\":\"Prof. Dr. Ralf H\u00f6cker\",\"@id\":\"https:\/\/www.hoecker.eu\/blog\/#\/schema\/person\/08f95581eed0534eccd0b2438f7a1cab\"},\"headline\":\"Auch eine Lokalzeitung muss die Grunds\u00e4tze der Verdachtsberichterstattung beachten &#8211; Gericht verbietet die Verbreitung von Vorw\u00fcrfen \u00fcber Politiker.\",\"datePublished\":\"2019-06-04T14:44:00+00:00\",\"dateModified\":\"2025-02-17T13:56:19+00:00\",\"mainEntityOfPage\":{\"@id\":\"https:\/\/www.hoecker.eu\/blog\/auch-eine-lokalzeitung-muss-die-grundsaetze-der-verdachtsberichterstattung-beachten-gericht-verbietet-die-verbreitung-von-vorwuerfen-ueber-politiker\/\"},\"wordCount\":204,\"publisher\":{\"@id\":\"https:\/\/www.hoecker.eu\/blog\/#organization\"},\"articleSection\":[\"News\"],\"inLanguage\":\"de\"},{\"@type\":\"WebPage\",\"@id\":\"https:\/\/www.hoecker.eu\/blog\/auch-eine-lokalzeitung-muss-die-grundsaetze-der-verdachtsberichterstattung-beachten-gericht-verbietet-die-verbreitung-von-vorwuerfen-ueber-politiker\/\",\"url\":\"https:\/\/www.hoecker.eu\/blog\/auch-eine-lokalzeitung-muss-die-grundsaetze-der-verdachtsberichterstattung-beachten-gericht-verbietet-die-verbreitung-von-vorwuerfen-ueber-politiker\/\",\"name\":\"Auch eine Lokalzeitung muss die Grunds\u00e4tze der Verdachtsberichterstattung beachten - Gericht verbietet die Verbreitung von Vorw\u00fcrfen \u00fcber Politiker. - H\u00d6CKER - der Blog\",\"isPartOf\":{\"@id\":\"https:\/\/www.hoecker.eu\/blog\/#website\"},\"datePublished\":\"2019-06-04T14:44:00+00:00\",\"dateModified\":\"2025-02-17T13:56:19+00:00\",\"breadcrumb\":{\"@id\":\"https:\/\/www.hoecker.eu\/blog\/auch-eine-lokalzeitung-muss-die-grundsaetze-der-verdachtsberichterstattung-beachten-gericht-verbietet-die-verbreitung-von-vorwuerfen-ueber-politiker\/#breadcrumb\"},\"inLanguage\":\"de\",\"potentialAction\":[{\"@type\":\"ReadAction\",\"target\":[\"https:\/\/www.hoecker.eu\/blog\/auch-eine-lokalzeitung-muss-die-grundsaetze-der-verdachtsberichterstattung-beachten-gericht-verbietet-die-verbreitung-von-vorwuerfen-ueber-politiker\/\"]}]},{\"@type\":\"BreadcrumbList\",\"@id\":\"https:\/\/www.hoecker.eu\/blog\/auch-eine-lokalzeitung-muss-die-grundsaetze-der-verdachtsberichterstattung-beachten-gericht-verbietet-die-verbreitung-von-vorwuerfen-ueber-politiker\/#breadcrumb\",\"itemListElement\":[{\"@type\":\"ListItem\",\"position\":1,\"name\":\"Startseite\",\"item\":\"https:\/\/dev.hoecker.eu\/blog\/\"},{\"@type\":\"ListItem\",\"position\":2,\"name\":\"Auch eine Lokalzeitung muss die Grunds\u00e4tze der Verdachtsberichterstattung beachten &#8211; Gericht verbietet die Verbreitung von Vorw\u00fcrfen \u00fcber Politiker.\"}]},{\"@type\":\"WebSite\",\"@id\":\"https:\/\/www.hoecker.eu\/blog\/#website\",\"url\":\"https:\/\/www.hoecker.eu\/blog\/\",\"name\":\"H\u00d6CKER - der Blog\",\"description\":\"Expertenblog f\u00fcr \u00c4u\u00dferungs-, Medien-, Marken-, Urheber- und Wettbewerbsrecht.\",\"publisher\":{\"@id\":\"https:\/\/www.hoecker.eu\/blog\/#organization\"},\"potentialAction\":[{\"@type\":\"SearchAction\",\"target\":{\"@type\":\"EntryPoint\",\"urlTemplate\":\"https:\/\/www.hoecker.eu\/blog\/?s={search_term_string}\"},\"query-input\":{\"@type\":\"PropertyValueSpecification\",\"valueRequired\":true,\"valueName\":\"search_term_string\"}}],\"inLanguage\":\"de\"},{\"@type\":\"Organization\",\"@id\":\"https:\/\/www.hoecker.eu\/blog\/#organization\",\"name\":\"H\u00d6CKER Rechtsanw\u00e4lte PartGmbB\",\"alternateName\":\"H\u00d6CKER\",\"url\":\"https:\/\/www.hoecker.eu\/blog\/\",\"logo\":{\"@type\":\"ImageObject\",\"inLanguage\":\"de\",\"@id\":\"https:\/\/www.hoecker.eu\/blog\/#\/schema\/logo\/image\/\",\"url\":\"https:\/\/www.hoecker.eu\/blog\/wp-content\/uploads\/2025\/03\/Blog-Logo.webp\",\"contentUrl\":\"https:\/\/www.hoecker.eu\/blog\/wp-content\/uploads\/2025\/03\/Blog-Logo.webp\",\"width\":500,\"height\":500,\"caption\":\"H\u00d6CKER Rechtsanw\u00e4lte PartGmbB\"},\"image\":{\"@id\":\"https:\/\/www.hoecker.eu\/blog\/#\/schema\/logo\/image\/\"},\"sameAs\":[\"https:\/\/www.facebook.com\/HoeckerRAe\/\",\"https:\/\/x.com\/hoecker_rae\",\"https:\/\/www.linkedin.com\/company\/hcker-rechtsanwlte\/\",\"https:\/\/www.instagram.com\/hoecker_rae\/\"],\"email\":\"contact@hoecker.eu\",\"telephone\":\"+ 49 (0)221-933 19-10\",\"legalName\":\"H\u00d6CKER Rechtsanw\u00e4lte PartGmbB\",\"numberOfEmployees\":{\"@type\":\"QuantitativeValue\",\"minValue\":\"11\",\"maxValue\":\"50\"}},{\"@type\":\"Person\",\"@id\":\"https:\/\/www.hoecker.eu\/blog\/#\/schema\/person\/08f95581eed0534eccd0b2438f7a1cab\",\"name\":\"Prof. Dr. Ralf H\u00f6cker\",\"description\":\"Medienanwalt. Besch\u00fctzer vor mieser Presse\",\"sameAs\":[\"https:\/\/www.hoecker.eu\/wer\/prof-dr-ralf-hoecker\",\"https:\/\/www.facebook.com\/ralf.hoecker\",\"https:\/\/www.linkedin.com\/in\/prof-dr-ralf-hcker-ll-m-london-17987826\/\",\"https:\/\/x.com\/Ralf_Hoecker\"],\"url\":\"https:\/\/www.hoecker.eu\/blog\/author\/hoecker_adm\/\"}]}<\/script>\n<!-- \/ Yoast SEO Premium plugin. -->","yoast_head_json":{"title":"Auch eine Lokalzeitung muss die Grunds\u00e4tze der Verdachtsberichterstattung beachten - Gericht verbietet die Verbreitung von Vorw\u00fcrfen \u00fcber Politiker. - H\u00d6CKER - der Blog","robots":{"index":"index","follow":"follow","max-snippet":"max-snippet:-1","max-image-preview":"max-image-preview:large","max-video-preview":"max-video-preview:-1"},"canonical":"https:\/\/www.hoecker.eu\/blog\/auch-eine-lokalzeitung-muss-die-grundsaetze-der-verdachtsberichterstattung-beachten-gericht-verbietet-die-verbreitung-von-vorwuerfen-ueber-politiker\/","og_locale":"de_DE","og_type":"article","og_title":"Auch eine Lokalzeitung muss die Grunds\u00e4tze der Verdachtsberichterstattung beachten - Gericht verbietet die Verbreitung von Vorw\u00fcrfen \u00fcber Politiker.","og_description":"Eine Lokalzeitung hatte in identifizierender Weise \u00fcber den Verdacht der Untreue und des Subventionsbetrugs berichtet. Die Vorw\u00fcrfe richteten sich gegen sich gegen zwei Ratsmitglieder unterschiedlicher Parteien (Gr\u00fcne und SPD) und standen im Zusammenhang mit der Ver\u00e4u\u00dferung eines st\u00e4dtischen Grundst\u00fccks. Allerdings waren die Vorw\u00fcrfe frei erfunden. Sie stammten aus der Sph\u00e4re eines Bieters im Verfahren \u00fcber [&hellip;]","og_url":"https:\/\/www.hoecker.eu\/blog\/auch-eine-lokalzeitung-muss-die-grundsaetze-der-verdachtsberichterstattung-beachten-gericht-verbietet-die-verbreitung-von-vorwuerfen-ueber-politiker\/","og_site_name":"H\u00d6CKER - der Blog","article_publisher":"https:\/\/www.facebook.com\/HoeckerRAe\/","article_author":"https:\/\/www.facebook.com\/ralf.hoecker","article_published_time":"2019-06-04T14:44:00+00:00","article_modified_time":"2025-02-17T13:56:19+00:00","author":"Prof. Dr. Ralf H\u00f6cker","twitter_card":"summary_large_image","twitter_creator":"@Ralf_Hoecker","twitter_site":"@hoecker_rae","twitter_misc":{"Verfasst von":"Prof. Dr. Ralf H\u00f6cker","Gesch\u00e4tzte Lesezeit":"1\u00a0Minute"},"schema":{"@context":"https:\/\/schema.org","@graph":[{"@type":"Article","@id":"https:\/\/www.hoecker.eu\/blog\/auch-eine-lokalzeitung-muss-die-grundsaetze-der-verdachtsberichterstattung-beachten-gericht-verbietet-die-verbreitung-von-vorwuerfen-ueber-politiker\/#article","isPartOf":{"@id":"https:\/\/www.hoecker.eu\/blog\/auch-eine-lokalzeitung-muss-die-grundsaetze-der-verdachtsberichterstattung-beachten-gericht-verbietet-die-verbreitung-von-vorwuerfen-ueber-politiker\/"},"author":{"name":"Prof. Dr. Ralf H\u00f6cker","@id":"https:\/\/www.hoecker.eu\/blog\/#\/schema\/person\/08f95581eed0534eccd0b2438f7a1cab"},"headline":"Auch eine Lokalzeitung muss die Grunds\u00e4tze der Verdachtsberichterstattung beachten &#8211; Gericht verbietet die Verbreitung von Vorw\u00fcrfen \u00fcber Politiker.","datePublished":"2019-06-04T14:44:00+00:00","dateModified":"2025-02-17T13:56:19+00:00","mainEntityOfPage":{"@id":"https:\/\/www.hoecker.eu\/blog\/auch-eine-lokalzeitung-muss-die-grundsaetze-der-verdachtsberichterstattung-beachten-gericht-verbietet-die-verbreitung-von-vorwuerfen-ueber-politiker\/"},"wordCount":204,"publisher":{"@id":"https:\/\/www.hoecker.eu\/blog\/#organization"},"articleSection":["News"],"inLanguage":"de"},{"@type":"WebPage","@id":"https:\/\/www.hoecker.eu\/blog\/auch-eine-lokalzeitung-muss-die-grundsaetze-der-verdachtsberichterstattung-beachten-gericht-verbietet-die-verbreitung-von-vorwuerfen-ueber-politiker\/","url":"https:\/\/www.hoecker.eu\/blog\/auch-eine-lokalzeitung-muss-die-grundsaetze-der-verdachtsberichterstattung-beachten-gericht-verbietet-die-verbreitung-von-vorwuerfen-ueber-politiker\/","name":"Auch eine Lokalzeitung muss die Grunds\u00e4tze der Verdachtsberichterstattung beachten - Gericht verbietet die Verbreitung von Vorw\u00fcrfen \u00fcber Politiker. - H\u00d6CKER - der Blog","isPartOf":{"@id":"https:\/\/www.hoecker.eu\/blog\/#website"},"datePublished":"2019-06-04T14:44:00+00:00","dateModified":"2025-02-17T13:56:19+00:00","breadcrumb":{"@id":"https:\/\/www.hoecker.eu\/blog\/auch-eine-lokalzeitung-muss-die-grundsaetze-der-verdachtsberichterstattung-beachten-gericht-verbietet-die-verbreitung-von-vorwuerfen-ueber-politiker\/#breadcrumb"},"inLanguage":"de","potentialAction":[{"@type":"ReadAction","target":["https:\/\/www.hoecker.eu\/blog\/auch-eine-lokalzeitung-muss-die-grundsaetze-der-verdachtsberichterstattung-beachten-gericht-verbietet-die-verbreitung-von-vorwuerfen-ueber-politiker\/"]}]},{"@type":"BreadcrumbList","@id":"https:\/\/www.hoecker.eu\/blog\/auch-eine-lokalzeitung-muss-die-grundsaetze-der-verdachtsberichterstattung-beachten-gericht-verbietet-die-verbreitung-von-vorwuerfen-ueber-politiker\/#breadcrumb","itemListElement":[{"@type":"ListItem","position":1,"name":"Startseite","item":"https:\/\/dev.hoecker.eu\/blog\/"},{"@type":"ListItem","position":2,"name":"Auch eine Lokalzeitung muss die Grunds\u00e4tze der Verdachtsberichterstattung beachten &#8211; Gericht verbietet die Verbreitung von Vorw\u00fcrfen \u00fcber Politiker."}]},{"@type":"WebSite","@id":"https:\/\/www.hoecker.eu\/blog\/#website","url":"https:\/\/www.hoecker.eu\/blog\/","name":"H\u00d6CKER - der Blog","description":"Expertenblog f\u00fcr \u00c4u\u00dferungs-, Medien-, Marken-, Urheber- und Wettbewerbsrecht.","publisher":{"@id":"https:\/\/www.hoecker.eu\/blog\/#organization"},"potentialAction":[{"@type":"SearchAction","target":{"@type":"EntryPoint","urlTemplate":"https:\/\/www.hoecker.eu\/blog\/?s={search_term_string}"},"query-input":{"@type":"PropertyValueSpecification","valueRequired":true,"valueName":"search_term_string"}}],"inLanguage":"de"},{"@type":"Organization","@id":"https:\/\/www.hoecker.eu\/blog\/#organization","name":"H\u00d6CKER Rechtsanw\u00e4lte PartGmbB","alternateName":"H\u00d6CKER","url":"https:\/\/www.hoecker.eu\/blog\/","logo":{"@type":"ImageObject","inLanguage":"de","@id":"https:\/\/www.hoecker.eu\/blog\/#\/schema\/logo\/image\/","url":"https:\/\/www.hoecker.eu\/blog\/wp-content\/uploads\/2025\/03\/Blog-Logo.webp","contentUrl":"https:\/\/www.hoecker.eu\/blog\/wp-content\/uploads\/2025\/03\/Blog-Logo.webp","width":500,"height":500,"caption":"H\u00d6CKER Rechtsanw\u00e4lte PartGmbB"},"image":{"@id":"https:\/\/www.hoecker.eu\/blog\/#\/schema\/logo\/image\/"},"sameAs":["https:\/\/www.facebook.com\/HoeckerRAe\/","https:\/\/x.com\/hoecker_rae","https:\/\/www.linkedin.com\/company\/hcker-rechtsanwlte\/","https:\/\/www.instagram.com\/hoecker_rae\/"],"email":"contact@hoecker.eu","telephone":"+ 49 (0)221-933 19-10","legalName":"H\u00d6CKER Rechtsanw\u00e4lte PartGmbB","numberOfEmployees":{"@type":"QuantitativeValue","minValue":"11","maxValue":"50"}},{"@type":"Person","@id":"https:\/\/www.hoecker.eu\/blog\/#\/schema\/person\/08f95581eed0534eccd0b2438f7a1cab","name":"Prof. Dr. Ralf H\u00f6cker","description":"Medienanwalt. Besch\u00fctzer vor mieser Presse","sameAs":["https:\/\/www.hoecker.eu\/wer\/prof-dr-ralf-hoecker","https:\/\/www.facebook.com\/ralf.hoecker","https:\/\/www.linkedin.com\/in\/prof-dr-ralf-hcker-ll-m-london-17987826\/","https:\/\/x.com\/Ralf_Hoecker"],"url":"https:\/\/www.hoecker.eu\/blog\/author\/hoecker_adm\/"}]}},"authors":[{"term_id":84,"user_id":1,"is_guest":0,"slug":"hoecker_adm","display_name":"Prof. Dr. Ralf H\u00f6cker","avatar_url":{"url":"https:\/\/www.hoecker.eu\/blog\/wp-content\/uploads\/2023\/12\/ProfDrRalfHoecker.jpg","url2x":"https:\/\/www.hoecker.eu\/blog\/wp-content\/uploads\/2023\/12\/ProfDrRalfHoecker.jpg"},"0":null,"1":"","2":"","3":"","4":"","5":"","6":"","7":"","8":"","9":"","10":"","11":""}],"_links":{"self":[{"href":"https:\/\/www.hoecker.eu\/blog\/wp-json\/wp\/v2\/posts\/8310","targetHints":{"allow":["GET"]}}],"collection":[{"href":"https:\/\/www.hoecker.eu\/blog\/wp-json\/wp\/v2\/posts"}],"about":[{"href":"https:\/\/www.hoecker.eu\/blog\/wp-json\/wp\/v2\/types\/post"}],"author":[{"embeddable":true,"href":"https:\/\/www.hoecker.eu\/blog\/wp-json\/wp\/v2\/users\/1"}],"replies":[{"embeddable":true,"href":"https:\/\/www.hoecker.eu\/blog\/wp-json\/wp\/v2\/comments?post=8310"}],"version-history":[{"count":1,"href":"https:\/\/www.hoecker.eu\/blog\/wp-json\/wp\/v2\/posts\/8310\/revisions"}],"predecessor-version":[{"id":9432,"href":"https:\/\/www.hoecker.eu\/blog\/wp-json\/wp\/v2\/posts\/8310\/revisions\/9432"}],"wp:attachment":[{"href":"https:\/\/www.hoecker.eu\/blog\/wp-json\/wp\/v2\/media?parent=8310"}],"wp:term":[{"taxonomy":"category","embeddable":true,"href":"https:\/\/www.hoecker.eu\/blog\/wp-json\/wp\/v2\/categories?post=8310"},{"taxonomy":"post_tag","embeddable":true,"href":"https:\/\/www.hoecker.eu\/blog\/wp-json\/wp\/v2\/tags?post=8310"},{"taxonomy":"hashtags","embeddable":true,"href":"https:\/\/www.hoecker.eu\/blog\/wp-json\/wp\/v2\/hashtags?post=8310"},{"taxonomy":"author","embeddable":true,"href":"https:\/\/www.hoecker.eu\/blog\/wp-json\/wp\/v2\/ppma_author?post=8310"}],"curies":[{"name":"wp","href":"https:\/\/api.w.org\/{rel}","templated":true}]}}