{"id":8307,"date":"2019-06-19T14:48:37","date_gmt":"2019-06-19T12:48:37","guid":{"rendered":"https:\/\/www.hoecker.eu\/blog\/staerkung-der-meinungsfreiheit-von-instagrammern-keine-kennzeichnungspflicht-von-werbung-bei-meinungsaeusserung\/"},"modified":"2025-02-17T14:56:17","modified_gmt":"2025-02-17T13:56:17","slug":"staerkung-der-meinungsfreiheit-von-instagrammern-keine-kennzeichnungspflicht-von-werbung-bei-meinungsaeusserung","status":"publish","type":"post","link":"https:\/\/www.hoecker.eu\/blog\/staerkung-der-meinungsfreiheit-von-instagrammern-keine-kennzeichnungspflicht-von-werbung-bei-meinungsaeusserung\/","title":{"rendered":"St\u00e4rkung der Meinungsfreiheit von Instagrammern &#8211; Keine Kennzeichnungspflicht von Werbung bei Meinungs\u00e4u\u00dferung."},"content":{"rendered":"<p>Das Landgericht Hamburg hat mit Urteil vom 31.01.2019 (Az. 312 O 341\/18, n.rkr.) eine zuvor erlassene einstweilige Verf\u00fcgung gegen eine Instagrammerin aufgehoben. Ihr war vorgeworfen worden, auf ihrem Instagram-Profil durch Verlinkungen auf diverse Produkte und Unternehmen ihre werblichen T\u00e4tigkeiten nicht gekennzeichnet zu haben. <\/p>\n<p>Die Instagrammerin akzeptierte das Verbot jedoch nicht, sondern legte hiergegen Widerspruch ein. Das Gericht folgte nun der Argumentation von H\u00d6CKER und verneinte einen Unterlassungsanspruch. Nach Ansicht des Gerichts fehle es bereits an der hierf\u00fcr notwendigen \u201egesch\u00e4ftlichen Handlung\u201c. Vielmehr liege eine  rein private Meinungs\u00e4u\u00dferung vor. Die Meinungsfreiheit erlaubt es Privaten auch, sich zu wirtschaftlichen Fragen und auch zu Unternehmen und Produkten zu \u00e4u\u00dfern und in dem Zusammenhang ebenso negative wie positive Empfehlungen auszusprechen.<\/p>\n<p>Ma\u00dfgeblich f\u00fcr eine gesch\u00e4ftliche Handlung sei dagegen, dass ein Entgelt oder sonstige Vorteile f\u00fcr derartige Postings gew\u00e4hrt oder in Aussicht gestellt werden. Gehe es um einen Influencer mit hoher Follower-Anzahl, komme auch die F\u00f6rderung des eigenen gewerblichen Handelns in Betracht. Die Verlinkung auf Produkte von Unternehmen sei im Rahmen der Gesamtschau nur ein Indiz f\u00fcr eine m\u00f6gliche gesch\u00e4ftliche Handlung. Die H\u00d6CKER-Mandantin habe glaubhaft gemacht, dass sie mit ihren Postings jeweils nur ihre private Meinung kundgetan habe. Sie habe niemals Geld, Rabatte oder sonstige Gegenleistungen f\u00fcr ihre Postings von Unternehmen erhalten. Sie sei nicht gesch\u00e4ftlich und nicht mit Gewinnerzielungsabsicht t\u00e4tig. Alle von ihr auf Instagram dargestellten Produkte und Dienstleistungen (z.B. Bekleidungsst\u00fccke, Reisen, Hotelaufenthalte, Restaurant- und Clubbesuche) habe sie selbst bzw. ihre Familie finanziert. Hierzu legte sie u.a. eine gro\u00dfe Anzahl von entsprechenden Rechnungen zur Glaubhaftmachung vor. Das Gericht entschied ferner, dass ihre Follower-Anzahl von 5.000 im Vergleich zu bedeutenden Influencern relativ gering sei. Folglich verneint das Landgericht Hamburg ein Versto\u00df gegen \u00a7 5a Abs. 6 UWG und auch gegen \u00a7 6 Abs. 1 Nr. 1 TMG.<\/p>\n<p>Rechtsanwalt Dr. Marcel Leeser:<br \/>\u201e<i>Das aktuelle Urteil ist ein wichtiger Beitrag zur St\u00e4rkung der Meinungsfreiheit von Instagrammern. Erhalten sie kein Geld oder sonstige geldwerte Vorteile f\u00fcr ihre Postings, haben sie die von ihnen verlinkten Produkte selbst gezahlt und verf\u00fcgen sie schlie\u00dflich nicht \u00fcber eine relevante Follower-Anzahl (sog. Non-Influencer, Nano-Influencer, Micro-Influencer), dann m\u00fcssen sie Postings mit getaggten Produkten oder Unternehmen nicht als Werbung kennzeichnen. Liegt auch nur eine der vorgenannten Voraussetzungen nicht vor, sollte im Zweifel eine Werbekennzeichnung vorgenommen werden. Dagegen werden Personen, die in sozialen Medien schlicht ihre Meinung zu Produkten und Unternehmen \u00e4u\u00dfern, sei es auch positiv und gar unter Verwendung einer Verlinkung, durch dieses Urteil in ihrem Handeln gest\u00e4rkt und im Vergleich zu gesch\u00e4ftlich handelnden Influencern privilegiert.<\/i>\u201c<\/p>\n","protected":false},"excerpt":{"rendered":"<p>Das Landgericht Hamburg hat mit Urteil vom 31.01.2019 (Az. 312 O 341\/18, n.rkr.) eine zuvor erlassene einstweilige Verf\u00fcgung gegen eine Instagrammerin aufgehoben. Ihr war vorgeworfen worden, auf ihrem Instagram-Profil durch Verlinkungen auf diverse Produkte und Unternehmen ihre werblichen T\u00e4tigkeiten nicht gekennzeichnet zu haben. Die Instagrammerin akzeptierte das Verbot jedoch nicht, sondern legte hiergegen Widerspruch ein. [&hellip;]<\/p>\n","protected":false},"author":1,"featured_media":0,"comment_status":"closed","ping_status":"closed","sticky":false,"template":"","format":"standard","meta":{"_has_post_settings":[],"footnotes":""},"categories":[15],"tags":[],"hashtags":[],"ppma_author":[84],"class_list":["post-8307","post","type-post","status-publish","format-standard","hentry","category-news","author-hoecker_adm"],"yoast_head":"<!-- This site is optimized with the Yoast SEO Premium plugin v25.9 (Yoast SEO v27.0) - https:\/\/yoast.com\/product\/yoast-seo-premium-wordpress\/ -->\n<title>St\u00e4rkung der Meinungsfreiheit von Instagrammern - Keine Kennzeichnungspflicht von Werbung bei Meinungs\u00e4u\u00dferung. - H\u00d6CKER - der Blog<\/title>\n<meta name=\"robots\" content=\"index, follow, max-snippet:-1, max-image-preview:large, max-video-preview:-1\" \/>\n<link rel=\"canonical\" href=\"https:\/\/www.hoecker.eu\/blog\/staerkung-der-meinungsfreiheit-von-instagrammern-keine-kennzeichnungspflicht-von-werbung-bei-meinungsaeusserung\/\" \/>\n<meta property=\"og:locale\" content=\"de_DE\" \/>\n<meta property=\"og:type\" content=\"article\" \/>\n<meta property=\"og:title\" content=\"St\u00e4rkung der Meinungsfreiheit von Instagrammern - Keine Kennzeichnungspflicht von Werbung bei Meinungs\u00e4u\u00dferung.\" \/>\n<meta property=\"og:description\" content=\"Das Landgericht Hamburg hat mit Urteil vom 31.01.2019 (Az. 312 O 341\/18, n.rkr.) eine zuvor erlassene einstweilige Verf\u00fcgung gegen eine Instagrammerin aufgehoben. Ihr war vorgeworfen worden, auf ihrem Instagram-Profil durch Verlinkungen auf diverse Produkte und Unternehmen ihre werblichen T\u00e4tigkeiten nicht gekennzeichnet zu haben. Die Instagrammerin akzeptierte das Verbot jedoch nicht, sondern legte hiergegen Widerspruch ein. [&hellip;]\" \/>\n<meta property=\"og:url\" content=\"https:\/\/www.hoecker.eu\/blog\/staerkung-der-meinungsfreiheit-von-instagrammern-keine-kennzeichnungspflicht-von-werbung-bei-meinungsaeusserung\/\" \/>\n<meta property=\"og:site_name\" content=\"H\u00d6CKER - der Blog\" \/>\n<meta property=\"article:publisher\" content=\"https:\/\/www.facebook.com\/HoeckerRAe\/\" \/>\n<meta property=\"article:author\" content=\"https:\/\/www.facebook.com\/ralf.hoecker\" \/>\n<meta property=\"article:published_time\" content=\"2019-06-19T12:48:37+00:00\" \/>\n<meta property=\"article:modified_time\" content=\"2025-02-17T13:56:17+00:00\" \/>\n<meta name=\"author\" content=\"Prof. Dr. Ralf H\u00f6cker\" \/>\n<meta name=\"twitter:card\" content=\"summary_large_image\" \/>\n<meta name=\"twitter:creator\" content=\"@Ralf_Hoecker\" \/>\n<meta name=\"twitter:site\" content=\"@hoecker_rae\" \/>\n<meta name=\"twitter:label1\" content=\"Verfasst von\" \/>\n\t<meta name=\"twitter:data1\" content=\"Prof. Dr. Ralf H\u00f6cker\" \/>\n\t<meta name=\"twitter:label2\" content=\"Gesch\u00e4tzte Lesezeit\" \/>\n\t<meta name=\"twitter:data2\" content=\"2\u00a0Minuten\" \/>\n<script type=\"application\/ld+json\" class=\"yoast-schema-graph\">{\"@context\":\"https:\/\/schema.org\",\"@graph\":[{\"@type\":\"Article\",\"@id\":\"https:\/\/www.hoecker.eu\/blog\/staerkung-der-meinungsfreiheit-von-instagrammern-keine-kennzeichnungspflicht-von-werbung-bei-meinungsaeusserung\/#article\",\"isPartOf\":{\"@id\":\"https:\/\/www.hoecker.eu\/blog\/staerkung-der-meinungsfreiheit-von-instagrammern-keine-kennzeichnungspflicht-von-werbung-bei-meinungsaeusserung\/\"},\"author\":{\"name\":\"Prof. Dr. Ralf H\u00f6cker\",\"@id\":\"https:\/\/www.hoecker.eu\/blog\/#\/schema\/person\/08f95581eed0534eccd0b2438f7a1cab\"},\"headline\":\"St\u00e4rkung der Meinungsfreiheit von Instagrammern &#8211; Keine Kennzeichnungspflicht von Werbung bei Meinungs\u00e4u\u00dferung.\",\"datePublished\":\"2019-06-19T12:48:37+00:00\",\"dateModified\":\"2025-02-17T13:56:17+00:00\",\"mainEntityOfPage\":{\"@id\":\"https:\/\/www.hoecker.eu\/blog\/staerkung-der-meinungsfreiheit-von-instagrammern-keine-kennzeichnungspflicht-von-werbung-bei-meinungsaeusserung\/\"},\"wordCount\":448,\"publisher\":{\"@id\":\"https:\/\/www.hoecker.eu\/blog\/#organization\"},\"articleSection\":[\"News\"],\"inLanguage\":\"de\"},{\"@type\":\"WebPage\",\"@id\":\"https:\/\/www.hoecker.eu\/blog\/staerkung-der-meinungsfreiheit-von-instagrammern-keine-kennzeichnungspflicht-von-werbung-bei-meinungsaeusserung\/\",\"url\":\"https:\/\/www.hoecker.eu\/blog\/staerkung-der-meinungsfreiheit-von-instagrammern-keine-kennzeichnungspflicht-von-werbung-bei-meinungsaeusserung\/\",\"name\":\"St\u00e4rkung der Meinungsfreiheit von Instagrammern - Keine Kennzeichnungspflicht von Werbung bei Meinungs\u00e4u\u00dferung. - H\u00d6CKER - der Blog\",\"isPartOf\":{\"@id\":\"https:\/\/www.hoecker.eu\/blog\/#website\"},\"datePublished\":\"2019-06-19T12:48:37+00:00\",\"dateModified\":\"2025-02-17T13:56:17+00:00\",\"breadcrumb\":{\"@id\":\"https:\/\/www.hoecker.eu\/blog\/staerkung-der-meinungsfreiheit-von-instagrammern-keine-kennzeichnungspflicht-von-werbung-bei-meinungsaeusserung\/#breadcrumb\"},\"inLanguage\":\"de\",\"potentialAction\":[{\"@type\":\"ReadAction\",\"target\":[\"https:\/\/www.hoecker.eu\/blog\/staerkung-der-meinungsfreiheit-von-instagrammern-keine-kennzeichnungspflicht-von-werbung-bei-meinungsaeusserung\/\"]}]},{\"@type\":\"BreadcrumbList\",\"@id\":\"https:\/\/www.hoecker.eu\/blog\/staerkung-der-meinungsfreiheit-von-instagrammern-keine-kennzeichnungspflicht-von-werbung-bei-meinungsaeusserung\/#breadcrumb\",\"itemListElement\":[{\"@type\":\"ListItem\",\"position\":1,\"name\":\"Startseite\",\"item\":\"https:\/\/dev.hoecker.eu\/blog\/\"},{\"@type\":\"ListItem\",\"position\":2,\"name\":\"St\u00e4rkung der Meinungsfreiheit von Instagrammern &#8211; Keine Kennzeichnungspflicht von Werbung bei Meinungs\u00e4u\u00dferung.\"}]},{\"@type\":\"WebSite\",\"@id\":\"https:\/\/www.hoecker.eu\/blog\/#website\",\"url\":\"https:\/\/www.hoecker.eu\/blog\/\",\"name\":\"H\u00d6CKER - der Blog\",\"description\":\"Expertenblog f\u00fcr \u00c4u\u00dferungs-, Medien-, Marken-, Urheber- und Wettbewerbsrecht.\",\"publisher\":{\"@id\":\"https:\/\/www.hoecker.eu\/blog\/#organization\"},\"potentialAction\":[{\"@type\":\"SearchAction\",\"target\":{\"@type\":\"EntryPoint\",\"urlTemplate\":\"https:\/\/www.hoecker.eu\/blog\/?s={search_term_string}\"},\"query-input\":{\"@type\":\"PropertyValueSpecification\",\"valueRequired\":true,\"valueName\":\"search_term_string\"}}],\"inLanguage\":\"de\"},{\"@type\":\"Organization\",\"@id\":\"https:\/\/www.hoecker.eu\/blog\/#organization\",\"name\":\"H\u00d6CKER Rechtsanw\u00e4lte PartGmbB\",\"alternateName\":\"H\u00d6CKER\",\"url\":\"https:\/\/www.hoecker.eu\/blog\/\",\"logo\":{\"@type\":\"ImageObject\",\"inLanguage\":\"de\",\"@id\":\"https:\/\/www.hoecker.eu\/blog\/#\/schema\/logo\/image\/\",\"url\":\"https:\/\/www.hoecker.eu\/blog\/wp-content\/uploads\/2025\/03\/Blog-Logo.webp\",\"contentUrl\":\"https:\/\/www.hoecker.eu\/blog\/wp-content\/uploads\/2025\/03\/Blog-Logo.webp\",\"width\":500,\"height\":500,\"caption\":\"H\u00d6CKER Rechtsanw\u00e4lte PartGmbB\"},\"image\":{\"@id\":\"https:\/\/www.hoecker.eu\/blog\/#\/schema\/logo\/image\/\"},\"sameAs\":[\"https:\/\/www.facebook.com\/HoeckerRAe\/\",\"https:\/\/x.com\/hoecker_rae\",\"https:\/\/www.linkedin.com\/company\/hcker-rechtsanwlte\/\",\"https:\/\/www.instagram.com\/hoecker_rae\/\"],\"email\":\"contact@hoecker.eu\",\"telephone\":\"+ 49 (0)221-933 19-10\",\"legalName\":\"H\u00d6CKER Rechtsanw\u00e4lte PartGmbB\",\"numberOfEmployees\":{\"@type\":\"QuantitativeValue\",\"minValue\":\"11\",\"maxValue\":\"50\"}},{\"@type\":\"Person\",\"@id\":\"https:\/\/www.hoecker.eu\/blog\/#\/schema\/person\/08f95581eed0534eccd0b2438f7a1cab\",\"name\":\"Prof. Dr. Ralf H\u00f6cker\",\"description\":\"Medienanwalt. Besch\u00fctzer vor mieser Presse\",\"sameAs\":[\"https:\/\/www.hoecker.eu\/wer\/prof-dr-ralf-hoecker\",\"https:\/\/www.facebook.com\/ralf.hoecker\",\"https:\/\/www.linkedin.com\/in\/prof-dr-ralf-hcker-ll-m-london-17987826\/\",\"https:\/\/x.com\/Ralf_Hoecker\"],\"url\":\"https:\/\/www.hoecker.eu\/blog\/author\/hoecker_adm\/\"}]}<\/script>\n<!-- \/ Yoast SEO Premium plugin. -->","yoast_head_json":{"title":"St\u00e4rkung der Meinungsfreiheit von Instagrammern - Keine Kennzeichnungspflicht von Werbung bei Meinungs\u00e4u\u00dferung. - H\u00d6CKER - der Blog","robots":{"index":"index","follow":"follow","max-snippet":"max-snippet:-1","max-image-preview":"max-image-preview:large","max-video-preview":"max-video-preview:-1"},"canonical":"https:\/\/www.hoecker.eu\/blog\/staerkung-der-meinungsfreiheit-von-instagrammern-keine-kennzeichnungspflicht-von-werbung-bei-meinungsaeusserung\/","og_locale":"de_DE","og_type":"article","og_title":"St\u00e4rkung der Meinungsfreiheit von Instagrammern - Keine Kennzeichnungspflicht von Werbung bei Meinungs\u00e4u\u00dferung.","og_description":"Das Landgericht Hamburg hat mit Urteil vom 31.01.2019 (Az. 312 O 341\/18, n.rkr.) eine zuvor erlassene einstweilige Verf\u00fcgung gegen eine Instagrammerin aufgehoben. Ihr war vorgeworfen worden, auf ihrem Instagram-Profil durch Verlinkungen auf diverse Produkte und Unternehmen ihre werblichen T\u00e4tigkeiten nicht gekennzeichnet zu haben. Die Instagrammerin akzeptierte das Verbot jedoch nicht, sondern legte hiergegen Widerspruch ein. [&hellip;]","og_url":"https:\/\/www.hoecker.eu\/blog\/staerkung-der-meinungsfreiheit-von-instagrammern-keine-kennzeichnungspflicht-von-werbung-bei-meinungsaeusserung\/","og_site_name":"H\u00d6CKER - der Blog","article_publisher":"https:\/\/www.facebook.com\/HoeckerRAe\/","article_author":"https:\/\/www.facebook.com\/ralf.hoecker","article_published_time":"2019-06-19T12:48:37+00:00","article_modified_time":"2025-02-17T13:56:17+00:00","author":"Prof. Dr. Ralf H\u00f6cker","twitter_card":"summary_large_image","twitter_creator":"@Ralf_Hoecker","twitter_site":"@hoecker_rae","twitter_misc":{"Verfasst von":"Prof. Dr. Ralf H\u00f6cker","Gesch\u00e4tzte Lesezeit":"2\u00a0Minuten"},"schema":{"@context":"https:\/\/schema.org","@graph":[{"@type":"Article","@id":"https:\/\/www.hoecker.eu\/blog\/staerkung-der-meinungsfreiheit-von-instagrammern-keine-kennzeichnungspflicht-von-werbung-bei-meinungsaeusserung\/#article","isPartOf":{"@id":"https:\/\/www.hoecker.eu\/blog\/staerkung-der-meinungsfreiheit-von-instagrammern-keine-kennzeichnungspflicht-von-werbung-bei-meinungsaeusserung\/"},"author":{"name":"Prof. Dr. Ralf H\u00f6cker","@id":"https:\/\/www.hoecker.eu\/blog\/#\/schema\/person\/08f95581eed0534eccd0b2438f7a1cab"},"headline":"St\u00e4rkung der Meinungsfreiheit von Instagrammern &#8211; Keine Kennzeichnungspflicht von Werbung bei Meinungs\u00e4u\u00dferung.","datePublished":"2019-06-19T12:48:37+00:00","dateModified":"2025-02-17T13:56:17+00:00","mainEntityOfPage":{"@id":"https:\/\/www.hoecker.eu\/blog\/staerkung-der-meinungsfreiheit-von-instagrammern-keine-kennzeichnungspflicht-von-werbung-bei-meinungsaeusserung\/"},"wordCount":448,"publisher":{"@id":"https:\/\/www.hoecker.eu\/blog\/#organization"},"articleSection":["News"],"inLanguage":"de"},{"@type":"WebPage","@id":"https:\/\/www.hoecker.eu\/blog\/staerkung-der-meinungsfreiheit-von-instagrammern-keine-kennzeichnungspflicht-von-werbung-bei-meinungsaeusserung\/","url":"https:\/\/www.hoecker.eu\/blog\/staerkung-der-meinungsfreiheit-von-instagrammern-keine-kennzeichnungspflicht-von-werbung-bei-meinungsaeusserung\/","name":"St\u00e4rkung der Meinungsfreiheit von Instagrammern - Keine Kennzeichnungspflicht von Werbung bei Meinungs\u00e4u\u00dferung. - H\u00d6CKER - der Blog","isPartOf":{"@id":"https:\/\/www.hoecker.eu\/blog\/#website"},"datePublished":"2019-06-19T12:48:37+00:00","dateModified":"2025-02-17T13:56:17+00:00","breadcrumb":{"@id":"https:\/\/www.hoecker.eu\/blog\/staerkung-der-meinungsfreiheit-von-instagrammern-keine-kennzeichnungspflicht-von-werbung-bei-meinungsaeusserung\/#breadcrumb"},"inLanguage":"de","potentialAction":[{"@type":"ReadAction","target":["https:\/\/www.hoecker.eu\/blog\/staerkung-der-meinungsfreiheit-von-instagrammern-keine-kennzeichnungspflicht-von-werbung-bei-meinungsaeusserung\/"]}]},{"@type":"BreadcrumbList","@id":"https:\/\/www.hoecker.eu\/blog\/staerkung-der-meinungsfreiheit-von-instagrammern-keine-kennzeichnungspflicht-von-werbung-bei-meinungsaeusserung\/#breadcrumb","itemListElement":[{"@type":"ListItem","position":1,"name":"Startseite","item":"https:\/\/dev.hoecker.eu\/blog\/"},{"@type":"ListItem","position":2,"name":"St\u00e4rkung der Meinungsfreiheit von Instagrammern &#8211; Keine Kennzeichnungspflicht von Werbung bei Meinungs\u00e4u\u00dferung."}]},{"@type":"WebSite","@id":"https:\/\/www.hoecker.eu\/blog\/#website","url":"https:\/\/www.hoecker.eu\/blog\/","name":"H\u00d6CKER - der Blog","description":"Expertenblog f\u00fcr \u00c4u\u00dferungs-, Medien-, Marken-, Urheber- und Wettbewerbsrecht.","publisher":{"@id":"https:\/\/www.hoecker.eu\/blog\/#organization"},"potentialAction":[{"@type":"SearchAction","target":{"@type":"EntryPoint","urlTemplate":"https:\/\/www.hoecker.eu\/blog\/?s={search_term_string}"},"query-input":{"@type":"PropertyValueSpecification","valueRequired":true,"valueName":"search_term_string"}}],"inLanguage":"de"},{"@type":"Organization","@id":"https:\/\/www.hoecker.eu\/blog\/#organization","name":"H\u00d6CKER Rechtsanw\u00e4lte PartGmbB","alternateName":"H\u00d6CKER","url":"https:\/\/www.hoecker.eu\/blog\/","logo":{"@type":"ImageObject","inLanguage":"de","@id":"https:\/\/www.hoecker.eu\/blog\/#\/schema\/logo\/image\/","url":"https:\/\/www.hoecker.eu\/blog\/wp-content\/uploads\/2025\/03\/Blog-Logo.webp","contentUrl":"https:\/\/www.hoecker.eu\/blog\/wp-content\/uploads\/2025\/03\/Blog-Logo.webp","width":500,"height":500,"caption":"H\u00d6CKER Rechtsanw\u00e4lte PartGmbB"},"image":{"@id":"https:\/\/www.hoecker.eu\/blog\/#\/schema\/logo\/image\/"},"sameAs":["https:\/\/www.facebook.com\/HoeckerRAe\/","https:\/\/x.com\/hoecker_rae","https:\/\/www.linkedin.com\/company\/hcker-rechtsanwlte\/","https:\/\/www.instagram.com\/hoecker_rae\/"],"email":"contact@hoecker.eu","telephone":"+ 49 (0)221-933 19-10","legalName":"H\u00d6CKER Rechtsanw\u00e4lte PartGmbB","numberOfEmployees":{"@type":"QuantitativeValue","minValue":"11","maxValue":"50"}},{"@type":"Person","@id":"https:\/\/www.hoecker.eu\/blog\/#\/schema\/person\/08f95581eed0534eccd0b2438f7a1cab","name":"Prof. Dr. Ralf H\u00f6cker","description":"Medienanwalt. Besch\u00fctzer vor mieser Presse","sameAs":["https:\/\/www.hoecker.eu\/wer\/prof-dr-ralf-hoecker","https:\/\/www.facebook.com\/ralf.hoecker","https:\/\/www.linkedin.com\/in\/prof-dr-ralf-hcker-ll-m-london-17987826\/","https:\/\/x.com\/Ralf_Hoecker"],"url":"https:\/\/www.hoecker.eu\/blog\/author\/hoecker_adm\/"}]}},"authors":[{"term_id":84,"user_id":1,"is_guest":0,"slug":"hoecker_adm","display_name":"Prof. Dr. Ralf H\u00f6cker","avatar_url":{"url":"https:\/\/www.hoecker.eu\/blog\/wp-content\/uploads\/2023\/12\/ProfDrRalfHoecker.jpg","url2x":"https:\/\/www.hoecker.eu\/blog\/wp-content\/uploads\/2023\/12\/ProfDrRalfHoecker.jpg"},"0":null,"1":"","2":"","3":"","4":"","5":"","6":"","7":"","8":"","9":"","10":"","11":""}],"_links":{"self":[{"href":"https:\/\/www.hoecker.eu\/blog\/wp-json\/wp\/v2\/posts\/8307","targetHints":{"allow":["GET"]}}],"collection":[{"href":"https:\/\/www.hoecker.eu\/blog\/wp-json\/wp\/v2\/posts"}],"about":[{"href":"https:\/\/www.hoecker.eu\/blog\/wp-json\/wp\/v2\/types\/post"}],"author":[{"embeddable":true,"href":"https:\/\/www.hoecker.eu\/blog\/wp-json\/wp\/v2\/users\/1"}],"replies":[{"embeddable":true,"href":"https:\/\/www.hoecker.eu\/blog\/wp-json\/wp\/v2\/comments?post=8307"}],"version-history":[{"count":1,"href":"https:\/\/www.hoecker.eu\/blog\/wp-json\/wp\/v2\/posts\/8307\/revisions"}],"predecessor-version":[{"id":9429,"href":"https:\/\/www.hoecker.eu\/blog\/wp-json\/wp\/v2\/posts\/8307\/revisions\/9429"}],"wp:attachment":[{"href":"https:\/\/www.hoecker.eu\/blog\/wp-json\/wp\/v2\/media?parent=8307"}],"wp:term":[{"taxonomy":"category","embeddable":true,"href":"https:\/\/www.hoecker.eu\/blog\/wp-json\/wp\/v2\/categories?post=8307"},{"taxonomy":"post_tag","embeddable":true,"href":"https:\/\/www.hoecker.eu\/blog\/wp-json\/wp\/v2\/tags?post=8307"},{"taxonomy":"hashtags","embeddable":true,"href":"https:\/\/www.hoecker.eu\/blog\/wp-json\/wp\/v2\/hashtags?post=8307"},{"taxonomy":"author","embeddable":true,"href":"https:\/\/www.hoecker.eu\/blog\/wp-json\/wp\/v2\/ppma_author?post=8307"}],"curies":[{"name":"wp","href":"https:\/\/api.w.org\/{rel}","templated":true}]}}