{"id":8305,"date":"2019-07-05T11:13:00","date_gmt":"2019-07-05T09:13:00","guid":{"rendered":"https:\/\/www.hoecker.eu\/blog\/naechster-erfolg-gegen-twitter-journalisten-sperre-unzulaessig\/"},"modified":"2025-02-17T14:56:16","modified_gmt":"2025-02-17T13:56:16","slug":"naechster-erfolg-gegen-twitter-journalisten-sperre-unzulaessig","status":"publish","type":"post","link":"https:\/\/www.hoecker.eu\/blog\/naechster-erfolg-gegen-twitter-journalisten-sperre-unzulaessig\/","title":{"rendered":"N\u00e4chster Erfolg gegen Twitter: Journalisten-Sperre unzul\u00e4ssig."},"content":{"rendered":"<p>Es ist aktuell das medienpolitische Thema:<\/p>\n<p>Seit Inkrafttreten des umstrittenen Netzwerkdurchsetzungsgesetz (NetzDG) l\u00f6schen Plattformen wie Twitter, Facebook und Co. massiv die Inhalte ihrer Nutzer. Das von Kritikern des NetzDG vorhergesagte Overblocking findet statt. Klar zul\u00e4ssige Inhalte werden gel\u00f6scht. Accounts werden gesperrt. Zuletzt traf es die Staatssekret\u00e4rin Sawsan Chebli, die J\u00fcdische Allgemeine, Rechtsanw\u00e4lte und sogar Parteien mitten im Europawahlkampf.<\/p>\n<p>Aufgrund seines katastrophalen Beschwerdemanagements wurde Twitter sogar vom Digitalausschuss des Bundestages zum Rapport bestellt.<\/p>\n<p>Dieser Praxis schiebt die Rechtsprechung nun nach und nach einen Riegel vor.<\/p>\n<p>Vor wenigen Wochen hat das LG Berlin als erstes Gericht <a href=\"{entry:1305:url||https:\/\/www.hoecker.eu\/news\/gericht-verbietet-twitter-sperre-wegen-angeblicher-verst%C3%B6%C3%9Fe-gegen-interne-richtlinien}\">in einem von H\u00d6CKER gef\u00fchrten Verfahren eine Twitter-Sperre verboten<\/a>. Nun zieht auch das LG M\u00fcnchen nach: Twitter hatte einen Satire-Tweet des Journalisten Tom Hillenbrand gesperrt. Es ging um eine offensichtlich nicht ganz ernst gemeinte Empfehlung zur Europawahl:<\/p>\n<figure><img fetchpriority=\"high\" decoding=\"async\" src=\"{asset:1316:url||https:\/\/hoecker.eu\/assets\/img\/file-1.jpeg}\" width=\"282\" height=\"186\" alt=\"\" \/><\/figure>\n<p>Twitter verstand hier keinen Spa\u00df. Die Empfehlung Wahlzettel aufzuessen sei Wahlmanipulation und damit ein Versto\u00df gegen eine interne Richtlinie. Twitter l\u00f6schte kurzerhand.<\/p>\n<p>An dieser Ma\u00dfnahme bem\u00e4ngelte das LG M\u00fcnchen auf Antrag von H\u00d6CKER nun nicht nur die Humorlosigkeit Twitters: Das Gericht sah einen Versto\u00df gegen die Meinungsfreiheit. Der Satirecharakter sei klar erkennbar. Von Wahlmanipulation k\u00f6nne keine Rede sei.<\/p>\n<p>Twitter muss den Tweet nun wieder freischalten und Verfahrenskosten zahlen. Ein humorloses Ende. F\u00fcr Twitter.<em><br \/><\/em><\/p>\n","protected":false},"excerpt":{"rendered":"<p>Es ist aktuell das medienpolitische Thema: Seit Inkrafttreten des umstrittenen Netzwerkdurchsetzungsgesetz (NetzDG) l\u00f6schen Plattformen wie Twitter, Facebook und Co. massiv die Inhalte ihrer Nutzer. Das von Kritikern des NetzDG vorhergesagte Overblocking findet statt. Klar zul\u00e4ssige Inhalte werden gel\u00f6scht. Accounts werden gesperrt. Zuletzt traf es die Staatssekret\u00e4rin Sawsan Chebli, die J\u00fcdische Allgemeine, Rechtsanw\u00e4lte und sogar Parteien [&hellip;]<\/p>\n","protected":false},"author":1,"featured_media":0,"comment_status":"closed","ping_status":"closed","sticky":false,"template":"","format":"standard","meta":{"_has_post_settings":[],"footnotes":""},"categories":[15],"tags":[],"hashtags":[],"ppma_author":[84],"class_list":["post-8305","post","type-post","status-publish","format-standard","hentry","category-news","author-hoecker_adm"],"yoast_head":"<!-- This site is optimized with the Yoast SEO Premium plugin v25.9 (Yoast SEO v27.0) - https:\/\/yoast.com\/product\/yoast-seo-premium-wordpress\/ -->\n<title>N\u00e4chster Erfolg gegen Twitter: Journalisten-Sperre unzul\u00e4ssig. - H\u00d6CKER - der Blog<\/title>\n<meta name=\"robots\" content=\"index, follow, max-snippet:-1, max-image-preview:large, max-video-preview:-1\" \/>\n<link rel=\"canonical\" href=\"https:\/\/www.hoecker.eu\/blog\/naechster-erfolg-gegen-twitter-journalisten-sperre-unzulaessig\/\" \/>\n<meta property=\"og:locale\" content=\"de_DE\" \/>\n<meta property=\"og:type\" content=\"article\" \/>\n<meta property=\"og:title\" content=\"N\u00e4chster Erfolg gegen Twitter: Journalisten-Sperre unzul\u00e4ssig.\" \/>\n<meta property=\"og:description\" content=\"Es ist aktuell das medienpolitische Thema: Seit Inkrafttreten des umstrittenen Netzwerkdurchsetzungsgesetz (NetzDG) l\u00f6schen Plattformen wie Twitter, Facebook und Co. massiv die Inhalte ihrer Nutzer. Das von Kritikern des NetzDG vorhergesagte Overblocking findet statt. Klar zul\u00e4ssige Inhalte werden gel\u00f6scht. Accounts werden gesperrt. Zuletzt traf es die Staatssekret\u00e4rin Sawsan Chebli, die J\u00fcdische Allgemeine, Rechtsanw\u00e4lte und sogar Parteien [&hellip;]\" \/>\n<meta property=\"og:url\" content=\"https:\/\/www.hoecker.eu\/blog\/naechster-erfolg-gegen-twitter-journalisten-sperre-unzulaessig\/\" \/>\n<meta property=\"og:site_name\" content=\"H\u00d6CKER - der Blog\" \/>\n<meta property=\"article:publisher\" content=\"https:\/\/www.facebook.com\/HoeckerRAe\/\" \/>\n<meta property=\"article:author\" content=\"https:\/\/www.facebook.com\/ralf.hoecker\" \/>\n<meta property=\"article:published_time\" content=\"2019-07-05T09:13:00+00:00\" \/>\n<meta property=\"article:modified_time\" content=\"2025-02-17T13:56:16+00:00\" \/>\n<meta name=\"author\" content=\"Prof. Dr. Ralf H\u00f6cker\" \/>\n<meta name=\"twitter:card\" content=\"summary_large_image\" \/>\n<meta name=\"twitter:creator\" content=\"@Ralf_Hoecker\" \/>\n<meta name=\"twitter:site\" content=\"@hoecker_rae\" \/>\n<meta name=\"twitter:label1\" content=\"Verfasst von\" \/>\n\t<meta name=\"twitter:data1\" content=\"Prof. Dr. Ralf H\u00f6cker\" \/>\n\t<meta name=\"twitter:label2\" content=\"Gesch\u00e4tzte Lesezeit\" \/>\n\t<meta name=\"twitter:data2\" content=\"1\u00a0Minute\" \/>\n<script type=\"application\/ld+json\" class=\"yoast-schema-graph\">{\"@context\":\"https:\/\/schema.org\",\"@graph\":[{\"@type\":\"Article\",\"@id\":\"https:\/\/www.hoecker.eu\/blog\/naechster-erfolg-gegen-twitter-journalisten-sperre-unzulaessig\/#article\",\"isPartOf\":{\"@id\":\"https:\/\/www.hoecker.eu\/blog\/naechster-erfolg-gegen-twitter-journalisten-sperre-unzulaessig\/\"},\"author\":{\"name\":\"Prof. Dr. Ralf H\u00f6cker\",\"@id\":\"https:\/\/www.hoecker.eu\/blog\/#\/schema\/person\/08f95581eed0534eccd0b2438f7a1cab\"},\"headline\":\"N\u00e4chster Erfolg gegen Twitter: Journalisten-Sperre unzul\u00e4ssig.\",\"datePublished\":\"2019-07-05T09:13:00+00:00\",\"dateModified\":\"2025-02-17T13:56:16+00:00\",\"mainEntityOfPage\":{\"@id\":\"https:\/\/www.hoecker.eu\/blog\/naechster-erfolg-gegen-twitter-journalisten-sperre-unzulaessig\/\"},\"wordCount\":228,\"publisher\":{\"@id\":\"https:\/\/www.hoecker.eu\/blog\/#organization\"},\"articleSection\":[\"News\"],\"inLanguage\":\"de\"},{\"@type\":\"WebPage\",\"@id\":\"https:\/\/www.hoecker.eu\/blog\/naechster-erfolg-gegen-twitter-journalisten-sperre-unzulaessig\/\",\"url\":\"https:\/\/www.hoecker.eu\/blog\/naechster-erfolg-gegen-twitter-journalisten-sperre-unzulaessig\/\",\"name\":\"N\u00e4chster Erfolg gegen Twitter: Journalisten-Sperre unzul\u00e4ssig. - H\u00d6CKER - der Blog\",\"isPartOf\":{\"@id\":\"https:\/\/www.hoecker.eu\/blog\/#website\"},\"datePublished\":\"2019-07-05T09:13:00+00:00\",\"dateModified\":\"2025-02-17T13:56:16+00:00\",\"breadcrumb\":{\"@id\":\"https:\/\/www.hoecker.eu\/blog\/naechster-erfolg-gegen-twitter-journalisten-sperre-unzulaessig\/#breadcrumb\"},\"inLanguage\":\"de\",\"potentialAction\":[{\"@type\":\"ReadAction\",\"target\":[\"https:\/\/www.hoecker.eu\/blog\/naechster-erfolg-gegen-twitter-journalisten-sperre-unzulaessig\/\"]}]},{\"@type\":\"BreadcrumbList\",\"@id\":\"https:\/\/www.hoecker.eu\/blog\/naechster-erfolg-gegen-twitter-journalisten-sperre-unzulaessig\/#breadcrumb\",\"itemListElement\":[{\"@type\":\"ListItem\",\"position\":1,\"name\":\"Startseite\",\"item\":\"https:\/\/dev.hoecker.eu\/blog\/\"},{\"@type\":\"ListItem\",\"position\":2,\"name\":\"N\u00e4chster Erfolg gegen Twitter: Journalisten-Sperre unzul\u00e4ssig.\"}]},{\"@type\":\"WebSite\",\"@id\":\"https:\/\/www.hoecker.eu\/blog\/#website\",\"url\":\"https:\/\/www.hoecker.eu\/blog\/\",\"name\":\"H\u00d6CKER - der Blog\",\"description\":\"Expertenblog f\u00fcr \u00c4u\u00dferungs-, Medien-, Marken-, Urheber- und Wettbewerbsrecht.\",\"publisher\":{\"@id\":\"https:\/\/www.hoecker.eu\/blog\/#organization\"},\"potentialAction\":[{\"@type\":\"SearchAction\",\"target\":{\"@type\":\"EntryPoint\",\"urlTemplate\":\"https:\/\/www.hoecker.eu\/blog\/?s={search_term_string}\"},\"query-input\":{\"@type\":\"PropertyValueSpecification\",\"valueRequired\":true,\"valueName\":\"search_term_string\"}}],\"inLanguage\":\"de\"},{\"@type\":\"Organization\",\"@id\":\"https:\/\/www.hoecker.eu\/blog\/#organization\",\"name\":\"H\u00d6CKER Rechtsanw\u00e4lte PartGmbB\",\"alternateName\":\"H\u00d6CKER\",\"url\":\"https:\/\/www.hoecker.eu\/blog\/\",\"logo\":{\"@type\":\"ImageObject\",\"inLanguage\":\"de\",\"@id\":\"https:\/\/www.hoecker.eu\/blog\/#\/schema\/logo\/image\/\",\"url\":\"https:\/\/www.hoecker.eu\/blog\/wp-content\/uploads\/2025\/03\/Blog-Logo.webp\",\"contentUrl\":\"https:\/\/www.hoecker.eu\/blog\/wp-content\/uploads\/2025\/03\/Blog-Logo.webp\",\"width\":500,\"height\":500,\"caption\":\"H\u00d6CKER Rechtsanw\u00e4lte PartGmbB\"},\"image\":{\"@id\":\"https:\/\/www.hoecker.eu\/blog\/#\/schema\/logo\/image\/\"},\"sameAs\":[\"https:\/\/www.facebook.com\/HoeckerRAe\/\",\"https:\/\/x.com\/hoecker_rae\",\"https:\/\/www.linkedin.com\/company\/hcker-rechtsanwlte\/\",\"https:\/\/www.instagram.com\/hoecker_rae\/\"],\"email\":\"contact@hoecker.eu\",\"telephone\":\"+ 49 (0)221-933 19-10\",\"legalName\":\"H\u00d6CKER Rechtsanw\u00e4lte PartGmbB\",\"numberOfEmployees\":{\"@type\":\"QuantitativeValue\",\"minValue\":\"11\",\"maxValue\":\"50\"}},{\"@type\":\"Person\",\"@id\":\"https:\/\/www.hoecker.eu\/blog\/#\/schema\/person\/08f95581eed0534eccd0b2438f7a1cab\",\"name\":\"Prof. Dr. Ralf H\u00f6cker\",\"description\":\"Medienanwalt. Besch\u00fctzer vor mieser Presse\",\"sameAs\":[\"https:\/\/www.hoecker.eu\/wer\/prof-dr-ralf-hoecker\",\"https:\/\/www.facebook.com\/ralf.hoecker\",\"https:\/\/www.linkedin.com\/in\/prof-dr-ralf-hcker-ll-m-london-17987826\/\",\"https:\/\/x.com\/Ralf_Hoecker\"],\"url\":\"https:\/\/www.hoecker.eu\/blog\/author\/hoecker_adm\/\"}]}<\/script>\n<!-- \/ Yoast SEO Premium plugin. -->","yoast_head_json":{"title":"N\u00e4chster Erfolg gegen Twitter: Journalisten-Sperre unzul\u00e4ssig. - H\u00d6CKER - der Blog","robots":{"index":"index","follow":"follow","max-snippet":"max-snippet:-1","max-image-preview":"max-image-preview:large","max-video-preview":"max-video-preview:-1"},"canonical":"https:\/\/www.hoecker.eu\/blog\/naechster-erfolg-gegen-twitter-journalisten-sperre-unzulaessig\/","og_locale":"de_DE","og_type":"article","og_title":"N\u00e4chster Erfolg gegen Twitter: Journalisten-Sperre unzul\u00e4ssig.","og_description":"Es ist aktuell das medienpolitische Thema: Seit Inkrafttreten des umstrittenen Netzwerkdurchsetzungsgesetz (NetzDG) l\u00f6schen Plattformen wie Twitter, Facebook und Co. massiv die Inhalte ihrer Nutzer. Das von Kritikern des NetzDG vorhergesagte Overblocking findet statt. Klar zul\u00e4ssige Inhalte werden gel\u00f6scht. Accounts werden gesperrt. Zuletzt traf es die Staatssekret\u00e4rin Sawsan Chebli, die J\u00fcdische Allgemeine, Rechtsanw\u00e4lte und sogar Parteien [&hellip;]","og_url":"https:\/\/www.hoecker.eu\/blog\/naechster-erfolg-gegen-twitter-journalisten-sperre-unzulaessig\/","og_site_name":"H\u00d6CKER - der Blog","article_publisher":"https:\/\/www.facebook.com\/HoeckerRAe\/","article_author":"https:\/\/www.facebook.com\/ralf.hoecker","article_published_time":"2019-07-05T09:13:00+00:00","article_modified_time":"2025-02-17T13:56:16+00:00","author":"Prof. Dr. Ralf H\u00f6cker","twitter_card":"summary_large_image","twitter_creator":"@Ralf_Hoecker","twitter_site":"@hoecker_rae","twitter_misc":{"Verfasst von":"Prof. Dr. Ralf H\u00f6cker","Gesch\u00e4tzte Lesezeit":"1\u00a0Minute"},"schema":{"@context":"https:\/\/schema.org","@graph":[{"@type":"Article","@id":"https:\/\/www.hoecker.eu\/blog\/naechster-erfolg-gegen-twitter-journalisten-sperre-unzulaessig\/#article","isPartOf":{"@id":"https:\/\/www.hoecker.eu\/blog\/naechster-erfolg-gegen-twitter-journalisten-sperre-unzulaessig\/"},"author":{"name":"Prof. Dr. Ralf H\u00f6cker","@id":"https:\/\/www.hoecker.eu\/blog\/#\/schema\/person\/08f95581eed0534eccd0b2438f7a1cab"},"headline":"N\u00e4chster Erfolg gegen Twitter: Journalisten-Sperre unzul\u00e4ssig.","datePublished":"2019-07-05T09:13:00+00:00","dateModified":"2025-02-17T13:56:16+00:00","mainEntityOfPage":{"@id":"https:\/\/www.hoecker.eu\/blog\/naechster-erfolg-gegen-twitter-journalisten-sperre-unzulaessig\/"},"wordCount":228,"publisher":{"@id":"https:\/\/www.hoecker.eu\/blog\/#organization"},"articleSection":["News"],"inLanguage":"de"},{"@type":"WebPage","@id":"https:\/\/www.hoecker.eu\/blog\/naechster-erfolg-gegen-twitter-journalisten-sperre-unzulaessig\/","url":"https:\/\/www.hoecker.eu\/blog\/naechster-erfolg-gegen-twitter-journalisten-sperre-unzulaessig\/","name":"N\u00e4chster Erfolg gegen Twitter: Journalisten-Sperre unzul\u00e4ssig. - H\u00d6CKER - der Blog","isPartOf":{"@id":"https:\/\/www.hoecker.eu\/blog\/#website"},"datePublished":"2019-07-05T09:13:00+00:00","dateModified":"2025-02-17T13:56:16+00:00","breadcrumb":{"@id":"https:\/\/www.hoecker.eu\/blog\/naechster-erfolg-gegen-twitter-journalisten-sperre-unzulaessig\/#breadcrumb"},"inLanguage":"de","potentialAction":[{"@type":"ReadAction","target":["https:\/\/www.hoecker.eu\/blog\/naechster-erfolg-gegen-twitter-journalisten-sperre-unzulaessig\/"]}]},{"@type":"BreadcrumbList","@id":"https:\/\/www.hoecker.eu\/blog\/naechster-erfolg-gegen-twitter-journalisten-sperre-unzulaessig\/#breadcrumb","itemListElement":[{"@type":"ListItem","position":1,"name":"Startseite","item":"https:\/\/dev.hoecker.eu\/blog\/"},{"@type":"ListItem","position":2,"name":"N\u00e4chster Erfolg gegen Twitter: Journalisten-Sperre unzul\u00e4ssig."}]},{"@type":"WebSite","@id":"https:\/\/www.hoecker.eu\/blog\/#website","url":"https:\/\/www.hoecker.eu\/blog\/","name":"H\u00d6CKER - der Blog","description":"Expertenblog f\u00fcr \u00c4u\u00dferungs-, Medien-, Marken-, Urheber- und Wettbewerbsrecht.","publisher":{"@id":"https:\/\/www.hoecker.eu\/blog\/#organization"},"potentialAction":[{"@type":"SearchAction","target":{"@type":"EntryPoint","urlTemplate":"https:\/\/www.hoecker.eu\/blog\/?s={search_term_string}"},"query-input":{"@type":"PropertyValueSpecification","valueRequired":true,"valueName":"search_term_string"}}],"inLanguage":"de"},{"@type":"Organization","@id":"https:\/\/www.hoecker.eu\/blog\/#organization","name":"H\u00d6CKER Rechtsanw\u00e4lte PartGmbB","alternateName":"H\u00d6CKER","url":"https:\/\/www.hoecker.eu\/blog\/","logo":{"@type":"ImageObject","inLanguage":"de","@id":"https:\/\/www.hoecker.eu\/blog\/#\/schema\/logo\/image\/","url":"https:\/\/www.hoecker.eu\/blog\/wp-content\/uploads\/2025\/03\/Blog-Logo.webp","contentUrl":"https:\/\/www.hoecker.eu\/blog\/wp-content\/uploads\/2025\/03\/Blog-Logo.webp","width":500,"height":500,"caption":"H\u00d6CKER Rechtsanw\u00e4lte PartGmbB"},"image":{"@id":"https:\/\/www.hoecker.eu\/blog\/#\/schema\/logo\/image\/"},"sameAs":["https:\/\/www.facebook.com\/HoeckerRAe\/","https:\/\/x.com\/hoecker_rae","https:\/\/www.linkedin.com\/company\/hcker-rechtsanwlte\/","https:\/\/www.instagram.com\/hoecker_rae\/"],"email":"contact@hoecker.eu","telephone":"+ 49 (0)221-933 19-10","legalName":"H\u00d6CKER Rechtsanw\u00e4lte PartGmbB","numberOfEmployees":{"@type":"QuantitativeValue","minValue":"11","maxValue":"50"}},{"@type":"Person","@id":"https:\/\/www.hoecker.eu\/blog\/#\/schema\/person\/08f95581eed0534eccd0b2438f7a1cab","name":"Prof. Dr. Ralf H\u00f6cker","description":"Medienanwalt. Besch\u00fctzer vor mieser Presse","sameAs":["https:\/\/www.hoecker.eu\/wer\/prof-dr-ralf-hoecker","https:\/\/www.facebook.com\/ralf.hoecker","https:\/\/www.linkedin.com\/in\/prof-dr-ralf-hcker-ll-m-london-17987826\/","https:\/\/x.com\/Ralf_Hoecker"],"url":"https:\/\/www.hoecker.eu\/blog\/author\/hoecker_adm\/"}]}},"authors":[{"term_id":84,"user_id":1,"is_guest":0,"slug":"hoecker_adm","display_name":"Prof. Dr. Ralf H\u00f6cker","avatar_url":{"url":"https:\/\/www.hoecker.eu\/blog\/wp-content\/uploads\/2023\/12\/ProfDrRalfHoecker.jpg","url2x":"https:\/\/www.hoecker.eu\/blog\/wp-content\/uploads\/2023\/12\/ProfDrRalfHoecker.jpg"},"0":null,"1":"","2":"","3":"","4":"","5":"","6":"","7":"","8":"","9":"","10":"","11":""}],"_links":{"self":[{"href":"https:\/\/www.hoecker.eu\/blog\/wp-json\/wp\/v2\/posts\/8305","targetHints":{"allow":["GET"]}}],"collection":[{"href":"https:\/\/www.hoecker.eu\/blog\/wp-json\/wp\/v2\/posts"}],"about":[{"href":"https:\/\/www.hoecker.eu\/blog\/wp-json\/wp\/v2\/types\/post"}],"author":[{"embeddable":true,"href":"https:\/\/www.hoecker.eu\/blog\/wp-json\/wp\/v2\/users\/1"}],"replies":[{"embeddable":true,"href":"https:\/\/www.hoecker.eu\/blog\/wp-json\/wp\/v2\/comments?post=8305"}],"version-history":[{"count":1,"href":"https:\/\/www.hoecker.eu\/blog\/wp-json\/wp\/v2\/posts\/8305\/revisions"}],"predecessor-version":[{"id":9427,"href":"https:\/\/www.hoecker.eu\/blog\/wp-json\/wp\/v2\/posts\/8305\/revisions\/9427"}],"wp:attachment":[{"href":"https:\/\/www.hoecker.eu\/blog\/wp-json\/wp\/v2\/media?parent=8305"}],"wp:term":[{"taxonomy":"category","embeddable":true,"href":"https:\/\/www.hoecker.eu\/blog\/wp-json\/wp\/v2\/categories?post=8305"},{"taxonomy":"post_tag","embeddable":true,"href":"https:\/\/www.hoecker.eu\/blog\/wp-json\/wp\/v2\/tags?post=8305"},{"taxonomy":"hashtags","embeddable":true,"href":"https:\/\/www.hoecker.eu\/blog\/wp-json\/wp\/v2\/hashtags?post=8305"},{"taxonomy":"author","embeddable":true,"href":"https:\/\/www.hoecker.eu\/blog\/wp-json\/wp\/v2\/ppma_author?post=8305"}],"curies":[{"name":"wp","href":"https:\/\/api.w.org\/{rel}","templated":true}]}}