{"id":8304,"date":"2019-07-13T09:04:00","date_gmt":"2019-07-13T07:04:00","guid":{"rendered":"https:\/\/www.hoecker.eu\/blog\/weiterer-erfolg-fuer-influencer-rechte-lg-frankfurt-a-m-weist-begehr-nach-uebermaessiger-werbekennzeichnung-zurueck\/"},"modified":"2025-02-17T14:56:16","modified_gmt":"2025-02-17T13:56:16","slug":"weiterer-erfolg-fuer-influencer-rechte-lg-frankfurt-a-m-weist-begehr-nach-uebermaessiger-werbekennzeichnung-zurueck","status":"publish","type":"post","link":"https:\/\/www.hoecker.eu\/blog\/weiterer-erfolg-fuer-influencer-rechte-lg-frankfurt-a-m-weist-begehr-nach-uebermaessiger-werbekennzeichnung-zurueck\/","title":{"rendered":"Weiterer Erfolg f\u00fcr Influencer-Rechte &#8211; LG Frankfurt a.M. weist Begehr nach \u00fcberm\u00e4\u00dfiger Werbekennzeichnung zur\u00fcck."},"content":{"rendered":"<p>Mit Beschluss vom 24.06.2019 (Az. 2-06 O 235\/19, n.rkr.) hat das Landgericht Frankfurt a.M. einen Verf\u00fcgungsantrag zur\u00fcckgewiesen, der sich gegen die Verwendung von sog. &#8220;Tags&#8221; auf Instagram richtete. Mit dem Antrag sollte es einer bekannten Influencerin verboten werden, Instagram-Accounts verschiedener Unternehmen in ihren Posts zu verlinken, ohne diese als Werbung zu kennzeichnen.<\/p>\n<p>Die Influencerin hatte eine entsprechende Forderung durch die Kanzlei H\u00d6CKER bereits vorgerichtlich mit dem Hinweis zur\u00fcckweisen lassen, dass die Tags aus Informationszwecken und ohne Gegenleistung gesetzt wurden. Dass der Account selbst gewerblich betrieben werde, sei f\u00fcr jeden klar erkennbar.<\/p>\n<p>Das Landgericht Frankfurt best\u00e4tigte nunmehr, dass der geltend gemachte Verbotsanspruch nicht besteht. Ein solcher ergebe sich weder aus \u00a7 5a Abs. 6 UWG noch aus \u00a7 3a UWG i.V.m. \u00a7 6 Abs. 1 Nr. 1 TMG.<\/p>\n<p>Ein Anspruch aus \u00a7 5a Abs. 6 UWG scheitere schon deswegen, weil die Verlinkung in den konkret angegriffenen Posts schon nicht dazu geeignet gewesen sei, den Verbraucher zu einer gesch\u00e4ftlichen Entscheidung zu veranlassen, die er andernfalls nicht getroffen h\u00e4tte. Denn mit den Tags w\u00fcrde der Verbraucher &#8211; so das Landgericht Frankfurt a.M. &#8211; lediglich auf die Instagramseiten verschiedener Anbieter von Waren und Dienstleistungen verwiesen, nicht aber auf Shopseiten, auf denen die Produkte und Dienstleistungen erworben werden k\u00f6nnen. Die Annahme, dass Follower allein durch den Besuch der Instagramseiten zum Aufsuchen von Shopseiten verleitet w\u00fcrden, liege nach Ansicht des Gerichts fern.<\/p>\n<p>Auch komme ein Anspruch aus \u00a7 3a UWG i.V.m. \u00a7 6 Abs. 1 Nr. 1 TMG nicht in Betracht, da der Antragsteller nicht darlegen konnte, dass die Tags aus kommerziellen Zwecken gesetzt worden seien. Eine kommerzielle Kommunikation liege nicht vor, wenn Angaben in Bezug auf Waren oder Dienstleistungen unabh\u00e4ngig und insbesondere ohne finanzielle Gegenleistung gemacht w\u00fcrden.<\/p>\n<p>Rechtsanwalt Dr. Sven Dierkes:<br \/>\u201e<i>Die Entscheidung des Landgerichts Frankfurt a.M. ist ein weiterer wichtiger Beitrag zur Gleichbehandlung von Print- und Online-Medien.<\/i><i><br \/><\/i><\/p>\n<p><i>Setzt ein Influencer unbezahlte Tags, stehen dahinter gerade nicht automatisch kommerzielle Interessen. Vielmehr entnehmen Nutzer den Tags lediglich, dass die verlinkten Waren, Dienstleistungen oder Unternehmen dem Lebensstil des verlinkenden Influencers entsprechen. Die Nutzer werden so allenfalls animiert, sich n\u00e4her mit dem verlinkten Profil zu befassen. Dies gilt jedenfalls dann, wenn keine weiteren Kaufanreize geschaffen werden, wie beispielsweise eine \u00fcberm\u00e4\u00dfig positive Herausstellung der verlinkten Produkte.<br \/><\/i><\/p>\n<p><i>W\u00e4re man der gegenteiligen Ansicht, m\u00fcsste man jede zweite Seite in bestimmten Lifestylemagazinen als Werbung kennzeichnen.<br \/><\/i><\/p>\n<p><i>Aufgrund der derzeitigen rechtlichen Unsicherheit kennzeichnen viele Influencer getaggte Posts gerade inflation\u00e4r als Werbung. Dies f\u00fchrt dazu, dass Nutzer die Kennzeichnung nicht mehr ernst nehmen. Im schlechtesten Fall ist die Kennzeichnung nicht gef\u00f6rderter Posts als Werbung somit irref\u00fchrend, da sich <i>Nutzer nicht f\u00fcr eine Kennzeichnung interessieren, der sie nicht entnehmen k\u00f6nnen, ob ein Tag bezahlt wurde oder nicht. Dies<\/i> entspricht ganz bestimmt nicht dem medienrechtlichen Transparenzgebot.<br \/><\/i><\/p>\n<p><i>Abgesehen davon, dass die Entscheidung in erfreulicher Weise die Rechte der Influencer st\u00e4rkt, bleibt es im \u00dcbrigen dabei, dass der Gesetzgeber aufgerufen ist, endlich Rechtssicherheit zu schaffen, indem er die Regelung zur Kennzeichnung von Inhalten in Sozialen Medien der Gegenwart anpasst.&#8221;<\/i><\/p>\n","protected":false},"excerpt":{"rendered":"<p>Mit Beschluss vom 24.06.2019 (Az. 2-06 O 235\/19, n.rkr.) hat das Landgericht Frankfurt a.M. einen Verf\u00fcgungsantrag zur\u00fcckgewiesen, der sich gegen die Verwendung von sog. &#8220;Tags&#8221; auf Instagram richtete. Mit dem Antrag sollte es einer bekannten Influencerin verboten werden, Instagram-Accounts verschiedener Unternehmen in ihren Posts zu verlinken, ohne diese als Werbung zu kennzeichnen. Die Influencerin hatte [&hellip;]<\/p>\n","protected":false},"author":1,"featured_media":0,"comment_status":"closed","ping_status":"closed","sticky":false,"template":"","format":"standard","meta":{"_has_post_settings":[],"footnotes":""},"categories":[15],"tags":[],"hashtags":[],"ppma_author":[84],"class_list":["post-8304","post","type-post","status-publish","format-standard","hentry","category-news","author-hoecker_adm"],"yoast_head":"<!-- This site is optimized with the Yoast SEO Premium plugin v25.9 (Yoast SEO v27.0) - https:\/\/yoast.com\/product\/yoast-seo-premium-wordpress\/ -->\n<title>Weiterer Erfolg f\u00fcr Influencer-Rechte - LG Frankfurt a.M. weist Begehr nach \u00fcberm\u00e4\u00dfiger Werbekennzeichnung zur\u00fcck. - H\u00d6CKER - der Blog<\/title>\n<meta name=\"robots\" content=\"index, follow, max-snippet:-1, max-image-preview:large, max-video-preview:-1\" \/>\n<link rel=\"canonical\" href=\"https:\/\/www.hoecker.eu\/blog\/weiterer-erfolg-fuer-influencer-rechte-lg-frankfurt-a-m-weist-begehr-nach-uebermaessiger-werbekennzeichnung-zurueck\/\" \/>\n<meta property=\"og:locale\" content=\"de_DE\" \/>\n<meta property=\"og:type\" content=\"article\" \/>\n<meta property=\"og:title\" content=\"Weiterer Erfolg f\u00fcr Influencer-Rechte - LG Frankfurt a.M. weist Begehr nach \u00fcberm\u00e4\u00dfiger Werbekennzeichnung zur\u00fcck.\" \/>\n<meta property=\"og:description\" content=\"Mit Beschluss vom 24.06.2019 (Az. 2-06 O 235\/19, n.rkr.) hat das Landgericht Frankfurt a.M. einen Verf\u00fcgungsantrag zur\u00fcckgewiesen, der sich gegen die Verwendung von sog. &#8220;Tags&#8221; auf Instagram richtete. Mit dem Antrag sollte es einer bekannten Influencerin verboten werden, Instagram-Accounts verschiedener Unternehmen in ihren Posts zu verlinken, ohne diese als Werbung zu kennzeichnen. Die Influencerin hatte [&hellip;]\" \/>\n<meta property=\"og:url\" content=\"https:\/\/www.hoecker.eu\/blog\/weiterer-erfolg-fuer-influencer-rechte-lg-frankfurt-a-m-weist-begehr-nach-uebermaessiger-werbekennzeichnung-zurueck\/\" \/>\n<meta property=\"og:site_name\" content=\"H\u00d6CKER - der Blog\" \/>\n<meta property=\"article:publisher\" content=\"https:\/\/www.facebook.com\/HoeckerRAe\/\" \/>\n<meta property=\"article:author\" content=\"https:\/\/www.facebook.com\/ralf.hoecker\" \/>\n<meta property=\"article:published_time\" content=\"2019-07-13T07:04:00+00:00\" \/>\n<meta property=\"article:modified_time\" content=\"2025-02-17T13:56:16+00:00\" \/>\n<meta name=\"author\" content=\"Prof. Dr. Ralf H\u00f6cker\" \/>\n<meta name=\"twitter:card\" content=\"summary_large_image\" \/>\n<meta name=\"twitter:creator\" content=\"@Ralf_Hoecker\" \/>\n<meta name=\"twitter:site\" content=\"@hoecker_rae\" \/>\n<meta name=\"twitter:label1\" content=\"Verfasst von\" \/>\n\t<meta name=\"twitter:data1\" content=\"Prof. Dr. Ralf H\u00f6cker\" \/>\n\t<meta name=\"twitter:label2\" content=\"Gesch\u00e4tzte Lesezeit\" \/>\n\t<meta name=\"twitter:data2\" content=\"3\u00a0Minuten\" \/>\n<script type=\"application\/ld+json\" class=\"yoast-schema-graph\">{\"@context\":\"https:\/\/schema.org\",\"@graph\":[{\"@type\":\"Article\",\"@id\":\"https:\/\/www.hoecker.eu\/blog\/weiterer-erfolg-fuer-influencer-rechte-lg-frankfurt-a-m-weist-begehr-nach-uebermaessiger-werbekennzeichnung-zurueck\/#article\",\"isPartOf\":{\"@id\":\"https:\/\/www.hoecker.eu\/blog\/weiterer-erfolg-fuer-influencer-rechte-lg-frankfurt-a-m-weist-begehr-nach-uebermaessiger-werbekennzeichnung-zurueck\/\"},\"author\":{\"name\":\"Prof. Dr. Ralf H\u00f6cker\",\"@id\":\"https:\/\/www.hoecker.eu\/blog\/#\/schema\/person\/08f95581eed0534eccd0b2438f7a1cab\"},\"headline\":\"Weiterer Erfolg f\u00fcr Influencer-Rechte &#8211; LG Frankfurt a.M. weist Begehr nach \u00fcberm\u00e4\u00dfiger Werbekennzeichnung zur\u00fcck.\",\"datePublished\":\"2019-07-13T07:04:00+00:00\",\"dateModified\":\"2025-02-17T13:56:16+00:00\",\"mainEntityOfPage\":{\"@id\":\"https:\/\/www.hoecker.eu\/blog\/weiterer-erfolg-fuer-influencer-rechte-lg-frankfurt-a-m-weist-begehr-nach-uebermaessiger-werbekennzeichnung-zurueck\/\"},\"wordCount\":524,\"publisher\":{\"@id\":\"https:\/\/www.hoecker.eu\/blog\/#organization\"},\"articleSection\":[\"News\"],\"inLanguage\":\"de\"},{\"@type\":\"WebPage\",\"@id\":\"https:\/\/www.hoecker.eu\/blog\/weiterer-erfolg-fuer-influencer-rechte-lg-frankfurt-a-m-weist-begehr-nach-uebermaessiger-werbekennzeichnung-zurueck\/\",\"url\":\"https:\/\/www.hoecker.eu\/blog\/weiterer-erfolg-fuer-influencer-rechte-lg-frankfurt-a-m-weist-begehr-nach-uebermaessiger-werbekennzeichnung-zurueck\/\",\"name\":\"Weiterer Erfolg f\u00fcr Influencer-Rechte - LG Frankfurt a.M. weist Begehr nach \u00fcberm\u00e4\u00dfiger Werbekennzeichnung zur\u00fcck. - H\u00d6CKER - der Blog\",\"isPartOf\":{\"@id\":\"https:\/\/www.hoecker.eu\/blog\/#website\"},\"datePublished\":\"2019-07-13T07:04:00+00:00\",\"dateModified\":\"2025-02-17T13:56:16+00:00\",\"breadcrumb\":{\"@id\":\"https:\/\/www.hoecker.eu\/blog\/weiterer-erfolg-fuer-influencer-rechte-lg-frankfurt-a-m-weist-begehr-nach-uebermaessiger-werbekennzeichnung-zurueck\/#breadcrumb\"},\"inLanguage\":\"de\",\"potentialAction\":[{\"@type\":\"ReadAction\",\"target\":[\"https:\/\/www.hoecker.eu\/blog\/weiterer-erfolg-fuer-influencer-rechte-lg-frankfurt-a-m-weist-begehr-nach-uebermaessiger-werbekennzeichnung-zurueck\/\"]}]},{\"@type\":\"BreadcrumbList\",\"@id\":\"https:\/\/www.hoecker.eu\/blog\/weiterer-erfolg-fuer-influencer-rechte-lg-frankfurt-a-m-weist-begehr-nach-uebermaessiger-werbekennzeichnung-zurueck\/#breadcrumb\",\"itemListElement\":[{\"@type\":\"ListItem\",\"position\":1,\"name\":\"Startseite\",\"item\":\"https:\/\/dev.hoecker.eu\/blog\/\"},{\"@type\":\"ListItem\",\"position\":2,\"name\":\"Weiterer Erfolg f\u00fcr Influencer-Rechte &#8211; LG Frankfurt a.M. weist Begehr nach \u00fcberm\u00e4\u00dfiger Werbekennzeichnung zur\u00fcck.\"}]},{\"@type\":\"WebSite\",\"@id\":\"https:\/\/www.hoecker.eu\/blog\/#website\",\"url\":\"https:\/\/www.hoecker.eu\/blog\/\",\"name\":\"H\u00d6CKER - der Blog\",\"description\":\"Expertenblog f\u00fcr \u00c4u\u00dferungs-, Medien-, Marken-, Urheber- und Wettbewerbsrecht.\",\"publisher\":{\"@id\":\"https:\/\/www.hoecker.eu\/blog\/#organization\"},\"potentialAction\":[{\"@type\":\"SearchAction\",\"target\":{\"@type\":\"EntryPoint\",\"urlTemplate\":\"https:\/\/www.hoecker.eu\/blog\/?s={search_term_string}\"},\"query-input\":{\"@type\":\"PropertyValueSpecification\",\"valueRequired\":true,\"valueName\":\"search_term_string\"}}],\"inLanguage\":\"de\"},{\"@type\":\"Organization\",\"@id\":\"https:\/\/www.hoecker.eu\/blog\/#organization\",\"name\":\"H\u00d6CKER Rechtsanw\u00e4lte PartGmbB\",\"alternateName\":\"H\u00d6CKER\",\"url\":\"https:\/\/www.hoecker.eu\/blog\/\",\"logo\":{\"@type\":\"ImageObject\",\"inLanguage\":\"de\",\"@id\":\"https:\/\/www.hoecker.eu\/blog\/#\/schema\/logo\/image\/\",\"url\":\"https:\/\/www.hoecker.eu\/blog\/wp-content\/uploads\/2025\/03\/Blog-Logo.webp\",\"contentUrl\":\"https:\/\/www.hoecker.eu\/blog\/wp-content\/uploads\/2025\/03\/Blog-Logo.webp\",\"width\":500,\"height\":500,\"caption\":\"H\u00d6CKER Rechtsanw\u00e4lte PartGmbB\"},\"image\":{\"@id\":\"https:\/\/www.hoecker.eu\/blog\/#\/schema\/logo\/image\/\"},\"sameAs\":[\"https:\/\/www.facebook.com\/HoeckerRAe\/\",\"https:\/\/x.com\/hoecker_rae\",\"https:\/\/www.linkedin.com\/company\/hcker-rechtsanwlte\/\",\"https:\/\/www.instagram.com\/hoecker_rae\/\"],\"email\":\"contact@hoecker.eu\",\"telephone\":\"+ 49 (0)221-933 19-10\",\"legalName\":\"H\u00d6CKER Rechtsanw\u00e4lte PartGmbB\",\"numberOfEmployees\":{\"@type\":\"QuantitativeValue\",\"minValue\":\"11\",\"maxValue\":\"50\"}},{\"@type\":\"Person\",\"@id\":\"https:\/\/www.hoecker.eu\/blog\/#\/schema\/person\/08f95581eed0534eccd0b2438f7a1cab\",\"name\":\"Prof. Dr. Ralf H\u00f6cker\",\"description\":\"Medienanwalt. Besch\u00fctzer vor mieser Presse\",\"sameAs\":[\"https:\/\/www.hoecker.eu\/wer\/prof-dr-ralf-hoecker\",\"https:\/\/www.facebook.com\/ralf.hoecker\",\"https:\/\/www.linkedin.com\/in\/prof-dr-ralf-hcker-ll-m-london-17987826\/\",\"https:\/\/x.com\/Ralf_Hoecker\"],\"url\":\"https:\/\/www.hoecker.eu\/blog\/author\/hoecker_adm\/\"}]}<\/script>\n<!-- \/ Yoast SEO Premium plugin. -->","yoast_head_json":{"title":"Weiterer Erfolg f\u00fcr Influencer-Rechte - LG Frankfurt a.M. weist Begehr nach \u00fcberm\u00e4\u00dfiger Werbekennzeichnung zur\u00fcck. - H\u00d6CKER - der Blog","robots":{"index":"index","follow":"follow","max-snippet":"max-snippet:-1","max-image-preview":"max-image-preview:large","max-video-preview":"max-video-preview:-1"},"canonical":"https:\/\/www.hoecker.eu\/blog\/weiterer-erfolg-fuer-influencer-rechte-lg-frankfurt-a-m-weist-begehr-nach-uebermaessiger-werbekennzeichnung-zurueck\/","og_locale":"de_DE","og_type":"article","og_title":"Weiterer Erfolg f\u00fcr Influencer-Rechte - LG Frankfurt a.M. weist Begehr nach \u00fcberm\u00e4\u00dfiger Werbekennzeichnung zur\u00fcck.","og_description":"Mit Beschluss vom 24.06.2019 (Az. 2-06 O 235\/19, n.rkr.) hat das Landgericht Frankfurt a.M. einen Verf\u00fcgungsantrag zur\u00fcckgewiesen, der sich gegen die Verwendung von sog. &#8220;Tags&#8221; auf Instagram richtete. Mit dem Antrag sollte es einer bekannten Influencerin verboten werden, Instagram-Accounts verschiedener Unternehmen in ihren Posts zu verlinken, ohne diese als Werbung zu kennzeichnen. Die Influencerin hatte [&hellip;]","og_url":"https:\/\/www.hoecker.eu\/blog\/weiterer-erfolg-fuer-influencer-rechte-lg-frankfurt-a-m-weist-begehr-nach-uebermaessiger-werbekennzeichnung-zurueck\/","og_site_name":"H\u00d6CKER - der Blog","article_publisher":"https:\/\/www.facebook.com\/HoeckerRAe\/","article_author":"https:\/\/www.facebook.com\/ralf.hoecker","article_published_time":"2019-07-13T07:04:00+00:00","article_modified_time":"2025-02-17T13:56:16+00:00","author":"Prof. Dr. Ralf H\u00f6cker","twitter_card":"summary_large_image","twitter_creator":"@Ralf_Hoecker","twitter_site":"@hoecker_rae","twitter_misc":{"Verfasst von":"Prof. Dr. Ralf H\u00f6cker","Gesch\u00e4tzte Lesezeit":"3\u00a0Minuten"},"schema":{"@context":"https:\/\/schema.org","@graph":[{"@type":"Article","@id":"https:\/\/www.hoecker.eu\/blog\/weiterer-erfolg-fuer-influencer-rechte-lg-frankfurt-a-m-weist-begehr-nach-uebermaessiger-werbekennzeichnung-zurueck\/#article","isPartOf":{"@id":"https:\/\/www.hoecker.eu\/blog\/weiterer-erfolg-fuer-influencer-rechte-lg-frankfurt-a-m-weist-begehr-nach-uebermaessiger-werbekennzeichnung-zurueck\/"},"author":{"name":"Prof. Dr. Ralf H\u00f6cker","@id":"https:\/\/www.hoecker.eu\/blog\/#\/schema\/person\/08f95581eed0534eccd0b2438f7a1cab"},"headline":"Weiterer Erfolg f\u00fcr Influencer-Rechte &#8211; LG Frankfurt a.M. weist Begehr nach \u00fcberm\u00e4\u00dfiger Werbekennzeichnung zur\u00fcck.","datePublished":"2019-07-13T07:04:00+00:00","dateModified":"2025-02-17T13:56:16+00:00","mainEntityOfPage":{"@id":"https:\/\/www.hoecker.eu\/blog\/weiterer-erfolg-fuer-influencer-rechte-lg-frankfurt-a-m-weist-begehr-nach-uebermaessiger-werbekennzeichnung-zurueck\/"},"wordCount":524,"publisher":{"@id":"https:\/\/www.hoecker.eu\/blog\/#organization"},"articleSection":["News"],"inLanguage":"de"},{"@type":"WebPage","@id":"https:\/\/www.hoecker.eu\/blog\/weiterer-erfolg-fuer-influencer-rechte-lg-frankfurt-a-m-weist-begehr-nach-uebermaessiger-werbekennzeichnung-zurueck\/","url":"https:\/\/www.hoecker.eu\/blog\/weiterer-erfolg-fuer-influencer-rechte-lg-frankfurt-a-m-weist-begehr-nach-uebermaessiger-werbekennzeichnung-zurueck\/","name":"Weiterer Erfolg f\u00fcr Influencer-Rechte - LG Frankfurt a.M. weist Begehr nach \u00fcberm\u00e4\u00dfiger Werbekennzeichnung zur\u00fcck. - H\u00d6CKER - der Blog","isPartOf":{"@id":"https:\/\/www.hoecker.eu\/blog\/#website"},"datePublished":"2019-07-13T07:04:00+00:00","dateModified":"2025-02-17T13:56:16+00:00","breadcrumb":{"@id":"https:\/\/www.hoecker.eu\/blog\/weiterer-erfolg-fuer-influencer-rechte-lg-frankfurt-a-m-weist-begehr-nach-uebermaessiger-werbekennzeichnung-zurueck\/#breadcrumb"},"inLanguage":"de","potentialAction":[{"@type":"ReadAction","target":["https:\/\/www.hoecker.eu\/blog\/weiterer-erfolg-fuer-influencer-rechte-lg-frankfurt-a-m-weist-begehr-nach-uebermaessiger-werbekennzeichnung-zurueck\/"]}]},{"@type":"BreadcrumbList","@id":"https:\/\/www.hoecker.eu\/blog\/weiterer-erfolg-fuer-influencer-rechte-lg-frankfurt-a-m-weist-begehr-nach-uebermaessiger-werbekennzeichnung-zurueck\/#breadcrumb","itemListElement":[{"@type":"ListItem","position":1,"name":"Startseite","item":"https:\/\/dev.hoecker.eu\/blog\/"},{"@type":"ListItem","position":2,"name":"Weiterer Erfolg f\u00fcr Influencer-Rechte &#8211; LG Frankfurt a.M. weist Begehr nach \u00fcberm\u00e4\u00dfiger Werbekennzeichnung zur\u00fcck."}]},{"@type":"WebSite","@id":"https:\/\/www.hoecker.eu\/blog\/#website","url":"https:\/\/www.hoecker.eu\/blog\/","name":"H\u00d6CKER - der Blog","description":"Expertenblog f\u00fcr \u00c4u\u00dferungs-, Medien-, Marken-, Urheber- und Wettbewerbsrecht.","publisher":{"@id":"https:\/\/www.hoecker.eu\/blog\/#organization"},"potentialAction":[{"@type":"SearchAction","target":{"@type":"EntryPoint","urlTemplate":"https:\/\/www.hoecker.eu\/blog\/?s={search_term_string}"},"query-input":{"@type":"PropertyValueSpecification","valueRequired":true,"valueName":"search_term_string"}}],"inLanguage":"de"},{"@type":"Organization","@id":"https:\/\/www.hoecker.eu\/blog\/#organization","name":"H\u00d6CKER Rechtsanw\u00e4lte PartGmbB","alternateName":"H\u00d6CKER","url":"https:\/\/www.hoecker.eu\/blog\/","logo":{"@type":"ImageObject","inLanguage":"de","@id":"https:\/\/www.hoecker.eu\/blog\/#\/schema\/logo\/image\/","url":"https:\/\/www.hoecker.eu\/blog\/wp-content\/uploads\/2025\/03\/Blog-Logo.webp","contentUrl":"https:\/\/www.hoecker.eu\/blog\/wp-content\/uploads\/2025\/03\/Blog-Logo.webp","width":500,"height":500,"caption":"H\u00d6CKER Rechtsanw\u00e4lte PartGmbB"},"image":{"@id":"https:\/\/www.hoecker.eu\/blog\/#\/schema\/logo\/image\/"},"sameAs":["https:\/\/www.facebook.com\/HoeckerRAe\/","https:\/\/x.com\/hoecker_rae","https:\/\/www.linkedin.com\/company\/hcker-rechtsanwlte\/","https:\/\/www.instagram.com\/hoecker_rae\/"],"email":"contact@hoecker.eu","telephone":"+ 49 (0)221-933 19-10","legalName":"H\u00d6CKER Rechtsanw\u00e4lte PartGmbB","numberOfEmployees":{"@type":"QuantitativeValue","minValue":"11","maxValue":"50"}},{"@type":"Person","@id":"https:\/\/www.hoecker.eu\/blog\/#\/schema\/person\/08f95581eed0534eccd0b2438f7a1cab","name":"Prof. Dr. Ralf H\u00f6cker","description":"Medienanwalt. Besch\u00fctzer vor mieser Presse","sameAs":["https:\/\/www.hoecker.eu\/wer\/prof-dr-ralf-hoecker","https:\/\/www.facebook.com\/ralf.hoecker","https:\/\/www.linkedin.com\/in\/prof-dr-ralf-hcker-ll-m-london-17987826\/","https:\/\/x.com\/Ralf_Hoecker"],"url":"https:\/\/www.hoecker.eu\/blog\/author\/hoecker_adm\/"}]}},"authors":[{"term_id":84,"user_id":1,"is_guest":0,"slug":"hoecker_adm","display_name":"Prof. Dr. Ralf H\u00f6cker","avatar_url":{"url":"https:\/\/www.hoecker.eu\/blog\/wp-content\/uploads\/2023\/12\/ProfDrRalfHoecker.jpg","url2x":"https:\/\/www.hoecker.eu\/blog\/wp-content\/uploads\/2023\/12\/ProfDrRalfHoecker.jpg"},"0":null,"1":"","2":"","3":"","4":"","5":"","6":"","7":"","8":"","9":"","10":"","11":""}],"_links":{"self":[{"href":"https:\/\/www.hoecker.eu\/blog\/wp-json\/wp\/v2\/posts\/8304","targetHints":{"allow":["GET"]}}],"collection":[{"href":"https:\/\/www.hoecker.eu\/blog\/wp-json\/wp\/v2\/posts"}],"about":[{"href":"https:\/\/www.hoecker.eu\/blog\/wp-json\/wp\/v2\/types\/post"}],"author":[{"embeddable":true,"href":"https:\/\/www.hoecker.eu\/blog\/wp-json\/wp\/v2\/users\/1"}],"replies":[{"embeddable":true,"href":"https:\/\/www.hoecker.eu\/blog\/wp-json\/wp\/v2\/comments?post=8304"}],"version-history":[{"count":1,"href":"https:\/\/www.hoecker.eu\/blog\/wp-json\/wp\/v2\/posts\/8304\/revisions"}],"predecessor-version":[{"id":9426,"href":"https:\/\/www.hoecker.eu\/blog\/wp-json\/wp\/v2\/posts\/8304\/revisions\/9426"}],"wp:attachment":[{"href":"https:\/\/www.hoecker.eu\/blog\/wp-json\/wp\/v2\/media?parent=8304"}],"wp:term":[{"taxonomy":"category","embeddable":true,"href":"https:\/\/www.hoecker.eu\/blog\/wp-json\/wp\/v2\/categories?post=8304"},{"taxonomy":"post_tag","embeddable":true,"href":"https:\/\/www.hoecker.eu\/blog\/wp-json\/wp\/v2\/tags?post=8304"},{"taxonomy":"hashtags","embeddable":true,"href":"https:\/\/www.hoecker.eu\/blog\/wp-json\/wp\/v2\/hashtags?post=8304"},{"taxonomy":"author","embeddable":true,"href":"https:\/\/www.hoecker.eu\/blog\/wp-json\/wp\/v2\/ppma_author?post=8304"}],"curies":[{"name":"wp","href":"https:\/\/api.w.org\/{rel}","templated":true}]}}