{"id":8302,"date":"2019-08-09T12:20:00","date_gmt":"2019-08-09T10:20:00","guid":{"rendered":"https:\/\/www.hoecker.eu\/blog\/schweizer-investor-geht-erfolgreich-gegen-thomas-bremer-von-diebewertung-de-vor\/"},"modified":"2025-02-17T14:56:14","modified_gmt":"2025-02-17T13:56:14","slug":"schweizer-investor-geht-erfolgreich-gegen-thomas-bremer-von-diebewertung-de-vor","status":"publish","type":"post","link":"https:\/\/www.hoecker.eu\/blog\/schweizer-investor-geht-erfolgreich-gegen-thomas-bremer-von-diebewertung-de-vor\/","title":{"rendered":"Schweizer Investor geht erfolgreich gegen Thomas Bremer von diebewertung.de vor."},"content":{"rendered":"<p>Der selbsternannte Journalist Thomas Bremer hatte auf dem von ihm verantworteten Portal <a href=\"http:\/\/www.graumarktinfos.de\">http:\/\/www.graumarktinfos.de<\/a> eine Falschbehauptung \u00fcber einen Schweizer Investor get\u00e4tigt. Der Investor erhob Klage zum Landgericht Leipzig, welches die Falschbehauptung in erster Instanz verbot, zwei weitere Antr\u00e4ge jedoch zur\u00fcckwies (Urt. v. 18.01.2019, Az. 08 O 2927\/16).\n<\/p>\n<p>Bremer ging gegen das Verbot in Berufung, unterlag nun jedoch vor dem OLG Dresden (Az. 4 U 472\/19). Der Senat gab in der m\u00fcndlichen Verhandlung vom 02.07.2019 zu erkennen, dass die Berufung ohne Aussicht auf Erfolg sei, woraufhin Bremer die Berufung zur\u00fccknahm.\n<\/p>\n<p>Bremer ist in der Anlegerbranche kein Unbekannter. Er betreibt verschiedene Webseiten mit den Namen <a href=\"http:\/\/www.graumarktinfos.de\"><\/a><a href=\"http:\/\/www.graumarktinfos.de\">http:\/\/www.graumarktinfos.de<\/a>, <a href=\"http:\/\/www.diebewertung.de\">http:\/\/www.diebewertung.de<\/a> sowie <a href=\"http:\/\/www.verbraucherschutzforum.berlin\">http:\/\/www.verbraucherschutzfo&#8230;<\/a> und steht im Verdacht, nicht rein journalistisch t\u00e4tig zu sei. Die Impressen der genannten Webseiten verweisen auf Bremers Privatadresse, unter der auch zahlreiche weitere Firmen gelistet sind, die Unternehmensberatung und Reputationsmanagement anbieten.<br \/>\n<em><br \/><\/em><\/p>\n","protected":false},"excerpt":{"rendered":"<p>Der selbsternannte Journalist Thomas Bremer hatte auf dem von ihm verantworteten Portal http:\/\/www.graumarktinfos.de eine Falschbehauptung \u00fcber einen Schweizer Investor get\u00e4tigt. Der Investor erhob Klage zum Landgericht Leipzig, welches die Falschbehauptung in erster Instanz verbot, zwei weitere Antr\u00e4ge jedoch zur\u00fcckwies (Urt. v. 18.01.2019, Az. 08 O 2927\/16). Bremer ging gegen das Verbot in Berufung, unterlag nun [&hellip;]<\/p>\n","protected":false},"author":1,"featured_media":0,"comment_status":"closed","ping_status":"closed","sticky":false,"template":"","format":"standard","meta":{"_has_post_settings":[],"footnotes":""},"categories":[15],"tags":[],"hashtags":[],"ppma_author":[84],"class_list":["post-8302","post","type-post","status-publish","format-standard","hentry","category-news","author-hoecker_adm"],"yoast_head":"<!-- This site is optimized with the Yoast SEO Premium plugin v25.9 (Yoast SEO v27.0) - https:\/\/yoast.com\/product\/yoast-seo-premium-wordpress\/ -->\n<title>Schweizer Investor geht erfolgreich gegen Thomas Bremer von diebewertung.de vor. - H\u00d6CKER - der Blog<\/title>\n<meta name=\"robots\" content=\"index, follow, max-snippet:-1, max-image-preview:large, max-video-preview:-1\" \/>\n<link rel=\"canonical\" href=\"https:\/\/www.hoecker.eu\/blog\/schweizer-investor-geht-erfolgreich-gegen-thomas-bremer-von-diebewertung-de-vor\/\" \/>\n<meta property=\"og:locale\" content=\"de_DE\" \/>\n<meta property=\"og:type\" content=\"article\" \/>\n<meta property=\"og:title\" content=\"Schweizer Investor geht erfolgreich gegen Thomas Bremer von diebewertung.de vor.\" \/>\n<meta property=\"og:description\" content=\"Der selbsternannte Journalist Thomas Bremer hatte auf dem von ihm verantworteten Portal http:\/\/www.graumarktinfos.de eine Falschbehauptung \u00fcber einen Schweizer Investor get\u00e4tigt. Der Investor erhob Klage zum Landgericht Leipzig, welches die Falschbehauptung in erster Instanz verbot, zwei weitere Antr\u00e4ge jedoch zur\u00fcckwies (Urt. v. 18.01.2019, Az. 08 O 2927\/16). Bremer ging gegen das Verbot in Berufung, unterlag nun [&hellip;]\" \/>\n<meta property=\"og:url\" content=\"https:\/\/www.hoecker.eu\/blog\/schweizer-investor-geht-erfolgreich-gegen-thomas-bremer-von-diebewertung-de-vor\/\" \/>\n<meta property=\"og:site_name\" content=\"H\u00d6CKER - der Blog\" \/>\n<meta property=\"article:publisher\" content=\"https:\/\/www.facebook.com\/HoeckerRAe\/\" \/>\n<meta property=\"article:author\" content=\"https:\/\/www.facebook.com\/ralf.hoecker\" \/>\n<meta property=\"article:published_time\" content=\"2019-08-09T10:20:00+00:00\" \/>\n<meta property=\"article:modified_time\" content=\"2025-02-17T13:56:14+00:00\" \/>\n<meta name=\"author\" content=\"Prof. Dr. Ralf H\u00f6cker\" \/>\n<meta name=\"twitter:card\" content=\"summary_large_image\" \/>\n<meta name=\"twitter:creator\" content=\"@Ralf_Hoecker\" \/>\n<meta name=\"twitter:site\" content=\"@hoecker_rae\" \/>\n<meta name=\"twitter:label1\" content=\"Verfasst von\" \/>\n\t<meta name=\"twitter:data1\" content=\"Prof. Dr. Ralf H\u00f6cker\" \/>\n\t<meta name=\"twitter:label2\" content=\"Gesch\u00e4tzte Lesezeit\" \/>\n\t<meta name=\"twitter:data2\" content=\"1\u00a0Minute\" \/>\n<script type=\"application\/ld+json\" class=\"yoast-schema-graph\">{\"@context\":\"https:\/\/schema.org\",\"@graph\":[{\"@type\":\"Article\",\"@id\":\"https:\/\/www.hoecker.eu\/blog\/schweizer-investor-geht-erfolgreich-gegen-thomas-bremer-von-diebewertung-de-vor\/#article\",\"isPartOf\":{\"@id\":\"https:\/\/www.hoecker.eu\/blog\/schweizer-investor-geht-erfolgreich-gegen-thomas-bremer-von-diebewertung-de-vor\/\"},\"author\":{\"name\":\"Prof. Dr. Ralf H\u00f6cker\",\"@id\":\"https:\/\/www.hoecker.eu\/blog\/#\/schema\/person\/08f95581eed0534eccd0b2438f7a1cab\"},\"headline\":\"Schweizer Investor geht erfolgreich gegen Thomas Bremer von diebewertung.de vor.\",\"datePublished\":\"2019-08-09T10:20:00+00:00\",\"dateModified\":\"2025-02-17T13:56:14+00:00\",\"mainEntityOfPage\":{\"@id\":\"https:\/\/www.hoecker.eu\/blog\/schweizer-investor-geht-erfolgreich-gegen-thomas-bremer-von-diebewertung-de-vor\/\"},\"wordCount\":160,\"publisher\":{\"@id\":\"https:\/\/www.hoecker.eu\/blog\/#organization\"},\"articleSection\":[\"News\"],\"inLanguage\":\"de\"},{\"@type\":\"WebPage\",\"@id\":\"https:\/\/www.hoecker.eu\/blog\/schweizer-investor-geht-erfolgreich-gegen-thomas-bremer-von-diebewertung-de-vor\/\",\"url\":\"https:\/\/www.hoecker.eu\/blog\/schweizer-investor-geht-erfolgreich-gegen-thomas-bremer-von-diebewertung-de-vor\/\",\"name\":\"Schweizer Investor geht erfolgreich gegen Thomas Bremer von diebewertung.de vor. - H\u00d6CKER - der Blog\",\"isPartOf\":{\"@id\":\"https:\/\/www.hoecker.eu\/blog\/#website\"},\"datePublished\":\"2019-08-09T10:20:00+00:00\",\"dateModified\":\"2025-02-17T13:56:14+00:00\",\"breadcrumb\":{\"@id\":\"https:\/\/www.hoecker.eu\/blog\/schweizer-investor-geht-erfolgreich-gegen-thomas-bremer-von-diebewertung-de-vor\/#breadcrumb\"},\"inLanguage\":\"de\",\"potentialAction\":[{\"@type\":\"ReadAction\",\"target\":[\"https:\/\/www.hoecker.eu\/blog\/schweizer-investor-geht-erfolgreich-gegen-thomas-bremer-von-diebewertung-de-vor\/\"]}]},{\"@type\":\"BreadcrumbList\",\"@id\":\"https:\/\/www.hoecker.eu\/blog\/schweizer-investor-geht-erfolgreich-gegen-thomas-bremer-von-diebewertung-de-vor\/#breadcrumb\",\"itemListElement\":[{\"@type\":\"ListItem\",\"position\":1,\"name\":\"Startseite\",\"item\":\"https:\/\/dev.hoecker.eu\/blog\/\"},{\"@type\":\"ListItem\",\"position\":2,\"name\":\"Schweizer Investor geht erfolgreich gegen Thomas Bremer von diebewertung.de vor.\"}]},{\"@type\":\"WebSite\",\"@id\":\"https:\/\/www.hoecker.eu\/blog\/#website\",\"url\":\"https:\/\/www.hoecker.eu\/blog\/\",\"name\":\"H\u00d6CKER - der Blog\",\"description\":\"Expertenblog f\u00fcr \u00c4u\u00dferungs-, Medien-, Marken-, Urheber- und Wettbewerbsrecht.\",\"publisher\":{\"@id\":\"https:\/\/www.hoecker.eu\/blog\/#organization\"},\"potentialAction\":[{\"@type\":\"SearchAction\",\"target\":{\"@type\":\"EntryPoint\",\"urlTemplate\":\"https:\/\/www.hoecker.eu\/blog\/?s={search_term_string}\"},\"query-input\":{\"@type\":\"PropertyValueSpecification\",\"valueRequired\":true,\"valueName\":\"search_term_string\"}}],\"inLanguage\":\"de\"},{\"@type\":\"Organization\",\"@id\":\"https:\/\/www.hoecker.eu\/blog\/#organization\",\"name\":\"H\u00d6CKER Rechtsanw\u00e4lte PartGmbB\",\"alternateName\":\"H\u00d6CKER\",\"url\":\"https:\/\/www.hoecker.eu\/blog\/\",\"logo\":{\"@type\":\"ImageObject\",\"inLanguage\":\"de\",\"@id\":\"https:\/\/www.hoecker.eu\/blog\/#\/schema\/logo\/image\/\",\"url\":\"https:\/\/www.hoecker.eu\/blog\/wp-content\/uploads\/2025\/03\/Blog-Logo.webp\",\"contentUrl\":\"https:\/\/www.hoecker.eu\/blog\/wp-content\/uploads\/2025\/03\/Blog-Logo.webp\",\"width\":500,\"height\":500,\"caption\":\"H\u00d6CKER Rechtsanw\u00e4lte PartGmbB\"},\"image\":{\"@id\":\"https:\/\/www.hoecker.eu\/blog\/#\/schema\/logo\/image\/\"},\"sameAs\":[\"https:\/\/www.facebook.com\/HoeckerRAe\/\",\"https:\/\/x.com\/hoecker_rae\",\"https:\/\/www.linkedin.com\/company\/hcker-rechtsanwlte\/\",\"https:\/\/www.instagram.com\/hoecker_rae\/\"],\"email\":\"contact@hoecker.eu\",\"telephone\":\"+ 49 (0)221-933 19-10\",\"legalName\":\"H\u00d6CKER Rechtsanw\u00e4lte PartGmbB\",\"numberOfEmployees\":{\"@type\":\"QuantitativeValue\",\"minValue\":\"11\",\"maxValue\":\"50\"}},{\"@type\":\"Person\",\"@id\":\"https:\/\/www.hoecker.eu\/blog\/#\/schema\/person\/08f95581eed0534eccd0b2438f7a1cab\",\"name\":\"Prof. Dr. Ralf H\u00f6cker\",\"description\":\"Medienanwalt. Besch\u00fctzer vor mieser Presse\",\"sameAs\":[\"https:\/\/www.hoecker.eu\/wer\/prof-dr-ralf-hoecker\",\"https:\/\/www.facebook.com\/ralf.hoecker\",\"https:\/\/www.linkedin.com\/in\/prof-dr-ralf-hcker-ll-m-london-17987826\/\",\"https:\/\/x.com\/Ralf_Hoecker\"],\"url\":\"https:\/\/www.hoecker.eu\/blog\/author\/hoecker_adm\/\"}]}<\/script>\n<!-- \/ Yoast SEO Premium plugin. -->","yoast_head_json":{"title":"Schweizer Investor geht erfolgreich gegen Thomas Bremer von diebewertung.de vor. - H\u00d6CKER - der Blog","robots":{"index":"index","follow":"follow","max-snippet":"max-snippet:-1","max-image-preview":"max-image-preview:large","max-video-preview":"max-video-preview:-1"},"canonical":"https:\/\/www.hoecker.eu\/blog\/schweizer-investor-geht-erfolgreich-gegen-thomas-bremer-von-diebewertung-de-vor\/","og_locale":"de_DE","og_type":"article","og_title":"Schweizer Investor geht erfolgreich gegen Thomas Bremer von diebewertung.de vor.","og_description":"Der selbsternannte Journalist Thomas Bremer hatte auf dem von ihm verantworteten Portal http:\/\/www.graumarktinfos.de eine Falschbehauptung \u00fcber einen Schweizer Investor get\u00e4tigt. Der Investor erhob Klage zum Landgericht Leipzig, welches die Falschbehauptung in erster Instanz verbot, zwei weitere Antr\u00e4ge jedoch zur\u00fcckwies (Urt. v. 18.01.2019, Az. 08 O 2927\/16). Bremer ging gegen das Verbot in Berufung, unterlag nun [&hellip;]","og_url":"https:\/\/www.hoecker.eu\/blog\/schweizer-investor-geht-erfolgreich-gegen-thomas-bremer-von-diebewertung-de-vor\/","og_site_name":"H\u00d6CKER - der Blog","article_publisher":"https:\/\/www.facebook.com\/HoeckerRAe\/","article_author":"https:\/\/www.facebook.com\/ralf.hoecker","article_published_time":"2019-08-09T10:20:00+00:00","article_modified_time":"2025-02-17T13:56:14+00:00","author":"Prof. Dr. Ralf H\u00f6cker","twitter_card":"summary_large_image","twitter_creator":"@Ralf_Hoecker","twitter_site":"@hoecker_rae","twitter_misc":{"Verfasst von":"Prof. Dr. Ralf H\u00f6cker","Gesch\u00e4tzte Lesezeit":"1\u00a0Minute"},"schema":{"@context":"https:\/\/schema.org","@graph":[{"@type":"Article","@id":"https:\/\/www.hoecker.eu\/blog\/schweizer-investor-geht-erfolgreich-gegen-thomas-bremer-von-diebewertung-de-vor\/#article","isPartOf":{"@id":"https:\/\/www.hoecker.eu\/blog\/schweizer-investor-geht-erfolgreich-gegen-thomas-bremer-von-diebewertung-de-vor\/"},"author":{"name":"Prof. Dr. Ralf H\u00f6cker","@id":"https:\/\/www.hoecker.eu\/blog\/#\/schema\/person\/08f95581eed0534eccd0b2438f7a1cab"},"headline":"Schweizer Investor geht erfolgreich gegen Thomas Bremer von diebewertung.de vor.","datePublished":"2019-08-09T10:20:00+00:00","dateModified":"2025-02-17T13:56:14+00:00","mainEntityOfPage":{"@id":"https:\/\/www.hoecker.eu\/blog\/schweizer-investor-geht-erfolgreich-gegen-thomas-bremer-von-diebewertung-de-vor\/"},"wordCount":160,"publisher":{"@id":"https:\/\/www.hoecker.eu\/blog\/#organization"},"articleSection":["News"],"inLanguage":"de"},{"@type":"WebPage","@id":"https:\/\/www.hoecker.eu\/blog\/schweizer-investor-geht-erfolgreich-gegen-thomas-bremer-von-diebewertung-de-vor\/","url":"https:\/\/www.hoecker.eu\/blog\/schweizer-investor-geht-erfolgreich-gegen-thomas-bremer-von-diebewertung-de-vor\/","name":"Schweizer Investor geht erfolgreich gegen Thomas Bremer von diebewertung.de vor. - H\u00d6CKER - der Blog","isPartOf":{"@id":"https:\/\/www.hoecker.eu\/blog\/#website"},"datePublished":"2019-08-09T10:20:00+00:00","dateModified":"2025-02-17T13:56:14+00:00","breadcrumb":{"@id":"https:\/\/www.hoecker.eu\/blog\/schweizer-investor-geht-erfolgreich-gegen-thomas-bremer-von-diebewertung-de-vor\/#breadcrumb"},"inLanguage":"de","potentialAction":[{"@type":"ReadAction","target":["https:\/\/www.hoecker.eu\/blog\/schweizer-investor-geht-erfolgreich-gegen-thomas-bremer-von-diebewertung-de-vor\/"]}]},{"@type":"BreadcrumbList","@id":"https:\/\/www.hoecker.eu\/blog\/schweizer-investor-geht-erfolgreich-gegen-thomas-bremer-von-diebewertung-de-vor\/#breadcrumb","itemListElement":[{"@type":"ListItem","position":1,"name":"Startseite","item":"https:\/\/dev.hoecker.eu\/blog\/"},{"@type":"ListItem","position":2,"name":"Schweizer Investor geht erfolgreich gegen Thomas Bremer von diebewertung.de vor."}]},{"@type":"WebSite","@id":"https:\/\/www.hoecker.eu\/blog\/#website","url":"https:\/\/www.hoecker.eu\/blog\/","name":"H\u00d6CKER - der Blog","description":"Expertenblog f\u00fcr \u00c4u\u00dferungs-, Medien-, Marken-, Urheber- und Wettbewerbsrecht.","publisher":{"@id":"https:\/\/www.hoecker.eu\/blog\/#organization"},"potentialAction":[{"@type":"SearchAction","target":{"@type":"EntryPoint","urlTemplate":"https:\/\/www.hoecker.eu\/blog\/?s={search_term_string}"},"query-input":{"@type":"PropertyValueSpecification","valueRequired":true,"valueName":"search_term_string"}}],"inLanguage":"de"},{"@type":"Organization","@id":"https:\/\/www.hoecker.eu\/blog\/#organization","name":"H\u00d6CKER Rechtsanw\u00e4lte PartGmbB","alternateName":"H\u00d6CKER","url":"https:\/\/www.hoecker.eu\/blog\/","logo":{"@type":"ImageObject","inLanguage":"de","@id":"https:\/\/www.hoecker.eu\/blog\/#\/schema\/logo\/image\/","url":"https:\/\/www.hoecker.eu\/blog\/wp-content\/uploads\/2025\/03\/Blog-Logo.webp","contentUrl":"https:\/\/www.hoecker.eu\/blog\/wp-content\/uploads\/2025\/03\/Blog-Logo.webp","width":500,"height":500,"caption":"H\u00d6CKER Rechtsanw\u00e4lte PartGmbB"},"image":{"@id":"https:\/\/www.hoecker.eu\/blog\/#\/schema\/logo\/image\/"},"sameAs":["https:\/\/www.facebook.com\/HoeckerRAe\/","https:\/\/x.com\/hoecker_rae","https:\/\/www.linkedin.com\/company\/hcker-rechtsanwlte\/","https:\/\/www.instagram.com\/hoecker_rae\/"],"email":"contact@hoecker.eu","telephone":"+ 49 (0)221-933 19-10","legalName":"H\u00d6CKER Rechtsanw\u00e4lte PartGmbB","numberOfEmployees":{"@type":"QuantitativeValue","minValue":"11","maxValue":"50"}},{"@type":"Person","@id":"https:\/\/www.hoecker.eu\/blog\/#\/schema\/person\/08f95581eed0534eccd0b2438f7a1cab","name":"Prof. Dr. Ralf H\u00f6cker","description":"Medienanwalt. Besch\u00fctzer vor mieser Presse","sameAs":["https:\/\/www.hoecker.eu\/wer\/prof-dr-ralf-hoecker","https:\/\/www.facebook.com\/ralf.hoecker","https:\/\/www.linkedin.com\/in\/prof-dr-ralf-hcker-ll-m-london-17987826\/","https:\/\/x.com\/Ralf_Hoecker"],"url":"https:\/\/www.hoecker.eu\/blog\/author\/hoecker_adm\/"}]}},"authors":[{"term_id":84,"user_id":1,"is_guest":0,"slug":"hoecker_adm","display_name":"Prof. Dr. Ralf H\u00f6cker","avatar_url":{"url":"https:\/\/www.hoecker.eu\/blog\/wp-content\/uploads\/2023\/12\/ProfDrRalfHoecker.jpg","url2x":"https:\/\/www.hoecker.eu\/blog\/wp-content\/uploads\/2023\/12\/ProfDrRalfHoecker.jpg"},"0":null,"1":"","2":"","3":"","4":"","5":"","6":"","7":"","8":"","9":"","10":"","11":""}],"_links":{"self":[{"href":"https:\/\/www.hoecker.eu\/blog\/wp-json\/wp\/v2\/posts\/8302","targetHints":{"allow":["GET"]}}],"collection":[{"href":"https:\/\/www.hoecker.eu\/blog\/wp-json\/wp\/v2\/posts"}],"about":[{"href":"https:\/\/www.hoecker.eu\/blog\/wp-json\/wp\/v2\/types\/post"}],"author":[{"embeddable":true,"href":"https:\/\/www.hoecker.eu\/blog\/wp-json\/wp\/v2\/users\/1"}],"replies":[{"embeddable":true,"href":"https:\/\/www.hoecker.eu\/blog\/wp-json\/wp\/v2\/comments?post=8302"}],"version-history":[{"count":1,"href":"https:\/\/www.hoecker.eu\/blog\/wp-json\/wp\/v2\/posts\/8302\/revisions"}],"predecessor-version":[{"id":9424,"href":"https:\/\/www.hoecker.eu\/blog\/wp-json\/wp\/v2\/posts\/8302\/revisions\/9424"}],"wp:attachment":[{"href":"https:\/\/www.hoecker.eu\/blog\/wp-json\/wp\/v2\/media?parent=8302"}],"wp:term":[{"taxonomy":"category","embeddable":true,"href":"https:\/\/www.hoecker.eu\/blog\/wp-json\/wp\/v2\/categories?post=8302"},{"taxonomy":"post_tag","embeddable":true,"href":"https:\/\/www.hoecker.eu\/blog\/wp-json\/wp\/v2\/tags?post=8302"},{"taxonomy":"hashtags","embeddable":true,"href":"https:\/\/www.hoecker.eu\/blog\/wp-json\/wp\/v2\/hashtags?post=8302"},{"taxonomy":"author","embeddable":true,"href":"https:\/\/www.hoecker.eu\/blog\/wp-json\/wp\/v2\/ppma_author?post=8302"}],"curies":[{"name":"wp","href":"https:\/\/api.w.org\/{rel}","templated":true}]}}