{"id":8301,"date":"2019-08-13T15:08:00","date_gmt":"2019-08-13T13:08:00","guid":{"rendered":"https:\/\/www.hoecker.eu\/blog\/bgh-bild-zeitung-darf-sedlmayr-moerder-nicht-erkennbar-machen\/"},"modified":"2025-02-17T14:56:14","modified_gmt":"2025-02-17T13:56:14","slug":"bgh-bild-zeitung-darf-sedlmayr-moerder-nicht-erkennbar-machen","status":"publish","type":"post","link":"https:\/\/www.hoecker.eu\/blog\/bgh-bild-zeitung-darf-sedlmayr-moerder-nicht-erkennbar-machen\/","title":{"rendered":"BGH: Bild-Zeitung darf Sedlmayr-M\u00f6rder nicht erkennbar machen."},"content":{"rendered":"<p>\u00dcber 20 Jahre nach der Tat darf nicht mehr identifizierend \u00fcber einen Mann berichtet werden, der in einem Indizienprozess wegen Mordes an dem Volksschauspieler Walter Sedlmayr verurteilt worden war. Die Bild-Zeitung hatte allerdings genau dies im Jahre 2015 getan und neben der Schilderung grausamer Details aus der<br \/>\nTatnacht auch ein Foto des Mannes sowie seinen vollst\u00e4ndigen Namen ver\u00f6ffentlicht.\n<\/p>\n<p>Ein <a href=\"{entry:1095:url||https:\/\/hoeck2021.i0341.cyberstack.it\/news\/olg-k%C3%B6ln-identifizierung-von-sedlmayr-m%C3%B6rder-ist-rechtswidrig}\" target=\"_blank\" rel=\"noreferrer noopener\">Verbot durch das OLG K\u00f6ln (Urt. v. 22.06.2017, Az: 15 U 171\/16)<\/a> hatte die Bild-Zeitung nicht akzeptiert. Der BGH wies nun aber die Nichtzulassungsbeschwerde mit Beschluss vom 23.07.2019 (Az. VI ZR 291\/17) zur\u00fcck. Das Verbot ist damit rechtskr\u00e4ftig.<br \/>\n<br \/><em><br \/><\/em><\/p>\n<p>\n<a href=\"https:\/\/www.lto.de\/recht\/nachrichten\/n\/bgh-vi-zr-291-17-sedlmayer-moerder-berichterstattung-bild\/\" target=\"_blank\" rel=\"noreferrer noopener\">\u00dcber den Fall berichtet auch das Online-Magazin LTO<\/a>.<\/p>\n","protected":false},"excerpt":{"rendered":"<p>\u00dcber 20 Jahre nach der Tat darf nicht mehr identifizierend \u00fcber einen Mann berichtet werden, der in einem Indizienprozess wegen Mordes an dem Volksschauspieler Walter Sedlmayr verurteilt worden war. Die Bild-Zeitung hatte allerdings genau dies im Jahre 2015 getan und neben der Schilderung grausamer Details aus der Tatnacht auch ein Foto des Mannes sowie seinen [&hellip;]<\/p>\n","protected":false},"author":1,"featured_media":0,"comment_status":"closed","ping_status":"closed","sticky":false,"template":"","format":"standard","meta":{"_has_post_settings":[],"footnotes":""},"categories":[15],"tags":[],"hashtags":[],"ppma_author":[84],"class_list":["post-8301","post","type-post","status-publish","format-standard","hentry","category-news","author-hoecker_adm"],"yoast_head":"<!-- This site is optimized with the Yoast SEO Premium plugin v25.9 (Yoast SEO v27.0) - https:\/\/yoast.com\/product\/yoast-seo-premium-wordpress\/ -->\n<title>BGH: Bild-Zeitung darf Sedlmayr-M\u00f6rder nicht erkennbar machen. - H\u00d6CKER - der Blog<\/title>\n<meta name=\"robots\" content=\"index, follow, max-snippet:-1, max-image-preview:large, max-video-preview:-1\" \/>\n<link rel=\"canonical\" href=\"https:\/\/www.hoecker.eu\/blog\/bgh-bild-zeitung-darf-sedlmayr-moerder-nicht-erkennbar-machen\/\" \/>\n<meta property=\"og:locale\" content=\"de_DE\" \/>\n<meta property=\"og:type\" content=\"article\" \/>\n<meta property=\"og:title\" content=\"BGH: Bild-Zeitung darf Sedlmayr-M\u00f6rder nicht erkennbar machen.\" \/>\n<meta property=\"og:description\" content=\"\u00dcber 20 Jahre nach der Tat darf nicht mehr identifizierend \u00fcber einen Mann berichtet werden, der in einem Indizienprozess wegen Mordes an dem Volksschauspieler Walter Sedlmayr verurteilt worden war. Die Bild-Zeitung hatte allerdings genau dies im Jahre 2015 getan und neben der Schilderung grausamer Details aus der Tatnacht auch ein Foto des Mannes sowie seinen [&hellip;]\" \/>\n<meta property=\"og:url\" content=\"https:\/\/www.hoecker.eu\/blog\/bgh-bild-zeitung-darf-sedlmayr-moerder-nicht-erkennbar-machen\/\" \/>\n<meta property=\"og:site_name\" content=\"H\u00d6CKER - der Blog\" \/>\n<meta property=\"article:publisher\" content=\"https:\/\/www.facebook.com\/HoeckerRAe\/\" \/>\n<meta property=\"article:author\" content=\"https:\/\/www.facebook.com\/ralf.hoecker\" \/>\n<meta property=\"article:published_time\" content=\"2019-08-13T13:08:00+00:00\" \/>\n<meta property=\"article:modified_time\" content=\"2025-02-17T13:56:14+00:00\" \/>\n<meta name=\"author\" content=\"Prof. Dr. Ralf H\u00f6cker\" \/>\n<meta name=\"twitter:card\" content=\"summary_large_image\" \/>\n<meta name=\"twitter:creator\" content=\"@Ralf_Hoecker\" \/>\n<meta name=\"twitter:site\" content=\"@hoecker_rae\" \/>\n<meta name=\"twitter:label1\" content=\"Verfasst von\" \/>\n\t<meta name=\"twitter:data1\" content=\"Prof. Dr. Ralf H\u00f6cker\" \/>\n\t<meta name=\"twitter:label2\" content=\"Gesch\u00e4tzte Lesezeit\" \/>\n\t<meta name=\"twitter:data2\" content=\"1\u00a0Minute\" \/>\n<script type=\"application\/ld+json\" class=\"yoast-schema-graph\">{\"@context\":\"https:\/\/schema.org\",\"@graph\":[{\"@type\":\"Article\",\"@id\":\"https:\/\/www.hoecker.eu\/blog\/bgh-bild-zeitung-darf-sedlmayr-moerder-nicht-erkennbar-machen\/#article\",\"isPartOf\":{\"@id\":\"https:\/\/www.hoecker.eu\/blog\/bgh-bild-zeitung-darf-sedlmayr-moerder-nicht-erkennbar-machen\/\"},\"author\":{\"name\":\"Prof. Dr. Ralf H\u00f6cker\",\"@id\":\"https:\/\/www.hoecker.eu\/blog\/#\/schema\/person\/08f95581eed0534eccd0b2438f7a1cab\"},\"headline\":\"BGH: Bild-Zeitung darf Sedlmayr-M\u00f6rder nicht erkennbar machen.\",\"datePublished\":\"2019-08-13T13:08:00+00:00\",\"dateModified\":\"2025-02-17T13:56:14+00:00\",\"mainEntityOfPage\":{\"@id\":\"https:\/\/www.hoecker.eu\/blog\/bgh-bild-zeitung-darf-sedlmayr-moerder-nicht-erkennbar-machen\/\"},\"wordCount\":111,\"publisher\":{\"@id\":\"https:\/\/www.hoecker.eu\/blog\/#organization\"},\"articleSection\":[\"News\"],\"inLanguage\":\"de\"},{\"@type\":\"WebPage\",\"@id\":\"https:\/\/www.hoecker.eu\/blog\/bgh-bild-zeitung-darf-sedlmayr-moerder-nicht-erkennbar-machen\/\",\"url\":\"https:\/\/www.hoecker.eu\/blog\/bgh-bild-zeitung-darf-sedlmayr-moerder-nicht-erkennbar-machen\/\",\"name\":\"BGH: Bild-Zeitung darf Sedlmayr-M\u00f6rder nicht erkennbar machen. - H\u00d6CKER - der Blog\",\"isPartOf\":{\"@id\":\"https:\/\/www.hoecker.eu\/blog\/#website\"},\"datePublished\":\"2019-08-13T13:08:00+00:00\",\"dateModified\":\"2025-02-17T13:56:14+00:00\",\"breadcrumb\":{\"@id\":\"https:\/\/www.hoecker.eu\/blog\/bgh-bild-zeitung-darf-sedlmayr-moerder-nicht-erkennbar-machen\/#breadcrumb\"},\"inLanguage\":\"de\",\"potentialAction\":[{\"@type\":\"ReadAction\",\"target\":[\"https:\/\/www.hoecker.eu\/blog\/bgh-bild-zeitung-darf-sedlmayr-moerder-nicht-erkennbar-machen\/\"]}]},{\"@type\":\"BreadcrumbList\",\"@id\":\"https:\/\/www.hoecker.eu\/blog\/bgh-bild-zeitung-darf-sedlmayr-moerder-nicht-erkennbar-machen\/#breadcrumb\",\"itemListElement\":[{\"@type\":\"ListItem\",\"position\":1,\"name\":\"Startseite\",\"item\":\"https:\/\/dev.hoecker.eu\/blog\/\"},{\"@type\":\"ListItem\",\"position\":2,\"name\":\"BGH: Bild-Zeitung darf Sedlmayr-M\u00f6rder nicht erkennbar machen.\"}]},{\"@type\":\"WebSite\",\"@id\":\"https:\/\/www.hoecker.eu\/blog\/#website\",\"url\":\"https:\/\/www.hoecker.eu\/blog\/\",\"name\":\"H\u00d6CKER - der Blog\",\"description\":\"Expertenblog f\u00fcr \u00c4u\u00dferungs-, Medien-, Marken-, Urheber- und Wettbewerbsrecht.\",\"publisher\":{\"@id\":\"https:\/\/www.hoecker.eu\/blog\/#organization\"},\"potentialAction\":[{\"@type\":\"SearchAction\",\"target\":{\"@type\":\"EntryPoint\",\"urlTemplate\":\"https:\/\/www.hoecker.eu\/blog\/?s={search_term_string}\"},\"query-input\":{\"@type\":\"PropertyValueSpecification\",\"valueRequired\":true,\"valueName\":\"search_term_string\"}}],\"inLanguage\":\"de\"},{\"@type\":\"Organization\",\"@id\":\"https:\/\/www.hoecker.eu\/blog\/#organization\",\"name\":\"H\u00d6CKER Rechtsanw\u00e4lte PartGmbB\",\"alternateName\":\"H\u00d6CKER\",\"url\":\"https:\/\/www.hoecker.eu\/blog\/\",\"logo\":{\"@type\":\"ImageObject\",\"inLanguage\":\"de\",\"@id\":\"https:\/\/www.hoecker.eu\/blog\/#\/schema\/logo\/image\/\",\"url\":\"https:\/\/www.hoecker.eu\/blog\/wp-content\/uploads\/2025\/03\/Blog-Logo.webp\",\"contentUrl\":\"https:\/\/www.hoecker.eu\/blog\/wp-content\/uploads\/2025\/03\/Blog-Logo.webp\",\"width\":500,\"height\":500,\"caption\":\"H\u00d6CKER Rechtsanw\u00e4lte PartGmbB\"},\"image\":{\"@id\":\"https:\/\/www.hoecker.eu\/blog\/#\/schema\/logo\/image\/\"},\"sameAs\":[\"https:\/\/www.facebook.com\/HoeckerRAe\/\",\"https:\/\/x.com\/hoecker_rae\",\"https:\/\/www.linkedin.com\/company\/hcker-rechtsanwlte\/\",\"https:\/\/www.instagram.com\/hoecker_rae\/\"],\"email\":\"contact@hoecker.eu\",\"telephone\":\"+ 49 (0)221-933 19-10\",\"legalName\":\"H\u00d6CKER Rechtsanw\u00e4lte PartGmbB\",\"numberOfEmployees\":{\"@type\":\"QuantitativeValue\",\"minValue\":\"11\",\"maxValue\":\"50\"}},{\"@type\":\"Person\",\"@id\":\"https:\/\/www.hoecker.eu\/blog\/#\/schema\/person\/08f95581eed0534eccd0b2438f7a1cab\",\"name\":\"Prof. Dr. Ralf H\u00f6cker\",\"description\":\"Medienanwalt. Besch\u00fctzer vor mieser Presse\",\"sameAs\":[\"https:\/\/www.hoecker.eu\/wer\/prof-dr-ralf-hoecker\",\"https:\/\/www.facebook.com\/ralf.hoecker\",\"https:\/\/www.linkedin.com\/in\/prof-dr-ralf-hcker-ll-m-london-17987826\/\",\"https:\/\/x.com\/Ralf_Hoecker\"],\"url\":\"https:\/\/www.hoecker.eu\/blog\/author\/hoecker_adm\/\"}]}<\/script>\n<!-- \/ Yoast SEO Premium plugin. -->","yoast_head_json":{"title":"BGH: Bild-Zeitung darf Sedlmayr-M\u00f6rder nicht erkennbar machen. - H\u00d6CKER - der Blog","robots":{"index":"index","follow":"follow","max-snippet":"max-snippet:-1","max-image-preview":"max-image-preview:large","max-video-preview":"max-video-preview:-1"},"canonical":"https:\/\/www.hoecker.eu\/blog\/bgh-bild-zeitung-darf-sedlmayr-moerder-nicht-erkennbar-machen\/","og_locale":"de_DE","og_type":"article","og_title":"BGH: Bild-Zeitung darf Sedlmayr-M\u00f6rder nicht erkennbar machen.","og_description":"\u00dcber 20 Jahre nach der Tat darf nicht mehr identifizierend \u00fcber einen Mann berichtet werden, der in einem Indizienprozess wegen Mordes an dem Volksschauspieler Walter Sedlmayr verurteilt worden war. Die Bild-Zeitung hatte allerdings genau dies im Jahre 2015 getan und neben der Schilderung grausamer Details aus der Tatnacht auch ein Foto des Mannes sowie seinen [&hellip;]","og_url":"https:\/\/www.hoecker.eu\/blog\/bgh-bild-zeitung-darf-sedlmayr-moerder-nicht-erkennbar-machen\/","og_site_name":"H\u00d6CKER - der Blog","article_publisher":"https:\/\/www.facebook.com\/HoeckerRAe\/","article_author":"https:\/\/www.facebook.com\/ralf.hoecker","article_published_time":"2019-08-13T13:08:00+00:00","article_modified_time":"2025-02-17T13:56:14+00:00","author":"Prof. Dr. Ralf H\u00f6cker","twitter_card":"summary_large_image","twitter_creator":"@Ralf_Hoecker","twitter_site":"@hoecker_rae","twitter_misc":{"Verfasst von":"Prof. Dr. Ralf H\u00f6cker","Gesch\u00e4tzte Lesezeit":"1\u00a0Minute"},"schema":{"@context":"https:\/\/schema.org","@graph":[{"@type":"Article","@id":"https:\/\/www.hoecker.eu\/blog\/bgh-bild-zeitung-darf-sedlmayr-moerder-nicht-erkennbar-machen\/#article","isPartOf":{"@id":"https:\/\/www.hoecker.eu\/blog\/bgh-bild-zeitung-darf-sedlmayr-moerder-nicht-erkennbar-machen\/"},"author":{"name":"Prof. Dr. Ralf H\u00f6cker","@id":"https:\/\/www.hoecker.eu\/blog\/#\/schema\/person\/08f95581eed0534eccd0b2438f7a1cab"},"headline":"BGH: Bild-Zeitung darf Sedlmayr-M\u00f6rder nicht erkennbar machen.","datePublished":"2019-08-13T13:08:00+00:00","dateModified":"2025-02-17T13:56:14+00:00","mainEntityOfPage":{"@id":"https:\/\/www.hoecker.eu\/blog\/bgh-bild-zeitung-darf-sedlmayr-moerder-nicht-erkennbar-machen\/"},"wordCount":111,"publisher":{"@id":"https:\/\/www.hoecker.eu\/blog\/#organization"},"articleSection":["News"],"inLanguage":"de"},{"@type":"WebPage","@id":"https:\/\/www.hoecker.eu\/blog\/bgh-bild-zeitung-darf-sedlmayr-moerder-nicht-erkennbar-machen\/","url":"https:\/\/www.hoecker.eu\/blog\/bgh-bild-zeitung-darf-sedlmayr-moerder-nicht-erkennbar-machen\/","name":"BGH: Bild-Zeitung darf Sedlmayr-M\u00f6rder nicht erkennbar machen. - H\u00d6CKER - der Blog","isPartOf":{"@id":"https:\/\/www.hoecker.eu\/blog\/#website"},"datePublished":"2019-08-13T13:08:00+00:00","dateModified":"2025-02-17T13:56:14+00:00","breadcrumb":{"@id":"https:\/\/www.hoecker.eu\/blog\/bgh-bild-zeitung-darf-sedlmayr-moerder-nicht-erkennbar-machen\/#breadcrumb"},"inLanguage":"de","potentialAction":[{"@type":"ReadAction","target":["https:\/\/www.hoecker.eu\/blog\/bgh-bild-zeitung-darf-sedlmayr-moerder-nicht-erkennbar-machen\/"]}]},{"@type":"BreadcrumbList","@id":"https:\/\/www.hoecker.eu\/blog\/bgh-bild-zeitung-darf-sedlmayr-moerder-nicht-erkennbar-machen\/#breadcrumb","itemListElement":[{"@type":"ListItem","position":1,"name":"Startseite","item":"https:\/\/dev.hoecker.eu\/blog\/"},{"@type":"ListItem","position":2,"name":"BGH: Bild-Zeitung darf Sedlmayr-M\u00f6rder nicht erkennbar machen."}]},{"@type":"WebSite","@id":"https:\/\/www.hoecker.eu\/blog\/#website","url":"https:\/\/www.hoecker.eu\/blog\/","name":"H\u00d6CKER - der Blog","description":"Expertenblog f\u00fcr \u00c4u\u00dferungs-, Medien-, Marken-, Urheber- und Wettbewerbsrecht.","publisher":{"@id":"https:\/\/www.hoecker.eu\/blog\/#organization"},"potentialAction":[{"@type":"SearchAction","target":{"@type":"EntryPoint","urlTemplate":"https:\/\/www.hoecker.eu\/blog\/?s={search_term_string}"},"query-input":{"@type":"PropertyValueSpecification","valueRequired":true,"valueName":"search_term_string"}}],"inLanguage":"de"},{"@type":"Organization","@id":"https:\/\/www.hoecker.eu\/blog\/#organization","name":"H\u00d6CKER Rechtsanw\u00e4lte PartGmbB","alternateName":"H\u00d6CKER","url":"https:\/\/www.hoecker.eu\/blog\/","logo":{"@type":"ImageObject","inLanguage":"de","@id":"https:\/\/www.hoecker.eu\/blog\/#\/schema\/logo\/image\/","url":"https:\/\/www.hoecker.eu\/blog\/wp-content\/uploads\/2025\/03\/Blog-Logo.webp","contentUrl":"https:\/\/www.hoecker.eu\/blog\/wp-content\/uploads\/2025\/03\/Blog-Logo.webp","width":500,"height":500,"caption":"H\u00d6CKER Rechtsanw\u00e4lte PartGmbB"},"image":{"@id":"https:\/\/www.hoecker.eu\/blog\/#\/schema\/logo\/image\/"},"sameAs":["https:\/\/www.facebook.com\/HoeckerRAe\/","https:\/\/x.com\/hoecker_rae","https:\/\/www.linkedin.com\/company\/hcker-rechtsanwlte\/","https:\/\/www.instagram.com\/hoecker_rae\/"],"email":"contact@hoecker.eu","telephone":"+ 49 (0)221-933 19-10","legalName":"H\u00d6CKER Rechtsanw\u00e4lte PartGmbB","numberOfEmployees":{"@type":"QuantitativeValue","minValue":"11","maxValue":"50"}},{"@type":"Person","@id":"https:\/\/www.hoecker.eu\/blog\/#\/schema\/person\/08f95581eed0534eccd0b2438f7a1cab","name":"Prof. Dr. Ralf H\u00f6cker","description":"Medienanwalt. Besch\u00fctzer vor mieser Presse","sameAs":["https:\/\/www.hoecker.eu\/wer\/prof-dr-ralf-hoecker","https:\/\/www.facebook.com\/ralf.hoecker","https:\/\/www.linkedin.com\/in\/prof-dr-ralf-hcker-ll-m-london-17987826\/","https:\/\/x.com\/Ralf_Hoecker"],"url":"https:\/\/www.hoecker.eu\/blog\/author\/hoecker_adm\/"}]}},"authors":[{"term_id":84,"user_id":1,"is_guest":0,"slug":"hoecker_adm","display_name":"Prof. Dr. Ralf H\u00f6cker","avatar_url":{"url":"https:\/\/www.hoecker.eu\/blog\/wp-content\/uploads\/2023\/12\/ProfDrRalfHoecker.jpg","url2x":"https:\/\/www.hoecker.eu\/blog\/wp-content\/uploads\/2023\/12\/ProfDrRalfHoecker.jpg"},"0":null,"1":"","2":"","3":"","4":"","5":"","6":"","7":"","8":"","9":"","10":"","11":""}],"_links":{"self":[{"href":"https:\/\/www.hoecker.eu\/blog\/wp-json\/wp\/v2\/posts\/8301","targetHints":{"allow":["GET"]}}],"collection":[{"href":"https:\/\/www.hoecker.eu\/blog\/wp-json\/wp\/v2\/posts"}],"about":[{"href":"https:\/\/www.hoecker.eu\/blog\/wp-json\/wp\/v2\/types\/post"}],"author":[{"embeddable":true,"href":"https:\/\/www.hoecker.eu\/blog\/wp-json\/wp\/v2\/users\/1"}],"replies":[{"embeddable":true,"href":"https:\/\/www.hoecker.eu\/blog\/wp-json\/wp\/v2\/comments?post=8301"}],"version-history":[{"count":1,"href":"https:\/\/www.hoecker.eu\/blog\/wp-json\/wp\/v2\/posts\/8301\/revisions"}],"predecessor-version":[{"id":9423,"href":"https:\/\/www.hoecker.eu\/blog\/wp-json\/wp\/v2\/posts\/8301\/revisions\/9423"}],"wp:attachment":[{"href":"https:\/\/www.hoecker.eu\/blog\/wp-json\/wp\/v2\/media?parent=8301"}],"wp:term":[{"taxonomy":"category","embeddable":true,"href":"https:\/\/www.hoecker.eu\/blog\/wp-json\/wp\/v2\/categories?post=8301"},{"taxonomy":"post_tag","embeddable":true,"href":"https:\/\/www.hoecker.eu\/blog\/wp-json\/wp\/v2\/tags?post=8301"},{"taxonomy":"hashtags","embeddable":true,"href":"https:\/\/www.hoecker.eu\/blog\/wp-json\/wp\/v2\/hashtags?post=8301"},{"taxonomy":"author","embeddable":true,"href":"https:\/\/www.hoecker.eu\/blog\/wp-json\/wp\/v2\/ppma_author?post=8301"}],"curies":[{"name":"wp","href":"https:\/\/api.w.org\/{rel}","templated":true}]}}