{"id":8298,"date":"2019-09-03T09:21:00","date_gmt":"2019-09-03T07:21:00","guid":{"rendered":"https:\/\/www.hoecker.eu\/blog\/anforderungen-der-verdachtsberichterstattung-zu-dieselskandal-bericht-wegen-fehlender-anhoerung-rechtswidrig\/"},"modified":"2025-02-17T14:56:12","modified_gmt":"2025-02-17T13:56:12","slug":"anforderungen-der-verdachtsberichterstattung-zu-dieselskandal-bericht-wegen-fehlender-anhoerung-rechtswidrig","status":"publish","type":"post","link":"https:\/\/www.hoecker.eu\/blog\/anforderungen-der-verdachtsberichterstattung-zu-dieselskandal-bericht-wegen-fehlender-anhoerung-rechtswidrig\/","title":{"rendered":"Anforderungen der Verdachtsberichterstattung zu Dieselskandal: Bericht wegen fehlender Anh\u00f6rung rechtswidrig."},"content":{"rendered":"<p>Sobald Medien \u00fcber einen Verdacht berichten m\u00f6chten, z.B. \u00fcber ein laufendes Strafverfahren, m\u00fcssen sie nach der st\u00e4ndigen Rechtsprechung des Bundesgerichtshofs verschiedene Voraussetzungen einhalten. So sind sie insbesondere verpflichtet, denjenigen vorher anzuh\u00f6ren, der von einer m\u00f6glichen Berichterstattung betroffen ist.\n<\/p>\n<p>Dies hatte ein gro\u00dfes deutsches Nachrichtenmagazin in einem Bericht im Zusammenhang mit dem sog. Dieselskandal unterlassen. Das Landgericht K\u00f6ln hatte gegen das Magazin daraufhin im Jahr 2017 eine einstweilige Verf\u00fcgung erlassen (Az. 28 O 325\/17) und die Entscheidung in der Hauptsache nun best\u00e4tigt (Urt. v. 28.08.2019, Az. 28 O 505\/18 n.rkr.). In dem aktuellen Urteil hat es die Konkretisierungspflichten pr\u00e4zisiert, die Medien bei der Anh\u00f6rung des Betroffenen beachten m\u00fcssen.\n<\/p>\n<p>Die Richter traten insbesondere der Auffassung des Magazins entgegen, man d\u00fcrfe in eiligen F\u00e4llen von besonderem \u00f6ffentlichen Interesse ausnahmsweise auch ohne Stellungnahme berichten. W\u00f6rtlich hei\u00dft es [Hervorh. nur hier]:<em><br \/><\/em>\n<\/p>\n<p><em>\u201eZwar ist es der tagesaktuellen Presse immanent, dass aktuelle Themen zeitnah ver\u00f6ffentlicht werden m\u00fcssen, um die \u00d6ffentlichkeit \u00fcber wesentliche Entwicklungen auf dem Laufenden zu halten. Dieser Aktualit\u00e4tsdruck, dem die Presse durch die \u201esozialen Medien&#8221; sowie dem Wettbewerb der Medienunternehmen untereinander unterliegt, rechtfertigt es jedoch nicht, unter Missachtung der f\u00fcr den Kl\u00e4ger streitenden Unschuldsvermutung seine Inhaftierung der \u00d6ffentlichkeit kundzutun, ohne ihn zuvor zu den gegen ihn erhobenen Vorw\u00fcrfen anzuh\u00f6ren und ggfls. seine Sicht der Dinge in den Artikel einflie\u00dfen zu lassen, um der \u00d6ffentlichkeit ein ausgewogenes Bild zu pr\u00e4sentieren. Denn aufgrund der von der Beklagten selbst herausgearbeiteten Bedeutung des sogenannten Dieselskandals wiegt die namentliche und bildliche Identifizierung des Kl\u00e4gers und die hiermit einhergehende Prangerwirkung in der \u00d6ffentlichkeit <strong>besonders schwer<\/strong>, so dass die Beklagte selbst dann, wenn man eine Eilbed\u00fcrftigkeit der Berichterstattung unterstellt, gehalten war, sich zumindest um eine Stellungnahme des Kl\u00e4gers zu bem\u00fchen, um den Anforderungen an die journalistische Sorgfaltspflicht gerecht zu werden.\u201c<\/em>\n<\/p>\n<p>Au\u00dferdem d\u00fcrfe sich das Magazin nicht auf blo\u00dfe Ger\u00fcchte verlassen, sondern m\u00fcsse alle erreichbaren Quellen aussch\u00f6pfen und sich deren Zuverl\u00e4ssigkeit versichern:<em><br \/><\/em>\n<\/p>\n<p><em>\u201eDazu geh\u00f6rt im Zweifel aber auch eine vorherige Konfrontation des Betroffenen, f\u00fcr den in einer Situation wie der vorliegenden u.U. mit zumutbaren Bem\u00fchungen ausreichend zeitnah ein Ansprechpartner zu ermitteln ist.\u201c<br \/><\/em>\n<\/p>\n<p>Die Richter stellten schlie\u00dflich klar, dass Medien auch ein blo\u00dfes \u201eDementi\u201c ber\u00fccksichtigen m\u00fcssen:<em><br \/><\/em>\n<\/p>\n<p><em>\u201eDenn selbst wenn die Beklagte den Kl\u00e4ger nur dahingehend angeh\u00f6rt h\u00e4tte, ob es stimme, dass er ihm gegen\u00fcber Untersuchungshaft angeordnet worden sei, h\u00e4tte sie die seitens des Kl\u00e4ger abgegebene Stellungnahme bei der Ver\u00f6ffentlichung des streitgegenst\u00e4ndlichen Artikels ber\u00fccksichtigen und ggfls. dem Umfang des Artikels entsprechend als entlastende Ausf\u00fchrungen des durch die Verdachtsberichterstattung betroffenen Kl\u00e4gers wiedergeben m\u00fcssen.\u201c<\/em><em><br \/><\/em>\n<\/p>\n<p><em><a name=\"MerkPosIDE\"><\/a><\/em><\/p>\n","protected":false},"excerpt":{"rendered":"<p>Sobald Medien \u00fcber einen Verdacht berichten m\u00f6chten, z.B. \u00fcber ein laufendes Strafverfahren, m\u00fcssen sie nach der st\u00e4ndigen Rechtsprechung des Bundesgerichtshofs verschiedene Voraussetzungen einhalten. So sind sie insbesondere verpflichtet, denjenigen vorher anzuh\u00f6ren, der von einer m\u00f6glichen Berichterstattung betroffen ist. Dies hatte ein gro\u00dfes deutsches Nachrichtenmagazin in einem Bericht im Zusammenhang mit dem sog. Dieselskandal unterlassen. Das [&hellip;]<\/p>\n","protected":false},"author":1,"featured_media":0,"comment_status":"closed","ping_status":"closed","sticky":false,"template":"","format":"standard","meta":{"_has_post_settings":[],"footnotes":""},"categories":[15],"tags":[],"hashtags":[],"ppma_author":[84],"class_list":["post-8298","post","type-post","status-publish","format-standard","hentry","category-news","author-hoecker_adm"],"yoast_head":"<!-- This site is optimized with the Yoast SEO Premium plugin v25.9 (Yoast SEO v27.0) - https:\/\/yoast.com\/product\/yoast-seo-premium-wordpress\/ -->\n<title>Anforderungen der Verdachtsberichterstattung zu Dieselskandal: Bericht wegen fehlender Anh\u00f6rung rechtswidrig. - H\u00d6CKER - der Blog<\/title>\n<meta name=\"robots\" content=\"index, follow, max-snippet:-1, max-image-preview:large, max-video-preview:-1\" \/>\n<link rel=\"canonical\" href=\"https:\/\/www.hoecker.eu\/blog\/anforderungen-der-verdachtsberichterstattung-zu-dieselskandal-bericht-wegen-fehlender-anhoerung-rechtswidrig\/\" \/>\n<meta property=\"og:locale\" content=\"de_DE\" \/>\n<meta property=\"og:type\" content=\"article\" \/>\n<meta property=\"og:title\" content=\"Anforderungen der Verdachtsberichterstattung zu Dieselskandal: Bericht wegen fehlender Anh\u00f6rung rechtswidrig.\" \/>\n<meta property=\"og:description\" content=\"Sobald Medien \u00fcber einen Verdacht berichten m\u00f6chten, z.B. \u00fcber ein laufendes Strafverfahren, m\u00fcssen sie nach der st\u00e4ndigen Rechtsprechung des Bundesgerichtshofs verschiedene Voraussetzungen einhalten. So sind sie insbesondere verpflichtet, denjenigen vorher anzuh\u00f6ren, der von einer m\u00f6glichen Berichterstattung betroffen ist. Dies hatte ein gro\u00dfes deutsches Nachrichtenmagazin in einem Bericht im Zusammenhang mit dem sog. Dieselskandal unterlassen. Das [&hellip;]\" \/>\n<meta property=\"og:url\" content=\"https:\/\/www.hoecker.eu\/blog\/anforderungen-der-verdachtsberichterstattung-zu-dieselskandal-bericht-wegen-fehlender-anhoerung-rechtswidrig\/\" \/>\n<meta property=\"og:site_name\" content=\"H\u00d6CKER - der Blog\" \/>\n<meta property=\"article:publisher\" content=\"https:\/\/www.facebook.com\/HoeckerRAe\/\" \/>\n<meta property=\"article:author\" content=\"https:\/\/www.facebook.com\/ralf.hoecker\" \/>\n<meta property=\"article:published_time\" content=\"2019-09-03T07:21:00+00:00\" \/>\n<meta property=\"article:modified_time\" content=\"2025-02-17T13:56:12+00:00\" \/>\n<meta name=\"author\" content=\"Prof. Dr. Ralf H\u00f6cker\" \/>\n<meta name=\"twitter:card\" content=\"summary_large_image\" \/>\n<meta name=\"twitter:creator\" content=\"@Ralf_Hoecker\" \/>\n<meta name=\"twitter:site\" content=\"@hoecker_rae\" \/>\n<meta name=\"twitter:label1\" content=\"Verfasst von\" \/>\n\t<meta name=\"twitter:data1\" content=\"Prof. Dr. Ralf H\u00f6cker\" \/>\n\t<meta name=\"twitter:label2\" content=\"Gesch\u00e4tzte Lesezeit\" \/>\n\t<meta name=\"twitter:data2\" content=\"2\u00a0Minuten\" \/>\n<script type=\"application\/ld+json\" class=\"yoast-schema-graph\">{\"@context\":\"https:\/\/schema.org\",\"@graph\":[{\"@type\":\"Article\",\"@id\":\"https:\/\/www.hoecker.eu\/blog\/anforderungen-der-verdachtsberichterstattung-zu-dieselskandal-bericht-wegen-fehlender-anhoerung-rechtswidrig\/#article\",\"isPartOf\":{\"@id\":\"https:\/\/www.hoecker.eu\/blog\/anforderungen-der-verdachtsberichterstattung-zu-dieselskandal-bericht-wegen-fehlender-anhoerung-rechtswidrig\/\"},\"author\":{\"name\":\"Prof. Dr. Ralf H\u00f6cker\",\"@id\":\"https:\/\/www.hoecker.eu\/blog\/#\/schema\/person\/08f95581eed0534eccd0b2438f7a1cab\"},\"headline\":\"Anforderungen der Verdachtsberichterstattung zu Dieselskandal: Bericht wegen fehlender Anh\u00f6rung rechtswidrig.\",\"datePublished\":\"2019-09-03T07:21:00+00:00\",\"dateModified\":\"2025-02-17T13:56:12+00:00\",\"mainEntityOfPage\":{\"@id\":\"https:\/\/www.hoecker.eu\/blog\/anforderungen-der-verdachtsberichterstattung-zu-dieselskandal-bericht-wegen-fehlender-anhoerung-rechtswidrig\/\"},\"wordCount\":470,\"publisher\":{\"@id\":\"https:\/\/www.hoecker.eu\/blog\/#organization\"},\"articleSection\":[\"News\"],\"inLanguage\":\"de\"},{\"@type\":\"WebPage\",\"@id\":\"https:\/\/www.hoecker.eu\/blog\/anforderungen-der-verdachtsberichterstattung-zu-dieselskandal-bericht-wegen-fehlender-anhoerung-rechtswidrig\/\",\"url\":\"https:\/\/www.hoecker.eu\/blog\/anforderungen-der-verdachtsberichterstattung-zu-dieselskandal-bericht-wegen-fehlender-anhoerung-rechtswidrig\/\",\"name\":\"Anforderungen der Verdachtsberichterstattung zu Dieselskandal: Bericht wegen fehlender Anh\u00f6rung rechtswidrig. - H\u00d6CKER - der Blog\",\"isPartOf\":{\"@id\":\"https:\/\/www.hoecker.eu\/blog\/#website\"},\"datePublished\":\"2019-09-03T07:21:00+00:00\",\"dateModified\":\"2025-02-17T13:56:12+00:00\",\"breadcrumb\":{\"@id\":\"https:\/\/www.hoecker.eu\/blog\/anforderungen-der-verdachtsberichterstattung-zu-dieselskandal-bericht-wegen-fehlender-anhoerung-rechtswidrig\/#breadcrumb\"},\"inLanguage\":\"de\",\"potentialAction\":[{\"@type\":\"ReadAction\",\"target\":[\"https:\/\/www.hoecker.eu\/blog\/anforderungen-der-verdachtsberichterstattung-zu-dieselskandal-bericht-wegen-fehlender-anhoerung-rechtswidrig\/\"]}]},{\"@type\":\"BreadcrumbList\",\"@id\":\"https:\/\/www.hoecker.eu\/blog\/anforderungen-der-verdachtsberichterstattung-zu-dieselskandal-bericht-wegen-fehlender-anhoerung-rechtswidrig\/#breadcrumb\",\"itemListElement\":[{\"@type\":\"ListItem\",\"position\":1,\"name\":\"Startseite\",\"item\":\"https:\/\/dev.hoecker.eu\/blog\/\"},{\"@type\":\"ListItem\",\"position\":2,\"name\":\"Anforderungen der Verdachtsberichterstattung zu Dieselskandal: Bericht wegen fehlender Anh\u00f6rung rechtswidrig.\"}]},{\"@type\":\"WebSite\",\"@id\":\"https:\/\/www.hoecker.eu\/blog\/#website\",\"url\":\"https:\/\/www.hoecker.eu\/blog\/\",\"name\":\"H\u00d6CKER - der Blog\",\"description\":\"Expertenblog f\u00fcr \u00c4u\u00dferungs-, Medien-, Marken-, Urheber- und Wettbewerbsrecht.\",\"publisher\":{\"@id\":\"https:\/\/www.hoecker.eu\/blog\/#organization\"},\"potentialAction\":[{\"@type\":\"SearchAction\",\"target\":{\"@type\":\"EntryPoint\",\"urlTemplate\":\"https:\/\/www.hoecker.eu\/blog\/?s={search_term_string}\"},\"query-input\":{\"@type\":\"PropertyValueSpecification\",\"valueRequired\":true,\"valueName\":\"search_term_string\"}}],\"inLanguage\":\"de\"},{\"@type\":\"Organization\",\"@id\":\"https:\/\/www.hoecker.eu\/blog\/#organization\",\"name\":\"H\u00d6CKER Rechtsanw\u00e4lte PartGmbB\",\"alternateName\":\"H\u00d6CKER\",\"url\":\"https:\/\/www.hoecker.eu\/blog\/\",\"logo\":{\"@type\":\"ImageObject\",\"inLanguage\":\"de\",\"@id\":\"https:\/\/www.hoecker.eu\/blog\/#\/schema\/logo\/image\/\",\"url\":\"https:\/\/www.hoecker.eu\/blog\/wp-content\/uploads\/2025\/03\/Blog-Logo.webp\",\"contentUrl\":\"https:\/\/www.hoecker.eu\/blog\/wp-content\/uploads\/2025\/03\/Blog-Logo.webp\",\"width\":500,\"height\":500,\"caption\":\"H\u00d6CKER Rechtsanw\u00e4lte PartGmbB\"},\"image\":{\"@id\":\"https:\/\/www.hoecker.eu\/blog\/#\/schema\/logo\/image\/\"},\"sameAs\":[\"https:\/\/www.facebook.com\/HoeckerRAe\/\",\"https:\/\/x.com\/hoecker_rae\",\"https:\/\/www.linkedin.com\/company\/hcker-rechtsanwlte\/\",\"https:\/\/www.instagram.com\/hoecker_rae\/\"],\"email\":\"contact@hoecker.eu\",\"telephone\":\"+ 49 (0)221-933 19-10\",\"legalName\":\"H\u00d6CKER Rechtsanw\u00e4lte PartGmbB\",\"numberOfEmployees\":{\"@type\":\"QuantitativeValue\",\"minValue\":\"11\",\"maxValue\":\"50\"}},{\"@type\":\"Person\",\"@id\":\"https:\/\/www.hoecker.eu\/blog\/#\/schema\/person\/08f95581eed0534eccd0b2438f7a1cab\",\"name\":\"Prof. Dr. Ralf H\u00f6cker\",\"description\":\"Medienanwalt. Besch\u00fctzer vor mieser Presse\",\"sameAs\":[\"https:\/\/www.hoecker.eu\/wer\/prof-dr-ralf-hoecker\",\"https:\/\/www.facebook.com\/ralf.hoecker\",\"https:\/\/www.linkedin.com\/in\/prof-dr-ralf-hcker-ll-m-london-17987826\/\",\"https:\/\/x.com\/Ralf_Hoecker\"],\"url\":\"https:\/\/www.hoecker.eu\/blog\/author\/hoecker_adm\/\"}]}<\/script>\n<!-- \/ Yoast SEO Premium plugin. -->","yoast_head_json":{"title":"Anforderungen der Verdachtsberichterstattung zu Dieselskandal: Bericht wegen fehlender Anh\u00f6rung rechtswidrig. - H\u00d6CKER - der Blog","robots":{"index":"index","follow":"follow","max-snippet":"max-snippet:-1","max-image-preview":"max-image-preview:large","max-video-preview":"max-video-preview:-1"},"canonical":"https:\/\/www.hoecker.eu\/blog\/anforderungen-der-verdachtsberichterstattung-zu-dieselskandal-bericht-wegen-fehlender-anhoerung-rechtswidrig\/","og_locale":"de_DE","og_type":"article","og_title":"Anforderungen der Verdachtsberichterstattung zu Dieselskandal: Bericht wegen fehlender Anh\u00f6rung rechtswidrig.","og_description":"Sobald Medien \u00fcber einen Verdacht berichten m\u00f6chten, z.B. \u00fcber ein laufendes Strafverfahren, m\u00fcssen sie nach der st\u00e4ndigen Rechtsprechung des Bundesgerichtshofs verschiedene Voraussetzungen einhalten. So sind sie insbesondere verpflichtet, denjenigen vorher anzuh\u00f6ren, der von einer m\u00f6glichen Berichterstattung betroffen ist. Dies hatte ein gro\u00dfes deutsches Nachrichtenmagazin in einem Bericht im Zusammenhang mit dem sog. Dieselskandal unterlassen. Das [&hellip;]","og_url":"https:\/\/www.hoecker.eu\/blog\/anforderungen-der-verdachtsberichterstattung-zu-dieselskandal-bericht-wegen-fehlender-anhoerung-rechtswidrig\/","og_site_name":"H\u00d6CKER - der Blog","article_publisher":"https:\/\/www.facebook.com\/HoeckerRAe\/","article_author":"https:\/\/www.facebook.com\/ralf.hoecker","article_published_time":"2019-09-03T07:21:00+00:00","article_modified_time":"2025-02-17T13:56:12+00:00","author":"Prof. Dr. Ralf H\u00f6cker","twitter_card":"summary_large_image","twitter_creator":"@Ralf_Hoecker","twitter_site":"@hoecker_rae","twitter_misc":{"Verfasst von":"Prof. Dr. Ralf H\u00f6cker","Gesch\u00e4tzte Lesezeit":"2\u00a0Minuten"},"schema":{"@context":"https:\/\/schema.org","@graph":[{"@type":"Article","@id":"https:\/\/www.hoecker.eu\/blog\/anforderungen-der-verdachtsberichterstattung-zu-dieselskandal-bericht-wegen-fehlender-anhoerung-rechtswidrig\/#article","isPartOf":{"@id":"https:\/\/www.hoecker.eu\/blog\/anforderungen-der-verdachtsberichterstattung-zu-dieselskandal-bericht-wegen-fehlender-anhoerung-rechtswidrig\/"},"author":{"name":"Prof. Dr. Ralf H\u00f6cker","@id":"https:\/\/www.hoecker.eu\/blog\/#\/schema\/person\/08f95581eed0534eccd0b2438f7a1cab"},"headline":"Anforderungen der Verdachtsberichterstattung zu Dieselskandal: Bericht wegen fehlender Anh\u00f6rung rechtswidrig.","datePublished":"2019-09-03T07:21:00+00:00","dateModified":"2025-02-17T13:56:12+00:00","mainEntityOfPage":{"@id":"https:\/\/www.hoecker.eu\/blog\/anforderungen-der-verdachtsberichterstattung-zu-dieselskandal-bericht-wegen-fehlender-anhoerung-rechtswidrig\/"},"wordCount":470,"publisher":{"@id":"https:\/\/www.hoecker.eu\/blog\/#organization"},"articleSection":["News"],"inLanguage":"de"},{"@type":"WebPage","@id":"https:\/\/www.hoecker.eu\/blog\/anforderungen-der-verdachtsberichterstattung-zu-dieselskandal-bericht-wegen-fehlender-anhoerung-rechtswidrig\/","url":"https:\/\/www.hoecker.eu\/blog\/anforderungen-der-verdachtsberichterstattung-zu-dieselskandal-bericht-wegen-fehlender-anhoerung-rechtswidrig\/","name":"Anforderungen der Verdachtsberichterstattung zu Dieselskandal: Bericht wegen fehlender Anh\u00f6rung rechtswidrig. - H\u00d6CKER - der Blog","isPartOf":{"@id":"https:\/\/www.hoecker.eu\/blog\/#website"},"datePublished":"2019-09-03T07:21:00+00:00","dateModified":"2025-02-17T13:56:12+00:00","breadcrumb":{"@id":"https:\/\/www.hoecker.eu\/blog\/anforderungen-der-verdachtsberichterstattung-zu-dieselskandal-bericht-wegen-fehlender-anhoerung-rechtswidrig\/#breadcrumb"},"inLanguage":"de","potentialAction":[{"@type":"ReadAction","target":["https:\/\/www.hoecker.eu\/blog\/anforderungen-der-verdachtsberichterstattung-zu-dieselskandal-bericht-wegen-fehlender-anhoerung-rechtswidrig\/"]}]},{"@type":"BreadcrumbList","@id":"https:\/\/www.hoecker.eu\/blog\/anforderungen-der-verdachtsberichterstattung-zu-dieselskandal-bericht-wegen-fehlender-anhoerung-rechtswidrig\/#breadcrumb","itemListElement":[{"@type":"ListItem","position":1,"name":"Startseite","item":"https:\/\/dev.hoecker.eu\/blog\/"},{"@type":"ListItem","position":2,"name":"Anforderungen der Verdachtsberichterstattung zu Dieselskandal: Bericht wegen fehlender Anh\u00f6rung rechtswidrig."}]},{"@type":"WebSite","@id":"https:\/\/www.hoecker.eu\/blog\/#website","url":"https:\/\/www.hoecker.eu\/blog\/","name":"H\u00d6CKER - der Blog","description":"Expertenblog f\u00fcr \u00c4u\u00dferungs-, Medien-, Marken-, Urheber- und Wettbewerbsrecht.","publisher":{"@id":"https:\/\/www.hoecker.eu\/blog\/#organization"},"potentialAction":[{"@type":"SearchAction","target":{"@type":"EntryPoint","urlTemplate":"https:\/\/www.hoecker.eu\/blog\/?s={search_term_string}"},"query-input":{"@type":"PropertyValueSpecification","valueRequired":true,"valueName":"search_term_string"}}],"inLanguage":"de"},{"@type":"Organization","@id":"https:\/\/www.hoecker.eu\/blog\/#organization","name":"H\u00d6CKER Rechtsanw\u00e4lte PartGmbB","alternateName":"H\u00d6CKER","url":"https:\/\/www.hoecker.eu\/blog\/","logo":{"@type":"ImageObject","inLanguage":"de","@id":"https:\/\/www.hoecker.eu\/blog\/#\/schema\/logo\/image\/","url":"https:\/\/www.hoecker.eu\/blog\/wp-content\/uploads\/2025\/03\/Blog-Logo.webp","contentUrl":"https:\/\/www.hoecker.eu\/blog\/wp-content\/uploads\/2025\/03\/Blog-Logo.webp","width":500,"height":500,"caption":"H\u00d6CKER Rechtsanw\u00e4lte PartGmbB"},"image":{"@id":"https:\/\/www.hoecker.eu\/blog\/#\/schema\/logo\/image\/"},"sameAs":["https:\/\/www.facebook.com\/HoeckerRAe\/","https:\/\/x.com\/hoecker_rae","https:\/\/www.linkedin.com\/company\/hcker-rechtsanwlte\/","https:\/\/www.instagram.com\/hoecker_rae\/"],"email":"contact@hoecker.eu","telephone":"+ 49 (0)221-933 19-10","legalName":"H\u00d6CKER Rechtsanw\u00e4lte PartGmbB","numberOfEmployees":{"@type":"QuantitativeValue","minValue":"11","maxValue":"50"}},{"@type":"Person","@id":"https:\/\/www.hoecker.eu\/blog\/#\/schema\/person\/08f95581eed0534eccd0b2438f7a1cab","name":"Prof. Dr. Ralf H\u00f6cker","description":"Medienanwalt. Besch\u00fctzer vor mieser Presse","sameAs":["https:\/\/www.hoecker.eu\/wer\/prof-dr-ralf-hoecker","https:\/\/www.facebook.com\/ralf.hoecker","https:\/\/www.linkedin.com\/in\/prof-dr-ralf-hcker-ll-m-london-17987826\/","https:\/\/x.com\/Ralf_Hoecker"],"url":"https:\/\/www.hoecker.eu\/blog\/author\/hoecker_adm\/"}]}},"authors":[{"term_id":84,"user_id":1,"is_guest":0,"slug":"hoecker_adm","display_name":"Prof. Dr. Ralf H\u00f6cker","avatar_url":{"url":"https:\/\/www.hoecker.eu\/blog\/wp-content\/uploads\/2023\/12\/ProfDrRalfHoecker.jpg","url2x":"https:\/\/www.hoecker.eu\/blog\/wp-content\/uploads\/2023\/12\/ProfDrRalfHoecker.jpg"},"0":null,"1":"","2":"","3":"","4":"","5":"","6":"","7":"","8":"","9":"","10":"","11":""}],"_links":{"self":[{"href":"https:\/\/www.hoecker.eu\/blog\/wp-json\/wp\/v2\/posts\/8298","targetHints":{"allow":["GET"]}}],"collection":[{"href":"https:\/\/www.hoecker.eu\/blog\/wp-json\/wp\/v2\/posts"}],"about":[{"href":"https:\/\/www.hoecker.eu\/blog\/wp-json\/wp\/v2\/types\/post"}],"author":[{"embeddable":true,"href":"https:\/\/www.hoecker.eu\/blog\/wp-json\/wp\/v2\/users\/1"}],"replies":[{"embeddable":true,"href":"https:\/\/www.hoecker.eu\/blog\/wp-json\/wp\/v2\/comments?post=8298"}],"version-history":[{"count":1,"href":"https:\/\/www.hoecker.eu\/blog\/wp-json\/wp\/v2\/posts\/8298\/revisions"}],"predecessor-version":[{"id":9420,"href":"https:\/\/www.hoecker.eu\/blog\/wp-json\/wp\/v2\/posts\/8298\/revisions\/9420"}],"wp:attachment":[{"href":"https:\/\/www.hoecker.eu\/blog\/wp-json\/wp\/v2\/media?parent=8298"}],"wp:term":[{"taxonomy":"category","embeddable":true,"href":"https:\/\/www.hoecker.eu\/blog\/wp-json\/wp\/v2\/categories?post=8298"},{"taxonomy":"post_tag","embeddable":true,"href":"https:\/\/www.hoecker.eu\/blog\/wp-json\/wp\/v2\/tags?post=8298"},{"taxonomy":"hashtags","embeddable":true,"href":"https:\/\/www.hoecker.eu\/blog\/wp-json\/wp\/v2\/hashtags?post=8298"},{"taxonomy":"author","embeddable":true,"href":"https:\/\/www.hoecker.eu\/blog\/wp-json\/wp\/v2\/ppma_author?post=8298"}],"curies":[{"name":"wp","href":"https:\/\/api.w.org\/{rel}","templated":true}]}}