{"id":8296,"date":"2019-09-30T16:01:30","date_gmt":"2019-09-30T14:01:30","guid":{"rendered":"https:\/\/www.hoecker.eu\/blog\/endlich-amtlich-maassen-wechselt-zu-hoecker\/"},"modified":"2025-02-17T14:56:11","modified_gmt":"2025-02-17T13:56:11","slug":"endlich-amtlich-maassen-wechselt-zu-hoecker","status":"publish","type":"post","link":"https:\/\/www.hoecker.eu\/blog\/endlich-amtlich-maassen-wechselt-zu-hoecker\/","title":{"rendered":"Endlich amtlich: Maa\u00dfen wechselt zu H\u00d6CKER."},"content":{"rendered":"<p><strong>Zum 1. Oktober 2019 wechselt der fr\u00fchere Pr\u00e4sident des Bundesverfassungsschutzes Rechtsanwalt Dr. Hans-Georg Maa\u00dfen als Of-Counsel in das Managing Board der K\u00f6lner Medienrechtskanzlei H\u00d6CKER.<\/strong><strong><\/strong>\n<\/p>\n<p><img decoding=\"async\" class=\"img-responsive\" src=\"{asset:1399:url}\" alt=\"Hans Georg Ma\u00dfen, Prof. Dr. Ralf H\u00f6cker\" \"=\"\">\n<\/p>\n<p>Dass sich Dr. Hans-Georg Maa\u00dfen nach seiner Versetzung in den einstweiligen Ruhestand nicht zur Ruhe setzen w\u00fcrde, hatten viele geahnt. Manch einer hat inzwischen zu sp\u00fcren bekommen, dass der fr\u00fchere Verfassungsschutzpr\u00e4sident keineswegs beabsichtigt, in Fr\u00fchrente zu gehen.\n<\/p>\n<p>Im M\u00e4rz 2019 lernte Maa\u00dfen Rechtsanwalt Prof. Dr. Ralf H\u00f6cker auf einer Vortragsveranstaltung in K\u00f6ln kennen. Bei diesem und weiteren Treffen stellten beide fest, wie gut sich ihre Erfahrungen erg\u00e4nzen: Die Kanzlei H\u00d6CKER baut gerade \u2013 soweit ersichtlich als erste und einzige deutsche Medienrechtskanzlei &#8211; ein Dezernat f\u00fcr \u00f6ffentliches \u00c4u\u00dferungsrecht auf. Was d\u00fcrfen Staatsanwaltschaften in Pressemeldungen \u00fcber einen Beschuldigten preisgeben? Wie neutral und sachlich m\u00fcssen sich Minister oder B\u00fcrgermeister in der \u00d6ffentlichkeit \u00e4u\u00dfern? Fragen wie diesen geht H\u00d6CKER f\u00fcr seine Mandanten nach. Und genau dabei kann Herr Dr. Maa\u00dfen die Kanzlei unterst\u00fctzen. Denn Maa\u00dfen ist nicht nur der bekannte Experte im Bereich der inneren Sicherheit und der geheimen Nachrichtendienste, sondern auch ein ausgewiesener Fachmann im \u00f6ffentlichen Recht und in der politischen Kommunikation. Neben seiner langen Zeit im Nachrichtendienst und im Bundesinnenministerium war er \u00fcber 15 Jahre Lehrbeauftragter f\u00fcr Staats- und Verwaltungsrecht sowie Europarecht an der Freien Universit\u00e4t Berlin und ist Autor zahlreicher Fachb\u00fccher und Fachver\u00f6ffentlichungen.\n<\/p>\n<p>Die Kanzlei H\u00d6CKER vertritt jeden, der sich von rechtswidriger Berichterstattung betroffen sieht. Das geh\u00f6rt zu unserem Berufsethos. Zu unseren Mandanten geh\u00f6ren Politiker s\u00e4mtlicher im Bundestag vertretenen Parteien. Auf Wunsch von Herrn Maa\u00dfen wird er pers\u00f6nlich jedoch nicht befasst sein mit Mandaten der Linken, der Gr\u00fcnen,  der AfD oder von Beobachtungsobjekten des Verfassungsschutzes.\n<\/p>\n<p>Prof. Dr. Ralf H\u00f6cker, Gr\u00fcnder und Partner von H\u00d6CKER, erkl\u00e4rt:<i><br \/>\u201eWir freuen uns, dass wir Herrn Maa\u00dfen f\u00fcr unsere Kanzlei begeistern konnten. Herr Maa\u00dfen teilt mit uns das Ziel, Opfer rechtswidriger Berichterstattung juristisch zu unterst\u00fctzen. Die Kanzlei wird von seiner Berufserfahrung, seinen Fachkenntnissen und von seiner Urteilsf\u00e4higkeit profitieren k\u00f6nnen.\u201c<\/i><\/p>\n","protected":false},"excerpt":{"rendered":"<p>Zum 1. Oktober 2019 wechselt der fr\u00fchere Pr\u00e4sident des Bundesverfassungsschutzes Rechtsanwalt Dr. Hans-Georg Maa\u00dfen als Of-Counsel in das Managing Board der K\u00f6lner Medienrechtskanzlei H\u00d6CKER.<\/p>\n","protected":false},"author":1,"featured_media":0,"comment_status":"closed","ping_status":"closed","sticky":false,"template":"","format":"standard","meta":{"_has_post_settings":[],"footnotes":""},"categories":[15],"tags":[],"hashtags":[],"ppma_author":[84],"class_list":["post-8296","post","type-post","status-publish","format-standard","hentry","category-news","author-hoecker_adm"],"yoast_head":"<!-- This site is optimized with the Yoast SEO Premium plugin v25.9 (Yoast SEO v27.0) - https:\/\/yoast.com\/product\/yoast-seo-premium-wordpress\/ -->\n<title>Endlich amtlich: Maa\u00dfen wechselt zu H\u00d6CKER. - H\u00d6CKER - der Blog<\/title>\n<meta name=\"robots\" content=\"index, follow, max-snippet:-1, max-image-preview:large, max-video-preview:-1\" \/>\n<link rel=\"canonical\" href=\"https:\/\/www.hoecker.eu\/blog\/endlich-amtlich-maassen-wechselt-zu-hoecker\/\" \/>\n<meta property=\"og:locale\" content=\"de_DE\" \/>\n<meta property=\"og:type\" content=\"article\" \/>\n<meta property=\"og:title\" content=\"Endlich amtlich: Maa\u00dfen wechselt zu H\u00d6CKER.\" \/>\n<meta property=\"og:description\" content=\"Zum 1. Oktober 2019 wechselt der fr\u00fchere Pr\u00e4sident des Bundesverfassungsschutzes Rechtsanwalt Dr. Hans-Georg Maa\u00dfen als Of-Counsel in das Managing Board der K\u00f6lner Medienrechtskanzlei H\u00d6CKER.\" \/>\n<meta property=\"og:url\" content=\"https:\/\/www.hoecker.eu\/blog\/endlich-amtlich-maassen-wechselt-zu-hoecker\/\" \/>\n<meta property=\"og:site_name\" content=\"H\u00d6CKER - der Blog\" \/>\n<meta property=\"article:publisher\" content=\"https:\/\/www.facebook.com\/HoeckerRAe\/\" \/>\n<meta property=\"article:author\" content=\"https:\/\/www.facebook.com\/ralf.hoecker\" \/>\n<meta property=\"article:published_time\" content=\"2019-09-30T14:01:30+00:00\" \/>\n<meta property=\"article:modified_time\" content=\"2025-02-17T13:56:11+00:00\" \/>\n<meta name=\"author\" content=\"Prof. Dr. Ralf H\u00f6cker\" \/>\n<meta name=\"twitter:card\" content=\"summary_large_image\" \/>\n<meta name=\"twitter:creator\" content=\"@Ralf_Hoecker\" \/>\n<meta name=\"twitter:site\" content=\"@hoecker_rae\" \/>\n<meta name=\"twitter:label1\" content=\"Verfasst von\" \/>\n\t<meta name=\"twitter:data1\" content=\"Prof. Dr. Ralf H\u00f6cker\" \/>\n<script type=\"application\/ld+json\" class=\"yoast-schema-graph\">{\"@context\":\"https:\/\/schema.org\",\"@graph\":[{\"@type\":\"Article\",\"@id\":\"https:\/\/www.hoecker.eu\/blog\/endlich-amtlich-maassen-wechselt-zu-hoecker\/#article\",\"isPartOf\":{\"@id\":\"https:\/\/www.hoecker.eu\/blog\/endlich-amtlich-maassen-wechselt-zu-hoecker\/\"},\"author\":{\"name\":\"Prof. Dr. Ralf H\u00f6cker\",\"@id\":\"https:\/\/www.hoecker.eu\/blog\/#\/schema\/person\/08f95581eed0534eccd0b2438f7a1cab\"},\"headline\":\"Endlich amtlich: Maa\u00dfen wechselt zu H\u00d6CKER.\",\"datePublished\":\"2019-09-30T14:01:30+00:00\",\"dateModified\":\"2025-02-17T13:56:11+00:00\",\"mainEntityOfPage\":{\"@id\":\"https:\/\/www.hoecker.eu\/blog\/endlich-amtlich-maassen-wechselt-zu-hoecker\/\"},\"wordCount\":35,\"publisher\":{\"@id\":\"https:\/\/www.hoecker.eu\/blog\/#organization\"},\"articleSection\":[\"News\"],\"inLanguage\":\"de\"},{\"@type\":\"WebPage\",\"@id\":\"https:\/\/www.hoecker.eu\/blog\/endlich-amtlich-maassen-wechselt-zu-hoecker\/\",\"url\":\"https:\/\/www.hoecker.eu\/blog\/endlich-amtlich-maassen-wechselt-zu-hoecker\/\",\"name\":\"Endlich amtlich: Maa\u00dfen wechselt zu H\u00d6CKER. - H\u00d6CKER - der Blog\",\"isPartOf\":{\"@id\":\"https:\/\/www.hoecker.eu\/blog\/#website\"},\"datePublished\":\"2019-09-30T14:01:30+00:00\",\"dateModified\":\"2025-02-17T13:56:11+00:00\",\"breadcrumb\":{\"@id\":\"https:\/\/www.hoecker.eu\/blog\/endlich-amtlich-maassen-wechselt-zu-hoecker\/#breadcrumb\"},\"inLanguage\":\"de\",\"potentialAction\":[{\"@type\":\"ReadAction\",\"target\":[\"https:\/\/www.hoecker.eu\/blog\/endlich-amtlich-maassen-wechselt-zu-hoecker\/\"]}]},{\"@type\":\"BreadcrumbList\",\"@id\":\"https:\/\/www.hoecker.eu\/blog\/endlich-amtlich-maassen-wechselt-zu-hoecker\/#breadcrumb\",\"itemListElement\":[{\"@type\":\"ListItem\",\"position\":1,\"name\":\"Startseite\",\"item\":\"https:\/\/dev.hoecker.eu\/blog\/\"},{\"@type\":\"ListItem\",\"position\":2,\"name\":\"Endlich amtlich: Maa\u00dfen wechselt zu H\u00d6CKER.\"}]},{\"@type\":\"WebSite\",\"@id\":\"https:\/\/www.hoecker.eu\/blog\/#website\",\"url\":\"https:\/\/www.hoecker.eu\/blog\/\",\"name\":\"H\u00d6CKER - der Blog\",\"description\":\"Expertenblog f\u00fcr \u00c4u\u00dferungs-, Medien-, Marken-, Urheber- und Wettbewerbsrecht.\",\"publisher\":{\"@id\":\"https:\/\/www.hoecker.eu\/blog\/#organization\"},\"potentialAction\":[{\"@type\":\"SearchAction\",\"target\":{\"@type\":\"EntryPoint\",\"urlTemplate\":\"https:\/\/www.hoecker.eu\/blog\/?s={search_term_string}\"},\"query-input\":{\"@type\":\"PropertyValueSpecification\",\"valueRequired\":true,\"valueName\":\"search_term_string\"}}],\"inLanguage\":\"de\"},{\"@type\":\"Organization\",\"@id\":\"https:\/\/www.hoecker.eu\/blog\/#organization\",\"name\":\"H\u00d6CKER Rechtsanw\u00e4lte PartGmbB\",\"alternateName\":\"H\u00d6CKER\",\"url\":\"https:\/\/www.hoecker.eu\/blog\/\",\"logo\":{\"@type\":\"ImageObject\",\"inLanguage\":\"de\",\"@id\":\"https:\/\/www.hoecker.eu\/blog\/#\/schema\/logo\/image\/\",\"url\":\"https:\/\/www.hoecker.eu\/blog\/wp-content\/uploads\/2025\/03\/Blog-Logo.webp\",\"contentUrl\":\"https:\/\/www.hoecker.eu\/blog\/wp-content\/uploads\/2025\/03\/Blog-Logo.webp\",\"width\":500,\"height\":500,\"caption\":\"H\u00d6CKER Rechtsanw\u00e4lte PartGmbB\"},\"image\":{\"@id\":\"https:\/\/www.hoecker.eu\/blog\/#\/schema\/logo\/image\/\"},\"sameAs\":[\"https:\/\/www.facebook.com\/HoeckerRAe\/\",\"https:\/\/x.com\/hoecker_rae\",\"https:\/\/www.linkedin.com\/company\/hcker-rechtsanwlte\/\",\"https:\/\/www.instagram.com\/hoecker_rae\/\"],\"email\":\"contact@hoecker.eu\",\"telephone\":\"+ 49 (0)221-933 19-10\",\"legalName\":\"H\u00d6CKER Rechtsanw\u00e4lte PartGmbB\",\"numberOfEmployees\":{\"@type\":\"QuantitativeValue\",\"minValue\":\"11\",\"maxValue\":\"50\"}},{\"@type\":\"Person\",\"@id\":\"https:\/\/www.hoecker.eu\/blog\/#\/schema\/person\/08f95581eed0534eccd0b2438f7a1cab\",\"name\":\"Prof. Dr. Ralf H\u00f6cker\",\"description\":\"Medienanwalt. Besch\u00fctzer vor mieser Presse\",\"sameAs\":[\"https:\/\/www.hoecker.eu\/wer\/prof-dr-ralf-hoecker\",\"https:\/\/www.facebook.com\/ralf.hoecker\",\"https:\/\/www.linkedin.com\/in\/prof-dr-ralf-hcker-ll-m-london-17987826\/\",\"https:\/\/x.com\/Ralf_Hoecker\"],\"url\":\"https:\/\/www.hoecker.eu\/blog\/author\/hoecker_adm\/\"}]}<\/script>\n<!-- \/ Yoast SEO Premium plugin. -->","yoast_head_json":{"title":"Endlich amtlich: Maa\u00dfen wechselt zu H\u00d6CKER. - H\u00d6CKER - der Blog","robots":{"index":"index","follow":"follow","max-snippet":"max-snippet:-1","max-image-preview":"max-image-preview:large","max-video-preview":"max-video-preview:-1"},"canonical":"https:\/\/www.hoecker.eu\/blog\/endlich-amtlich-maassen-wechselt-zu-hoecker\/","og_locale":"de_DE","og_type":"article","og_title":"Endlich amtlich: Maa\u00dfen wechselt zu H\u00d6CKER.","og_description":"Zum 1. Oktober 2019 wechselt der fr\u00fchere Pr\u00e4sident des Bundesverfassungsschutzes Rechtsanwalt Dr. Hans-Georg Maa\u00dfen als Of-Counsel in das Managing Board der K\u00f6lner Medienrechtskanzlei H\u00d6CKER.","og_url":"https:\/\/www.hoecker.eu\/blog\/endlich-amtlich-maassen-wechselt-zu-hoecker\/","og_site_name":"H\u00d6CKER - der Blog","article_publisher":"https:\/\/www.facebook.com\/HoeckerRAe\/","article_author":"https:\/\/www.facebook.com\/ralf.hoecker","article_published_time":"2019-09-30T14:01:30+00:00","article_modified_time":"2025-02-17T13:56:11+00:00","author":"Prof. Dr. Ralf H\u00f6cker","twitter_card":"summary_large_image","twitter_creator":"@Ralf_Hoecker","twitter_site":"@hoecker_rae","twitter_misc":{"Verfasst von":"Prof. Dr. Ralf H\u00f6cker"},"schema":{"@context":"https:\/\/schema.org","@graph":[{"@type":"Article","@id":"https:\/\/www.hoecker.eu\/blog\/endlich-amtlich-maassen-wechselt-zu-hoecker\/#article","isPartOf":{"@id":"https:\/\/www.hoecker.eu\/blog\/endlich-amtlich-maassen-wechselt-zu-hoecker\/"},"author":{"name":"Prof. Dr. Ralf H\u00f6cker","@id":"https:\/\/www.hoecker.eu\/blog\/#\/schema\/person\/08f95581eed0534eccd0b2438f7a1cab"},"headline":"Endlich amtlich: Maa\u00dfen wechselt zu H\u00d6CKER.","datePublished":"2019-09-30T14:01:30+00:00","dateModified":"2025-02-17T13:56:11+00:00","mainEntityOfPage":{"@id":"https:\/\/www.hoecker.eu\/blog\/endlich-amtlich-maassen-wechselt-zu-hoecker\/"},"wordCount":35,"publisher":{"@id":"https:\/\/www.hoecker.eu\/blog\/#organization"},"articleSection":["News"],"inLanguage":"de"},{"@type":"WebPage","@id":"https:\/\/www.hoecker.eu\/blog\/endlich-amtlich-maassen-wechselt-zu-hoecker\/","url":"https:\/\/www.hoecker.eu\/blog\/endlich-amtlich-maassen-wechselt-zu-hoecker\/","name":"Endlich amtlich: Maa\u00dfen wechselt zu H\u00d6CKER. - H\u00d6CKER - der Blog","isPartOf":{"@id":"https:\/\/www.hoecker.eu\/blog\/#website"},"datePublished":"2019-09-30T14:01:30+00:00","dateModified":"2025-02-17T13:56:11+00:00","breadcrumb":{"@id":"https:\/\/www.hoecker.eu\/blog\/endlich-amtlich-maassen-wechselt-zu-hoecker\/#breadcrumb"},"inLanguage":"de","potentialAction":[{"@type":"ReadAction","target":["https:\/\/www.hoecker.eu\/blog\/endlich-amtlich-maassen-wechselt-zu-hoecker\/"]}]},{"@type":"BreadcrumbList","@id":"https:\/\/www.hoecker.eu\/blog\/endlich-amtlich-maassen-wechselt-zu-hoecker\/#breadcrumb","itemListElement":[{"@type":"ListItem","position":1,"name":"Startseite","item":"https:\/\/dev.hoecker.eu\/blog\/"},{"@type":"ListItem","position":2,"name":"Endlich amtlich: Maa\u00dfen wechselt zu H\u00d6CKER."}]},{"@type":"WebSite","@id":"https:\/\/www.hoecker.eu\/blog\/#website","url":"https:\/\/www.hoecker.eu\/blog\/","name":"H\u00d6CKER - der Blog","description":"Expertenblog f\u00fcr \u00c4u\u00dferungs-, Medien-, Marken-, Urheber- und Wettbewerbsrecht.","publisher":{"@id":"https:\/\/www.hoecker.eu\/blog\/#organization"},"potentialAction":[{"@type":"SearchAction","target":{"@type":"EntryPoint","urlTemplate":"https:\/\/www.hoecker.eu\/blog\/?s={search_term_string}"},"query-input":{"@type":"PropertyValueSpecification","valueRequired":true,"valueName":"search_term_string"}}],"inLanguage":"de"},{"@type":"Organization","@id":"https:\/\/www.hoecker.eu\/blog\/#organization","name":"H\u00d6CKER Rechtsanw\u00e4lte PartGmbB","alternateName":"H\u00d6CKER","url":"https:\/\/www.hoecker.eu\/blog\/","logo":{"@type":"ImageObject","inLanguage":"de","@id":"https:\/\/www.hoecker.eu\/blog\/#\/schema\/logo\/image\/","url":"https:\/\/www.hoecker.eu\/blog\/wp-content\/uploads\/2025\/03\/Blog-Logo.webp","contentUrl":"https:\/\/www.hoecker.eu\/blog\/wp-content\/uploads\/2025\/03\/Blog-Logo.webp","width":500,"height":500,"caption":"H\u00d6CKER Rechtsanw\u00e4lte PartGmbB"},"image":{"@id":"https:\/\/www.hoecker.eu\/blog\/#\/schema\/logo\/image\/"},"sameAs":["https:\/\/www.facebook.com\/HoeckerRAe\/","https:\/\/x.com\/hoecker_rae","https:\/\/www.linkedin.com\/company\/hcker-rechtsanwlte\/","https:\/\/www.instagram.com\/hoecker_rae\/"],"email":"contact@hoecker.eu","telephone":"+ 49 (0)221-933 19-10","legalName":"H\u00d6CKER Rechtsanw\u00e4lte PartGmbB","numberOfEmployees":{"@type":"QuantitativeValue","minValue":"11","maxValue":"50"}},{"@type":"Person","@id":"https:\/\/www.hoecker.eu\/blog\/#\/schema\/person\/08f95581eed0534eccd0b2438f7a1cab","name":"Prof. Dr. Ralf H\u00f6cker","description":"Medienanwalt. Besch\u00fctzer vor mieser Presse","sameAs":["https:\/\/www.hoecker.eu\/wer\/prof-dr-ralf-hoecker","https:\/\/www.facebook.com\/ralf.hoecker","https:\/\/www.linkedin.com\/in\/prof-dr-ralf-hcker-ll-m-london-17987826\/","https:\/\/x.com\/Ralf_Hoecker"],"url":"https:\/\/www.hoecker.eu\/blog\/author\/hoecker_adm\/"}]}},"authors":[{"term_id":84,"user_id":1,"is_guest":0,"slug":"hoecker_adm","display_name":"Prof. Dr. Ralf H\u00f6cker","avatar_url":{"url":"https:\/\/www.hoecker.eu\/blog\/wp-content\/uploads\/2023\/12\/ProfDrRalfHoecker.jpg","url2x":"https:\/\/www.hoecker.eu\/blog\/wp-content\/uploads\/2023\/12\/ProfDrRalfHoecker.jpg"},"0":null,"1":"","2":"","3":"","4":"","5":"","6":"","7":"","8":"","9":"","10":"","11":""}],"_links":{"self":[{"href":"https:\/\/www.hoecker.eu\/blog\/wp-json\/wp\/v2\/posts\/8296","targetHints":{"allow":["GET"]}}],"collection":[{"href":"https:\/\/www.hoecker.eu\/blog\/wp-json\/wp\/v2\/posts"}],"about":[{"href":"https:\/\/www.hoecker.eu\/blog\/wp-json\/wp\/v2\/types\/post"}],"author":[{"embeddable":true,"href":"https:\/\/www.hoecker.eu\/blog\/wp-json\/wp\/v2\/users\/1"}],"replies":[{"embeddable":true,"href":"https:\/\/www.hoecker.eu\/blog\/wp-json\/wp\/v2\/comments?post=8296"}],"version-history":[{"count":1,"href":"https:\/\/www.hoecker.eu\/blog\/wp-json\/wp\/v2\/posts\/8296\/revisions"}],"predecessor-version":[{"id":9418,"href":"https:\/\/www.hoecker.eu\/blog\/wp-json\/wp\/v2\/posts\/8296\/revisions\/9418"}],"wp:attachment":[{"href":"https:\/\/www.hoecker.eu\/blog\/wp-json\/wp\/v2\/media?parent=8296"}],"wp:term":[{"taxonomy":"category","embeddable":true,"href":"https:\/\/www.hoecker.eu\/blog\/wp-json\/wp\/v2\/categories?post=8296"},{"taxonomy":"post_tag","embeddable":true,"href":"https:\/\/www.hoecker.eu\/blog\/wp-json\/wp\/v2\/tags?post=8296"},{"taxonomy":"hashtags","embeddable":true,"href":"https:\/\/www.hoecker.eu\/blog\/wp-json\/wp\/v2\/hashtags?post=8296"},{"taxonomy":"author","embeddable":true,"href":"https:\/\/www.hoecker.eu\/blog\/wp-json\/wp\/v2\/ppma_author?post=8296"}],"curies":[{"name":"wp","href":"https:\/\/api.w.org\/{rel}","templated":true}]}}