{"id":8291,"date":"2019-12-04T13:34:00","date_gmt":"2019-12-04T12:34:00","guid":{"rendered":"https:\/\/www.hoecker.eu\/blog\/erfolgreicher-loeschungsanspruch-gegen-jameda-olg-koeln-verbietet-die-datenverarbeitung-von-aerzten-mit-basis-profilen\/"},"modified":"2025-02-17T14:56:08","modified_gmt":"2025-02-17T13:56:08","slug":"erfolgreicher-loeschungsanspruch-gegen-jameda-olg-koeln-verbietet-die-datenverarbeitung-von-aerzten-mit-basis-profilen","status":"publish","type":"post","link":"https:\/\/www.hoecker.eu\/blog\/erfolgreicher-loeschungsanspruch-gegen-jameda-olg-koeln-verbietet-die-datenverarbeitung-von-aerzten-mit-basis-profilen\/","title":{"rendered":"Erfolgreicher L\u00f6schungsanspruch gegen Jameda: OLG K\u00f6ln verbietet die Datenverarbeitung von \u00c4rzten mit \u201eBasis-Profilen\u201c."},"content":{"rendered":"<p>Das Oberlandesgericht K\u00f6ln hat zwei Zahn\u00e4rzten Recht gegeben, die auf L\u00f6schung ihres sogenannten \u201eBasis-Profils\u201c bei dem Bewertungsportal Jameda geklagt hatten (Urt. v. 14.11.2019, Az: 15 U 126\/29 und Az: 15 U 89\/19, n.rkr.).\n<\/p>\n<p>Das Oberlandesgericht erkannte damit den auf \u00a7 17 Abs. 1 lit. d) DSGVO gest\u00fctzten datenschutzrechtlichen L\u00f6schungsanspruch an, den bereits das Landgericht Bonn in der ersten Instanz zugesprochen hatte (<a href=\"{entry:1313:url||https:\/\/www.hoecker.eu\/news\/jameda-zwangslistung-nicht-rechtens}\">Urt. v. 28.03.2019, Az: 18 O 143\/18 und Urt. v. 29.03.2019, Az: 9 O 157\/18<\/a>). Im M\u00e4rz 2019 hatte das Landgericht Bonn entschieden, dass ein L\u00f6schungs- und ein Unterlassungsanspruch gegen Jameda aufgrund einer Vielzahl von \u201everdeckten Vorteilen\u201c best\u00fcnde, die Jameda den zahlenden Kunden gegen\u00fcber den nicht-zahlenden \u00c4rzten gew\u00e4hrt hatte.\n<\/p>\n<p>Unter Bezugnahme auf eine Entscheidung des Bundesgerichtshofs aus dem vergangenen Jahr (Urt. v. 20.02.2018, Az: VI ZR 30\/17) best\u00e4tigte das Oberlandesgericht K\u00f6ln nun diesen L\u00f6schungsanspruch hinsichtlich einiger Ungleichbehandlungen bei zahlenden und nicht-zahlenden \u00c4rzten durch Jameda. So beanstandet das Oberlandesgericht, dass nicht-zahlende \u00c4rzte in ihren Profilen den Verweis auf eine Liste mit weiteren \u00c4rzten dulden m\u00fcssten, w\u00e4hrend bei zahlenden \u00c4rzten solche Verweise nicht angezeigt werden und dass auf der entsprechenden Liste zahlende \u00c4rzte im Gegensatz zu ihren nicht-zahlenden Kollegen mit Profilbild dargestellt w\u00fcrden. Au\u00dferdem sei es nicht hinzunehmen, dass in den Profilen der nicht-zahlenden \u00c4rzten Verweise auf Fachartikel von in sachlicher und r\u00e4umlicher Hinsicht konkurrierender Kollegen auftauchen, bei den \u00c4rzten mit bezahlten Profilen dagegen nicht. Auch der Hinweis auf \u00c4rzte mit speziellen Behandlungsgebieten, die sich nur auf den Profilen von nicht-zahlenden \u00c4rzten finden, ist nach Ansicht des Senats unzul\u00e4ssig, soweit es sich um dasselbe Fachgebiet handele.\n<\/p>\n<p>Durch die Entscheidungen des Oberlandesgerichts K\u00f6ln haben die klagenden \u00c4rzte ihr Rechtsschutzziel, n\u00e4mlich die L\u00f6schung des gesamten Profils, erreicht.\n<\/p>\n<p>Nicht gefolgt ist das Oberlandesgericht der Ansicht der Kl\u00e4ger, dass schon allein die generelle M\u00f6glichkeit zur Ausgestaltung des Profils von zahlenden Kunden im Gegensatz zu den \u201eBasis-Profilen\u201c einen verdeckten Vorteil im Sinne der BGH-Rechtsprechung darstelle. Daher wertet Jameda die Entscheidungen als (Teil-)Erfolg f\u00fcr sich, weil nun nur einige wenige Gestaltungselemente ge\u00e4ndert werden m\u00fcssten, um dann, so die Sichtweise von Jameda, die Daten der \u00c4rzte wieder ohne deren Einwilligung nutzen zu d\u00fcrfen.\n<\/p>\n<p>Das OLG hat f\u00fcr beide Seiten die Revision zugelassen, da in der h\u00f6chstrichterlichen Rechtsprechung nicht vollst\u00e4ndig gekl\u00e4rt sei, wann eine Bewertungsplattform die Rolle als \u201aneutrale Informationsmittlerin\u2018 verlasse. Die Verfahren haben daher eine grundlegende Bedeutung f\u00fcr eine Vielzahl k\u00fcnftiger F\u00e4lle.\n<\/p>\n<p>Die klagenden \u00c4rzte haben bereits Revision zum Bundesgerichtshof eingelegt, um den erstinstanzlich zugesprochenen Anspruch auf Unterlassung der generellen ungefragten Zwangslistung doch noch durchzusetzen.<br \/><\/p>\n","protected":false},"excerpt":{"rendered":"<p>Das Oberlandesgericht K\u00f6ln hat zwei Zahn\u00e4rzten Recht gegeben, die auf L\u00f6schung ihres sogenannten \u201eBasis-Profils\u201c bei dem Bewertungsportal Jameda geklagt hatten (Urt. v. 14.11.2019, Az: 15 U 126\/29 und Az: 15 U 89\/19, n.rkr.). Das Oberlandesgericht erkannte damit den auf \u00a7 17 Abs. 1 lit. d) DSGVO gest\u00fctzten datenschutzrechtlichen L\u00f6schungsanspruch an, den bereits das Landgericht Bonn [&hellip;]<\/p>\n","protected":false},"author":1,"featured_media":0,"comment_status":"closed","ping_status":"closed","sticky":false,"template":"","format":"standard","meta":{"_has_post_settings":[],"footnotes":""},"categories":[15],"tags":[],"hashtags":[],"ppma_author":[84],"class_list":["post-8291","post","type-post","status-publish","format-standard","hentry","category-news","author-hoecker_adm"],"yoast_head":"<!-- This site is optimized with the Yoast SEO Premium plugin v25.9 (Yoast SEO v27.0) - https:\/\/yoast.com\/product\/yoast-seo-premium-wordpress\/ -->\n<title>Erfolgreicher L\u00f6schungsanspruch gegen Jameda: OLG K\u00f6ln verbietet die Datenverarbeitung von \u00c4rzten mit \u201eBasis-Profilen\u201c. - H\u00d6CKER - der Blog<\/title>\n<meta name=\"robots\" content=\"index, follow, max-snippet:-1, max-image-preview:large, max-video-preview:-1\" \/>\n<link rel=\"canonical\" href=\"https:\/\/www.hoecker.eu\/blog\/erfolgreicher-loeschungsanspruch-gegen-jameda-olg-koeln-verbietet-die-datenverarbeitung-von-aerzten-mit-basis-profilen\/\" \/>\n<meta property=\"og:locale\" content=\"de_DE\" \/>\n<meta property=\"og:type\" content=\"article\" \/>\n<meta property=\"og:title\" content=\"Erfolgreicher L\u00f6schungsanspruch gegen Jameda: OLG K\u00f6ln verbietet die Datenverarbeitung von \u00c4rzten mit \u201eBasis-Profilen\u201c.\" \/>\n<meta property=\"og:description\" content=\"Das Oberlandesgericht K\u00f6ln hat zwei Zahn\u00e4rzten Recht gegeben, die auf L\u00f6schung ihres sogenannten \u201eBasis-Profils\u201c bei dem Bewertungsportal Jameda geklagt hatten (Urt. v. 14.11.2019, Az: 15 U 126\/29 und Az: 15 U 89\/19, n.rkr.). Das Oberlandesgericht erkannte damit den auf \u00a7 17 Abs. 1 lit. d) DSGVO gest\u00fctzten datenschutzrechtlichen L\u00f6schungsanspruch an, den bereits das Landgericht Bonn [&hellip;]\" \/>\n<meta property=\"og:url\" content=\"https:\/\/www.hoecker.eu\/blog\/erfolgreicher-loeschungsanspruch-gegen-jameda-olg-koeln-verbietet-die-datenverarbeitung-von-aerzten-mit-basis-profilen\/\" \/>\n<meta property=\"og:site_name\" content=\"H\u00d6CKER - der Blog\" \/>\n<meta property=\"article:publisher\" content=\"https:\/\/www.facebook.com\/HoeckerRAe\/\" \/>\n<meta property=\"article:author\" content=\"https:\/\/www.facebook.com\/ralf.hoecker\" \/>\n<meta property=\"article:published_time\" content=\"2019-12-04T12:34:00+00:00\" \/>\n<meta property=\"article:modified_time\" content=\"2025-02-17T13:56:08+00:00\" \/>\n<meta name=\"author\" content=\"Prof. Dr. Ralf H\u00f6cker\" \/>\n<meta name=\"twitter:card\" content=\"summary_large_image\" \/>\n<meta name=\"twitter:creator\" content=\"@Ralf_Hoecker\" \/>\n<meta name=\"twitter:site\" content=\"@hoecker_rae\" \/>\n<meta name=\"twitter:label1\" content=\"Verfasst von\" \/>\n\t<meta name=\"twitter:data1\" content=\"Prof. Dr. Ralf H\u00f6cker\" \/>\n\t<meta name=\"twitter:label2\" content=\"Gesch\u00e4tzte Lesezeit\" \/>\n\t<meta name=\"twitter:data2\" content=\"2\u00a0Minuten\" \/>\n<script type=\"application\/ld+json\" class=\"yoast-schema-graph\">{\"@context\":\"https:\/\/schema.org\",\"@graph\":[{\"@type\":\"Article\",\"@id\":\"https:\/\/www.hoecker.eu\/blog\/erfolgreicher-loeschungsanspruch-gegen-jameda-olg-koeln-verbietet-die-datenverarbeitung-von-aerzten-mit-basis-profilen\/#article\",\"isPartOf\":{\"@id\":\"https:\/\/www.hoecker.eu\/blog\/erfolgreicher-loeschungsanspruch-gegen-jameda-olg-koeln-verbietet-die-datenverarbeitung-von-aerzten-mit-basis-profilen\/\"},\"author\":{\"name\":\"Prof. Dr. Ralf H\u00f6cker\",\"@id\":\"https:\/\/www.hoecker.eu\/blog\/#\/schema\/person\/08f95581eed0534eccd0b2438f7a1cab\"},\"headline\":\"Erfolgreicher L\u00f6schungsanspruch gegen Jameda: OLG K\u00f6ln verbietet die Datenverarbeitung von \u00c4rzten mit \u201eBasis-Profilen\u201c.\",\"datePublished\":\"2019-12-04T12:34:00+00:00\",\"dateModified\":\"2025-02-17T13:56:08+00:00\",\"mainEntityOfPage\":{\"@id\":\"https:\/\/www.hoecker.eu\/blog\/erfolgreicher-loeschungsanspruch-gegen-jameda-olg-koeln-verbietet-die-datenverarbeitung-von-aerzten-mit-basis-profilen\/\"},\"wordCount\":442,\"publisher\":{\"@id\":\"https:\/\/www.hoecker.eu\/blog\/#organization\"},\"articleSection\":[\"News\"],\"inLanguage\":\"de\"},{\"@type\":\"WebPage\",\"@id\":\"https:\/\/www.hoecker.eu\/blog\/erfolgreicher-loeschungsanspruch-gegen-jameda-olg-koeln-verbietet-die-datenverarbeitung-von-aerzten-mit-basis-profilen\/\",\"url\":\"https:\/\/www.hoecker.eu\/blog\/erfolgreicher-loeschungsanspruch-gegen-jameda-olg-koeln-verbietet-die-datenverarbeitung-von-aerzten-mit-basis-profilen\/\",\"name\":\"Erfolgreicher L\u00f6schungsanspruch gegen Jameda: OLG K\u00f6ln verbietet die Datenverarbeitung von \u00c4rzten mit \u201eBasis-Profilen\u201c. - H\u00d6CKER - der Blog\",\"isPartOf\":{\"@id\":\"https:\/\/www.hoecker.eu\/blog\/#website\"},\"datePublished\":\"2019-12-04T12:34:00+00:00\",\"dateModified\":\"2025-02-17T13:56:08+00:00\",\"breadcrumb\":{\"@id\":\"https:\/\/www.hoecker.eu\/blog\/erfolgreicher-loeschungsanspruch-gegen-jameda-olg-koeln-verbietet-die-datenverarbeitung-von-aerzten-mit-basis-profilen\/#breadcrumb\"},\"inLanguage\":\"de\",\"potentialAction\":[{\"@type\":\"ReadAction\",\"target\":[\"https:\/\/www.hoecker.eu\/blog\/erfolgreicher-loeschungsanspruch-gegen-jameda-olg-koeln-verbietet-die-datenverarbeitung-von-aerzten-mit-basis-profilen\/\"]}]},{\"@type\":\"BreadcrumbList\",\"@id\":\"https:\/\/www.hoecker.eu\/blog\/erfolgreicher-loeschungsanspruch-gegen-jameda-olg-koeln-verbietet-die-datenverarbeitung-von-aerzten-mit-basis-profilen\/#breadcrumb\",\"itemListElement\":[{\"@type\":\"ListItem\",\"position\":1,\"name\":\"Startseite\",\"item\":\"https:\/\/dev.hoecker.eu\/blog\/\"},{\"@type\":\"ListItem\",\"position\":2,\"name\":\"Erfolgreicher L\u00f6schungsanspruch gegen Jameda: OLG K\u00f6ln verbietet die Datenverarbeitung von \u00c4rzten mit \u201eBasis-Profilen\u201c.\"}]},{\"@type\":\"WebSite\",\"@id\":\"https:\/\/www.hoecker.eu\/blog\/#website\",\"url\":\"https:\/\/www.hoecker.eu\/blog\/\",\"name\":\"H\u00d6CKER - der Blog\",\"description\":\"Expertenblog f\u00fcr \u00c4u\u00dferungs-, Medien-, Marken-, Urheber- und Wettbewerbsrecht.\",\"publisher\":{\"@id\":\"https:\/\/www.hoecker.eu\/blog\/#organization\"},\"potentialAction\":[{\"@type\":\"SearchAction\",\"target\":{\"@type\":\"EntryPoint\",\"urlTemplate\":\"https:\/\/www.hoecker.eu\/blog\/?s={search_term_string}\"},\"query-input\":{\"@type\":\"PropertyValueSpecification\",\"valueRequired\":true,\"valueName\":\"search_term_string\"}}],\"inLanguage\":\"de\"},{\"@type\":\"Organization\",\"@id\":\"https:\/\/www.hoecker.eu\/blog\/#organization\",\"name\":\"H\u00d6CKER Rechtsanw\u00e4lte PartGmbB\",\"alternateName\":\"H\u00d6CKER\",\"url\":\"https:\/\/www.hoecker.eu\/blog\/\",\"logo\":{\"@type\":\"ImageObject\",\"inLanguage\":\"de\",\"@id\":\"https:\/\/www.hoecker.eu\/blog\/#\/schema\/logo\/image\/\",\"url\":\"https:\/\/www.hoecker.eu\/blog\/wp-content\/uploads\/2025\/03\/Blog-Logo.webp\",\"contentUrl\":\"https:\/\/www.hoecker.eu\/blog\/wp-content\/uploads\/2025\/03\/Blog-Logo.webp\",\"width\":500,\"height\":500,\"caption\":\"H\u00d6CKER Rechtsanw\u00e4lte PartGmbB\"},\"image\":{\"@id\":\"https:\/\/www.hoecker.eu\/blog\/#\/schema\/logo\/image\/\"},\"sameAs\":[\"https:\/\/www.facebook.com\/HoeckerRAe\/\",\"https:\/\/x.com\/hoecker_rae\",\"https:\/\/www.linkedin.com\/company\/hcker-rechtsanwlte\/\",\"https:\/\/www.instagram.com\/hoecker_rae\/\"],\"email\":\"contact@hoecker.eu\",\"telephone\":\"+ 49 (0)221-933 19-10\",\"legalName\":\"H\u00d6CKER Rechtsanw\u00e4lte PartGmbB\",\"numberOfEmployees\":{\"@type\":\"QuantitativeValue\",\"minValue\":\"11\",\"maxValue\":\"50\"}},{\"@type\":\"Person\",\"@id\":\"https:\/\/www.hoecker.eu\/blog\/#\/schema\/person\/08f95581eed0534eccd0b2438f7a1cab\",\"name\":\"Prof. Dr. Ralf H\u00f6cker\",\"description\":\"Medienanwalt. Besch\u00fctzer vor mieser Presse\",\"sameAs\":[\"https:\/\/www.hoecker.eu\/wer\/prof-dr-ralf-hoecker\",\"https:\/\/www.facebook.com\/ralf.hoecker\",\"https:\/\/www.linkedin.com\/in\/prof-dr-ralf-hcker-ll-m-london-17987826\/\",\"https:\/\/x.com\/Ralf_Hoecker\"],\"url\":\"https:\/\/www.hoecker.eu\/blog\/author\/hoecker_adm\/\"}]}<\/script>\n<!-- \/ Yoast SEO Premium plugin. -->","yoast_head_json":{"title":"Erfolgreicher L\u00f6schungsanspruch gegen Jameda: OLG K\u00f6ln verbietet die Datenverarbeitung von \u00c4rzten mit \u201eBasis-Profilen\u201c. - H\u00d6CKER - der Blog","robots":{"index":"index","follow":"follow","max-snippet":"max-snippet:-1","max-image-preview":"max-image-preview:large","max-video-preview":"max-video-preview:-1"},"canonical":"https:\/\/www.hoecker.eu\/blog\/erfolgreicher-loeschungsanspruch-gegen-jameda-olg-koeln-verbietet-die-datenverarbeitung-von-aerzten-mit-basis-profilen\/","og_locale":"de_DE","og_type":"article","og_title":"Erfolgreicher L\u00f6schungsanspruch gegen Jameda: OLG K\u00f6ln verbietet die Datenverarbeitung von \u00c4rzten mit \u201eBasis-Profilen\u201c.","og_description":"Das Oberlandesgericht K\u00f6ln hat zwei Zahn\u00e4rzten Recht gegeben, die auf L\u00f6schung ihres sogenannten \u201eBasis-Profils\u201c bei dem Bewertungsportal Jameda geklagt hatten (Urt. v. 14.11.2019, Az: 15 U 126\/29 und Az: 15 U 89\/19, n.rkr.). Das Oberlandesgericht erkannte damit den auf \u00a7 17 Abs. 1 lit. d) DSGVO gest\u00fctzten datenschutzrechtlichen L\u00f6schungsanspruch an, den bereits das Landgericht Bonn [&hellip;]","og_url":"https:\/\/www.hoecker.eu\/blog\/erfolgreicher-loeschungsanspruch-gegen-jameda-olg-koeln-verbietet-die-datenverarbeitung-von-aerzten-mit-basis-profilen\/","og_site_name":"H\u00d6CKER - der Blog","article_publisher":"https:\/\/www.facebook.com\/HoeckerRAe\/","article_author":"https:\/\/www.facebook.com\/ralf.hoecker","article_published_time":"2019-12-04T12:34:00+00:00","article_modified_time":"2025-02-17T13:56:08+00:00","author":"Prof. Dr. Ralf H\u00f6cker","twitter_card":"summary_large_image","twitter_creator":"@Ralf_Hoecker","twitter_site":"@hoecker_rae","twitter_misc":{"Verfasst von":"Prof. Dr. Ralf H\u00f6cker","Gesch\u00e4tzte Lesezeit":"2\u00a0Minuten"},"schema":{"@context":"https:\/\/schema.org","@graph":[{"@type":"Article","@id":"https:\/\/www.hoecker.eu\/blog\/erfolgreicher-loeschungsanspruch-gegen-jameda-olg-koeln-verbietet-die-datenverarbeitung-von-aerzten-mit-basis-profilen\/#article","isPartOf":{"@id":"https:\/\/www.hoecker.eu\/blog\/erfolgreicher-loeschungsanspruch-gegen-jameda-olg-koeln-verbietet-die-datenverarbeitung-von-aerzten-mit-basis-profilen\/"},"author":{"name":"Prof. Dr. Ralf H\u00f6cker","@id":"https:\/\/www.hoecker.eu\/blog\/#\/schema\/person\/08f95581eed0534eccd0b2438f7a1cab"},"headline":"Erfolgreicher L\u00f6schungsanspruch gegen Jameda: OLG K\u00f6ln verbietet die Datenverarbeitung von \u00c4rzten mit \u201eBasis-Profilen\u201c.","datePublished":"2019-12-04T12:34:00+00:00","dateModified":"2025-02-17T13:56:08+00:00","mainEntityOfPage":{"@id":"https:\/\/www.hoecker.eu\/blog\/erfolgreicher-loeschungsanspruch-gegen-jameda-olg-koeln-verbietet-die-datenverarbeitung-von-aerzten-mit-basis-profilen\/"},"wordCount":442,"publisher":{"@id":"https:\/\/www.hoecker.eu\/blog\/#organization"},"articleSection":["News"],"inLanguage":"de"},{"@type":"WebPage","@id":"https:\/\/www.hoecker.eu\/blog\/erfolgreicher-loeschungsanspruch-gegen-jameda-olg-koeln-verbietet-die-datenverarbeitung-von-aerzten-mit-basis-profilen\/","url":"https:\/\/www.hoecker.eu\/blog\/erfolgreicher-loeschungsanspruch-gegen-jameda-olg-koeln-verbietet-die-datenverarbeitung-von-aerzten-mit-basis-profilen\/","name":"Erfolgreicher L\u00f6schungsanspruch gegen Jameda: OLG K\u00f6ln verbietet die Datenverarbeitung von \u00c4rzten mit \u201eBasis-Profilen\u201c. - H\u00d6CKER - der Blog","isPartOf":{"@id":"https:\/\/www.hoecker.eu\/blog\/#website"},"datePublished":"2019-12-04T12:34:00+00:00","dateModified":"2025-02-17T13:56:08+00:00","breadcrumb":{"@id":"https:\/\/www.hoecker.eu\/blog\/erfolgreicher-loeschungsanspruch-gegen-jameda-olg-koeln-verbietet-die-datenverarbeitung-von-aerzten-mit-basis-profilen\/#breadcrumb"},"inLanguage":"de","potentialAction":[{"@type":"ReadAction","target":["https:\/\/www.hoecker.eu\/blog\/erfolgreicher-loeschungsanspruch-gegen-jameda-olg-koeln-verbietet-die-datenverarbeitung-von-aerzten-mit-basis-profilen\/"]}]},{"@type":"BreadcrumbList","@id":"https:\/\/www.hoecker.eu\/blog\/erfolgreicher-loeschungsanspruch-gegen-jameda-olg-koeln-verbietet-die-datenverarbeitung-von-aerzten-mit-basis-profilen\/#breadcrumb","itemListElement":[{"@type":"ListItem","position":1,"name":"Startseite","item":"https:\/\/dev.hoecker.eu\/blog\/"},{"@type":"ListItem","position":2,"name":"Erfolgreicher L\u00f6schungsanspruch gegen Jameda: OLG K\u00f6ln verbietet die Datenverarbeitung von \u00c4rzten mit \u201eBasis-Profilen\u201c."}]},{"@type":"WebSite","@id":"https:\/\/www.hoecker.eu\/blog\/#website","url":"https:\/\/www.hoecker.eu\/blog\/","name":"H\u00d6CKER - der Blog","description":"Expertenblog f\u00fcr \u00c4u\u00dferungs-, Medien-, Marken-, Urheber- und Wettbewerbsrecht.","publisher":{"@id":"https:\/\/www.hoecker.eu\/blog\/#organization"},"potentialAction":[{"@type":"SearchAction","target":{"@type":"EntryPoint","urlTemplate":"https:\/\/www.hoecker.eu\/blog\/?s={search_term_string}"},"query-input":{"@type":"PropertyValueSpecification","valueRequired":true,"valueName":"search_term_string"}}],"inLanguage":"de"},{"@type":"Organization","@id":"https:\/\/www.hoecker.eu\/blog\/#organization","name":"H\u00d6CKER Rechtsanw\u00e4lte PartGmbB","alternateName":"H\u00d6CKER","url":"https:\/\/www.hoecker.eu\/blog\/","logo":{"@type":"ImageObject","inLanguage":"de","@id":"https:\/\/www.hoecker.eu\/blog\/#\/schema\/logo\/image\/","url":"https:\/\/www.hoecker.eu\/blog\/wp-content\/uploads\/2025\/03\/Blog-Logo.webp","contentUrl":"https:\/\/www.hoecker.eu\/blog\/wp-content\/uploads\/2025\/03\/Blog-Logo.webp","width":500,"height":500,"caption":"H\u00d6CKER Rechtsanw\u00e4lte PartGmbB"},"image":{"@id":"https:\/\/www.hoecker.eu\/blog\/#\/schema\/logo\/image\/"},"sameAs":["https:\/\/www.facebook.com\/HoeckerRAe\/","https:\/\/x.com\/hoecker_rae","https:\/\/www.linkedin.com\/company\/hcker-rechtsanwlte\/","https:\/\/www.instagram.com\/hoecker_rae\/"],"email":"contact@hoecker.eu","telephone":"+ 49 (0)221-933 19-10","legalName":"H\u00d6CKER Rechtsanw\u00e4lte PartGmbB","numberOfEmployees":{"@type":"QuantitativeValue","minValue":"11","maxValue":"50"}},{"@type":"Person","@id":"https:\/\/www.hoecker.eu\/blog\/#\/schema\/person\/08f95581eed0534eccd0b2438f7a1cab","name":"Prof. Dr. Ralf H\u00f6cker","description":"Medienanwalt. Besch\u00fctzer vor mieser Presse","sameAs":["https:\/\/www.hoecker.eu\/wer\/prof-dr-ralf-hoecker","https:\/\/www.facebook.com\/ralf.hoecker","https:\/\/www.linkedin.com\/in\/prof-dr-ralf-hcker-ll-m-london-17987826\/","https:\/\/x.com\/Ralf_Hoecker"],"url":"https:\/\/www.hoecker.eu\/blog\/author\/hoecker_adm\/"}]}},"authors":[{"term_id":84,"user_id":1,"is_guest":0,"slug":"hoecker_adm","display_name":"Prof. Dr. Ralf H\u00f6cker","avatar_url":{"url":"https:\/\/www.hoecker.eu\/blog\/wp-content\/uploads\/2023\/12\/ProfDrRalfHoecker.jpg","url2x":"https:\/\/www.hoecker.eu\/blog\/wp-content\/uploads\/2023\/12\/ProfDrRalfHoecker.jpg"},"0":null,"1":"","2":"","3":"","4":"","5":"","6":"","7":"","8":"","9":"","10":"","11":""}],"_links":{"self":[{"href":"https:\/\/www.hoecker.eu\/blog\/wp-json\/wp\/v2\/posts\/8291","targetHints":{"allow":["GET"]}}],"collection":[{"href":"https:\/\/www.hoecker.eu\/blog\/wp-json\/wp\/v2\/posts"}],"about":[{"href":"https:\/\/www.hoecker.eu\/blog\/wp-json\/wp\/v2\/types\/post"}],"author":[{"embeddable":true,"href":"https:\/\/www.hoecker.eu\/blog\/wp-json\/wp\/v2\/users\/1"}],"replies":[{"embeddable":true,"href":"https:\/\/www.hoecker.eu\/blog\/wp-json\/wp\/v2\/comments?post=8291"}],"version-history":[{"count":1,"href":"https:\/\/www.hoecker.eu\/blog\/wp-json\/wp\/v2\/posts\/8291\/revisions"}],"predecessor-version":[{"id":9413,"href":"https:\/\/www.hoecker.eu\/blog\/wp-json\/wp\/v2\/posts\/8291\/revisions\/9413"}],"wp:attachment":[{"href":"https:\/\/www.hoecker.eu\/blog\/wp-json\/wp\/v2\/media?parent=8291"}],"wp:term":[{"taxonomy":"category","embeddable":true,"href":"https:\/\/www.hoecker.eu\/blog\/wp-json\/wp\/v2\/categories?post=8291"},{"taxonomy":"post_tag","embeddable":true,"href":"https:\/\/www.hoecker.eu\/blog\/wp-json\/wp\/v2\/tags?post=8291"},{"taxonomy":"hashtags","embeddable":true,"href":"https:\/\/www.hoecker.eu\/blog\/wp-json\/wp\/v2\/hashtags?post=8291"},{"taxonomy":"author","embeddable":true,"href":"https:\/\/www.hoecker.eu\/blog\/wp-json\/wp\/v2\/ppma_author?post=8291"}],"curies":[{"name":"wp","href":"https:\/\/api.w.org\/{rel}","templated":true}]}}