{"id":8290,"date":"2019-12-11T11:28:00","date_gmt":"2019-12-11T10:28:00","guid":{"rendered":"https:\/\/www.hoecker.eu\/blog\/jameda-auch-lg-muenchen-i-verbietet-werbung-fuer-premium-kunden-auf-basis-profilen-zwangsgelisteter-aerzte\/"},"modified":"2025-02-17T14:56:07","modified_gmt":"2025-02-17T13:56:07","slug":"jameda-auch-lg-muenchen-i-verbietet-werbung-fuer-premium-kunden-auf-basis-profilen-zwangsgelisteter-aerzte","status":"publish","type":"post","link":"https:\/\/www.hoecker.eu\/blog\/jameda-auch-lg-muenchen-i-verbietet-werbung-fuer-premium-kunden-auf-basis-profilen-zwangsgelisteter-aerzte\/","title":{"rendered":"Jameda: Auch LG M\u00fcnchen I verbietet Werbung f\u00fcr Premium-Kunden auf Basis-Profilen zwangsgelisteter \u00c4rzte."},"content":{"rendered":"<p>Drei \u00c4rzte haben sich vor dem Landgericht M\u00fcnchen erfolgreich gegen die Nutzung ihrer Daten zur Wehr gesetzt. Jameda hatte mit diesen Daten ungefragt sogenannte Basis-Profile der \u00c4rzte angelegt. <a href=\"{entry:1420:url||https:\/\/www.hoecker.eu\/news\/erfolgreicher-l%C3%B6schungsanspruch-gegen-jameda-olg-k%C3%B6ln-verbietet-verarbeitung-von-daten-von-%C3%A4rzten-mit-basis-profilen}\" target=\"_blank\" rel=\"noreferrer noopener\">Wie schon das Oberlandesgericht K\u00f6ln in Parallelverfahren feststellte<\/a>, best\u00e4tigte nun auch das Landgericht M\u00fcnchen I in seinen Urteilen vom 06.12.2019, dass die konkrete Ausgestaltung des Arztbewertungsportals Jameda unzul\u00e4ssig ist (Az: 25 O 13978, 25 O 13979 und 25 O 13980, n.rkr.).\n<\/p>\n<p>Eine Zustimmung zur Nutzung der Daten und zum Anlegen eines Profils hatten die \u00c4rzte nicht erteilt. Daher kam es darauf an, ob das Bewertungsportal als \u201eneutraler Informationsmittler\u201c im Sinne der BGH-Rechtsprechung (Urt. v. 20.2.2018, Az: VI ZR 30\/17) angesehen werden kann. Denn nur dann w\u00e4re eine Datennutzung ohne Zustimmung des Arztes zul\u00e4ssig.\n<\/p>\n<p>Da jedoch in den Basis-Profilen zwangsgelisteter \u00c4rzte auch Fachartikel von zahlenden \u00c4rzten eingestellt und auf deren jeweiliges Profil verlinkt wurde, verl\u00e4sst das Portal nach Ansicht des Gerichts die Rolle des neutralen Informationsmittlers. Vielmehr werden die Basisprofile als Werbeplattform f\u00fcr die sogenannten Premiumkunden benutzt. Das Portal dient damit nicht mehr allein dem Informationsaustausch zwischen (potentiellen) Patienten. Weil f\u00fcr den Patienten diese Vorteilsgew\u00e4hrung f\u00fcr zahlende Kollegen zu Lasten der nicht-zahlenden \u00c4rzte nicht erkennbar sei, k\u00f6nne sich der Portalbetreiber mangels eigener journalistischer Bet\u00e4tigung nicht auf das Medienprivileg berufen, so das Landgericht.\n<\/p>\n<p>Weitere von den Kl\u00e4gern angegriffene Gestaltungsmerkmale, wie z.B. die zahlreichen M\u00f6glichkeiten f\u00fcr zahlende Kunden, das eigene Profil ansprechend mit Bildern und Texten zu best\u00fccken, hielt das Gericht dagegen (noch) f\u00fcr unzul\u00e4ssig. Dies werden die klagenden \u00c4rzte jedoch nicht akzeptieren und insoweit Berufung zum Oberlandesgericht M\u00fcnchen einlegen.\n<\/p>\n<p>Zur Pressemitteilung des LG M\u00fcnchen geht es hier: <a href=\"https:\/\/www.justiz.bayern.de\/gerichte-und-behoerden\/landgericht\/muenchen-1\/presse\/2019\/17.php\" target=\"_blank\" rel=\"noreferrer noopener\">Jameda: Werbung von Basiskunden f\u00fcr Premiumkunden unzul\u00e4ssig.<\/a><\/p>\n","protected":false},"excerpt":{"rendered":"<p>Drei \u00c4rzte haben sich vor dem Landgericht M\u00fcnchen erfolgreich gegen die Nutzung ihrer Daten zur Wehr gesetzt. Jameda hatte mit diesen Daten ungefragt sogenannte Basis-Profile der \u00c4rzte angelegt. Wie schon das Oberlandesgericht K\u00f6ln in Parallelverfahren feststellte, best\u00e4tigte nun auch das Landgericht M\u00fcnchen I in seinen Urteilen vom 06.12.2019, dass die konkrete Ausgestaltung des Arztbewertungsportals Jameda [&hellip;]<\/p>\n","protected":false},"author":1,"featured_media":0,"comment_status":"closed","ping_status":"closed","sticky":false,"template":"","format":"standard","meta":{"_has_post_settings":[],"footnotes":""},"categories":[15],"tags":[],"hashtags":[],"ppma_author":[84],"class_list":["post-8290","post","type-post","status-publish","format-standard","hentry","category-news","author-hoecker_adm"],"yoast_head":"<!-- This site is optimized with the Yoast SEO Premium plugin v25.9 (Yoast SEO v27.0) - https:\/\/yoast.com\/product\/yoast-seo-premium-wordpress\/ -->\n<title>Jameda: Auch LG M\u00fcnchen I verbietet Werbung f\u00fcr Premium-Kunden auf Basis-Profilen zwangsgelisteter \u00c4rzte. - H\u00d6CKER - der Blog<\/title>\n<meta name=\"robots\" content=\"index, follow, max-snippet:-1, max-image-preview:large, max-video-preview:-1\" \/>\n<link rel=\"canonical\" href=\"https:\/\/www.hoecker.eu\/blog\/jameda-auch-lg-muenchen-i-verbietet-werbung-fuer-premium-kunden-auf-basis-profilen-zwangsgelisteter-aerzte\/\" \/>\n<meta property=\"og:locale\" content=\"de_DE\" \/>\n<meta property=\"og:type\" content=\"article\" \/>\n<meta property=\"og:title\" content=\"Jameda: Auch LG M\u00fcnchen I verbietet Werbung f\u00fcr Premium-Kunden auf Basis-Profilen zwangsgelisteter \u00c4rzte.\" \/>\n<meta property=\"og:description\" content=\"Drei \u00c4rzte haben sich vor dem Landgericht M\u00fcnchen erfolgreich gegen die Nutzung ihrer Daten zur Wehr gesetzt. Jameda hatte mit diesen Daten ungefragt sogenannte Basis-Profile der \u00c4rzte angelegt. Wie schon das Oberlandesgericht K\u00f6ln in Parallelverfahren feststellte, best\u00e4tigte nun auch das Landgericht M\u00fcnchen I in seinen Urteilen vom 06.12.2019, dass die konkrete Ausgestaltung des Arztbewertungsportals Jameda [&hellip;]\" \/>\n<meta property=\"og:url\" content=\"https:\/\/www.hoecker.eu\/blog\/jameda-auch-lg-muenchen-i-verbietet-werbung-fuer-premium-kunden-auf-basis-profilen-zwangsgelisteter-aerzte\/\" \/>\n<meta property=\"og:site_name\" content=\"H\u00d6CKER - der Blog\" \/>\n<meta property=\"article:publisher\" content=\"https:\/\/www.facebook.com\/HoeckerRAe\/\" \/>\n<meta property=\"article:author\" content=\"https:\/\/www.facebook.com\/ralf.hoecker\" \/>\n<meta property=\"article:published_time\" content=\"2019-12-11T10:28:00+00:00\" \/>\n<meta property=\"article:modified_time\" content=\"2025-02-17T13:56:07+00:00\" \/>\n<meta name=\"author\" content=\"Prof. Dr. Ralf H\u00f6cker\" \/>\n<meta name=\"twitter:card\" content=\"summary_large_image\" \/>\n<meta name=\"twitter:creator\" content=\"@Ralf_Hoecker\" \/>\n<meta name=\"twitter:site\" content=\"@hoecker_rae\" \/>\n<meta name=\"twitter:label1\" content=\"Verfasst von\" \/>\n\t<meta name=\"twitter:data1\" content=\"Prof. Dr. Ralf H\u00f6cker\" \/>\n\t<meta name=\"twitter:label2\" content=\"Gesch\u00e4tzte Lesezeit\" \/>\n\t<meta name=\"twitter:data2\" content=\"1\u00a0Minute\" \/>\n<script type=\"application\/ld+json\" class=\"yoast-schema-graph\">{\"@context\":\"https:\/\/schema.org\",\"@graph\":[{\"@type\":\"Article\",\"@id\":\"https:\/\/www.hoecker.eu\/blog\/jameda-auch-lg-muenchen-i-verbietet-werbung-fuer-premium-kunden-auf-basis-profilen-zwangsgelisteter-aerzte\/#article\",\"isPartOf\":{\"@id\":\"https:\/\/www.hoecker.eu\/blog\/jameda-auch-lg-muenchen-i-verbietet-werbung-fuer-premium-kunden-auf-basis-profilen-zwangsgelisteter-aerzte\/\"},\"author\":{\"name\":\"Prof. Dr. Ralf H\u00f6cker\",\"@id\":\"https:\/\/www.hoecker.eu\/blog\/#\/schema\/person\/08f95581eed0534eccd0b2438f7a1cab\"},\"headline\":\"Jameda: Auch LG M\u00fcnchen I verbietet Werbung f\u00fcr Premium-Kunden auf Basis-Profilen zwangsgelisteter \u00c4rzte.\",\"datePublished\":\"2019-12-11T10:28:00+00:00\",\"dateModified\":\"2025-02-17T13:56:07+00:00\",\"mainEntityOfPage\":{\"@id\":\"https:\/\/www.hoecker.eu\/blog\/jameda-auch-lg-muenchen-i-verbietet-werbung-fuer-premium-kunden-auf-basis-profilen-zwangsgelisteter-aerzte\/\"},\"wordCount\":302,\"publisher\":{\"@id\":\"https:\/\/www.hoecker.eu\/blog\/#organization\"},\"articleSection\":[\"News\"],\"inLanguage\":\"de\"},{\"@type\":\"WebPage\",\"@id\":\"https:\/\/www.hoecker.eu\/blog\/jameda-auch-lg-muenchen-i-verbietet-werbung-fuer-premium-kunden-auf-basis-profilen-zwangsgelisteter-aerzte\/\",\"url\":\"https:\/\/www.hoecker.eu\/blog\/jameda-auch-lg-muenchen-i-verbietet-werbung-fuer-premium-kunden-auf-basis-profilen-zwangsgelisteter-aerzte\/\",\"name\":\"Jameda: Auch LG M\u00fcnchen I verbietet Werbung f\u00fcr Premium-Kunden auf Basis-Profilen zwangsgelisteter \u00c4rzte. - H\u00d6CKER - der Blog\",\"isPartOf\":{\"@id\":\"https:\/\/www.hoecker.eu\/blog\/#website\"},\"datePublished\":\"2019-12-11T10:28:00+00:00\",\"dateModified\":\"2025-02-17T13:56:07+00:00\",\"breadcrumb\":{\"@id\":\"https:\/\/www.hoecker.eu\/blog\/jameda-auch-lg-muenchen-i-verbietet-werbung-fuer-premium-kunden-auf-basis-profilen-zwangsgelisteter-aerzte\/#breadcrumb\"},\"inLanguage\":\"de\",\"potentialAction\":[{\"@type\":\"ReadAction\",\"target\":[\"https:\/\/www.hoecker.eu\/blog\/jameda-auch-lg-muenchen-i-verbietet-werbung-fuer-premium-kunden-auf-basis-profilen-zwangsgelisteter-aerzte\/\"]}]},{\"@type\":\"BreadcrumbList\",\"@id\":\"https:\/\/www.hoecker.eu\/blog\/jameda-auch-lg-muenchen-i-verbietet-werbung-fuer-premium-kunden-auf-basis-profilen-zwangsgelisteter-aerzte\/#breadcrumb\",\"itemListElement\":[{\"@type\":\"ListItem\",\"position\":1,\"name\":\"Startseite\",\"item\":\"https:\/\/dev.hoecker.eu\/blog\/\"},{\"@type\":\"ListItem\",\"position\":2,\"name\":\"Jameda: Auch LG M\u00fcnchen I verbietet Werbung f\u00fcr Premium-Kunden auf Basis-Profilen zwangsgelisteter \u00c4rzte.\"}]},{\"@type\":\"WebSite\",\"@id\":\"https:\/\/www.hoecker.eu\/blog\/#website\",\"url\":\"https:\/\/www.hoecker.eu\/blog\/\",\"name\":\"H\u00d6CKER - der Blog\",\"description\":\"Expertenblog f\u00fcr \u00c4u\u00dferungs-, Medien-, Marken-, Urheber- und Wettbewerbsrecht.\",\"publisher\":{\"@id\":\"https:\/\/www.hoecker.eu\/blog\/#organization\"},\"potentialAction\":[{\"@type\":\"SearchAction\",\"target\":{\"@type\":\"EntryPoint\",\"urlTemplate\":\"https:\/\/www.hoecker.eu\/blog\/?s={search_term_string}\"},\"query-input\":{\"@type\":\"PropertyValueSpecification\",\"valueRequired\":true,\"valueName\":\"search_term_string\"}}],\"inLanguage\":\"de\"},{\"@type\":\"Organization\",\"@id\":\"https:\/\/www.hoecker.eu\/blog\/#organization\",\"name\":\"H\u00d6CKER Rechtsanw\u00e4lte PartGmbB\",\"alternateName\":\"H\u00d6CKER\",\"url\":\"https:\/\/www.hoecker.eu\/blog\/\",\"logo\":{\"@type\":\"ImageObject\",\"inLanguage\":\"de\",\"@id\":\"https:\/\/www.hoecker.eu\/blog\/#\/schema\/logo\/image\/\",\"url\":\"https:\/\/www.hoecker.eu\/blog\/wp-content\/uploads\/2025\/03\/Blog-Logo.webp\",\"contentUrl\":\"https:\/\/www.hoecker.eu\/blog\/wp-content\/uploads\/2025\/03\/Blog-Logo.webp\",\"width\":500,\"height\":500,\"caption\":\"H\u00d6CKER Rechtsanw\u00e4lte PartGmbB\"},\"image\":{\"@id\":\"https:\/\/www.hoecker.eu\/blog\/#\/schema\/logo\/image\/\"},\"sameAs\":[\"https:\/\/www.facebook.com\/HoeckerRAe\/\",\"https:\/\/x.com\/hoecker_rae\",\"https:\/\/www.linkedin.com\/company\/hcker-rechtsanwlte\/\",\"https:\/\/www.instagram.com\/hoecker_rae\/\"],\"email\":\"contact@hoecker.eu\",\"telephone\":\"+ 49 (0)221-933 19-10\",\"legalName\":\"H\u00d6CKER Rechtsanw\u00e4lte PartGmbB\",\"numberOfEmployees\":{\"@type\":\"QuantitativeValue\",\"minValue\":\"11\",\"maxValue\":\"50\"}},{\"@type\":\"Person\",\"@id\":\"https:\/\/www.hoecker.eu\/blog\/#\/schema\/person\/08f95581eed0534eccd0b2438f7a1cab\",\"name\":\"Prof. Dr. Ralf H\u00f6cker\",\"description\":\"Medienanwalt. Besch\u00fctzer vor mieser Presse\",\"sameAs\":[\"https:\/\/www.hoecker.eu\/wer\/prof-dr-ralf-hoecker\",\"https:\/\/www.facebook.com\/ralf.hoecker\",\"https:\/\/www.linkedin.com\/in\/prof-dr-ralf-hcker-ll-m-london-17987826\/\",\"https:\/\/x.com\/Ralf_Hoecker\"],\"url\":\"https:\/\/www.hoecker.eu\/blog\/author\/hoecker_adm\/\"}]}<\/script>\n<!-- \/ Yoast SEO Premium plugin. -->","yoast_head_json":{"title":"Jameda: Auch LG M\u00fcnchen I verbietet Werbung f\u00fcr Premium-Kunden auf Basis-Profilen zwangsgelisteter \u00c4rzte. - H\u00d6CKER - der Blog","robots":{"index":"index","follow":"follow","max-snippet":"max-snippet:-1","max-image-preview":"max-image-preview:large","max-video-preview":"max-video-preview:-1"},"canonical":"https:\/\/www.hoecker.eu\/blog\/jameda-auch-lg-muenchen-i-verbietet-werbung-fuer-premium-kunden-auf-basis-profilen-zwangsgelisteter-aerzte\/","og_locale":"de_DE","og_type":"article","og_title":"Jameda: Auch LG M\u00fcnchen I verbietet Werbung f\u00fcr Premium-Kunden auf Basis-Profilen zwangsgelisteter \u00c4rzte.","og_description":"Drei \u00c4rzte haben sich vor dem Landgericht M\u00fcnchen erfolgreich gegen die Nutzung ihrer Daten zur Wehr gesetzt. Jameda hatte mit diesen Daten ungefragt sogenannte Basis-Profile der \u00c4rzte angelegt. Wie schon das Oberlandesgericht K\u00f6ln in Parallelverfahren feststellte, best\u00e4tigte nun auch das Landgericht M\u00fcnchen I in seinen Urteilen vom 06.12.2019, dass die konkrete Ausgestaltung des Arztbewertungsportals Jameda [&hellip;]","og_url":"https:\/\/www.hoecker.eu\/blog\/jameda-auch-lg-muenchen-i-verbietet-werbung-fuer-premium-kunden-auf-basis-profilen-zwangsgelisteter-aerzte\/","og_site_name":"H\u00d6CKER - der Blog","article_publisher":"https:\/\/www.facebook.com\/HoeckerRAe\/","article_author":"https:\/\/www.facebook.com\/ralf.hoecker","article_published_time":"2019-12-11T10:28:00+00:00","article_modified_time":"2025-02-17T13:56:07+00:00","author":"Prof. Dr. Ralf H\u00f6cker","twitter_card":"summary_large_image","twitter_creator":"@Ralf_Hoecker","twitter_site":"@hoecker_rae","twitter_misc":{"Verfasst von":"Prof. Dr. Ralf H\u00f6cker","Gesch\u00e4tzte Lesezeit":"1\u00a0Minute"},"schema":{"@context":"https:\/\/schema.org","@graph":[{"@type":"Article","@id":"https:\/\/www.hoecker.eu\/blog\/jameda-auch-lg-muenchen-i-verbietet-werbung-fuer-premium-kunden-auf-basis-profilen-zwangsgelisteter-aerzte\/#article","isPartOf":{"@id":"https:\/\/www.hoecker.eu\/blog\/jameda-auch-lg-muenchen-i-verbietet-werbung-fuer-premium-kunden-auf-basis-profilen-zwangsgelisteter-aerzte\/"},"author":{"name":"Prof. Dr. Ralf H\u00f6cker","@id":"https:\/\/www.hoecker.eu\/blog\/#\/schema\/person\/08f95581eed0534eccd0b2438f7a1cab"},"headline":"Jameda: Auch LG M\u00fcnchen I verbietet Werbung f\u00fcr Premium-Kunden auf Basis-Profilen zwangsgelisteter \u00c4rzte.","datePublished":"2019-12-11T10:28:00+00:00","dateModified":"2025-02-17T13:56:07+00:00","mainEntityOfPage":{"@id":"https:\/\/www.hoecker.eu\/blog\/jameda-auch-lg-muenchen-i-verbietet-werbung-fuer-premium-kunden-auf-basis-profilen-zwangsgelisteter-aerzte\/"},"wordCount":302,"publisher":{"@id":"https:\/\/www.hoecker.eu\/blog\/#organization"},"articleSection":["News"],"inLanguage":"de"},{"@type":"WebPage","@id":"https:\/\/www.hoecker.eu\/blog\/jameda-auch-lg-muenchen-i-verbietet-werbung-fuer-premium-kunden-auf-basis-profilen-zwangsgelisteter-aerzte\/","url":"https:\/\/www.hoecker.eu\/blog\/jameda-auch-lg-muenchen-i-verbietet-werbung-fuer-premium-kunden-auf-basis-profilen-zwangsgelisteter-aerzte\/","name":"Jameda: Auch LG M\u00fcnchen I verbietet Werbung f\u00fcr Premium-Kunden auf Basis-Profilen zwangsgelisteter \u00c4rzte. - H\u00d6CKER - der Blog","isPartOf":{"@id":"https:\/\/www.hoecker.eu\/blog\/#website"},"datePublished":"2019-12-11T10:28:00+00:00","dateModified":"2025-02-17T13:56:07+00:00","breadcrumb":{"@id":"https:\/\/www.hoecker.eu\/blog\/jameda-auch-lg-muenchen-i-verbietet-werbung-fuer-premium-kunden-auf-basis-profilen-zwangsgelisteter-aerzte\/#breadcrumb"},"inLanguage":"de","potentialAction":[{"@type":"ReadAction","target":["https:\/\/www.hoecker.eu\/blog\/jameda-auch-lg-muenchen-i-verbietet-werbung-fuer-premium-kunden-auf-basis-profilen-zwangsgelisteter-aerzte\/"]}]},{"@type":"BreadcrumbList","@id":"https:\/\/www.hoecker.eu\/blog\/jameda-auch-lg-muenchen-i-verbietet-werbung-fuer-premium-kunden-auf-basis-profilen-zwangsgelisteter-aerzte\/#breadcrumb","itemListElement":[{"@type":"ListItem","position":1,"name":"Startseite","item":"https:\/\/dev.hoecker.eu\/blog\/"},{"@type":"ListItem","position":2,"name":"Jameda: Auch LG M\u00fcnchen I verbietet Werbung f\u00fcr Premium-Kunden auf Basis-Profilen zwangsgelisteter \u00c4rzte."}]},{"@type":"WebSite","@id":"https:\/\/www.hoecker.eu\/blog\/#website","url":"https:\/\/www.hoecker.eu\/blog\/","name":"H\u00d6CKER - der Blog","description":"Expertenblog f\u00fcr \u00c4u\u00dferungs-, Medien-, Marken-, Urheber- und Wettbewerbsrecht.","publisher":{"@id":"https:\/\/www.hoecker.eu\/blog\/#organization"},"potentialAction":[{"@type":"SearchAction","target":{"@type":"EntryPoint","urlTemplate":"https:\/\/www.hoecker.eu\/blog\/?s={search_term_string}"},"query-input":{"@type":"PropertyValueSpecification","valueRequired":true,"valueName":"search_term_string"}}],"inLanguage":"de"},{"@type":"Organization","@id":"https:\/\/www.hoecker.eu\/blog\/#organization","name":"H\u00d6CKER Rechtsanw\u00e4lte PartGmbB","alternateName":"H\u00d6CKER","url":"https:\/\/www.hoecker.eu\/blog\/","logo":{"@type":"ImageObject","inLanguage":"de","@id":"https:\/\/www.hoecker.eu\/blog\/#\/schema\/logo\/image\/","url":"https:\/\/www.hoecker.eu\/blog\/wp-content\/uploads\/2025\/03\/Blog-Logo.webp","contentUrl":"https:\/\/www.hoecker.eu\/blog\/wp-content\/uploads\/2025\/03\/Blog-Logo.webp","width":500,"height":500,"caption":"H\u00d6CKER Rechtsanw\u00e4lte PartGmbB"},"image":{"@id":"https:\/\/www.hoecker.eu\/blog\/#\/schema\/logo\/image\/"},"sameAs":["https:\/\/www.facebook.com\/HoeckerRAe\/","https:\/\/x.com\/hoecker_rae","https:\/\/www.linkedin.com\/company\/hcker-rechtsanwlte\/","https:\/\/www.instagram.com\/hoecker_rae\/"],"email":"contact@hoecker.eu","telephone":"+ 49 (0)221-933 19-10","legalName":"H\u00d6CKER Rechtsanw\u00e4lte PartGmbB","numberOfEmployees":{"@type":"QuantitativeValue","minValue":"11","maxValue":"50"}},{"@type":"Person","@id":"https:\/\/www.hoecker.eu\/blog\/#\/schema\/person\/08f95581eed0534eccd0b2438f7a1cab","name":"Prof. Dr. Ralf H\u00f6cker","description":"Medienanwalt. Besch\u00fctzer vor mieser Presse","sameAs":["https:\/\/www.hoecker.eu\/wer\/prof-dr-ralf-hoecker","https:\/\/www.facebook.com\/ralf.hoecker","https:\/\/www.linkedin.com\/in\/prof-dr-ralf-hcker-ll-m-london-17987826\/","https:\/\/x.com\/Ralf_Hoecker"],"url":"https:\/\/www.hoecker.eu\/blog\/author\/hoecker_adm\/"}]}},"authors":[{"term_id":84,"user_id":1,"is_guest":0,"slug":"hoecker_adm","display_name":"Prof. Dr. Ralf H\u00f6cker","avatar_url":{"url":"https:\/\/www.hoecker.eu\/blog\/wp-content\/uploads\/2023\/12\/ProfDrRalfHoecker.jpg","url2x":"https:\/\/www.hoecker.eu\/blog\/wp-content\/uploads\/2023\/12\/ProfDrRalfHoecker.jpg"},"0":null,"1":"","2":"","3":"","4":"","5":"","6":"","7":"","8":"","9":"","10":"","11":""}],"_links":{"self":[{"href":"https:\/\/www.hoecker.eu\/blog\/wp-json\/wp\/v2\/posts\/8290","targetHints":{"allow":["GET"]}}],"collection":[{"href":"https:\/\/www.hoecker.eu\/blog\/wp-json\/wp\/v2\/posts"}],"about":[{"href":"https:\/\/www.hoecker.eu\/blog\/wp-json\/wp\/v2\/types\/post"}],"author":[{"embeddable":true,"href":"https:\/\/www.hoecker.eu\/blog\/wp-json\/wp\/v2\/users\/1"}],"replies":[{"embeddable":true,"href":"https:\/\/www.hoecker.eu\/blog\/wp-json\/wp\/v2\/comments?post=8290"}],"version-history":[{"count":1,"href":"https:\/\/www.hoecker.eu\/blog\/wp-json\/wp\/v2\/posts\/8290\/revisions"}],"predecessor-version":[{"id":9412,"href":"https:\/\/www.hoecker.eu\/blog\/wp-json\/wp\/v2\/posts\/8290\/revisions\/9412"}],"wp:attachment":[{"href":"https:\/\/www.hoecker.eu\/blog\/wp-json\/wp\/v2\/media?parent=8290"}],"wp:term":[{"taxonomy":"category","embeddable":true,"href":"https:\/\/www.hoecker.eu\/blog\/wp-json\/wp\/v2\/categories?post=8290"},{"taxonomy":"post_tag","embeddable":true,"href":"https:\/\/www.hoecker.eu\/blog\/wp-json\/wp\/v2\/tags?post=8290"},{"taxonomy":"hashtags","embeddable":true,"href":"https:\/\/www.hoecker.eu\/blog\/wp-json\/wp\/v2\/hashtags?post=8290"},{"taxonomy":"author","embeddable":true,"href":"https:\/\/www.hoecker.eu\/blog\/wp-json\/wp\/v2\/ppma_author?post=8290"}],"curies":[{"name":"wp","href":"https:\/\/api.w.org\/{rel}","templated":true}]}}