{"id":8289,"date":"2019-12-12T17:20:50","date_gmt":"2019-12-12T16:20:50","guid":{"rendered":"https:\/\/www.hoecker.eu\/blog\/schornsteinfeger-mit-pechstraehne-konkurrent-durfte-sich-wegen-mutmasslichen-missstaenden-an-ordnungsbehoerde-wenden\/"},"modified":"2025-02-17T14:56:07","modified_gmt":"2025-02-17T13:56:07","slug":"schornsteinfeger-mit-pechstraehne-konkurrent-durfte-sich-wegen-mutmasslichen-missstaenden-an-ordnungsbehoerde-wenden","status":"publish","type":"post","link":"https:\/\/www.hoecker.eu\/blog\/schornsteinfeger-mit-pechstraehne-konkurrent-durfte-sich-wegen-mutmasslichen-missstaenden-an-ordnungsbehoerde-wenden\/","title":{"rendered":"Schornsteinfeger mit Pechstr\u00e4hne: Konkurrent durfte sich wegen mutma\u00dflichen Missst\u00e4nden an Ordnungsbeh\u00f6rde wenden."},"content":{"rendered":"<p>Anfang des Jahres hatte ein Schornsteinfeger noch Gl\u00fcck und erwirkte im zweiten Anlauf eine einstweilige Verf\u00fcgung gegen einen Wettbewerber. Doch seit dem verfolgt ihn das Pech: Zun\u00e4chst verteilte er Kopien der einstweiligen Verf\u00fcgung zusammen mit einem herabsetzenden Anschreiben an Kunden des Wettbewerbers, worauf dieser seinerseits einer einstweilige Verf\u00fcgung gegen den Schornsteinfeger erwirkte (siehe Pressemitteilung vom 22.5.2019: <a href=\"https:\/\/www.hoecker.eu\/news\/schornsteinfeger-ohne-gl\u00fcck-urteil-darf-nicht-verteilt-werden\"><\/a><a href=\"{entry:1304:url}\">https:\/\/www.hoecker.eu\/news\/schornsteinfeger-ohne-gl\u00fcck-urteil-darf-nicht-verteilt-werden<\/a>).<\/p>\n<p>Nun gab es die zweite gerichtliche Niederlage f\u00fcr den Schornsteinfeger: Der Wettbewerber hatte im Auftrag der Ordnungsbeh\u00f6rden die Arbeiten des Schornsteinfegers begutachtet und stellte mutma\u00dfliche Unregelm\u00e4\u00dfigkeiten fest, woraufhin die Ordnungsbeh\u00f6rde ein Verfahren gegen den Schornsteinfeger einleitete. Dieser versuchte nun, den Wettbewerber mundtot zu machen und es diesem mit einer einstweiligen Verf\u00fcgung zu verbieten, seine Erkenntnisse der Ordnungsbeh\u00f6rde mitzuteilen.<\/p>\n<p>Der Wettbewerber wehrte sich aber erfolgreich mit H\u00d6CKER dagegen. Das Landgericht K\u00f6ln wies den Antrag des Schornsteinfegers zur\u00fcck (Beschl. v. 11.11.2019, Az. 31 O 271\/19, n.rkr.). Die Richter stellten fest, dass dem Schornsteinfeger bereits das Rechtsschutzbed\u00fcrfnis f\u00fcr den gerichtlichen Antrag fehle. Sein Interesse, die \u00c4u\u00dferungen des Wettbewerbers einer gerichtlichen Pr\u00fcfung unterziehen zu lassen, sei nicht schutzw\u00fcrdig, weil diese \u00c4u\u00dferungen Gegenstand eines gegen den Schornsteinfeger gef\u00fchrten Verwaltungsverfahrens seien. Dieses Verwaltungsverfahren d\u00fcrfe nicht dadurch behindert werden, dass der Wettbewerber durch Unterlassungsanspr\u00fcche an einer freien \u00c4u\u00dferung gehindert werde.<\/p>\n<p>Rechtsanwalt Dr. Johannes Gr\u00e4big:<i><br \/>\u201eDas Wettbewerbsrecht bietet einen weiten und effektiven Schutz vor herabsetzenden und unwahren, aber auch wahren \u00c4u\u00dferungen von Wettbewerbern. Man kann daher gegen \u00c4u\u00dferungen von Wettbewerbern auch viel besser vorgehen, als beim allgemeinen Pers\u00f6nlichkeitsrecht, da die Meinungs\u00e4u\u00dferungsfreiheit in diesen F\u00e4llen nicht so stark ist. Es gibt aber eine Ausnahme: Gegen\u00fcber den zust\u00e4ndigen Beh\u00f6rden und in Gerichtsverfahren darf man sich frei \u00fcber (mutma\u00dfliche) Missst\u00e4nde bei Wettbewerbern \u00e4u\u00dfern. Ob diese zutreffen, muss dann im Rahmen des Verfahrens gekl\u00e4rt werden.\u201c<\/i><\/p>\n","protected":false},"excerpt":{"rendered":"<p>Anfang des Jahres hatte ein Schornsteinfeger noch Gl\u00fcck und erwirkte im zweiten Anlauf eine einstweilige Verf\u00fcgung gegen einen Wettbewerber. Doch seit dem verfolgt ihn das Pech: Zun\u00e4chst verteilte er Kopien der einstweiligen Verf\u00fcgung zusammen mit einem herabsetzenden Anschreiben an Kunden des Wettbewerbers, worauf dieser seinerseits einer einstweilige Verf\u00fcgung gegen den Schornsteinfeger erwirkte (siehe Pressemitteilung vom [&hellip;]<\/p>\n","protected":false},"author":1,"featured_media":0,"comment_status":"closed","ping_status":"closed","sticky":false,"template":"","format":"standard","meta":{"_has_post_settings":[],"footnotes":""},"categories":[15],"tags":[],"hashtags":[],"ppma_author":[84],"class_list":["post-8289","post","type-post","status-publish","format-standard","hentry","category-news","author-hoecker_adm"],"yoast_head":"<!-- This site is optimized with the Yoast SEO Premium plugin v25.9 (Yoast SEO v27.0) - https:\/\/yoast.com\/product\/yoast-seo-premium-wordpress\/ -->\n<title>Schornsteinfeger mit Pechstr\u00e4hne: Konkurrent durfte sich wegen mutma\u00dflichen Missst\u00e4nden an Ordnungsbeh\u00f6rde wenden. - H\u00d6CKER - der Blog<\/title>\n<meta name=\"robots\" content=\"index, follow, max-snippet:-1, max-image-preview:large, max-video-preview:-1\" \/>\n<link rel=\"canonical\" href=\"https:\/\/www.hoecker.eu\/blog\/schornsteinfeger-mit-pechstraehne-konkurrent-durfte-sich-wegen-mutmasslichen-missstaenden-an-ordnungsbehoerde-wenden\/\" \/>\n<meta property=\"og:locale\" content=\"de_DE\" \/>\n<meta property=\"og:type\" content=\"article\" \/>\n<meta property=\"og:title\" content=\"Schornsteinfeger mit Pechstr\u00e4hne: Konkurrent durfte sich wegen mutma\u00dflichen Missst\u00e4nden an Ordnungsbeh\u00f6rde wenden.\" \/>\n<meta property=\"og:description\" content=\"Anfang des Jahres hatte ein Schornsteinfeger noch Gl\u00fcck und erwirkte im zweiten Anlauf eine einstweilige Verf\u00fcgung gegen einen Wettbewerber. Doch seit dem verfolgt ihn das Pech: Zun\u00e4chst verteilte er Kopien der einstweiligen Verf\u00fcgung zusammen mit einem herabsetzenden Anschreiben an Kunden des Wettbewerbers, worauf dieser seinerseits einer einstweilige Verf\u00fcgung gegen den Schornsteinfeger erwirkte (siehe Pressemitteilung vom [&hellip;]\" \/>\n<meta property=\"og:url\" content=\"https:\/\/www.hoecker.eu\/blog\/schornsteinfeger-mit-pechstraehne-konkurrent-durfte-sich-wegen-mutmasslichen-missstaenden-an-ordnungsbehoerde-wenden\/\" \/>\n<meta property=\"og:site_name\" content=\"H\u00d6CKER - der Blog\" \/>\n<meta property=\"article:publisher\" content=\"https:\/\/www.facebook.com\/HoeckerRAe\/\" \/>\n<meta property=\"article:author\" content=\"https:\/\/www.facebook.com\/ralf.hoecker\" \/>\n<meta property=\"article:published_time\" content=\"2019-12-12T16:20:50+00:00\" \/>\n<meta property=\"article:modified_time\" content=\"2025-02-17T13:56:07+00:00\" \/>\n<meta name=\"author\" content=\"Prof. Dr. Ralf H\u00f6cker\" \/>\n<meta name=\"twitter:card\" content=\"summary_large_image\" \/>\n<meta name=\"twitter:creator\" content=\"@Ralf_Hoecker\" \/>\n<meta name=\"twitter:site\" content=\"@hoecker_rae\" \/>\n<meta name=\"twitter:label1\" content=\"Verfasst von\" \/>\n\t<meta name=\"twitter:data1\" content=\"Prof. Dr. Ralf H\u00f6cker\" \/>\n\t<meta name=\"twitter:label2\" content=\"Gesch\u00e4tzte Lesezeit\" \/>\n\t<meta name=\"twitter:data2\" content=\"2\u00a0Minuten\" \/>\n<script type=\"application\/ld+json\" class=\"yoast-schema-graph\">{\"@context\":\"https:\/\/schema.org\",\"@graph\":[{\"@type\":\"Article\",\"@id\":\"https:\/\/www.hoecker.eu\/blog\/schornsteinfeger-mit-pechstraehne-konkurrent-durfte-sich-wegen-mutmasslichen-missstaenden-an-ordnungsbehoerde-wenden\/#article\",\"isPartOf\":{\"@id\":\"https:\/\/www.hoecker.eu\/blog\/schornsteinfeger-mit-pechstraehne-konkurrent-durfte-sich-wegen-mutmasslichen-missstaenden-an-ordnungsbehoerde-wenden\/\"},\"author\":{\"name\":\"Prof. Dr. Ralf H\u00f6cker\",\"@id\":\"https:\/\/www.hoecker.eu\/blog\/#\/schema\/person\/08f95581eed0534eccd0b2438f7a1cab\"},\"headline\":\"Schornsteinfeger mit Pechstr\u00e4hne: Konkurrent durfte sich wegen mutma\u00dflichen Missst\u00e4nden an Ordnungsbeh\u00f6rde wenden.\",\"datePublished\":\"2019-12-12T16:20:50+00:00\",\"dateModified\":\"2025-02-17T13:56:07+00:00\",\"mainEntityOfPage\":{\"@id\":\"https:\/\/www.hoecker.eu\/blog\/schornsteinfeger-mit-pechstraehne-konkurrent-durfte-sich-wegen-mutmasslichen-missstaenden-an-ordnungsbehoerde-wenden\/\"},\"wordCount\":338,\"publisher\":{\"@id\":\"https:\/\/www.hoecker.eu\/blog\/#organization\"},\"articleSection\":[\"News\"],\"inLanguage\":\"de\"},{\"@type\":\"WebPage\",\"@id\":\"https:\/\/www.hoecker.eu\/blog\/schornsteinfeger-mit-pechstraehne-konkurrent-durfte-sich-wegen-mutmasslichen-missstaenden-an-ordnungsbehoerde-wenden\/\",\"url\":\"https:\/\/www.hoecker.eu\/blog\/schornsteinfeger-mit-pechstraehne-konkurrent-durfte-sich-wegen-mutmasslichen-missstaenden-an-ordnungsbehoerde-wenden\/\",\"name\":\"Schornsteinfeger mit Pechstr\u00e4hne: Konkurrent durfte sich wegen mutma\u00dflichen Missst\u00e4nden an Ordnungsbeh\u00f6rde wenden. - H\u00d6CKER - der Blog\",\"isPartOf\":{\"@id\":\"https:\/\/www.hoecker.eu\/blog\/#website\"},\"datePublished\":\"2019-12-12T16:20:50+00:00\",\"dateModified\":\"2025-02-17T13:56:07+00:00\",\"breadcrumb\":{\"@id\":\"https:\/\/www.hoecker.eu\/blog\/schornsteinfeger-mit-pechstraehne-konkurrent-durfte-sich-wegen-mutmasslichen-missstaenden-an-ordnungsbehoerde-wenden\/#breadcrumb\"},\"inLanguage\":\"de\",\"potentialAction\":[{\"@type\":\"ReadAction\",\"target\":[\"https:\/\/www.hoecker.eu\/blog\/schornsteinfeger-mit-pechstraehne-konkurrent-durfte-sich-wegen-mutmasslichen-missstaenden-an-ordnungsbehoerde-wenden\/\"]}]},{\"@type\":\"BreadcrumbList\",\"@id\":\"https:\/\/www.hoecker.eu\/blog\/schornsteinfeger-mit-pechstraehne-konkurrent-durfte-sich-wegen-mutmasslichen-missstaenden-an-ordnungsbehoerde-wenden\/#breadcrumb\",\"itemListElement\":[{\"@type\":\"ListItem\",\"position\":1,\"name\":\"Startseite\",\"item\":\"https:\/\/dev.hoecker.eu\/blog\/\"},{\"@type\":\"ListItem\",\"position\":2,\"name\":\"Schornsteinfeger mit Pechstr\u00e4hne: Konkurrent durfte sich wegen mutma\u00dflichen Missst\u00e4nden an Ordnungsbeh\u00f6rde wenden.\"}]},{\"@type\":\"WebSite\",\"@id\":\"https:\/\/www.hoecker.eu\/blog\/#website\",\"url\":\"https:\/\/www.hoecker.eu\/blog\/\",\"name\":\"H\u00d6CKER - der Blog\",\"description\":\"Expertenblog f\u00fcr \u00c4u\u00dferungs-, Medien-, Marken-, Urheber- und Wettbewerbsrecht.\",\"publisher\":{\"@id\":\"https:\/\/www.hoecker.eu\/blog\/#organization\"},\"potentialAction\":[{\"@type\":\"SearchAction\",\"target\":{\"@type\":\"EntryPoint\",\"urlTemplate\":\"https:\/\/www.hoecker.eu\/blog\/?s={search_term_string}\"},\"query-input\":{\"@type\":\"PropertyValueSpecification\",\"valueRequired\":true,\"valueName\":\"search_term_string\"}}],\"inLanguage\":\"de\"},{\"@type\":\"Organization\",\"@id\":\"https:\/\/www.hoecker.eu\/blog\/#organization\",\"name\":\"H\u00d6CKER Rechtsanw\u00e4lte PartGmbB\",\"alternateName\":\"H\u00d6CKER\",\"url\":\"https:\/\/www.hoecker.eu\/blog\/\",\"logo\":{\"@type\":\"ImageObject\",\"inLanguage\":\"de\",\"@id\":\"https:\/\/www.hoecker.eu\/blog\/#\/schema\/logo\/image\/\",\"url\":\"https:\/\/www.hoecker.eu\/blog\/wp-content\/uploads\/2025\/03\/Blog-Logo.webp\",\"contentUrl\":\"https:\/\/www.hoecker.eu\/blog\/wp-content\/uploads\/2025\/03\/Blog-Logo.webp\",\"width\":500,\"height\":500,\"caption\":\"H\u00d6CKER Rechtsanw\u00e4lte PartGmbB\"},\"image\":{\"@id\":\"https:\/\/www.hoecker.eu\/blog\/#\/schema\/logo\/image\/\"},\"sameAs\":[\"https:\/\/www.facebook.com\/HoeckerRAe\/\",\"https:\/\/x.com\/hoecker_rae\",\"https:\/\/www.linkedin.com\/company\/hcker-rechtsanwlte\/\",\"https:\/\/www.instagram.com\/hoecker_rae\/\"],\"email\":\"contact@hoecker.eu\",\"telephone\":\"+ 49 (0)221-933 19-10\",\"legalName\":\"H\u00d6CKER Rechtsanw\u00e4lte PartGmbB\",\"numberOfEmployees\":{\"@type\":\"QuantitativeValue\",\"minValue\":\"11\",\"maxValue\":\"50\"}},{\"@type\":\"Person\",\"@id\":\"https:\/\/www.hoecker.eu\/blog\/#\/schema\/person\/08f95581eed0534eccd0b2438f7a1cab\",\"name\":\"Prof. Dr. Ralf H\u00f6cker\",\"description\":\"Medienanwalt. Besch\u00fctzer vor mieser Presse\",\"sameAs\":[\"https:\/\/www.hoecker.eu\/wer\/prof-dr-ralf-hoecker\",\"https:\/\/www.facebook.com\/ralf.hoecker\",\"https:\/\/www.linkedin.com\/in\/prof-dr-ralf-hcker-ll-m-london-17987826\/\",\"https:\/\/x.com\/Ralf_Hoecker\"],\"url\":\"https:\/\/www.hoecker.eu\/blog\/author\/hoecker_adm\/\"}]}<\/script>\n<!-- \/ Yoast SEO Premium plugin. -->","yoast_head_json":{"title":"Schornsteinfeger mit Pechstr\u00e4hne: Konkurrent durfte sich wegen mutma\u00dflichen Missst\u00e4nden an Ordnungsbeh\u00f6rde wenden. - H\u00d6CKER - der Blog","robots":{"index":"index","follow":"follow","max-snippet":"max-snippet:-1","max-image-preview":"max-image-preview:large","max-video-preview":"max-video-preview:-1"},"canonical":"https:\/\/www.hoecker.eu\/blog\/schornsteinfeger-mit-pechstraehne-konkurrent-durfte-sich-wegen-mutmasslichen-missstaenden-an-ordnungsbehoerde-wenden\/","og_locale":"de_DE","og_type":"article","og_title":"Schornsteinfeger mit Pechstr\u00e4hne: Konkurrent durfte sich wegen mutma\u00dflichen Missst\u00e4nden an Ordnungsbeh\u00f6rde wenden.","og_description":"Anfang des Jahres hatte ein Schornsteinfeger noch Gl\u00fcck und erwirkte im zweiten Anlauf eine einstweilige Verf\u00fcgung gegen einen Wettbewerber. Doch seit dem verfolgt ihn das Pech: Zun\u00e4chst verteilte er Kopien der einstweiligen Verf\u00fcgung zusammen mit einem herabsetzenden Anschreiben an Kunden des Wettbewerbers, worauf dieser seinerseits einer einstweilige Verf\u00fcgung gegen den Schornsteinfeger erwirkte (siehe Pressemitteilung vom [&hellip;]","og_url":"https:\/\/www.hoecker.eu\/blog\/schornsteinfeger-mit-pechstraehne-konkurrent-durfte-sich-wegen-mutmasslichen-missstaenden-an-ordnungsbehoerde-wenden\/","og_site_name":"H\u00d6CKER - der Blog","article_publisher":"https:\/\/www.facebook.com\/HoeckerRAe\/","article_author":"https:\/\/www.facebook.com\/ralf.hoecker","article_published_time":"2019-12-12T16:20:50+00:00","article_modified_time":"2025-02-17T13:56:07+00:00","author":"Prof. Dr. Ralf H\u00f6cker","twitter_card":"summary_large_image","twitter_creator":"@Ralf_Hoecker","twitter_site":"@hoecker_rae","twitter_misc":{"Verfasst von":"Prof. Dr. Ralf H\u00f6cker","Gesch\u00e4tzte Lesezeit":"2\u00a0Minuten"},"schema":{"@context":"https:\/\/schema.org","@graph":[{"@type":"Article","@id":"https:\/\/www.hoecker.eu\/blog\/schornsteinfeger-mit-pechstraehne-konkurrent-durfte-sich-wegen-mutmasslichen-missstaenden-an-ordnungsbehoerde-wenden\/#article","isPartOf":{"@id":"https:\/\/www.hoecker.eu\/blog\/schornsteinfeger-mit-pechstraehne-konkurrent-durfte-sich-wegen-mutmasslichen-missstaenden-an-ordnungsbehoerde-wenden\/"},"author":{"name":"Prof. Dr. Ralf H\u00f6cker","@id":"https:\/\/www.hoecker.eu\/blog\/#\/schema\/person\/08f95581eed0534eccd0b2438f7a1cab"},"headline":"Schornsteinfeger mit Pechstr\u00e4hne: Konkurrent durfte sich wegen mutma\u00dflichen Missst\u00e4nden an Ordnungsbeh\u00f6rde wenden.","datePublished":"2019-12-12T16:20:50+00:00","dateModified":"2025-02-17T13:56:07+00:00","mainEntityOfPage":{"@id":"https:\/\/www.hoecker.eu\/blog\/schornsteinfeger-mit-pechstraehne-konkurrent-durfte-sich-wegen-mutmasslichen-missstaenden-an-ordnungsbehoerde-wenden\/"},"wordCount":338,"publisher":{"@id":"https:\/\/www.hoecker.eu\/blog\/#organization"},"articleSection":["News"],"inLanguage":"de"},{"@type":"WebPage","@id":"https:\/\/www.hoecker.eu\/blog\/schornsteinfeger-mit-pechstraehne-konkurrent-durfte-sich-wegen-mutmasslichen-missstaenden-an-ordnungsbehoerde-wenden\/","url":"https:\/\/www.hoecker.eu\/blog\/schornsteinfeger-mit-pechstraehne-konkurrent-durfte-sich-wegen-mutmasslichen-missstaenden-an-ordnungsbehoerde-wenden\/","name":"Schornsteinfeger mit Pechstr\u00e4hne: Konkurrent durfte sich wegen mutma\u00dflichen Missst\u00e4nden an Ordnungsbeh\u00f6rde wenden. - H\u00d6CKER - der Blog","isPartOf":{"@id":"https:\/\/www.hoecker.eu\/blog\/#website"},"datePublished":"2019-12-12T16:20:50+00:00","dateModified":"2025-02-17T13:56:07+00:00","breadcrumb":{"@id":"https:\/\/www.hoecker.eu\/blog\/schornsteinfeger-mit-pechstraehne-konkurrent-durfte-sich-wegen-mutmasslichen-missstaenden-an-ordnungsbehoerde-wenden\/#breadcrumb"},"inLanguage":"de","potentialAction":[{"@type":"ReadAction","target":["https:\/\/www.hoecker.eu\/blog\/schornsteinfeger-mit-pechstraehne-konkurrent-durfte-sich-wegen-mutmasslichen-missstaenden-an-ordnungsbehoerde-wenden\/"]}]},{"@type":"BreadcrumbList","@id":"https:\/\/www.hoecker.eu\/blog\/schornsteinfeger-mit-pechstraehne-konkurrent-durfte-sich-wegen-mutmasslichen-missstaenden-an-ordnungsbehoerde-wenden\/#breadcrumb","itemListElement":[{"@type":"ListItem","position":1,"name":"Startseite","item":"https:\/\/dev.hoecker.eu\/blog\/"},{"@type":"ListItem","position":2,"name":"Schornsteinfeger mit Pechstr\u00e4hne: Konkurrent durfte sich wegen mutma\u00dflichen Missst\u00e4nden an Ordnungsbeh\u00f6rde wenden."}]},{"@type":"WebSite","@id":"https:\/\/www.hoecker.eu\/blog\/#website","url":"https:\/\/www.hoecker.eu\/blog\/","name":"H\u00d6CKER - der Blog","description":"Expertenblog f\u00fcr \u00c4u\u00dferungs-, Medien-, Marken-, Urheber- und Wettbewerbsrecht.","publisher":{"@id":"https:\/\/www.hoecker.eu\/blog\/#organization"},"potentialAction":[{"@type":"SearchAction","target":{"@type":"EntryPoint","urlTemplate":"https:\/\/www.hoecker.eu\/blog\/?s={search_term_string}"},"query-input":{"@type":"PropertyValueSpecification","valueRequired":true,"valueName":"search_term_string"}}],"inLanguage":"de"},{"@type":"Organization","@id":"https:\/\/www.hoecker.eu\/blog\/#organization","name":"H\u00d6CKER Rechtsanw\u00e4lte PartGmbB","alternateName":"H\u00d6CKER","url":"https:\/\/www.hoecker.eu\/blog\/","logo":{"@type":"ImageObject","inLanguage":"de","@id":"https:\/\/www.hoecker.eu\/blog\/#\/schema\/logo\/image\/","url":"https:\/\/www.hoecker.eu\/blog\/wp-content\/uploads\/2025\/03\/Blog-Logo.webp","contentUrl":"https:\/\/www.hoecker.eu\/blog\/wp-content\/uploads\/2025\/03\/Blog-Logo.webp","width":500,"height":500,"caption":"H\u00d6CKER Rechtsanw\u00e4lte PartGmbB"},"image":{"@id":"https:\/\/www.hoecker.eu\/blog\/#\/schema\/logo\/image\/"},"sameAs":["https:\/\/www.facebook.com\/HoeckerRAe\/","https:\/\/x.com\/hoecker_rae","https:\/\/www.linkedin.com\/company\/hcker-rechtsanwlte\/","https:\/\/www.instagram.com\/hoecker_rae\/"],"email":"contact@hoecker.eu","telephone":"+ 49 (0)221-933 19-10","legalName":"H\u00d6CKER Rechtsanw\u00e4lte PartGmbB","numberOfEmployees":{"@type":"QuantitativeValue","minValue":"11","maxValue":"50"}},{"@type":"Person","@id":"https:\/\/www.hoecker.eu\/blog\/#\/schema\/person\/08f95581eed0534eccd0b2438f7a1cab","name":"Prof. Dr. Ralf H\u00f6cker","description":"Medienanwalt. Besch\u00fctzer vor mieser Presse","sameAs":["https:\/\/www.hoecker.eu\/wer\/prof-dr-ralf-hoecker","https:\/\/www.facebook.com\/ralf.hoecker","https:\/\/www.linkedin.com\/in\/prof-dr-ralf-hcker-ll-m-london-17987826\/","https:\/\/x.com\/Ralf_Hoecker"],"url":"https:\/\/www.hoecker.eu\/blog\/author\/hoecker_adm\/"}]}},"authors":[{"term_id":84,"user_id":1,"is_guest":0,"slug":"hoecker_adm","display_name":"Prof. Dr. Ralf H\u00f6cker","avatar_url":{"url":"https:\/\/www.hoecker.eu\/blog\/wp-content\/uploads\/2023\/12\/ProfDrRalfHoecker.jpg","url2x":"https:\/\/www.hoecker.eu\/blog\/wp-content\/uploads\/2023\/12\/ProfDrRalfHoecker.jpg"},"0":null,"1":"","2":"","3":"","4":"","5":"","6":"","7":"","8":"","9":"","10":"","11":""}],"_links":{"self":[{"href":"https:\/\/www.hoecker.eu\/blog\/wp-json\/wp\/v2\/posts\/8289","targetHints":{"allow":["GET"]}}],"collection":[{"href":"https:\/\/www.hoecker.eu\/blog\/wp-json\/wp\/v2\/posts"}],"about":[{"href":"https:\/\/www.hoecker.eu\/blog\/wp-json\/wp\/v2\/types\/post"}],"author":[{"embeddable":true,"href":"https:\/\/www.hoecker.eu\/blog\/wp-json\/wp\/v2\/users\/1"}],"replies":[{"embeddable":true,"href":"https:\/\/www.hoecker.eu\/blog\/wp-json\/wp\/v2\/comments?post=8289"}],"version-history":[{"count":1,"href":"https:\/\/www.hoecker.eu\/blog\/wp-json\/wp\/v2\/posts\/8289\/revisions"}],"predecessor-version":[{"id":9411,"href":"https:\/\/www.hoecker.eu\/blog\/wp-json\/wp\/v2\/posts\/8289\/revisions\/9411"}],"wp:attachment":[{"href":"https:\/\/www.hoecker.eu\/blog\/wp-json\/wp\/v2\/media?parent=8289"}],"wp:term":[{"taxonomy":"category","embeddable":true,"href":"https:\/\/www.hoecker.eu\/blog\/wp-json\/wp\/v2\/categories?post=8289"},{"taxonomy":"post_tag","embeddable":true,"href":"https:\/\/www.hoecker.eu\/blog\/wp-json\/wp\/v2\/tags?post=8289"},{"taxonomy":"hashtags","embeddable":true,"href":"https:\/\/www.hoecker.eu\/blog\/wp-json\/wp\/v2\/hashtags?post=8289"},{"taxonomy":"author","embeddable":true,"href":"https:\/\/www.hoecker.eu\/blog\/wp-json\/wp\/v2\/ppma_author?post=8289"}],"curies":[{"name":"wp","href":"https:\/\/api.w.org\/{rel}","templated":true}]}}