{"id":8286,"date":"2020-01-08T15:00:03","date_gmt":"2020-01-08T14:00:03","guid":{"rendered":"https:\/\/www.hoecker.eu\/blog\/schornsteinfeger-erneut-ohne-glueck-klage-wegen-angeblicher-kaltakquise-abgewiesen\/"},"modified":"2025-02-17T14:56:05","modified_gmt":"2025-02-17T13:56:05","slug":"schornsteinfeger-erneut-ohne-glueck-klage-wegen-angeblicher-kaltakquise-abgewiesen","status":"publish","type":"post","link":"https:\/\/www.hoecker.eu\/blog\/schornsteinfeger-erneut-ohne-glueck-klage-wegen-angeblicher-kaltakquise-abgewiesen\/","title":{"rendered":"Schornsteinfeger erneut ohne Gl\u00fcck: Klage wegen angeblicher Kaltakquise abgewiesen."},"content":{"rendered":"<p>Ob er anderen Gl\u00fcck bringt, ist nicht bekannt. Er selbst hatte dieses Jahr vor Gericht jedenfalls kein Gl\u00fcck. Ein Schornsteinfeger verlor nun das dritte Verfahren in Folge gegen einen von H\u00d6CKER vertretenen Wettbewerber.\n<\/p>\n<p>Der Schornsteinfeger warf dem Mandanten vor, Terminank\u00fcndigungszettel an verschiedene Haushalte verteilt und damit um neue Kunden geworben zu haben. Das ist eigentlich nicht verboten, weil Briefkastenwerbung &#8211; anders als Werbung per E-Mail oder Telefon &#8211; grunds\u00e4tzlich erlaubt ist. Der Schornsteinfeger vermutete jedoch, dass der Wettbewerber gegen \u00a7 19 Abs. 5 des Schornsteinfeger-Handwerksgesetz (SchfHwG) versto\u00dfen habe. Nach dieser Vorschrift d\u00fcrfen Bezirksschornsteinfeger die Adressdaten aus dem von ihnen gef\u00fchrten Kehrbuch nicht f\u00fcr private T\u00e4tigkeiten verwenden. Der von H\u00d6CKER vertretene Kollege hatte die Terminank\u00fcndigungszettel allerdings nicht verteilt und somit die aus seinem Kehrbuch stammenden Adressdaten nicht zur privaten Werbung verwendet.\n<\/p>\n<p>Zwar konnte der Schornsteinfeger mit viel Gl\u00fcck beim OLG K\u00f6ln zun\u00e4chst eine einstweilige Verf\u00fcgung gegen den H\u00d6CKER-Mandanten erwirken. Das Gericht hielt es f\u00fcr \u201e\u00fcberwiegend wahrscheinlich\u201c, dass der Wettbewerber den Terminank\u00fcndigungszettel verteilt habe.\n<\/p>\n<p>Die anschlie\u00dfende Klage hat der Schornsteinfeger nun jedoch verloren. Denn im Gegensatz zum Eilverfahren reicht es im Klageverfahren nicht<br \/>\naus, dass ein Vorgang &#8220;wahrscheinlich&#8221; stattfand. Vielmehr muss das<br \/>\nGericht vollst\u00e4ndig davon \u00fcberzeugt sein, dass es so war. Das Landgericht K\u00f6ln konnte allerdings gerade nicht mit \u201evoller \u00dcberzeugung\u201c feststellen, dass der Wettbewerber die Terminank\u00fcndigungszettel verteilt hatte (Urteil v. 30.10.2019, Az: 84 O 174\/19, n.rkr.). Nach Ansicht der Richter k\u00f6nne angesichts der bisherigen Auseinandersetzungen zwischen den Parteien n\u00e4mlich nicht ausgeschlossen werden, dass der Terminank\u00fcndigungszettel vom Schornsteinfeger selbst verteilt wurde.\n<\/p>\n<p>Rechtsanwalt Dr. Johannes Gr\u00e4big:<br \/><em>\u201eIm Wettbewerbsrecht sind oft auch prozessuale Taktiken entscheidend. Da der Schornsteinfeger in das Klageverfahren gezwungen wurde, galt ein strengerer Beweisma\u00dfstab. Diese h\u00f6heren Beweisanforderungen konnte der Schornsteinfeger nicht erf\u00fcllen und hat daher die Klage verloren.\u201c<\/em>\n<\/p>\n<p>Pressemitteilungen zu den anderen beiden Niederlagen des gl\u00fccklosen Schornsteinfegers sind hier abrufbar:\n<\/p>\n<ul>\n<li><a href=\"https:\/\/www.hoecker.eu\/news\/schornsteinfeger-ohne-gl\u00fcck-urteil-darf-nicht-verteilt-werden\" target=\"_blank\">https:\/\/www.hoecker.eu\/news\/schornsteinfeger-ohne-gl\u00fcck-urteil-darf-nicht-verteilt-werden<\/a><\/li>\n<li><a href=\"https:\/\/www.hoecker.eu\/news\/schornsteinfeger-mit-pechstr\u00e4hne-konkurrent-durfte-sich-wegen-mutma\u00dflichen-missst\u00e4nden-an-ordnungsbeh\u00f6rde-wenden\" target=\"_blank\">https:\/\/www.hoecker.eu\/news\/schornsteinfeger-mit-pechstr\u00e4hne-konkurrent-durfte-sich-wegen-mutma\u00dflichen-missst\u00e4nden-an-ordnungsbeh\u00f6rde-wenden<\/a><\/li>\n<\/ul>\n","protected":false},"excerpt":{"rendered":"<p>Ob er anderen Gl\u00fcck bringt, ist nicht bekannt. Er selbst hatte dieses Jahr vor Gericht jedenfalls kein Gl\u00fcck. Ein Schornsteinfeger verlor nun das dritte Verfahren in Folge gegen einen von H\u00d6CKER vertretenen Wettbewerber. Der Schornsteinfeger warf dem Mandanten vor, Terminank\u00fcndigungszettel an verschiedene Haushalte verteilt und damit um neue Kunden geworben zu haben. Das ist eigentlich [&hellip;]<\/p>\n","protected":false},"author":1,"featured_media":0,"comment_status":"closed","ping_status":"closed","sticky":false,"template":"","format":"standard","meta":{"_has_post_settings":[],"footnotes":""},"categories":[15],"tags":[],"hashtags":[],"ppma_author":[84],"class_list":["post-8286","post","type-post","status-publish","format-standard","hentry","category-news","author-hoecker_adm"],"yoast_head":"<!-- This site is optimized with the Yoast SEO Premium plugin v25.9 (Yoast SEO v27.0) - https:\/\/yoast.com\/product\/yoast-seo-premium-wordpress\/ -->\n<title>Schornsteinfeger erneut ohne Gl\u00fcck: Klage wegen angeblicher Kaltakquise abgewiesen. - H\u00d6CKER - der Blog<\/title>\n<meta name=\"robots\" content=\"index, follow, max-snippet:-1, max-image-preview:large, max-video-preview:-1\" \/>\n<link rel=\"canonical\" href=\"https:\/\/www.hoecker.eu\/blog\/schornsteinfeger-erneut-ohne-glueck-klage-wegen-angeblicher-kaltakquise-abgewiesen\/\" \/>\n<meta property=\"og:locale\" content=\"de_DE\" \/>\n<meta property=\"og:type\" content=\"article\" \/>\n<meta property=\"og:title\" content=\"Schornsteinfeger erneut ohne Gl\u00fcck: Klage wegen angeblicher Kaltakquise abgewiesen.\" \/>\n<meta property=\"og:description\" content=\"Ob er anderen Gl\u00fcck bringt, ist nicht bekannt. Er selbst hatte dieses Jahr vor Gericht jedenfalls kein Gl\u00fcck. Ein Schornsteinfeger verlor nun das dritte Verfahren in Folge gegen einen von H\u00d6CKER vertretenen Wettbewerber. Der Schornsteinfeger warf dem Mandanten vor, Terminank\u00fcndigungszettel an verschiedene Haushalte verteilt und damit um neue Kunden geworben zu haben. Das ist eigentlich [&hellip;]\" \/>\n<meta property=\"og:url\" content=\"https:\/\/www.hoecker.eu\/blog\/schornsteinfeger-erneut-ohne-glueck-klage-wegen-angeblicher-kaltakquise-abgewiesen\/\" \/>\n<meta property=\"og:site_name\" content=\"H\u00d6CKER - der Blog\" \/>\n<meta property=\"article:publisher\" content=\"https:\/\/www.facebook.com\/HoeckerRAe\/\" \/>\n<meta property=\"article:author\" content=\"https:\/\/www.facebook.com\/ralf.hoecker\" \/>\n<meta property=\"article:published_time\" content=\"2020-01-08T14:00:03+00:00\" \/>\n<meta property=\"article:modified_time\" content=\"2025-02-17T13:56:05+00:00\" \/>\n<meta name=\"author\" content=\"Prof. Dr. Ralf H\u00f6cker\" \/>\n<meta name=\"twitter:card\" content=\"summary_large_image\" \/>\n<meta name=\"twitter:creator\" content=\"@Ralf_Hoecker\" \/>\n<meta name=\"twitter:site\" content=\"@hoecker_rae\" \/>\n<meta name=\"twitter:label1\" content=\"Verfasst von\" \/>\n\t<meta name=\"twitter:data1\" content=\"Prof. Dr. Ralf H\u00f6cker\" \/>\n\t<meta name=\"twitter:label2\" content=\"Gesch\u00e4tzte Lesezeit\" \/>\n\t<meta name=\"twitter:data2\" content=\"2\u00a0Minuten\" \/>\n<script type=\"application\/ld+json\" class=\"yoast-schema-graph\">{\"@context\":\"https:\/\/schema.org\",\"@graph\":[{\"@type\":\"Article\",\"@id\":\"https:\/\/www.hoecker.eu\/blog\/schornsteinfeger-erneut-ohne-glueck-klage-wegen-angeblicher-kaltakquise-abgewiesen\/#article\",\"isPartOf\":{\"@id\":\"https:\/\/www.hoecker.eu\/blog\/schornsteinfeger-erneut-ohne-glueck-klage-wegen-angeblicher-kaltakquise-abgewiesen\/\"},\"author\":{\"name\":\"Prof. Dr. Ralf H\u00f6cker\",\"@id\":\"https:\/\/www.hoecker.eu\/blog\/#\/schema\/person\/08f95581eed0534eccd0b2438f7a1cab\"},\"headline\":\"Schornsteinfeger erneut ohne Gl\u00fcck: Klage wegen angeblicher Kaltakquise abgewiesen.\",\"datePublished\":\"2020-01-08T14:00:03+00:00\",\"dateModified\":\"2025-02-17T13:56:05+00:00\",\"mainEntityOfPage\":{\"@id\":\"https:\/\/www.hoecker.eu\/blog\/schornsteinfeger-erneut-ohne-glueck-klage-wegen-angeblicher-kaltakquise-abgewiesen\/\"},\"wordCount\":352,\"publisher\":{\"@id\":\"https:\/\/www.hoecker.eu\/blog\/#organization\"},\"articleSection\":[\"News\"],\"inLanguage\":\"de\"},{\"@type\":\"WebPage\",\"@id\":\"https:\/\/www.hoecker.eu\/blog\/schornsteinfeger-erneut-ohne-glueck-klage-wegen-angeblicher-kaltakquise-abgewiesen\/\",\"url\":\"https:\/\/www.hoecker.eu\/blog\/schornsteinfeger-erneut-ohne-glueck-klage-wegen-angeblicher-kaltakquise-abgewiesen\/\",\"name\":\"Schornsteinfeger erneut ohne Gl\u00fcck: Klage wegen angeblicher Kaltakquise abgewiesen. - H\u00d6CKER - der Blog\",\"isPartOf\":{\"@id\":\"https:\/\/www.hoecker.eu\/blog\/#website\"},\"datePublished\":\"2020-01-08T14:00:03+00:00\",\"dateModified\":\"2025-02-17T13:56:05+00:00\",\"breadcrumb\":{\"@id\":\"https:\/\/www.hoecker.eu\/blog\/schornsteinfeger-erneut-ohne-glueck-klage-wegen-angeblicher-kaltakquise-abgewiesen\/#breadcrumb\"},\"inLanguage\":\"de\",\"potentialAction\":[{\"@type\":\"ReadAction\",\"target\":[\"https:\/\/www.hoecker.eu\/blog\/schornsteinfeger-erneut-ohne-glueck-klage-wegen-angeblicher-kaltakquise-abgewiesen\/\"]}]},{\"@type\":\"BreadcrumbList\",\"@id\":\"https:\/\/www.hoecker.eu\/blog\/schornsteinfeger-erneut-ohne-glueck-klage-wegen-angeblicher-kaltakquise-abgewiesen\/#breadcrumb\",\"itemListElement\":[{\"@type\":\"ListItem\",\"position\":1,\"name\":\"Startseite\",\"item\":\"https:\/\/dev.hoecker.eu\/blog\/\"},{\"@type\":\"ListItem\",\"position\":2,\"name\":\"Schornsteinfeger erneut ohne Gl\u00fcck: Klage wegen angeblicher Kaltakquise abgewiesen.\"}]},{\"@type\":\"WebSite\",\"@id\":\"https:\/\/www.hoecker.eu\/blog\/#website\",\"url\":\"https:\/\/www.hoecker.eu\/blog\/\",\"name\":\"H\u00d6CKER - der Blog\",\"description\":\"Expertenblog f\u00fcr \u00c4u\u00dferungs-, Medien-, Marken-, Urheber- und Wettbewerbsrecht.\",\"publisher\":{\"@id\":\"https:\/\/www.hoecker.eu\/blog\/#organization\"},\"potentialAction\":[{\"@type\":\"SearchAction\",\"target\":{\"@type\":\"EntryPoint\",\"urlTemplate\":\"https:\/\/www.hoecker.eu\/blog\/?s={search_term_string}\"},\"query-input\":{\"@type\":\"PropertyValueSpecification\",\"valueRequired\":true,\"valueName\":\"search_term_string\"}}],\"inLanguage\":\"de\"},{\"@type\":\"Organization\",\"@id\":\"https:\/\/www.hoecker.eu\/blog\/#organization\",\"name\":\"H\u00d6CKER Rechtsanw\u00e4lte PartGmbB\",\"alternateName\":\"H\u00d6CKER\",\"url\":\"https:\/\/www.hoecker.eu\/blog\/\",\"logo\":{\"@type\":\"ImageObject\",\"inLanguage\":\"de\",\"@id\":\"https:\/\/www.hoecker.eu\/blog\/#\/schema\/logo\/image\/\",\"url\":\"https:\/\/www.hoecker.eu\/blog\/wp-content\/uploads\/2025\/03\/Blog-Logo.webp\",\"contentUrl\":\"https:\/\/www.hoecker.eu\/blog\/wp-content\/uploads\/2025\/03\/Blog-Logo.webp\",\"width\":500,\"height\":500,\"caption\":\"H\u00d6CKER Rechtsanw\u00e4lte PartGmbB\"},\"image\":{\"@id\":\"https:\/\/www.hoecker.eu\/blog\/#\/schema\/logo\/image\/\"},\"sameAs\":[\"https:\/\/www.facebook.com\/HoeckerRAe\/\",\"https:\/\/x.com\/hoecker_rae\",\"https:\/\/www.linkedin.com\/company\/hcker-rechtsanwlte\/\",\"https:\/\/www.instagram.com\/hoecker_rae\/\"],\"email\":\"contact@hoecker.eu\",\"telephone\":\"+ 49 (0)221-933 19-10\",\"legalName\":\"H\u00d6CKER Rechtsanw\u00e4lte PartGmbB\",\"numberOfEmployees\":{\"@type\":\"QuantitativeValue\",\"minValue\":\"11\",\"maxValue\":\"50\"}},{\"@type\":\"Person\",\"@id\":\"https:\/\/www.hoecker.eu\/blog\/#\/schema\/person\/08f95581eed0534eccd0b2438f7a1cab\",\"name\":\"Prof. Dr. Ralf H\u00f6cker\",\"description\":\"Medienanwalt. Besch\u00fctzer vor mieser Presse\",\"sameAs\":[\"https:\/\/www.hoecker.eu\/wer\/prof-dr-ralf-hoecker\",\"https:\/\/www.facebook.com\/ralf.hoecker\",\"https:\/\/www.linkedin.com\/in\/prof-dr-ralf-hcker-ll-m-london-17987826\/\",\"https:\/\/x.com\/Ralf_Hoecker\"],\"url\":\"https:\/\/www.hoecker.eu\/blog\/author\/hoecker_adm\/\"}]}<\/script>\n<!-- \/ Yoast SEO Premium plugin. -->","yoast_head_json":{"title":"Schornsteinfeger erneut ohne Gl\u00fcck: Klage wegen angeblicher Kaltakquise abgewiesen. - H\u00d6CKER - der Blog","robots":{"index":"index","follow":"follow","max-snippet":"max-snippet:-1","max-image-preview":"max-image-preview:large","max-video-preview":"max-video-preview:-1"},"canonical":"https:\/\/www.hoecker.eu\/blog\/schornsteinfeger-erneut-ohne-glueck-klage-wegen-angeblicher-kaltakquise-abgewiesen\/","og_locale":"de_DE","og_type":"article","og_title":"Schornsteinfeger erneut ohne Gl\u00fcck: Klage wegen angeblicher Kaltakquise abgewiesen.","og_description":"Ob er anderen Gl\u00fcck bringt, ist nicht bekannt. Er selbst hatte dieses Jahr vor Gericht jedenfalls kein Gl\u00fcck. Ein Schornsteinfeger verlor nun das dritte Verfahren in Folge gegen einen von H\u00d6CKER vertretenen Wettbewerber. Der Schornsteinfeger warf dem Mandanten vor, Terminank\u00fcndigungszettel an verschiedene Haushalte verteilt und damit um neue Kunden geworben zu haben. Das ist eigentlich [&hellip;]","og_url":"https:\/\/www.hoecker.eu\/blog\/schornsteinfeger-erneut-ohne-glueck-klage-wegen-angeblicher-kaltakquise-abgewiesen\/","og_site_name":"H\u00d6CKER - der Blog","article_publisher":"https:\/\/www.facebook.com\/HoeckerRAe\/","article_author":"https:\/\/www.facebook.com\/ralf.hoecker","article_published_time":"2020-01-08T14:00:03+00:00","article_modified_time":"2025-02-17T13:56:05+00:00","author":"Prof. Dr. Ralf H\u00f6cker","twitter_card":"summary_large_image","twitter_creator":"@Ralf_Hoecker","twitter_site":"@hoecker_rae","twitter_misc":{"Verfasst von":"Prof. Dr. Ralf H\u00f6cker","Gesch\u00e4tzte Lesezeit":"2\u00a0Minuten"},"schema":{"@context":"https:\/\/schema.org","@graph":[{"@type":"Article","@id":"https:\/\/www.hoecker.eu\/blog\/schornsteinfeger-erneut-ohne-glueck-klage-wegen-angeblicher-kaltakquise-abgewiesen\/#article","isPartOf":{"@id":"https:\/\/www.hoecker.eu\/blog\/schornsteinfeger-erneut-ohne-glueck-klage-wegen-angeblicher-kaltakquise-abgewiesen\/"},"author":{"name":"Prof. Dr. Ralf H\u00f6cker","@id":"https:\/\/www.hoecker.eu\/blog\/#\/schema\/person\/08f95581eed0534eccd0b2438f7a1cab"},"headline":"Schornsteinfeger erneut ohne Gl\u00fcck: Klage wegen angeblicher Kaltakquise abgewiesen.","datePublished":"2020-01-08T14:00:03+00:00","dateModified":"2025-02-17T13:56:05+00:00","mainEntityOfPage":{"@id":"https:\/\/www.hoecker.eu\/blog\/schornsteinfeger-erneut-ohne-glueck-klage-wegen-angeblicher-kaltakquise-abgewiesen\/"},"wordCount":352,"publisher":{"@id":"https:\/\/www.hoecker.eu\/blog\/#organization"},"articleSection":["News"],"inLanguage":"de"},{"@type":"WebPage","@id":"https:\/\/www.hoecker.eu\/blog\/schornsteinfeger-erneut-ohne-glueck-klage-wegen-angeblicher-kaltakquise-abgewiesen\/","url":"https:\/\/www.hoecker.eu\/blog\/schornsteinfeger-erneut-ohne-glueck-klage-wegen-angeblicher-kaltakquise-abgewiesen\/","name":"Schornsteinfeger erneut ohne Gl\u00fcck: Klage wegen angeblicher Kaltakquise abgewiesen. - H\u00d6CKER - der Blog","isPartOf":{"@id":"https:\/\/www.hoecker.eu\/blog\/#website"},"datePublished":"2020-01-08T14:00:03+00:00","dateModified":"2025-02-17T13:56:05+00:00","breadcrumb":{"@id":"https:\/\/www.hoecker.eu\/blog\/schornsteinfeger-erneut-ohne-glueck-klage-wegen-angeblicher-kaltakquise-abgewiesen\/#breadcrumb"},"inLanguage":"de","potentialAction":[{"@type":"ReadAction","target":["https:\/\/www.hoecker.eu\/blog\/schornsteinfeger-erneut-ohne-glueck-klage-wegen-angeblicher-kaltakquise-abgewiesen\/"]}]},{"@type":"BreadcrumbList","@id":"https:\/\/www.hoecker.eu\/blog\/schornsteinfeger-erneut-ohne-glueck-klage-wegen-angeblicher-kaltakquise-abgewiesen\/#breadcrumb","itemListElement":[{"@type":"ListItem","position":1,"name":"Startseite","item":"https:\/\/dev.hoecker.eu\/blog\/"},{"@type":"ListItem","position":2,"name":"Schornsteinfeger erneut ohne Gl\u00fcck: Klage wegen angeblicher Kaltakquise abgewiesen."}]},{"@type":"WebSite","@id":"https:\/\/www.hoecker.eu\/blog\/#website","url":"https:\/\/www.hoecker.eu\/blog\/","name":"H\u00d6CKER - der Blog","description":"Expertenblog f\u00fcr \u00c4u\u00dferungs-, Medien-, Marken-, Urheber- und Wettbewerbsrecht.","publisher":{"@id":"https:\/\/www.hoecker.eu\/blog\/#organization"},"potentialAction":[{"@type":"SearchAction","target":{"@type":"EntryPoint","urlTemplate":"https:\/\/www.hoecker.eu\/blog\/?s={search_term_string}"},"query-input":{"@type":"PropertyValueSpecification","valueRequired":true,"valueName":"search_term_string"}}],"inLanguage":"de"},{"@type":"Organization","@id":"https:\/\/www.hoecker.eu\/blog\/#organization","name":"H\u00d6CKER Rechtsanw\u00e4lte PartGmbB","alternateName":"H\u00d6CKER","url":"https:\/\/www.hoecker.eu\/blog\/","logo":{"@type":"ImageObject","inLanguage":"de","@id":"https:\/\/www.hoecker.eu\/blog\/#\/schema\/logo\/image\/","url":"https:\/\/www.hoecker.eu\/blog\/wp-content\/uploads\/2025\/03\/Blog-Logo.webp","contentUrl":"https:\/\/www.hoecker.eu\/blog\/wp-content\/uploads\/2025\/03\/Blog-Logo.webp","width":500,"height":500,"caption":"H\u00d6CKER Rechtsanw\u00e4lte PartGmbB"},"image":{"@id":"https:\/\/www.hoecker.eu\/blog\/#\/schema\/logo\/image\/"},"sameAs":["https:\/\/www.facebook.com\/HoeckerRAe\/","https:\/\/x.com\/hoecker_rae","https:\/\/www.linkedin.com\/company\/hcker-rechtsanwlte\/","https:\/\/www.instagram.com\/hoecker_rae\/"],"email":"contact@hoecker.eu","telephone":"+ 49 (0)221-933 19-10","legalName":"H\u00d6CKER Rechtsanw\u00e4lte PartGmbB","numberOfEmployees":{"@type":"QuantitativeValue","minValue":"11","maxValue":"50"}},{"@type":"Person","@id":"https:\/\/www.hoecker.eu\/blog\/#\/schema\/person\/08f95581eed0534eccd0b2438f7a1cab","name":"Prof. Dr. Ralf H\u00f6cker","description":"Medienanwalt. Besch\u00fctzer vor mieser Presse","sameAs":["https:\/\/www.hoecker.eu\/wer\/prof-dr-ralf-hoecker","https:\/\/www.facebook.com\/ralf.hoecker","https:\/\/www.linkedin.com\/in\/prof-dr-ralf-hcker-ll-m-london-17987826\/","https:\/\/x.com\/Ralf_Hoecker"],"url":"https:\/\/www.hoecker.eu\/blog\/author\/hoecker_adm\/"}]}},"authors":[{"term_id":84,"user_id":1,"is_guest":0,"slug":"hoecker_adm","display_name":"Prof. Dr. Ralf H\u00f6cker","avatar_url":{"url":"https:\/\/www.hoecker.eu\/blog\/wp-content\/uploads\/2023\/12\/ProfDrRalfHoecker.jpg","url2x":"https:\/\/www.hoecker.eu\/blog\/wp-content\/uploads\/2023\/12\/ProfDrRalfHoecker.jpg"},"0":null,"1":"","2":"","3":"","4":"","5":"","6":"","7":"","8":"","9":"","10":"","11":""}],"_links":{"self":[{"href":"https:\/\/www.hoecker.eu\/blog\/wp-json\/wp\/v2\/posts\/8286","targetHints":{"allow":["GET"]}}],"collection":[{"href":"https:\/\/www.hoecker.eu\/blog\/wp-json\/wp\/v2\/posts"}],"about":[{"href":"https:\/\/www.hoecker.eu\/blog\/wp-json\/wp\/v2\/types\/post"}],"author":[{"embeddable":true,"href":"https:\/\/www.hoecker.eu\/blog\/wp-json\/wp\/v2\/users\/1"}],"replies":[{"embeddable":true,"href":"https:\/\/www.hoecker.eu\/blog\/wp-json\/wp\/v2\/comments?post=8286"}],"version-history":[{"count":1,"href":"https:\/\/www.hoecker.eu\/blog\/wp-json\/wp\/v2\/posts\/8286\/revisions"}],"predecessor-version":[{"id":9408,"href":"https:\/\/www.hoecker.eu\/blog\/wp-json\/wp\/v2\/posts\/8286\/revisions\/9408"}],"wp:attachment":[{"href":"https:\/\/www.hoecker.eu\/blog\/wp-json\/wp\/v2\/media?parent=8286"}],"wp:term":[{"taxonomy":"category","embeddable":true,"href":"https:\/\/www.hoecker.eu\/blog\/wp-json\/wp\/v2\/categories?post=8286"},{"taxonomy":"post_tag","embeddable":true,"href":"https:\/\/www.hoecker.eu\/blog\/wp-json\/wp\/v2\/tags?post=8286"},{"taxonomy":"hashtags","embeddable":true,"href":"https:\/\/www.hoecker.eu\/blog\/wp-json\/wp\/v2\/hashtags?post=8286"},{"taxonomy":"author","embeddable":true,"href":"https:\/\/www.hoecker.eu\/blog\/wp-json\/wp\/v2\/ppma_author?post=8286"}],"curies":[{"name":"wp","href":"https:\/\/api.w.org\/{rel}","templated":true}]}}