{"id":8284,"date":"2020-02-13T13:19:00","date_gmt":"2020-02-13T12:19:00","guid":{"rendered":"https:\/\/www.hoecker.eu\/blog\/trotz-kuendigung-durch-verleger-gemeinsame-verguetungsregeln-fuer-journalisten-anwendbar-journalistin-erhaelt-nachzahlung-von-rund-72-000-euro-zugesprochen\/"},"modified":"2025-02-17T14:56:03","modified_gmt":"2025-02-17T13:56:03","slug":"trotz-kuendigung-durch-verleger-gemeinsame-verguetungsregeln-fuer-journalisten-anwendbar-journalistin-erhaelt-nachzahlung-von-rund-72-000-euro-zugesprochen","status":"publish","type":"post","link":"https:\/\/www.hoecker.eu\/blog\/trotz-kuendigung-durch-verleger-gemeinsame-verguetungsregeln-fuer-journalisten-anwendbar-journalistin-erhaelt-nachzahlung-von-rund-72-000-euro-zugesprochen\/","title":{"rendered":"Trotz K\u00fcndigung durch Verleger: Gemeinsame Verg\u00fctungsregeln f\u00fcr Journalisten anwendbar &#8211; Journalistin erh\u00e4lt Nachzahlung von rund 72.000 Euro zugesprochen."},"content":{"rendered":"<p>Urheber sollen angemessen bezahlt werden. Dieser eigentlich selbstverst\u00e4ndliche Grundsatz ist im Urheberrecht seit 2002 verankert.<\/p>\n<p>Um eine angemessene Verg\u00fctung von freien Journalisten zu gew\u00e4hrleisten, hatten sich die Verleger- und die Journalistenverb\u00e4nde vor 10 Jahren auf sogenannte gemeinsame Verg\u00fctungsregeln (GVR) geeinigt. Diese Regeln bestimmen, wie hoch das Honorar f\u00fcr Textbeitr\u00e4ge und Fotos f\u00fcr Tageszeitungen sein muss. Wenn Verlage geringere Honorare bezahlen, steht den Journalisten ein Anspruch auf Nachverg\u00fctung zu. Der Bundesverband Deutscher Zeitungsverleger (BDZV) wollte sich von den GVR l\u00f6sen und hat die Vereinbarung daher im Jahr 2017 aufgek\u00fcndigt. Zwar sind die Auswirkungen der K\u00fcndigung streitig, jedoch berufen sich die Verleger seitdem gegen\u00fcber ihren freien Mitarbeitern darauf, dass die GVR nun keine Anwendung mehr finden w\u00fcrden.<\/p>\n<p>Das Landgericht N\u00fcrnberg-F\u00fcrth sieht dies allerdings in seiner Entscheidung vom 06.02.2020 (Az. 19 O 8247\/18, n.rkr.) anders. Die Richter stellten vielmehr fest, dass sich der Verlag gerade nicht darauf berufen k\u00f6nne, dass die GVR nicht mehr anwendbar seien. Wenn \u00fcberhaupt m\u00fcsste der Verlag konkrete Gr\u00fcnde nennen und belegen, warum die damals einvernehmlich festgesetzten Honorars\u00e4tze seit der K\u00fcndigung nicht mehr als angemessen anzusehen sein sollten. Eine pauschale Behauptung, dass die Zeitungsbranche mit Umsatzr\u00fcckg\u00e4ngen zu k\u00e4mpfen habe, sah das Gericht nicht als ausreichend an. Nach Ansicht des Gerichts sind die GVR nach wie vor jedenfalls als Orientierungshilfe f\u00fcr die Berechnung der angemessenen Verg\u00fctung heranzuziehen.<\/p>\n<p>Auch mit weiteren Angriffen gegen die Klageforderung konnte der Verlag nicht durchdringen. Insbesondere sah das Gericht in der Einigung auf angemessene Honorars\u00e4tze keinen Versto\u00df gegen das europ\u00e4isches Kartellrecht, wie es vom Verlag behauptet worden war.<\/p>\n<p>Der Journalistin wurde daher der geltend gemachte Nachverg\u00fctungsanspruch in voller H\u00f6he zugesprochen. F\u00fcr die von der Kl\u00e4gerin \u00fcber einen Zeitraum von gut zwei Jahren erbrachten Leistungen als Text- und Bildjournalistin wurde der Verlag zur Zahlung von rund 72.000 Euro (brutto) verurteilt.<\/p>\n","protected":false},"excerpt":{"rendered":"<p>Urheber sollen angemessen bezahlt werden. Dieser eigentlich selbstverst\u00e4ndliche Grundsatz ist im Urheberrecht seit 2002 verankert. Um eine angemessene Verg\u00fctung von freien Journalisten zu gew\u00e4hrleisten, hatten sich die Verleger- und die Journalistenverb\u00e4nde vor 10 Jahren auf sogenannte gemeinsame Verg\u00fctungsregeln (GVR) geeinigt. Diese Regeln bestimmen, wie hoch das Honorar f\u00fcr Textbeitr\u00e4ge und Fotos f\u00fcr Tageszeitungen sein muss. [&hellip;]<\/p>\n","protected":false},"author":1,"featured_media":0,"comment_status":"closed","ping_status":"closed","sticky":false,"template":"","format":"standard","meta":{"_has_post_settings":[],"footnotes":""},"categories":[15],"tags":[],"hashtags":[],"ppma_author":[84],"class_list":["post-8284","post","type-post","status-publish","format-standard","hentry","category-news","author-hoecker_adm"],"yoast_head":"<!-- This site is optimized with the Yoast SEO Premium plugin v25.9 (Yoast SEO v27.0) - https:\/\/yoast.com\/product\/yoast-seo-premium-wordpress\/ -->\n<title>Trotz K\u00fcndigung durch Verleger: Gemeinsame Verg\u00fctungsregeln f\u00fcr Journalisten anwendbar - Journalistin erh\u00e4lt Nachzahlung von rund 72.000 Euro zugesprochen. - H\u00d6CKER - der Blog<\/title>\n<meta name=\"robots\" content=\"index, follow, max-snippet:-1, max-image-preview:large, max-video-preview:-1\" \/>\n<link rel=\"canonical\" href=\"https:\/\/www.hoecker.eu\/blog\/trotz-kuendigung-durch-verleger-gemeinsame-verguetungsregeln-fuer-journalisten-anwendbar-journalistin-erhaelt-nachzahlung-von-rund-72-000-euro-zugesprochen\/\" \/>\n<meta property=\"og:locale\" content=\"de_DE\" \/>\n<meta property=\"og:type\" content=\"article\" \/>\n<meta property=\"og:title\" content=\"Trotz K\u00fcndigung durch Verleger: Gemeinsame Verg\u00fctungsregeln f\u00fcr Journalisten anwendbar - Journalistin erh\u00e4lt Nachzahlung von rund 72.000 Euro zugesprochen.\" \/>\n<meta property=\"og:description\" content=\"Urheber sollen angemessen bezahlt werden. Dieser eigentlich selbstverst\u00e4ndliche Grundsatz ist im Urheberrecht seit 2002 verankert. Um eine angemessene Verg\u00fctung von freien Journalisten zu gew\u00e4hrleisten, hatten sich die Verleger- und die Journalistenverb\u00e4nde vor 10 Jahren auf sogenannte gemeinsame Verg\u00fctungsregeln (GVR) geeinigt. Diese Regeln bestimmen, wie hoch das Honorar f\u00fcr Textbeitr\u00e4ge und Fotos f\u00fcr Tageszeitungen sein muss. [&hellip;]\" \/>\n<meta property=\"og:url\" content=\"https:\/\/www.hoecker.eu\/blog\/trotz-kuendigung-durch-verleger-gemeinsame-verguetungsregeln-fuer-journalisten-anwendbar-journalistin-erhaelt-nachzahlung-von-rund-72-000-euro-zugesprochen\/\" \/>\n<meta property=\"og:site_name\" content=\"H\u00d6CKER - der Blog\" \/>\n<meta property=\"article:publisher\" content=\"https:\/\/www.facebook.com\/HoeckerRAe\/\" \/>\n<meta property=\"article:author\" content=\"https:\/\/www.facebook.com\/ralf.hoecker\" \/>\n<meta property=\"article:published_time\" content=\"2020-02-13T12:19:00+00:00\" \/>\n<meta property=\"article:modified_time\" content=\"2025-02-17T13:56:03+00:00\" \/>\n<meta name=\"author\" content=\"Prof. Dr. Ralf H\u00f6cker\" \/>\n<meta name=\"twitter:card\" content=\"summary_large_image\" \/>\n<meta name=\"twitter:creator\" content=\"@Ralf_Hoecker\" \/>\n<meta name=\"twitter:site\" content=\"@hoecker_rae\" \/>\n<meta name=\"twitter:label1\" content=\"Verfasst von\" \/>\n\t<meta name=\"twitter:data1\" content=\"Prof. Dr. Ralf H\u00f6cker\" \/>\n\t<meta name=\"twitter:label2\" content=\"Gesch\u00e4tzte Lesezeit\" \/>\n\t<meta name=\"twitter:data2\" content=\"2\u00a0Minuten\" \/>\n<script type=\"application\/ld+json\" class=\"yoast-schema-graph\">{\"@context\":\"https:\/\/schema.org\",\"@graph\":[{\"@type\":\"Article\",\"@id\":\"https:\/\/www.hoecker.eu\/blog\/trotz-kuendigung-durch-verleger-gemeinsame-verguetungsregeln-fuer-journalisten-anwendbar-journalistin-erhaelt-nachzahlung-von-rund-72-000-euro-zugesprochen\/#article\",\"isPartOf\":{\"@id\":\"https:\/\/www.hoecker.eu\/blog\/trotz-kuendigung-durch-verleger-gemeinsame-verguetungsregeln-fuer-journalisten-anwendbar-journalistin-erhaelt-nachzahlung-von-rund-72-000-euro-zugesprochen\/\"},\"author\":{\"name\":\"Prof. Dr. Ralf H\u00f6cker\",\"@id\":\"https:\/\/www.hoecker.eu\/blog\/#\/schema\/person\/08f95581eed0534eccd0b2438f7a1cab\"},\"headline\":\"Trotz K\u00fcndigung durch Verleger: Gemeinsame Verg\u00fctungsregeln f\u00fcr Journalisten anwendbar &#8211; Journalistin erh\u00e4lt Nachzahlung von rund 72.000 Euro zugesprochen.\",\"datePublished\":\"2020-02-13T12:19:00+00:00\",\"dateModified\":\"2025-02-17T13:56:03+00:00\",\"mainEntityOfPage\":{\"@id\":\"https:\/\/www.hoecker.eu\/blog\/trotz-kuendigung-durch-verleger-gemeinsame-verguetungsregeln-fuer-journalisten-anwendbar-journalistin-erhaelt-nachzahlung-von-rund-72-000-euro-zugesprochen\/\"},\"wordCount\":340,\"publisher\":{\"@id\":\"https:\/\/www.hoecker.eu\/blog\/#organization\"},\"articleSection\":[\"News\"],\"inLanguage\":\"de\"},{\"@type\":\"WebPage\",\"@id\":\"https:\/\/www.hoecker.eu\/blog\/trotz-kuendigung-durch-verleger-gemeinsame-verguetungsregeln-fuer-journalisten-anwendbar-journalistin-erhaelt-nachzahlung-von-rund-72-000-euro-zugesprochen\/\",\"url\":\"https:\/\/www.hoecker.eu\/blog\/trotz-kuendigung-durch-verleger-gemeinsame-verguetungsregeln-fuer-journalisten-anwendbar-journalistin-erhaelt-nachzahlung-von-rund-72-000-euro-zugesprochen\/\",\"name\":\"Trotz K\u00fcndigung durch Verleger: Gemeinsame Verg\u00fctungsregeln f\u00fcr Journalisten anwendbar - Journalistin erh\u00e4lt Nachzahlung von rund 72.000 Euro zugesprochen. - H\u00d6CKER - der Blog\",\"isPartOf\":{\"@id\":\"https:\/\/www.hoecker.eu\/blog\/#website\"},\"datePublished\":\"2020-02-13T12:19:00+00:00\",\"dateModified\":\"2025-02-17T13:56:03+00:00\",\"breadcrumb\":{\"@id\":\"https:\/\/www.hoecker.eu\/blog\/trotz-kuendigung-durch-verleger-gemeinsame-verguetungsregeln-fuer-journalisten-anwendbar-journalistin-erhaelt-nachzahlung-von-rund-72-000-euro-zugesprochen\/#breadcrumb\"},\"inLanguage\":\"de\",\"potentialAction\":[{\"@type\":\"ReadAction\",\"target\":[\"https:\/\/www.hoecker.eu\/blog\/trotz-kuendigung-durch-verleger-gemeinsame-verguetungsregeln-fuer-journalisten-anwendbar-journalistin-erhaelt-nachzahlung-von-rund-72-000-euro-zugesprochen\/\"]}]},{\"@type\":\"BreadcrumbList\",\"@id\":\"https:\/\/www.hoecker.eu\/blog\/trotz-kuendigung-durch-verleger-gemeinsame-verguetungsregeln-fuer-journalisten-anwendbar-journalistin-erhaelt-nachzahlung-von-rund-72-000-euro-zugesprochen\/#breadcrumb\",\"itemListElement\":[{\"@type\":\"ListItem\",\"position\":1,\"name\":\"Startseite\",\"item\":\"https:\/\/dev.hoecker.eu\/blog\/\"},{\"@type\":\"ListItem\",\"position\":2,\"name\":\"Trotz K\u00fcndigung durch Verleger: Gemeinsame Verg\u00fctungsregeln f\u00fcr Journalisten anwendbar &#8211; Journalistin erh\u00e4lt Nachzahlung von rund 72.000 Euro zugesprochen.\"}]},{\"@type\":\"WebSite\",\"@id\":\"https:\/\/www.hoecker.eu\/blog\/#website\",\"url\":\"https:\/\/www.hoecker.eu\/blog\/\",\"name\":\"H\u00d6CKER - der Blog\",\"description\":\"Expertenblog f\u00fcr \u00c4u\u00dferungs-, Medien-, Marken-, Urheber- und Wettbewerbsrecht.\",\"publisher\":{\"@id\":\"https:\/\/www.hoecker.eu\/blog\/#organization\"},\"potentialAction\":[{\"@type\":\"SearchAction\",\"target\":{\"@type\":\"EntryPoint\",\"urlTemplate\":\"https:\/\/www.hoecker.eu\/blog\/?s={search_term_string}\"},\"query-input\":{\"@type\":\"PropertyValueSpecification\",\"valueRequired\":true,\"valueName\":\"search_term_string\"}}],\"inLanguage\":\"de\"},{\"@type\":\"Organization\",\"@id\":\"https:\/\/www.hoecker.eu\/blog\/#organization\",\"name\":\"H\u00d6CKER Rechtsanw\u00e4lte PartGmbB\",\"alternateName\":\"H\u00d6CKER\",\"url\":\"https:\/\/www.hoecker.eu\/blog\/\",\"logo\":{\"@type\":\"ImageObject\",\"inLanguage\":\"de\",\"@id\":\"https:\/\/www.hoecker.eu\/blog\/#\/schema\/logo\/image\/\",\"url\":\"https:\/\/www.hoecker.eu\/blog\/wp-content\/uploads\/2025\/03\/Blog-Logo.webp\",\"contentUrl\":\"https:\/\/www.hoecker.eu\/blog\/wp-content\/uploads\/2025\/03\/Blog-Logo.webp\",\"width\":500,\"height\":500,\"caption\":\"H\u00d6CKER Rechtsanw\u00e4lte PartGmbB\"},\"image\":{\"@id\":\"https:\/\/www.hoecker.eu\/blog\/#\/schema\/logo\/image\/\"},\"sameAs\":[\"https:\/\/www.facebook.com\/HoeckerRAe\/\",\"https:\/\/x.com\/hoecker_rae\",\"https:\/\/www.linkedin.com\/company\/hcker-rechtsanwlte\/\",\"https:\/\/www.instagram.com\/hoecker_rae\/\"],\"email\":\"contact@hoecker.eu\",\"telephone\":\"+ 49 (0)221-933 19-10\",\"legalName\":\"H\u00d6CKER Rechtsanw\u00e4lte PartGmbB\",\"numberOfEmployees\":{\"@type\":\"QuantitativeValue\",\"minValue\":\"11\",\"maxValue\":\"50\"}},{\"@type\":\"Person\",\"@id\":\"https:\/\/www.hoecker.eu\/blog\/#\/schema\/person\/08f95581eed0534eccd0b2438f7a1cab\",\"name\":\"Prof. Dr. Ralf H\u00f6cker\",\"description\":\"Medienanwalt. Besch\u00fctzer vor mieser Presse\",\"sameAs\":[\"https:\/\/www.hoecker.eu\/wer\/prof-dr-ralf-hoecker\",\"https:\/\/www.facebook.com\/ralf.hoecker\",\"https:\/\/www.linkedin.com\/in\/prof-dr-ralf-hcker-ll-m-london-17987826\/\",\"https:\/\/x.com\/Ralf_Hoecker\"],\"url\":\"https:\/\/www.hoecker.eu\/blog\/author\/hoecker_adm\/\"}]}<\/script>\n<!-- \/ Yoast SEO Premium plugin. -->","yoast_head_json":{"title":"Trotz K\u00fcndigung durch Verleger: Gemeinsame Verg\u00fctungsregeln f\u00fcr Journalisten anwendbar - Journalistin erh\u00e4lt Nachzahlung von rund 72.000 Euro zugesprochen. - H\u00d6CKER - der Blog","robots":{"index":"index","follow":"follow","max-snippet":"max-snippet:-1","max-image-preview":"max-image-preview:large","max-video-preview":"max-video-preview:-1"},"canonical":"https:\/\/www.hoecker.eu\/blog\/trotz-kuendigung-durch-verleger-gemeinsame-verguetungsregeln-fuer-journalisten-anwendbar-journalistin-erhaelt-nachzahlung-von-rund-72-000-euro-zugesprochen\/","og_locale":"de_DE","og_type":"article","og_title":"Trotz K\u00fcndigung durch Verleger: Gemeinsame Verg\u00fctungsregeln f\u00fcr Journalisten anwendbar - Journalistin erh\u00e4lt Nachzahlung von rund 72.000 Euro zugesprochen.","og_description":"Urheber sollen angemessen bezahlt werden. Dieser eigentlich selbstverst\u00e4ndliche Grundsatz ist im Urheberrecht seit 2002 verankert. Um eine angemessene Verg\u00fctung von freien Journalisten zu gew\u00e4hrleisten, hatten sich die Verleger- und die Journalistenverb\u00e4nde vor 10 Jahren auf sogenannte gemeinsame Verg\u00fctungsregeln (GVR) geeinigt. Diese Regeln bestimmen, wie hoch das Honorar f\u00fcr Textbeitr\u00e4ge und Fotos f\u00fcr Tageszeitungen sein muss. [&hellip;]","og_url":"https:\/\/www.hoecker.eu\/blog\/trotz-kuendigung-durch-verleger-gemeinsame-verguetungsregeln-fuer-journalisten-anwendbar-journalistin-erhaelt-nachzahlung-von-rund-72-000-euro-zugesprochen\/","og_site_name":"H\u00d6CKER - der Blog","article_publisher":"https:\/\/www.facebook.com\/HoeckerRAe\/","article_author":"https:\/\/www.facebook.com\/ralf.hoecker","article_published_time":"2020-02-13T12:19:00+00:00","article_modified_time":"2025-02-17T13:56:03+00:00","author":"Prof. Dr. Ralf H\u00f6cker","twitter_card":"summary_large_image","twitter_creator":"@Ralf_Hoecker","twitter_site":"@hoecker_rae","twitter_misc":{"Verfasst von":"Prof. Dr. Ralf H\u00f6cker","Gesch\u00e4tzte Lesezeit":"2\u00a0Minuten"},"schema":{"@context":"https:\/\/schema.org","@graph":[{"@type":"Article","@id":"https:\/\/www.hoecker.eu\/blog\/trotz-kuendigung-durch-verleger-gemeinsame-verguetungsregeln-fuer-journalisten-anwendbar-journalistin-erhaelt-nachzahlung-von-rund-72-000-euro-zugesprochen\/#article","isPartOf":{"@id":"https:\/\/www.hoecker.eu\/blog\/trotz-kuendigung-durch-verleger-gemeinsame-verguetungsregeln-fuer-journalisten-anwendbar-journalistin-erhaelt-nachzahlung-von-rund-72-000-euro-zugesprochen\/"},"author":{"name":"Prof. Dr. Ralf H\u00f6cker","@id":"https:\/\/www.hoecker.eu\/blog\/#\/schema\/person\/08f95581eed0534eccd0b2438f7a1cab"},"headline":"Trotz K\u00fcndigung durch Verleger: Gemeinsame Verg\u00fctungsregeln f\u00fcr Journalisten anwendbar &#8211; Journalistin erh\u00e4lt Nachzahlung von rund 72.000 Euro zugesprochen.","datePublished":"2020-02-13T12:19:00+00:00","dateModified":"2025-02-17T13:56:03+00:00","mainEntityOfPage":{"@id":"https:\/\/www.hoecker.eu\/blog\/trotz-kuendigung-durch-verleger-gemeinsame-verguetungsregeln-fuer-journalisten-anwendbar-journalistin-erhaelt-nachzahlung-von-rund-72-000-euro-zugesprochen\/"},"wordCount":340,"publisher":{"@id":"https:\/\/www.hoecker.eu\/blog\/#organization"},"articleSection":["News"],"inLanguage":"de"},{"@type":"WebPage","@id":"https:\/\/www.hoecker.eu\/blog\/trotz-kuendigung-durch-verleger-gemeinsame-verguetungsregeln-fuer-journalisten-anwendbar-journalistin-erhaelt-nachzahlung-von-rund-72-000-euro-zugesprochen\/","url":"https:\/\/www.hoecker.eu\/blog\/trotz-kuendigung-durch-verleger-gemeinsame-verguetungsregeln-fuer-journalisten-anwendbar-journalistin-erhaelt-nachzahlung-von-rund-72-000-euro-zugesprochen\/","name":"Trotz K\u00fcndigung durch Verleger: Gemeinsame Verg\u00fctungsregeln f\u00fcr Journalisten anwendbar - Journalistin erh\u00e4lt Nachzahlung von rund 72.000 Euro zugesprochen. - H\u00d6CKER - der Blog","isPartOf":{"@id":"https:\/\/www.hoecker.eu\/blog\/#website"},"datePublished":"2020-02-13T12:19:00+00:00","dateModified":"2025-02-17T13:56:03+00:00","breadcrumb":{"@id":"https:\/\/www.hoecker.eu\/blog\/trotz-kuendigung-durch-verleger-gemeinsame-verguetungsregeln-fuer-journalisten-anwendbar-journalistin-erhaelt-nachzahlung-von-rund-72-000-euro-zugesprochen\/#breadcrumb"},"inLanguage":"de","potentialAction":[{"@type":"ReadAction","target":["https:\/\/www.hoecker.eu\/blog\/trotz-kuendigung-durch-verleger-gemeinsame-verguetungsregeln-fuer-journalisten-anwendbar-journalistin-erhaelt-nachzahlung-von-rund-72-000-euro-zugesprochen\/"]}]},{"@type":"BreadcrumbList","@id":"https:\/\/www.hoecker.eu\/blog\/trotz-kuendigung-durch-verleger-gemeinsame-verguetungsregeln-fuer-journalisten-anwendbar-journalistin-erhaelt-nachzahlung-von-rund-72-000-euro-zugesprochen\/#breadcrumb","itemListElement":[{"@type":"ListItem","position":1,"name":"Startseite","item":"https:\/\/dev.hoecker.eu\/blog\/"},{"@type":"ListItem","position":2,"name":"Trotz K\u00fcndigung durch Verleger: Gemeinsame Verg\u00fctungsregeln f\u00fcr Journalisten anwendbar &#8211; Journalistin erh\u00e4lt Nachzahlung von rund 72.000 Euro zugesprochen."}]},{"@type":"WebSite","@id":"https:\/\/www.hoecker.eu\/blog\/#website","url":"https:\/\/www.hoecker.eu\/blog\/","name":"H\u00d6CKER - der Blog","description":"Expertenblog f\u00fcr \u00c4u\u00dferungs-, Medien-, Marken-, Urheber- und Wettbewerbsrecht.","publisher":{"@id":"https:\/\/www.hoecker.eu\/blog\/#organization"},"potentialAction":[{"@type":"SearchAction","target":{"@type":"EntryPoint","urlTemplate":"https:\/\/www.hoecker.eu\/blog\/?s={search_term_string}"},"query-input":{"@type":"PropertyValueSpecification","valueRequired":true,"valueName":"search_term_string"}}],"inLanguage":"de"},{"@type":"Organization","@id":"https:\/\/www.hoecker.eu\/blog\/#organization","name":"H\u00d6CKER Rechtsanw\u00e4lte PartGmbB","alternateName":"H\u00d6CKER","url":"https:\/\/www.hoecker.eu\/blog\/","logo":{"@type":"ImageObject","inLanguage":"de","@id":"https:\/\/www.hoecker.eu\/blog\/#\/schema\/logo\/image\/","url":"https:\/\/www.hoecker.eu\/blog\/wp-content\/uploads\/2025\/03\/Blog-Logo.webp","contentUrl":"https:\/\/www.hoecker.eu\/blog\/wp-content\/uploads\/2025\/03\/Blog-Logo.webp","width":500,"height":500,"caption":"H\u00d6CKER Rechtsanw\u00e4lte PartGmbB"},"image":{"@id":"https:\/\/www.hoecker.eu\/blog\/#\/schema\/logo\/image\/"},"sameAs":["https:\/\/www.facebook.com\/HoeckerRAe\/","https:\/\/x.com\/hoecker_rae","https:\/\/www.linkedin.com\/company\/hcker-rechtsanwlte\/","https:\/\/www.instagram.com\/hoecker_rae\/"],"email":"contact@hoecker.eu","telephone":"+ 49 (0)221-933 19-10","legalName":"H\u00d6CKER Rechtsanw\u00e4lte PartGmbB","numberOfEmployees":{"@type":"QuantitativeValue","minValue":"11","maxValue":"50"}},{"@type":"Person","@id":"https:\/\/www.hoecker.eu\/blog\/#\/schema\/person\/08f95581eed0534eccd0b2438f7a1cab","name":"Prof. Dr. Ralf H\u00f6cker","description":"Medienanwalt. Besch\u00fctzer vor mieser Presse","sameAs":["https:\/\/www.hoecker.eu\/wer\/prof-dr-ralf-hoecker","https:\/\/www.facebook.com\/ralf.hoecker","https:\/\/www.linkedin.com\/in\/prof-dr-ralf-hcker-ll-m-london-17987826\/","https:\/\/x.com\/Ralf_Hoecker"],"url":"https:\/\/www.hoecker.eu\/blog\/author\/hoecker_adm\/"}]}},"authors":[{"term_id":84,"user_id":1,"is_guest":0,"slug":"hoecker_adm","display_name":"Prof. Dr. Ralf H\u00f6cker","avatar_url":{"url":"https:\/\/www.hoecker.eu\/blog\/wp-content\/uploads\/2023\/12\/ProfDrRalfHoecker.jpg","url2x":"https:\/\/www.hoecker.eu\/blog\/wp-content\/uploads\/2023\/12\/ProfDrRalfHoecker.jpg"},"0":null,"1":"","2":"","3":"","4":"","5":"","6":"","7":"","8":"","9":"","10":"","11":""}],"_links":{"self":[{"href":"https:\/\/www.hoecker.eu\/blog\/wp-json\/wp\/v2\/posts\/8284","targetHints":{"allow":["GET"]}}],"collection":[{"href":"https:\/\/www.hoecker.eu\/blog\/wp-json\/wp\/v2\/posts"}],"about":[{"href":"https:\/\/www.hoecker.eu\/blog\/wp-json\/wp\/v2\/types\/post"}],"author":[{"embeddable":true,"href":"https:\/\/www.hoecker.eu\/blog\/wp-json\/wp\/v2\/users\/1"}],"replies":[{"embeddable":true,"href":"https:\/\/www.hoecker.eu\/blog\/wp-json\/wp\/v2\/comments?post=8284"}],"version-history":[{"count":1,"href":"https:\/\/www.hoecker.eu\/blog\/wp-json\/wp\/v2\/posts\/8284\/revisions"}],"predecessor-version":[{"id":9406,"href":"https:\/\/www.hoecker.eu\/blog\/wp-json\/wp\/v2\/posts\/8284\/revisions\/9406"}],"wp:attachment":[{"href":"https:\/\/www.hoecker.eu\/blog\/wp-json\/wp\/v2\/media?parent=8284"}],"wp:term":[{"taxonomy":"category","embeddable":true,"href":"https:\/\/www.hoecker.eu\/blog\/wp-json\/wp\/v2\/categories?post=8284"},{"taxonomy":"post_tag","embeddable":true,"href":"https:\/\/www.hoecker.eu\/blog\/wp-json\/wp\/v2\/tags?post=8284"},{"taxonomy":"hashtags","embeddable":true,"href":"https:\/\/www.hoecker.eu\/blog\/wp-json\/wp\/v2\/hashtags?post=8284"},{"taxonomy":"author","embeddable":true,"href":"https:\/\/www.hoecker.eu\/blog\/wp-json\/wp\/v2\/ppma_author?post=8284"}],"curies":[{"name":"wp","href":"https:\/\/api.w.org\/{rel}","templated":true}]}}