{"id":8281,"date":"2020-07-21T17:34:00","date_gmt":"2020-07-21T15:34:00","guid":{"rendered":"https:\/\/www.hoecker.eu\/blog\/nicht-jede-scharfe-kritik-ist-ein-gleichzeitig-auch-ein-schwerwiegender-rechtsverstoss-journalistin-erhaelt-keine-geldentschaedigung-wegen-twitter-aeusserung\/"},"modified":"2025-02-17T14:56:02","modified_gmt":"2025-02-17T13:56:02","slug":"nicht-jede-scharfe-kritik-ist-ein-gleichzeitig-auch-ein-schwerwiegender-rechtsverstoss-journalistin-erhaelt-keine-geldentschaedigung-wegen-twitter-aeusserung","status":"publish","type":"post","link":"https:\/\/www.hoecker.eu\/blog\/nicht-jede-scharfe-kritik-ist-ein-gleichzeitig-auch-ein-schwerwiegender-rechtsverstoss-journalistin-erhaelt-keine-geldentschaedigung-wegen-twitter-aeusserung\/","title":{"rendered":"Nicht jede scharfe Kritik ist ein gleichzeitig auch ein schwerwiegender Rechtsversto\u00df: Journalistin erh\u00e4lt keine Geldentsch\u00e4digung wegen Twitter-\u00c4u\u00dferung."},"content":{"rendered":"<p>Eine Journalistin hatte auf Twitter \u201e<em>Nazis raus<\/em>\u201c geschrieben. Auf die Nachfrage eines anderen Twitter-Nutzers, wer f\u00fcr sie ein Nazi sei, antwortete sie \u201e<em>Jede\/r, der\/die nicht die Gr\u00fcnen w\u00e4hlt<\/em>\u201c. Eine andere Twitter-Nutzerin schrieb daraufhin\n<\/p>\n<p>\u201e<em>Wie geistig minderbemittelt muss man sein, um so einen Stuss zu schreiben?<\/em>\u201c.\n<\/p>\n<p>Die Journalistin mahnte die Twitter-Nutzerin wegen der letztgenannten \u00c4u\u00dferung ab und verlangte die Zahlung einer Geldentsch\u00e4digung in H\u00f6he von EUR 7.500. Die Twitter-Nutzerin verteidigte sich mit H\u00d6CKER gegen die Klage.\n<\/p>\n<p>Das LG Frankfurt a.M. (Urt. v. 04.06.2020, Az. 2-03 O 355\/19, n.rkr.) wies die Klage ab und verurteilte die Journalistin zur \u00dcbernahme der Kosten des Rechtsstreits. Das Gericht folgte der Auffassung von H\u00d6CKER, dass nicht jede Rechtsverletzung einen Anspruch auf Geldentsch\u00e4digung ausl\u00f6sen kann. Nur wenn es sich um einen besonders schweren Eingriff in das allgemeine Pers\u00f6nlichkeitsrecht handelt und die Beeintr\u00e4chtigung nicht auf andere Weise befriedigt werden kann, kann eine Geldentsch\u00e4digung zugesprochen werden.\n<\/p>\n<p>Im vorliegenden Fall erachteten die Richter den Eingriff in das allgemeine Pers\u00f6nlichkeitsrecht jedoch nicht als derart schwerwiegend, dass er nicht auf andere Weise ausgeglichen werden k\u00f6nnte. Das Genugtuungsinteresse der Journalistin sei bereits dadurch befriedigt, dass sie eine einstweilige Verf\u00fcgung erwirkt hatte, gerichtet auf die Unterlassung der \u00c4u\u00dferung. Zudem m\u00fcsse sich die Beklagte die \u00c4u\u00dferungen weiterer Twitter-Nutzer nicht zurechnen lassen.<\/p>\n","protected":false},"excerpt":{"rendered":"<p>Eine Journalistin hatte auf Twitter \u201eNazis raus\u201c geschrieben. Auf die Nachfrage eines anderen Twitter-Nutzers, wer f\u00fcr sie ein Nazi sei, antwortete sie \u201eJede\/r, der\/die nicht die Gr\u00fcnen w\u00e4hlt\u201c. Eine andere Twitter-Nutzerin schrieb daraufhin \u201eWie geistig minderbemittelt muss man sein, um so einen Stuss zu schreiben?\u201c. Die Journalistin mahnte die Twitter-Nutzerin wegen der letztgenannten \u00c4u\u00dferung ab [&hellip;]<\/p>\n","protected":false},"author":1,"featured_media":0,"comment_status":"closed","ping_status":"closed","sticky":false,"template":"","format":"standard","meta":{"_has_post_settings":[],"footnotes":""},"categories":[15],"tags":[],"hashtags":[],"ppma_author":[84],"class_list":["post-8281","post","type-post","status-publish","format-standard","hentry","category-news","author-hoecker_adm"],"yoast_head":"<!-- This site is optimized with the Yoast SEO Premium plugin v25.9 (Yoast SEO v27.0) - https:\/\/yoast.com\/product\/yoast-seo-premium-wordpress\/ -->\n<title>Nicht jede scharfe Kritik ist ein gleichzeitig auch ein schwerwiegender Rechtsversto\u00df: Journalistin erh\u00e4lt keine Geldentsch\u00e4digung wegen Twitter-\u00c4u\u00dferung. - H\u00d6CKER - der Blog<\/title>\n<meta name=\"robots\" content=\"index, follow, max-snippet:-1, max-image-preview:large, max-video-preview:-1\" \/>\n<link rel=\"canonical\" href=\"https:\/\/www.hoecker.eu\/blog\/nicht-jede-scharfe-kritik-ist-ein-gleichzeitig-auch-ein-schwerwiegender-rechtsverstoss-journalistin-erhaelt-keine-geldentschaedigung-wegen-twitter-aeusserung\/\" \/>\n<meta property=\"og:locale\" content=\"de_DE\" \/>\n<meta property=\"og:type\" content=\"article\" \/>\n<meta property=\"og:title\" content=\"Nicht jede scharfe Kritik ist ein gleichzeitig auch ein schwerwiegender Rechtsversto\u00df: Journalistin erh\u00e4lt keine Geldentsch\u00e4digung wegen Twitter-\u00c4u\u00dferung.\" \/>\n<meta property=\"og:description\" content=\"Eine Journalistin hatte auf Twitter \u201eNazis raus\u201c geschrieben. Auf die Nachfrage eines anderen Twitter-Nutzers, wer f\u00fcr sie ein Nazi sei, antwortete sie \u201eJede\/r, der\/die nicht die Gr\u00fcnen w\u00e4hlt\u201c. Eine andere Twitter-Nutzerin schrieb daraufhin \u201eWie geistig minderbemittelt muss man sein, um so einen Stuss zu schreiben?\u201c. Die Journalistin mahnte die Twitter-Nutzerin wegen der letztgenannten \u00c4u\u00dferung ab [&hellip;]\" \/>\n<meta property=\"og:url\" content=\"https:\/\/www.hoecker.eu\/blog\/nicht-jede-scharfe-kritik-ist-ein-gleichzeitig-auch-ein-schwerwiegender-rechtsverstoss-journalistin-erhaelt-keine-geldentschaedigung-wegen-twitter-aeusserung\/\" \/>\n<meta property=\"og:site_name\" content=\"H\u00d6CKER - der Blog\" \/>\n<meta property=\"article:publisher\" content=\"https:\/\/www.facebook.com\/HoeckerRAe\/\" \/>\n<meta property=\"article:author\" content=\"https:\/\/www.facebook.com\/ralf.hoecker\" \/>\n<meta property=\"article:published_time\" content=\"2020-07-21T15:34:00+00:00\" \/>\n<meta property=\"article:modified_time\" content=\"2025-02-17T13:56:02+00:00\" \/>\n<meta name=\"author\" content=\"Prof. Dr. Ralf H\u00f6cker\" \/>\n<meta name=\"twitter:card\" content=\"summary_large_image\" \/>\n<meta name=\"twitter:creator\" content=\"@Ralf_Hoecker\" \/>\n<meta name=\"twitter:site\" content=\"@hoecker_rae\" \/>\n<meta name=\"twitter:label1\" content=\"Verfasst von\" \/>\n\t<meta name=\"twitter:data1\" content=\"Prof. Dr. Ralf H\u00f6cker\" \/>\n\t<meta name=\"twitter:label2\" content=\"Gesch\u00e4tzte Lesezeit\" \/>\n\t<meta name=\"twitter:data2\" content=\"1\u00a0Minute\" \/>\n<script type=\"application\/ld+json\" class=\"yoast-schema-graph\">{\"@context\":\"https:\/\/schema.org\",\"@graph\":[{\"@type\":\"Article\",\"@id\":\"https:\/\/www.hoecker.eu\/blog\/nicht-jede-scharfe-kritik-ist-ein-gleichzeitig-auch-ein-schwerwiegender-rechtsverstoss-journalistin-erhaelt-keine-geldentschaedigung-wegen-twitter-aeusserung\/#article\",\"isPartOf\":{\"@id\":\"https:\/\/www.hoecker.eu\/blog\/nicht-jede-scharfe-kritik-ist-ein-gleichzeitig-auch-ein-schwerwiegender-rechtsverstoss-journalistin-erhaelt-keine-geldentschaedigung-wegen-twitter-aeusserung\/\"},\"author\":{\"name\":\"Prof. Dr. Ralf H\u00f6cker\",\"@id\":\"https:\/\/www.hoecker.eu\/blog\/#\/schema\/person\/08f95581eed0534eccd0b2438f7a1cab\"},\"headline\":\"Nicht jede scharfe Kritik ist ein gleichzeitig auch ein schwerwiegender Rechtsversto\u00df: Journalistin erh\u00e4lt keine Geldentsch\u00e4digung wegen Twitter-\u00c4u\u00dferung.\",\"datePublished\":\"2020-07-21T15:34:00+00:00\",\"dateModified\":\"2025-02-17T13:56:02+00:00\",\"mainEntityOfPage\":{\"@id\":\"https:\/\/www.hoecker.eu\/blog\/nicht-jede-scharfe-kritik-ist-ein-gleichzeitig-auch-ein-schwerwiegender-rechtsverstoss-journalistin-erhaelt-keine-geldentschaedigung-wegen-twitter-aeusserung\/\"},\"wordCount\":247,\"publisher\":{\"@id\":\"https:\/\/www.hoecker.eu\/blog\/#organization\"},\"articleSection\":[\"News\"],\"inLanguage\":\"de\"},{\"@type\":\"WebPage\",\"@id\":\"https:\/\/www.hoecker.eu\/blog\/nicht-jede-scharfe-kritik-ist-ein-gleichzeitig-auch-ein-schwerwiegender-rechtsverstoss-journalistin-erhaelt-keine-geldentschaedigung-wegen-twitter-aeusserung\/\",\"url\":\"https:\/\/www.hoecker.eu\/blog\/nicht-jede-scharfe-kritik-ist-ein-gleichzeitig-auch-ein-schwerwiegender-rechtsverstoss-journalistin-erhaelt-keine-geldentschaedigung-wegen-twitter-aeusserung\/\",\"name\":\"Nicht jede scharfe Kritik ist ein gleichzeitig auch ein schwerwiegender Rechtsversto\u00df: Journalistin erh\u00e4lt keine Geldentsch\u00e4digung wegen Twitter-\u00c4u\u00dferung. - H\u00d6CKER - der Blog\",\"isPartOf\":{\"@id\":\"https:\/\/www.hoecker.eu\/blog\/#website\"},\"datePublished\":\"2020-07-21T15:34:00+00:00\",\"dateModified\":\"2025-02-17T13:56:02+00:00\",\"breadcrumb\":{\"@id\":\"https:\/\/www.hoecker.eu\/blog\/nicht-jede-scharfe-kritik-ist-ein-gleichzeitig-auch-ein-schwerwiegender-rechtsverstoss-journalistin-erhaelt-keine-geldentschaedigung-wegen-twitter-aeusserung\/#breadcrumb\"},\"inLanguage\":\"de\",\"potentialAction\":[{\"@type\":\"ReadAction\",\"target\":[\"https:\/\/www.hoecker.eu\/blog\/nicht-jede-scharfe-kritik-ist-ein-gleichzeitig-auch-ein-schwerwiegender-rechtsverstoss-journalistin-erhaelt-keine-geldentschaedigung-wegen-twitter-aeusserung\/\"]}]},{\"@type\":\"BreadcrumbList\",\"@id\":\"https:\/\/www.hoecker.eu\/blog\/nicht-jede-scharfe-kritik-ist-ein-gleichzeitig-auch-ein-schwerwiegender-rechtsverstoss-journalistin-erhaelt-keine-geldentschaedigung-wegen-twitter-aeusserung\/#breadcrumb\",\"itemListElement\":[{\"@type\":\"ListItem\",\"position\":1,\"name\":\"Startseite\",\"item\":\"https:\/\/dev.hoecker.eu\/blog\/\"},{\"@type\":\"ListItem\",\"position\":2,\"name\":\"Nicht jede scharfe Kritik ist ein gleichzeitig auch ein schwerwiegender Rechtsversto\u00df: Journalistin erh\u00e4lt keine Geldentsch\u00e4digung wegen Twitter-\u00c4u\u00dferung.\"}]},{\"@type\":\"WebSite\",\"@id\":\"https:\/\/www.hoecker.eu\/blog\/#website\",\"url\":\"https:\/\/www.hoecker.eu\/blog\/\",\"name\":\"H\u00d6CKER - der Blog\",\"description\":\"Expertenblog f\u00fcr \u00c4u\u00dferungs-, Medien-, Marken-, Urheber- und Wettbewerbsrecht.\",\"publisher\":{\"@id\":\"https:\/\/www.hoecker.eu\/blog\/#organization\"},\"potentialAction\":[{\"@type\":\"SearchAction\",\"target\":{\"@type\":\"EntryPoint\",\"urlTemplate\":\"https:\/\/www.hoecker.eu\/blog\/?s={search_term_string}\"},\"query-input\":{\"@type\":\"PropertyValueSpecification\",\"valueRequired\":true,\"valueName\":\"search_term_string\"}}],\"inLanguage\":\"de\"},{\"@type\":\"Organization\",\"@id\":\"https:\/\/www.hoecker.eu\/blog\/#organization\",\"name\":\"H\u00d6CKER Rechtsanw\u00e4lte PartGmbB\",\"alternateName\":\"H\u00d6CKER\",\"url\":\"https:\/\/www.hoecker.eu\/blog\/\",\"logo\":{\"@type\":\"ImageObject\",\"inLanguage\":\"de\",\"@id\":\"https:\/\/www.hoecker.eu\/blog\/#\/schema\/logo\/image\/\",\"url\":\"https:\/\/www.hoecker.eu\/blog\/wp-content\/uploads\/2025\/03\/Blog-Logo.webp\",\"contentUrl\":\"https:\/\/www.hoecker.eu\/blog\/wp-content\/uploads\/2025\/03\/Blog-Logo.webp\",\"width\":500,\"height\":500,\"caption\":\"H\u00d6CKER Rechtsanw\u00e4lte PartGmbB\"},\"image\":{\"@id\":\"https:\/\/www.hoecker.eu\/blog\/#\/schema\/logo\/image\/\"},\"sameAs\":[\"https:\/\/www.facebook.com\/HoeckerRAe\/\",\"https:\/\/x.com\/hoecker_rae\",\"https:\/\/www.linkedin.com\/company\/hcker-rechtsanwlte\/\",\"https:\/\/www.instagram.com\/hoecker_rae\/\"],\"email\":\"contact@hoecker.eu\",\"telephone\":\"+ 49 (0)221-933 19-10\",\"legalName\":\"H\u00d6CKER Rechtsanw\u00e4lte PartGmbB\",\"numberOfEmployees\":{\"@type\":\"QuantitativeValue\",\"minValue\":\"11\",\"maxValue\":\"50\"}},{\"@type\":\"Person\",\"@id\":\"https:\/\/www.hoecker.eu\/blog\/#\/schema\/person\/08f95581eed0534eccd0b2438f7a1cab\",\"name\":\"Prof. Dr. Ralf H\u00f6cker\",\"description\":\"Medienanwalt. Besch\u00fctzer vor mieser Presse\",\"sameAs\":[\"https:\/\/www.hoecker.eu\/wer\/prof-dr-ralf-hoecker\",\"https:\/\/www.facebook.com\/ralf.hoecker\",\"https:\/\/www.linkedin.com\/in\/prof-dr-ralf-hcker-ll-m-london-17987826\/\",\"https:\/\/x.com\/Ralf_Hoecker\"],\"url\":\"https:\/\/www.hoecker.eu\/blog\/author\/hoecker_adm\/\"}]}<\/script>\n<!-- \/ Yoast SEO Premium plugin. -->","yoast_head_json":{"title":"Nicht jede scharfe Kritik ist ein gleichzeitig auch ein schwerwiegender Rechtsversto\u00df: Journalistin erh\u00e4lt keine Geldentsch\u00e4digung wegen Twitter-\u00c4u\u00dferung. - H\u00d6CKER - der Blog","robots":{"index":"index","follow":"follow","max-snippet":"max-snippet:-1","max-image-preview":"max-image-preview:large","max-video-preview":"max-video-preview:-1"},"canonical":"https:\/\/www.hoecker.eu\/blog\/nicht-jede-scharfe-kritik-ist-ein-gleichzeitig-auch-ein-schwerwiegender-rechtsverstoss-journalistin-erhaelt-keine-geldentschaedigung-wegen-twitter-aeusserung\/","og_locale":"de_DE","og_type":"article","og_title":"Nicht jede scharfe Kritik ist ein gleichzeitig auch ein schwerwiegender Rechtsversto\u00df: Journalistin erh\u00e4lt keine Geldentsch\u00e4digung wegen Twitter-\u00c4u\u00dferung.","og_description":"Eine Journalistin hatte auf Twitter \u201eNazis raus\u201c geschrieben. Auf die Nachfrage eines anderen Twitter-Nutzers, wer f\u00fcr sie ein Nazi sei, antwortete sie \u201eJede\/r, der\/die nicht die Gr\u00fcnen w\u00e4hlt\u201c. Eine andere Twitter-Nutzerin schrieb daraufhin \u201eWie geistig minderbemittelt muss man sein, um so einen Stuss zu schreiben?\u201c. Die Journalistin mahnte die Twitter-Nutzerin wegen der letztgenannten \u00c4u\u00dferung ab [&hellip;]","og_url":"https:\/\/www.hoecker.eu\/blog\/nicht-jede-scharfe-kritik-ist-ein-gleichzeitig-auch-ein-schwerwiegender-rechtsverstoss-journalistin-erhaelt-keine-geldentschaedigung-wegen-twitter-aeusserung\/","og_site_name":"H\u00d6CKER - der Blog","article_publisher":"https:\/\/www.facebook.com\/HoeckerRAe\/","article_author":"https:\/\/www.facebook.com\/ralf.hoecker","article_published_time":"2020-07-21T15:34:00+00:00","article_modified_time":"2025-02-17T13:56:02+00:00","author":"Prof. Dr. Ralf H\u00f6cker","twitter_card":"summary_large_image","twitter_creator":"@Ralf_Hoecker","twitter_site":"@hoecker_rae","twitter_misc":{"Verfasst von":"Prof. Dr. Ralf H\u00f6cker","Gesch\u00e4tzte Lesezeit":"1\u00a0Minute"},"schema":{"@context":"https:\/\/schema.org","@graph":[{"@type":"Article","@id":"https:\/\/www.hoecker.eu\/blog\/nicht-jede-scharfe-kritik-ist-ein-gleichzeitig-auch-ein-schwerwiegender-rechtsverstoss-journalistin-erhaelt-keine-geldentschaedigung-wegen-twitter-aeusserung\/#article","isPartOf":{"@id":"https:\/\/www.hoecker.eu\/blog\/nicht-jede-scharfe-kritik-ist-ein-gleichzeitig-auch-ein-schwerwiegender-rechtsverstoss-journalistin-erhaelt-keine-geldentschaedigung-wegen-twitter-aeusserung\/"},"author":{"name":"Prof. Dr. Ralf H\u00f6cker","@id":"https:\/\/www.hoecker.eu\/blog\/#\/schema\/person\/08f95581eed0534eccd0b2438f7a1cab"},"headline":"Nicht jede scharfe Kritik ist ein gleichzeitig auch ein schwerwiegender Rechtsversto\u00df: Journalistin erh\u00e4lt keine Geldentsch\u00e4digung wegen Twitter-\u00c4u\u00dferung.","datePublished":"2020-07-21T15:34:00+00:00","dateModified":"2025-02-17T13:56:02+00:00","mainEntityOfPage":{"@id":"https:\/\/www.hoecker.eu\/blog\/nicht-jede-scharfe-kritik-ist-ein-gleichzeitig-auch-ein-schwerwiegender-rechtsverstoss-journalistin-erhaelt-keine-geldentschaedigung-wegen-twitter-aeusserung\/"},"wordCount":247,"publisher":{"@id":"https:\/\/www.hoecker.eu\/blog\/#organization"},"articleSection":["News"],"inLanguage":"de"},{"@type":"WebPage","@id":"https:\/\/www.hoecker.eu\/blog\/nicht-jede-scharfe-kritik-ist-ein-gleichzeitig-auch-ein-schwerwiegender-rechtsverstoss-journalistin-erhaelt-keine-geldentschaedigung-wegen-twitter-aeusserung\/","url":"https:\/\/www.hoecker.eu\/blog\/nicht-jede-scharfe-kritik-ist-ein-gleichzeitig-auch-ein-schwerwiegender-rechtsverstoss-journalistin-erhaelt-keine-geldentschaedigung-wegen-twitter-aeusserung\/","name":"Nicht jede scharfe Kritik ist ein gleichzeitig auch ein schwerwiegender Rechtsversto\u00df: Journalistin erh\u00e4lt keine Geldentsch\u00e4digung wegen Twitter-\u00c4u\u00dferung. - H\u00d6CKER - der Blog","isPartOf":{"@id":"https:\/\/www.hoecker.eu\/blog\/#website"},"datePublished":"2020-07-21T15:34:00+00:00","dateModified":"2025-02-17T13:56:02+00:00","breadcrumb":{"@id":"https:\/\/www.hoecker.eu\/blog\/nicht-jede-scharfe-kritik-ist-ein-gleichzeitig-auch-ein-schwerwiegender-rechtsverstoss-journalistin-erhaelt-keine-geldentschaedigung-wegen-twitter-aeusserung\/#breadcrumb"},"inLanguage":"de","potentialAction":[{"@type":"ReadAction","target":["https:\/\/www.hoecker.eu\/blog\/nicht-jede-scharfe-kritik-ist-ein-gleichzeitig-auch-ein-schwerwiegender-rechtsverstoss-journalistin-erhaelt-keine-geldentschaedigung-wegen-twitter-aeusserung\/"]}]},{"@type":"BreadcrumbList","@id":"https:\/\/www.hoecker.eu\/blog\/nicht-jede-scharfe-kritik-ist-ein-gleichzeitig-auch-ein-schwerwiegender-rechtsverstoss-journalistin-erhaelt-keine-geldentschaedigung-wegen-twitter-aeusserung\/#breadcrumb","itemListElement":[{"@type":"ListItem","position":1,"name":"Startseite","item":"https:\/\/dev.hoecker.eu\/blog\/"},{"@type":"ListItem","position":2,"name":"Nicht jede scharfe Kritik ist ein gleichzeitig auch ein schwerwiegender Rechtsversto\u00df: Journalistin erh\u00e4lt keine Geldentsch\u00e4digung wegen Twitter-\u00c4u\u00dferung."}]},{"@type":"WebSite","@id":"https:\/\/www.hoecker.eu\/blog\/#website","url":"https:\/\/www.hoecker.eu\/blog\/","name":"H\u00d6CKER - der Blog","description":"Expertenblog f\u00fcr \u00c4u\u00dferungs-, Medien-, Marken-, Urheber- und Wettbewerbsrecht.","publisher":{"@id":"https:\/\/www.hoecker.eu\/blog\/#organization"},"potentialAction":[{"@type":"SearchAction","target":{"@type":"EntryPoint","urlTemplate":"https:\/\/www.hoecker.eu\/blog\/?s={search_term_string}"},"query-input":{"@type":"PropertyValueSpecification","valueRequired":true,"valueName":"search_term_string"}}],"inLanguage":"de"},{"@type":"Organization","@id":"https:\/\/www.hoecker.eu\/blog\/#organization","name":"H\u00d6CKER Rechtsanw\u00e4lte PartGmbB","alternateName":"H\u00d6CKER","url":"https:\/\/www.hoecker.eu\/blog\/","logo":{"@type":"ImageObject","inLanguage":"de","@id":"https:\/\/www.hoecker.eu\/blog\/#\/schema\/logo\/image\/","url":"https:\/\/www.hoecker.eu\/blog\/wp-content\/uploads\/2025\/03\/Blog-Logo.webp","contentUrl":"https:\/\/www.hoecker.eu\/blog\/wp-content\/uploads\/2025\/03\/Blog-Logo.webp","width":500,"height":500,"caption":"H\u00d6CKER Rechtsanw\u00e4lte PartGmbB"},"image":{"@id":"https:\/\/www.hoecker.eu\/blog\/#\/schema\/logo\/image\/"},"sameAs":["https:\/\/www.facebook.com\/HoeckerRAe\/","https:\/\/x.com\/hoecker_rae","https:\/\/www.linkedin.com\/company\/hcker-rechtsanwlte\/","https:\/\/www.instagram.com\/hoecker_rae\/"],"email":"contact@hoecker.eu","telephone":"+ 49 (0)221-933 19-10","legalName":"H\u00d6CKER Rechtsanw\u00e4lte PartGmbB","numberOfEmployees":{"@type":"QuantitativeValue","minValue":"11","maxValue":"50"}},{"@type":"Person","@id":"https:\/\/www.hoecker.eu\/blog\/#\/schema\/person\/08f95581eed0534eccd0b2438f7a1cab","name":"Prof. Dr. Ralf H\u00f6cker","description":"Medienanwalt. Besch\u00fctzer vor mieser Presse","sameAs":["https:\/\/www.hoecker.eu\/wer\/prof-dr-ralf-hoecker","https:\/\/www.facebook.com\/ralf.hoecker","https:\/\/www.linkedin.com\/in\/prof-dr-ralf-hcker-ll-m-london-17987826\/","https:\/\/x.com\/Ralf_Hoecker"],"url":"https:\/\/www.hoecker.eu\/blog\/author\/hoecker_adm\/"}]}},"authors":[{"term_id":84,"user_id":1,"is_guest":0,"slug":"hoecker_adm","display_name":"Prof. Dr. Ralf H\u00f6cker","avatar_url":{"url":"https:\/\/www.hoecker.eu\/blog\/wp-content\/uploads\/2023\/12\/ProfDrRalfHoecker.jpg","url2x":"https:\/\/www.hoecker.eu\/blog\/wp-content\/uploads\/2023\/12\/ProfDrRalfHoecker.jpg"},"0":null,"1":"","2":"","3":"","4":"","5":"","6":"","7":"","8":"","9":"","10":"","11":""}],"_links":{"self":[{"href":"https:\/\/www.hoecker.eu\/blog\/wp-json\/wp\/v2\/posts\/8281","targetHints":{"allow":["GET"]}}],"collection":[{"href":"https:\/\/www.hoecker.eu\/blog\/wp-json\/wp\/v2\/posts"}],"about":[{"href":"https:\/\/www.hoecker.eu\/blog\/wp-json\/wp\/v2\/types\/post"}],"author":[{"embeddable":true,"href":"https:\/\/www.hoecker.eu\/blog\/wp-json\/wp\/v2\/users\/1"}],"replies":[{"embeddable":true,"href":"https:\/\/www.hoecker.eu\/blog\/wp-json\/wp\/v2\/comments?post=8281"}],"version-history":[{"count":1,"href":"https:\/\/www.hoecker.eu\/blog\/wp-json\/wp\/v2\/posts\/8281\/revisions"}],"predecessor-version":[{"id":9403,"href":"https:\/\/www.hoecker.eu\/blog\/wp-json\/wp\/v2\/posts\/8281\/revisions\/9403"}],"wp:attachment":[{"href":"https:\/\/www.hoecker.eu\/blog\/wp-json\/wp\/v2\/media?parent=8281"}],"wp:term":[{"taxonomy":"category","embeddable":true,"href":"https:\/\/www.hoecker.eu\/blog\/wp-json\/wp\/v2\/categories?post=8281"},{"taxonomy":"post_tag","embeddable":true,"href":"https:\/\/www.hoecker.eu\/blog\/wp-json\/wp\/v2\/tags?post=8281"},{"taxonomy":"hashtags","embeddable":true,"href":"https:\/\/www.hoecker.eu\/blog\/wp-json\/wp\/v2\/hashtags?post=8281"},{"taxonomy":"author","embeddable":true,"href":"https:\/\/www.hoecker.eu\/blog\/wp-json\/wp\/v2\/ppma_author?post=8281"}],"curies":[{"name":"wp","href":"https:\/\/api.w.org\/{rel}","templated":true}]}}