{"id":8279,"date":"2020-07-30T10:04:00","date_gmt":"2020-07-30T08:04:00","guid":{"rendered":"https:\/\/www.hoecker.eu\/blog\/hoecker-erzielt-weitere-grundsatzentscheidung-beim-bundesverfassungsgericht-auch-in-wettbewerbsrechtlichen-eilverfahren-muss-rechtliches-gehoer-gewaehrt-werden\/"},"modified":"2025-02-17T14:56:01","modified_gmt":"2025-02-17T13:56:01","slug":"hoecker-erzielt-weitere-grundsatzentscheidung-beim-bundesverfassungsgericht-auch-in-wettbewerbsrechtlichen-eilverfahren-muss-rechtliches-gehoer-gewaehrt-werden","status":"publish","type":"post","link":"https:\/\/www.hoecker.eu\/blog\/hoecker-erzielt-weitere-grundsatzentscheidung-beim-bundesverfassungsgericht-auch-in-wettbewerbsrechtlichen-eilverfahren-muss-rechtliches-gehoer-gewaehrt-werden\/","title":{"rendered":"H\u00d6CKER erzielt weitere Grundsatzentscheidung beim Bundesverfassungsgericht: Auch in wettbewerbsrechtlichen Eilverfahren muss rechtliches Geh\u00f6r gew\u00e4hrt werden."},"content":{"rendered":"<p>Die Gerichte m\u00fcssen auch in wettbewerbsrechtlichen Eilverfahren die prozessuale Waffengleichheit und das rechtliche Geh\u00f6r gew\u00e4hrleisten. <a href=\"{entry:1484:url}\" target=\"_blank\" marked=\"1\">In einer ersten von H\u00d6CKER gef\u00fchrten Verfassungsbeschwerde hatte das Bundesverfassungsgericht (BVerfG) dies bereits f\u00fcr das Presse- und \u00c4u\u00dferungsrecht entschieden (Az. 1 BvR 1246\/20).<\/a><\/p>\n<p>Unklar war bislang, ob die Grunds\u00e4tze auch im Gewerblichen Rechtsschutz gelten. Das BVerfG hat auf eine weitere von H\u00d6CKER eingelegte Verfassungsbeschwerde nun erstmals zu einem wettbewerbsrechtlichen Verf\u00fcgungsverfahren entschieden, dass diese Grunds\u00e4tze auch im Wettbewerbsrecht gelten (Entscheidung vom 27.7.2020, Az. 1 BvR 1379\/20). Weicht der Verf\u00fcgungsantrag von den in der Abmahnung geltend gemachten Unterlassungsanspr\u00fcchen ab, muss das Gericht den Gegner zwingend anh\u00f6ren. Erteilt es dem Antragsteller Hinweise, m\u00fcssen diese vor Erlass der Entscheidung auch dem Gegner mitgeteilt werden.\n<\/p>\n<p>Im Ergebnis hat das BVerfG die Verfassungsbeschwerde zur\u00fcckgewiesen. Zwar versto\u00dfe die einstweilige Verf\u00fcgung gegen die prozessuale Waffengleichheit und das Recht auf rechtliches Geh\u00f6r, weil der Verf\u00fcgungsantrag nicht identisch mit dem Unterlassungsbegehren aus der Abmahnung war und das Gericht einen schriftlichen Hinweis an die Antragstellerin dem Gegner nicht vor Erlass der einstweiligen Verf\u00fcgung mitgeteilt habe. Allerdings fehle es in diesem konkreten Einzelfall an einem hinreichenden Feststellungsinteresse.\n<\/p>\n<p>Die Entscheidung bietet aber auch Anlass zu Kritik: Zu dem jetzt geforderten Feststellungsinteresse hatte das Gericht Anfang Juni noch Folgendes ausgef\u00fchrt:\n<\/p>\n<p>\u201e<i>Da die Rechtsbeeintr\u00e4chtigung durch die einstweilige Verf\u00fcgung in Gestalt eines weiterhin vollstreckbaren Unterlassungstitels noch fortdauert, muss der Beschwerdef\u00fchrer kein besonderes gewichtiges Feststellungsinteresse geltend machen. Vielmehr gen\u00fcgt es, dass er weiterhin durch die angegriffene Verf\u00fcgung beschwert ist (\u2026)<\/i>.\u201c\n<\/p>\n<p>Genau diese Situation war auch in dem wettbewerbsrechtlichen Verfahren gegeben. W\u00e4hrend das BVerfG in der Entscheidung zum Presserecht noch eine Terminierung zur m\u00fcndlichen Verhandlung von ca. zwei Monaten nach Widerspruchseinlegung als zu lange bezeichnete, sah es in dem wettbewerbsrechtlichen Verfahren eine Terminierung sieben Wochen nach Widerspruchseinlegung noch als ausreichend an. Das BVerfG hatte zur Entscheidung \u00fcber die Verfassungsbeschwerde \u00fcbrigens selbst fast sieben Wochen ben\u00f6tigt.\n<\/p>\n<p>Unabh\u00e4ngig davon ist die Entscheidung ein Meilenstein, weil nun klargestellt ist, dass die Grunds\u00e4tze zu Eilverfahren im Presserecht auch im Wettbewerbsrecht gelten.\n<\/p>\n<p>Dr. Johannes Gr\u00e4big:<br \/>\u201e<i>Einstweilige Verf\u00fcgung sind gerade im Wettbewerbsrecht ein scharfes Schwert und k\u00f6nnen u.a. einen Vertriebsstopp zur Folge haben. Umso wichtiger ist es, dass sich der Antragsgegner dann auch vor Erlass einer Entscheidung umfassend verteidigen kann. Dies hat das BVerfG nun auch f\u00fcr das Wettbewerbsrecht klargestellt<\/i>.\u201c\n<\/p>\n<p><a href=\"https:\/\/www.lto.de\/recht\/hintergruende\/h\/bverfg-1bvr137920-waffengleichheit-rechtliches-gehoer-einstweilige-verfuegung-anhoerung-auch-im-wettbewerbsrecht\/\" target=\"_blank\" marked=\"1\">Die Legal Tribune Online (LTO) berichtet hier \u00fcber das Verfahren.<\/a><a href=\"https:\/\/www.lto.de\/recht\/hintergruende\/h\/bverfg-1bvr137920-waffengleichheit-rechtliches-gehoer-einstweilige-verfuegung-anhoerung-auch-im-wettbewerbsrecht\/\" target=\"_blank\" marked=\"1\"><\/a><\/p>\n","protected":false},"excerpt":{"rendered":"<p>Die Gerichte m\u00fcssen auch in wettbewerbsrechtlichen Eilverfahren die prozessuale Waffengleichheit und das rechtliche Geh\u00f6r gew\u00e4hrleisten. In einer ersten von H\u00d6CKER gef\u00fchrten Verfassungsbeschwerde hatte das Bundesverfassungsgericht (BVerfG) dies bereits f\u00fcr das Presse- und \u00c4u\u00dferungsrecht entschieden (Az. 1 BvR 1246\/20). Unklar war bislang, ob die Grunds\u00e4tze auch im Gewerblichen Rechtsschutz gelten. Das BVerfG hat auf eine weitere [&hellip;]<\/p>\n","protected":false},"author":1,"featured_media":0,"comment_status":"closed","ping_status":"closed","sticky":false,"template":"","format":"standard","meta":{"_has_post_settings":[],"footnotes":""},"categories":[15],"tags":[],"hashtags":[],"ppma_author":[84],"class_list":["post-8279","post","type-post","status-publish","format-standard","hentry","category-news","author-hoecker_adm"],"yoast_head":"<!-- This site is optimized with the Yoast SEO Premium plugin v25.9 (Yoast SEO v27.0) - https:\/\/yoast.com\/product\/yoast-seo-premium-wordpress\/ -->\n<title>H\u00d6CKER erzielt weitere Grundsatzentscheidung beim Bundesverfassungsgericht: Auch in wettbewerbsrechtlichen Eilverfahren muss rechtliches Geh\u00f6r gew\u00e4hrt werden. - H\u00d6CKER - der Blog<\/title>\n<meta name=\"robots\" content=\"index, follow, max-snippet:-1, max-image-preview:large, max-video-preview:-1\" \/>\n<link rel=\"canonical\" href=\"https:\/\/www.hoecker.eu\/blog\/hoecker-erzielt-weitere-grundsatzentscheidung-beim-bundesverfassungsgericht-auch-in-wettbewerbsrechtlichen-eilverfahren-muss-rechtliches-gehoer-gewaehrt-werden\/\" \/>\n<meta property=\"og:locale\" content=\"de_DE\" \/>\n<meta property=\"og:type\" content=\"article\" \/>\n<meta property=\"og:title\" content=\"H\u00d6CKER erzielt weitere Grundsatzentscheidung beim Bundesverfassungsgericht: Auch in wettbewerbsrechtlichen Eilverfahren muss rechtliches Geh\u00f6r gew\u00e4hrt werden.\" \/>\n<meta property=\"og:description\" content=\"Die Gerichte m\u00fcssen auch in wettbewerbsrechtlichen Eilverfahren die prozessuale Waffengleichheit und das rechtliche Geh\u00f6r gew\u00e4hrleisten. In einer ersten von H\u00d6CKER gef\u00fchrten Verfassungsbeschwerde hatte das Bundesverfassungsgericht (BVerfG) dies bereits f\u00fcr das Presse- und \u00c4u\u00dferungsrecht entschieden (Az. 1 BvR 1246\/20). Unklar war bislang, ob die Grunds\u00e4tze auch im Gewerblichen Rechtsschutz gelten. Das BVerfG hat auf eine weitere [&hellip;]\" \/>\n<meta property=\"og:url\" content=\"https:\/\/www.hoecker.eu\/blog\/hoecker-erzielt-weitere-grundsatzentscheidung-beim-bundesverfassungsgericht-auch-in-wettbewerbsrechtlichen-eilverfahren-muss-rechtliches-gehoer-gewaehrt-werden\/\" \/>\n<meta property=\"og:site_name\" content=\"H\u00d6CKER - der Blog\" \/>\n<meta property=\"article:publisher\" content=\"https:\/\/www.facebook.com\/HoeckerRAe\/\" \/>\n<meta property=\"article:author\" content=\"https:\/\/www.facebook.com\/ralf.hoecker\" \/>\n<meta property=\"article:published_time\" content=\"2020-07-30T08:04:00+00:00\" \/>\n<meta property=\"article:modified_time\" content=\"2025-02-17T13:56:01+00:00\" \/>\n<meta name=\"author\" content=\"Prof. Dr. Ralf H\u00f6cker\" \/>\n<meta name=\"twitter:card\" content=\"summary_large_image\" \/>\n<meta name=\"twitter:creator\" content=\"@Ralf_Hoecker\" \/>\n<meta name=\"twitter:site\" content=\"@hoecker_rae\" \/>\n<meta name=\"twitter:label1\" content=\"Verfasst von\" \/>\n\t<meta name=\"twitter:data1\" content=\"Prof. Dr. Ralf H\u00f6cker\" \/>\n\t<meta name=\"twitter:label2\" content=\"Gesch\u00e4tzte Lesezeit\" \/>\n\t<meta name=\"twitter:data2\" content=\"2\u00a0Minuten\" \/>\n<script type=\"application\/ld+json\" class=\"yoast-schema-graph\">{\"@context\":\"https:\/\/schema.org\",\"@graph\":[{\"@type\":\"Article\",\"@id\":\"https:\/\/www.hoecker.eu\/blog\/hoecker-erzielt-weitere-grundsatzentscheidung-beim-bundesverfassungsgericht-auch-in-wettbewerbsrechtlichen-eilverfahren-muss-rechtliches-gehoer-gewaehrt-werden\/#article\",\"isPartOf\":{\"@id\":\"https:\/\/www.hoecker.eu\/blog\/hoecker-erzielt-weitere-grundsatzentscheidung-beim-bundesverfassungsgericht-auch-in-wettbewerbsrechtlichen-eilverfahren-muss-rechtliches-gehoer-gewaehrt-werden\/\"},\"author\":{\"name\":\"Prof. Dr. Ralf H\u00f6cker\",\"@id\":\"https:\/\/www.hoecker.eu\/blog\/#\/schema\/person\/08f95581eed0534eccd0b2438f7a1cab\"},\"headline\":\"H\u00d6CKER erzielt weitere Grundsatzentscheidung beim Bundesverfassungsgericht: Auch in wettbewerbsrechtlichen Eilverfahren muss rechtliches Geh\u00f6r gew\u00e4hrt werden.\",\"datePublished\":\"2020-07-30T08:04:00+00:00\",\"dateModified\":\"2025-02-17T13:56:01+00:00\",\"mainEntityOfPage\":{\"@id\":\"https:\/\/www.hoecker.eu\/blog\/hoecker-erzielt-weitere-grundsatzentscheidung-beim-bundesverfassungsgericht-auch-in-wettbewerbsrechtlichen-eilverfahren-muss-rechtliches-gehoer-gewaehrt-werden\/\"},\"wordCount\":430,\"publisher\":{\"@id\":\"https:\/\/www.hoecker.eu\/blog\/#organization\"},\"articleSection\":[\"News\"],\"inLanguage\":\"de\"},{\"@type\":\"WebPage\",\"@id\":\"https:\/\/www.hoecker.eu\/blog\/hoecker-erzielt-weitere-grundsatzentscheidung-beim-bundesverfassungsgericht-auch-in-wettbewerbsrechtlichen-eilverfahren-muss-rechtliches-gehoer-gewaehrt-werden\/\",\"url\":\"https:\/\/www.hoecker.eu\/blog\/hoecker-erzielt-weitere-grundsatzentscheidung-beim-bundesverfassungsgericht-auch-in-wettbewerbsrechtlichen-eilverfahren-muss-rechtliches-gehoer-gewaehrt-werden\/\",\"name\":\"H\u00d6CKER erzielt weitere Grundsatzentscheidung beim Bundesverfassungsgericht: Auch in wettbewerbsrechtlichen Eilverfahren muss rechtliches Geh\u00f6r gew\u00e4hrt werden. - H\u00d6CKER - der Blog\",\"isPartOf\":{\"@id\":\"https:\/\/www.hoecker.eu\/blog\/#website\"},\"datePublished\":\"2020-07-30T08:04:00+00:00\",\"dateModified\":\"2025-02-17T13:56:01+00:00\",\"breadcrumb\":{\"@id\":\"https:\/\/www.hoecker.eu\/blog\/hoecker-erzielt-weitere-grundsatzentscheidung-beim-bundesverfassungsgericht-auch-in-wettbewerbsrechtlichen-eilverfahren-muss-rechtliches-gehoer-gewaehrt-werden\/#breadcrumb\"},\"inLanguage\":\"de\",\"potentialAction\":[{\"@type\":\"ReadAction\",\"target\":[\"https:\/\/www.hoecker.eu\/blog\/hoecker-erzielt-weitere-grundsatzentscheidung-beim-bundesverfassungsgericht-auch-in-wettbewerbsrechtlichen-eilverfahren-muss-rechtliches-gehoer-gewaehrt-werden\/\"]}]},{\"@type\":\"BreadcrumbList\",\"@id\":\"https:\/\/www.hoecker.eu\/blog\/hoecker-erzielt-weitere-grundsatzentscheidung-beim-bundesverfassungsgericht-auch-in-wettbewerbsrechtlichen-eilverfahren-muss-rechtliches-gehoer-gewaehrt-werden\/#breadcrumb\",\"itemListElement\":[{\"@type\":\"ListItem\",\"position\":1,\"name\":\"Startseite\",\"item\":\"https:\/\/dev.hoecker.eu\/blog\/\"},{\"@type\":\"ListItem\",\"position\":2,\"name\":\"H\u00d6CKER erzielt weitere Grundsatzentscheidung beim Bundesverfassungsgericht: Auch in wettbewerbsrechtlichen Eilverfahren muss rechtliches Geh\u00f6r gew\u00e4hrt werden.\"}]},{\"@type\":\"WebSite\",\"@id\":\"https:\/\/www.hoecker.eu\/blog\/#website\",\"url\":\"https:\/\/www.hoecker.eu\/blog\/\",\"name\":\"H\u00d6CKER - der Blog\",\"description\":\"Expertenblog f\u00fcr \u00c4u\u00dferungs-, Medien-, Marken-, Urheber- und Wettbewerbsrecht.\",\"publisher\":{\"@id\":\"https:\/\/www.hoecker.eu\/blog\/#organization\"},\"potentialAction\":[{\"@type\":\"SearchAction\",\"target\":{\"@type\":\"EntryPoint\",\"urlTemplate\":\"https:\/\/www.hoecker.eu\/blog\/?s={search_term_string}\"},\"query-input\":{\"@type\":\"PropertyValueSpecification\",\"valueRequired\":true,\"valueName\":\"search_term_string\"}}],\"inLanguage\":\"de\"},{\"@type\":\"Organization\",\"@id\":\"https:\/\/www.hoecker.eu\/blog\/#organization\",\"name\":\"H\u00d6CKER Rechtsanw\u00e4lte PartGmbB\",\"alternateName\":\"H\u00d6CKER\",\"url\":\"https:\/\/www.hoecker.eu\/blog\/\",\"logo\":{\"@type\":\"ImageObject\",\"inLanguage\":\"de\",\"@id\":\"https:\/\/www.hoecker.eu\/blog\/#\/schema\/logo\/image\/\",\"url\":\"https:\/\/www.hoecker.eu\/blog\/wp-content\/uploads\/2025\/03\/Blog-Logo.webp\",\"contentUrl\":\"https:\/\/www.hoecker.eu\/blog\/wp-content\/uploads\/2025\/03\/Blog-Logo.webp\",\"width\":500,\"height\":500,\"caption\":\"H\u00d6CKER Rechtsanw\u00e4lte PartGmbB\"},\"image\":{\"@id\":\"https:\/\/www.hoecker.eu\/blog\/#\/schema\/logo\/image\/\"},\"sameAs\":[\"https:\/\/www.facebook.com\/HoeckerRAe\/\",\"https:\/\/x.com\/hoecker_rae\",\"https:\/\/www.linkedin.com\/company\/hcker-rechtsanwlte\/\",\"https:\/\/www.instagram.com\/hoecker_rae\/\"],\"email\":\"contact@hoecker.eu\",\"telephone\":\"+ 49 (0)221-933 19-10\",\"legalName\":\"H\u00d6CKER Rechtsanw\u00e4lte PartGmbB\",\"numberOfEmployees\":{\"@type\":\"QuantitativeValue\",\"minValue\":\"11\",\"maxValue\":\"50\"}},{\"@type\":\"Person\",\"@id\":\"https:\/\/www.hoecker.eu\/blog\/#\/schema\/person\/08f95581eed0534eccd0b2438f7a1cab\",\"name\":\"Prof. Dr. Ralf H\u00f6cker\",\"description\":\"Medienanwalt. Besch\u00fctzer vor mieser Presse\",\"sameAs\":[\"https:\/\/www.hoecker.eu\/wer\/prof-dr-ralf-hoecker\",\"https:\/\/www.facebook.com\/ralf.hoecker\",\"https:\/\/www.linkedin.com\/in\/prof-dr-ralf-hcker-ll-m-london-17987826\/\",\"https:\/\/x.com\/Ralf_Hoecker\"],\"url\":\"https:\/\/www.hoecker.eu\/blog\/author\/hoecker_adm\/\"}]}<\/script>\n<!-- \/ Yoast SEO Premium plugin. -->","yoast_head_json":{"title":"H\u00d6CKER erzielt weitere Grundsatzentscheidung beim Bundesverfassungsgericht: Auch in wettbewerbsrechtlichen Eilverfahren muss rechtliches Geh\u00f6r gew\u00e4hrt werden. - H\u00d6CKER - der Blog","robots":{"index":"index","follow":"follow","max-snippet":"max-snippet:-1","max-image-preview":"max-image-preview:large","max-video-preview":"max-video-preview:-1"},"canonical":"https:\/\/www.hoecker.eu\/blog\/hoecker-erzielt-weitere-grundsatzentscheidung-beim-bundesverfassungsgericht-auch-in-wettbewerbsrechtlichen-eilverfahren-muss-rechtliches-gehoer-gewaehrt-werden\/","og_locale":"de_DE","og_type":"article","og_title":"H\u00d6CKER erzielt weitere Grundsatzentscheidung beim Bundesverfassungsgericht: Auch in wettbewerbsrechtlichen Eilverfahren muss rechtliches Geh\u00f6r gew\u00e4hrt werden.","og_description":"Die Gerichte m\u00fcssen auch in wettbewerbsrechtlichen Eilverfahren die prozessuale Waffengleichheit und das rechtliche Geh\u00f6r gew\u00e4hrleisten. In einer ersten von H\u00d6CKER gef\u00fchrten Verfassungsbeschwerde hatte das Bundesverfassungsgericht (BVerfG) dies bereits f\u00fcr das Presse- und \u00c4u\u00dferungsrecht entschieden (Az. 1 BvR 1246\/20). Unklar war bislang, ob die Grunds\u00e4tze auch im Gewerblichen Rechtsschutz gelten. Das BVerfG hat auf eine weitere [&hellip;]","og_url":"https:\/\/www.hoecker.eu\/blog\/hoecker-erzielt-weitere-grundsatzentscheidung-beim-bundesverfassungsgericht-auch-in-wettbewerbsrechtlichen-eilverfahren-muss-rechtliches-gehoer-gewaehrt-werden\/","og_site_name":"H\u00d6CKER - der Blog","article_publisher":"https:\/\/www.facebook.com\/HoeckerRAe\/","article_author":"https:\/\/www.facebook.com\/ralf.hoecker","article_published_time":"2020-07-30T08:04:00+00:00","article_modified_time":"2025-02-17T13:56:01+00:00","author":"Prof. Dr. Ralf H\u00f6cker","twitter_card":"summary_large_image","twitter_creator":"@Ralf_Hoecker","twitter_site":"@hoecker_rae","twitter_misc":{"Verfasst von":"Prof. Dr. Ralf H\u00f6cker","Gesch\u00e4tzte Lesezeit":"2\u00a0Minuten"},"schema":{"@context":"https:\/\/schema.org","@graph":[{"@type":"Article","@id":"https:\/\/www.hoecker.eu\/blog\/hoecker-erzielt-weitere-grundsatzentscheidung-beim-bundesverfassungsgericht-auch-in-wettbewerbsrechtlichen-eilverfahren-muss-rechtliches-gehoer-gewaehrt-werden\/#article","isPartOf":{"@id":"https:\/\/www.hoecker.eu\/blog\/hoecker-erzielt-weitere-grundsatzentscheidung-beim-bundesverfassungsgericht-auch-in-wettbewerbsrechtlichen-eilverfahren-muss-rechtliches-gehoer-gewaehrt-werden\/"},"author":{"name":"Prof. Dr. Ralf H\u00f6cker","@id":"https:\/\/www.hoecker.eu\/blog\/#\/schema\/person\/08f95581eed0534eccd0b2438f7a1cab"},"headline":"H\u00d6CKER erzielt weitere Grundsatzentscheidung beim Bundesverfassungsgericht: Auch in wettbewerbsrechtlichen Eilverfahren muss rechtliches Geh\u00f6r gew\u00e4hrt werden.","datePublished":"2020-07-30T08:04:00+00:00","dateModified":"2025-02-17T13:56:01+00:00","mainEntityOfPage":{"@id":"https:\/\/www.hoecker.eu\/blog\/hoecker-erzielt-weitere-grundsatzentscheidung-beim-bundesverfassungsgericht-auch-in-wettbewerbsrechtlichen-eilverfahren-muss-rechtliches-gehoer-gewaehrt-werden\/"},"wordCount":430,"publisher":{"@id":"https:\/\/www.hoecker.eu\/blog\/#organization"},"articleSection":["News"],"inLanguage":"de"},{"@type":"WebPage","@id":"https:\/\/www.hoecker.eu\/blog\/hoecker-erzielt-weitere-grundsatzentscheidung-beim-bundesverfassungsgericht-auch-in-wettbewerbsrechtlichen-eilverfahren-muss-rechtliches-gehoer-gewaehrt-werden\/","url":"https:\/\/www.hoecker.eu\/blog\/hoecker-erzielt-weitere-grundsatzentscheidung-beim-bundesverfassungsgericht-auch-in-wettbewerbsrechtlichen-eilverfahren-muss-rechtliches-gehoer-gewaehrt-werden\/","name":"H\u00d6CKER erzielt weitere Grundsatzentscheidung beim Bundesverfassungsgericht: Auch in wettbewerbsrechtlichen Eilverfahren muss rechtliches Geh\u00f6r gew\u00e4hrt werden. - H\u00d6CKER - der Blog","isPartOf":{"@id":"https:\/\/www.hoecker.eu\/blog\/#website"},"datePublished":"2020-07-30T08:04:00+00:00","dateModified":"2025-02-17T13:56:01+00:00","breadcrumb":{"@id":"https:\/\/www.hoecker.eu\/blog\/hoecker-erzielt-weitere-grundsatzentscheidung-beim-bundesverfassungsgericht-auch-in-wettbewerbsrechtlichen-eilverfahren-muss-rechtliches-gehoer-gewaehrt-werden\/#breadcrumb"},"inLanguage":"de","potentialAction":[{"@type":"ReadAction","target":["https:\/\/www.hoecker.eu\/blog\/hoecker-erzielt-weitere-grundsatzentscheidung-beim-bundesverfassungsgericht-auch-in-wettbewerbsrechtlichen-eilverfahren-muss-rechtliches-gehoer-gewaehrt-werden\/"]}]},{"@type":"BreadcrumbList","@id":"https:\/\/www.hoecker.eu\/blog\/hoecker-erzielt-weitere-grundsatzentscheidung-beim-bundesverfassungsgericht-auch-in-wettbewerbsrechtlichen-eilverfahren-muss-rechtliches-gehoer-gewaehrt-werden\/#breadcrumb","itemListElement":[{"@type":"ListItem","position":1,"name":"Startseite","item":"https:\/\/dev.hoecker.eu\/blog\/"},{"@type":"ListItem","position":2,"name":"H\u00d6CKER erzielt weitere Grundsatzentscheidung beim Bundesverfassungsgericht: Auch in wettbewerbsrechtlichen Eilverfahren muss rechtliches Geh\u00f6r gew\u00e4hrt werden."}]},{"@type":"WebSite","@id":"https:\/\/www.hoecker.eu\/blog\/#website","url":"https:\/\/www.hoecker.eu\/blog\/","name":"H\u00d6CKER - der Blog","description":"Expertenblog f\u00fcr \u00c4u\u00dferungs-, Medien-, Marken-, Urheber- und Wettbewerbsrecht.","publisher":{"@id":"https:\/\/www.hoecker.eu\/blog\/#organization"},"potentialAction":[{"@type":"SearchAction","target":{"@type":"EntryPoint","urlTemplate":"https:\/\/www.hoecker.eu\/blog\/?s={search_term_string}"},"query-input":{"@type":"PropertyValueSpecification","valueRequired":true,"valueName":"search_term_string"}}],"inLanguage":"de"},{"@type":"Organization","@id":"https:\/\/www.hoecker.eu\/blog\/#organization","name":"H\u00d6CKER Rechtsanw\u00e4lte PartGmbB","alternateName":"H\u00d6CKER","url":"https:\/\/www.hoecker.eu\/blog\/","logo":{"@type":"ImageObject","inLanguage":"de","@id":"https:\/\/www.hoecker.eu\/blog\/#\/schema\/logo\/image\/","url":"https:\/\/www.hoecker.eu\/blog\/wp-content\/uploads\/2025\/03\/Blog-Logo.webp","contentUrl":"https:\/\/www.hoecker.eu\/blog\/wp-content\/uploads\/2025\/03\/Blog-Logo.webp","width":500,"height":500,"caption":"H\u00d6CKER Rechtsanw\u00e4lte PartGmbB"},"image":{"@id":"https:\/\/www.hoecker.eu\/blog\/#\/schema\/logo\/image\/"},"sameAs":["https:\/\/www.facebook.com\/HoeckerRAe\/","https:\/\/x.com\/hoecker_rae","https:\/\/www.linkedin.com\/company\/hcker-rechtsanwlte\/","https:\/\/www.instagram.com\/hoecker_rae\/"],"email":"contact@hoecker.eu","telephone":"+ 49 (0)221-933 19-10","legalName":"H\u00d6CKER Rechtsanw\u00e4lte PartGmbB","numberOfEmployees":{"@type":"QuantitativeValue","minValue":"11","maxValue":"50"}},{"@type":"Person","@id":"https:\/\/www.hoecker.eu\/blog\/#\/schema\/person\/08f95581eed0534eccd0b2438f7a1cab","name":"Prof. Dr. Ralf H\u00f6cker","description":"Medienanwalt. Besch\u00fctzer vor mieser Presse","sameAs":["https:\/\/www.hoecker.eu\/wer\/prof-dr-ralf-hoecker","https:\/\/www.facebook.com\/ralf.hoecker","https:\/\/www.linkedin.com\/in\/prof-dr-ralf-hcker-ll-m-london-17987826\/","https:\/\/x.com\/Ralf_Hoecker"],"url":"https:\/\/www.hoecker.eu\/blog\/author\/hoecker_adm\/"}]}},"authors":[{"term_id":84,"user_id":1,"is_guest":0,"slug":"hoecker_adm","display_name":"Prof. Dr. Ralf H\u00f6cker","avatar_url":{"url":"https:\/\/www.hoecker.eu\/blog\/wp-content\/uploads\/2023\/12\/ProfDrRalfHoecker.jpg","url2x":"https:\/\/www.hoecker.eu\/blog\/wp-content\/uploads\/2023\/12\/ProfDrRalfHoecker.jpg"},"0":null,"1":"","2":"","3":"","4":"","5":"","6":"","7":"","8":"","9":"","10":"","11":""}],"_links":{"self":[{"href":"https:\/\/www.hoecker.eu\/blog\/wp-json\/wp\/v2\/posts\/8279","targetHints":{"allow":["GET"]}}],"collection":[{"href":"https:\/\/www.hoecker.eu\/blog\/wp-json\/wp\/v2\/posts"}],"about":[{"href":"https:\/\/www.hoecker.eu\/blog\/wp-json\/wp\/v2\/types\/post"}],"author":[{"embeddable":true,"href":"https:\/\/www.hoecker.eu\/blog\/wp-json\/wp\/v2\/users\/1"}],"replies":[{"embeddable":true,"href":"https:\/\/www.hoecker.eu\/blog\/wp-json\/wp\/v2\/comments?post=8279"}],"version-history":[{"count":1,"href":"https:\/\/www.hoecker.eu\/blog\/wp-json\/wp\/v2\/posts\/8279\/revisions"}],"predecessor-version":[{"id":9401,"href":"https:\/\/www.hoecker.eu\/blog\/wp-json\/wp\/v2\/posts\/8279\/revisions\/9401"}],"wp:attachment":[{"href":"https:\/\/www.hoecker.eu\/blog\/wp-json\/wp\/v2\/media?parent=8279"}],"wp:term":[{"taxonomy":"category","embeddable":true,"href":"https:\/\/www.hoecker.eu\/blog\/wp-json\/wp\/v2\/categories?post=8279"},{"taxonomy":"post_tag","embeddable":true,"href":"https:\/\/www.hoecker.eu\/blog\/wp-json\/wp\/v2\/tags?post=8279"},{"taxonomy":"hashtags","embeddable":true,"href":"https:\/\/www.hoecker.eu\/blog\/wp-json\/wp\/v2\/hashtags?post=8279"},{"taxonomy":"author","embeddable":true,"href":"https:\/\/www.hoecker.eu\/blog\/wp-json\/wp\/v2\/ppma_author?post=8279"}],"curies":[{"name":"wp","href":"https:\/\/api.w.org\/{rel}","templated":true}]}}