{"id":8273,"date":"2020-10-05T16:20:00","date_gmt":"2020-10-05T14:20:00","guid":{"rendered":"https:\/\/www.hoecker.eu\/blog\/eu-gericht-bestaetigt-elitepartner-marke-nichtig\/"},"modified":"2025-02-17T14:54:47","modified_gmt":"2025-02-17T13:54:47","slug":"eu-gericht-bestaetigt-elitepartner-marke-nichtig","status":"publish","type":"post","link":"https:\/\/www.hoecker.eu\/blog\/eu-gericht-bestaetigt-elitepartner-marke-nichtig\/","title":{"rendered":"EU-Gericht best\u00e4tigt: \u201eElitePartner\u201c-Marke nichtig."},"content":{"rendered":"<p>Das Gericht der Europ\u00e4ischen Union (EuG) hat die Nichtigkeit der Unionsmarke<\/p>\n<figure><img decoding=\"async\" src=\"{asset:20479:url||https:\/\/hoecker.eu\/assets\/img\/EUIPO_5996351_ElitePartner_1.jpg}\" alt=\"\" \/><\/figure>\n<p><\/p>\n<p>(Nr. 5996351) der Online-Partnervermittlung \u201eElitePartner\u201c<br \/>\nbest\u00e4tigt. Die Marke \u201eElitePartner\u201c ist u.a. f\u00fcr die Dienstleistung<br \/>\n\u201ePartnerschaftsvermittlung\u201c eingetragen.<\/p>\n<p>Nach Art. 7 der Unionsmarkenverordnung (UMV) sind Marken<br \/>\nschutzunf\u00e4hig und d\u00fcrfen nicht eingetragen werden, wenn sie keine<br \/>\nUnterscheidungskraft haben, also nicht geeignet sind, die Waren oder<br \/>\nDienstleistungen eines Unternehmens von denjenigen anderer Unternehmen<br \/>\nzu unterscheiden. Dies ist insbesondere bei beschreibenden Begriffen der<br \/>\n Fall, die die Dienstleistung oder ihre Merkmale beschreiben. Das<br \/>\nEurop\u00e4ische Markenamt (EUIPO) hatte die \u201eElitePartner\u201c-Marke auf Antrag<br \/>\nder Spark Networks Services GmbH, die u.a. die<br \/>\nOnline-Partnerschaftsvermittlung eDarling betreibt, in zwei<br \/>\nvorangegangenen Entscheidungen f\u00fcr nichtig erkl\u00e4rt. Die Marke habe<br \/>\nlediglich eine offenkundig werbende und anpreisende Bedeutung f\u00fcr die<br \/>\nQualit\u00e4t der Dienstleistungen und sei daher nicht<br \/>\nunterscheidungskr\u00e4ftig.\n<\/p>\n<p>Gegen die Entscheidung des EUIPO hatte ElitePartner Klage beim<br \/>\nEurop\u00e4ischen Gericht erhoben, die nun abgewiesen wurde (Entscheidung vom<br \/>\n 23.9.2020, Az. T 36-19, nicht rechtskr\u00e4ftig). Das Gericht best\u00e4tigte<br \/>\ndie L\u00f6schungsentscheidung des EUIPO und f\u00fchrte u.a. aus, dass die<br \/>\nWortbestandteile der Marke f\u00fcr jede der betroffenen Dienstleistungen<br \/>\nzumindest eines ihrer Merkmale beschreiben. Ferner f\u00fchre auch die<br \/>\ngrafische Ausgestaltung in Form des roten Balkens, der blauen Schrift<br \/>\nund der Schriftart zu keiner Unterscheidungskraft.\n<\/p>\n<p>Auch gegen weitere \u201eElitePartner\u201c-Unionsmarken laufen<br \/>\nNichtigkeitsverfahren beim EUIPO, in denen die Marken bereits teilweise<br \/>\n(n\u00e4mlich u.a. f\u00fcr \u201eDienstleistungen von Ehevermittlungs- und<br \/>\nDating-Agenturen\u201c bzw. \u201eEhe- und Partnerschaftsvermittlung\u201c) f\u00fcr nichtig<br \/>\n erkl\u00e4rt wurden.<\/p>\n","protected":false},"excerpt":{"rendered":"<p>Das Gericht der Europ\u00e4ischen Union (EuG) hat die Nichtigkeit der Unionsmarke (Nr. 5996351) der Online-Partnervermittlung \u201eElitePartner\u201c best\u00e4tigt. Die Marke \u201eElitePartner\u201c ist u.a. f\u00fcr die Dienstleistung \u201ePartnerschaftsvermittlung\u201c eingetragen. Nach Art. 7 der Unionsmarkenverordnung (UMV) sind Marken schutzunf\u00e4hig und d\u00fcrfen nicht eingetragen werden, wenn sie keine Unterscheidungskraft haben, also nicht geeignet sind, die Waren oder Dienstleistungen eines [&hellip;]<\/p>\n","protected":false},"author":1,"featured_media":0,"comment_status":"closed","ping_status":"closed","sticky":false,"template":"","format":"standard","meta":{"_has_post_settings":[],"footnotes":""},"categories":[15],"tags":[],"hashtags":[],"ppma_author":[84],"class_list":["post-8273","post","type-post","status-publish","format-standard","hentry","category-news","author-hoecker_adm"],"yoast_head":"<!-- This site is optimized with the Yoast SEO Premium plugin v25.9 (Yoast SEO v27.0) - https:\/\/yoast.com\/product\/yoast-seo-premium-wordpress\/ -->\n<title>EU-Gericht best\u00e4tigt: \u201eElitePartner\u201c-Marke nichtig. - H\u00d6CKER - der Blog<\/title>\n<meta name=\"robots\" content=\"index, follow, max-snippet:-1, max-image-preview:large, max-video-preview:-1\" \/>\n<link rel=\"canonical\" href=\"https:\/\/www.hoecker.eu\/blog\/eu-gericht-bestaetigt-elitepartner-marke-nichtig\/\" \/>\n<meta property=\"og:locale\" content=\"de_DE\" \/>\n<meta property=\"og:type\" content=\"article\" \/>\n<meta property=\"og:title\" content=\"EU-Gericht best\u00e4tigt: \u201eElitePartner\u201c-Marke nichtig.\" \/>\n<meta property=\"og:description\" content=\"Das Gericht der Europ\u00e4ischen Union (EuG) hat die Nichtigkeit der Unionsmarke (Nr. 5996351) der Online-Partnervermittlung \u201eElitePartner\u201c best\u00e4tigt. Die Marke \u201eElitePartner\u201c ist u.a. f\u00fcr die Dienstleistung \u201ePartnerschaftsvermittlung\u201c eingetragen. Nach Art. 7 der Unionsmarkenverordnung (UMV) sind Marken schutzunf\u00e4hig und d\u00fcrfen nicht eingetragen werden, wenn sie keine Unterscheidungskraft haben, also nicht geeignet sind, die Waren oder Dienstleistungen eines [&hellip;]\" \/>\n<meta property=\"og:url\" content=\"https:\/\/www.hoecker.eu\/blog\/eu-gericht-bestaetigt-elitepartner-marke-nichtig\/\" \/>\n<meta property=\"og:site_name\" content=\"H\u00d6CKER - der Blog\" \/>\n<meta property=\"article:publisher\" content=\"https:\/\/www.facebook.com\/HoeckerRAe\/\" \/>\n<meta property=\"article:author\" content=\"https:\/\/www.facebook.com\/ralf.hoecker\" \/>\n<meta property=\"article:published_time\" content=\"2020-10-05T14:20:00+00:00\" \/>\n<meta property=\"article:modified_time\" content=\"2025-02-17T13:54:47+00:00\" \/>\n<meta name=\"author\" content=\"Prof. Dr. Ralf H\u00f6cker\" \/>\n<meta name=\"twitter:card\" content=\"summary_large_image\" \/>\n<meta name=\"twitter:creator\" content=\"@Ralf_Hoecker\" \/>\n<meta name=\"twitter:site\" content=\"@hoecker_rae\" \/>\n<meta name=\"twitter:label1\" content=\"Verfasst von\" \/>\n\t<meta name=\"twitter:data1\" content=\"Prof. Dr. Ralf H\u00f6cker\" \/>\n\t<meta name=\"twitter:label2\" content=\"Gesch\u00e4tzte Lesezeit\" \/>\n\t<meta name=\"twitter:data2\" content=\"1\u00a0Minute\" \/>\n<script type=\"application\/ld+json\" class=\"yoast-schema-graph\">{\"@context\":\"https:\/\/schema.org\",\"@graph\":[{\"@type\":\"Article\",\"@id\":\"https:\/\/www.hoecker.eu\/blog\/eu-gericht-bestaetigt-elitepartner-marke-nichtig\/#article\",\"isPartOf\":{\"@id\":\"https:\/\/www.hoecker.eu\/blog\/eu-gericht-bestaetigt-elitepartner-marke-nichtig\/\"},\"author\":{\"name\":\"Prof. Dr. Ralf H\u00f6cker\",\"@id\":\"https:\/\/www.hoecker.eu\/blog\/#\/schema\/person\/08f95581eed0534eccd0b2438f7a1cab\"},\"headline\":\"EU-Gericht best\u00e4tigt: \u201eElitePartner\u201c-Marke nichtig.\",\"datePublished\":\"2020-10-05T14:20:00+00:00\",\"dateModified\":\"2025-02-17T13:54:47+00:00\",\"mainEntityOfPage\":{\"@id\":\"https:\/\/www.hoecker.eu\/blog\/eu-gericht-bestaetigt-elitepartner-marke-nichtig\/\"},\"wordCount\":255,\"publisher\":{\"@id\":\"https:\/\/www.hoecker.eu\/blog\/#organization\"},\"articleSection\":[\"News\"],\"inLanguage\":\"de\"},{\"@type\":\"WebPage\",\"@id\":\"https:\/\/www.hoecker.eu\/blog\/eu-gericht-bestaetigt-elitepartner-marke-nichtig\/\",\"url\":\"https:\/\/www.hoecker.eu\/blog\/eu-gericht-bestaetigt-elitepartner-marke-nichtig\/\",\"name\":\"EU-Gericht best\u00e4tigt: \u201eElitePartner\u201c-Marke nichtig. - H\u00d6CKER - der Blog\",\"isPartOf\":{\"@id\":\"https:\/\/www.hoecker.eu\/blog\/#website\"},\"datePublished\":\"2020-10-05T14:20:00+00:00\",\"dateModified\":\"2025-02-17T13:54:47+00:00\",\"breadcrumb\":{\"@id\":\"https:\/\/www.hoecker.eu\/blog\/eu-gericht-bestaetigt-elitepartner-marke-nichtig\/#breadcrumb\"},\"inLanguage\":\"de\",\"potentialAction\":[{\"@type\":\"ReadAction\",\"target\":[\"https:\/\/www.hoecker.eu\/blog\/eu-gericht-bestaetigt-elitepartner-marke-nichtig\/\"]}]},{\"@type\":\"BreadcrumbList\",\"@id\":\"https:\/\/www.hoecker.eu\/blog\/eu-gericht-bestaetigt-elitepartner-marke-nichtig\/#breadcrumb\",\"itemListElement\":[{\"@type\":\"ListItem\",\"position\":1,\"name\":\"Startseite\",\"item\":\"https:\/\/dev.hoecker.eu\/blog\/\"},{\"@type\":\"ListItem\",\"position\":2,\"name\":\"EU-Gericht best\u00e4tigt: \u201eElitePartner\u201c-Marke nichtig.\"}]},{\"@type\":\"WebSite\",\"@id\":\"https:\/\/www.hoecker.eu\/blog\/#website\",\"url\":\"https:\/\/www.hoecker.eu\/blog\/\",\"name\":\"H\u00d6CKER - der Blog\",\"description\":\"Expertenblog f\u00fcr \u00c4u\u00dferungs-, Medien-, Marken-, Urheber- und Wettbewerbsrecht.\",\"publisher\":{\"@id\":\"https:\/\/www.hoecker.eu\/blog\/#organization\"},\"potentialAction\":[{\"@type\":\"SearchAction\",\"target\":{\"@type\":\"EntryPoint\",\"urlTemplate\":\"https:\/\/www.hoecker.eu\/blog\/?s={search_term_string}\"},\"query-input\":{\"@type\":\"PropertyValueSpecification\",\"valueRequired\":true,\"valueName\":\"search_term_string\"}}],\"inLanguage\":\"de\"},{\"@type\":\"Organization\",\"@id\":\"https:\/\/www.hoecker.eu\/blog\/#organization\",\"name\":\"H\u00d6CKER Rechtsanw\u00e4lte PartGmbB\",\"alternateName\":\"H\u00d6CKER\",\"url\":\"https:\/\/www.hoecker.eu\/blog\/\",\"logo\":{\"@type\":\"ImageObject\",\"inLanguage\":\"de\",\"@id\":\"https:\/\/www.hoecker.eu\/blog\/#\/schema\/logo\/image\/\",\"url\":\"https:\/\/www.hoecker.eu\/blog\/wp-content\/uploads\/2025\/03\/Blog-Logo.webp\",\"contentUrl\":\"https:\/\/www.hoecker.eu\/blog\/wp-content\/uploads\/2025\/03\/Blog-Logo.webp\",\"width\":500,\"height\":500,\"caption\":\"H\u00d6CKER Rechtsanw\u00e4lte PartGmbB\"},\"image\":{\"@id\":\"https:\/\/www.hoecker.eu\/blog\/#\/schema\/logo\/image\/\"},\"sameAs\":[\"https:\/\/www.facebook.com\/HoeckerRAe\/\",\"https:\/\/x.com\/hoecker_rae\",\"https:\/\/www.linkedin.com\/company\/hcker-rechtsanwlte\/\",\"https:\/\/www.instagram.com\/hoecker_rae\/\"],\"email\":\"contact@hoecker.eu\",\"telephone\":\"+ 49 (0)221-933 19-10\",\"legalName\":\"H\u00d6CKER Rechtsanw\u00e4lte PartGmbB\",\"numberOfEmployees\":{\"@type\":\"QuantitativeValue\",\"minValue\":\"11\",\"maxValue\":\"50\"}},{\"@type\":\"Person\",\"@id\":\"https:\/\/www.hoecker.eu\/blog\/#\/schema\/person\/08f95581eed0534eccd0b2438f7a1cab\",\"name\":\"Prof. Dr. Ralf H\u00f6cker\",\"description\":\"Medienanwalt. Besch\u00fctzer vor mieser Presse\",\"sameAs\":[\"https:\/\/www.hoecker.eu\/wer\/prof-dr-ralf-hoecker\",\"https:\/\/www.facebook.com\/ralf.hoecker\",\"https:\/\/www.linkedin.com\/in\/prof-dr-ralf-hcker-ll-m-london-17987826\/\",\"https:\/\/x.com\/Ralf_Hoecker\"],\"url\":\"https:\/\/www.hoecker.eu\/blog\/author\/hoecker_adm\/\"}]}<\/script>\n<!-- \/ Yoast SEO Premium plugin. -->","yoast_head_json":{"title":"EU-Gericht best\u00e4tigt: \u201eElitePartner\u201c-Marke nichtig. - H\u00d6CKER - der Blog","robots":{"index":"index","follow":"follow","max-snippet":"max-snippet:-1","max-image-preview":"max-image-preview:large","max-video-preview":"max-video-preview:-1"},"canonical":"https:\/\/www.hoecker.eu\/blog\/eu-gericht-bestaetigt-elitepartner-marke-nichtig\/","og_locale":"de_DE","og_type":"article","og_title":"EU-Gericht best\u00e4tigt: \u201eElitePartner\u201c-Marke nichtig.","og_description":"Das Gericht der Europ\u00e4ischen Union (EuG) hat die Nichtigkeit der Unionsmarke (Nr. 5996351) der Online-Partnervermittlung \u201eElitePartner\u201c best\u00e4tigt. Die Marke \u201eElitePartner\u201c ist u.a. f\u00fcr die Dienstleistung \u201ePartnerschaftsvermittlung\u201c eingetragen. Nach Art. 7 der Unionsmarkenverordnung (UMV) sind Marken schutzunf\u00e4hig und d\u00fcrfen nicht eingetragen werden, wenn sie keine Unterscheidungskraft haben, also nicht geeignet sind, die Waren oder Dienstleistungen eines [&hellip;]","og_url":"https:\/\/www.hoecker.eu\/blog\/eu-gericht-bestaetigt-elitepartner-marke-nichtig\/","og_site_name":"H\u00d6CKER - der Blog","article_publisher":"https:\/\/www.facebook.com\/HoeckerRAe\/","article_author":"https:\/\/www.facebook.com\/ralf.hoecker","article_published_time":"2020-10-05T14:20:00+00:00","article_modified_time":"2025-02-17T13:54:47+00:00","author":"Prof. Dr. Ralf H\u00f6cker","twitter_card":"summary_large_image","twitter_creator":"@Ralf_Hoecker","twitter_site":"@hoecker_rae","twitter_misc":{"Verfasst von":"Prof. Dr. Ralf H\u00f6cker","Gesch\u00e4tzte Lesezeit":"1\u00a0Minute"},"schema":{"@context":"https:\/\/schema.org","@graph":[{"@type":"Article","@id":"https:\/\/www.hoecker.eu\/blog\/eu-gericht-bestaetigt-elitepartner-marke-nichtig\/#article","isPartOf":{"@id":"https:\/\/www.hoecker.eu\/blog\/eu-gericht-bestaetigt-elitepartner-marke-nichtig\/"},"author":{"name":"Prof. Dr. Ralf H\u00f6cker","@id":"https:\/\/www.hoecker.eu\/blog\/#\/schema\/person\/08f95581eed0534eccd0b2438f7a1cab"},"headline":"EU-Gericht best\u00e4tigt: \u201eElitePartner\u201c-Marke nichtig.","datePublished":"2020-10-05T14:20:00+00:00","dateModified":"2025-02-17T13:54:47+00:00","mainEntityOfPage":{"@id":"https:\/\/www.hoecker.eu\/blog\/eu-gericht-bestaetigt-elitepartner-marke-nichtig\/"},"wordCount":255,"publisher":{"@id":"https:\/\/www.hoecker.eu\/blog\/#organization"},"articleSection":["News"],"inLanguage":"de"},{"@type":"WebPage","@id":"https:\/\/www.hoecker.eu\/blog\/eu-gericht-bestaetigt-elitepartner-marke-nichtig\/","url":"https:\/\/www.hoecker.eu\/blog\/eu-gericht-bestaetigt-elitepartner-marke-nichtig\/","name":"EU-Gericht best\u00e4tigt: \u201eElitePartner\u201c-Marke nichtig. - H\u00d6CKER - der Blog","isPartOf":{"@id":"https:\/\/www.hoecker.eu\/blog\/#website"},"datePublished":"2020-10-05T14:20:00+00:00","dateModified":"2025-02-17T13:54:47+00:00","breadcrumb":{"@id":"https:\/\/www.hoecker.eu\/blog\/eu-gericht-bestaetigt-elitepartner-marke-nichtig\/#breadcrumb"},"inLanguage":"de","potentialAction":[{"@type":"ReadAction","target":["https:\/\/www.hoecker.eu\/blog\/eu-gericht-bestaetigt-elitepartner-marke-nichtig\/"]}]},{"@type":"BreadcrumbList","@id":"https:\/\/www.hoecker.eu\/blog\/eu-gericht-bestaetigt-elitepartner-marke-nichtig\/#breadcrumb","itemListElement":[{"@type":"ListItem","position":1,"name":"Startseite","item":"https:\/\/dev.hoecker.eu\/blog\/"},{"@type":"ListItem","position":2,"name":"EU-Gericht best\u00e4tigt: \u201eElitePartner\u201c-Marke nichtig."}]},{"@type":"WebSite","@id":"https:\/\/www.hoecker.eu\/blog\/#website","url":"https:\/\/www.hoecker.eu\/blog\/","name":"H\u00d6CKER - der Blog","description":"Expertenblog f\u00fcr \u00c4u\u00dferungs-, Medien-, Marken-, Urheber- und Wettbewerbsrecht.","publisher":{"@id":"https:\/\/www.hoecker.eu\/blog\/#organization"},"potentialAction":[{"@type":"SearchAction","target":{"@type":"EntryPoint","urlTemplate":"https:\/\/www.hoecker.eu\/blog\/?s={search_term_string}"},"query-input":{"@type":"PropertyValueSpecification","valueRequired":true,"valueName":"search_term_string"}}],"inLanguage":"de"},{"@type":"Organization","@id":"https:\/\/www.hoecker.eu\/blog\/#organization","name":"H\u00d6CKER Rechtsanw\u00e4lte PartGmbB","alternateName":"H\u00d6CKER","url":"https:\/\/www.hoecker.eu\/blog\/","logo":{"@type":"ImageObject","inLanguage":"de","@id":"https:\/\/www.hoecker.eu\/blog\/#\/schema\/logo\/image\/","url":"https:\/\/www.hoecker.eu\/blog\/wp-content\/uploads\/2025\/03\/Blog-Logo.webp","contentUrl":"https:\/\/www.hoecker.eu\/blog\/wp-content\/uploads\/2025\/03\/Blog-Logo.webp","width":500,"height":500,"caption":"H\u00d6CKER Rechtsanw\u00e4lte PartGmbB"},"image":{"@id":"https:\/\/www.hoecker.eu\/blog\/#\/schema\/logo\/image\/"},"sameAs":["https:\/\/www.facebook.com\/HoeckerRAe\/","https:\/\/x.com\/hoecker_rae","https:\/\/www.linkedin.com\/company\/hcker-rechtsanwlte\/","https:\/\/www.instagram.com\/hoecker_rae\/"],"email":"contact@hoecker.eu","telephone":"+ 49 (0)221-933 19-10","legalName":"H\u00d6CKER Rechtsanw\u00e4lte PartGmbB","numberOfEmployees":{"@type":"QuantitativeValue","minValue":"11","maxValue":"50"}},{"@type":"Person","@id":"https:\/\/www.hoecker.eu\/blog\/#\/schema\/person\/08f95581eed0534eccd0b2438f7a1cab","name":"Prof. Dr. Ralf H\u00f6cker","description":"Medienanwalt. Besch\u00fctzer vor mieser Presse","sameAs":["https:\/\/www.hoecker.eu\/wer\/prof-dr-ralf-hoecker","https:\/\/www.facebook.com\/ralf.hoecker","https:\/\/www.linkedin.com\/in\/prof-dr-ralf-hcker-ll-m-london-17987826\/","https:\/\/x.com\/Ralf_Hoecker"],"url":"https:\/\/www.hoecker.eu\/blog\/author\/hoecker_adm\/"}]}},"authors":[{"term_id":84,"user_id":1,"is_guest":0,"slug":"hoecker_adm","display_name":"Prof. Dr. Ralf H\u00f6cker","avatar_url":{"url":"https:\/\/www.hoecker.eu\/blog\/wp-content\/uploads\/2023\/12\/ProfDrRalfHoecker.jpg","url2x":"https:\/\/www.hoecker.eu\/blog\/wp-content\/uploads\/2023\/12\/ProfDrRalfHoecker.jpg"},"0":null,"1":"","2":"","3":"","4":"","5":"","6":"","7":"","8":"","9":"","10":"","11":""}],"_links":{"self":[{"href":"https:\/\/www.hoecker.eu\/blog\/wp-json\/wp\/v2\/posts\/8273","targetHints":{"allow":["GET"]}}],"collection":[{"href":"https:\/\/www.hoecker.eu\/blog\/wp-json\/wp\/v2\/posts"}],"about":[{"href":"https:\/\/www.hoecker.eu\/blog\/wp-json\/wp\/v2\/types\/post"}],"author":[{"embeddable":true,"href":"https:\/\/www.hoecker.eu\/blog\/wp-json\/wp\/v2\/users\/1"}],"replies":[{"embeddable":true,"href":"https:\/\/www.hoecker.eu\/blog\/wp-json\/wp\/v2\/comments?post=8273"}],"version-history":[{"count":1,"href":"https:\/\/www.hoecker.eu\/blog\/wp-json\/wp\/v2\/posts\/8273\/revisions"}],"predecessor-version":[{"id":9395,"href":"https:\/\/www.hoecker.eu\/blog\/wp-json\/wp\/v2\/posts\/8273\/revisions\/9395"}],"wp:attachment":[{"href":"https:\/\/www.hoecker.eu\/blog\/wp-json\/wp\/v2\/media?parent=8273"}],"wp:term":[{"taxonomy":"category","embeddable":true,"href":"https:\/\/www.hoecker.eu\/blog\/wp-json\/wp\/v2\/categories?post=8273"},{"taxonomy":"post_tag","embeddable":true,"href":"https:\/\/www.hoecker.eu\/blog\/wp-json\/wp\/v2\/tags?post=8273"},{"taxonomy":"hashtags","embeddable":true,"href":"https:\/\/www.hoecker.eu\/blog\/wp-json\/wp\/v2\/hashtags?post=8273"},{"taxonomy":"author","embeddable":true,"href":"https:\/\/www.hoecker.eu\/blog\/wp-json\/wp\/v2\/ppma_author?post=8273"}],"curies":[{"name":"wp","href":"https:\/\/api.w.org\/{rel}","templated":true}]}}