{"id":8271,"date":"2020-10-13T12:56:00","date_gmt":"2020-10-13T10:56:00","guid":{"rendered":"https:\/\/www.hoecker.eu\/blog\/olg-koeln-zu-dieselskandal-bericht-wegen-fehlender-anhoerung-rechtswidrig\/"},"modified":"2025-02-17T14:54:46","modified_gmt":"2025-02-17T13:54:46","slug":"olg-koeln-zu-dieselskandal-bericht-wegen-fehlender-anhoerung-rechtswidrig","status":"publish","type":"post","link":"https:\/\/www.hoecker.eu\/blog\/olg-koeln-zu-dieselskandal-bericht-wegen-fehlender-anhoerung-rechtswidrig\/","title":{"rendered":"OLG K\u00f6ln zu Dieselskandal: Bericht wegen fehlender Anh\u00f6rung rechtswidrig."},"content":{"rendered":"<p>Im September 2017 hatte ein gro\u00dfes deutsches Nachrichtenmagazin in einem Bericht im Zusammenhang mit dem sog. Dieselskandal \u00fcber die Anordnung der Untersuchungshaft gegen einen ehemaligen VW-Manager berichtet und dazu ein Bild ver\u00f6ffentlicht sowie dessen Namen genannt. Es hatte den Betroffenen vor der Ver\u00f6ffentlichung nicht angeh\u00f6rt.<\/p>\n<p>Das Landgericht K\u00f6ln hatte gegen das Magazin daraufhin eine einstweilige Verf\u00fcgung erlassen (Az. 28 O 325\/17) und die Entscheidung in der Hauptsache best\u00e4tigt (Urt. v. 28.08.2019, Az. 28 O 505\/18 n.rkr.). Der 15. Zivilsenat des Oberlandesgerichts K\u00f6ln schloss sich der Entscheidung des Landgerichts nun an und stellt fest, dass der Bericht wegen der fehlenden vorherigen Anh\u00f6rung rechtswidrig ist (Urt. v. 10.09.2020, Az. 15 O 230\/19, n.rkr.).<\/p>\n<p>In den Urteilsgr\u00fcnden verdeutlichen die Richter, dass keine Ausnahme von dieser Regel greift:<\/p>\n<blockquote>\n<p><em>\u201eSoweit eine Konfrontation\/Anh\u00f6rung des Betroffenen nach der oben zitierten Rechtsprechung (nur) \u201eregelm\u00e4\u00dfig&#8221; oder \u201egrunds\u00e4tzlich&#8221; geboten ist, lag zun\u00e4chst kein Ausnahmefall vor, in dem darauf im Einzelfall verzichtet werden konnte. Der Senat hat dies bisher in F\u00e4llen angenommen, in denen der Betroffene auf der Flucht oder sonst untergetaucht und somit definitiv mit normalen Mitteln unerreichbar ist (vgl. zuletzt etwa Senat v. 26.03.2020 &#8211; 15 U 95\/19, n.v. zur Flucht eines ungleichen Liebespaares durch Europa) oder er bereits im Vorfeld eindeutig zu erkennen gegeben hat, keine Stellung zu den (identischen) Vorw\u00fcrfen nehmen zu wollen (vgl. etwa Senat V. 15.11.2011 &#8211; 15 U 61\/11, ZUM 2012, 337, 341 oder auch OLG Hamburg v. 11.05.1995 &#8211; 3 U 264\/94, NJW-RR 1996, 597). <br \/><\/em><\/p>\n<p><em>Ein solcher Fall liegt hier aber nicht vor.\u201c<br \/><\/em><\/p>\n<\/blockquote>\n<p>Das Magazin hatte argumentiert, dass in diesem besonderen Fall eine Stellungnahme entbehrlich sein m\u00fcsse, da kein Ansprechpartner bekannt gewesen sei. Dies falle gewisserma\u00dfen in den Verantwortungsbereich des Betroffenen. Diesem Ansatz trat der Senat deutlich entgegen:<\/p>\n<blockquote>\n<p><em>\u201eEin solches Verschieben der Verantwortung geht aber &#8211; auch unter Ber\u00fccksichtigung der Pressefreiheit (Art. 5 Abs. 1 GG) und dem Erfordernis, deswegen die publizistischen Sorgfaltsanforderungen nicht zu \u00fcberspannen (vgl. zuletzt etwa BVerfG v. 18.03.2020 &#8211; 1 BvR 34\/17, BeckRS 2020, 9600 Rn. 5) &#8211; nach Ansicht des Senats gerade in F\u00e4llen einer identifizierenden Verdachtsberichterstattung \u00fcber m\u00f6gliche Straftaten doch zu weit. Das Pers\u00f6nlichkeitsrecht ist dem Nachrichtenverkauf nicht dienstbar; die sorgf\u00e4ltige Pr\u00fcfung, welche Grundlage daf\u00fcr ist, in Wahrnehmung berechtigter Interessen eine ungesicherte Tatsache behaupten zu d\u00fcrfen, verlangt, dass der \u00c4u\u00dfernde sich gerade nicht auf Ger\u00fcchte verl\u00e4sst, sondern alle erreichbaren Quellen aussch\u00f6pft und sich ihrer Zuverl\u00e4ssigkeit versichert.\u201c<br \/><\/em><\/p>\n<\/blockquote>\n<p>Diese M\u00f6glichkeiten hatte das Magazin unstreitig nicht ausgesch\u00f6pft, sodass die fehlende Anh\u00f6rung zur Rechtswidrigkeit der Berichterstattung f\u00fchrte. Das Oberlandesgericht hat die Revision zugelassen.<\/p>\n<p>Rechtsanwalt Prof. Dr. Ralf H\u00f6cker, LL.M.:<em><br \/><\/em><em>\u201eJournalisten haben eine Konfrontationspflicht. Wenn sie \u00fcber jemanden negativ berichten wollen, m\u00fcssen sie ihn vorab informieren und ihm die Gelegenheit zur Stellungnahme geben. Das mag l\u00e4stig sein und manchmal geht die erhoffte Geschichte durch eine solche Konfrontation sogar kaputt. Aber genau deshalb ist sie notwendig und genau deshalb ist es wichtig, Journalisten auf die Finger zu klopfen, die diese Pflicht so gerne \u00b4vergessen\u00b4\u201c<br \/><\/em><\/p>\n","protected":false},"excerpt":{"rendered":"<p>Im September 2017 hatte ein gro\u00dfes deutsches Nachrichtenmagazin in einem Bericht im Zusammenhang mit dem sog. Dieselskandal \u00fcber die Anordnung der Untersuchungshaft gegen einen ehemaligen VW-Manager berichtet und dazu ein Bild ver\u00f6ffentlicht sowie dessen Namen genannt. Es hatte den Betroffenen vor der Ver\u00f6ffentlichung nicht angeh\u00f6rt. Das Landgericht K\u00f6ln hatte gegen das Magazin daraufhin eine einstweilige [&hellip;]<\/p>\n","protected":false},"author":1,"featured_media":0,"comment_status":"closed","ping_status":"closed","sticky":false,"template":"","format":"standard","meta":{"_has_post_settings":[],"footnotes":""},"categories":[15],"tags":[],"hashtags":[],"ppma_author":[84],"class_list":["post-8271","post","type-post","status-publish","format-standard","hentry","category-news","author-hoecker_adm"],"yoast_head":"<!-- This site is optimized with the Yoast SEO Premium plugin v25.9 (Yoast SEO v27.0) - https:\/\/yoast.com\/product\/yoast-seo-premium-wordpress\/ -->\n<title>OLG K\u00f6ln zu Dieselskandal: Bericht wegen fehlender Anh\u00f6rung rechtswidrig. - H\u00d6CKER - der Blog<\/title>\n<meta name=\"robots\" content=\"index, follow, max-snippet:-1, max-image-preview:large, max-video-preview:-1\" \/>\n<link rel=\"canonical\" href=\"https:\/\/www.hoecker.eu\/blog\/olg-koeln-zu-dieselskandal-bericht-wegen-fehlender-anhoerung-rechtswidrig\/\" \/>\n<meta property=\"og:locale\" content=\"de_DE\" \/>\n<meta property=\"og:type\" content=\"article\" \/>\n<meta property=\"og:title\" content=\"OLG K\u00f6ln zu Dieselskandal: Bericht wegen fehlender Anh\u00f6rung rechtswidrig.\" \/>\n<meta property=\"og:description\" content=\"Im September 2017 hatte ein gro\u00dfes deutsches Nachrichtenmagazin in einem Bericht im Zusammenhang mit dem sog. Dieselskandal \u00fcber die Anordnung der Untersuchungshaft gegen einen ehemaligen VW-Manager berichtet und dazu ein Bild ver\u00f6ffentlicht sowie dessen Namen genannt. Es hatte den Betroffenen vor der Ver\u00f6ffentlichung nicht angeh\u00f6rt. Das Landgericht K\u00f6ln hatte gegen das Magazin daraufhin eine einstweilige [&hellip;]\" \/>\n<meta property=\"og:url\" content=\"https:\/\/www.hoecker.eu\/blog\/olg-koeln-zu-dieselskandal-bericht-wegen-fehlender-anhoerung-rechtswidrig\/\" \/>\n<meta property=\"og:site_name\" content=\"H\u00d6CKER - der Blog\" \/>\n<meta property=\"article:publisher\" content=\"https:\/\/www.facebook.com\/HoeckerRAe\/\" \/>\n<meta property=\"article:author\" content=\"https:\/\/www.facebook.com\/ralf.hoecker\" \/>\n<meta property=\"article:published_time\" content=\"2020-10-13T10:56:00+00:00\" \/>\n<meta property=\"article:modified_time\" content=\"2025-02-17T13:54:46+00:00\" \/>\n<meta name=\"author\" content=\"Prof. Dr. Ralf H\u00f6cker\" \/>\n<meta name=\"twitter:card\" content=\"summary_large_image\" \/>\n<meta name=\"twitter:creator\" content=\"@Ralf_Hoecker\" \/>\n<meta name=\"twitter:site\" content=\"@hoecker_rae\" \/>\n<meta name=\"twitter:label1\" content=\"Verfasst von\" \/>\n\t<meta name=\"twitter:data1\" content=\"Prof. Dr. Ralf H\u00f6cker\" \/>\n\t<meta name=\"twitter:label2\" content=\"Gesch\u00e4tzte Lesezeit\" \/>\n\t<meta name=\"twitter:data2\" content=\"2\u00a0Minuten\" \/>\n<script type=\"application\/ld+json\" class=\"yoast-schema-graph\">{\"@context\":\"https:\/\/schema.org\",\"@graph\":[{\"@type\":\"Article\",\"@id\":\"https:\/\/www.hoecker.eu\/blog\/olg-koeln-zu-dieselskandal-bericht-wegen-fehlender-anhoerung-rechtswidrig\/#article\",\"isPartOf\":{\"@id\":\"https:\/\/www.hoecker.eu\/blog\/olg-koeln-zu-dieselskandal-bericht-wegen-fehlender-anhoerung-rechtswidrig\/\"},\"author\":{\"name\":\"Prof. Dr. Ralf H\u00f6cker\",\"@id\":\"https:\/\/www.hoecker.eu\/blog\/#\/schema\/person\/08f95581eed0534eccd0b2438f7a1cab\"},\"headline\":\"OLG K\u00f6ln zu Dieselskandal: Bericht wegen fehlender Anh\u00f6rung rechtswidrig.\",\"datePublished\":\"2020-10-13T10:56:00+00:00\",\"dateModified\":\"2025-02-17T13:54:46+00:00\",\"mainEntityOfPage\":{\"@id\":\"https:\/\/www.hoecker.eu\/blog\/olg-koeln-zu-dieselskandal-bericht-wegen-fehlender-anhoerung-rechtswidrig\/\"},\"wordCount\":503,\"publisher\":{\"@id\":\"https:\/\/www.hoecker.eu\/blog\/#organization\"},\"articleSection\":[\"News\"],\"inLanguage\":\"de\"},{\"@type\":\"WebPage\",\"@id\":\"https:\/\/www.hoecker.eu\/blog\/olg-koeln-zu-dieselskandal-bericht-wegen-fehlender-anhoerung-rechtswidrig\/\",\"url\":\"https:\/\/www.hoecker.eu\/blog\/olg-koeln-zu-dieselskandal-bericht-wegen-fehlender-anhoerung-rechtswidrig\/\",\"name\":\"OLG K\u00f6ln zu Dieselskandal: Bericht wegen fehlender Anh\u00f6rung rechtswidrig. - H\u00d6CKER - der Blog\",\"isPartOf\":{\"@id\":\"https:\/\/www.hoecker.eu\/blog\/#website\"},\"datePublished\":\"2020-10-13T10:56:00+00:00\",\"dateModified\":\"2025-02-17T13:54:46+00:00\",\"breadcrumb\":{\"@id\":\"https:\/\/www.hoecker.eu\/blog\/olg-koeln-zu-dieselskandal-bericht-wegen-fehlender-anhoerung-rechtswidrig\/#breadcrumb\"},\"inLanguage\":\"de\",\"potentialAction\":[{\"@type\":\"ReadAction\",\"target\":[\"https:\/\/www.hoecker.eu\/blog\/olg-koeln-zu-dieselskandal-bericht-wegen-fehlender-anhoerung-rechtswidrig\/\"]}]},{\"@type\":\"BreadcrumbList\",\"@id\":\"https:\/\/www.hoecker.eu\/blog\/olg-koeln-zu-dieselskandal-bericht-wegen-fehlender-anhoerung-rechtswidrig\/#breadcrumb\",\"itemListElement\":[{\"@type\":\"ListItem\",\"position\":1,\"name\":\"Startseite\",\"item\":\"https:\/\/dev.hoecker.eu\/blog\/\"},{\"@type\":\"ListItem\",\"position\":2,\"name\":\"OLG K\u00f6ln zu Dieselskandal: Bericht wegen fehlender Anh\u00f6rung rechtswidrig.\"}]},{\"@type\":\"WebSite\",\"@id\":\"https:\/\/www.hoecker.eu\/blog\/#website\",\"url\":\"https:\/\/www.hoecker.eu\/blog\/\",\"name\":\"H\u00d6CKER - der Blog\",\"description\":\"Expertenblog f\u00fcr \u00c4u\u00dferungs-, Medien-, Marken-, Urheber- und Wettbewerbsrecht.\",\"publisher\":{\"@id\":\"https:\/\/www.hoecker.eu\/blog\/#organization\"},\"potentialAction\":[{\"@type\":\"SearchAction\",\"target\":{\"@type\":\"EntryPoint\",\"urlTemplate\":\"https:\/\/www.hoecker.eu\/blog\/?s={search_term_string}\"},\"query-input\":{\"@type\":\"PropertyValueSpecification\",\"valueRequired\":true,\"valueName\":\"search_term_string\"}}],\"inLanguage\":\"de\"},{\"@type\":\"Organization\",\"@id\":\"https:\/\/www.hoecker.eu\/blog\/#organization\",\"name\":\"H\u00d6CKER Rechtsanw\u00e4lte PartGmbB\",\"alternateName\":\"H\u00d6CKER\",\"url\":\"https:\/\/www.hoecker.eu\/blog\/\",\"logo\":{\"@type\":\"ImageObject\",\"inLanguage\":\"de\",\"@id\":\"https:\/\/www.hoecker.eu\/blog\/#\/schema\/logo\/image\/\",\"url\":\"https:\/\/www.hoecker.eu\/blog\/wp-content\/uploads\/2025\/03\/Blog-Logo.webp\",\"contentUrl\":\"https:\/\/www.hoecker.eu\/blog\/wp-content\/uploads\/2025\/03\/Blog-Logo.webp\",\"width\":500,\"height\":500,\"caption\":\"H\u00d6CKER Rechtsanw\u00e4lte PartGmbB\"},\"image\":{\"@id\":\"https:\/\/www.hoecker.eu\/blog\/#\/schema\/logo\/image\/\"},\"sameAs\":[\"https:\/\/www.facebook.com\/HoeckerRAe\/\",\"https:\/\/x.com\/hoecker_rae\",\"https:\/\/www.linkedin.com\/company\/hcker-rechtsanwlte\/\",\"https:\/\/www.instagram.com\/hoecker_rae\/\"],\"email\":\"contact@hoecker.eu\",\"telephone\":\"+ 49 (0)221-933 19-10\",\"legalName\":\"H\u00d6CKER Rechtsanw\u00e4lte PartGmbB\",\"numberOfEmployees\":{\"@type\":\"QuantitativeValue\",\"minValue\":\"11\",\"maxValue\":\"50\"}},{\"@type\":\"Person\",\"@id\":\"https:\/\/www.hoecker.eu\/blog\/#\/schema\/person\/08f95581eed0534eccd0b2438f7a1cab\",\"name\":\"Prof. Dr. Ralf H\u00f6cker\",\"description\":\"Medienanwalt. Besch\u00fctzer vor mieser Presse\",\"sameAs\":[\"https:\/\/www.hoecker.eu\/wer\/prof-dr-ralf-hoecker\",\"https:\/\/www.facebook.com\/ralf.hoecker\",\"https:\/\/www.linkedin.com\/in\/prof-dr-ralf-hcker-ll-m-london-17987826\/\",\"https:\/\/x.com\/Ralf_Hoecker\"],\"url\":\"https:\/\/www.hoecker.eu\/blog\/author\/hoecker_adm\/\"}]}<\/script>\n<!-- \/ Yoast SEO Premium plugin. -->","yoast_head_json":{"title":"OLG K\u00f6ln zu Dieselskandal: Bericht wegen fehlender Anh\u00f6rung rechtswidrig. - H\u00d6CKER - der Blog","robots":{"index":"index","follow":"follow","max-snippet":"max-snippet:-1","max-image-preview":"max-image-preview:large","max-video-preview":"max-video-preview:-1"},"canonical":"https:\/\/www.hoecker.eu\/blog\/olg-koeln-zu-dieselskandal-bericht-wegen-fehlender-anhoerung-rechtswidrig\/","og_locale":"de_DE","og_type":"article","og_title":"OLG K\u00f6ln zu Dieselskandal: Bericht wegen fehlender Anh\u00f6rung rechtswidrig.","og_description":"Im September 2017 hatte ein gro\u00dfes deutsches Nachrichtenmagazin in einem Bericht im Zusammenhang mit dem sog. Dieselskandal \u00fcber die Anordnung der Untersuchungshaft gegen einen ehemaligen VW-Manager berichtet und dazu ein Bild ver\u00f6ffentlicht sowie dessen Namen genannt. Es hatte den Betroffenen vor der Ver\u00f6ffentlichung nicht angeh\u00f6rt. Das Landgericht K\u00f6ln hatte gegen das Magazin daraufhin eine einstweilige [&hellip;]","og_url":"https:\/\/www.hoecker.eu\/blog\/olg-koeln-zu-dieselskandal-bericht-wegen-fehlender-anhoerung-rechtswidrig\/","og_site_name":"H\u00d6CKER - der Blog","article_publisher":"https:\/\/www.facebook.com\/HoeckerRAe\/","article_author":"https:\/\/www.facebook.com\/ralf.hoecker","article_published_time":"2020-10-13T10:56:00+00:00","article_modified_time":"2025-02-17T13:54:46+00:00","author":"Prof. Dr. Ralf H\u00f6cker","twitter_card":"summary_large_image","twitter_creator":"@Ralf_Hoecker","twitter_site":"@hoecker_rae","twitter_misc":{"Verfasst von":"Prof. Dr. Ralf H\u00f6cker","Gesch\u00e4tzte Lesezeit":"2\u00a0Minuten"},"schema":{"@context":"https:\/\/schema.org","@graph":[{"@type":"Article","@id":"https:\/\/www.hoecker.eu\/blog\/olg-koeln-zu-dieselskandal-bericht-wegen-fehlender-anhoerung-rechtswidrig\/#article","isPartOf":{"@id":"https:\/\/www.hoecker.eu\/blog\/olg-koeln-zu-dieselskandal-bericht-wegen-fehlender-anhoerung-rechtswidrig\/"},"author":{"name":"Prof. Dr. Ralf H\u00f6cker","@id":"https:\/\/www.hoecker.eu\/blog\/#\/schema\/person\/08f95581eed0534eccd0b2438f7a1cab"},"headline":"OLG K\u00f6ln zu Dieselskandal: Bericht wegen fehlender Anh\u00f6rung rechtswidrig.","datePublished":"2020-10-13T10:56:00+00:00","dateModified":"2025-02-17T13:54:46+00:00","mainEntityOfPage":{"@id":"https:\/\/www.hoecker.eu\/blog\/olg-koeln-zu-dieselskandal-bericht-wegen-fehlender-anhoerung-rechtswidrig\/"},"wordCount":503,"publisher":{"@id":"https:\/\/www.hoecker.eu\/blog\/#organization"},"articleSection":["News"],"inLanguage":"de"},{"@type":"WebPage","@id":"https:\/\/www.hoecker.eu\/blog\/olg-koeln-zu-dieselskandal-bericht-wegen-fehlender-anhoerung-rechtswidrig\/","url":"https:\/\/www.hoecker.eu\/blog\/olg-koeln-zu-dieselskandal-bericht-wegen-fehlender-anhoerung-rechtswidrig\/","name":"OLG K\u00f6ln zu Dieselskandal: Bericht wegen fehlender Anh\u00f6rung rechtswidrig. - H\u00d6CKER - der Blog","isPartOf":{"@id":"https:\/\/www.hoecker.eu\/blog\/#website"},"datePublished":"2020-10-13T10:56:00+00:00","dateModified":"2025-02-17T13:54:46+00:00","breadcrumb":{"@id":"https:\/\/www.hoecker.eu\/blog\/olg-koeln-zu-dieselskandal-bericht-wegen-fehlender-anhoerung-rechtswidrig\/#breadcrumb"},"inLanguage":"de","potentialAction":[{"@type":"ReadAction","target":["https:\/\/www.hoecker.eu\/blog\/olg-koeln-zu-dieselskandal-bericht-wegen-fehlender-anhoerung-rechtswidrig\/"]}]},{"@type":"BreadcrumbList","@id":"https:\/\/www.hoecker.eu\/blog\/olg-koeln-zu-dieselskandal-bericht-wegen-fehlender-anhoerung-rechtswidrig\/#breadcrumb","itemListElement":[{"@type":"ListItem","position":1,"name":"Startseite","item":"https:\/\/dev.hoecker.eu\/blog\/"},{"@type":"ListItem","position":2,"name":"OLG K\u00f6ln zu Dieselskandal: Bericht wegen fehlender Anh\u00f6rung rechtswidrig."}]},{"@type":"WebSite","@id":"https:\/\/www.hoecker.eu\/blog\/#website","url":"https:\/\/www.hoecker.eu\/blog\/","name":"H\u00d6CKER - der Blog","description":"Expertenblog f\u00fcr \u00c4u\u00dferungs-, Medien-, Marken-, Urheber- und Wettbewerbsrecht.","publisher":{"@id":"https:\/\/www.hoecker.eu\/blog\/#organization"},"potentialAction":[{"@type":"SearchAction","target":{"@type":"EntryPoint","urlTemplate":"https:\/\/www.hoecker.eu\/blog\/?s={search_term_string}"},"query-input":{"@type":"PropertyValueSpecification","valueRequired":true,"valueName":"search_term_string"}}],"inLanguage":"de"},{"@type":"Organization","@id":"https:\/\/www.hoecker.eu\/blog\/#organization","name":"H\u00d6CKER Rechtsanw\u00e4lte PartGmbB","alternateName":"H\u00d6CKER","url":"https:\/\/www.hoecker.eu\/blog\/","logo":{"@type":"ImageObject","inLanguage":"de","@id":"https:\/\/www.hoecker.eu\/blog\/#\/schema\/logo\/image\/","url":"https:\/\/www.hoecker.eu\/blog\/wp-content\/uploads\/2025\/03\/Blog-Logo.webp","contentUrl":"https:\/\/www.hoecker.eu\/blog\/wp-content\/uploads\/2025\/03\/Blog-Logo.webp","width":500,"height":500,"caption":"H\u00d6CKER Rechtsanw\u00e4lte PartGmbB"},"image":{"@id":"https:\/\/www.hoecker.eu\/blog\/#\/schema\/logo\/image\/"},"sameAs":["https:\/\/www.facebook.com\/HoeckerRAe\/","https:\/\/x.com\/hoecker_rae","https:\/\/www.linkedin.com\/company\/hcker-rechtsanwlte\/","https:\/\/www.instagram.com\/hoecker_rae\/"],"email":"contact@hoecker.eu","telephone":"+ 49 (0)221-933 19-10","legalName":"H\u00d6CKER Rechtsanw\u00e4lte PartGmbB","numberOfEmployees":{"@type":"QuantitativeValue","minValue":"11","maxValue":"50"}},{"@type":"Person","@id":"https:\/\/www.hoecker.eu\/blog\/#\/schema\/person\/08f95581eed0534eccd0b2438f7a1cab","name":"Prof. Dr. Ralf H\u00f6cker","description":"Medienanwalt. Besch\u00fctzer vor mieser Presse","sameAs":["https:\/\/www.hoecker.eu\/wer\/prof-dr-ralf-hoecker","https:\/\/www.facebook.com\/ralf.hoecker","https:\/\/www.linkedin.com\/in\/prof-dr-ralf-hcker-ll-m-london-17987826\/","https:\/\/x.com\/Ralf_Hoecker"],"url":"https:\/\/www.hoecker.eu\/blog\/author\/hoecker_adm\/"}]}},"authors":[{"term_id":84,"user_id":1,"is_guest":0,"slug":"hoecker_adm","display_name":"Prof. Dr. Ralf H\u00f6cker","avatar_url":{"url":"https:\/\/www.hoecker.eu\/blog\/wp-content\/uploads\/2023\/12\/ProfDrRalfHoecker.jpg","url2x":"https:\/\/www.hoecker.eu\/blog\/wp-content\/uploads\/2023\/12\/ProfDrRalfHoecker.jpg"},"0":null,"1":"","2":"","3":"","4":"","5":"","6":"","7":"","8":"","9":"","10":"","11":""}],"_links":{"self":[{"href":"https:\/\/www.hoecker.eu\/blog\/wp-json\/wp\/v2\/posts\/8271","targetHints":{"allow":["GET"]}}],"collection":[{"href":"https:\/\/www.hoecker.eu\/blog\/wp-json\/wp\/v2\/posts"}],"about":[{"href":"https:\/\/www.hoecker.eu\/blog\/wp-json\/wp\/v2\/types\/post"}],"author":[{"embeddable":true,"href":"https:\/\/www.hoecker.eu\/blog\/wp-json\/wp\/v2\/users\/1"}],"replies":[{"embeddable":true,"href":"https:\/\/www.hoecker.eu\/blog\/wp-json\/wp\/v2\/comments?post=8271"}],"version-history":[{"count":1,"href":"https:\/\/www.hoecker.eu\/blog\/wp-json\/wp\/v2\/posts\/8271\/revisions"}],"predecessor-version":[{"id":9393,"href":"https:\/\/www.hoecker.eu\/blog\/wp-json\/wp\/v2\/posts\/8271\/revisions\/9393"}],"wp:attachment":[{"href":"https:\/\/www.hoecker.eu\/blog\/wp-json\/wp\/v2\/media?parent=8271"}],"wp:term":[{"taxonomy":"category","embeddable":true,"href":"https:\/\/www.hoecker.eu\/blog\/wp-json\/wp\/v2\/categories?post=8271"},{"taxonomy":"post_tag","embeddable":true,"href":"https:\/\/www.hoecker.eu\/blog\/wp-json\/wp\/v2\/tags?post=8271"},{"taxonomy":"hashtags","embeddable":true,"href":"https:\/\/www.hoecker.eu\/blog\/wp-json\/wp\/v2\/hashtags?post=8271"},{"taxonomy":"author","embeddable":true,"href":"https:\/\/www.hoecker.eu\/blog\/wp-json\/wp\/v2\/ppma_author?post=8271"}],"curies":[{"name":"wp","href":"https:\/\/api.w.org\/{rel}","templated":true}]}}