{"id":8269,"date":"2020-11-02T07:01:00","date_gmt":"2020-11-02T06:01:00","guid":{"rendered":"https:\/\/www.hoecker.eu\/blog\/juve-berichtet-dr-carsten-brennecke-von-hoecker-begleitet-missbrauchsgutachten-des-erzbistum-koeln-presserechtlich\/"},"modified":"2025-02-17T14:54:45","modified_gmt":"2025-02-17T13:54:45","slug":"juve-berichtet-dr-carsten-brennecke-von-hoecker-begleitet-missbrauchsgutachten-des-erzbistum-koeln-presserechtlich","status":"publish","type":"post","link":"https:\/\/www.hoecker.eu\/blog\/juve-berichtet-dr-carsten-brennecke-von-hoecker-begleitet-missbrauchsgutachten-des-erzbistum-koeln-presserechtlich\/","title":{"rendered":"JUVE berichtet: Dr. Carsten Brennecke von H\u00d6CKER begleitet Missbrauchsgutachten des Erzbistum K\u00f6ln presserechtlich."},"content":{"rendered":"<p>Die JUVE berichtet am 30.10.20, Zitat:<\/p>\n<blockquote>\n<p><em>Der K\u00f6lner Kardinal Rainer Maria Woelki will das von ihm in Auftrag gegebene Missbrauchsgutachten der M\u00fcnchner Kanzlei Westpfahl Spilker Wastl nicht ver\u00f6ffentlichen. Er begr\u00fcndete dies mit erheblichen M\u00e4ngeln, die das Gutachten aufweise. Nun soll die K\u00f6lner Strafrechtskanzlei Gercke Wollschl\u00e4ger ein neues Gutachten anfertigen. <\/em><\/p>\n<p><em><br \/>\n<\/em><\/p>\n<p><em>Da in dem Fall auch presserechtliche Aspekte eine gro\u00dfe Rolle spielen, hat das Erzbistum schon l\u00e4nger die renommierten Presserechtler der K\u00f6lner Kanzlei H\u00f6cker &#8230; beauftragt.<\/em><\/p>\n<p><em><br \/>\n<\/em><\/p>\n<p><em>Soweit bekannt haben vor allem presserechtliche Bedenken die Ver\u00f6ffentlichung des Westpfahl-Gutachtens verhindert. <\/em><\/p>\n<p><em><br \/>\n<\/em><\/p>\n<p><em>Welche presserechtliche Dimension der Fall hat zeigt sich auch an den f\u00fcr diesen Aspekt beteiligten Anw\u00e4lten: Dr. Carsten Brennecke aus der Kanzlei H\u00f6cker ist &#8230; vom Erzbistum K\u00f6ln f\u00fcr die presserechtliche Strategie und Beratung mandatiert.<br \/><\/em><\/p>\n<\/blockquote>\n<p><a href=\"https:\/\/www.juve.de\/nachrichten\/namenundnachrichten\/nachrichtrecht\/2020\/10\/nach-maengeln-am-missbrauchsgutachen-erzbistum-vergibt-aufklaerungsmandat-an-gercke-wollschlaeger\" target=\"_blank\" rel=\"noreferrer noopener\">https:\/\/www.juve.de\/nachrichten\/namenundnachrichten\/nachrichtrecht\/2020\/10\/nach-maengeln-am-missbrauchsgutachen-erzbistum-vergibt-aufklaerungsmandat-an-gercke-wollschlaeger<\/a><\/p>\n<p>Dazu kommentiert die LTO:<\/p>\n<blockquote>\n<p><em>\u201c\u00c4u\u00dferungsrechtliche Bedenken h\u00e4tten die geplante Ver\u00f6ffentlichung verhindert, best\u00e4tigte das Bistum, das in diesem Bereich nach LTO-Informationen von &#8230; Dr. Carsten Brennecke von <a href=\"https:\/\/www.lto.de\/kanzleien-unternehmen\/kanzleien\/profile\/hoecker-rechtsanwaelte-partgmbb\/\" title=\"H\u00f6cker Rechtsanw\u00e4lte\" target=\"_blank\" rel=\"noreferrer noopener\">H\u00f6cker Rechtsanw\u00e4lte<\/a> aus K\u00f6ln beraten wird.\u201d<br \/><\/em><\/p>\n<\/blockquote>\n<p><a href=\"https:\/\/www.lto.de\/recht\/kanzleien-unternehmen\/k\/erzbistum-koeln-missbrauchsstudie-westpfahl-spilker-wastl-nicht-veroeffentlicht-neu-vergeben-gercke-wollschlger\/\" target=\"_blank\" rel=\"noreferrer noopener\">https:\/\/www.lto.de\/recht\/kanzleien-unternehmen\/k\/erzbistum-koeln-missbrauchsstudie-westpfahl-spilker-wastl-nicht-veroeffentlicht-neu-vergeben-gercke-wollschlger\/<\/a><\/p>\n","protected":false},"excerpt":{"rendered":"<p>Die JUVE berichtet am 30.10.20, Zitat: Der K\u00f6lner Kardinal Rainer Maria Woelki will das von ihm in Auftrag gegebene Missbrauchsgutachten der M\u00fcnchner Kanzlei Westpfahl Spilker Wastl nicht ver\u00f6ffentlichen. Er begr\u00fcndete dies mit erheblichen M\u00e4ngeln, die das Gutachten aufweise. Nun soll die K\u00f6lner Strafrechtskanzlei Gercke Wollschl\u00e4ger ein neues Gutachten anfertigen. Da in dem Fall auch presserechtliche [&hellip;]<\/p>\n","protected":false},"author":1,"featured_media":0,"comment_status":"closed","ping_status":"closed","sticky":false,"template":"","format":"standard","meta":{"_has_post_settings":[],"footnotes":""},"categories":[15],"tags":[],"hashtags":[],"ppma_author":[84],"class_list":["post-8269","post","type-post","status-publish","format-standard","hentry","category-news","author-hoecker_adm"],"yoast_head":"<!-- This site is optimized with the Yoast SEO Premium plugin v25.9 (Yoast SEO v27.0) - https:\/\/yoast.com\/product\/yoast-seo-premium-wordpress\/ -->\n<title>JUVE berichtet: Dr. Carsten Brennecke von H\u00d6CKER begleitet Missbrauchsgutachten des Erzbistum K\u00f6ln presserechtlich. - H\u00d6CKER - der Blog<\/title>\n<meta name=\"robots\" content=\"index, follow, max-snippet:-1, max-image-preview:large, max-video-preview:-1\" \/>\n<link rel=\"canonical\" href=\"https:\/\/www.hoecker.eu\/blog\/juve-berichtet-dr-carsten-brennecke-von-hoecker-begleitet-missbrauchsgutachten-des-erzbistum-koeln-presserechtlich\/\" \/>\n<meta property=\"og:locale\" content=\"de_DE\" \/>\n<meta property=\"og:type\" content=\"article\" \/>\n<meta property=\"og:title\" content=\"JUVE berichtet: Dr. Carsten Brennecke von H\u00d6CKER begleitet Missbrauchsgutachten des Erzbistum K\u00f6ln presserechtlich.\" \/>\n<meta property=\"og:description\" content=\"Die JUVE berichtet am 30.10.20, Zitat: Der K\u00f6lner Kardinal Rainer Maria Woelki will das von ihm in Auftrag gegebene Missbrauchsgutachten der M\u00fcnchner Kanzlei Westpfahl Spilker Wastl nicht ver\u00f6ffentlichen. Er begr\u00fcndete dies mit erheblichen M\u00e4ngeln, die das Gutachten aufweise. Nun soll die K\u00f6lner Strafrechtskanzlei Gercke Wollschl\u00e4ger ein neues Gutachten anfertigen. Da in dem Fall auch presserechtliche [&hellip;]\" \/>\n<meta property=\"og:url\" content=\"https:\/\/www.hoecker.eu\/blog\/juve-berichtet-dr-carsten-brennecke-von-hoecker-begleitet-missbrauchsgutachten-des-erzbistum-koeln-presserechtlich\/\" \/>\n<meta property=\"og:site_name\" content=\"H\u00d6CKER - der Blog\" \/>\n<meta property=\"article:publisher\" content=\"https:\/\/www.facebook.com\/HoeckerRAe\/\" \/>\n<meta property=\"article:author\" content=\"https:\/\/www.facebook.com\/ralf.hoecker\" \/>\n<meta property=\"article:published_time\" content=\"2020-11-02T06:01:00+00:00\" \/>\n<meta property=\"article:modified_time\" content=\"2025-02-17T13:54:45+00:00\" \/>\n<meta name=\"author\" content=\"Prof. Dr. Ralf H\u00f6cker\" \/>\n<meta name=\"twitter:card\" content=\"summary_large_image\" \/>\n<meta name=\"twitter:creator\" content=\"@Ralf_Hoecker\" \/>\n<meta name=\"twitter:site\" content=\"@hoecker_rae\" \/>\n<meta name=\"twitter:label1\" content=\"Verfasst von\" \/>\n\t<meta name=\"twitter:data1\" content=\"Prof. Dr. Ralf H\u00f6cker\" \/>\n\t<meta name=\"twitter:label2\" content=\"Gesch\u00e4tzte Lesezeit\" \/>\n\t<meta name=\"twitter:data2\" content=\"1\u00a0Minute\" \/>\n<script type=\"application\/ld+json\" class=\"yoast-schema-graph\">{\"@context\":\"https:\/\/schema.org\",\"@graph\":[{\"@type\":\"Article\",\"@id\":\"https:\/\/www.hoecker.eu\/blog\/juve-berichtet-dr-carsten-brennecke-von-hoecker-begleitet-missbrauchsgutachten-des-erzbistum-koeln-presserechtlich\/#article\",\"isPartOf\":{\"@id\":\"https:\/\/www.hoecker.eu\/blog\/juve-berichtet-dr-carsten-brennecke-von-hoecker-begleitet-missbrauchsgutachten-des-erzbistum-koeln-presserechtlich\/\"},\"author\":{\"name\":\"Prof. Dr. Ralf H\u00f6cker\",\"@id\":\"https:\/\/www.hoecker.eu\/blog\/#\/schema\/person\/08f95581eed0534eccd0b2438f7a1cab\"},\"headline\":\"JUVE berichtet: Dr. Carsten Brennecke von H\u00d6CKER begleitet Missbrauchsgutachten des Erzbistum K\u00f6ln presserechtlich.\",\"datePublished\":\"2020-11-02T06:01:00+00:00\",\"dateModified\":\"2025-02-17T13:54:45+00:00\",\"mainEntityOfPage\":{\"@id\":\"https:\/\/www.hoecker.eu\/blog\/juve-berichtet-dr-carsten-brennecke-von-hoecker-begleitet-missbrauchsgutachten-des-erzbistum-koeln-presserechtlich\/\"},\"wordCount\":204,\"publisher\":{\"@id\":\"https:\/\/www.hoecker.eu\/blog\/#organization\"},\"articleSection\":[\"News\"],\"inLanguage\":\"de\"},{\"@type\":\"WebPage\",\"@id\":\"https:\/\/www.hoecker.eu\/blog\/juve-berichtet-dr-carsten-brennecke-von-hoecker-begleitet-missbrauchsgutachten-des-erzbistum-koeln-presserechtlich\/\",\"url\":\"https:\/\/www.hoecker.eu\/blog\/juve-berichtet-dr-carsten-brennecke-von-hoecker-begleitet-missbrauchsgutachten-des-erzbistum-koeln-presserechtlich\/\",\"name\":\"JUVE berichtet: Dr. Carsten Brennecke von H\u00d6CKER begleitet Missbrauchsgutachten des Erzbistum K\u00f6ln presserechtlich. - H\u00d6CKER - der Blog\",\"isPartOf\":{\"@id\":\"https:\/\/www.hoecker.eu\/blog\/#website\"},\"datePublished\":\"2020-11-02T06:01:00+00:00\",\"dateModified\":\"2025-02-17T13:54:45+00:00\",\"breadcrumb\":{\"@id\":\"https:\/\/www.hoecker.eu\/blog\/juve-berichtet-dr-carsten-brennecke-von-hoecker-begleitet-missbrauchsgutachten-des-erzbistum-koeln-presserechtlich\/#breadcrumb\"},\"inLanguage\":\"de\",\"potentialAction\":[{\"@type\":\"ReadAction\",\"target\":[\"https:\/\/www.hoecker.eu\/blog\/juve-berichtet-dr-carsten-brennecke-von-hoecker-begleitet-missbrauchsgutachten-des-erzbistum-koeln-presserechtlich\/\"]}]},{\"@type\":\"BreadcrumbList\",\"@id\":\"https:\/\/www.hoecker.eu\/blog\/juve-berichtet-dr-carsten-brennecke-von-hoecker-begleitet-missbrauchsgutachten-des-erzbistum-koeln-presserechtlich\/#breadcrumb\",\"itemListElement\":[{\"@type\":\"ListItem\",\"position\":1,\"name\":\"Startseite\",\"item\":\"https:\/\/dev.hoecker.eu\/blog\/\"},{\"@type\":\"ListItem\",\"position\":2,\"name\":\"JUVE berichtet: Dr. Carsten Brennecke von H\u00d6CKER begleitet Missbrauchsgutachten des Erzbistum K\u00f6ln presserechtlich.\"}]},{\"@type\":\"WebSite\",\"@id\":\"https:\/\/www.hoecker.eu\/blog\/#website\",\"url\":\"https:\/\/www.hoecker.eu\/blog\/\",\"name\":\"H\u00d6CKER - der Blog\",\"description\":\"Expertenblog f\u00fcr \u00c4u\u00dferungs-, Medien-, Marken-, Urheber- und Wettbewerbsrecht.\",\"publisher\":{\"@id\":\"https:\/\/www.hoecker.eu\/blog\/#organization\"},\"potentialAction\":[{\"@type\":\"SearchAction\",\"target\":{\"@type\":\"EntryPoint\",\"urlTemplate\":\"https:\/\/www.hoecker.eu\/blog\/?s={search_term_string}\"},\"query-input\":{\"@type\":\"PropertyValueSpecification\",\"valueRequired\":true,\"valueName\":\"search_term_string\"}}],\"inLanguage\":\"de\"},{\"@type\":\"Organization\",\"@id\":\"https:\/\/www.hoecker.eu\/blog\/#organization\",\"name\":\"H\u00d6CKER Rechtsanw\u00e4lte PartGmbB\",\"alternateName\":\"H\u00d6CKER\",\"url\":\"https:\/\/www.hoecker.eu\/blog\/\",\"logo\":{\"@type\":\"ImageObject\",\"inLanguage\":\"de\",\"@id\":\"https:\/\/www.hoecker.eu\/blog\/#\/schema\/logo\/image\/\",\"url\":\"https:\/\/www.hoecker.eu\/blog\/wp-content\/uploads\/2025\/03\/Blog-Logo.webp\",\"contentUrl\":\"https:\/\/www.hoecker.eu\/blog\/wp-content\/uploads\/2025\/03\/Blog-Logo.webp\",\"width\":500,\"height\":500,\"caption\":\"H\u00d6CKER Rechtsanw\u00e4lte PartGmbB\"},\"image\":{\"@id\":\"https:\/\/www.hoecker.eu\/blog\/#\/schema\/logo\/image\/\"},\"sameAs\":[\"https:\/\/www.facebook.com\/HoeckerRAe\/\",\"https:\/\/x.com\/hoecker_rae\",\"https:\/\/www.linkedin.com\/company\/hcker-rechtsanwlte\/\",\"https:\/\/www.instagram.com\/hoecker_rae\/\"],\"email\":\"contact@hoecker.eu\",\"telephone\":\"+ 49 (0)221-933 19-10\",\"legalName\":\"H\u00d6CKER Rechtsanw\u00e4lte PartGmbB\",\"numberOfEmployees\":{\"@type\":\"QuantitativeValue\",\"minValue\":\"11\",\"maxValue\":\"50\"}},{\"@type\":\"Person\",\"@id\":\"https:\/\/www.hoecker.eu\/blog\/#\/schema\/person\/08f95581eed0534eccd0b2438f7a1cab\",\"name\":\"Prof. Dr. Ralf H\u00f6cker\",\"description\":\"Medienanwalt. Besch\u00fctzer vor mieser Presse\",\"sameAs\":[\"https:\/\/www.hoecker.eu\/wer\/prof-dr-ralf-hoecker\",\"https:\/\/www.facebook.com\/ralf.hoecker\",\"https:\/\/www.linkedin.com\/in\/prof-dr-ralf-hcker-ll-m-london-17987826\/\",\"https:\/\/x.com\/Ralf_Hoecker\"],\"url\":\"https:\/\/www.hoecker.eu\/blog\/author\/hoecker_adm\/\"}]}<\/script>\n<!-- \/ Yoast SEO Premium plugin. -->","yoast_head_json":{"title":"JUVE berichtet: Dr. Carsten Brennecke von H\u00d6CKER begleitet Missbrauchsgutachten des Erzbistum K\u00f6ln presserechtlich. - H\u00d6CKER - der Blog","robots":{"index":"index","follow":"follow","max-snippet":"max-snippet:-1","max-image-preview":"max-image-preview:large","max-video-preview":"max-video-preview:-1"},"canonical":"https:\/\/www.hoecker.eu\/blog\/juve-berichtet-dr-carsten-brennecke-von-hoecker-begleitet-missbrauchsgutachten-des-erzbistum-koeln-presserechtlich\/","og_locale":"de_DE","og_type":"article","og_title":"JUVE berichtet: Dr. Carsten Brennecke von H\u00d6CKER begleitet Missbrauchsgutachten des Erzbistum K\u00f6ln presserechtlich.","og_description":"Die JUVE berichtet am 30.10.20, Zitat: Der K\u00f6lner Kardinal Rainer Maria Woelki will das von ihm in Auftrag gegebene Missbrauchsgutachten der M\u00fcnchner Kanzlei Westpfahl Spilker Wastl nicht ver\u00f6ffentlichen. Er begr\u00fcndete dies mit erheblichen M\u00e4ngeln, die das Gutachten aufweise. Nun soll die K\u00f6lner Strafrechtskanzlei Gercke Wollschl\u00e4ger ein neues Gutachten anfertigen. Da in dem Fall auch presserechtliche [&hellip;]","og_url":"https:\/\/www.hoecker.eu\/blog\/juve-berichtet-dr-carsten-brennecke-von-hoecker-begleitet-missbrauchsgutachten-des-erzbistum-koeln-presserechtlich\/","og_site_name":"H\u00d6CKER - der Blog","article_publisher":"https:\/\/www.facebook.com\/HoeckerRAe\/","article_author":"https:\/\/www.facebook.com\/ralf.hoecker","article_published_time":"2020-11-02T06:01:00+00:00","article_modified_time":"2025-02-17T13:54:45+00:00","author":"Prof. Dr. Ralf H\u00f6cker","twitter_card":"summary_large_image","twitter_creator":"@Ralf_Hoecker","twitter_site":"@hoecker_rae","twitter_misc":{"Verfasst von":"Prof. Dr. Ralf H\u00f6cker","Gesch\u00e4tzte Lesezeit":"1\u00a0Minute"},"schema":{"@context":"https:\/\/schema.org","@graph":[{"@type":"Article","@id":"https:\/\/www.hoecker.eu\/blog\/juve-berichtet-dr-carsten-brennecke-von-hoecker-begleitet-missbrauchsgutachten-des-erzbistum-koeln-presserechtlich\/#article","isPartOf":{"@id":"https:\/\/www.hoecker.eu\/blog\/juve-berichtet-dr-carsten-brennecke-von-hoecker-begleitet-missbrauchsgutachten-des-erzbistum-koeln-presserechtlich\/"},"author":{"name":"Prof. Dr. Ralf H\u00f6cker","@id":"https:\/\/www.hoecker.eu\/blog\/#\/schema\/person\/08f95581eed0534eccd0b2438f7a1cab"},"headline":"JUVE berichtet: Dr. Carsten Brennecke von H\u00d6CKER begleitet Missbrauchsgutachten des Erzbistum K\u00f6ln presserechtlich.","datePublished":"2020-11-02T06:01:00+00:00","dateModified":"2025-02-17T13:54:45+00:00","mainEntityOfPage":{"@id":"https:\/\/www.hoecker.eu\/blog\/juve-berichtet-dr-carsten-brennecke-von-hoecker-begleitet-missbrauchsgutachten-des-erzbistum-koeln-presserechtlich\/"},"wordCount":204,"publisher":{"@id":"https:\/\/www.hoecker.eu\/blog\/#organization"},"articleSection":["News"],"inLanguage":"de"},{"@type":"WebPage","@id":"https:\/\/www.hoecker.eu\/blog\/juve-berichtet-dr-carsten-brennecke-von-hoecker-begleitet-missbrauchsgutachten-des-erzbistum-koeln-presserechtlich\/","url":"https:\/\/www.hoecker.eu\/blog\/juve-berichtet-dr-carsten-brennecke-von-hoecker-begleitet-missbrauchsgutachten-des-erzbistum-koeln-presserechtlich\/","name":"JUVE berichtet: Dr. Carsten Brennecke von H\u00d6CKER begleitet Missbrauchsgutachten des Erzbistum K\u00f6ln presserechtlich. - H\u00d6CKER - der Blog","isPartOf":{"@id":"https:\/\/www.hoecker.eu\/blog\/#website"},"datePublished":"2020-11-02T06:01:00+00:00","dateModified":"2025-02-17T13:54:45+00:00","breadcrumb":{"@id":"https:\/\/www.hoecker.eu\/blog\/juve-berichtet-dr-carsten-brennecke-von-hoecker-begleitet-missbrauchsgutachten-des-erzbistum-koeln-presserechtlich\/#breadcrumb"},"inLanguage":"de","potentialAction":[{"@type":"ReadAction","target":["https:\/\/www.hoecker.eu\/blog\/juve-berichtet-dr-carsten-brennecke-von-hoecker-begleitet-missbrauchsgutachten-des-erzbistum-koeln-presserechtlich\/"]}]},{"@type":"BreadcrumbList","@id":"https:\/\/www.hoecker.eu\/blog\/juve-berichtet-dr-carsten-brennecke-von-hoecker-begleitet-missbrauchsgutachten-des-erzbistum-koeln-presserechtlich\/#breadcrumb","itemListElement":[{"@type":"ListItem","position":1,"name":"Startseite","item":"https:\/\/dev.hoecker.eu\/blog\/"},{"@type":"ListItem","position":2,"name":"JUVE berichtet: Dr. Carsten Brennecke von H\u00d6CKER begleitet Missbrauchsgutachten des Erzbistum K\u00f6ln presserechtlich."}]},{"@type":"WebSite","@id":"https:\/\/www.hoecker.eu\/blog\/#website","url":"https:\/\/www.hoecker.eu\/blog\/","name":"H\u00d6CKER - der Blog","description":"Expertenblog f\u00fcr \u00c4u\u00dferungs-, Medien-, Marken-, Urheber- und Wettbewerbsrecht.","publisher":{"@id":"https:\/\/www.hoecker.eu\/blog\/#organization"},"potentialAction":[{"@type":"SearchAction","target":{"@type":"EntryPoint","urlTemplate":"https:\/\/www.hoecker.eu\/blog\/?s={search_term_string}"},"query-input":{"@type":"PropertyValueSpecification","valueRequired":true,"valueName":"search_term_string"}}],"inLanguage":"de"},{"@type":"Organization","@id":"https:\/\/www.hoecker.eu\/blog\/#organization","name":"H\u00d6CKER Rechtsanw\u00e4lte PartGmbB","alternateName":"H\u00d6CKER","url":"https:\/\/www.hoecker.eu\/blog\/","logo":{"@type":"ImageObject","inLanguage":"de","@id":"https:\/\/www.hoecker.eu\/blog\/#\/schema\/logo\/image\/","url":"https:\/\/www.hoecker.eu\/blog\/wp-content\/uploads\/2025\/03\/Blog-Logo.webp","contentUrl":"https:\/\/www.hoecker.eu\/blog\/wp-content\/uploads\/2025\/03\/Blog-Logo.webp","width":500,"height":500,"caption":"H\u00d6CKER Rechtsanw\u00e4lte PartGmbB"},"image":{"@id":"https:\/\/www.hoecker.eu\/blog\/#\/schema\/logo\/image\/"},"sameAs":["https:\/\/www.facebook.com\/HoeckerRAe\/","https:\/\/x.com\/hoecker_rae","https:\/\/www.linkedin.com\/company\/hcker-rechtsanwlte\/","https:\/\/www.instagram.com\/hoecker_rae\/"],"email":"contact@hoecker.eu","telephone":"+ 49 (0)221-933 19-10","legalName":"H\u00d6CKER Rechtsanw\u00e4lte PartGmbB","numberOfEmployees":{"@type":"QuantitativeValue","minValue":"11","maxValue":"50"}},{"@type":"Person","@id":"https:\/\/www.hoecker.eu\/blog\/#\/schema\/person\/08f95581eed0534eccd0b2438f7a1cab","name":"Prof. Dr. Ralf H\u00f6cker","description":"Medienanwalt. Besch\u00fctzer vor mieser Presse","sameAs":["https:\/\/www.hoecker.eu\/wer\/prof-dr-ralf-hoecker","https:\/\/www.facebook.com\/ralf.hoecker","https:\/\/www.linkedin.com\/in\/prof-dr-ralf-hcker-ll-m-london-17987826\/","https:\/\/x.com\/Ralf_Hoecker"],"url":"https:\/\/www.hoecker.eu\/blog\/author\/hoecker_adm\/"}]}},"authors":[{"term_id":84,"user_id":1,"is_guest":0,"slug":"hoecker_adm","display_name":"Prof. Dr. Ralf H\u00f6cker","avatar_url":{"url":"https:\/\/www.hoecker.eu\/blog\/wp-content\/uploads\/2023\/12\/ProfDrRalfHoecker.jpg","url2x":"https:\/\/www.hoecker.eu\/blog\/wp-content\/uploads\/2023\/12\/ProfDrRalfHoecker.jpg"},"0":null,"1":"","2":"","3":"","4":"","5":"","6":"","7":"","8":"","9":"","10":"","11":""}],"_links":{"self":[{"href":"https:\/\/www.hoecker.eu\/blog\/wp-json\/wp\/v2\/posts\/8269","targetHints":{"allow":["GET"]}}],"collection":[{"href":"https:\/\/www.hoecker.eu\/blog\/wp-json\/wp\/v2\/posts"}],"about":[{"href":"https:\/\/www.hoecker.eu\/blog\/wp-json\/wp\/v2\/types\/post"}],"author":[{"embeddable":true,"href":"https:\/\/www.hoecker.eu\/blog\/wp-json\/wp\/v2\/users\/1"}],"replies":[{"embeddable":true,"href":"https:\/\/www.hoecker.eu\/blog\/wp-json\/wp\/v2\/comments?post=8269"}],"version-history":[{"count":1,"href":"https:\/\/www.hoecker.eu\/blog\/wp-json\/wp\/v2\/posts\/8269\/revisions"}],"predecessor-version":[{"id":9391,"href":"https:\/\/www.hoecker.eu\/blog\/wp-json\/wp\/v2\/posts\/8269\/revisions\/9391"}],"wp:attachment":[{"href":"https:\/\/www.hoecker.eu\/blog\/wp-json\/wp\/v2\/media?parent=8269"}],"wp:term":[{"taxonomy":"category","embeddable":true,"href":"https:\/\/www.hoecker.eu\/blog\/wp-json\/wp\/v2\/categories?post=8269"},{"taxonomy":"post_tag","embeddable":true,"href":"https:\/\/www.hoecker.eu\/blog\/wp-json\/wp\/v2\/tags?post=8269"},{"taxonomy":"hashtags","embeddable":true,"href":"https:\/\/www.hoecker.eu\/blog\/wp-json\/wp\/v2\/hashtags?post=8269"},{"taxonomy":"author","embeddable":true,"href":"https:\/\/www.hoecker.eu\/blog\/wp-json\/wp\/v2\/ppma_author?post=8269"}],"curies":[{"name":"wp","href":"https:\/\/api.w.org\/{rel}","templated":true}]}}