{"id":8268,"date":"2020-11-02T15:59:00","date_gmt":"2020-11-02T14:59:00","guid":{"rendered":"https:\/\/www.hoecker.eu\/blog\/juve-ranking-2020-2021-hoecker-erneut-topkanzlei-im-presse-und-aeusserungsrecht\/"},"modified":"2025-02-17T14:54:44","modified_gmt":"2025-02-17T13:54:44","slug":"juve-ranking-2020-2021-hoecker-erneut-topkanzlei-im-presse-und-aeusserungsrecht","status":"publish","type":"post","link":"https:\/\/www.hoecker.eu\/blog\/juve-ranking-2020-2021-hoecker-erneut-topkanzlei-im-presse-und-aeusserungsrecht\/","title":{"rendered":"JUVE-Ranking 2020\/2021: H\u00d6CKER erneut Topkanzlei im Presse- und \u00c4u\u00dferungsrecht"},"content":{"rendered":"<p>Die JUVE-Redaktion rankt H\u00d6CKER im aktuell erschienenen JUVE HANDBUCH erneut als Topkanzlei im Presse- und \u00c4u\u00dferungsrecht in Deutschland. In der Bewertung betont JUVE die regelm\u00e4\u00dfige Abwehr von negativer Berichterstattung im Zusammenhang mit strafrechtlichen Verfahren, die gute Etablierung der Kanzlei in skandaltr\u00e4chtigen Branchen sowie ihren guten Ruf im medizinischen Sektor, insbesondere durch den vehementen Einsatz der Kanzlei gegen unzul\u00e4ssige Arztbewertungen. <\/p>\n<p>Prof. Dr. Ralf H\u00f6cker wird von Wettbewerbern besonders hervorgehoben:\n<\/p>\n<blockquote>\n<p><em>\u201e<em>top, professionell, seri\u00f6s<\/em>\u201c, \u201e<em>hohe Spezialisierung, sehr aktiv<\/em>\u201c, \u201e<em>gut als Spindoktor<\/em>\u201c, \u201e<em>nach wie vor in streitigen Presseangelegenheiten hervorragend<\/em>\u201c<br \/><\/em><\/p>\n<\/blockquote>\n<p><a href=\"https:\/\/www.juve.de\/handbuch\/de\/2021\/ranking\/24562\" target=\"_blank\" rel=\"noreferrer noopener\">https:\/\/www.juve.de\/handbuch\/de\/2021\/ranking\/24562<\/a><\/p>\n<p>Dementsprechend wird der H\u00d6CKER-Kanzleigr\u00fcnder erneut unter den Top 6 der f\u00fchrenden Berater von gesch\u00e4digten Unternehmen in Deutschland gelistet.<\/p>\n<p><a href=\"https:\/\/www.juve.de\/handbuch\/de\/2021\/fuehrendenamen\/24562#fuehrendenamen-24562\" target=\"_blank\" rel=\"noreferrer noopener\">https:\/\/www.juve.de\/handbuch\/de\/2021\/fuehrendenamen\/24562#fuehrendenamen-24562<\/a><\/p>\n<p>Rechtsanwalt und Partner Dr. Marcel Leeser:<br \/><em>\u201eWir bedanken uns bei allen Mandanten und Wettbewerbern, die uns gegen\u00fcber der JUVE-Redaktion gelobt und empfohlen haben! Auch bedanken wir uns bei unserem starken Team, unseren Mitarbeiterinnen und Mitarbeitern, ohne die dieser Erfolg nicht m\u00f6glich gewesen w\u00e4re!\u201c<\/em><\/p>\n","protected":false},"excerpt":{"rendered":"<p>Die JUVE-Redaktion rankt H\u00d6CKER im aktuell erschienenen JUVE HANDBUCH erneut als Topkanzlei im Presse- und \u00c4u\u00dferungsrecht in Deutschland. In der Bewertung betont JUVE die regelm\u00e4\u00dfige Abwehr von negativer Berichterstattung im Zusammenhang mit strafrechtlichen Verfahren, die gute Etablierung der Kanzlei in skandaltr\u00e4chtigen Branchen sowie ihren guten Ruf im medizinischen Sektor, insbesondere durch den vehementen Einsatz der [&hellip;]<\/p>\n","protected":false},"author":1,"featured_media":0,"comment_status":"closed","ping_status":"closed","sticky":false,"template":"","format":"standard","meta":{"_has_post_settings":[],"footnotes":""},"categories":[15],"tags":[],"hashtags":[],"ppma_author":[84],"class_list":["post-8268","post","type-post","status-publish","format-standard","hentry","category-news","author-hoecker_adm"],"yoast_head":"<!-- This site is optimized with the Yoast SEO Premium plugin v25.9 (Yoast SEO v27.0) - https:\/\/yoast.com\/product\/yoast-seo-premium-wordpress\/ -->\n<title>JUVE-Ranking 2020\/2021: H\u00d6CKER erneut Topkanzlei im Presse- und \u00c4u\u00dferungsrecht - H\u00d6CKER - der Blog<\/title>\n<meta name=\"robots\" content=\"index, follow, max-snippet:-1, max-image-preview:large, max-video-preview:-1\" \/>\n<link rel=\"canonical\" href=\"https:\/\/www.hoecker.eu\/blog\/juve-ranking-2020-2021-hoecker-erneut-topkanzlei-im-presse-und-aeusserungsrecht\/\" \/>\n<meta property=\"og:locale\" content=\"de_DE\" \/>\n<meta property=\"og:type\" content=\"article\" \/>\n<meta property=\"og:title\" content=\"JUVE-Ranking 2020\/2021: H\u00d6CKER erneut Topkanzlei im Presse- und \u00c4u\u00dferungsrecht\" \/>\n<meta property=\"og:description\" content=\"Die JUVE-Redaktion rankt H\u00d6CKER im aktuell erschienenen JUVE HANDBUCH erneut als Topkanzlei im Presse- und \u00c4u\u00dferungsrecht in Deutschland. In der Bewertung betont JUVE die regelm\u00e4\u00dfige Abwehr von negativer Berichterstattung im Zusammenhang mit strafrechtlichen Verfahren, die gute Etablierung der Kanzlei in skandaltr\u00e4chtigen Branchen sowie ihren guten Ruf im medizinischen Sektor, insbesondere durch den vehementen Einsatz der [&hellip;]\" \/>\n<meta property=\"og:url\" content=\"https:\/\/www.hoecker.eu\/blog\/juve-ranking-2020-2021-hoecker-erneut-topkanzlei-im-presse-und-aeusserungsrecht\/\" \/>\n<meta property=\"og:site_name\" content=\"H\u00d6CKER - der Blog\" \/>\n<meta property=\"article:publisher\" content=\"https:\/\/www.facebook.com\/HoeckerRAe\/\" \/>\n<meta property=\"article:author\" content=\"https:\/\/www.facebook.com\/ralf.hoecker\" \/>\n<meta property=\"article:published_time\" content=\"2020-11-02T14:59:00+00:00\" \/>\n<meta property=\"article:modified_time\" content=\"2025-02-17T13:54:44+00:00\" \/>\n<meta name=\"author\" content=\"Prof. Dr. Ralf H\u00f6cker\" \/>\n<meta name=\"twitter:card\" content=\"summary_large_image\" \/>\n<meta name=\"twitter:creator\" content=\"@Ralf_Hoecker\" \/>\n<meta name=\"twitter:site\" content=\"@hoecker_rae\" \/>\n<meta name=\"twitter:label1\" content=\"Verfasst von\" \/>\n\t<meta name=\"twitter:data1\" content=\"Prof. Dr. Ralf H\u00f6cker\" \/>\n\t<meta name=\"twitter:label2\" content=\"Gesch\u00e4tzte Lesezeit\" \/>\n\t<meta name=\"twitter:data2\" content=\"1\u00a0Minute\" \/>\n<script type=\"application\/ld+json\" class=\"yoast-schema-graph\">{\"@context\":\"https:\/\/schema.org\",\"@graph\":[{\"@type\":\"Article\",\"@id\":\"https:\/\/www.hoecker.eu\/blog\/juve-ranking-2020-2021-hoecker-erneut-topkanzlei-im-presse-und-aeusserungsrecht\/#article\",\"isPartOf\":{\"@id\":\"https:\/\/www.hoecker.eu\/blog\/juve-ranking-2020-2021-hoecker-erneut-topkanzlei-im-presse-und-aeusserungsrecht\/\"},\"author\":{\"name\":\"Prof. Dr. Ralf H\u00f6cker\",\"@id\":\"https:\/\/www.hoecker.eu\/blog\/#\/schema\/person\/08f95581eed0534eccd0b2438f7a1cab\"},\"headline\":\"JUVE-Ranking 2020\/2021: H\u00d6CKER erneut Topkanzlei im Presse- und \u00c4u\u00dferungsrecht\",\"datePublished\":\"2020-11-02T14:59:00+00:00\",\"dateModified\":\"2025-02-17T13:54:44+00:00\",\"mainEntityOfPage\":{\"@id\":\"https:\/\/www.hoecker.eu\/blog\/juve-ranking-2020-2021-hoecker-erneut-topkanzlei-im-presse-und-aeusserungsrecht\/\"},\"wordCount\":184,\"publisher\":{\"@id\":\"https:\/\/www.hoecker.eu\/blog\/#organization\"},\"articleSection\":[\"News\"],\"inLanguage\":\"de\"},{\"@type\":\"WebPage\",\"@id\":\"https:\/\/www.hoecker.eu\/blog\/juve-ranking-2020-2021-hoecker-erneut-topkanzlei-im-presse-und-aeusserungsrecht\/\",\"url\":\"https:\/\/www.hoecker.eu\/blog\/juve-ranking-2020-2021-hoecker-erneut-topkanzlei-im-presse-und-aeusserungsrecht\/\",\"name\":\"JUVE-Ranking 2020\/2021: H\u00d6CKER erneut Topkanzlei im Presse- und \u00c4u\u00dferungsrecht - H\u00d6CKER - der Blog\",\"isPartOf\":{\"@id\":\"https:\/\/www.hoecker.eu\/blog\/#website\"},\"datePublished\":\"2020-11-02T14:59:00+00:00\",\"dateModified\":\"2025-02-17T13:54:44+00:00\",\"breadcrumb\":{\"@id\":\"https:\/\/www.hoecker.eu\/blog\/juve-ranking-2020-2021-hoecker-erneut-topkanzlei-im-presse-und-aeusserungsrecht\/#breadcrumb\"},\"inLanguage\":\"de\",\"potentialAction\":[{\"@type\":\"ReadAction\",\"target\":[\"https:\/\/www.hoecker.eu\/blog\/juve-ranking-2020-2021-hoecker-erneut-topkanzlei-im-presse-und-aeusserungsrecht\/\"]}]},{\"@type\":\"BreadcrumbList\",\"@id\":\"https:\/\/www.hoecker.eu\/blog\/juve-ranking-2020-2021-hoecker-erneut-topkanzlei-im-presse-und-aeusserungsrecht\/#breadcrumb\",\"itemListElement\":[{\"@type\":\"ListItem\",\"position\":1,\"name\":\"Startseite\",\"item\":\"https:\/\/dev.hoecker.eu\/blog\/\"},{\"@type\":\"ListItem\",\"position\":2,\"name\":\"JUVE-Ranking 2020\/2021: H\u00d6CKER erneut Topkanzlei im Presse- und \u00c4u\u00dferungsrecht\"}]},{\"@type\":\"WebSite\",\"@id\":\"https:\/\/www.hoecker.eu\/blog\/#website\",\"url\":\"https:\/\/www.hoecker.eu\/blog\/\",\"name\":\"H\u00d6CKER - der Blog\",\"description\":\"Expertenblog f\u00fcr \u00c4u\u00dferungs-, Medien-, Marken-, Urheber- und Wettbewerbsrecht.\",\"publisher\":{\"@id\":\"https:\/\/www.hoecker.eu\/blog\/#organization\"},\"potentialAction\":[{\"@type\":\"SearchAction\",\"target\":{\"@type\":\"EntryPoint\",\"urlTemplate\":\"https:\/\/www.hoecker.eu\/blog\/?s={search_term_string}\"},\"query-input\":{\"@type\":\"PropertyValueSpecification\",\"valueRequired\":true,\"valueName\":\"search_term_string\"}}],\"inLanguage\":\"de\"},{\"@type\":\"Organization\",\"@id\":\"https:\/\/www.hoecker.eu\/blog\/#organization\",\"name\":\"H\u00d6CKER Rechtsanw\u00e4lte PartGmbB\",\"alternateName\":\"H\u00d6CKER\",\"url\":\"https:\/\/www.hoecker.eu\/blog\/\",\"logo\":{\"@type\":\"ImageObject\",\"inLanguage\":\"de\",\"@id\":\"https:\/\/www.hoecker.eu\/blog\/#\/schema\/logo\/image\/\",\"url\":\"https:\/\/www.hoecker.eu\/blog\/wp-content\/uploads\/2025\/03\/Blog-Logo.webp\",\"contentUrl\":\"https:\/\/www.hoecker.eu\/blog\/wp-content\/uploads\/2025\/03\/Blog-Logo.webp\",\"width\":500,\"height\":500,\"caption\":\"H\u00d6CKER Rechtsanw\u00e4lte PartGmbB\"},\"image\":{\"@id\":\"https:\/\/www.hoecker.eu\/blog\/#\/schema\/logo\/image\/\"},\"sameAs\":[\"https:\/\/www.facebook.com\/HoeckerRAe\/\",\"https:\/\/x.com\/hoecker_rae\",\"https:\/\/www.linkedin.com\/company\/hcker-rechtsanwlte\/\",\"https:\/\/www.instagram.com\/hoecker_rae\/\"],\"email\":\"contact@hoecker.eu\",\"telephone\":\"+ 49 (0)221-933 19-10\",\"legalName\":\"H\u00d6CKER Rechtsanw\u00e4lte PartGmbB\",\"numberOfEmployees\":{\"@type\":\"QuantitativeValue\",\"minValue\":\"11\",\"maxValue\":\"50\"}},{\"@type\":\"Person\",\"@id\":\"https:\/\/www.hoecker.eu\/blog\/#\/schema\/person\/08f95581eed0534eccd0b2438f7a1cab\",\"name\":\"Prof. Dr. Ralf H\u00f6cker\",\"description\":\"Medienanwalt. Besch\u00fctzer vor mieser Presse\",\"sameAs\":[\"https:\/\/www.hoecker.eu\/wer\/prof-dr-ralf-hoecker\",\"https:\/\/www.facebook.com\/ralf.hoecker\",\"https:\/\/www.linkedin.com\/in\/prof-dr-ralf-hcker-ll-m-london-17987826\/\",\"https:\/\/x.com\/Ralf_Hoecker\"],\"url\":\"https:\/\/www.hoecker.eu\/blog\/author\/hoecker_adm\/\"}]}<\/script>\n<!-- \/ Yoast SEO Premium plugin. -->","yoast_head_json":{"title":"JUVE-Ranking 2020\/2021: H\u00d6CKER erneut Topkanzlei im Presse- und \u00c4u\u00dferungsrecht - H\u00d6CKER - der Blog","robots":{"index":"index","follow":"follow","max-snippet":"max-snippet:-1","max-image-preview":"max-image-preview:large","max-video-preview":"max-video-preview:-1"},"canonical":"https:\/\/www.hoecker.eu\/blog\/juve-ranking-2020-2021-hoecker-erneut-topkanzlei-im-presse-und-aeusserungsrecht\/","og_locale":"de_DE","og_type":"article","og_title":"JUVE-Ranking 2020\/2021: H\u00d6CKER erneut Topkanzlei im Presse- und \u00c4u\u00dferungsrecht","og_description":"Die JUVE-Redaktion rankt H\u00d6CKER im aktuell erschienenen JUVE HANDBUCH erneut als Topkanzlei im Presse- und \u00c4u\u00dferungsrecht in Deutschland. In der Bewertung betont JUVE die regelm\u00e4\u00dfige Abwehr von negativer Berichterstattung im Zusammenhang mit strafrechtlichen Verfahren, die gute Etablierung der Kanzlei in skandaltr\u00e4chtigen Branchen sowie ihren guten Ruf im medizinischen Sektor, insbesondere durch den vehementen Einsatz der [&hellip;]","og_url":"https:\/\/www.hoecker.eu\/blog\/juve-ranking-2020-2021-hoecker-erneut-topkanzlei-im-presse-und-aeusserungsrecht\/","og_site_name":"H\u00d6CKER - der Blog","article_publisher":"https:\/\/www.facebook.com\/HoeckerRAe\/","article_author":"https:\/\/www.facebook.com\/ralf.hoecker","article_published_time":"2020-11-02T14:59:00+00:00","article_modified_time":"2025-02-17T13:54:44+00:00","author":"Prof. Dr. Ralf H\u00f6cker","twitter_card":"summary_large_image","twitter_creator":"@Ralf_Hoecker","twitter_site":"@hoecker_rae","twitter_misc":{"Verfasst von":"Prof. Dr. Ralf H\u00f6cker","Gesch\u00e4tzte Lesezeit":"1\u00a0Minute"},"schema":{"@context":"https:\/\/schema.org","@graph":[{"@type":"Article","@id":"https:\/\/www.hoecker.eu\/blog\/juve-ranking-2020-2021-hoecker-erneut-topkanzlei-im-presse-und-aeusserungsrecht\/#article","isPartOf":{"@id":"https:\/\/www.hoecker.eu\/blog\/juve-ranking-2020-2021-hoecker-erneut-topkanzlei-im-presse-und-aeusserungsrecht\/"},"author":{"name":"Prof. Dr. Ralf H\u00f6cker","@id":"https:\/\/www.hoecker.eu\/blog\/#\/schema\/person\/08f95581eed0534eccd0b2438f7a1cab"},"headline":"JUVE-Ranking 2020\/2021: H\u00d6CKER erneut Topkanzlei im Presse- und \u00c4u\u00dferungsrecht","datePublished":"2020-11-02T14:59:00+00:00","dateModified":"2025-02-17T13:54:44+00:00","mainEntityOfPage":{"@id":"https:\/\/www.hoecker.eu\/blog\/juve-ranking-2020-2021-hoecker-erneut-topkanzlei-im-presse-und-aeusserungsrecht\/"},"wordCount":184,"publisher":{"@id":"https:\/\/www.hoecker.eu\/blog\/#organization"},"articleSection":["News"],"inLanguage":"de"},{"@type":"WebPage","@id":"https:\/\/www.hoecker.eu\/blog\/juve-ranking-2020-2021-hoecker-erneut-topkanzlei-im-presse-und-aeusserungsrecht\/","url":"https:\/\/www.hoecker.eu\/blog\/juve-ranking-2020-2021-hoecker-erneut-topkanzlei-im-presse-und-aeusserungsrecht\/","name":"JUVE-Ranking 2020\/2021: H\u00d6CKER erneut Topkanzlei im Presse- und \u00c4u\u00dferungsrecht - H\u00d6CKER - der Blog","isPartOf":{"@id":"https:\/\/www.hoecker.eu\/blog\/#website"},"datePublished":"2020-11-02T14:59:00+00:00","dateModified":"2025-02-17T13:54:44+00:00","breadcrumb":{"@id":"https:\/\/www.hoecker.eu\/blog\/juve-ranking-2020-2021-hoecker-erneut-topkanzlei-im-presse-und-aeusserungsrecht\/#breadcrumb"},"inLanguage":"de","potentialAction":[{"@type":"ReadAction","target":["https:\/\/www.hoecker.eu\/blog\/juve-ranking-2020-2021-hoecker-erneut-topkanzlei-im-presse-und-aeusserungsrecht\/"]}]},{"@type":"BreadcrumbList","@id":"https:\/\/www.hoecker.eu\/blog\/juve-ranking-2020-2021-hoecker-erneut-topkanzlei-im-presse-und-aeusserungsrecht\/#breadcrumb","itemListElement":[{"@type":"ListItem","position":1,"name":"Startseite","item":"https:\/\/dev.hoecker.eu\/blog\/"},{"@type":"ListItem","position":2,"name":"JUVE-Ranking 2020\/2021: H\u00d6CKER erneut Topkanzlei im Presse- und \u00c4u\u00dferungsrecht"}]},{"@type":"WebSite","@id":"https:\/\/www.hoecker.eu\/blog\/#website","url":"https:\/\/www.hoecker.eu\/blog\/","name":"H\u00d6CKER - der Blog","description":"Expertenblog f\u00fcr \u00c4u\u00dferungs-, Medien-, Marken-, Urheber- und Wettbewerbsrecht.","publisher":{"@id":"https:\/\/www.hoecker.eu\/blog\/#organization"},"potentialAction":[{"@type":"SearchAction","target":{"@type":"EntryPoint","urlTemplate":"https:\/\/www.hoecker.eu\/blog\/?s={search_term_string}"},"query-input":{"@type":"PropertyValueSpecification","valueRequired":true,"valueName":"search_term_string"}}],"inLanguage":"de"},{"@type":"Organization","@id":"https:\/\/www.hoecker.eu\/blog\/#organization","name":"H\u00d6CKER Rechtsanw\u00e4lte PartGmbB","alternateName":"H\u00d6CKER","url":"https:\/\/www.hoecker.eu\/blog\/","logo":{"@type":"ImageObject","inLanguage":"de","@id":"https:\/\/www.hoecker.eu\/blog\/#\/schema\/logo\/image\/","url":"https:\/\/www.hoecker.eu\/blog\/wp-content\/uploads\/2025\/03\/Blog-Logo.webp","contentUrl":"https:\/\/www.hoecker.eu\/blog\/wp-content\/uploads\/2025\/03\/Blog-Logo.webp","width":500,"height":500,"caption":"H\u00d6CKER Rechtsanw\u00e4lte PartGmbB"},"image":{"@id":"https:\/\/www.hoecker.eu\/blog\/#\/schema\/logo\/image\/"},"sameAs":["https:\/\/www.facebook.com\/HoeckerRAe\/","https:\/\/x.com\/hoecker_rae","https:\/\/www.linkedin.com\/company\/hcker-rechtsanwlte\/","https:\/\/www.instagram.com\/hoecker_rae\/"],"email":"contact@hoecker.eu","telephone":"+ 49 (0)221-933 19-10","legalName":"H\u00d6CKER Rechtsanw\u00e4lte PartGmbB","numberOfEmployees":{"@type":"QuantitativeValue","minValue":"11","maxValue":"50"}},{"@type":"Person","@id":"https:\/\/www.hoecker.eu\/blog\/#\/schema\/person\/08f95581eed0534eccd0b2438f7a1cab","name":"Prof. Dr. Ralf H\u00f6cker","description":"Medienanwalt. Besch\u00fctzer vor mieser Presse","sameAs":["https:\/\/www.hoecker.eu\/wer\/prof-dr-ralf-hoecker","https:\/\/www.facebook.com\/ralf.hoecker","https:\/\/www.linkedin.com\/in\/prof-dr-ralf-hcker-ll-m-london-17987826\/","https:\/\/x.com\/Ralf_Hoecker"],"url":"https:\/\/www.hoecker.eu\/blog\/author\/hoecker_adm\/"}]}},"authors":[{"term_id":84,"user_id":1,"is_guest":0,"slug":"hoecker_adm","display_name":"Prof. Dr. Ralf H\u00f6cker","avatar_url":{"url":"https:\/\/www.hoecker.eu\/blog\/wp-content\/uploads\/2023\/12\/ProfDrRalfHoecker.jpg","url2x":"https:\/\/www.hoecker.eu\/blog\/wp-content\/uploads\/2023\/12\/ProfDrRalfHoecker.jpg"},"0":null,"1":"","2":"","3":"","4":"","5":"","6":"","7":"","8":"","9":"","10":"","11":""}],"_links":{"self":[{"href":"https:\/\/www.hoecker.eu\/blog\/wp-json\/wp\/v2\/posts\/8268","targetHints":{"allow":["GET"]}}],"collection":[{"href":"https:\/\/www.hoecker.eu\/blog\/wp-json\/wp\/v2\/posts"}],"about":[{"href":"https:\/\/www.hoecker.eu\/blog\/wp-json\/wp\/v2\/types\/post"}],"author":[{"embeddable":true,"href":"https:\/\/www.hoecker.eu\/blog\/wp-json\/wp\/v2\/users\/1"}],"replies":[{"embeddable":true,"href":"https:\/\/www.hoecker.eu\/blog\/wp-json\/wp\/v2\/comments?post=8268"}],"version-history":[{"count":1,"href":"https:\/\/www.hoecker.eu\/blog\/wp-json\/wp\/v2\/posts\/8268\/revisions"}],"predecessor-version":[{"id":9390,"href":"https:\/\/www.hoecker.eu\/blog\/wp-json\/wp\/v2\/posts\/8268\/revisions\/9390"}],"wp:attachment":[{"href":"https:\/\/www.hoecker.eu\/blog\/wp-json\/wp\/v2\/media?parent=8268"}],"wp:term":[{"taxonomy":"category","embeddable":true,"href":"https:\/\/www.hoecker.eu\/blog\/wp-json\/wp\/v2\/categories?post=8268"},{"taxonomy":"post_tag","embeddable":true,"href":"https:\/\/www.hoecker.eu\/blog\/wp-json\/wp\/v2\/tags?post=8268"},{"taxonomy":"hashtags","embeddable":true,"href":"https:\/\/www.hoecker.eu\/blog\/wp-json\/wp\/v2\/hashtags?post=8268"},{"taxonomy":"author","embeddable":true,"href":"https:\/\/www.hoecker.eu\/blog\/wp-json\/wp\/v2\/ppma_author?post=8268"}],"curies":[{"name":"wp","href":"https:\/\/api.w.org\/{rel}","templated":true}]}}