{"id":8267,"date":"2020-11-13T16:11:00","date_gmt":"2020-11-13T15:11:00","guid":{"rendered":"https:\/\/www.hoecker.eu\/blog\/legal-tribune-online-lto-berichtet-ueber-verbot-von-paparazzi-fotos-des-niederlaendischen-koenigspaares\/"},"modified":"2025-02-17T14:54:43","modified_gmt":"2025-02-17T13:54:43","slug":"legal-tribune-online-lto-berichtet-ueber-verbot-von-paparazzi-fotos-des-niederlaendischen-koenigspaares","status":"publish","type":"post","link":"https:\/\/www.hoecker.eu\/blog\/legal-tribune-online-lto-berichtet-ueber-verbot-von-paparazzi-fotos-des-niederlaendischen-koenigspaares\/","title":{"rendered":"Legal Tribune Online (LTO) berichtet \u00fcber Verbot von Paparazzi-Fotos des niederl\u00e4ndischen K\u00f6nigspaares."},"content":{"rendered":"<p>Die BILD AM SONNTAG hatte Fotos verbreitet, die das niederl\u00e4ndische K\u00f6nigspaar in privaten Momenten zeigen. Die Bilder waren heimlich w\u00e4hrend des Sommerurlaubs von K\u00f6nig Willem-Alexander und K\u00f6nigin M\u00e1xima angefertigt worden.<\/p>\n<p>\u00dcber das gerichtliche Verbot, mit dem das Landgericht K\u00f6ln auf Antrag von H\u00d6CKER die Verbreitung der Bilder untersagt, berichtet die LTO in einer Meldung vom 10.11.2020:<\/p>\n<p><a href=\"https:\/\/www.lto.de\/recht\/nachrichten\/n\/lg-koeln-28o340-20-urlaubsbilder-koenigspaar-niederlande-privatsphaere-zeitgeschichte\/\" target=\"_blank\" rel=\"noreferrer noopener\">https:\/\/www.lto.de\/recht\/nachrichten\/n\/lg-koeln-28o340-20-urlaubsbilder-koenigspaar-niederlande-privatsphaere-zeitgeschichte\/<\/a><\/p>\n<p>Die Zeitung hatte sich darauf berufen, mit dem Bericht \u00fcber den Erwerb einer Yacht ein Thema von \u00f6ffentlichem Interesse bedient zu haben. Nach Ansicht des Landgerichts K\u00f6ln besteht allerdings kein \u00f6ffentliches Interesse an der Verbreitung von Bildern, die das K\u00f6nigspaar in Badekleidung auf dem Schiff zeigten (Beschluss des LG K\u00f6ln vom 24.09.2020, Az. 28 O 340\/20). Der Verlag hat die Entscheidung anerkannt.<\/p>\n<p>Die ebenfalls in Anspruch genommene Pressebildagentur hatte zur Vermeidung einer weiteren Auseinandersetzung schon zuvor einer umfassenden Vereinbarung zum k\u00fcnftigen Schutz der Privatsph\u00e4re der Mitglieder des K\u00f6nigshauses zugestimmt. <\/p>\n<p>Prof. Dr. Ralf H\u00f6cker fasst die Entscheidung mit folgenden Worten zusammen:<br \/><em>\u201eEin k\u00f6niglicher Badeurlaub ist kein zeitgeschichtliches Ereignis. Auch Staatsoberh\u00e4upter haben ein Recht auf Privatheit.\u201c<\/em><\/p>\n","protected":false},"excerpt":{"rendered":"<p>Die BILD AM SONNTAG hatte Fotos verbreitet, die das niederl\u00e4ndische K\u00f6nigspaar in privaten Momenten zeigen. Die Bilder waren heimlich w\u00e4hrend des Sommerurlaubs von K\u00f6nig Willem-Alexander und K\u00f6nigin M\u00e1xima angefertigt worden. \u00dcber das gerichtliche Verbot, mit dem das Landgericht K\u00f6ln auf Antrag von H\u00d6CKER die Verbreitung der Bilder untersagt, berichtet die LTO in einer Meldung vom [&hellip;]<\/p>\n","protected":false},"author":1,"featured_media":0,"comment_status":"closed","ping_status":"closed","sticky":false,"template":"","format":"standard","meta":{"_has_post_settings":[],"footnotes":""},"categories":[15],"tags":[],"hashtags":[],"ppma_author":[84],"class_list":["post-8267","post","type-post","status-publish","format-standard","hentry","category-news","author-hoecker_adm"],"yoast_head":"<!-- This site is optimized with the Yoast SEO Premium plugin v25.9 (Yoast SEO v27.0) - https:\/\/yoast.com\/product\/yoast-seo-premium-wordpress\/ -->\n<title>Legal Tribune Online (LTO) berichtet \u00fcber Verbot von Paparazzi-Fotos des niederl\u00e4ndischen K\u00f6nigspaares. - H\u00d6CKER - der Blog<\/title>\n<meta name=\"robots\" content=\"index, follow, max-snippet:-1, max-image-preview:large, max-video-preview:-1\" \/>\n<link rel=\"canonical\" href=\"https:\/\/www.hoecker.eu\/blog\/legal-tribune-online-lto-berichtet-ueber-verbot-von-paparazzi-fotos-des-niederlaendischen-koenigspaares\/\" \/>\n<meta property=\"og:locale\" content=\"de_DE\" \/>\n<meta property=\"og:type\" content=\"article\" \/>\n<meta property=\"og:title\" content=\"Legal Tribune Online (LTO) berichtet \u00fcber Verbot von Paparazzi-Fotos des niederl\u00e4ndischen K\u00f6nigspaares.\" \/>\n<meta property=\"og:description\" content=\"Die BILD AM SONNTAG hatte Fotos verbreitet, die das niederl\u00e4ndische K\u00f6nigspaar in privaten Momenten zeigen. Die Bilder waren heimlich w\u00e4hrend des Sommerurlaubs von K\u00f6nig Willem-Alexander und K\u00f6nigin M\u00e1xima angefertigt worden. \u00dcber das gerichtliche Verbot, mit dem das Landgericht K\u00f6ln auf Antrag von H\u00d6CKER die Verbreitung der Bilder untersagt, berichtet die LTO in einer Meldung vom [&hellip;]\" \/>\n<meta property=\"og:url\" content=\"https:\/\/www.hoecker.eu\/blog\/legal-tribune-online-lto-berichtet-ueber-verbot-von-paparazzi-fotos-des-niederlaendischen-koenigspaares\/\" \/>\n<meta property=\"og:site_name\" content=\"H\u00d6CKER - der Blog\" \/>\n<meta property=\"article:publisher\" content=\"https:\/\/www.facebook.com\/HoeckerRAe\/\" \/>\n<meta property=\"article:author\" content=\"https:\/\/www.facebook.com\/ralf.hoecker\" \/>\n<meta property=\"article:published_time\" content=\"2020-11-13T15:11:00+00:00\" \/>\n<meta property=\"article:modified_time\" content=\"2025-02-17T13:54:43+00:00\" \/>\n<meta name=\"author\" content=\"Prof. Dr. Ralf H\u00f6cker\" \/>\n<meta name=\"twitter:card\" content=\"summary_large_image\" \/>\n<meta name=\"twitter:creator\" content=\"@Ralf_Hoecker\" \/>\n<meta name=\"twitter:site\" content=\"@hoecker_rae\" \/>\n<meta name=\"twitter:label1\" content=\"Verfasst von\" \/>\n\t<meta name=\"twitter:data1\" content=\"Prof. Dr. Ralf H\u00f6cker\" \/>\n\t<meta name=\"twitter:label2\" content=\"Gesch\u00e4tzte Lesezeit\" \/>\n\t<meta name=\"twitter:data2\" content=\"1\u00a0Minute\" \/>\n<script type=\"application\/ld+json\" class=\"yoast-schema-graph\">{\"@context\":\"https:\/\/schema.org\",\"@graph\":[{\"@type\":\"Article\",\"@id\":\"https:\/\/www.hoecker.eu\/blog\/legal-tribune-online-lto-berichtet-ueber-verbot-von-paparazzi-fotos-des-niederlaendischen-koenigspaares\/#article\",\"isPartOf\":{\"@id\":\"https:\/\/www.hoecker.eu\/blog\/legal-tribune-online-lto-berichtet-ueber-verbot-von-paparazzi-fotos-des-niederlaendischen-koenigspaares\/\"},\"author\":{\"name\":\"Prof. Dr. Ralf H\u00f6cker\",\"@id\":\"https:\/\/www.hoecker.eu\/blog\/#\/schema\/person\/08f95581eed0534eccd0b2438f7a1cab\"},\"headline\":\"Legal Tribune Online (LTO) berichtet \u00fcber Verbot von Paparazzi-Fotos des niederl\u00e4ndischen K\u00f6nigspaares.\",\"datePublished\":\"2020-11-13T15:11:00+00:00\",\"dateModified\":\"2025-02-17T13:54:43+00:00\",\"mainEntityOfPage\":{\"@id\":\"https:\/\/www.hoecker.eu\/blog\/legal-tribune-online-lto-berichtet-ueber-verbot-von-paparazzi-fotos-des-niederlaendischen-koenigspaares\/\"},\"wordCount\":208,\"publisher\":{\"@id\":\"https:\/\/www.hoecker.eu\/blog\/#organization\"},\"articleSection\":[\"News\"],\"inLanguage\":\"de\"},{\"@type\":\"WebPage\",\"@id\":\"https:\/\/www.hoecker.eu\/blog\/legal-tribune-online-lto-berichtet-ueber-verbot-von-paparazzi-fotos-des-niederlaendischen-koenigspaares\/\",\"url\":\"https:\/\/www.hoecker.eu\/blog\/legal-tribune-online-lto-berichtet-ueber-verbot-von-paparazzi-fotos-des-niederlaendischen-koenigspaares\/\",\"name\":\"Legal Tribune Online (LTO) berichtet \u00fcber Verbot von Paparazzi-Fotos des niederl\u00e4ndischen K\u00f6nigspaares. - H\u00d6CKER - der Blog\",\"isPartOf\":{\"@id\":\"https:\/\/www.hoecker.eu\/blog\/#website\"},\"datePublished\":\"2020-11-13T15:11:00+00:00\",\"dateModified\":\"2025-02-17T13:54:43+00:00\",\"breadcrumb\":{\"@id\":\"https:\/\/www.hoecker.eu\/blog\/legal-tribune-online-lto-berichtet-ueber-verbot-von-paparazzi-fotos-des-niederlaendischen-koenigspaares\/#breadcrumb\"},\"inLanguage\":\"de\",\"potentialAction\":[{\"@type\":\"ReadAction\",\"target\":[\"https:\/\/www.hoecker.eu\/blog\/legal-tribune-online-lto-berichtet-ueber-verbot-von-paparazzi-fotos-des-niederlaendischen-koenigspaares\/\"]}]},{\"@type\":\"BreadcrumbList\",\"@id\":\"https:\/\/www.hoecker.eu\/blog\/legal-tribune-online-lto-berichtet-ueber-verbot-von-paparazzi-fotos-des-niederlaendischen-koenigspaares\/#breadcrumb\",\"itemListElement\":[{\"@type\":\"ListItem\",\"position\":1,\"name\":\"Startseite\",\"item\":\"https:\/\/dev.hoecker.eu\/blog\/\"},{\"@type\":\"ListItem\",\"position\":2,\"name\":\"Legal Tribune Online (LTO) berichtet \u00fcber Verbot von Paparazzi-Fotos des niederl\u00e4ndischen K\u00f6nigspaares.\"}]},{\"@type\":\"WebSite\",\"@id\":\"https:\/\/www.hoecker.eu\/blog\/#website\",\"url\":\"https:\/\/www.hoecker.eu\/blog\/\",\"name\":\"H\u00d6CKER - der Blog\",\"description\":\"Expertenblog f\u00fcr \u00c4u\u00dferungs-, Medien-, Marken-, Urheber- und Wettbewerbsrecht.\",\"publisher\":{\"@id\":\"https:\/\/www.hoecker.eu\/blog\/#organization\"},\"potentialAction\":[{\"@type\":\"SearchAction\",\"target\":{\"@type\":\"EntryPoint\",\"urlTemplate\":\"https:\/\/www.hoecker.eu\/blog\/?s={search_term_string}\"},\"query-input\":{\"@type\":\"PropertyValueSpecification\",\"valueRequired\":true,\"valueName\":\"search_term_string\"}}],\"inLanguage\":\"de\"},{\"@type\":\"Organization\",\"@id\":\"https:\/\/www.hoecker.eu\/blog\/#organization\",\"name\":\"H\u00d6CKER Rechtsanw\u00e4lte PartGmbB\",\"alternateName\":\"H\u00d6CKER\",\"url\":\"https:\/\/www.hoecker.eu\/blog\/\",\"logo\":{\"@type\":\"ImageObject\",\"inLanguage\":\"de\",\"@id\":\"https:\/\/www.hoecker.eu\/blog\/#\/schema\/logo\/image\/\",\"url\":\"https:\/\/www.hoecker.eu\/blog\/wp-content\/uploads\/2025\/03\/Blog-Logo.webp\",\"contentUrl\":\"https:\/\/www.hoecker.eu\/blog\/wp-content\/uploads\/2025\/03\/Blog-Logo.webp\",\"width\":500,\"height\":500,\"caption\":\"H\u00d6CKER Rechtsanw\u00e4lte PartGmbB\"},\"image\":{\"@id\":\"https:\/\/www.hoecker.eu\/blog\/#\/schema\/logo\/image\/\"},\"sameAs\":[\"https:\/\/www.facebook.com\/HoeckerRAe\/\",\"https:\/\/x.com\/hoecker_rae\",\"https:\/\/www.linkedin.com\/company\/hcker-rechtsanwlte\/\",\"https:\/\/www.instagram.com\/hoecker_rae\/\"],\"email\":\"contact@hoecker.eu\",\"telephone\":\"+ 49 (0)221-933 19-10\",\"legalName\":\"H\u00d6CKER Rechtsanw\u00e4lte PartGmbB\",\"numberOfEmployees\":{\"@type\":\"QuantitativeValue\",\"minValue\":\"11\",\"maxValue\":\"50\"}},{\"@type\":\"Person\",\"@id\":\"https:\/\/www.hoecker.eu\/blog\/#\/schema\/person\/08f95581eed0534eccd0b2438f7a1cab\",\"name\":\"Prof. Dr. Ralf H\u00f6cker\",\"description\":\"Medienanwalt. Besch\u00fctzer vor mieser Presse\",\"sameAs\":[\"https:\/\/www.hoecker.eu\/wer\/prof-dr-ralf-hoecker\",\"https:\/\/www.facebook.com\/ralf.hoecker\",\"https:\/\/www.linkedin.com\/in\/prof-dr-ralf-hcker-ll-m-london-17987826\/\",\"https:\/\/x.com\/Ralf_Hoecker\"],\"url\":\"https:\/\/www.hoecker.eu\/blog\/author\/hoecker_adm\/\"}]}<\/script>\n<!-- \/ Yoast SEO Premium plugin. -->","yoast_head_json":{"title":"Legal Tribune Online (LTO) berichtet \u00fcber Verbot von Paparazzi-Fotos des niederl\u00e4ndischen K\u00f6nigspaares. - H\u00d6CKER - der Blog","robots":{"index":"index","follow":"follow","max-snippet":"max-snippet:-1","max-image-preview":"max-image-preview:large","max-video-preview":"max-video-preview:-1"},"canonical":"https:\/\/www.hoecker.eu\/blog\/legal-tribune-online-lto-berichtet-ueber-verbot-von-paparazzi-fotos-des-niederlaendischen-koenigspaares\/","og_locale":"de_DE","og_type":"article","og_title":"Legal Tribune Online (LTO) berichtet \u00fcber Verbot von Paparazzi-Fotos des niederl\u00e4ndischen K\u00f6nigspaares.","og_description":"Die BILD AM SONNTAG hatte Fotos verbreitet, die das niederl\u00e4ndische K\u00f6nigspaar in privaten Momenten zeigen. Die Bilder waren heimlich w\u00e4hrend des Sommerurlaubs von K\u00f6nig Willem-Alexander und K\u00f6nigin M\u00e1xima angefertigt worden. \u00dcber das gerichtliche Verbot, mit dem das Landgericht K\u00f6ln auf Antrag von H\u00d6CKER die Verbreitung der Bilder untersagt, berichtet die LTO in einer Meldung vom [&hellip;]","og_url":"https:\/\/www.hoecker.eu\/blog\/legal-tribune-online-lto-berichtet-ueber-verbot-von-paparazzi-fotos-des-niederlaendischen-koenigspaares\/","og_site_name":"H\u00d6CKER - der Blog","article_publisher":"https:\/\/www.facebook.com\/HoeckerRAe\/","article_author":"https:\/\/www.facebook.com\/ralf.hoecker","article_published_time":"2020-11-13T15:11:00+00:00","article_modified_time":"2025-02-17T13:54:43+00:00","author":"Prof. Dr. Ralf H\u00f6cker","twitter_card":"summary_large_image","twitter_creator":"@Ralf_Hoecker","twitter_site":"@hoecker_rae","twitter_misc":{"Verfasst von":"Prof. Dr. Ralf H\u00f6cker","Gesch\u00e4tzte Lesezeit":"1\u00a0Minute"},"schema":{"@context":"https:\/\/schema.org","@graph":[{"@type":"Article","@id":"https:\/\/www.hoecker.eu\/blog\/legal-tribune-online-lto-berichtet-ueber-verbot-von-paparazzi-fotos-des-niederlaendischen-koenigspaares\/#article","isPartOf":{"@id":"https:\/\/www.hoecker.eu\/blog\/legal-tribune-online-lto-berichtet-ueber-verbot-von-paparazzi-fotos-des-niederlaendischen-koenigspaares\/"},"author":{"name":"Prof. Dr. Ralf H\u00f6cker","@id":"https:\/\/www.hoecker.eu\/blog\/#\/schema\/person\/08f95581eed0534eccd0b2438f7a1cab"},"headline":"Legal Tribune Online (LTO) berichtet \u00fcber Verbot von Paparazzi-Fotos des niederl\u00e4ndischen K\u00f6nigspaares.","datePublished":"2020-11-13T15:11:00+00:00","dateModified":"2025-02-17T13:54:43+00:00","mainEntityOfPage":{"@id":"https:\/\/www.hoecker.eu\/blog\/legal-tribune-online-lto-berichtet-ueber-verbot-von-paparazzi-fotos-des-niederlaendischen-koenigspaares\/"},"wordCount":208,"publisher":{"@id":"https:\/\/www.hoecker.eu\/blog\/#organization"},"articleSection":["News"],"inLanguage":"de"},{"@type":"WebPage","@id":"https:\/\/www.hoecker.eu\/blog\/legal-tribune-online-lto-berichtet-ueber-verbot-von-paparazzi-fotos-des-niederlaendischen-koenigspaares\/","url":"https:\/\/www.hoecker.eu\/blog\/legal-tribune-online-lto-berichtet-ueber-verbot-von-paparazzi-fotos-des-niederlaendischen-koenigspaares\/","name":"Legal Tribune Online (LTO) berichtet \u00fcber Verbot von Paparazzi-Fotos des niederl\u00e4ndischen K\u00f6nigspaares. - H\u00d6CKER - der Blog","isPartOf":{"@id":"https:\/\/www.hoecker.eu\/blog\/#website"},"datePublished":"2020-11-13T15:11:00+00:00","dateModified":"2025-02-17T13:54:43+00:00","breadcrumb":{"@id":"https:\/\/www.hoecker.eu\/blog\/legal-tribune-online-lto-berichtet-ueber-verbot-von-paparazzi-fotos-des-niederlaendischen-koenigspaares\/#breadcrumb"},"inLanguage":"de","potentialAction":[{"@type":"ReadAction","target":["https:\/\/www.hoecker.eu\/blog\/legal-tribune-online-lto-berichtet-ueber-verbot-von-paparazzi-fotos-des-niederlaendischen-koenigspaares\/"]}]},{"@type":"BreadcrumbList","@id":"https:\/\/www.hoecker.eu\/blog\/legal-tribune-online-lto-berichtet-ueber-verbot-von-paparazzi-fotos-des-niederlaendischen-koenigspaares\/#breadcrumb","itemListElement":[{"@type":"ListItem","position":1,"name":"Startseite","item":"https:\/\/dev.hoecker.eu\/blog\/"},{"@type":"ListItem","position":2,"name":"Legal Tribune Online (LTO) berichtet \u00fcber Verbot von Paparazzi-Fotos des niederl\u00e4ndischen K\u00f6nigspaares."}]},{"@type":"WebSite","@id":"https:\/\/www.hoecker.eu\/blog\/#website","url":"https:\/\/www.hoecker.eu\/blog\/","name":"H\u00d6CKER - der Blog","description":"Expertenblog f\u00fcr \u00c4u\u00dferungs-, Medien-, Marken-, Urheber- und Wettbewerbsrecht.","publisher":{"@id":"https:\/\/www.hoecker.eu\/blog\/#organization"},"potentialAction":[{"@type":"SearchAction","target":{"@type":"EntryPoint","urlTemplate":"https:\/\/www.hoecker.eu\/blog\/?s={search_term_string}"},"query-input":{"@type":"PropertyValueSpecification","valueRequired":true,"valueName":"search_term_string"}}],"inLanguage":"de"},{"@type":"Organization","@id":"https:\/\/www.hoecker.eu\/blog\/#organization","name":"H\u00d6CKER Rechtsanw\u00e4lte PartGmbB","alternateName":"H\u00d6CKER","url":"https:\/\/www.hoecker.eu\/blog\/","logo":{"@type":"ImageObject","inLanguage":"de","@id":"https:\/\/www.hoecker.eu\/blog\/#\/schema\/logo\/image\/","url":"https:\/\/www.hoecker.eu\/blog\/wp-content\/uploads\/2025\/03\/Blog-Logo.webp","contentUrl":"https:\/\/www.hoecker.eu\/blog\/wp-content\/uploads\/2025\/03\/Blog-Logo.webp","width":500,"height":500,"caption":"H\u00d6CKER Rechtsanw\u00e4lte PartGmbB"},"image":{"@id":"https:\/\/www.hoecker.eu\/blog\/#\/schema\/logo\/image\/"},"sameAs":["https:\/\/www.facebook.com\/HoeckerRAe\/","https:\/\/x.com\/hoecker_rae","https:\/\/www.linkedin.com\/company\/hcker-rechtsanwlte\/","https:\/\/www.instagram.com\/hoecker_rae\/"],"email":"contact@hoecker.eu","telephone":"+ 49 (0)221-933 19-10","legalName":"H\u00d6CKER Rechtsanw\u00e4lte PartGmbB","numberOfEmployees":{"@type":"QuantitativeValue","minValue":"11","maxValue":"50"}},{"@type":"Person","@id":"https:\/\/www.hoecker.eu\/blog\/#\/schema\/person\/08f95581eed0534eccd0b2438f7a1cab","name":"Prof. Dr. Ralf H\u00f6cker","description":"Medienanwalt. Besch\u00fctzer vor mieser Presse","sameAs":["https:\/\/www.hoecker.eu\/wer\/prof-dr-ralf-hoecker","https:\/\/www.facebook.com\/ralf.hoecker","https:\/\/www.linkedin.com\/in\/prof-dr-ralf-hcker-ll-m-london-17987826\/","https:\/\/x.com\/Ralf_Hoecker"],"url":"https:\/\/www.hoecker.eu\/blog\/author\/hoecker_adm\/"}]}},"authors":[{"term_id":84,"user_id":1,"is_guest":0,"slug":"hoecker_adm","display_name":"Prof. Dr. Ralf H\u00f6cker","avatar_url":{"url":"https:\/\/www.hoecker.eu\/blog\/wp-content\/uploads\/2023\/12\/ProfDrRalfHoecker.jpg","url2x":"https:\/\/www.hoecker.eu\/blog\/wp-content\/uploads\/2023\/12\/ProfDrRalfHoecker.jpg"},"0":null,"1":"","2":"","3":"","4":"","5":"","6":"","7":"","8":"","9":"","10":"","11":""}],"_links":{"self":[{"href":"https:\/\/www.hoecker.eu\/blog\/wp-json\/wp\/v2\/posts\/8267","targetHints":{"allow":["GET"]}}],"collection":[{"href":"https:\/\/www.hoecker.eu\/blog\/wp-json\/wp\/v2\/posts"}],"about":[{"href":"https:\/\/www.hoecker.eu\/blog\/wp-json\/wp\/v2\/types\/post"}],"author":[{"embeddable":true,"href":"https:\/\/www.hoecker.eu\/blog\/wp-json\/wp\/v2\/users\/1"}],"replies":[{"embeddable":true,"href":"https:\/\/www.hoecker.eu\/blog\/wp-json\/wp\/v2\/comments?post=8267"}],"version-history":[{"count":1,"href":"https:\/\/www.hoecker.eu\/blog\/wp-json\/wp\/v2\/posts\/8267\/revisions"}],"predecessor-version":[{"id":9389,"href":"https:\/\/www.hoecker.eu\/blog\/wp-json\/wp\/v2\/posts\/8267\/revisions\/9389"}],"wp:attachment":[{"href":"https:\/\/www.hoecker.eu\/blog\/wp-json\/wp\/v2\/media?parent=8267"}],"wp:term":[{"taxonomy":"category","embeddable":true,"href":"https:\/\/www.hoecker.eu\/blog\/wp-json\/wp\/v2\/categories?post=8267"},{"taxonomy":"post_tag","embeddable":true,"href":"https:\/\/www.hoecker.eu\/blog\/wp-json\/wp\/v2\/tags?post=8267"},{"taxonomy":"hashtags","embeddable":true,"href":"https:\/\/www.hoecker.eu\/blog\/wp-json\/wp\/v2\/hashtags?post=8267"},{"taxonomy":"author","embeddable":true,"href":"https:\/\/www.hoecker.eu\/blog\/wp-json\/wp\/v2\/ppma_author?post=8267"}],"curies":[{"name":"wp","href":"https:\/\/api.w.org\/{rel}","templated":true}]}}