{"id":8266,"date":"2020-12-07T20:06:00","date_gmt":"2020-12-07T19:06:00","guid":{"rendered":"https:\/\/www.hoecker.eu\/blog\/fotografen-haben-anspruch-auf-bezahlung-fuer-archivbilder-fehlende-namensnennung-fuehrt-zur-verdopplung-des-honorars\/"},"modified":"2025-02-17T14:54:43","modified_gmt":"2025-02-17T13:54:43","slug":"fotografen-haben-anspruch-auf-bezahlung-fuer-archivbilder-fehlende-namensnennung-fuehrt-zur-verdopplung-des-honorars","status":"publish","type":"post","link":"https:\/\/www.hoecker.eu\/blog\/fotografen-haben-anspruch-auf-bezahlung-fuer-archivbilder-fehlende-namensnennung-fuehrt-zur-verdopplung-des-honorars\/","title":{"rendered":"Fotografen haben Anspruch auf Bezahlung f\u00fcr Archivbilder &#8211; fehlende Namensnennung f\u00fchrt zur Verdopplung des Honorars"},"content":{"rendered":"<p>Freie Fotografen, die f\u00fcr Tageszeitungen arbeiten, kennen das: Der Verlag zahlt f\u00fcr das Foto ein Honorar, dann geht das Foto ins Archiv des Verlages und wird beliebig oft wieder verwendet. Manchmal gibt es daf\u00fcr eine Verg\u00fctung, meistens aber nicht. H\u00e4ufig wird der der Fotograf vom Verlag \u00fcberhaupt nicht informiert, dass seine Fotos noch einmal genutzt werden. Hin und wieder findet er dann aber wieder eines seiner Bilder in der Zeitung abgedruckt. Manchmal wird das Bild auch nicht einmal mit dem Namen des Fotografen versehen &#8211; und Bezahlung: Fehlanzeige.<\/p>\n<p>Darf das sein?<\/p>\n<p>Nein, sagt das Landgericht D\u00fcsseldorf in einer Entscheidung vom 07.10.2020 (Az. 12 O 119\/19 n.rkr.): Auch die Verwendung von Archivbildern muss angemessen bezahlt werden, so wie es das Urhebervertragsrecht, das seit fast 20 Jahren gilt, vorsieht!<\/p>\n<p>Es reicht nicht aus, dass in dem Vertrag geregelt ist, dass der Fotograf die Rechte auch f\u00fcr weitere Nutzungen an den Verlag \u00fcbertr\u00e4gt, wenn nicht gleichzeitig f\u00fcr eine angemessene Bezahlung gesorgt ist. Erreicht das Honorar f\u00fcr die Erstnutzung allenfalls die Untergrenze der nach den Gemeinsamen Verg\u00fctungsregeln als angemessen anzusehenden Verg\u00fctung, muss f\u00fcr jede einzelne weitere Nutzung ein weiteres Honorar bezahlt werden. Die H\u00f6he des Honorars f\u00fcr die Archivnutzung ist zwar nach den Gemeinsamen Verg\u00fctungsregeln frei verhandelbar. Der Fotograf kann aber f\u00fcr Zweitverwertungen mindestens 50% des Honorars f\u00fcr die Erstnutzung verlangen. <\/p>\n<p>Das Landgericht stellte in seiner Entscheidung \u2013 die nun zur \u00dcberpr\u00fcfung vor dem OLG ansteht \u2013 auch klar, dass der Verlag sich nicht durch vertragliche Ausschlussklauseln von der Pflicht zur Zahlung einer angemessenen Verg\u00fctung befreien kann. Eine vertragliche Regelung, wonach Anspr\u00fcche auf Nachverg\u00fctung innerhalb von drei Monaten nach Entstehen des Anspruchs geltend gemacht werden m\u00fcssten, ist nicht auf Nachverg\u00fctung gem. \u00a7 32 UrhG anwendbar. Und auch der Versuch, sich die Angemessenheit des Honorars vertraglich best\u00e4tigen zu lassen, scheitert.<\/p>\n<p>Selbst wenn der Fotograf also unterschreibt, er halte das Honorar f\u00fcr angemessen und verzichte auf die nachtr\u00e4gliche Geltendmachung einer angemessenen Verg\u00fctung, kann sich der Verlag auf diese Regelung nicht st\u00fctzen. Eine solche Klausel stellt eine Umgehung der zum Schutze der Urheber implementierten Regelungen im Urheberrecht dar und ist unwirksam.<\/p>\n","protected":false},"excerpt":{"rendered":"<p>Freie Fotografen, die f\u00fcr Tageszeitungen arbeiten, kennen das: Der Verlag zahlt f\u00fcr das Foto ein Honorar, dann geht das Foto ins Archiv des Verlages und wird beliebig oft wieder verwendet. Manchmal gibt es daf\u00fcr eine Verg\u00fctung, meistens aber nicht. H\u00e4ufig wird der der Fotograf vom Verlag \u00fcberhaupt nicht informiert, dass seine Fotos noch einmal genutzt [&hellip;]<\/p>\n","protected":false},"author":1,"featured_media":0,"comment_status":"closed","ping_status":"closed","sticky":false,"template":"","format":"standard","meta":{"_has_post_settings":[],"footnotes":""},"categories":[15],"tags":[],"hashtags":[],"ppma_author":[84],"class_list":["post-8266","post","type-post","status-publish","format-standard","hentry","category-news","author-hoecker_adm"],"yoast_head":"<!-- This site is optimized with the Yoast SEO Premium plugin v25.9 (Yoast SEO v27.0) - https:\/\/yoast.com\/product\/yoast-seo-premium-wordpress\/ -->\n<title>Fotografen haben Anspruch auf Bezahlung f\u00fcr Archivbilder - fehlende Namensnennung f\u00fchrt zur Verdopplung des Honorars - H\u00d6CKER - der Blog<\/title>\n<meta name=\"robots\" content=\"index, follow, max-snippet:-1, max-image-preview:large, max-video-preview:-1\" \/>\n<link rel=\"canonical\" href=\"https:\/\/www.hoecker.eu\/blog\/fotografen-haben-anspruch-auf-bezahlung-fuer-archivbilder-fehlende-namensnennung-fuehrt-zur-verdopplung-des-honorars\/\" \/>\n<meta property=\"og:locale\" content=\"de_DE\" \/>\n<meta property=\"og:type\" content=\"article\" \/>\n<meta property=\"og:title\" content=\"Fotografen haben Anspruch auf Bezahlung f\u00fcr Archivbilder - fehlende Namensnennung f\u00fchrt zur Verdopplung des Honorars\" \/>\n<meta property=\"og:description\" content=\"Freie Fotografen, die f\u00fcr Tageszeitungen arbeiten, kennen das: Der Verlag zahlt f\u00fcr das Foto ein Honorar, dann geht das Foto ins Archiv des Verlages und wird beliebig oft wieder verwendet. Manchmal gibt es daf\u00fcr eine Verg\u00fctung, meistens aber nicht. H\u00e4ufig wird der der Fotograf vom Verlag \u00fcberhaupt nicht informiert, dass seine Fotos noch einmal genutzt [&hellip;]\" \/>\n<meta property=\"og:url\" content=\"https:\/\/www.hoecker.eu\/blog\/fotografen-haben-anspruch-auf-bezahlung-fuer-archivbilder-fehlende-namensnennung-fuehrt-zur-verdopplung-des-honorars\/\" \/>\n<meta property=\"og:site_name\" content=\"H\u00d6CKER - der Blog\" \/>\n<meta property=\"article:publisher\" content=\"https:\/\/www.facebook.com\/HoeckerRAe\/\" \/>\n<meta property=\"article:author\" content=\"https:\/\/www.facebook.com\/ralf.hoecker\" \/>\n<meta property=\"article:published_time\" content=\"2020-12-07T19:06:00+00:00\" \/>\n<meta property=\"article:modified_time\" content=\"2025-02-17T13:54:43+00:00\" \/>\n<meta name=\"author\" content=\"Prof. Dr. Ralf H\u00f6cker\" \/>\n<meta name=\"twitter:card\" content=\"summary_large_image\" \/>\n<meta name=\"twitter:creator\" content=\"@Ralf_Hoecker\" \/>\n<meta name=\"twitter:site\" content=\"@hoecker_rae\" \/>\n<meta name=\"twitter:label1\" content=\"Verfasst von\" \/>\n\t<meta name=\"twitter:data1\" content=\"Prof. Dr. Ralf H\u00f6cker\" \/>\n\t<meta name=\"twitter:label2\" content=\"Gesch\u00e4tzte Lesezeit\" \/>\n\t<meta name=\"twitter:data2\" content=\"2\u00a0Minuten\" \/>\n<script type=\"application\/ld+json\" class=\"yoast-schema-graph\">{\"@context\":\"https:\/\/schema.org\",\"@graph\":[{\"@type\":\"Article\",\"@id\":\"https:\/\/www.hoecker.eu\/blog\/fotografen-haben-anspruch-auf-bezahlung-fuer-archivbilder-fehlende-namensnennung-fuehrt-zur-verdopplung-des-honorars\/#article\",\"isPartOf\":{\"@id\":\"https:\/\/www.hoecker.eu\/blog\/fotografen-haben-anspruch-auf-bezahlung-fuer-archivbilder-fehlende-namensnennung-fuehrt-zur-verdopplung-des-honorars\/\"},\"author\":{\"name\":\"Prof. Dr. Ralf H\u00f6cker\",\"@id\":\"https:\/\/www.hoecker.eu\/blog\/#\/schema\/person\/08f95581eed0534eccd0b2438f7a1cab\"},\"headline\":\"Fotografen haben Anspruch auf Bezahlung f\u00fcr Archivbilder &#8211; fehlende Namensnennung f\u00fchrt zur Verdopplung des Honorars\",\"datePublished\":\"2020-12-07T19:06:00+00:00\",\"dateModified\":\"2025-02-17T13:54:43+00:00\",\"mainEntityOfPage\":{\"@id\":\"https:\/\/www.hoecker.eu\/blog\/fotografen-haben-anspruch-auf-bezahlung-fuer-archivbilder-fehlende-namensnennung-fuehrt-zur-verdopplung-des-honorars\/\"},\"wordCount\":382,\"publisher\":{\"@id\":\"https:\/\/www.hoecker.eu\/blog\/#organization\"},\"articleSection\":[\"News\"],\"inLanguage\":\"de\"},{\"@type\":\"WebPage\",\"@id\":\"https:\/\/www.hoecker.eu\/blog\/fotografen-haben-anspruch-auf-bezahlung-fuer-archivbilder-fehlende-namensnennung-fuehrt-zur-verdopplung-des-honorars\/\",\"url\":\"https:\/\/www.hoecker.eu\/blog\/fotografen-haben-anspruch-auf-bezahlung-fuer-archivbilder-fehlende-namensnennung-fuehrt-zur-verdopplung-des-honorars\/\",\"name\":\"Fotografen haben Anspruch auf Bezahlung f\u00fcr Archivbilder - fehlende Namensnennung f\u00fchrt zur Verdopplung des Honorars - H\u00d6CKER - der Blog\",\"isPartOf\":{\"@id\":\"https:\/\/www.hoecker.eu\/blog\/#website\"},\"datePublished\":\"2020-12-07T19:06:00+00:00\",\"dateModified\":\"2025-02-17T13:54:43+00:00\",\"breadcrumb\":{\"@id\":\"https:\/\/www.hoecker.eu\/blog\/fotografen-haben-anspruch-auf-bezahlung-fuer-archivbilder-fehlende-namensnennung-fuehrt-zur-verdopplung-des-honorars\/#breadcrumb\"},\"inLanguage\":\"de\",\"potentialAction\":[{\"@type\":\"ReadAction\",\"target\":[\"https:\/\/www.hoecker.eu\/blog\/fotografen-haben-anspruch-auf-bezahlung-fuer-archivbilder-fehlende-namensnennung-fuehrt-zur-verdopplung-des-honorars\/\"]}]},{\"@type\":\"BreadcrumbList\",\"@id\":\"https:\/\/www.hoecker.eu\/blog\/fotografen-haben-anspruch-auf-bezahlung-fuer-archivbilder-fehlende-namensnennung-fuehrt-zur-verdopplung-des-honorars\/#breadcrumb\",\"itemListElement\":[{\"@type\":\"ListItem\",\"position\":1,\"name\":\"Startseite\",\"item\":\"https:\/\/dev.hoecker.eu\/blog\/\"},{\"@type\":\"ListItem\",\"position\":2,\"name\":\"Fotografen haben Anspruch auf Bezahlung f\u00fcr Archivbilder &#8211; fehlende Namensnennung f\u00fchrt zur Verdopplung des Honorars\"}]},{\"@type\":\"WebSite\",\"@id\":\"https:\/\/www.hoecker.eu\/blog\/#website\",\"url\":\"https:\/\/www.hoecker.eu\/blog\/\",\"name\":\"H\u00d6CKER - der Blog\",\"description\":\"Expertenblog f\u00fcr \u00c4u\u00dferungs-, Medien-, Marken-, Urheber- und Wettbewerbsrecht.\",\"publisher\":{\"@id\":\"https:\/\/www.hoecker.eu\/blog\/#organization\"},\"potentialAction\":[{\"@type\":\"SearchAction\",\"target\":{\"@type\":\"EntryPoint\",\"urlTemplate\":\"https:\/\/www.hoecker.eu\/blog\/?s={search_term_string}\"},\"query-input\":{\"@type\":\"PropertyValueSpecification\",\"valueRequired\":true,\"valueName\":\"search_term_string\"}}],\"inLanguage\":\"de\"},{\"@type\":\"Organization\",\"@id\":\"https:\/\/www.hoecker.eu\/blog\/#organization\",\"name\":\"H\u00d6CKER Rechtsanw\u00e4lte PartGmbB\",\"alternateName\":\"H\u00d6CKER\",\"url\":\"https:\/\/www.hoecker.eu\/blog\/\",\"logo\":{\"@type\":\"ImageObject\",\"inLanguage\":\"de\",\"@id\":\"https:\/\/www.hoecker.eu\/blog\/#\/schema\/logo\/image\/\",\"url\":\"https:\/\/www.hoecker.eu\/blog\/wp-content\/uploads\/2025\/03\/Blog-Logo.webp\",\"contentUrl\":\"https:\/\/www.hoecker.eu\/blog\/wp-content\/uploads\/2025\/03\/Blog-Logo.webp\",\"width\":500,\"height\":500,\"caption\":\"H\u00d6CKER Rechtsanw\u00e4lte PartGmbB\"},\"image\":{\"@id\":\"https:\/\/www.hoecker.eu\/blog\/#\/schema\/logo\/image\/\"},\"sameAs\":[\"https:\/\/www.facebook.com\/HoeckerRAe\/\",\"https:\/\/x.com\/hoecker_rae\",\"https:\/\/www.linkedin.com\/company\/hcker-rechtsanwlte\/\",\"https:\/\/www.instagram.com\/hoecker_rae\/\"],\"email\":\"contact@hoecker.eu\",\"telephone\":\"+ 49 (0)221-933 19-10\",\"legalName\":\"H\u00d6CKER Rechtsanw\u00e4lte PartGmbB\",\"numberOfEmployees\":{\"@type\":\"QuantitativeValue\",\"minValue\":\"11\",\"maxValue\":\"50\"}},{\"@type\":\"Person\",\"@id\":\"https:\/\/www.hoecker.eu\/blog\/#\/schema\/person\/08f95581eed0534eccd0b2438f7a1cab\",\"name\":\"Prof. Dr. Ralf H\u00f6cker\",\"description\":\"Medienanwalt. Besch\u00fctzer vor mieser Presse\",\"sameAs\":[\"https:\/\/www.hoecker.eu\/wer\/prof-dr-ralf-hoecker\",\"https:\/\/www.facebook.com\/ralf.hoecker\",\"https:\/\/www.linkedin.com\/in\/prof-dr-ralf-hcker-ll-m-london-17987826\/\",\"https:\/\/x.com\/Ralf_Hoecker\"],\"url\":\"https:\/\/www.hoecker.eu\/blog\/author\/hoecker_adm\/\"}]}<\/script>\n<!-- \/ Yoast SEO Premium plugin. -->","yoast_head_json":{"title":"Fotografen haben Anspruch auf Bezahlung f\u00fcr Archivbilder - fehlende Namensnennung f\u00fchrt zur Verdopplung des Honorars - H\u00d6CKER - der Blog","robots":{"index":"index","follow":"follow","max-snippet":"max-snippet:-1","max-image-preview":"max-image-preview:large","max-video-preview":"max-video-preview:-1"},"canonical":"https:\/\/www.hoecker.eu\/blog\/fotografen-haben-anspruch-auf-bezahlung-fuer-archivbilder-fehlende-namensnennung-fuehrt-zur-verdopplung-des-honorars\/","og_locale":"de_DE","og_type":"article","og_title":"Fotografen haben Anspruch auf Bezahlung f\u00fcr Archivbilder - fehlende Namensnennung f\u00fchrt zur Verdopplung des Honorars","og_description":"Freie Fotografen, die f\u00fcr Tageszeitungen arbeiten, kennen das: Der Verlag zahlt f\u00fcr das Foto ein Honorar, dann geht das Foto ins Archiv des Verlages und wird beliebig oft wieder verwendet. Manchmal gibt es daf\u00fcr eine Verg\u00fctung, meistens aber nicht. H\u00e4ufig wird der der Fotograf vom Verlag \u00fcberhaupt nicht informiert, dass seine Fotos noch einmal genutzt [&hellip;]","og_url":"https:\/\/www.hoecker.eu\/blog\/fotografen-haben-anspruch-auf-bezahlung-fuer-archivbilder-fehlende-namensnennung-fuehrt-zur-verdopplung-des-honorars\/","og_site_name":"H\u00d6CKER - der Blog","article_publisher":"https:\/\/www.facebook.com\/HoeckerRAe\/","article_author":"https:\/\/www.facebook.com\/ralf.hoecker","article_published_time":"2020-12-07T19:06:00+00:00","article_modified_time":"2025-02-17T13:54:43+00:00","author":"Prof. Dr. Ralf H\u00f6cker","twitter_card":"summary_large_image","twitter_creator":"@Ralf_Hoecker","twitter_site":"@hoecker_rae","twitter_misc":{"Verfasst von":"Prof. Dr. Ralf H\u00f6cker","Gesch\u00e4tzte Lesezeit":"2\u00a0Minuten"},"schema":{"@context":"https:\/\/schema.org","@graph":[{"@type":"Article","@id":"https:\/\/www.hoecker.eu\/blog\/fotografen-haben-anspruch-auf-bezahlung-fuer-archivbilder-fehlende-namensnennung-fuehrt-zur-verdopplung-des-honorars\/#article","isPartOf":{"@id":"https:\/\/www.hoecker.eu\/blog\/fotografen-haben-anspruch-auf-bezahlung-fuer-archivbilder-fehlende-namensnennung-fuehrt-zur-verdopplung-des-honorars\/"},"author":{"name":"Prof. Dr. Ralf H\u00f6cker","@id":"https:\/\/www.hoecker.eu\/blog\/#\/schema\/person\/08f95581eed0534eccd0b2438f7a1cab"},"headline":"Fotografen haben Anspruch auf Bezahlung f\u00fcr Archivbilder &#8211; fehlende Namensnennung f\u00fchrt zur Verdopplung des Honorars","datePublished":"2020-12-07T19:06:00+00:00","dateModified":"2025-02-17T13:54:43+00:00","mainEntityOfPage":{"@id":"https:\/\/www.hoecker.eu\/blog\/fotografen-haben-anspruch-auf-bezahlung-fuer-archivbilder-fehlende-namensnennung-fuehrt-zur-verdopplung-des-honorars\/"},"wordCount":382,"publisher":{"@id":"https:\/\/www.hoecker.eu\/blog\/#organization"},"articleSection":["News"],"inLanguage":"de"},{"@type":"WebPage","@id":"https:\/\/www.hoecker.eu\/blog\/fotografen-haben-anspruch-auf-bezahlung-fuer-archivbilder-fehlende-namensnennung-fuehrt-zur-verdopplung-des-honorars\/","url":"https:\/\/www.hoecker.eu\/blog\/fotografen-haben-anspruch-auf-bezahlung-fuer-archivbilder-fehlende-namensnennung-fuehrt-zur-verdopplung-des-honorars\/","name":"Fotografen haben Anspruch auf Bezahlung f\u00fcr Archivbilder - fehlende Namensnennung f\u00fchrt zur Verdopplung des Honorars - H\u00d6CKER - der Blog","isPartOf":{"@id":"https:\/\/www.hoecker.eu\/blog\/#website"},"datePublished":"2020-12-07T19:06:00+00:00","dateModified":"2025-02-17T13:54:43+00:00","breadcrumb":{"@id":"https:\/\/www.hoecker.eu\/blog\/fotografen-haben-anspruch-auf-bezahlung-fuer-archivbilder-fehlende-namensnennung-fuehrt-zur-verdopplung-des-honorars\/#breadcrumb"},"inLanguage":"de","potentialAction":[{"@type":"ReadAction","target":["https:\/\/www.hoecker.eu\/blog\/fotografen-haben-anspruch-auf-bezahlung-fuer-archivbilder-fehlende-namensnennung-fuehrt-zur-verdopplung-des-honorars\/"]}]},{"@type":"BreadcrumbList","@id":"https:\/\/www.hoecker.eu\/blog\/fotografen-haben-anspruch-auf-bezahlung-fuer-archivbilder-fehlende-namensnennung-fuehrt-zur-verdopplung-des-honorars\/#breadcrumb","itemListElement":[{"@type":"ListItem","position":1,"name":"Startseite","item":"https:\/\/dev.hoecker.eu\/blog\/"},{"@type":"ListItem","position":2,"name":"Fotografen haben Anspruch auf Bezahlung f\u00fcr Archivbilder &#8211; fehlende Namensnennung f\u00fchrt zur Verdopplung des Honorars"}]},{"@type":"WebSite","@id":"https:\/\/www.hoecker.eu\/blog\/#website","url":"https:\/\/www.hoecker.eu\/blog\/","name":"H\u00d6CKER - der Blog","description":"Expertenblog f\u00fcr \u00c4u\u00dferungs-, Medien-, Marken-, Urheber- und Wettbewerbsrecht.","publisher":{"@id":"https:\/\/www.hoecker.eu\/blog\/#organization"},"potentialAction":[{"@type":"SearchAction","target":{"@type":"EntryPoint","urlTemplate":"https:\/\/www.hoecker.eu\/blog\/?s={search_term_string}"},"query-input":{"@type":"PropertyValueSpecification","valueRequired":true,"valueName":"search_term_string"}}],"inLanguage":"de"},{"@type":"Organization","@id":"https:\/\/www.hoecker.eu\/blog\/#organization","name":"H\u00d6CKER Rechtsanw\u00e4lte PartGmbB","alternateName":"H\u00d6CKER","url":"https:\/\/www.hoecker.eu\/blog\/","logo":{"@type":"ImageObject","inLanguage":"de","@id":"https:\/\/www.hoecker.eu\/blog\/#\/schema\/logo\/image\/","url":"https:\/\/www.hoecker.eu\/blog\/wp-content\/uploads\/2025\/03\/Blog-Logo.webp","contentUrl":"https:\/\/www.hoecker.eu\/blog\/wp-content\/uploads\/2025\/03\/Blog-Logo.webp","width":500,"height":500,"caption":"H\u00d6CKER Rechtsanw\u00e4lte PartGmbB"},"image":{"@id":"https:\/\/www.hoecker.eu\/blog\/#\/schema\/logo\/image\/"},"sameAs":["https:\/\/www.facebook.com\/HoeckerRAe\/","https:\/\/x.com\/hoecker_rae","https:\/\/www.linkedin.com\/company\/hcker-rechtsanwlte\/","https:\/\/www.instagram.com\/hoecker_rae\/"],"email":"contact@hoecker.eu","telephone":"+ 49 (0)221-933 19-10","legalName":"H\u00d6CKER Rechtsanw\u00e4lte PartGmbB","numberOfEmployees":{"@type":"QuantitativeValue","minValue":"11","maxValue":"50"}},{"@type":"Person","@id":"https:\/\/www.hoecker.eu\/blog\/#\/schema\/person\/08f95581eed0534eccd0b2438f7a1cab","name":"Prof. Dr. Ralf H\u00f6cker","description":"Medienanwalt. Besch\u00fctzer vor mieser Presse","sameAs":["https:\/\/www.hoecker.eu\/wer\/prof-dr-ralf-hoecker","https:\/\/www.facebook.com\/ralf.hoecker","https:\/\/www.linkedin.com\/in\/prof-dr-ralf-hcker-ll-m-london-17987826\/","https:\/\/x.com\/Ralf_Hoecker"],"url":"https:\/\/www.hoecker.eu\/blog\/author\/hoecker_adm\/"}]}},"authors":[{"term_id":84,"user_id":1,"is_guest":0,"slug":"hoecker_adm","display_name":"Prof. Dr. Ralf H\u00f6cker","avatar_url":{"url":"https:\/\/www.hoecker.eu\/blog\/wp-content\/uploads\/2023\/12\/ProfDrRalfHoecker.jpg","url2x":"https:\/\/www.hoecker.eu\/blog\/wp-content\/uploads\/2023\/12\/ProfDrRalfHoecker.jpg"},"0":null,"1":"","2":"","3":"","4":"","5":"","6":"","7":"","8":"","9":"","10":"","11":""}],"_links":{"self":[{"href":"https:\/\/www.hoecker.eu\/blog\/wp-json\/wp\/v2\/posts\/8266","targetHints":{"allow":["GET"]}}],"collection":[{"href":"https:\/\/www.hoecker.eu\/blog\/wp-json\/wp\/v2\/posts"}],"about":[{"href":"https:\/\/www.hoecker.eu\/blog\/wp-json\/wp\/v2\/types\/post"}],"author":[{"embeddable":true,"href":"https:\/\/www.hoecker.eu\/blog\/wp-json\/wp\/v2\/users\/1"}],"replies":[{"embeddable":true,"href":"https:\/\/www.hoecker.eu\/blog\/wp-json\/wp\/v2\/comments?post=8266"}],"version-history":[{"count":1,"href":"https:\/\/www.hoecker.eu\/blog\/wp-json\/wp\/v2\/posts\/8266\/revisions"}],"predecessor-version":[{"id":9388,"href":"https:\/\/www.hoecker.eu\/blog\/wp-json\/wp\/v2\/posts\/8266\/revisions\/9388"}],"wp:attachment":[{"href":"https:\/\/www.hoecker.eu\/blog\/wp-json\/wp\/v2\/media?parent=8266"}],"wp:term":[{"taxonomy":"category","embeddable":true,"href":"https:\/\/www.hoecker.eu\/blog\/wp-json\/wp\/v2\/categories?post=8266"},{"taxonomy":"post_tag","embeddable":true,"href":"https:\/\/www.hoecker.eu\/blog\/wp-json\/wp\/v2\/tags?post=8266"},{"taxonomy":"hashtags","embeddable":true,"href":"https:\/\/www.hoecker.eu\/blog\/wp-json\/wp\/v2\/hashtags?post=8266"},{"taxonomy":"author","embeddable":true,"href":"https:\/\/www.hoecker.eu\/blog\/wp-json\/wp\/v2\/ppma_author?post=8266"}],"curies":[{"name":"wp","href":"https:\/\/api.w.org\/{rel}","templated":true}]}}