{"id":8263,"date":"2020-12-30T19:13:00","date_gmt":"2020-12-30T18:13:00","guid":{"rendered":"https:\/\/www.hoecker.eu\/blog\/vorgeschichte-bewusst-verschwiegen-gericht-verbietet-irrefuehrende-n-tv-kolumne-einer-feministischen-influencerin-ueber-comedian-udo-boenstrup\/"},"modified":"2025-02-17T14:54:41","modified_gmt":"2025-02-17T13:54:41","slug":"vorgeschichte-bewusst-verschwiegen-gericht-verbietet-irrefuehrende-n-tv-kolumne-einer-feministischen-influencerin-ueber-comedian-udo-boenstrup","status":"publish","type":"post","link":"https:\/\/www.hoecker.eu\/blog\/vorgeschichte-bewusst-verschwiegen-gericht-verbietet-irrefuehrende-n-tv-kolumne-einer-feministischen-influencerin-ueber-comedian-udo-boenstrup\/","title":{"rendered":"Vorgeschichte bewusst verschwiegen: Gericht verbietet irref\u00fchrende n-tv-Kolumne einer feministischen \u201eInfluencerin\u201c \u00fcber Comedian \u201eUdo B\u00f6nstrup\u201c"},"content":{"rendered":"<p>Medien m\u00fcssen mit der Zeit gehen. Vielleicht dachte sich Tanit Koch das, als sie mit gro\u00dfen Ambitionen als n-tv-Gesch\u00e4ftsf\u00fchrerin antrat und der auf Instagram etwas bekannten feministischen Influencerin Verena M. Dittrich einen eigenen n-tv-Podcast g\u00f6nnte \u2013 und zwar f\u00fcr <em>\u201es\u00fcffige Trash-TV-Analysen\u201c, \u201eHacks gegen Katzenk\u00f6ttel\u201c und \u201eK\u00fcchenpsychologie\u201c <\/em>und zwar \u201e<em>am besten knallschotig erz\u00e4hlt\u201c<\/em>. Eine Kolumne hat Verena M. Dittrich bei n-tv auch und arbeitet gerade an einem interessanten Projekt:<em> \u201eeinem Drehbuch f\u00fcr den n\u00e4chsten gro\u00dfen Serien-Hit\u201c<\/em>. Auf den Vorwurf, ihre Arbeit sei unjournalistisch, antwortet die Vielbesch\u00e4ftigte schon einmal achselzuckend, sie sei schlie\u00dflich \u201eKolumnistin\u201c und \u201eSchriftstellerin\u201c. Das erkl\u00e4rt vielleicht, weshalb sie n-tv am Montag ein verlorenes Gerichtsverfahren wegen Versto\u00dfes gegen journalistische Grundregeln einbrockte.<\/p>\n<p><strong>Was war geschehen?<br \/><\/strong><\/p>\n<p>Comedian Hendrik Nitsch (alias \u201eUdo B\u00f6nstrup\u201c) hatte eine Nachricht der anonymen Instagramerin \u201ecatcallsof.bonn&#8221; erhalten. Sp\u00e4ter stellte sich heraus, dass dahinter die Influencerin Franziska Peil steckt:<\/p>\n<ul>\n<li><em>Er (Nitsch) sei ein j\u00e4mmerliches, kleines, widerliches, peinliches, sexistisches, armseliges, einsames W\u00fcrstchen.<\/em><\/li>\n<li><em>Seine Mutter sei (in einem Umkehrschluss) genau wie er schlecht erzogen, empathielos, unsympathisch und ohne Anstand.<\/em><\/li>\n<li><em>Er habe lieber in seinem Keller bleiben und mit seinem Pimmel rumspielen sollen.<\/em><\/li>\n<li><em>Er sei eine peinliche Made.<\/em><\/li>\n<li><em>Sie w\u00fcnsche ihm keine Tochter, denn niemand solle einen Vater wie ihn haben.<\/em><\/li>\n<li><em>Er solle seiner Tochter beibringen, sich M\u00e4nnern zu unterwerfen und wie man richtig Schw\u00e4nze lutscht.<\/em>\n<\/li>\n<\/ul>\n<p>Nitsch\/B\u00f6nstrup antwortete der zun\u00e4chst Unbekannten so, wie er einem zivilisierten, mit Profilbild und vollem Namen auftretenden Menschen niemals antworten w\u00fcrde: <\/p>\n<blockquote><p><em>\u201eWarum hast du denn keine Fotos drin, Mensch? Das ist immer so bei euch Feministinnen, bei diesen Ultra-Turbofeministinnen, weil ihr immer so h\u00e4ssliche, ungefickte Speckst\u00fccke seid mit fettiger Kurzhaarfrisur die mir einfach den ganzen Tag auf den Sack gehen. Schei\u00df im Schneidersitz, trink deinen K\u00fcmmeltee und am besten tanzt du noch f\u00fcrs Klima. In diesem Sinne, halt dein Maul, sch\u00f6nen Abend.&#8221;<\/em><\/p><\/blockquote>\n<p>Verena M. Dittrich zitierte diese Nachricht in ihrem n-tv-Artikel <em>\u201eDas Vulva-Shaming des Udo B\u00f6nstrup\u201c<\/em>. Die vorangegangenen Beleidigungen ihrer Influencer-Kollegin Franziska Peil \u2013 erw\u00e4hnte sie dagegen nicht. Die Leser mussten also den Eindruck gewinnen, Nitsch habe v\u00f6llig anlasslos eine Frau beleidigt. Nitsch forderte Frau Dittrich auf, den Artikel um die Vorgeschichte zu erg\u00e4nzen. Das tat sie nicht und auch auf eine anwaltliche Abmahnung erg\u00e4nzte n-tv den Artikel nicht. Deshalb beantragte Nitsch \u00fcber die Kanzlei H\u00d6CKER eine einstweilige Verf\u00fcgung gegen n-tv. Mit Erfolg: Das Landgericht K\u00f6ln verbot dem Sender, den Artikel in dieser Form weiter zu verbreiten. Zur Begr\u00fcndung schrieben die Richter (Beschluss vom 28.12.2020, Az. 28 O 482\/20, n.rkr.):<\/p>\n<blockquote><p><em>\u201eDer Verf\u00fcgungsanspruch ergibt sich (\u2026) unter dem Gesichtspunkt einer bewusst unvollst\u00e4ndigen Berichterstattung. Durch die konkrete Darstellung, die die der Sprachnachricht des Antragstellers vorausgehende private Nachricht der Instagram-Nutzerin \u201ecatcallsof.bonn&#8221; nicht erw\u00e4hnt, fehlt f\u00fcr den Rezipienten der Berichterstattung der wesentliche Kontext der Sprachnachricht des Antragstellers, so dass der unzutreffende R\u00fcckschluss erfolgt, dass der Antragsteller sich unmittelbar bzw. anlasslos wie in der Berichterstattung zitiert ge\u00e4u\u00dfert habe. Dies gilt auch nach Hinzuf\u00fcgung des Nachtrags durch die Artikelverfasserin, da in dem Nachtrag gerade nicht in hinreichend konkreter Form klargestellt wird, dass die \u00c4u\u00dferungen des Antragstellers als Reaktion auf eine vorherige Nachricht erfolgten.\u201c<br \/><\/em><\/p><\/blockquote>\n<p>Ob n-tv seiner Influencer-Kolumnistin unter neuer Senderf\u00fchrung erkl\u00e4ren wird, dass n-tv kein Instagram ist, sondern dass in einem seri\u00f6sen Medienhaus journalistische Sorgfaltspflichten auch f\u00fcr Autoren gelten, die ihre Gef\u00fchle \u00fcber Katzenk\u00f6ttel und Vulva-Shaming lieber weiter so \u201es\u00fcffig und knallschotig\u201c transportieren w\u00fcrden, wie sie es aus den sozialen Medien gewohnt sind, bleibt abzuwarten.<\/p>\n<p>Rechtsanwalt Prof. Dr. Ralf H\u00f6cker, LL.M.:<br \/><em>\u201eWenn ein seri\u00f6ses Medium sich Influencer ins Haus holt, muss es darauf achten, dass journalistische Mindeststandards eingehalten werden und die Instagram-Stars nicht einfach drauflosschreiben, wie sie es aus den sozialen Medien gew\u00f6hnt sind. Auch \u201eKolumnistinnen und Schriftstellerinnen\u201c, die bei n-tv Texte verfassen, sind Journalisten und m\u00fcssen sich wohl oder \u00fcbel an die Spielregeln der Branche halten.\u201c<\/em><\/p>\n","protected":false},"excerpt":{"rendered":"<p>Medien m\u00fcssen mit der Zeit gehen. Vielleicht dachte sich Tanit Koch das, als sie mit gro\u00dfen Ambitionen als n-tv-Gesch\u00e4ftsf\u00fchrerin antrat und der auf Instagram etwas bekannten feministischen Influencerin Verena M. Dittrich einen eigenen n-tv-Podcast g\u00f6nnte \u2013 und zwar f\u00fcr \u201es\u00fcffige Trash-TV-Analysen\u201c, \u201eHacks gegen Katzenk\u00f6ttel\u201c und \u201eK\u00fcchenpsychologie\u201c und zwar \u201eam besten knallschotig erz\u00e4hlt\u201c. Eine Kolumne hat [&hellip;]<\/p>\n","protected":false},"author":1,"featured_media":0,"comment_status":"closed","ping_status":"closed","sticky":false,"template":"","format":"standard","meta":{"_has_post_settings":[],"footnotes":""},"categories":[15],"tags":[],"hashtags":[],"ppma_author":[84],"class_list":["post-8263","post","type-post","status-publish","format-standard","hentry","category-news","author-hoecker_adm"],"yoast_head":"<!-- This site is optimized with the Yoast SEO Premium plugin v25.9 (Yoast SEO v27.0) - https:\/\/yoast.com\/product\/yoast-seo-premium-wordpress\/ -->\n<title>Vorgeschichte bewusst verschwiegen: Gericht verbietet irref\u00fchrende n-tv-Kolumne einer feministischen \u201eInfluencerin\u201c \u00fcber Comedian \u201eUdo B\u00f6nstrup\u201c - H\u00d6CKER - der Blog<\/title>\n<meta name=\"robots\" content=\"index, follow, max-snippet:-1, max-image-preview:large, max-video-preview:-1\" \/>\n<link rel=\"canonical\" href=\"https:\/\/www.hoecker.eu\/blog\/vorgeschichte-bewusst-verschwiegen-gericht-verbietet-irrefuehrende-n-tv-kolumne-einer-feministischen-influencerin-ueber-comedian-udo-boenstrup\/\" \/>\n<meta property=\"og:locale\" content=\"de_DE\" \/>\n<meta property=\"og:type\" content=\"article\" \/>\n<meta property=\"og:title\" content=\"Vorgeschichte bewusst verschwiegen: Gericht verbietet irref\u00fchrende n-tv-Kolumne einer feministischen \u201eInfluencerin\u201c \u00fcber Comedian \u201eUdo B\u00f6nstrup\u201c\" \/>\n<meta property=\"og:description\" content=\"Medien m\u00fcssen mit der Zeit gehen. Vielleicht dachte sich Tanit Koch das, als sie mit gro\u00dfen Ambitionen als n-tv-Gesch\u00e4ftsf\u00fchrerin antrat und der auf Instagram etwas bekannten feministischen Influencerin Verena M. Dittrich einen eigenen n-tv-Podcast g\u00f6nnte \u2013 und zwar f\u00fcr \u201es\u00fcffige Trash-TV-Analysen\u201c, \u201eHacks gegen Katzenk\u00f6ttel\u201c und \u201eK\u00fcchenpsychologie\u201c und zwar \u201eam besten knallschotig erz\u00e4hlt\u201c. Eine Kolumne hat [&hellip;]\" \/>\n<meta property=\"og:url\" content=\"https:\/\/www.hoecker.eu\/blog\/vorgeschichte-bewusst-verschwiegen-gericht-verbietet-irrefuehrende-n-tv-kolumne-einer-feministischen-influencerin-ueber-comedian-udo-boenstrup\/\" \/>\n<meta property=\"og:site_name\" content=\"H\u00d6CKER - der Blog\" \/>\n<meta property=\"article:publisher\" content=\"https:\/\/www.facebook.com\/HoeckerRAe\/\" \/>\n<meta property=\"article:author\" content=\"https:\/\/www.facebook.com\/ralf.hoecker\" \/>\n<meta property=\"article:published_time\" content=\"2020-12-30T18:13:00+00:00\" \/>\n<meta property=\"article:modified_time\" content=\"2025-02-17T13:54:41+00:00\" \/>\n<meta name=\"author\" content=\"Prof. Dr. Ralf H\u00f6cker\" \/>\n<meta name=\"twitter:card\" content=\"summary_large_image\" \/>\n<meta name=\"twitter:creator\" content=\"@Ralf_Hoecker\" \/>\n<meta name=\"twitter:site\" content=\"@hoecker_rae\" \/>\n<meta name=\"twitter:label1\" content=\"Verfasst von\" \/>\n\t<meta name=\"twitter:data1\" content=\"Prof. Dr. Ralf H\u00f6cker\" \/>\n\t<meta name=\"twitter:label2\" content=\"Gesch\u00e4tzte Lesezeit\" \/>\n\t<meta name=\"twitter:data2\" content=\"3\u00a0Minuten\" \/>\n<script type=\"application\/ld+json\" class=\"yoast-schema-graph\">{\"@context\":\"https:\/\/schema.org\",\"@graph\":[{\"@type\":\"Article\",\"@id\":\"https:\/\/www.hoecker.eu\/blog\/vorgeschichte-bewusst-verschwiegen-gericht-verbietet-irrefuehrende-n-tv-kolumne-einer-feministischen-influencerin-ueber-comedian-udo-boenstrup\/#article\",\"isPartOf\":{\"@id\":\"https:\/\/www.hoecker.eu\/blog\/vorgeschichte-bewusst-verschwiegen-gericht-verbietet-irrefuehrende-n-tv-kolumne-einer-feministischen-influencerin-ueber-comedian-udo-boenstrup\/\"},\"author\":{\"name\":\"Prof. Dr. Ralf H\u00f6cker\",\"@id\":\"https:\/\/www.hoecker.eu\/blog\/#\/schema\/person\/08f95581eed0534eccd0b2438f7a1cab\"},\"headline\":\"Vorgeschichte bewusst verschwiegen: Gericht verbietet irref\u00fchrende n-tv-Kolumne einer feministischen \u201eInfluencerin\u201c \u00fcber Comedian \u201eUdo B\u00f6nstrup\u201c\",\"datePublished\":\"2020-12-30T18:13:00+00:00\",\"dateModified\":\"2025-02-17T13:54:41+00:00\",\"mainEntityOfPage\":{\"@id\":\"https:\/\/www.hoecker.eu\/blog\/vorgeschichte-bewusst-verschwiegen-gericht-verbietet-irrefuehrende-n-tv-kolumne-einer-feministischen-influencerin-ueber-comedian-udo-boenstrup\/\"},\"wordCount\":690,\"publisher\":{\"@id\":\"https:\/\/www.hoecker.eu\/blog\/#organization\"},\"articleSection\":[\"News\"],\"inLanguage\":\"de\"},{\"@type\":\"WebPage\",\"@id\":\"https:\/\/www.hoecker.eu\/blog\/vorgeschichte-bewusst-verschwiegen-gericht-verbietet-irrefuehrende-n-tv-kolumne-einer-feministischen-influencerin-ueber-comedian-udo-boenstrup\/\",\"url\":\"https:\/\/www.hoecker.eu\/blog\/vorgeschichte-bewusst-verschwiegen-gericht-verbietet-irrefuehrende-n-tv-kolumne-einer-feministischen-influencerin-ueber-comedian-udo-boenstrup\/\",\"name\":\"Vorgeschichte bewusst verschwiegen: Gericht verbietet irref\u00fchrende n-tv-Kolumne einer feministischen \u201eInfluencerin\u201c \u00fcber Comedian \u201eUdo B\u00f6nstrup\u201c - H\u00d6CKER - der Blog\",\"isPartOf\":{\"@id\":\"https:\/\/www.hoecker.eu\/blog\/#website\"},\"datePublished\":\"2020-12-30T18:13:00+00:00\",\"dateModified\":\"2025-02-17T13:54:41+00:00\",\"breadcrumb\":{\"@id\":\"https:\/\/www.hoecker.eu\/blog\/vorgeschichte-bewusst-verschwiegen-gericht-verbietet-irrefuehrende-n-tv-kolumne-einer-feministischen-influencerin-ueber-comedian-udo-boenstrup\/#breadcrumb\"},\"inLanguage\":\"de\",\"potentialAction\":[{\"@type\":\"ReadAction\",\"target\":[\"https:\/\/www.hoecker.eu\/blog\/vorgeschichte-bewusst-verschwiegen-gericht-verbietet-irrefuehrende-n-tv-kolumne-einer-feministischen-influencerin-ueber-comedian-udo-boenstrup\/\"]}]},{\"@type\":\"BreadcrumbList\",\"@id\":\"https:\/\/www.hoecker.eu\/blog\/vorgeschichte-bewusst-verschwiegen-gericht-verbietet-irrefuehrende-n-tv-kolumne-einer-feministischen-influencerin-ueber-comedian-udo-boenstrup\/#breadcrumb\",\"itemListElement\":[{\"@type\":\"ListItem\",\"position\":1,\"name\":\"Startseite\",\"item\":\"https:\/\/dev.hoecker.eu\/blog\/\"},{\"@type\":\"ListItem\",\"position\":2,\"name\":\"Vorgeschichte bewusst verschwiegen: Gericht verbietet irref\u00fchrende n-tv-Kolumne einer feministischen \u201eInfluencerin\u201c \u00fcber Comedian \u201eUdo B\u00f6nstrup\u201c\"}]},{\"@type\":\"WebSite\",\"@id\":\"https:\/\/www.hoecker.eu\/blog\/#website\",\"url\":\"https:\/\/www.hoecker.eu\/blog\/\",\"name\":\"H\u00d6CKER - der Blog\",\"description\":\"Expertenblog f\u00fcr \u00c4u\u00dferungs-, Medien-, Marken-, Urheber- und Wettbewerbsrecht.\",\"publisher\":{\"@id\":\"https:\/\/www.hoecker.eu\/blog\/#organization\"},\"potentialAction\":[{\"@type\":\"SearchAction\",\"target\":{\"@type\":\"EntryPoint\",\"urlTemplate\":\"https:\/\/www.hoecker.eu\/blog\/?s={search_term_string}\"},\"query-input\":{\"@type\":\"PropertyValueSpecification\",\"valueRequired\":true,\"valueName\":\"search_term_string\"}}],\"inLanguage\":\"de\"},{\"@type\":\"Organization\",\"@id\":\"https:\/\/www.hoecker.eu\/blog\/#organization\",\"name\":\"H\u00d6CKER Rechtsanw\u00e4lte PartGmbB\",\"alternateName\":\"H\u00d6CKER\",\"url\":\"https:\/\/www.hoecker.eu\/blog\/\",\"logo\":{\"@type\":\"ImageObject\",\"inLanguage\":\"de\",\"@id\":\"https:\/\/www.hoecker.eu\/blog\/#\/schema\/logo\/image\/\",\"url\":\"https:\/\/www.hoecker.eu\/blog\/wp-content\/uploads\/2025\/03\/Blog-Logo.webp\",\"contentUrl\":\"https:\/\/www.hoecker.eu\/blog\/wp-content\/uploads\/2025\/03\/Blog-Logo.webp\",\"width\":500,\"height\":500,\"caption\":\"H\u00d6CKER Rechtsanw\u00e4lte PartGmbB\"},\"image\":{\"@id\":\"https:\/\/www.hoecker.eu\/blog\/#\/schema\/logo\/image\/\"},\"sameAs\":[\"https:\/\/www.facebook.com\/HoeckerRAe\/\",\"https:\/\/x.com\/hoecker_rae\",\"https:\/\/www.linkedin.com\/company\/hcker-rechtsanwlte\/\",\"https:\/\/www.instagram.com\/hoecker_rae\/\"],\"email\":\"contact@hoecker.eu\",\"telephone\":\"+ 49 (0)221-933 19-10\",\"legalName\":\"H\u00d6CKER Rechtsanw\u00e4lte PartGmbB\",\"numberOfEmployees\":{\"@type\":\"QuantitativeValue\",\"minValue\":\"11\",\"maxValue\":\"50\"}},{\"@type\":\"Person\",\"@id\":\"https:\/\/www.hoecker.eu\/blog\/#\/schema\/person\/08f95581eed0534eccd0b2438f7a1cab\",\"name\":\"Prof. Dr. Ralf H\u00f6cker\",\"description\":\"Medienanwalt. Besch\u00fctzer vor mieser Presse\",\"sameAs\":[\"https:\/\/www.hoecker.eu\/wer\/prof-dr-ralf-hoecker\",\"https:\/\/www.facebook.com\/ralf.hoecker\",\"https:\/\/www.linkedin.com\/in\/prof-dr-ralf-hcker-ll-m-london-17987826\/\",\"https:\/\/x.com\/Ralf_Hoecker\"],\"url\":\"https:\/\/www.hoecker.eu\/blog\/author\/hoecker_adm\/\"}]}<\/script>\n<!-- \/ Yoast SEO Premium plugin. -->","yoast_head_json":{"title":"Vorgeschichte bewusst verschwiegen: Gericht verbietet irref\u00fchrende n-tv-Kolumne einer feministischen \u201eInfluencerin\u201c \u00fcber Comedian \u201eUdo B\u00f6nstrup\u201c - H\u00d6CKER - der Blog","robots":{"index":"index","follow":"follow","max-snippet":"max-snippet:-1","max-image-preview":"max-image-preview:large","max-video-preview":"max-video-preview:-1"},"canonical":"https:\/\/www.hoecker.eu\/blog\/vorgeschichte-bewusst-verschwiegen-gericht-verbietet-irrefuehrende-n-tv-kolumne-einer-feministischen-influencerin-ueber-comedian-udo-boenstrup\/","og_locale":"de_DE","og_type":"article","og_title":"Vorgeschichte bewusst verschwiegen: Gericht verbietet irref\u00fchrende n-tv-Kolumne einer feministischen \u201eInfluencerin\u201c \u00fcber Comedian \u201eUdo B\u00f6nstrup\u201c","og_description":"Medien m\u00fcssen mit der Zeit gehen. Vielleicht dachte sich Tanit Koch das, als sie mit gro\u00dfen Ambitionen als n-tv-Gesch\u00e4ftsf\u00fchrerin antrat und der auf Instagram etwas bekannten feministischen Influencerin Verena M. Dittrich einen eigenen n-tv-Podcast g\u00f6nnte \u2013 und zwar f\u00fcr \u201es\u00fcffige Trash-TV-Analysen\u201c, \u201eHacks gegen Katzenk\u00f6ttel\u201c und \u201eK\u00fcchenpsychologie\u201c und zwar \u201eam besten knallschotig erz\u00e4hlt\u201c. Eine Kolumne hat [&hellip;]","og_url":"https:\/\/www.hoecker.eu\/blog\/vorgeschichte-bewusst-verschwiegen-gericht-verbietet-irrefuehrende-n-tv-kolumne-einer-feministischen-influencerin-ueber-comedian-udo-boenstrup\/","og_site_name":"H\u00d6CKER - der Blog","article_publisher":"https:\/\/www.facebook.com\/HoeckerRAe\/","article_author":"https:\/\/www.facebook.com\/ralf.hoecker","article_published_time":"2020-12-30T18:13:00+00:00","article_modified_time":"2025-02-17T13:54:41+00:00","author":"Prof. Dr. Ralf H\u00f6cker","twitter_card":"summary_large_image","twitter_creator":"@Ralf_Hoecker","twitter_site":"@hoecker_rae","twitter_misc":{"Verfasst von":"Prof. Dr. Ralf H\u00f6cker","Gesch\u00e4tzte Lesezeit":"3\u00a0Minuten"},"schema":{"@context":"https:\/\/schema.org","@graph":[{"@type":"Article","@id":"https:\/\/www.hoecker.eu\/blog\/vorgeschichte-bewusst-verschwiegen-gericht-verbietet-irrefuehrende-n-tv-kolumne-einer-feministischen-influencerin-ueber-comedian-udo-boenstrup\/#article","isPartOf":{"@id":"https:\/\/www.hoecker.eu\/blog\/vorgeschichte-bewusst-verschwiegen-gericht-verbietet-irrefuehrende-n-tv-kolumne-einer-feministischen-influencerin-ueber-comedian-udo-boenstrup\/"},"author":{"name":"Prof. Dr. Ralf H\u00f6cker","@id":"https:\/\/www.hoecker.eu\/blog\/#\/schema\/person\/08f95581eed0534eccd0b2438f7a1cab"},"headline":"Vorgeschichte bewusst verschwiegen: Gericht verbietet irref\u00fchrende n-tv-Kolumne einer feministischen \u201eInfluencerin\u201c \u00fcber Comedian \u201eUdo B\u00f6nstrup\u201c","datePublished":"2020-12-30T18:13:00+00:00","dateModified":"2025-02-17T13:54:41+00:00","mainEntityOfPage":{"@id":"https:\/\/www.hoecker.eu\/blog\/vorgeschichte-bewusst-verschwiegen-gericht-verbietet-irrefuehrende-n-tv-kolumne-einer-feministischen-influencerin-ueber-comedian-udo-boenstrup\/"},"wordCount":690,"publisher":{"@id":"https:\/\/www.hoecker.eu\/blog\/#organization"},"articleSection":["News"],"inLanguage":"de"},{"@type":"WebPage","@id":"https:\/\/www.hoecker.eu\/blog\/vorgeschichte-bewusst-verschwiegen-gericht-verbietet-irrefuehrende-n-tv-kolumne-einer-feministischen-influencerin-ueber-comedian-udo-boenstrup\/","url":"https:\/\/www.hoecker.eu\/blog\/vorgeschichte-bewusst-verschwiegen-gericht-verbietet-irrefuehrende-n-tv-kolumne-einer-feministischen-influencerin-ueber-comedian-udo-boenstrup\/","name":"Vorgeschichte bewusst verschwiegen: Gericht verbietet irref\u00fchrende n-tv-Kolumne einer feministischen \u201eInfluencerin\u201c \u00fcber Comedian \u201eUdo B\u00f6nstrup\u201c - H\u00d6CKER - der Blog","isPartOf":{"@id":"https:\/\/www.hoecker.eu\/blog\/#website"},"datePublished":"2020-12-30T18:13:00+00:00","dateModified":"2025-02-17T13:54:41+00:00","breadcrumb":{"@id":"https:\/\/www.hoecker.eu\/blog\/vorgeschichte-bewusst-verschwiegen-gericht-verbietet-irrefuehrende-n-tv-kolumne-einer-feministischen-influencerin-ueber-comedian-udo-boenstrup\/#breadcrumb"},"inLanguage":"de","potentialAction":[{"@type":"ReadAction","target":["https:\/\/www.hoecker.eu\/blog\/vorgeschichte-bewusst-verschwiegen-gericht-verbietet-irrefuehrende-n-tv-kolumne-einer-feministischen-influencerin-ueber-comedian-udo-boenstrup\/"]}]},{"@type":"BreadcrumbList","@id":"https:\/\/www.hoecker.eu\/blog\/vorgeschichte-bewusst-verschwiegen-gericht-verbietet-irrefuehrende-n-tv-kolumne-einer-feministischen-influencerin-ueber-comedian-udo-boenstrup\/#breadcrumb","itemListElement":[{"@type":"ListItem","position":1,"name":"Startseite","item":"https:\/\/dev.hoecker.eu\/blog\/"},{"@type":"ListItem","position":2,"name":"Vorgeschichte bewusst verschwiegen: Gericht verbietet irref\u00fchrende n-tv-Kolumne einer feministischen \u201eInfluencerin\u201c \u00fcber Comedian \u201eUdo B\u00f6nstrup\u201c"}]},{"@type":"WebSite","@id":"https:\/\/www.hoecker.eu\/blog\/#website","url":"https:\/\/www.hoecker.eu\/blog\/","name":"H\u00d6CKER - der Blog","description":"Expertenblog f\u00fcr \u00c4u\u00dferungs-, Medien-, Marken-, Urheber- und Wettbewerbsrecht.","publisher":{"@id":"https:\/\/www.hoecker.eu\/blog\/#organization"},"potentialAction":[{"@type":"SearchAction","target":{"@type":"EntryPoint","urlTemplate":"https:\/\/www.hoecker.eu\/blog\/?s={search_term_string}"},"query-input":{"@type":"PropertyValueSpecification","valueRequired":true,"valueName":"search_term_string"}}],"inLanguage":"de"},{"@type":"Organization","@id":"https:\/\/www.hoecker.eu\/blog\/#organization","name":"H\u00d6CKER Rechtsanw\u00e4lte PartGmbB","alternateName":"H\u00d6CKER","url":"https:\/\/www.hoecker.eu\/blog\/","logo":{"@type":"ImageObject","inLanguage":"de","@id":"https:\/\/www.hoecker.eu\/blog\/#\/schema\/logo\/image\/","url":"https:\/\/www.hoecker.eu\/blog\/wp-content\/uploads\/2025\/03\/Blog-Logo.webp","contentUrl":"https:\/\/www.hoecker.eu\/blog\/wp-content\/uploads\/2025\/03\/Blog-Logo.webp","width":500,"height":500,"caption":"H\u00d6CKER Rechtsanw\u00e4lte PartGmbB"},"image":{"@id":"https:\/\/www.hoecker.eu\/blog\/#\/schema\/logo\/image\/"},"sameAs":["https:\/\/www.facebook.com\/HoeckerRAe\/","https:\/\/x.com\/hoecker_rae","https:\/\/www.linkedin.com\/company\/hcker-rechtsanwlte\/","https:\/\/www.instagram.com\/hoecker_rae\/"],"email":"contact@hoecker.eu","telephone":"+ 49 (0)221-933 19-10","legalName":"H\u00d6CKER Rechtsanw\u00e4lte PartGmbB","numberOfEmployees":{"@type":"QuantitativeValue","minValue":"11","maxValue":"50"}},{"@type":"Person","@id":"https:\/\/www.hoecker.eu\/blog\/#\/schema\/person\/08f95581eed0534eccd0b2438f7a1cab","name":"Prof. Dr. Ralf H\u00f6cker","description":"Medienanwalt. Besch\u00fctzer vor mieser Presse","sameAs":["https:\/\/www.hoecker.eu\/wer\/prof-dr-ralf-hoecker","https:\/\/www.facebook.com\/ralf.hoecker","https:\/\/www.linkedin.com\/in\/prof-dr-ralf-hcker-ll-m-london-17987826\/","https:\/\/x.com\/Ralf_Hoecker"],"url":"https:\/\/www.hoecker.eu\/blog\/author\/hoecker_adm\/"}]}},"authors":[{"term_id":84,"user_id":1,"is_guest":0,"slug":"hoecker_adm","display_name":"Prof. Dr. Ralf H\u00f6cker","avatar_url":{"url":"https:\/\/www.hoecker.eu\/blog\/wp-content\/uploads\/2023\/12\/ProfDrRalfHoecker.jpg","url2x":"https:\/\/www.hoecker.eu\/blog\/wp-content\/uploads\/2023\/12\/ProfDrRalfHoecker.jpg"},"0":null,"1":"","2":"","3":"","4":"","5":"","6":"","7":"","8":"","9":"","10":"","11":""}],"_links":{"self":[{"href":"https:\/\/www.hoecker.eu\/blog\/wp-json\/wp\/v2\/posts\/8263","targetHints":{"allow":["GET"]}}],"collection":[{"href":"https:\/\/www.hoecker.eu\/blog\/wp-json\/wp\/v2\/posts"}],"about":[{"href":"https:\/\/www.hoecker.eu\/blog\/wp-json\/wp\/v2\/types\/post"}],"author":[{"embeddable":true,"href":"https:\/\/www.hoecker.eu\/blog\/wp-json\/wp\/v2\/users\/1"}],"replies":[{"embeddable":true,"href":"https:\/\/www.hoecker.eu\/blog\/wp-json\/wp\/v2\/comments?post=8263"}],"version-history":[{"count":1,"href":"https:\/\/www.hoecker.eu\/blog\/wp-json\/wp\/v2\/posts\/8263\/revisions"}],"predecessor-version":[{"id":9385,"href":"https:\/\/www.hoecker.eu\/blog\/wp-json\/wp\/v2\/posts\/8263\/revisions\/9385"}],"wp:attachment":[{"href":"https:\/\/www.hoecker.eu\/blog\/wp-json\/wp\/v2\/media?parent=8263"}],"wp:term":[{"taxonomy":"category","embeddable":true,"href":"https:\/\/www.hoecker.eu\/blog\/wp-json\/wp\/v2\/categories?post=8263"},{"taxonomy":"post_tag","embeddable":true,"href":"https:\/\/www.hoecker.eu\/blog\/wp-json\/wp\/v2\/tags?post=8263"},{"taxonomy":"hashtags","embeddable":true,"href":"https:\/\/www.hoecker.eu\/blog\/wp-json\/wp\/v2\/hashtags?post=8263"},{"taxonomy":"author","embeddable":true,"href":"https:\/\/www.hoecker.eu\/blog\/wp-json\/wp\/v2\/ppma_author?post=8263"}],"curies":[{"name":"wp","href":"https:\/\/api.w.org\/{rel}","templated":true}]}}