{"id":8261,"date":"2021-01-11T14:48:00","date_gmt":"2021-01-11T13:48:00","guid":{"rendered":"https:\/\/www.hoecker.eu\/blog\/focus-distanziert-sich-von-bericht-ueber-den-repraesentanten-der-regionalregierung-kurdistan-irak\/"},"modified":"2025-02-17T14:54:40","modified_gmt":"2025-02-17T13:54:40","slug":"focus-distanziert-sich-von-bericht-ueber-den-repraesentanten-der-regionalregierung-kurdistan-irak","status":"publish","type":"post","link":"https:\/\/www.hoecker.eu\/blog\/focus-distanziert-sich-von-bericht-ueber-den-repraesentanten-der-regionalregierung-kurdistan-irak\/","title":{"rendered":"Focus distanziert sich von Bericht \u00fcber den Repr\u00e4sentanten der Regionalregierung Kurdistan-Irak"},"content":{"rendered":"<p>Der Repr\u00e4sentant der Regionalregierung Kurdistan-Irak und der Demokratischen Partei Kurdistans, Dilshad Barzani, hat sich, vertreten durch H\u00d6CKER, mit dem Magazin FOCUS im Streit \u00fcber den Beitrag \u201eDer unheimliche Freund\u201c vom 25. Januar 2020 geeinigt. Der Focus ver\u00f6ffentlichte dazu in der Ausgabe vom 9. Januar 2021 auf Seite 37 eine Erkl\u00e4rung.<\/p>\n<p>Darin hei\u00dft es unter der \u00dcberschrift <strong>\u201e<\/strong><strong><em>Focus Artikel erweckte falschen Eindruck<\/em><\/strong>\u201c unter anderem:<\/p>\n<blockquote><p><em>\u201eDurch den Artikel konnte leicht der falsche Eindruck entstehen, dass gegen Dilshad Barzani wegen Korruption, Geldw\u00e4sche und anderer Delikte ermittelt wird, er versucht habe, vermeintlich unliebsame Ermittler oder Oppositionelle aus dem Weg zu r\u00e4umen und er aufgrund der guten Kontakte der Familie Barzani zum Sicherheitsapparat Ermittlungen bewusst verz\u00f6gert oder erschwert habe. Der dargestellte Eindruck ist irref\u00fchrend und auch falsch. Die dahin gehenden Angaben einer Quelle, die mit dem FOCUS gesprochen hat, sind unzutreffend. Aus diesem Grund hat FOCUS zwei einstweilige Verf\u00fcgungen des Landgerichts Berlin, durch die die Wiederholung dieser und weiterer Aussagen des Artikels verboten wurde, akzeptiert und den Artikel gesperrt.\u201c<br \/><\/em><\/p><\/blockquote>\n<figure><img decoding=\"async\" src=\"{asset:21114:transform:thumb||https:\/\/hoecker.eu\/assets\/img\/_thumb\/Focus_falscher-Eindruck.jpg}\" alt=\"Focus_falscher Eindruck\" \/><\/figure>\n<p><strong><a href=\"{asset:21114@1:url||https:\/\/hoecker.eu\/assets\/img\/Focus_falscher-Eindruck.jpg}\" target=\"_blank\" rel=\"noreferrer noopener\">Focus falscher Eindruck<\/a><br \/><\/strong><\/p>\n","protected":false},"excerpt":{"rendered":"<p>Der Repr\u00e4sentant der Regionalregierung Kurdistan-Irak und der Demokratischen Partei Kurdistans, Dilshad Barzani, hat sich, vertreten durch H\u00d6CKER, mit dem Magazin FOCUS im Streit \u00fcber den Beitrag \u201eDer unheimliche Freund\u201c vom 25. Januar 2020 geeinigt. Der Focus ver\u00f6ffentlichte dazu in der Ausgabe vom 9. Januar 2021 auf Seite 37 eine Erkl\u00e4rung. Darin hei\u00dft es unter der [&hellip;]<\/p>\n","protected":false},"author":1,"featured_media":0,"comment_status":"closed","ping_status":"closed","sticky":false,"template":"","format":"standard","meta":{"_has_post_settings":[],"footnotes":""},"categories":[15],"tags":[],"hashtags":[],"ppma_author":[84],"class_list":["post-8261","post","type-post","status-publish","format-standard","hentry","category-news","author-hoecker_adm"],"yoast_head":"<!-- This site is optimized with the Yoast SEO Premium plugin v25.9 (Yoast SEO v27.0) - https:\/\/yoast.com\/product\/yoast-seo-premium-wordpress\/ -->\n<title>Focus distanziert sich von Bericht \u00fcber den Repr\u00e4sentanten der Regionalregierung Kurdistan-Irak - H\u00d6CKER - der Blog<\/title>\n<meta name=\"robots\" content=\"index, follow, max-snippet:-1, max-image-preview:large, max-video-preview:-1\" \/>\n<link rel=\"canonical\" href=\"https:\/\/www.hoecker.eu\/blog\/focus-distanziert-sich-von-bericht-ueber-den-repraesentanten-der-regionalregierung-kurdistan-irak\/\" \/>\n<meta property=\"og:locale\" content=\"de_DE\" \/>\n<meta property=\"og:type\" content=\"article\" \/>\n<meta property=\"og:title\" content=\"Focus distanziert sich von Bericht \u00fcber den Repr\u00e4sentanten der Regionalregierung Kurdistan-Irak\" \/>\n<meta property=\"og:description\" content=\"Der Repr\u00e4sentant der Regionalregierung Kurdistan-Irak und der Demokratischen Partei Kurdistans, Dilshad Barzani, hat sich, vertreten durch H\u00d6CKER, mit dem Magazin FOCUS im Streit \u00fcber den Beitrag \u201eDer unheimliche Freund\u201c vom 25. Januar 2020 geeinigt. Der Focus ver\u00f6ffentlichte dazu in der Ausgabe vom 9. Januar 2021 auf Seite 37 eine Erkl\u00e4rung. Darin hei\u00dft es unter der [&hellip;]\" \/>\n<meta property=\"og:url\" content=\"https:\/\/www.hoecker.eu\/blog\/focus-distanziert-sich-von-bericht-ueber-den-repraesentanten-der-regionalregierung-kurdistan-irak\/\" \/>\n<meta property=\"og:site_name\" content=\"H\u00d6CKER - der Blog\" \/>\n<meta property=\"article:publisher\" content=\"https:\/\/www.facebook.com\/HoeckerRAe\/\" \/>\n<meta property=\"article:author\" content=\"https:\/\/www.facebook.com\/ralf.hoecker\" \/>\n<meta property=\"article:published_time\" content=\"2021-01-11T13:48:00+00:00\" \/>\n<meta property=\"article:modified_time\" content=\"2025-02-17T13:54:40+00:00\" \/>\n<meta name=\"author\" content=\"Prof. Dr. Ralf H\u00f6cker\" \/>\n<meta name=\"twitter:card\" content=\"summary_large_image\" \/>\n<meta name=\"twitter:creator\" content=\"@Ralf_Hoecker\" \/>\n<meta name=\"twitter:site\" content=\"@hoecker_rae\" \/>\n<meta name=\"twitter:label1\" content=\"Verfasst von\" \/>\n\t<meta name=\"twitter:data1\" content=\"Prof. Dr. Ralf H\u00f6cker\" \/>\n\t<meta name=\"twitter:label2\" content=\"Gesch\u00e4tzte Lesezeit\" \/>\n\t<meta name=\"twitter:data2\" content=\"1\u00a0Minute\" \/>\n<script type=\"application\/ld+json\" class=\"yoast-schema-graph\">{\"@context\":\"https:\/\/schema.org\",\"@graph\":[{\"@type\":\"Article\",\"@id\":\"https:\/\/www.hoecker.eu\/blog\/focus-distanziert-sich-von-bericht-ueber-den-repraesentanten-der-regionalregierung-kurdistan-irak\/#article\",\"isPartOf\":{\"@id\":\"https:\/\/www.hoecker.eu\/blog\/focus-distanziert-sich-von-bericht-ueber-den-repraesentanten-der-regionalregierung-kurdistan-irak\/\"},\"author\":{\"name\":\"Prof. Dr. Ralf H\u00f6cker\",\"@id\":\"https:\/\/www.hoecker.eu\/blog\/#\/schema\/person\/08f95581eed0534eccd0b2438f7a1cab\"},\"headline\":\"Focus distanziert sich von Bericht \u00fcber den Repr\u00e4sentanten der Regionalregierung Kurdistan-Irak\",\"datePublished\":\"2021-01-11T13:48:00+00:00\",\"dateModified\":\"2025-02-17T13:54:40+00:00\",\"mainEntityOfPage\":{\"@id\":\"https:\/\/www.hoecker.eu\/blog\/focus-distanziert-sich-von-bericht-ueber-den-repraesentanten-der-regionalregierung-kurdistan-irak\/\"},\"wordCount\":184,\"publisher\":{\"@id\":\"https:\/\/www.hoecker.eu\/blog\/#organization\"},\"articleSection\":[\"News\"],\"inLanguage\":\"de\"},{\"@type\":\"WebPage\",\"@id\":\"https:\/\/www.hoecker.eu\/blog\/focus-distanziert-sich-von-bericht-ueber-den-repraesentanten-der-regionalregierung-kurdistan-irak\/\",\"url\":\"https:\/\/www.hoecker.eu\/blog\/focus-distanziert-sich-von-bericht-ueber-den-repraesentanten-der-regionalregierung-kurdistan-irak\/\",\"name\":\"Focus distanziert sich von Bericht \u00fcber den Repr\u00e4sentanten der Regionalregierung Kurdistan-Irak - H\u00d6CKER - der Blog\",\"isPartOf\":{\"@id\":\"https:\/\/www.hoecker.eu\/blog\/#website\"},\"datePublished\":\"2021-01-11T13:48:00+00:00\",\"dateModified\":\"2025-02-17T13:54:40+00:00\",\"breadcrumb\":{\"@id\":\"https:\/\/www.hoecker.eu\/blog\/focus-distanziert-sich-von-bericht-ueber-den-repraesentanten-der-regionalregierung-kurdistan-irak\/#breadcrumb\"},\"inLanguage\":\"de\",\"potentialAction\":[{\"@type\":\"ReadAction\",\"target\":[\"https:\/\/www.hoecker.eu\/blog\/focus-distanziert-sich-von-bericht-ueber-den-repraesentanten-der-regionalregierung-kurdistan-irak\/\"]}]},{\"@type\":\"BreadcrumbList\",\"@id\":\"https:\/\/www.hoecker.eu\/blog\/focus-distanziert-sich-von-bericht-ueber-den-repraesentanten-der-regionalregierung-kurdistan-irak\/#breadcrumb\",\"itemListElement\":[{\"@type\":\"ListItem\",\"position\":1,\"name\":\"Startseite\",\"item\":\"https:\/\/dev.hoecker.eu\/blog\/\"},{\"@type\":\"ListItem\",\"position\":2,\"name\":\"Focus distanziert sich von Bericht \u00fcber den Repr\u00e4sentanten der Regionalregierung Kurdistan-Irak\"}]},{\"@type\":\"WebSite\",\"@id\":\"https:\/\/www.hoecker.eu\/blog\/#website\",\"url\":\"https:\/\/www.hoecker.eu\/blog\/\",\"name\":\"H\u00d6CKER - der Blog\",\"description\":\"Expertenblog f\u00fcr \u00c4u\u00dferungs-, Medien-, Marken-, Urheber- und Wettbewerbsrecht.\",\"publisher\":{\"@id\":\"https:\/\/www.hoecker.eu\/blog\/#organization\"},\"potentialAction\":[{\"@type\":\"SearchAction\",\"target\":{\"@type\":\"EntryPoint\",\"urlTemplate\":\"https:\/\/www.hoecker.eu\/blog\/?s={search_term_string}\"},\"query-input\":{\"@type\":\"PropertyValueSpecification\",\"valueRequired\":true,\"valueName\":\"search_term_string\"}}],\"inLanguage\":\"de\"},{\"@type\":\"Organization\",\"@id\":\"https:\/\/www.hoecker.eu\/blog\/#organization\",\"name\":\"H\u00d6CKER Rechtsanw\u00e4lte PartGmbB\",\"alternateName\":\"H\u00d6CKER\",\"url\":\"https:\/\/www.hoecker.eu\/blog\/\",\"logo\":{\"@type\":\"ImageObject\",\"inLanguage\":\"de\",\"@id\":\"https:\/\/www.hoecker.eu\/blog\/#\/schema\/logo\/image\/\",\"url\":\"https:\/\/www.hoecker.eu\/blog\/wp-content\/uploads\/2025\/03\/Blog-Logo.webp\",\"contentUrl\":\"https:\/\/www.hoecker.eu\/blog\/wp-content\/uploads\/2025\/03\/Blog-Logo.webp\",\"width\":500,\"height\":500,\"caption\":\"H\u00d6CKER Rechtsanw\u00e4lte PartGmbB\"},\"image\":{\"@id\":\"https:\/\/www.hoecker.eu\/blog\/#\/schema\/logo\/image\/\"},\"sameAs\":[\"https:\/\/www.facebook.com\/HoeckerRAe\/\",\"https:\/\/x.com\/hoecker_rae\",\"https:\/\/www.linkedin.com\/company\/hcker-rechtsanwlte\/\",\"https:\/\/www.instagram.com\/hoecker_rae\/\"],\"email\":\"contact@hoecker.eu\",\"telephone\":\"+ 49 (0)221-933 19-10\",\"legalName\":\"H\u00d6CKER Rechtsanw\u00e4lte PartGmbB\",\"numberOfEmployees\":{\"@type\":\"QuantitativeValue\",\"minValue\":\"11\",\"maxValue\":\"50\"}},{\"@type\":\"Person\",\"@id\":\"https:\/\/www.hoecker.eu\/blog\/#\/schema\/person\/08f95581eed0534eccd0b2438f7a1cab\",\"name\":\"Prof. Dr. Ralf H\u00f6cker\",\"description\":\"Medienanwalt. Besch\u00fctzer vor mieser Presse\",\"sameAs\":[\"https:\/\/www.hoecker.eu\/wer\/prof-dr-ralf-hoecker\",\"https:\/\/www.facebook.com\/ralf.hoecker\",\"https:\/\/www.linkedin.com\/in\/prof-dr-ralf-hcker-ll-m-london-17987826\/\",\"https:\/\/x.com\/Ralf_Hoecker\"],\"url\":\"https:\/\/www.hoecker.eu\/blog\/author\/hoecker_adm\/\"}]}<\/script>\n<!-- \/ Yoast SEO Premium plugin. -->","yoast_head_json":{"title":"Focus distanziert sich von Bericht \u00fcber den Repr\u00e4sentanten der Regionalregierung Kurdistan-Irak - H\u00d6CKER - der Blog","robots":{"index":"index","follow":"follow","max-snippet":"max-snippet:-1","max-image-preview":"max-image-preview:large","max-video-preview":"max-video-preview:-1"},"canonical":"https:\/\/www.hoecker.eu\/blog\/focus-distanziert-sich-von-bericht-ueber-den-repraesentanten-der-regionalregierung-kurdistan-irak\/","og_locale":"de_DE","og_type":"article","og_title":"Focus distanziert sich von Bericht \u00fcber den Repr\u00e4sentanten der Regionalregierung Kurdistan-Irak","og_description":"Der Repr\u00e4sentant der Regionalregierung Kurdistan-Irak und der Demokratischen Partei Kurdistans, Dilshad Barzani, hat sich, vertreten durch H\u00d6CKER, mit dem Magazin FOCUS im Streit \u00fcber den Beitrag \u201eDer unheimliche Freund\u201c vom 25. Januar 2020 geeinigt. Der Focus ver\u00f6ffentlichte dazu in der Ausgabe vom 9. Januar 2021 auf Seite 37 eine Erkl\u00e4rung. Darin hei\u00dft es unter der [&hellip;]","og_url":"https:\/\/www.hoecker.eu\/blog\/focus-distanziert-sich-von-bericht-ueber-den-repraesentanten-der-regionalregierung-kurdistan-irak\/","og_site_name":"H\u00d6CKER - der Blog","article_publisher":"https:\/\/www.facebook.com\/HoeckerRAe\/","article_author":"https:\/\/www.facebook.com\/ralf.hoecker","article_published_time":"2021-01-11T13:48:00+00:00","article_modified_time":"2025-02-17T13:54:40+00:00","author":"Prof. Dr. Ralf H\u00f6cker","twitter_card":"summary_large_image","twitter_creator":"@Ralf_Hoecker","twitter_site":"@hoecker_rae","twitter_misc":{"Verfasst von":"Prof. Dr. Ralf H\u00f6cker","Gesch\u00e4tzte Lesezeit":"1\u00a0Minute"},"schema":{"@context":"https:\/\/schema.org","@graph":[{"@type":"Article","@id":"https:\/\/www.hoecker.eu\/blog\/focus-distanziert-sich-von-bericht-ueber-den-repraesentanten-der-regionalregierung-kurdistan-irak\/#article","isPartOf":{"@id":"https:\/\/www.hoecker.eu\/blog\/focus-distanziert-sich-von-bericht-ueber-den-repraesentanten-der-regionalregierung-kurdistan-irak\/"},"author":{"name":"Prof. Dr. Ralf H\u00f6cker","@id":"https:\/\/www.hoecker.eu\/blog\/#\/schema\/person\/08f95581eed0534eccd0b2438f7a1cab"},"headline":"Focus distanziert sich von Bericht \u00fcber den Repr\u00e4sentanten der Regionalregierung Kurdistan-Irak","datePublished":"2021-01-11T13:48:00+00:00","dateModified":"2025-02-17T13:54:40+00:00","mainEntityOfPage":{"@id":"https:\/\/www.hoecker.eu\/blog\/focus-distanziert-sich-von-bericht-ueber-den-repraesentanten-der-regionalregierung-kurdistan-irak\/"},"wordCount":184,"publisher":{"@id":"https:\/\/www.hoecker.eu\/blog\/#organization"},"articleSection":["News"],"inLanguage":"de"},{"@type":"WebPage","@id":"https:\/\/www.hoecker.eu\/blog\/focus-distanziert-sich-von-bericht-ueber-den-repraesentanten-der-regionalregierung-kurdistan-irak\/","url":"https:\/\/www.hoecker.eu\/blog\/focus-distanziert-sich-von-bericht-ueber-den-repraesentanten-der-regionalregierung-kurdistan-irak\/","name":"Focus distanziert sich von Bericht \u00fcber den Repr\u00e4sentanten der Regionalregierung Kurdistan-Irak - H\u00d6CKER - der Blog","isPartOf":{"@id":"https:\/\/www.hoecker.eu\/blog\/#website"},"datePublished":"2021-01-11T13:48:00+00:00","dateModified":"2025-02-17T13:54:40+00:00","breadcrumb":{"@id":"https:\/\/www.hoecker.eu\/blog\/focus-distanziert-sich-von-bericht-ueber-den-repraesentanten-der-regionalregierung-kurdistan-irak\/#breadcrumb"},"inLanguage":"de","potentialAction":[{"@type":"ReadAction","target":["https:\/\/www.hoecker.eu\/blog\/focus-distanziert-sich-von-bericht-ueber-den-repraesentanten-der-regionalregierung-kurdistan-irak\/"]}]},{"@type":"BreadcrumbList","@id":"https:\/\/www.hoecker.eu\/blog\/focus-distanziert-sich-von-bericht-ueber-den-repraesentanten-der-regionalregierung-kurdistan-irak\/#breadcrumb","itemListElement":[{"@type":"ListItem","position":1,"name":"Startseite","item":"https:\/\/dev.hoecker.eu\/blog\/"},{"@type":"ListItem","position":2,"name":"Focus distanziert sich von Bericht \u00fcber den Repr\u00e4sentanten der Regionalregierung Kurdistan-Irak"}]},{"@type":"WebSite","@id":"https:\/\/www.hoecker.eu\/blog\/#website","url":"https:\/\/www.hoecker.eu\/blog\/","name":"H\u00d6CKER - der Blog","description":"Expertenblog f\u00fcr \u00c4u\u00dferungs-, Medien-, Marken-, Urheber- und Wettbewerbsrecht.","publisher":{"@id":"https:\/\/www.hoecker.eu\/blog\/#organization"},"potentialAction":[{"@type":"SearchAction","target":{"@type":"EntryPoint","urlTemplate":"https:\/\/www.hoecker.eu\/blog\/?s={search_term_string}"},"query-input":{"@type":"PropertyValueSpecification","valueRequired":true,"valueName":"search_term_string"}}],"inLanguage":"de"},{"@type":"Organization","@id":"https:\/\/www.hoecker.eu\/blog\/#organization","name":"H\u00d6CKER Rechtsanw\u00e4lte PartGmbB","alternateName":"H\u00d6CKER","url":"https:\/\/www.hoecker.eu\/blog\/","logo":{"@type":"ImageObject","inLanguage":"de","@id":"https:\/\/www.hoecker.eu\/blog\/#\/schema\/logo\/image\/","url":"https:\/\/www.hoecker.eu\/blog\/wp-content\/uploads\/2025\/03\/Blog-Logo.webp","contentUrl":"https:\/\/www.hoecker.eu\/blog\/wp-content\/uploads\/2025\/03\/Blog-Logo.webp","width":500,"height":500,"caption":"H\u00d6CKER Rechtsanw\u00e4lte PartGmbB"},"image":{"@id":"https:\/\/www.hoecker.eu\/blog\/#\/schema\/logo\/image\/"},"sameAs":["https:\/\/www.facebook.com\/HoeckerRAe\/","https:\/\/x.com\/hoecker_rae","https:\/\/www.linkedin.com\/company\/hcker-rechtsanwlte\/","https:\/\/www.instagram.com\/hoecker_rae\/"],"email":"contact@hoecker.eu","telephone":"+ 49 (0)221-933 19-10","legalName":"H\u00d6CKER Rechtsanw\u00e4lte PartGmbB","numberOfEmployees":{"@type":"QuantitativeValue","minValue":"11","maxValue":"50"}},{"@type":"Person","@id":"https:\/\/www.hoecker.eu\/blog\/#\/schema\/person\/08f95581eed0534eccd0b2438f7a1cab","name":"Prof. Dr. Ralf H\u00f6cker","description":"Medienanwalt. Besch\u00fctzer vor mieser Presse","sameAs":["https:\/\/www.hoecker.eu\/wer\/prof-dr-ralf-hoecker","https:\/\/www.facebook.com\/ralf.hoecker","https:\/\/www.linkedin.com\/in\/prof-dr-ralf-hcker-ll-m-london-17987826\/","https:\/\/x.com\/Ralf_Hoecker"],"url":"https:\/\/www.hoecker.eu\/blog\/author\/hoecker_adm\/"}]}},"authors":[{"term_id":84,"user_id":1,"is_guest":0,"slug":"hoecker_adm","display_name":"Prof. Dr. Ralf H\u00f6cker","avatar_url":{"url":"https:\/\/www.hoecker.eu\/blog\/wp-content\/uploads\/2023\/12\/ProfDrRalfHoecker.jpg","url2x":"https:\/\/www.hoecker.eu\/blog\/wp-content\/uploads\/2023\/12\/ProfDrRalfHoecker.jpg"},"0":null,"1":"","2":"","3":"","4":"","5":"","6":"","7":"","8":"","9":"","10":"","11":""}],"_links":{"self":[{"href":"https:\/\/www.hoecker.eu\/blog\/wp-json\/wp\/v2\/posts\/8261","targetHints":{"allow":["GET"]}}],"collection":[{"href":"https:\/\/www.hoecker.eu\/blog\/wp-json\/wp\/v2\/posts"}],"about":[{"href":"https:\/\/www.hoecker.eu\/blog\/wp-json\/wp\/v2\/types\/post"}],"author":[{"embeddable":true,"href":"https:\/\/www.hoecker.eu\/blog\/wp-json\/wp\/v2\/users\/1"}],"replies":[{"embeddable":true,"href":"https:\/\/www.hoecker.eu\/blog\/wp-json\/wp\/v2\/comments?post=8261"}],"version-history":[{"count":1,"href":"https:\/\/www.hoecker.eu\/blog\/wp-json\/wp\/v2\/posts\/8261\/revisions"}],"predecessor-version":[{"id":9383,"href":"https:\/\/www.hoecker.eu\/blog\/wp-json\/wp\/v2\/posts\/8261\/revisions\/9383"}],"wp:attachment":[{"href":"https:\/\/www.hoecker.eu\/blog\/wp-json\/wp\/v2\/media?parent=8261"}],"wp:term":[{"taxonomy":"category","embeddable":true,"href":"https:\/\/www.hoecker.eu\/blog\/wp-json\/wp\/v2\/categories?post=8261"},{"taxonomy":"post_tag","embeddable":true,"href":"https:\/\/www.hoecker.eu\/blog\/wp-json\/wp\/v2\/tags?post=8261"},{"taxonomy":"hashtags","embeddable":true,"href":"https:\/\/www.hoecker.eu\/blog\/wp-json\/wp\/v2\/hashtags?post=8261"},{"taxonomy":"author","embeddable":true,"href":"https:\/\/www.hoecker.eu\/blog\/wp-json\/wp\/v2\/ppma_author?post=8261"}],"curies":[{"name":"wp","href":"https:\/\/api.w.org\/{rel}","templated":true}]}}