{"id":8260,"date":"2021-01-11T15:24:00","date_gmt":"2021-01-11T14:24:00","guid":{"rendered":"https:\/\/www.hoecker.eu\/blog\/grundsatz-sieg-vor-dem-bgh-aerztin-muss-nicht-laenger-als-werbeflaeche-fuer-zahlende-konkurrenten-herhalten\/"},"modified":"2025-02-17T14:54:39","modified_gmt":"2025-02-17T13:54:39","slug":"grundsatz-sieg-vor-dem-bgh-aerztin-muss-nicht-laenger-als-werbeflaeche-fuer-zahlende-konkurrenten-herhalten","status":"publish","type":"post","link":"https:\/\/www.hoecker.eu\/blog\/grundsatz-sieg-vor-dem-bgh-aerztin-muss-nicht-laenger-als-werbeflaeche-fuer-zahlende-konkurrenten-herhalten\/","title":{"rendered":"Grundsatz-Sieg vor dem BGH: \u00c4rztin muss nicht l\u00e4nger als Werbefl\u00e4che f\u00fcr zahlende Konkurrenten herhalten."},"content":{"rendered":"<p \"=\"\">Der Bundesgerichtshof hat mit Urteil vom heutigen Tage entschieden, dass jameda eine von H\u00d6CKER Rechtsanw\u00e4lte vertretene \u00c4rztin nicht l\u00e4nger dergestalt auf dem Portal pr\u00e4sentieren darf, dass auf dem Profil der \u00c4rztin die Profile anderer \u00c4rzte eingeblendet werden, die \u2013 anders als die klagende \u00c4rztin \u2013 ein monatliches Entgelt an jameda daf\u00fcr zahlen, dass sie ihr Profil attraktiver gestalten k\u00f6nnen und jameda von der Einblendung anderer Arztprofile auf ihrem Profil absieht (BGH, Urteil vom 20.02.2018 \u2013 Az. VI ZR 30\/17). Das Gericht folgt damit der Argumentation von H\u00d6CKER Rechtsanw\u00e4lte, wonach es ein Arzt nicht hinnehmen muss, auf einem Bewertungsportal mit einem lieblos gestalteten Basis-Eintrag zwangsverzeichnet zu werden und dabei auch noch als Werbefl\u00e4che f\u00fcr andere, gegen entsprechendes Entgelt deutlich attraktiver pr\u00e4sentierte \u00c4rzte herzuhalten.<\/p>\n<p \"=\"\">Die Entscheidung des BGH ist insoweit bahnbrechend, als der BGH im Jahr 2014 schon einmal \u00fcber die Frage zu entscheiden hatte, inwieweit sich \u00c4rzte Darstellungen ihrer Person speziell auf dem Portal jameda gefallen lassen m\u00fcssen. Damals sah der BGH keinen Grund f\u00fcr Beanstandungen, weil er aus prozessualen Gr\u00fcnden unterstellen musste, dass jameda ein klassisches reines Bewertungsportal sei. Zur Finanzierung von jameda durch sog. \u201ePremium-Pakete\u201c und der damit einhergehenden Ungleichbehandlung von \u00c4rzten hinsichtlich der Profilgestaltung und der Frage, ob auf dem eigenen Profil Werbung f\u00fcr Konkurrenten angezeigt wird, war damals schlicht nicht rechtzeitig vorgetragen worden. Faktisch f\u00fchrte dies dazu, dass \u00c4rzte bislang nur die Wahl hatten, entweder ihre unvorteilhafte Darstellung auf jameda und die damit einhergehende Umleitung interessierter Nutzer auf die Profile zahlender Konkurrenten hinzunehmen oder ihrerseits jeden Monat Geld an jameda zu zahlen, um vorteilhafter pr\u00e4sentiert zu werden und von Werbung auf dem eigenen Profil verschont zu werden. Dieser Praxis hat der BGH nun einen Riegel vorgeschoben.<\/p>\n<p \"=\"\">Rechtsanwalt Dr. Carsten Brennecke und Rechtsanw\u00e4ltin Dr. Anja Wilkat zu der Entscheidung:<\/p>\n<p \"=\"\">\u201eWir freuen uns, dass mit der Schutzgelderpressung seitens jameda nun endlich Schluss ist. Dass sich \u00c4rzte anonyme Bewertungen im Internet gefallen lassen m\u00fcssen, ist schlimm genug. Hierbei auch noch als Werbefl\u00e4che f\u00fcr konkurrierende \u00c4rzte herhalten zu m\u00fcssen, die von jameda gegen entsprechendes Entgelt auf dem Portal vorteilhafter dargestellt werden, kann erst recht niemandem zugemutet werden. Insoweit sind alle \u00c4rzte und Zahn\u00e4rzte Deutschlands aufgerufen, sich nunmehr ihrerseits gegen entsprechende Darstellungen zur Wehr zu setzen.\u201c<\/p>\n<p \"=\"\">Zur Pressemitteilung des BGH geht es <u>hier.<\/u><\/p>\n","protected":false},"excerpt":{"rendered":"<p>Die Entscheidung des BGH ist insoweit bahnbrechend, als der BGH im Jahr 2014 schon einmal \u00fcber die Frage zu entscheiden hatte, inwieweit sich \u00c4rzte Darstellungen ihrer Person speziell auf dem Portal jameda gefallen lassen m\u00fcssen. Damals sah der BGH keinen Grund f\u00fcr Beanstandungen, weil er aus prozessualen Gr\u00fcnden unterstellen musste, dass jameda ein klassisches reines [&hellip;]<\/p>\n","protected":false},"author":1,"featured_media":0,"comment_status":"closed","ping_status":"closed","sticky":false,"template":"","format":"standard","meta":{"_has_post_settings":[],"footnotes":""},"categories":[15],"tags":[],"hashtags":[],"ppma_author":[84],"class_list":["post-8260","post","type-post","status-publish","format-standard","hentry","category-news","author-hoecker_adm"],"yoast_head":"<!-- This site is optimized with the Yoast SEO Premium plugin v25.9 (Yoast SEO v27.0) - https:\/\/yoast.com\/product\/yoast-seo-premium-wordpress\/ -->\n<title>Grundsatz-Sieg vor dem BGH: \u00c4rztin muss nicht l\u00e4nger als Werbefl\u00e4che f\u00fcr zahlende Konkurrenten herhalten. - H\u00d6CKER - der Blog<\/title>\n<meta name=\"robots\" content=\"index, follow, max-snippet:-1, max-image-preview:large, max-video-preview:-1\" \/>\n<link rel=\"canonical\" href=\"https:\/\/www.hoecker.eu\/blog\/grundsatz-sieg-vor-dem-bgh-aerztin-muss-nicht-laenger-als-werbeflaeche-fuer-zahlende-konkurrenten-herhalten\/\" \/>\n<meta property=\"og:locale\" content=\"de_DE\" \/>\n<meta property=\"og:type\" content=\"article\" \/>\n<meta property=\"og:title\" content=\"Grundsatz-Sieg vor dem BGH: \u00c4rztin muss nicht l\u00e4nger als Werbefl\u00e4che f\u00fcr zahlende Konkurrenten herhalten.\" \/>\n<meta property=\"og:description\" content=\"Die Entscheidung des BGH ist insoweit bahnbrechend, als der BGH im Jahr 2014 schon einmal \u00fcber die Frage zu entscheiden hatte, inwieweit sich \u00c4rzte Darstellungen ihrer Person speziell auf dem Portal jameda gefallen lassen m\u00fcssen. Damals sah der BGH keinen Grund f\u00fcr Beanstandungen, weil er aus prozessualen Gr\u00fcnden unterstellen musste, dass jameda ein klassisches reines [&hellip;]\" \/>\n<meta property=\"og:url\" content=\"https:\/\/www.hoecker.eu\/blog\/grundsatz-sieg-vor-dem-bgh-aerztin-muss-nicht-laenger-als-werbeflaeche-fuer-zahlende-konkurrenten-herhalten\/\" \/>\n<meta property=\"og:site_name\" content=\"H\u00d6CKER - der Blog\" \/>\n<meta property=\"article:publisher\" content=\"https:\/\/www.facebook.com\/HoeckerRAe\/\" \/>\n<meta property=\"article:author\" content=\"https:\/\/www.facebook.com\/ralf.hoecker\" \/>\n<meta property=\"article:published_time\" content=\"2021-01-11T14:24:00+00:00\" \/>\n<meta property=\"article:modified_time\" content=\"2025-02-17T13:54:39+00:00\" \/>\n<meta name=\"author\" content=\"Prof. Dr. Ralf H\u00f6cker\" \/>\n<meta name=\"twitter:card\" content=\"summary_large_image\" \/>\n<meta name=\"twitter:creator\" content=\"@Ralf_Hoecker\" \/>\n<meta name=\"twitter:site\" content=\"@hoecker_rae\" \/>\n<meta name=\"twitter:label1\" content=\"Verfasst von\" \/>\n\t<meta name=\"twitter:data1\" content=\"Prof. Dr. Ralf H\u00f6cker\" \/>\n\t<meta name=\"twitter:label2\" content=\"Gesch\u00e4tzte Lesezeit\" \/>\n\t<meta name=\"twitter:data2\" content=\"1\u00a0Minute\" \/>\n<script type=\"application\/ld+json\" class=\"yoast-schema-graph\">{\"@context\":\"https:\/\/schema.org\",\"@graph\":[{\"@type\":\"Article\",\"@id\":\"https:\/\/www.hoecker.eu\/blog\/grundsatz-sieg-vor-dem-bgh-aerztin-muss-nicht-laenger-als-werbeflaeche-fuer-zahlende-konkurrenten-herhalten\/#article\",\"isPartOf\":{\"@id\":\"https:\/\/www.hoecker.eu\/blog\/grundsatz-sieg-vor-dem-bgh-aerztin-muss-nicht-laenger-als-werbeflaeche-fuer-zahlende-konkurrenten-herhalten\/\"},\"author\":{\"name\":\"Prof. Dr. Ralf H\u00f6cker\",\"@id\":\"https:\/\/www.hoecker.eu\/blog\/#\/schema\/person\/08f95581eed0534eccd0b2438f7a1cab\"},\"headline\":\"Grundsatz-Sieg vor dem BGH: \u00c4rztin muss nicht l\u00e4nger als Werbefl\u00e4che f\u00fcr zahlende Konkurrenten herhalten.\",\"datePublished\":\"2021-01-11T14:24:00+00:00\",\"dateModified\":\"2025-02-17T13:54:39+00:00\",\"mainEntityOfPage\":{\"@id\":\"https:\/\/www.hoecker.eu\/blog\/grundsatz-sieg-vor-dem-bgh-aerztin-muss-nicht-laenger-als-werbeflaeche-fuer-zahlende-konkurrenten-herhalten\/\"},\"wordCount\":257,\"publisher\":{\"@id\":\"https:\/\/www.hoecker.eu\/blog\/#organization\"},\"articleSection\":[\"News\"],\"inLanguage\":\"de\"},{\"@type\":\"WebPage\",\"@id\":\"https:\/\/www.hoecker.eu\/blog\/grundsatz-sieg-vor-dem-bgh-aerztin-muss-nicht-laenger-als-werbeflaeche-fuer-zahlende-konkurrenten-herhalten\/\",\"url\":\"https:\/\/www.hoecker.eu\/blog\/grundsatz-sieg-vor-dem-bgh-aerztin-muss-nicht-laenger-als-werbeflaeche-fuer-zahlende-konkurrenten-herhalten\/\",\"name\":\"Grundsatz-Sieg vor dem BGH: \u00c4rztin muss nicht l\u00e4nger als Werbefl\u00e4che f\u00fcr zahlende Konkurrenten herhalten. - H\u00d6CKER - der Blog\",\"isPartOf\":{\"@id\":\"https:\/\/www.hoecker.eu\/blog\/#website\"},\"datePublished\":\"2021-01-11T14:24:00+00:00\",\"dateModified\":\"2025-02-17T13:54:39+00:00\",\"breadcrumb\":{\"@id\":\"https:\/\/www.hoecker.eu\/blog\/grundsatz-sieg-vor-dem-bgh-aerztin-muss-nicht-laenger-als-werbeflaeche-fuer-zahlende-konkurrenten-herhalten\/#breadcrumb\"},\"inLanguage\":\"de\",\"potentialAction\":[{\"@type\":\"ReadAction\",\"target\":[\"https:\/\/www.hoecker.eu\/blog\/grundsatz-sieg-vor-dem-bgh-aerztin-muss-nicht-laenger-als-werbeflaeche-fuer-zahlende-konkurrenten-herhalten\/\"]}]},{\"@type\":\"BreadcrumbList\",\"@id\":\"https:\/\/www.hoecker.eu\/blog\/grundsatz-sieg-vor-dem-bgh-aerztin-muss-nicht-laenger-als-werbeflaeche-fuer-zahlende-konkurrenten-herhalten\/#breadcrumb\",\"itemListElement\":[{\"@type\":\"ListItem\",\"position\":1,\"name\":\"Startseite\",\"item\":\"https:\/\/dev.hoecker.eu\/blog\/\"},{\"@type\":\"ListItem\",\"position\":2,\"name\":\"Grundsatz-Sieg vor dem BGH: \u00c4rztin muss nicht l\u00e4nger als Werbefl\u00e4che f\u00fcr zahlende Konkurrenten herhalten.\"}]},{\"@type\":\"WebSite\",\"@id\":\"https:\/\/www.hoecker.eu\/blog\/#website\",\"url\":\"https:\/\/www.hoecker.eu\/blog\/\",\"name\":\"H\u00d6CKER - der Blog\",\"description\":\"Expertenblog f\u00fcr \u00c4u\u00dferungs-, Medien-, Marken-, Urheber- und Wettbewerbsrecht.\",\"publisher\":{\"@id\":\"https:\/\/www.hoecker.eu\/blog\/#organization\"},\"potentialAction\":[{\"@type\":\"SearchAction\",\"target\":{\"@type\":\"EntryPoint\",\"urlTemplate\":\"https:\/\/www.hoecker.eu\/blog\/?s={search_term_string}\"},\"query-input\":{\"@type\":\"PropertyValueSpecification\",\"valueRequired\":true,\"valueName\":\"search_term_string\"}}],\"inLanguage\":\"de\"},{\"@type\":\"Organization\",\"@id\":\"https:\/\/www.hoecker.eu\/blog\/#organization\",\"name\":\"H\u00d6CKER Rechtsanw\u00e4lte PartGmbB\",\"alternateName\":\"H\u00d6CKER\",\"url\":\"https:\/\/www.hoecker.eu\/blog\/\",\"logo\":{\"@type\":\"ImageObject\",\"inLanguage\":\"de\",\"@id\":\"https:\/\/www.hoecker.eu\/blog\/#\/schema\/logo\/image\/\",\"url\":\"https:\/\/www.hoecker.eu\/blog\/wp-content\/uploads\/2025\/03\/Blog-Logo.webp\",\"contentUrl\":\"https:\/\/www.hoecker.eu\/blog\/wp-content\/uploads\/2025\/03\/Blog-Logo.webp\",\"width\":500,\"height\":500,\"caption\":\"H\u00d6CKER Rechtsanw\u00e4lte PartGmbB\"},\"image\":{\"@id\":\"https:\/\/www.hoecker.eu\/blog\/#\/schema\/logo\/image\/\"},\"sameAs\":[\"https:\/\/www.facebook.com\/HoeckerRAe\/\",\"https:\/\/x.com\/hoecker_rae\",\"https:\/\/www.linkedin.com\/company\/hcker-rechtsanwlte\/\",\"https:\/\/www.instagram.com\/hoecker_rae\/\"],\"email\":\"contact@hoecker.eu\",\"telephone\":\"+ 49 (0)221-933 19-10\",\"legalName\":\"H\u00d6CKER Rechtsanw\u00e4lte PartGmbB\",\"numberOfEmployees\":{\"@type\":\"QuantitativeValue\",\"minValue\":\"11\",\"maxValue\":\"50\"}},{\"@type\":\"Person\",\"@id\":\"https:\/\/www.hoecker.eu\/blog\/#\/schema\/person\/08f95581eed0534eccd0b2438f7a1cab\",\"name\":\"Prof. Dr. Ralf H\u00f6cker\",\"description\":\"Medienanwalt. Besch\u00fctzer vor mieser Presse\",\"sameAs\":[\"https:\/\/www.hoecker.eu\/wer\/prof-dr-ralf-hoecker\",\"https:\/\/www.facebook.com\/ralf.hoecker\",\"https:\/\/www.linkedin.com\/in\/prof-dr-ralf-hcker-ll-m-london-17987826\/\",\"https:\/\/x.com\/Ralf_Hoecker\"],\"url\":\"https:\/\/www.hoecker.eu\/blog\/author\/hoecker_adm\/\"}]}<\/script>\n<!-- \/ Yoast SEO Premium plugin. -->","yoast_head_json":{"title":"Grundsatz-Sieg vor dem BGH: \u00c4rztin muss nicht l\u00e4nger als Werbefl\u00e4che f\u00fcr zahlende Konkurrenten herhalten. - H\u00d6CKER - der Blog","robots":{"index":"index","follow":"follow","max-snippet":"max-snippet:-1","max-image-preview":"max-image-preview:large","max-video-preview":"max-video-preview:-1"},"canonical":"https:\/\/www.hoecker.eu\/blog\/grundsatz-sieg-vor-dem-bgh-aerztin-muss-nicht-laenger-als-werbeflaeche-fuer-zahlende-konkurrenten-herhalten\/","og_locale":"de_DE","og_type":"article","og_title":"Grundsatz-Sieg vor dem BGH: \u00c4rztin muss nicht l\u00e4nger als Werbefl\u00e4che f\u00fcr zahlende Konkurrenten herhalten.","og_description":"Die Entscheidung des BGH ist insoweit bahnbrechend, als der BGH im Jahr 2014 schon einmal \u00fcber die Frage zu entscheiden hatte, inwieweit sich \u00c4rzte Darstellungen ihrer Person speziell auf dem Portal jameda gefallen lassen m\u00fcssen. Damals sah der BGH keinen Grund f\u00fcr Beanstandungen, weil er aus prozessualen Gr\u00fcnden unterstellen musste, dass jameda ein klassisches reines [&hellip;]","og_url":"https:\/\/www.hoecker.eu\/blog\/grundsatz-sieg-vor-dem-bgh-aerztin-muss-nicht-laenger-als-werbeflaeche-fuer-zahlende-konkurrenten-herhalten\/","og_site_name":"H\u00d6CKER - der Blog","article_publisher":"https:\/\/www.facebook.com\/HoeckerRAe\/","article_author":"https:\/\/www.facebook.com\/ralf.hoecker","article_published_time":"2021-01-11T14:24:00+00:00","article_modified_time":"2025-02-17T13:54:39+00:00","author":"Prof. Dr. Ralf H\u00f6cker","twitter_card":"summary_large_image","twitter_creator":"@Ralf_Hoecker","twitter_site":"@hoecker_rae","twitter_misc":{"Verfasst von":"Prof. Dr. Ralf H\u00f6cker","Gesch\u00e4tzte Lesezeit":"1\u00a0Minute"},"schema":{"@context":"https:\/\/schema.org","@graph":[{"@type":"Article","@id":"https:\/\/www.hoecker.eu\/blog\/grundsatz-sieg-vor-dem-bgh-aerztin-muss-nicht-laenger-als-werbeflaeche-fuer-zahlende-konkurrenten-herhalten\/#article","isPartOf":{"@id":"https:\/\/www.hoecker.eu\/blog\/grundsatz-sieg-vor-dem-bgh-aerztin-muss-nicht-laenger-als-werbeflaeche-fuer-zahlende-konkurrenten-herhalten\/"},"author":{"name":"Prof. Dr. Ralf H\u00f6cker","@id":"https:\/\/www.hoecker.eu\/blog\/#\/schema\/person\/08f95581eed0534eccd0b2438f7a1cab"},"headline":"Grundsatz-Sieg vor dem BGH: \u00c4rztin muss nicht l\u00e4nger als Werbefl\u00e4che f\u00fcr zahlende Konkurrenten herhalten.","datePublished":"2021-01-11T14:24:00+00:00","dateModified":"2025-02-17T13:54:39+00:00","mainEntityOfPage":{"@id":"https:\/\/www.hoecker.eu\/blog\/grundsatz-sieg-vor-dem-bgh-aerztin-muss-nicht-laenger-als-werbeflaeche-fuer-zahlende-konkurrenten-herhalten\/"},"wordCount":257,"publisher":{"@id":"https:\/\/www.hoecker.eu\/blog\/#organization"},"articleSection":["News"],"inLanguage":"de"},{"@type":"WebPage","@id":"https:\/\/www.hoecker.eu\/blog\/grundsatz-sieg-vor-dem-bgh-aerztin-muss-nicht-laenger-als-werbeflaeche-fuer-zahlende-konkurrenten-herhalten\/","url":"https:\/\/www.hoecker.eu\/blog\/grundsatz-sieg-vor-dem-bgh-aerztin-muss-nicht-laenger-als-werbeflaeche-fuer-zahlende-konkurrenten-herhalten\/","name":"Grundsatz-Sieg vor dem BGH: \u00c4rztin muss nicht l\u00e4nger als Werbefl\u00e4che f\u00fcr zahlende Konkurrenten herhalten. - H\u00d6CKER - der Blog","isPartOf":{"@id":"https:\/\/www.hoecker.eu\/blog\/#website"},"datePublished":"2021-01-11T14:24:00+00:00","dateModified":"2025-02-17T13:54:39+00:00","breadcrumb":{"@id":"https:\/\/www.hoecker.eu\/blog\/grundsatz-sieg-vor-dem-bgh-aerztin-muss-nicht-laenger-als-werbeflaeche-fuer-zahlende-konkurrenten-herhalten\/#breadcrumb"},"inLanguage":"de","potentialAction":[{"@type":"ReadAction","target":["https:\/\/www.hoecker.eu\/blog\/grundsatz-sieg-vor-dem-bgh-aerztin-muss-nicht-laenger-als-werbeflaeche-fuer-zahlende-konkurrenten-herhalten\/"]}]},{"@type":"BreadcrumbList","@id":"https:\/\/www.hoecker.eu\/blog\/grundsatz-sieg-vor-dem-bgh-aerztin-muss-nicht-laenger-als-werbeflaeche-fuer-zahlende-konkurrenten-herhalten\/#breadcrumb","itemListElement":[{"@type":"ListItem","position":1,"name":"Startseite","item":"https:\/\/dev.hoecker.eu\/blog\/"},{"@type":"ListItem","position":2,"name":"Grundsatz-Sieg vor dem BGH: \u00c4rztin muss nicht l\u00e4nger als Werbefl\u00e4che f\u00fcr zahlende Konkurrenten herhalten."}]},{"@type":"WebSite","@id":"https:\/\/www.hoecker.eu\/blog\/#website","url":"https:\/\/www.hoecker.eu\/blog\/","name":"H\u00d6CKER - der Blog","description":"Expertenblog f\u00fcr \u00c4u\u00dferungs-, Medien-, Marken-, Urheber- und Wettbewerbsrecht.","publisher":{"@id":"https:\/\/www.hoecker.eu\/blog\/#organization"},"potentialAction":[{"@type":"SearchAction","target":{"@type":"EntryPoint","urlTemplate":"https:\/\/www.hoecker.eu\/blog\/?s={search_term_string}"},"query-input":{"@type":"PropertyValueSpecification","valueRequired":true,"valueName":"search_term_string"}}],"inLanguage":"de"},{"@type":"Organization","@id":"https:\/\/www.hoecker.eu\/blog\/#organization","name":"H\u00d6CKER Rechtsanw\u00e4lte PartGmbB","alternateName":"H\u00d6CKER","url":"https:\/\/www.hoecker.eu\/blog\/","logo":{"@type":"ImageObject","inLanguage":"de","@id":"https:\/\/www.hoecker.eu\/blog\/#\/schema\/logo\/image\/","url":"https:\/\/www.hoecker.eu\/blog\/wp-content\/uploads\/2025\/03\/Blog-Logo.webp","contentUrl":"https:\/\/www.hoecker.eu\/blog\/wp-content\/uploads\/2025\/03\/Blog-Logo.webp","width":500,"height":500,"caption":"H\u00d6CKER Rechtsanw\u00e4lte PartGmbB"},"image":{"@id":"https:\/\/www.hoecker.eu\/blog\/#\/schema\/logo\/image\/"},"sameAs":["https:\/\/www.facebook.com\/HoeckerRAe\/","https:\/\/x.com\/hoecker_rae","https:\/\/www.linkedin.com\/company\/hcker-rechtsanwlte\/","https:\/\/www.instagram.com\/hoecker_rae\/"],"email":"contact@hoecker.eu","telephone":"+ 49 (0)221-933 19-10","legalName":"H\u00d6CKER Rechtsanw\u00e4lte PartGmbB","numberOfEmployees":{"@type":"QuantitativeValue","minValue":"11","maxValue":"50"}},{"@type":"Person","@id":"https:\/\/www.hoecker.eu\/blog\/#\/schema\/person\/08f95581eed0534eccd0b2438f7a1cab","name":"Prof. Dr. Ralf H\u00f6cker","description":"Medienanwalt. Besch\u00fctzer vor mieser Presse","sameAs":["https:\/\/www.hoecker.eu\/wer\/prof-dr-ralf-hoecker","https:\/\/www.facebook.com\/ralf.hoecker","https:\/\/www.linkedin.com\/in\/prof-dr-ralf-hcker-ll-m-london-17987826\/","https:\/\/x.com\/Ralf_Hoecker"],"url":"https:\/\/www.hoecker.eu\/blog\/author\/hoecker_adm\/"}]}},"authors":[{"term_id":84,"user_id":1,"is_guest":0,"slug":"hoecker_adm","display_name":"Prof. Dr. Ralf H\u00f6cker","avatar_url":{"url":"https:\/\/www.hoecker.eu\/blog\/wp-content\/uploads\/2023\/12\/ProfDrRalfHoecker.jpg","url2x":"https:\/\/www.hoecker.eu\/blog\/wp-content\/uploads\/2023\/12\/ProfDrRalfHoecker.jpg"},"0":null,"1":"","2":"","3":"","4":"","5":"","6":"","7":"","8":"","9":"","10":"","11":""}],"_links":{"self":[{"href":"https:\/\/www.hoecker.eu\/blog\/wp-json\/wp\/v2\/posts\/8260","targetHints":{"allow":["GET"]}}],"collection":[{"href":"https:\/\/www.hoecker.eu\/blog\/wp-json\/wp\/v2\/posts"}],"about":[{"href":"https:\/\/www.hoecker.eu\/blog\/wp-json\/wp\/v2\/types\/post"}],"author":[{"embeddable":true,"href":"https:\/\/www.hoecker.eu\/blog\/wp-json\/wp\/v2\/users\/1"}],"replies":[{"embeddable":true,"href":"https:\/\/www.hoecker.eu\/blog\/wp-json\/wp\/v2\/comments?post=8260"}],"version-history":[{"count":1,"href":"https:\/\/www.hoecker.eu\/blog\/wp-json\/wp\/v2\/posts\/8260\/revisions"}],"predecessor-version":[{"id":9382,"href":"https:\/\/www.hoecker.eu\/blog\/wp-json\/wp\/v2\/posts\/8260\/revisions\/9382"}],"wp:attachment":[{"href":"https:\/\/www.hoecker.eu\/blog\/wp-json\/wp\/v2\/media?parent=8260"}],"wp:term":[{"taxonomy":"category","embeddable":true,"href":"https:\/\/www.hoecker.eu\/blog\/wp-json\/wp\/v2\/categories?post=8260"},{"taxonomy":"post_tag","embeddable":true,"href":"https:\/\/www.hoecker.eu\/blog\/wp-json\/wp\/v2\/tags?post=8260"},{"taxonomy":"hashtags","embeddable":true,"href":"https:\/\/www.hoecker.eu\/blog\/wp-json\/wp\/v2\/hashtags?post=8260"},{"taxonomy":"author","embeddable":true,"href":"https:\/\/www.hoecker.eu\/blog\/wp-json\/wp\/v2\/ppma_author?post=8260"}],"curies":[{"name":"wp","href":"https:\/\/api.w.org\/{rel}","templated":true}]}}