{"id":8259,"date":"2021-01-19T10:26:00","date_gmt":"2021-01-19T09:26:00","guid":{"rendered":"https:\/\/www.hoecker.eu\/blog\/rechtsverletzung-durch-unerwuenschte-kontaktaufnahme-per-email\/"},"modified":"2025-02-17T14:54:39","modified_gmt":"2025-02-17T13:54:39","slug":"rechtsverletzung-durch-unerwuenschte-kontaktaufnahme-per-email","status":"publish","type":"post","link":"https:\/\/www.hoecker.eu\/blog\/rechtsverletzung-durch-unerwuenschte-kontaktaufnahme-per-email\/","title":{"rendered":"Rechtsverletzung durch unerw\u00fcnschte Kontaktaufnahme per Email"},"content":{"rendered":"<p>Das allgemeine Pers\u00f6nlichkeitsrecht beinhaltet nicht nur das Recht, das zu tun, was man m\u00f6chte, sondern es sch\u00fctzt auch davor, im privaten Lebensbereich in Ruhe gelassen zu werden. Das gilt f\u00fcr eine unerw\u00fcnschte Kontaktaufnahme, wenn sie gegen den ausdr\u00fccklich erkl\u00e4rten Willen des Betroffenen erfolgt &#8211; selbst dann, wenn die Kommunikation frei von ehrverletzenden oder werblichen Inhalten ist. Es kommt auch nicht darauf an, ob durch die Emailzusendung ein Schaden entsteht oder ob der Versender erkl\u00e4rt, dem Empf\u00e4nger inzwischen aus dem Emailverteiler genommen zu haben.<\/p>\n<p>Das Landgericht Frankfurt hat dies in einer einstweiligen Verf\u00fcgung in einem Verfahren gegen den Herausgeber eines in kroatischer Sprache erscheinenden Magazins best\u00e4tigt und sprach dem von H\u00d6CKER vertretenen Antragsteller einen Unterlassungsanspruch zu (Beschl. v. 05.01.2021, Az. 2-03 T 1\/18). Das Amtsgericht hatte den Antrag noch zur\u00fcckgewiesen, weil es in dem Begehren eine unzul\u00e4ssige Vorwegnahme der Hauptsache und zudem keine Eilbed\u00fcrftigkeit gesehen hatte. Beides wurde vom Landgericht anders beurteilt, das die Entscheidung des Amtsgericht auf die sofortige Beschwerde des Antragstellers hin aufhob.<\/p>\n<p>Nach Ansicht der RIchter am Landgericht sei die Wiederholungsgefahr nicht dadurch ausger\u00e4umt, dass die Emailadresse des Antragstellers zwischenzeitlich nicht mehr in dem Mailverteiler enthalten sei. Auch der Umstand, dass das Lesen und L\u00f6schen einer unerw\u00fcnschten Email nur wenige Minuten dauert, sah das Landgericht nicht als relevant an. Vielmehr stelle die Zusendung einer unerw\u00fcnschten Email eine Beeintr\u00e4chtigung der Privatsph\u00e4re dar, die sich auch darauf erstreckt, selbst entscheiden zu k\u00f6nnen, mit welchen Personen und in welchem Umfang man Kontakt aufnimmt. Bei einem eindeutig entgegenstehenden Willen des Empf\u00e4ngers sch\u00fctzt das allgemeine Pers\u00f6nlichkeitsrecht somit vor entsprechenden Bel\u00e4stigungen. Zwischen den Beteiligten war es bereits im Vorfeld dieses Verfahrens zu Spannungen gekommen, woraufhin der Antragsteller aufgefordert hatte, ihm keine Nachrichten mehr zukommen zu lassen.<\/p>\n<p>Das Verfahren hatte sich, nachdem das Amtsgericht den Antrag drei Tage nach Einreichung zur\u00fcckgewiesen hatte, \u00fcber fast drei Jahre beim Landgericht hingezogen. Erst nach Erhebung einer Verz\u00f6gerungsr\u00fcge und Dienstaufsichtsbeschwerde wurde der Beschluss erlassen. Das Gericht begr\u00fcndete die Verz\u00f6gerung unter anderem mit coronabedingten Umst\u00e4nden und einem Dezernatswechsel.<\/p>\n","protected":false},"excerpt":{"rendered":"<p>Das allgemeine Pers\u00f6nlichkeitsrecht beinhaltet nicht nur das Recht, das zu tun, was man m\u00f6chte, sondern es sch\u00fctzt auch davor, im privaten Lebensbereich in Ruhe gelassen zu werden. Das gilt f\u00fcr eine unerw\u00fcnschte Kontaktaufnahme, wenn sie gegen den ausdr\u00fccklich erkl\u00e4rten Willen des Betroffenen erfolgt &#8211; selbst dann, wenn die Kommunikation frei von ehrverletzenden oder werblichen Inhalten [&hellip;]<\/p>\n","protected":false},"author":1,"featured_media":0,"comment_status":"closed","ping_status":"closed","sticky":false,"template":"","format":"standard","meta":{"_has_post_settings":[],"footnotes":""},"categories":[15],"tags":[],"hashtags":[],"ppma_author":[84],"class_list":["post-8259","post","type-post","status-publish","format-standard","hentry","category-news","author-hoecker_adm"],"yoast_head":"<!-- This site is optimized with the Yoast SEO Premium plugin v25.9 (Yoast SEO v27.0) - https:\/\/yoast.com\/product\/yoast-seo-premium-wordpress\/ -->\n<title>Rechtsverletzung durch unerw\u00fcnschte Kontaktaufnahme per Email - H\u00d6CKER - der Blog<\/title>\n<meta name=\"robots\" content=\"index, follow, max-snippet:-1, max-image-preview:large, max-video-preview:-1\" \/>\n<link rel=\"canonical\" href=\"https:\/\/www.hoecker.eu\/blog\/rechtsverletzung-durch-unerwuenschte-kontaktaufnahme-per-email\/\" \/>\n<meta property=\"og:locale\" content=\"de_DE\" \/>\n<meta property=\"og:type\" content=\"article\" \/>\n<meta property=\"og:title\" content=\"Rechtsverletzung durch unerw\u00fcnschte Kontaktaufnahme per Email\" \/>\n<meta property=\"og:description\" content=\"Das allgemeine Pers\u00f6nlichkeitsrecht beinhaltet nicht nur das Recht, das zu tun, was man m\u00f6chte, sondern es sch\u00fctzt auch davor, im privaten Lebensbereich in Ruhe gelassen zu werden. Das gilt f\u00fcr eine unerw\u00fcnschte Kontaktaufnahme, wenn sie gegen den ausdr\u00fccklich erkl\u00e4rten Willen des Betroffenen erfolgt &#8211; selbst dann, wenn die Kommunikation frei von ehrverletzenden oder werblichen Inhalten [&hellip;]\" \/>\n<meta property=\"og:url\" content=\"https:\/\/www.hoecker.eu\/blog\/rechtsverletzung-durch-unerwuenschte-kontaktaufnahme-per-email\/\" \/>\n<meta property=\"og:site_name\" content=\"H\u00d6CKER - der Blog\" \/>\n<meta property=\"article:publisher\" content=\"https:\/\/www.facebook.com\/HoeckerRAe\/\" \/>\n<meta property=\"article:author\" content=\"https:\/\/www.facebook.com\/ralf.hoecker\" \/>\n<meta property=\"article:published_time\" content=\"2021-01-19T09:26:00+00:00\" \/>\n<meta property=\"article:modified_time\" content=\"2025-02-17T13:54:39+00:00\" \/>\n<meta name=\"author\" content=\"Prof. Dr. Ralf H\u00f6cker\" \/>\n<meta name=\"twitter:card\" content=\"summary_large_image\" \/>\n<meta name=\"twitter:creator\" content=\"@Ralf_Hoecker\" \/>\n<meta name=\"twitter:site\" content=\"@hoecker_rae\" \/>\n<meta name=\"twitter:label1\" content=\"Verfasst von\" \/>\n\t<meta name=\"twitter:data1\" content=\"Prof. Dr. Ralf H\u00f6cker\" \/>\n\t<meta name=\"twitter:label2\" content=\"Gesch\u00e4tzte Lesezeit\" \/>\n\t<meta name=\"twitter:data2\" content=\"2\u00a0Minuten\" \/>\n<script type=\"application\/ld+json\" class=\"yoast-schema-graph\">{\"@context\":\"https:\/\/schema.org\",\"@graph\":[{\"@type\":\"Article\",\"@id\":\"https:\/\/www.hoecker.eu\/blog\/rechtsverletzung-durch-unerwuenschte-kontaktaufnahme-per-email\/#article\",\"isPartOf\":{\"@id\":\"https:\/\/www.hoecker.eu\/blog\/rechtsverletzung-durch-unerwuenschte-kontaktaufnahme-per-email\/\"},\"author\":{\"name\":\"Prof. Dr. Ralf H\u00f6cker\",\"@id\":\"https:\/\/www.hoecker.eu\/blog\/#\/schema\/person\/08f95581eed0534eccd0b2438f7a1cab\"},\"headline\":\"Rechtsverletzung durch unerw\u00fcnschte Kontaktaufnahme per Email\",\"datePublished\":\"2021-01-19T09:26:00+00:00\",\"dateModified\":\"2025-02-17T13:54:39+00:00\",\"mainEntityOfPage\":{\"@id\":\"https:\/\/www.hoecker.eu\/blog\/rechtsverletzung-durch-unerwuenschte-kontaktaufnahme-per-email\/\"},\"wordCount\":365,\"publisher\":{\"@id\":\"https:\/\/www.hoecker.eu\/blog\/#organization\"},\"articleSection\":[\"News\"],\"inLanguage\":\"de\"},{\"@type\":\"WebPage\",\"@id\":\"https:\/\/www.hoecker.eu\/blog\/rechtsverletzung-durch-unerwuenschte-kontaktaufnahme-per-email\/\",\"url\":\"https:\/\/www.hoecker.eu\/blog\/rechtsverletzung-durch-unerwuenschte-kontaktaufnahme-per-email\/\",\"name\":\"Rechtsverletzung durch unerw\u00fcnschte Kontaktaufnahme per Email - H\u00d6CKER - der Blog\",\"isPartOf\":{\"@id\":\"https:\/\/www.hoecker.eu\/blog\/#website\"},\"datePublished\":\"2021-01-19T09:26:00+00:00\",\"dateModified\":\"2025-02-17T13:54:39+00:00\",\"breadcrumb\":{\"@id\":\"https:\/\/www.hoecker.eu\/blog\/rechtsverletzung-durch-unerwuenschte-kontaktaufnahme-per-email\/#breadcrumb\"},\"inLanguage\":\"de\",\"potentialAction\":[{\"@type\":\"ReadAction\",\"target\":[\"https:\/\/www.hoecker.eu\/blog\/rechtsverletzung-durch-unerwuenschte-kontaktaufnahme-per-email\/\"]}]},{\"@type\":\"BreadcrumbList\",\"@id\":\"https:\/\/www.hoecker.eu\/blog\/rechtsverletzung-durch-unerwuenschte-kontaktaufnahme-per-email\/#breadcrumb\",\"itemListElement\":[{\"@type\":\"ListItem\",\"position\":1,\"name\":\"Startseite\",\"item\":\"https:\/\/dev.hoecker.eu\/blog\/\"},{\"@type\":\"ListItem\",\"position\":2,\"name\":\"Rechtsverletzung durch unerw\u00fcnschte Kontaktaufnahme per Email\"}]},{\"@type\":\"WebSite\",\"@id\":\"https:\/\/www.hoecker.eu\/blog\/#website\",\"url\":\"https:\/\/www.hoecker.eu\/blog\/\",\"name\":\"H\u00d6CKER - der Blog\",\"description\":\"Expertenblog f\u00fcr \u00c4u\u00dferungs-, Medien-, Marken-, Urheber- und Wettbewerbsrecht.\",\"publisher\":{\"@id\":\"https:\/\/www.hoecker.eu\/blog\/#organization\"},\"potentialAction\":[{\"@type\":\"SearchAction\",\"target\":{\"@type\":\"EntryPoint\",\"urlTemplate\":\"https:\/\/www.hoecker.eu\/blog\/?s={search_term_string}\"},\"query-input\":{\"@type\":\"PropertyValueSpecification\",\"valueRequired\":true,\"valueName\":\"search_term_string\"}}],\"inLanguage\":\"de\"},{\"@type\":\"Organization\",\"@id\":\"https:\/\/www.hoecker.eu\/blog\/#organization\",\"name\":\"H\u00d6CKER Rechtsanw\u00e4lte PartGmbB\",\"alternateName\":\"H\u00d6CKER\",\"url\":\"https:\/\/www.hoecker.eu\/blog\/\",\"logo\":{\"@type\":\"ImageObject\",\"inLanguage\":\"de\",\"@id\":\"https:\/\/www.hoecker.eu\/blog\/#\/schema\/logo\/image\/\",\"url\":\"https:\/\/www.hoecker.eu\/blog\/wp-content\/uploads\/2025\/03\/Blog-Logo.webp\",\"contentUrl\":\"https:\/\/www.hoecker.eu\/blog\/wp-content\/uploads\/2025\/03\/Blog-Logo.webp\",\"width\":500,\"height\":500,\"caption\":\"H\u00d6CKER Rechtsanw\u00e4lte PartGmbB\"},\"image\":{\"@id\":\"https:\/\/www.hoecker.eu\/blog\/#\/schema\/logo\/image\/\"},\"sameAs\":[\"https:\/\/www.facebook.com\/HoeckerRAe\/\",\"https:\/\/x.com\/hoecker_rae\",\"https:\/\/www.linkedin.com\/company\/hcker-rechtsanwlte\/\",\"https:\/\/www.instagram.com\/hoecker_rae\/\"],\"email\":\"contact@hoecker.eu\",\"telephone\":\"+ 49 (0)221-933 19-10\",\"legalName\":\"H\u00d6CKER Rechtsanw\u00e4lte PartGmbB\",\"numberOfEmployees\":{\"@type\":\"QuantitativeValue\",\"minValue\":\"11\",\"maxValue\":\"50\"}},{\"@type\":\"Person\",\"@id\":\"https:\/\/www.hoecker.eu\/blog\/#\/schema\/person\/08f95581eed0534eccd0b2438f7a1cab\",\"name\":\"Prof. Dr. Ralf H\u00f6cker\",\"description\":\"Medienanwalt. Besch\u00fctzer vor mieser Presse\",\"sameAs\":[\"https:\/\/www.hoecker.eu\/wer\/prof-dr-ralf-hoecker\",\"https:\/\/www.facebook.com\/ralf.hoecker\",\"https:\/\/www.linkedin.com\/in\/prof-dr-ralf-hcker-ll-m-london-17987826\/\",\"https:\/\/x.com\/Ralf_Hoecker\"],\"url\":\"https:\/\/www.hoecker.eu\/blog\/author\/hoecker_adm\/\"}]}<\/script>\n<!-- \/ Yoast SEO Premium plugin. -->","yoast_head_json":{"title":"Rechtsverletzung durch unerw\u00fcnschte Kontaktaufnahme per Email - H\u00d6CKER - der Blog","robots":{"index":"index","follow":"follow","max-snippet":"max-snippet:-1","max-image-preview":"max-image-preview:large","max-video-preview":"max-video-preview:-1"},"canonical":"https:\/\/www.hoecker.eu\/blog\/rechtsverletzung-durch-unerwuenschte-kontaktaufnahme-per-email\/","og_locale":"de_DE","og_type":"article","og_title":"Rechtsverletzung durch unerw\u00fcnschte Kontaktaufnahme per Email","og_description":"Das allgemeine Pers\u00f6nlichkeitsrecht beinhaltet nicht nur das Recht, das zu tun, was man m\u00f6chte, sondern es sch\u00fctzt auch davor, im privaten Lebensbereich in Ruhe gelassen zu werden. Das gilt f\u00fcr eine unerw\u00fcnschte Kontaktaufnahme, wenn sie gegen den ausdr\u00fccklich erkl\u00e4rten Willen des Betroffenen erfolgt &#8211; selbst dann, wenn die Kommunikation frei von ehrverletzenden oder werblichen Inhalten [&hellip;]","og_url":"https:\/\/www.hoecker.eu\/blog\/rechtsverletzung-durch-unerwuenschte-kontaktaufnahme-per-email\/","og_site_name":"H\u00d6CKER - der Blog","article_publisher":"https:\/\/www.facebook.com\/HoeckerRAe\/","article_author":"https:\/\/www.facebook.com\/ralf.hoecker","article_published_time":"2021-01-19T09:26:00+00:00","article_modified_time":"2025-02-17T13:54:39+00:00","author":"Prof. Dr. Ralf H\u00f6cker","twitter_card":"summary_large_image","twitter_creator":"@Ralf_Hoecker","twitter_site":"@hoecker_rae","twitter_misc":{"Verfasst von":"Prof. Dr. Ralf H\u00f6cker","Gesch\u00e4tzte Lesezeit":"2\u00a0Minuten"},"schema":{"@context":"https:\/\/schema.org","@graph":[{"@type":"Article","@id":"https:\/\/www.hoecker.eu\/blog\/rechtsverletzung-durch-unerwuenschte-kontaktaufnahme-per-email\/#article","isPartOf":{"@id":"https:\/\/www.hoecker.eu\/blog\/rechtsverletzung-durch-unerwuenschte-kontaktaufnahme-per-email\/"},"author":{"name":"Prof. Dr. Ralf H\u00f6cker","@id":"https:\/\/www.hoecker.eu\/blog\/#\/schema\/person\/08f95581eed0534eccd0b2438f7a1cab"},"headline":"Rechtsverletzung durch unerw\u00fcnschte Kontaktaufnahme per Email","datePublished":"2021-01-19T09:26:00+00:00","dateModified":"2025-02-17T13:54:39+00:00","mainEntityOfPage":{"@id":"https:\/\/www.hoecker.eu\/blog\/rechtsverletzung-durch-unerwuenschte-kontaktaufnahme-per-email\/"},"wordCount":365,"publisher":{"@id":"https:\/\/www.hoecker.eu\/blog\/#organization"},"articleSection":["News"],"inLanguage":"de"},{"@type":"WebPage","@id":"https:\/\/www.hoecker.eu\/blog\/rechtsverletzung-durch-unerwuenschte-kontaktaufnahme-per-email\/","url":"https:\/\/www.hoecker.eu\/blog\/rechtsverletzung-durch-unerwuenschte-kontaktaufnahme-per-email\/","name":"Rechtsverletzung durch unerw\u00fcnschte Kontaktaufnahme per Email - H\u00d6CKER - der Blog","isPartOf":{"@id":"https:\/\/www.hoecker.eu\/blog\/#website"},"datePublished":"2021-01-19T09:26:00+00:00","dateModified":"2025-02-17T13:54:39+00:00","breadcrumb":{"@id":"https:\/\/www.hoecker.eu\/blog\/rechtsverletzung-durch-unerwuenschte-kontaktaufnahme-per-email\/#breadcrumb"},"inLanguage":"de","potentialAction":[{"@type":"ReadAction","target":["https:\/\/www.hoecker.eu\/blog\/rechtsverletzung-durch-unerwuenschte-kontaktaufnahme-per-email\/"]}]},{"@type":"BreadcrumbList","@id":"https:\/\/www.hoecker.eu\/blog\/rechtsverletzung-durch-unerwuenschte-kontaktaufnahme-per-email\/#breadcrumb","itemListElement":[{"@type":"ListItem","position":1,"name":"Startseite","item":"https:\/\/dev.hoecker.eu\/blog\/"},{"@type":"ListItem","position":2,"name":"Rechtsverletzung durch unerw\u00fcnschte Kontaktaufnahme per Email"}]},{"@type":"WebSite","@id":"https:\/\/www.hoecker.eu\/blog\/#website","url":"https:\/\/www.hoecker.eu\/blog\/","name":"H\u00d6CKER - der Blog","description":"Expertenblog f\u00fcr \u00c4u\u00dferungs-, Medien-, Marken-, Urheber- und Wettbewerbsrecht.","publisher":{"@id":"https:\/\/www.hoecker.eu\/blog\/#organization"},"potentialAction":[{"@type":"SearchAction","target":{"@type":"EntryPoint","urlTemplate":"https:\/\/www.hoecker.eu\/blog\/?s={search_term_string}"},"query-input":{"@type":"PropertyValueSpecification","valueRequired":true,"valueName":"search_term_string"}}],"inLanguage":"de"},{"@type":"Organization","@id":"https:\/\/www.hoecker.eu\/blog\/#organization","name":"H\u00d6CKER Rechtsanw\u00e4lte PartGmbB","alternateName":"H\u00d6CKER","url":"https:\/\/www.hoecker.eu\/blog\/","logo":{"@type":"ImageObject","inLanguage":"de","@id":"https:\/\/www.hoecker.eu\/blog\/#\/schema\/logo\/image\/","url":"https:\/\/www.hoecker.eu\/blog\/wp-content\/uploads\/2025\/03\/Blog-Logo.webp","contentUrl":"https:\/\/www.hoecker.eu\/blog\/wp-content\/uploads\/2025\/03\/Blog-Logo.webp","width":500,"height":500,"caption":"H\u00d6CKER Rechtsanw\u00e4lte PartGmbB"},"image":{"@id":"https:\/\/www.hoecker.eu\/blog\/#\/schema\/logo\/image\/"},"sameAs":["https:\/\/www.facebook.com\/HoeckerRAe\/","https:\/\/x.com\/hoecker_rae","https:\/\/www.linkedin.com\/company\/hcker-rechtsanwlte\/","https:\/\/www.instagram.com\/hoecker_rae\/"],"email":"contact@hoecker.eu","telephone":"+ 49 (0)221-933 19-10","legalName":"H\u00d6CKER Rechtsanw\u00e4lte PartGmbB","numberOfEmployees":{"@type":"QuantitativeValue","minValue":"11","maxValue":"50"}},{"@type":"Person","@id":"https:\/\/www.hoecker.eu\/blog\/#\/schema\/person\/08f95581eed0534eccd0b2438f7a1cab","name":"Prof. Dr. Ralf H\u00f6cker","description":"Medienanwalt. Besch\u00fctzer vor mieser Presse","sameAs":["https:\/\/www.hoecker.eu\/wer\/prof-dr-ralf-hoecker","https:\/\/www.facebook.com\/ralf.hoecker","https:\/\/www.linkedin.com\/in\/prof-dr-ralf-hcker-ll-m-london-17987826\/","https:\/\/x.com\/Ralf_Hoecker"],"url":"https:\/\/www.hoecker.eu\/blog\/author\/hoecker_adm\/"}]}},"authors":[{"term_id":84,"user_id":1,"is_guest":0,"slug":"hoecker_adm","display_name":"Prof. Dr. Ralf H\u00f6cker","avatar_url":{"url":"https:\/\/www.hoecker.eu\/blog\/wp-content\/uploads\/2023\/12\/ProfDrRalfHoecker.jpg","url2x":"https:\/\/www.hoecker.eu\/blog\/wp-content\/uploads\/2023\/12\/ProfDrRalfHoecker.jpg"},"0":null,"1":"","2":"","3":"","4":"","5":"","6":"","7":"","8":"","9":"","10":"","11":""}],"_links":{"self":[{"href":"https:\/\/www.hoecker.eu\/blog\/wp-json\/wp\/v2\/posts\/8259","targetHints":{"allow":["GET"]}}],"collection":[{"href":"https:\/\/www.hoecker.eu\/blog\/wp-json\/wp\/v2\/posts"}],"about":[{"href":"https:\/\/www.hoecker.eu\/blog\/wp-json\/wp\/v2\/types\/post"}],"author":[{"embeddable":true,"href":"https:\/\/www.hoecker.eu\/blog\/wp-json\/wp\/v2\/users\/1"}],"replies":[{"embeddable":true,"href":"https:\/\/www.hoecker.eu\/blog\/wp-json\/wp\/v2\/comments?post=8259"}],"version-history":[{"count":1,"href":"https:\/\/www.hoecker.eu\/blog\/wp-json\/wp\/v2\/posts\/8259\/revisions"}],"predecessor-version":[{"id":9381,"href":"https:\/\/www.hoecker.eu\/blog\/wp-json\/wp\/v2\/posts\/8259\/revisions\/9381"}],"wp:attachment":[{"href":"https:\/\/www.hoecker.eu\/blog\/wp-json\/wp\/v2\/media?parent=8259"}],"wp:term":[{"taxonomy":"category","embeddable":true,"href":"https:\/\/www.hoecker.eu\/blog\/wp-json\/wp\/v2\/categories?post=8259"},{"taxonomy":"post_tag","embeddable":true,"href":"https:\/\/www.hoecker.eu\/blog\/wp-json\/wp\/v2\/tags?post=8259"},{"taxonomy":"hashtags","embeddable":true,"href":"https:\/\/www.hoecker.eu\/blog\/wp-json\/wp\/v2\/hashtags?post=8259"},{"taxonomy":"author","embeddable":true,"href":"https:\/\/www.hoecker.eu\/blog\/wp-json\/wp\/v2\/ppma_author?post=8259"}],"curies":[{"name":"wp","href":"https:\/\/api.w.org\/{rel}","templated":true}]}}