{"id":8258,"date":"2021-01-25T19:04:00","date_gmt":"2021-01-25T18:04:00","guid":{"rendered":"https:\/\/www.hoecker.eu\/blog\/hoecker-und-maassen-beenden-zusammenarbeit\/"},"modified":"2025-02-17T14:54:38","modified_gmt":"2025-02-17T13:54:38","slug":"hoecker-und-maassen-beenden-zusammenarbeit","status":"publish","type":"post","link":"https:\/\/www.hoecker.eu\/blog\/hoecker-und-maassen-beenden-zusammenarbeit\/","title":{"rendered":"H\u00d6CKER und Maa\u00dfen beenden Zusammenarbeit"},"content":{"rendered":"<p>Rechtsanwalt Dr. Hans-Georg Maa\u00dfen, fr\u00fcherer Pr\u00e4sident des Bundesamtes f\u00fcr Verfassungsschutz (BfV), verl\u00e4sst heute die K\u00f6lner Medien- und Markenrechtskanzlei H\u00d6CKER, in der er seit 2019 als Of Counsel t\u00e4tig war. Herr Maa\u00dfen hatte entschieden, ab Fr\u00fchjahr wesentlich st\u00e4rker im Bereich der anwaltlichen Wirtschaftsberatung t\u00e4tig sein zu wollen und stellt deshalb seine Aktivit\u00e4ten im Bereich des Medien- und Markenrechts zur\u00fcck. Sein Ausscheiden ist vorgezogen worden, nachdem die Kanzlei H\u00d6CKER die Partei Alternative f\u00fcr Deutschland (AfD) in einem Verfahren vor dem Verwaltungsgericht K\u00f6ln wegen einer m\u00f6glichen Beobachtung durch das BfV vertritt und er dort m\u00f6glicherweise als Zeuge benannt wird. <\/p>\n<p><em>\u201eAuch wenn ich mit diesem Fall nicht anwaltlich betraut war und nicht gehindert bin, als Zeuge auszusagen, besteht dennoch <\/em>die<em>M\u00f6glichkeit, dass meine T\u00e4tigkeit in der Kanzlei einen negativen Beigeschmack bekommt und eine etwaige Aussage als Zeuge in Zweifel gezogen wird, wenn ich auch als Anwalt mit der Kl\u00e4gerkanzlei zusammenarbeite. Um Schaden von allen Beteiligten abzuwenden und einen fairen Prozess zu erm\u00f6glichen, habe ich meinen Weggang um drei Monate vorgezogen.&#8221;, <\/em>so Maa\u00dfen zum Grund seines Abgangs. <\/p>\n<p>Auf Seiten der Kanzlei bedauert man diese Entscheidung: <em>\u201eEs bestand keine juristische Notwendigkeit f\u00fcr diesen Schritt und genau deshalb rechne ich es Hans-Georg Maa\u00dfen hoch an, dass er seinen Leumund, seine Glaubw\u00fcrdigkeit vor Justiz und \u00d6ffentlichkeit und ein faires Verfahren \u00fcber seine beruflichen Belange stellt.&#8221; <\/em>erl\u00e4utert Prof. Dr. H\u00f6cker die Wahrnehmung dieser Entscheidung in der Kanzlei. <\/p>\n","protected":false},"excerpt":{"rendered":"<p>Rechtsanwalt Dr. Hans-Georg Maa\u00dfen, fr\u00fcherer Pr\u00e4sident des Bundesamtes f\u00fcr Verfassungsschutz (BfV), verl\u00e4sst heute die K\u00f6lner Medien- und Markenrechtskanzlei H\u00d6CKER, in der er seit 2019 als Of Counsel t\u00e4tig war. Herr Maa\u00dfen hatte entschieden, ab Fr\u00fchjahr wesentlich st\u00e4rker im Bereich der anwaltlichen Wirtschaftsberatung t\u00e4tig sein zu wollen und stellt deshalb seine Aktivit\u00e4ten im Bereich des Medien- [&hellip;]<\/p>\n","protected":false},"author":1,"featured_media":0,"comment_status":"closed","ping_status":"closed","sticky":false,"template":"","format":"standard","meta":{"_has_post_settings":[],"footnotes":""},"categories":[15],"tags":[],"hashtags":[],"ppma_author":[84],"class_list":["post-8258","post","type-post","status-publish","format-standard","hentry","category-news","author-hoecker_adm"],"yoast_head":"<!-- This site is optimized with the Yoast SEO Premium plugin v25.9 (Yoast SEO v27.0) - https:\/\/yoast.com\/product\/yoast-seo-premium-wordpress\/ -->\n<title>H\u00d6CKER und Maa\u00dfen beenden Zusammenarbeit - H\u00d6CKER - der Blog<\/title>\n<meta name=\"robots\" content=\"index, follow, max-snippet:-1, max-image-preview:large, max-video-preview:-1\" \/>\n<link rel=\"canonical\" href=\"https:\/\/www.hoecker.eu\/blog\/hoecker-und-maassen-beenden-zusammenarbeit\/\" \/>\n<meta property=\"og:locale\" content=\"de_DE\" \/>\n<meta property=\"og:type\" content=\"article\" \/>\n<meta property=\"og:title\" content=\"H\u00d6CKER und Maa\u00dfen beenden Zusammenarbeit\" \/>\n<meta property=\"og:description\" content=\"Rechtsanwalt Dr. Hans-Georg Maa\u00dfen, fr\u00fcherer Pr\u00e4sident des Bundesamtes f\u00fcr Verfassungsschutz (BfV), verl\u00e4sst heute die K\u00f6lner Medien- und Markenrechtskanzlei H\u00d6CKER, in der er seit 2019 als Of Counsel t\u00e4tig war. Herr Maa\u00dfen hatte entschieden, ab Fr\u00fchjahr wesentlich st\u00e4rker im Bereich der anwaltlichen Wirtschaftsberatung t\u00e4tig sein zu wollen und stellt deshalb seine Aktivit\u00e4ten im Bereich des Medien- [&hellip;]\" \/>\n<meta property=\"og:url\" content=\"https:\/\/www.hoecker.eu\/blog\/hoecker-und-maassen-beenden-zusammenarbeit\/\" \/>\n<meta property=\"og:site_name\" content=\"H\u00d6CKER - der Blog\" \/>\n<meta property=\"article:publisher\" content=\"https:\/\/www.facebook.com\/HoeckerRAe\/\" \/>\n<meta property=\"article:author\" content=\"https:\/\/www.facebook.com\/ralf.hoecker\" \/>\n<meta property=\"article:published_time\" content=\"2021-01-25T18:04:00+00:00\" \/>\n<meta property=\"article:modified_time\" content=\"2025-02-17T13:54:38+00:00\" \/>\n<meta name=\"author\" content=\"Prof. Dr. Ralf H\u00f6cker\" \/>\n<meta name=\"twitter:card\" content=\"summary_large_image\" \/>\n<meta name=\"twitter:creator\" content=\"@Ralf_Hoecker\" \/>\n<meta name=\"twitter:site\" content=\"@hoecker_rae\" \/>\n<meta name=\"twitter:label1\" content=\"Verfasst von\" \/>\n\t<meta name=\"twitter:data1\" content=\"Prof. Dr. Ralf H\u00f6cker\" \/>\n\t<meta name=\"twitter:label2\" content=\"Gesch\u00e4tzte Lesezeit\" \/>\n\t<meta name=\"twitter:data2\" content=\"1\u00a0Minute\" \/>\n<script type=\"application\/ld+json\" class=\"yoast-schema-graph\">{\"@context\":\"https:\/\/schema.org\",\"@graph\":[{\"@type\":\"Article\",\"@id\":\"https:\/\/www.hoecker.eu\/blog\/hoecker-und-maassen-beenden-zusammenarbeit\/#article\",\"isPartOf\":{\"@id\":\"https:\/\/www.hoecker.eu\/blog\/hoecker-und-maassen-beenden-zusammenarbeit\/\"},\"author\":{\"name\":\"Prof. Dr. Ralf H\u00f6cker\",\"@id\":\"https:\/\/www.hoecker.eu\/blog\/#\/schema\/person\/08f95581eed0534eccd0b2438f7a1cab\"},\"headline\":\"H\u00d6CKER und Maa\u00dfen beenden Zusammenarbeit\",\"datePublished\":\"2021-01-25T18:04:00+00:00\",\"dateModified\":\"2025-02-17T13:54:38+00:00\",\"mainEntityOfPage\":{\"@id\":\"https:\/\/www.hoecker.eu\/blog\/hoecker-und-maassen-beenden-zusammenarbeit\/\"},\"wordCount\":262,\"publisher\":{\"@id\":\"https:\/\/www.hoecker.eu\/blog\/#organization\"},\"articleSection\":[\"News\"],\"inLanguage\":\"de\"},{\"@type\":\"WebPage\",\"@id\":\"https:\/\/www.hoecker.eu\/blog\/hoecker-und-maassen-beenden-zusammenarbeit\/\",\"url\":\"https:\/\/www.hoecker.eu\/blog\/hoecker-und-maassen-beenden-zusammenarbeit\/\",\"name\":\"H\u00d6CKER und Maa\u00dfen beenden Zusammenarbeit - H\u00d6CKER - der Blog\",\"isPartOf\":{\"@id\":\"https:\/\/www.hoecker.eu\/blog\/#website\"},\"datePublished\":\"2021-01-25T18:04:00+00:00\",\"dateModified\":\"2025-02-17T13:54:38+00:00\",\"breadcrumb\":{\"@id\":\"https:\/\/www.hoecker.eu\/blog\/hoecker-und-maassen-beenden-zusammenarbeit\/#breadcrumb\"},\"inLanguage\":\"de\",\"potentialAction\":[{\"@type\":\"ReadAction\",\"target\":[\"https:\/\/www.hoecker.eu\/blog\/hoecker-und-maassen-beenden-zusammenarbeit\/\"]}]},{\"@type\":\"BreadcrumbList\",\"@id\":\"https:\/\/www.hoecker.eu\/blog\/hoecker-und-maassen-beenden-zusammenarbeit\/#breadcrumb\",\"itemListElement\":[{\"@type\":\"ListItem\",\"position\":1,\"name\":\"Startseite\",\"item\":\"https:\/\/dev.hoecker.eu\/blog\/\"},{\"@type\":\"ListItem\",\"position\":2,\"name\":\"H\u00d6CKER und Maa\u00dfen beenden Zusammenarbeit\"}]},{\"@type\":\"WebSite\",\"@id\":\"https:\/\/www.hoecker.eu\/blog\/#website\",\"url\":\"https:\/\/www.hoecker.eu\/blog\/\",\"name\":\"H\u00d6CKER - der Blog\",\"description\":\"Expertenblog f\u00fcr \u00c4u\u00dferungs-, Medien-, Marken-, Urheber- und Wettbewerbsrecht.\",\"publisher\":{\"@id\":\"https:\/\/www.hoecker.eu\/blog\/#organization\"},\"potentialAction\":[{\"@type\":\"SearchAction\",\"target\":{\"@type\":\"EntryPoint\",\"urlTemplate\":\"https:\/\/www.hoecker.eu\/blog\/?s={search_term_string}\"},\"query-input\":{\"@type\":\"PropertyValueSpecification\",\"valueRequired\":true,\"valueName\":\"search_term_string\"}}],\"inLanguage\":\"de\"},{\"@type\":\"Organization\",\"@id\":\"https:\/\/www.hoecker.eu\/blog\/#organization\",\"name\":\"H\u00d6CKER Rechtsanw\u00e4lte PartGmbB\",\"alternateName\":\"H\u00d6CKER\",\"url\":\"https:\/\/www.hoecker.eu\/blog\/\",\"logo\":{\"@type\":\"ImageObject\",\"inLanguage\":\"de\",\"@id\":\"https:\/\/www.hoecker.eu\/blog\/#\/schema\/logo\/image\/\",\"url\":\"https:\/\/www.hoecker.eu\/blog\/wp-content\/uploads\/2025\/03\/Blog-Logo.webp\",\"contentUrl\":\"https:\/\/www.hoecker.eu\/blog\/wp-content\/uploads\/2025\/03\/Blog-Logo.webp\",\"width\":500,\"height\":500,\"caption\":\"H\u00d6CKER Rechtsanw\u00e4lte PartGmbB\"},\"image\":{\"@id\":\"https:\/\/www.hoecker.eu\/blog\/#\/schema\/logo\/image\/\"},\"sameAs\":[\"https:\/\/www.facebook.com\/HoeckerRAe\/\",\"https:\/\/x.com\/hoecker_rae\",\"https:\/\/www.linkedin.com\/company\/hcker-rechtsanwlte\/\",\"https:\/\/www.instagram.com\/hoecker_rae\/\"],\"email\":\"contact@hoecker.eu\",\"telephone\":\"+ 49 (0)221-933 19-10\",\"legalName\":\"H\u00d6CKER Rechtsanw\u00e4lte PartGmbB\",\"numberOfEmployees\":{\"@type\":\"QuantitativeValue\",\"minValue\":\"11\",\"maxValue\":\"50\"}},{\"@type\":\"Person\",\"@id\":\"https:\/\/www.hoecker.eu\/blog\/#\/schema\/person\/08f95581eed0534eccd0b2438f7a1cab\",\"name\":\"Prof. Dr. Ralf H\u00f6cker\",\"description\":\"Medienanwalt. Besch\u00fctzer vor mieser Presse\",\"sameAs\":[\"https:\/\/www.hoecker.eu\/wer\/prof-dr-ralf-hoecker\",\"https:\/\/www.facebook.com\/ralf.hoecker\",\"https:\/\/www.linkedin.com\/in\/prof-dr-ralf-hcker-ll-m-london-17987826\/\",\"https:\/\/x.com\/Ralf_Hoecker\"],\"url\":\"https:\/\/www.hoecker.eu\/blog\/author\/hoecker_adm\/\"}]}<\/script>\n<!-- \/ Yoast SEO Premium plugin. -->","yoast_head_json":{"title":"H\u00d6CKER und Maa\u00dfen beenden Zusammenarbeit - H\u00d6CKER - der Blog","robots":{"index":"index","follow":"follow","max-snippet":"max-snippet:-1","max-image-preview":"max-image-preview:large","max-video-preview":"max-video-preview:-1"},"canonical":"https:\/\/www.hoecker.eu\/blog\/hoecker-und-maassen-beenden-zusammenarbeit\/","og_locale":"de_DE","og_type":"article","og_title":"H\u00d6CKER und Maa\u00dfen beenden Zusammenarbeit","og_description":"Rechtsanwalt Dr. Hans-Georg Maa\u00dfen, fr\u00fcherer Pr\u00e4sident des Bundesamtes f\u00fcr Verfassungsschutz (BfV), verl\u00e4sst heute die K\u00f6lner Medien- und Markenrechtskanzlei H\u00d6CKER, in der er seit 2019 als Of Counsel t\u00e4tig war. Herr Maa\u00dfen hatte entschieden, ab Fr\u00fchjahr wesentlich st\u00e4rker im Bereich der anwaltlichen Wirtschaftsberatung t\u00e4tig sein zu wollen und stellt deshalb seine Aktivit\u00e4ten im Bereich des Medien- [&hellip;]","og_url":"https:\/\/www.hoecker.eu\/blog\/hoecker-und-maassen-beenden-zusammenarbeit\/","og_site_name":"H\u00d6CKER - der Blog","article_publisher":"https:\/\/www.facebook.com\/HoeckerRAe\/","article_author":"https:\/\/www.facebook.com\/ralf.hoecker","article_published_time":"2021-01-25T18:04:00+00:00","article_modified_time":"2025-02-17T13:54:38+00:00","author":"Prof. Dr. Ralf H\u00f6cker","twitter_card":"summary_large_image","twitter_creator":"@Ralf_Hoecker","twitter_site":"@hoecker_rae","twitter_misc":{"Verfasst von":"Prof. Dr. Ralf H\u00f6cker","Gesch\u00e4tzte Lesezeit":"1\u00a0Minute"},"schema":{"@context":"https:\/\/schema.org","@graph":[{"@type":"Article","@id":"https:\/\/www.hoecker.eu\/blog\/hoecker-und-maassen-beenden-zusammenarbeit\/#article","isPartOf":{"@id":"https:\/\/www.hoecker.eu\/blog\/hoecker-und-maassen-beenden-zusammenarbeit\/"},"author":{"name":"Prof. Dr. Ralf H\u00f6cker","@id":"https:\/\/www.hoecker.eu\/blog\/#\/schema\/person\/08f95581eed0534eccd0b2438f7a1cab"},"headline":"H\u00d6CKER und Maa\u00dfen beenden Zusammenarbeit","datePublished":"2021-01-25T18:04:00+00:00","dateModified":"2025-02-17T13:54:38+00:00","mainEntityOfPage":{"@id":"https:\/\/www.hoecker.eu\/blog\/hoecker-und-maassen-beenden-zusammenarbeit\/"},"wordCount":262,"publisher":{"@id":"https:\/\/www.hoecker.eu\/blog\/#organization"},"articleSection":["News"],"inLanguage":"de"},{"@type":"WebPage","@id":"https:\/\/www.hoecker.eu\/blog\/hoecker-und-maassen-beenden-zusammenarbeit\/","url":"https:\/\/www.hoecker.eu\/blog\/hoecker-und-maassen-beenden-zusammenarbeit\/","name":"H\u00d6CKER und Maa\u00dfen beenden Zusammenarbeit - H\u00d6CKER - der Blog","isPartOf":{"@id":"https:\/\/www.hoecker.eu\/blog\/#website"},"datePublished":"2021-01-25T18:04:00+00:00","dateModified":"2025-02-17T13:54:38+00:00","breadcrumb":{"@id":"https:\/\/www.hoecker.eu\/blog\/hoecker-und-maassen-beenden-zusammenarbeit\/#breadcrumb"},"inLanguage":"de","potentialAction":[{"@type":"ReadAction","target":["https:\/\/www.hoecker.eu\/blog\/hoecker-und-maassen-beenden-zusammenarbeit\/"]}]},{"@type":"BreadcrumbList","@id":"https:\/\/www.hoecker.eu\/blog\/hoecker-und-maassen-beenden-zusammenarbeit\/#breadcrumb","itemListElement":[{"@type":"ListItem","position":1,"name":"Startseite","item":"https:\/\/dev.hoecker.eu\/blog\/"},{"@type":"ListItem","position":2,"name":"H\u00d6CKER und Maa\u00dfen beenden Zusammenarbeit"}]},{"@type":"WebSite","@id":"https:\/\/www.hoecker.eu\/blog\/#website","url":"https:\/\/www.hoecker.eu\/blog\/","name":"H\u00d6CKER - der Blog","description":"Expertenblog f\u00fcr \u00c4u\u00dferungs-, Medien-, Marken-, Urheber- und Wettbewerbsrecht.","publisher":{"@id":"https:\/\/www.hoecker.eu\/blog\/#organization"},"potentialAction":[{"@type":"SearchAction","target":{"@type":"EntryPoint","urlTemplate":"https:\/\/www.hoecker.eu\/blog\/?s={search_term_string}"},"query-input":{"@type":"PropertyValueSpecification","valueRequired":true,"valueName":"search_term_string"}}],"inLanguage":"de"},{"@type":"Organization","@id":"https:\/\/www.hoecker.eu\/blog\/#organization","name":"H\u00d6CKER Rechtsanw\u00e4lte PartGmbB","alternateName":"H\u00d6CKER","url":"https:\/\/www.hoecker.eu\/blog\/","logo":{"@type":"ImageObject","inLanguage":"de","@id":"https:\/\/www.hoecker.eu\/blog\/#\/schema\/logo\/image\/","url":"https:\/\/www.hoecker.eu\/blog\/wp-content\/uploads\/2025\/03\/Blog-Logo.webp","contentUrl":"https:\/\/www.hoecker.eu\/blog\/wp-content\/uploads\/2025\/03\/Blog-Logo.webp","width":500,"height":500,"caption":"H\u00d6CKER Rechtsanw\u00e4lte PartGmbB"},"image":{"@id":"https:\/\/www.hoecker.eu\/blog\/#\/schema\/logo\/image\/"},"sameAs":["https:\/\/www.facebook.com\/HoeckerRAe\/","https:\/\/x.com\/hoecker_rae","https:\/\/www.linkedin.com\/company\/hcker-rechtsanwlte\/","https:\/\/www.instagram.com\/hoecker_rae\/"],"email":"contact@hoecker.eu","telephone":"+ 49 (0)221-933 19-10","legalName":"H\u00d6CKER Rechtsanw\u00e4lte PartGmbB","numberOfEmployees":{"@type":"QuantitativeValue","minValue":"11","maxValue":"50"}},{"@type":"Person","@id":"https:\/\/www.hoecker.eu\/blog\/#\/schema\/person\/08f95581eed0534eccd0b2438f7a1cab","name":"Prof. Dr. Ralf H\u00f6cker","description":"Medienanwalt. Besch\u00fctzer vor mieser Presse","sameAs":["https:\/\/www.hoecker.eu\/wer\/prof-dr-ralf-hoecker","https:\/\/www.facebook.com\/ralf.hoecker","https:\/\/www.linkedin.com\/in\/prof-dr-ralf-hcker-ll-m-london-17987826\/","https:\/\/x.com\/Ralf_Hoecker"],"url":"https:\/\/www.hoecker.eu\/blog\/author\/hoecker_adm\/"}]}},"authors":[{"term_id":84,"user_id":1,"is_guest":0,"slug":"hoecker_adm","display_name":"Prof. Dr. Ralf H\u00f6cker","avatar_url":{"url":"https:\/\/www.hoecker.eu\/blog\/wp-content\/uploads\/2023\/12\/ProfDrRalfHoecker.jpg","url2x":"https:\/\/www.hoecker.eu\/blog\/wp-content\/uploads\/2023\/12\/ProfDrRalfHoecker.jpg"},"0":null,"1":"","2":"","3":"","4":"","5":"","6":"","7":"","8":"","9":"","10":"","11":""}],"_links":{"self":[{"href":"https:\/\/www.hoecker.eu\/blog\/wp-json\/wp\/v2\/posts\/8258","targetHints":{"allow":["GET"]}}],"collection":[{"href":"https:\/\/www.hoecker.eu\/blog\/wp-json\/wp\/v2\/posts"}],"about":[{"href":"https:\/\/www.hoecker.eu\/blog\/wp-json\/wp\/v2\/types\/post"}],"author":[{"embeddable":true,"href":"https:\/\/www.hoecker.eu\/blog\/wp-json\/wp\/v2\/users\/1"}],"replies":[{"embeddable":true,"href":"https:\/\/www.hoecker.eu\/blog\/wp-json\/wp\/v2\/comments?post=8258"}],"version-history":[{"count":1,"href":"https:\/\/www.hoecker.eu\/blog\/wp-json\/wp\/v2\/posts\/8258\/revisions"}],"predecessor-version":[{"id":9380,"href":"https:\/\/www.hoecker.eu\/blog\/wp-json\/wp\/v2\/posts\/8258\/revisions\/9380"}],"wp:attachment":[{"href":"https:\/\/www.hoecker.eu\/blog\/wp-json\/wp\/v2\/media?parent=8258"}],"wp:term":[{"taxonomy":"category","embeddable":true,"href":"https:\/\/www.hoecker.eu\/blog\/wp-json\/wp\/v2\/categories?post=8258"},{"taxonomy":"post_tag","embeddable":true,"href":"https:\/\/www.hoecker.eu\/blog\/wp-json\/wp\/v2\/tags?post=8258"},{"taxonomy":"hashtags","embeddable":true,"href":"https:\/\/www.hoecker.eu\/blog\/wp-json\/wp\/v2\/hashtags?post=8258"},{"taxonomy":"author","embeddable":true,"href":"https:\/\/www.hoecker.eu\/blog\/wp-json\/wp\/v2\/ppma_author?post=8258"}],"curies":[{"name":"wp","href":"https:\/\/api.w.org\/{rel}","templated":true}]}}