{"id":8257,"date":"2021-02-02T13:37:00","date_gmt":"2021-02-02T12:37:00","guid":{"rendered":"https:\/\/www.hoecker.eu\/blog\/anspruch-auf-loeschung-des-profils-bei-jameda-olg-muenchen-staerkt-rechte-von-aerzten\/"},"modified":"2025-02-17T14:54:37","modified_gmt":"2025-02-17T13:54:37","slug":"anspruch-auf-loeschung-des-profils-bei-jameda-olg-muenchen-staerkt-rechte-von-aerzten","status":"publish","type":"post","link":"https:\/\/www.hoecker.eu\/blog\/anspruch-auf-loeschung-des-profils-bei-jameda-olg-muenchen-staerkt-rechte-von-aerzten\/","title":{"rendered":"Anspruch auf L\u00f6schung des Profils bei Jameda: OLG M\u00fcnchen st\u00e4rkt Rechte von \u00c4rzten"},"content":{"rendered":"<p>In zwei parallel liegenden Verfahren hat das OLG M\u00fcnchen entschieden, dass ein Arztbewertungsportal bestimmte Gestaltungselemente nicht nur zahlenden Kunden vorbehalten darf (Urt. v. 19.01.2021, Az. 18 U 7246\/19 Pre und Az. 18 U 7243\/19 Pre, beide n.rkr.). Geklagt hatten zwei \u00c4rzte, die auf der Bewertungsplattform mit \u201eBasis\u201c-Profilen gef\u00fchrt werden. Diese Profile hatte Jameda ohne den Willen der \u00c4rzte angelegt. In seinen aktuellen Entscheidungen gab das Oberlandesgericht dem Antrag der Kl\u00e4ger auf L\u00f6schung der Profile bzw. Unterlassung der Nutzung der Daten im weit \u00fcberwiegenden Umfang statt. <\/p>\n<p>In der ersten Instanz hatten die \u00c4rzte bereits einen datenschutzrechtlichen L\u00f6schungsanspruch durchgesetzt (<a href=\"{entry:1424@1:url||https:\/\/www.hoecker.eu\/news\/jameda-auch-lg-m%C3%BCnchen-i-verbietet-werbung-f%C3%BCr-premium-kunden-auf-basis-profilen-zwangsgelisteter-%C3%A4rzte}\" target=\"_blank\" rel=\"noreferrer noopener\">siehe unsere Meldung vom 11.12.2019<\/a>), da sie ihre Zustimmung zur Nutzung ihrer Daten auf der Plattform nicht erteilt hatten. Das Landgericht hatte damals entschieden, dass der Umstand, dass auf dem Profil der Kl\u00e4ger Fachartikel f\u00fcr zahlende \u2013 sogenannte Premium-Kunden \u2013 ver\u00f6ffentlich werden, eine unzul\u00e4ssige Nutzung der Daten der Kl\u00e4ger als \u201eWerbeplattform\u201c darstelle, und hatte dem Unterlassungsanspruch insoweit stattgegeben. Weitere Gestaltungselemente, wie z.B. die den zahlenden Kunden vorbehaltene M\u00f6glichkeit, Portraitbilder, Texte oder Videos einzustellen oder das Leistungsspektrum zu beschreiben, sah das Landgericht allerdings als zul\u00e4ssig an. <\/p>\n<p>Vor dem Oberlandesgericht forderten die \u00c4rzte weiterhin die L\u00f6schung des gesamten Profils mitsamt den vielz\u00e4hligen Gestaltungsformen. Das OLG stellte nun die Unzul\u00e4ssigkeit von 14 der insgesamt 21 angegriffenen Gestaltungselemente und \u201eFeatures\u201c (wie z.B. das Angebot, Interviews in einem \u201eExperten-Ratgeber\u201c zu ver\u00f6ffentlichen) fest. Nach Ansicht der Richter habe der Portalbetreiber Hinblick auf eine Vielzahl an Gestaltungsformen seine Position als neutraler Informationsmittler verlassen. Unter anderem erm\u00f6glichte der Portalbetreiber zahlenden Kunden etwa, das eigene Profil durch zus\u00e4tzliche Informationen und Hilfestellungen des Portalbetreibers aufzuwerten und so f\u00fcr die Nutzer ansprechender zu gestalten, ohne gleichzeitig f\u00fcr den Nutzer deutlich zu machen, dass es sich insoweit um zahlungspflichtige Angebote handelt.<\/p>\n<p>Dass der Portalbetreiber die Plattform zwischenzeitlich in einigen Punkten ge\u00e4ndert hatte, hielt das OLG im Hinblick auf die Wiederholungsgefahr f\u00fcr unsch\u00e4dlich. <\/p>\n<p>Das Oberlandesgericht hat die Revision zum Bundesgerichtshof (BGH) zugelassen, da die Frage, unter welchen Voraussetzungen Daten f\u00fcr ungewollt angelegte Profile verwenden darf, f\u00fcr eine Vielzahl von F\u00e4llen von Bedeutung ist und zudem die Entscheidung in mehreren Punkten von der Rechtsprechung anderer Gerichte (z.B. des Oberlandesgerichts K\u00f6ln in den Urt. v. 14.11.2019, Az. 15 U 89\/19 und Az. 15 U 126\/19, Revision anh\u00e4ngig) abweicht.<\/p>\n<p>\u00dcber die Erfolge berichten die zahn\u00e4rztlichen Mitteilungen <a href=\"{asset:21657@1:url||https:\/\/www.hoecker.eu\/assets\/img\/zm5_2021.pdf}\" target=\"_blank\" rel=\"noreferrer noopener\">hier in ihrer aktuellen Ausgabe 05\/2021<\/a>. Und <a href=\"https:\/\/www.zm-online.de\/archiv\/2021\/05\/politik\/ein-bedeutender-schritt-zur-sicherstellung-der-transparenz\/\" target=\"_blank\" rel=\"noreferrer noopener\">hier geht es zum Online-Bericht der Zahn\u00e4rztlichen Mitteilungen<\/a>.<\/p>\n","protected":false},"excerpt":{"rendered":"<p>In zwei parallel liegenden Verfahren hat das OLG M\u00fcnchen entschieden, dass ein Arztbewertungsportal bestimmte Gestaltungselemente nicht nur zahlenden Kunden vorbehalten darf (Urt. v. 19.01.2021, Az. 18 U 7246\/19 Pre und Az. 18 U 7243\/19 Pre, beide n.rkr.). Geklagt hatten zwei \u00c4rzte, die auf der Bewertungsplattform mit \u201eBasis\u201c-Profilen gef\u00fchrt werden. Diese Profile hatte Jameda ohne den [&hellip;]<\/p>\n","protected":false},"author":1,"featured_media":0,"comment_status":"closed","ping_status":"closed","sticky":false,"template":"","format":"standard","meta":{"_has_post_settings":[],"footnotes":""},"categories":[15],"tags":[],"hashtags":[],"ppma_author":[84],"class_list":["post-8257","post","type-post","status-publish","format-standard","hentry","category-news","author-hoecker_adm"],"yoast_head":"<!-- This site is optimized with the Yoast SEO Premium plugin v25.9 (Yoast SEO v27.0) - https:\/\/yoast.com\/product\/yoast-seo-premium-wordpress\/ -->\n<title>Anspruch auf L\u00f6schung des Profils bei Jameda: OLG M\u00fcnchen st\u00e4rkt Rechte von \u00c4rzten - H\u00d6CKER - der Blog<\/title>\n<meta name=\"robots\" content=\"index, follow, max-snippet:-1, max-image-preview:large, max-video-preview:-1\" \/>\n<link rel=\"canonical\" href=\"https:\/\/www.hoecker.eu\/blog\/anspruch-auf-loeschung-des-profils-bei-jameda-olg-muenchen-staerkt-rechte-von-aerzten\/\" \/>\n<meta property=\"og:locale\" content=\"de_DE\" \/>\n<meta property=\"og:type\" content=\"article\" \/>\n<meta property=\"og:title\" content=\"Anspruch auf L\u00f6schung des Profils bei Jameda: OLG M\u00fcnchen st\u00e4rkt Rechte von \u00c4rzten\" \/>\n<meta property=\"og:description\" content=\"In zwei parallel liegenden Verfahren hat das OLG M\u00fcnchen entschieden, dass ein Arztbewertungsportal bestimmte Gestaltungselemente nicht nur zahlenden Kunden vorbehalten darf (Urt. v. 19.01.2021, Az. 18 U 7246\/19 Pre und Az. 18 U 7243\/19 Pre, beide n.rkr.). Geklagt hatten zwei \u00c4rzte, die auf der Bewertungsplattform mit \u201eBasis\u201c-Profilen gef\u00fchrt werden. Diese Profile hatte Jameda ohne den [&hellip;]\" \/>\n<meta property=\"og:url\" content=\"https:\/\/www.hoecker.eu\/blog\/anspruch-auf-loeschung-des-profils-bei-jameda-olg-muenchen-staerkt-rechte-von-aerzten\/\" \/>\n<meta property=\"og:site_name\" content=\"H\u00d6CKER - der Blog\" \/>\n<meta property=\"article:publisher\" content=\"https:\/\/www.facebook.com\/HoeckerRAe\/\" \/>\n<meta property=\"article:author\" content=\"https:\/\/www.facebook.com\/ralf.hoecker\" \/>\n<meta property=\"article:published_time\" content=\"2021-02-02T12:37:00+00:00\" \/>\n<meta property=\"article:modified_time\" content=\"2025-02-17T13:54:37+00:00\" \/>\n<meta name=\"author\" content=\"Prof. Dr. Ralf H\u00f6cker\" \/>\n<meta name=\"twitter:card\" content=\"summary_large_image\" \/>\n<meta name=\"twitter:creator\" content=\"@Ralf_Hoecker\" \/>\n<meta name=\"twitter:site\" content=\"@hoecker_rae\" \/>\n<meta name=\"twitter:label1\" content=\"Verfasst von\" \/>\n\t<meta name=\"twitter:data1\" content=\"Prof. Dr. Ralf H\u00f6cker\" \/>\n\t<meta name=\"twitter:label2\" content=\"Gesch\u00e4tzte Lesezeit\" \/>\n\t<meta name=\"twitter:data2\" content=\"2\u00a0Minuten\" \/>\n<script type=\"application\/ld+json\" class=\"yoast-schema-graph\">{\"@context\":\"https:\/\/schema.org\",\"@graph\":[{\"@type\":\"Article\",\"@id\":\"https:\/\/www.hoecker.eu\/blog\/anspruch-auf-loeschung-des-profils-bei-jameda-olg-muenchen-staerkt-rechte-von-aerzten\/#article\",\"isPartOf\":{\"@id\":\"https:\/\/www.hoecker.eu\/blog\/anspruch-auf-loeschung-des-profils-bei-jameda-olg-muenchen-staerkt-rechte-von-aerzten\/\"},\"author\":{\"name\":\"Prof. Dr. Ralf H\u00f6cker\",\"@id\":\"https:\/\/www.hoecker.eu\/blog\/#\/schema\/person\/08f95581eed0534eccd0b2438f7a1cab\"},\"headline\":\"Anspruch auf L\u00f6schung des Profils bei Jameda: OLG M\u00fcnchen st\u00e4rkt Rechte von \u00c4rzten\",\"datePublished\":\"2021-02-02T12:37:00+00:00\",\"dateModified\":\"2025-02-17T13:54:37+00:00\",\"mainEntityOfPage\":{\"@id\":\"https:\/\/www.hoecker.eu\/blog\/anspruch-auf-loeschung-des-profils-bei-jameda-olg-muenchen-staerkt-rechte-von-aerzten\/\"},\"wordCount\":427,\"publisher\":{\"@id\":\"https:\/\/www.hoecker.eu\/blog\/#organization\"},\"articleSection\":[\"News\"],\"inLanguage\":\"de\"},{\"@type\":\"WebPage\",\"@id\":\"https:\/\/www.hoecker.eu\/blog\/anspruch-auf-loeschung-des-profils-bei-jameda-olg-muenchen-staerkt-rechte-von-aerzten\/\",\"url\":\"https:\/\/www.hoecker.eu\/blog\/anspruch-auf-loeschung-des-profils-bei-jameda-olg-muenchen-staerkt-rechte-von-aerzten\/\",\"name\":\"Anspruch auf L\u00f6schung des Profils bei Jameda: OLG M\u00fcnchen st\u00e4rkt Rechte von \u00c4rzten - H\u00d6CKER - der Blog\",\"isPartOf\":{\"@id\":\"https:\/\/www.hoecker.eu\/blog\/#website\"},\"datePublished\":\"2021-02-02T12:37:00+00:00\",\"dateModified\":\"2025-02-17T13:54:37+00:00\",\"breadcrumb\":{\"@id\":\"https:\/\/www.hoecker.eu\/blog\/anspruch-auf-loeschung-des-profils-bei-jameda-olg-muenchen-staerkt-rechte-von-aerzten\/#breadcrumb\"},\"inLanguage\":\"de\",\"potentialAction\":[{\"@type\":\"ReadAction\",\"target\":[\"https:\/\/www.hoecker.eu\/blog\/anspruch-auf-loeschung-des-profils-bei-jameda-olg-muenchen-staerkt-rechte-von-aerzten\/\"]}]},{\"@type\":\"BreadcrumbList\",\"@id\":\"https:\/\/www.hoecker.eu\/blog\/anspruch-auf-loeschung-des-profils-bei-jameda-olg-muenchen-staerkt-rechte-von-aerzten\/#breadcrumb\",\"itemListElement\":[{\"@type\":\"ListItem\",\"position\":1,\"name\":\"Startseite\",\"item\":\"https:\/\/dev.hoecker.eu\/blog\/\"},{\"@type\":\"ListItem\",\"position\":2,\"name\":\"Anspruch auf L\u00f6schung des Profils bei Jameda: OLG M\u00fcnchen st\u00e4rkt Rechte von \u00c4rzten\"}]},{\"@type\":\"WebSite\",\"@id\":\"https:\/\/www.hoecker.eu\/blog\/#website\",\"url\":\"https:\/\/www.hoecker.eu\/blog\/\",\"name\":\"H\u00d6CKER - der Blog\",\"description\":\"Expertenblog f\u00fcr \u00c4u\u00dferungs-, Medien-, Marken-, Urheber- und Wettbewerbsrecht.\",\"publisher\":{\"@id\":\"https:\/\/www.hoecker.eu\/blog\/#organization\"},\"potentialAction\":[{\"@type\":\"SearchAction\",\"target\":{\"@type\":\"EntryPoint\",\"urlTemplate\":\"https:\/\/www.hoecker.eu\/blog\/?s={search_term_string}\"},\"query-input\":{\"@type\":\"PropertyValueSpecification\",\"valueRequired\":true,\"valueName\":\"search_term_string\"}}],\"inLanguage\":\"de\"},{\"@type\":\"Organization\",\"@id\":\"https:\/\/www.hoecker.eu\/blog\/#organization\",\"name\":\"H\u00d6CKER Rechtsanw\u00e4lte PartGmbB\",\"alternateName\":\"H\u00d6CKER\",\"url\":\"https:\/\/www.hoecker.eu\/blog\/\",\"logo\":{\"@type\":\"ImageObject\",\"inLanguage\":\"de\",\"@id\":\"https:\/\/www.hoecker.eu\/blog\/#\/schema\/logo\/image\/\",\"url\":\"https:\/\/www.hoecker.eu\/blog\/wp-content\/uploads\/2025\/03\/Blog-Logo.webp\",\"contentUrl\":\"https:\/\/www.hoecker.eu\/blog\/wp-content\/uploads\/2025\/03\/Blog-Logo.webp\",\"width\":500,\"height\":500,\"caption\":\"H\u00d6CKER Rechtsanw\u00e4lte PartGmbB\"},\"image\":{\"@id\":\"https:\/\/www.hoecker.eu\/blog\/#\/schema\/logo\/image\/\"},\"sameAs\":[\"https:\/\/www.facebook.com\/HoeckerRAe\/\",\"https:\/\/x.com\/hoecker_rae\",\"https:\/\/www.linkedin.com\/company\/hcker-rechtsanwlte\/\",\"https:\/\/www.instagram.com\/hoecker_rae\/\"],\"email\":\"contact@hoecker.eu\",\"telephone\":\"+ 49 (0)221-933 19-10\",\"legalName\":\"H\u00d6CKER Rechtsanw\u00e4lte PartGmbB\",\"numberOfEmployees\":{\"@type\":\"QuantitativeValue\",\"minValue\":\"11\",\"maxValue\":\"50\"}},{\"@type\":\"Person\",\"@id\":\"https:\/\/www.hoecker.eu\/blog\/#\/schema\/person\/08f95581eed0534eccd0b2438f7a1cab\",\"name\":\"Prof. Dr. Ralf H\u00f6cker\",\"description\":\"Medienanwalt. Besch\u00fctzer vor mieser Presse\",\"sameAs\":[\"https:\/\/www.hoecker.eu\/wer\/prof-dr-ralf-hoecker\",\"https:\/\/www.facebook.com\/ralf.hoecker\",\"https:\/\/www.linkedin.com\/in\/prof-dr-ralf-hcker-ll-m-london-17987826\/\",\"https:\/\/x.com\/Ralf_Hoecker\"],\"url\":\"https:\/\/www.hoecker.eu\/blog\/author\/hoecker_adm\/\"}]}<\/script>\n<!-- \/ Yoast SEO Premium plugin. -->","yoast_head_json":{"title":"Anspruch auf L\u00f6schung des Profils bei Jameda: OLG M\u00fcnchen st\u00e4rkt Rechte von \u00c4rzten - H\u00d6CKER - der Blog","robots":{"index":"index","follow":"follow","max-snippet":"max-snippet:-1","max-image-preview":"max-image-preview:large","max-video-preview":"max-video-preview:-1"},"canonical":"https:\/\/www.hoecker.eu\/blog\/anspruch-auf-loeschung-des-profils-bei-jameda-olg-muenchen-staerkt-rechte-von-aerzten\/","og_locale":"de_DE","og_type":"article","og_title":"Anspruch auf L\u00f6schung des Profils bei Jameda: OLG M\u00fcnchen st\u00e4rkt Rechte von \u00c4rzten","og_description":"In zwei parallel liegenden Verfahren hat das OLG M\u00fcnchen entschieden, dass ein Arztbewertungsportal bestimmte Gestaltungselemente nicht nur zahlenden Kunden vorbehalten darf (Urt. v. 19.01.2021, Az. 18 U 7246\/19 Pre und Az. 18 U 7243\/19 Pre, beide n.rkr.). Geklagt hatten zwei \u00c4rzte, die auf der Bewertungsplattform mit \u201eBasis\u201c-Profilen gef\u00fchrt werden. Diese Profile hatte Jameda ohne den [&hellip;]","og_url":"https:\/\/www.hoecker.eu\/blog\/anspruch-auf-loeschung-des-profils-bei-jameda-olg-muenchen-staerkt-rechte-von-aerzten\/","og_site_name":"H\u00d6CKER - der Blog","article_publisher":"https:\/\/www.facebook.com\/HoeckerRAe\/","article_author":"https:\/\/www.facebook.com\/ralf.hoecker","article_published_time":"2021-02-02T12:37:00+00:00","article_modified_time":"2025-02-17T13:54:37+00:00","author":"Prof. Dr. Ralf H\u00f6cker","twitter_card":"summary_large_image","twitter_creator":"@Ralf_Hoecker","twitter_site":"@hoecker_rae","twitter_misc":{"Verfasst von":"Prof. Dr. Ralf H\u00f6cker","Gesch\u00e4tzte Lesezeit":"2\u00a0Minuten"},"schema":{"@context":"https:\/\/schema.org","@graph":[{"@type":"Article","@id":"https:\/\/www.hoecker.eu\/blog\/anspruch-auf-loeschung-des-profils-bei-jameda-olg-muenchen-staerkt-rechte-von-aerzten\/#article","isPartOf":{"@id":"https:\/\/www.hoecker.eu\/blog\/anspruch-auf-loeschung-des-profils-bei-jameda-olg-muenchen-staerkt-rechte-von-aerzten\/"},"author":{"name":"Prof. Dr. Ralf H\u00f6cker","@id":"https:\/\/www.hoecker.eu\/blog\/#\/schema\/person\/08f95581eed0534eccd0b2438f7a1cab"},"headline":"Anspruch auf L\u00f6schung des Profils bei Jameda: OLG M\u00fcnchen st\u00e4rkt Rechte von \u00c4rzten","datePublished":"2021-02-02T12:37:00+00:00","dateModified":"2025-02-17T13:54:37+00:00","mainEntityOfPage":{"@id":"https:\/\/www.hoecker.eu\/blog\/anspruch-auf-loeschung-des-profils-bei-jameda-olg-muenchen-staerkt-rechte-von-aerzten\/"},"wordCount":427,"publisher":{"@id":"https:\/\/www.hoecker.eu\/blog\/#organization"},"articleSection":["News"],"inLanguage":"de"},{"@type":"WebPage","@id":"https:\/\/www.hoecker.eu\/blog\/anspruch-auf-loeschung-des-profils-bei-jameda-olg-muenchen-staerkt-rechte-von-aerzten\/","url":"https:\/\/www.hoecker.eu\/blog\/anspruch-auf-loeschung-des-profils-bei-jameda-olg-muenchen-staerkt-rechte-von-aerzten\/","name":"Anspruch auf L\u00f6schung des Profils bei Jameda: OLG M\u00fcnchen st\u00e4rkt Rechte von \u00c4rzten - H\u00d6CKER - der Blog","isPartOf":{"@id":"https:\/\/www.hoecker.eu\/blog\/#website"},"datePublished":"2021-02-02T12:37:00+00:00","dateModified":"2025-02-17T13:54:37+00:00","breadcrumb":{"@id":"https:\/\/www.hoecker.eu\/blog\/anspruch-auf-loeschung-des-profils-bei-jameda-olg-muenchen-staerkt-rechte-von-aerzten\/#breadcrumb"},"inLanguage":"de","potentialAction":[{"@type":"ReadAction","target":["https:\/\/www.hoecker.eu\/blog\/anspruch-auf-loeschung-des-profils-bei-jameda-olg-muenchen-staerkt-rechte-von-aerzten\/"]}]},{"@type":"BreadcrumbList","@id":"https:\/\/www.hoecker.eu\/blog\/anspruch-auf-loeschung-des-profils-bei-jameda-olg-muenchen-staerkt-rechte-von-aerzten\/#breadcrumb","itemListElement":[{"@type":"ListItem","position":1,"name":"Startseite","item":"https:\/\/dev.hoecker.eu\/blog\/"},{"@type":"ListItem","position":2,"name":"Anspruch auf L\u00f6schung des Profils bei Jameda: OLG M\u00fcnchen st\u00e4rkt Rechte von \u00c4rzten"}]},{"@type":"WebSite","@id":"https:\/\/www.hoecker.eu\/blog\/#website","url":"https:\/\/www.hoecker.eu\/blog\/","name":"H\u00d6CKER - der Blog","description":"Expertenblog f\u00fcr \u00c4u\u00dferungs-, Medien-, Marken-, Urheber- und Wettbewerbsrecht.","publisher":{"@id":"https:\/\/www.hoecker.eu\/blog\/#organization"},"potentialAction":[{"@type":"SearchAction","target":{"@type":"EntryPoint","urlTemplate":"https:\/\/www.hoecker.eu\/blog\/?s={search_term_string}"},"query-input":{"@type":"PropertyValueSpecification","valueRequired":true,"valueName":"search_term_string"}}],"inLanguage":"de"},{"@type":"Organization","@id":"https:\/\/www.hoecker.eu\/blog\/#organization","name":"H\u00d6CKER Rechtsanw\u00e4lte PartGmbB","alternateName":"H\u00d6CKER","url":"https:\/\/www.hoecker.eu\/blog\/","logo":{"@type":"ImageObject","inLanguage":"de","@id":"https:\/\/www.hoecker.eu\/blog\/#\/schema\/logo\/image\/","url":"https:\/\/www.hoecker.eu\/blog\/wp-content\/uploads\/2025\/03\/Blog-Logo.webp","contentUrl":"https:\/\/www.hoecker.eu\/blog\/wp-content\/uploads\/2025\/03\/Blog-Logo.webp","width":500,"height":500,"caption":"H\u00d6CKER Rechtsanw\u00e4lte PartGmbB"},"image":{"@id":"https:\/\/www.hoecker.eu\/blog\/#\/schema\/logo\/image\/"},"sameAs":["https:\/\/www.facebook.com\/HoeckerRAe\/","https:\/\/x.com\/hoecker_rae","https:\/\/www.linkedin.com\/company\/hcker-rechtsanwlte\/","https:\/\/www.instagram.com\/hoecker_rae\/"],"email":"contact@hoecker.eu","telephone":"+ 49 (0)221-933 19-10","legalName":"H\u00d6CKER Rechtsanw\u00e4lte PartGmbB","numberOfEmployees":{"@type":"QuantitativeValue","minValue":"11","maxValue":"50"}},{"@type":"Person","@id":"https:\/\/www.hoecker.eu\/blog\/#\/schema\/person\/08f95581eed0534eccd0b2438f7a1cab","name":"Prof. Dr. Ralf H\u00f6cker","description":"Medienanwalt. Besch\u00fctzer vor mieser Presse","sameAs":["https:\/\/www.hoecker.eu\/wer\/prof-dr-ralf-hoecker","https:\/\/www.facebook.com\/ralf.hoecker","https:\/\/www.linkedin.com\/in\/prof-dr-ralf-hcker-ll-m-london-17987826\/","https:\/\/x.com\/Ralf_Hoecker"],"url":"https:\/\/www.hoecker.eu\/blog\/author\/hoecker_adm\/"}]}},"authors":[{"term_id":84,"user_id":1,"is_guest":0,"slug":"hoecker_adm","display_name":"Prof. Dr. Ralf H\u00f6cker","avatar_url":{"url":"https:\/\/www.hoecker.eu\/blog\/wp-content\/uploads\/2023\/12\/ProfDrRalfHoecker.jpg","url2x":"https:\/\/www.hoecker.eu\/blog\/wp-content\/uploads\/2023\/12\/ProfDrRalfHoecker.jpg"},"0":null,"1":"","2":"","3":"","4":"","5":"","6":"","7":"","8":"","9":"","10":"","11":""}],"_links":{"self":[{"href":"https:\/\/www.hoecker.eu\/blog\/wp-json\/wp\/v2\/posts\/8257","targetHints":{"allow":["GET"]}}],"collection":[{"href":"https:\/\/www.hoecker.eu\/blog\/wp-json\/wp\/v2\/posts"}],"about":[{"href":"https:\/\/www.hoecker.eu\/blog\/wp-json\/wp\/v2\/types\/post"}],"author":[{"embeddable":true,"href":"https:\/\/www.hoecker.eu\/blog\/wp-json\/wp\/v2\/users\/1"}],"replies":[{"embeddable":true,"href":"https:\/\/www.hoecker.eu\/blog\/wp-json\/wp\/v2\/comments?post=8257"}],"version-history":[{"count":1,"href":"https:\/\/www.hoecker.eu\/blog\/wp-json\/wp\/v2\/posts\/8257\/revisions"}],"predecessor-version":[{"id":9379,"href":"https:\/\/www.hoecker.eu\/blog\/wp-json\/wp\/v2\/posts\/8257\/revisions\/9379"}],"wp:attachment":[{"href":"https:\/\/www.hoecker.eu\/blog\/wp-json\/wp\/v2\/media?parent=8257"}],"wp:term":[{"taxonomy":"category","embeddable":true,"href":"https:\/\/www.hoecker.eu\/blog\/wp-json\/wp\/v2\/categories?post=8257"},{"taxonomy":"post_tag","embeddable":true,"href":"https:\/\/www.hoecker.eu\/blog\/wp-json\/wp\/v2\/tags?post=8257"},{"taxonomy":"hashtags","embeddable":true,"href":"https:\/\/www.hoecker.eu\/blog\/wp-json\/wp\/v2\/hashtags?post=8257"},{"taxonomy":"author","embeddable":true,"href":"https:\/\/www.hoecker.eu\/blog\/wp-json\/wp\/v2\/ppma_author?post=8257"}],"curies":[{"name":"wp","href":"https:\/\/api.w.org\/{rel}","templated":true}]}}