{"id":8256,"date":"2021-02-26T16:43:00","date_gmt":"2021-02-26T15:43:00","guid":{"rendered":"https:\/\/www.hoecker.eu\/blog\/unangemessene-benachteiligung-zeitungsverlag-muss-fotografin-rund-85-000-euro-verguetung-nachzahlen\/"},"modified":"2025-02-17T14:54:37","modified_gmt":"2025-02-17T13:54:37","slug":"unangemessene-benachteiligung-zeitungsverlag-muss-fotografin-rund-85-000-euro-verguetung-nachzahlen","status":"publish","type":"post","link":"https:\/\/www.hoecker.eu\/blog\/unangemessene-benachteiligung-zeitungsverlag-muss-fotografin-rund-85-000-euro-verguetung-nachzahlen\/","title":{"rendered":"Unangemessene Benachteiligung &#8211; Zeitungsverlag muss Fotografin rund 85.000 Euro Verg\u00fctung nachzahlen"},"content":{"rendered":"<p>Pressefotografen m\u00fcssen &#8211; wie alle Urheber &#8211; angemessen verg\u00fctet werden. Das steht im Urheberrechtgesetz.<\/p>\n<p>Bereits seit 2013 gibt es f\u00fcr die Tageszeitungsbranche gemeinsame Verg\u00fctungsregeln. In diesen ist exakt festgehalten, wieviel Geld ein Tageszeitungsverlag f\u00fcr ein Bild bezahlen muss \u2013 mindestens. Trotzdem haben sich viele Verlage diesen Standards nie angepasst. Weiterhin werden Honorare gezahlt, die deutlich unterhalb der als angemessen angesehenen S\u00e4tze liegen. Ist das gezahlte Honorar zu niedrig, muss sich ein Fotograf damit nicht abfinden: Es kann eine Nachverg\u00fctung verlangt werden.<\/p>\n<p>In einer Auseinandersetzung zwischen einer nordrhein-westf\u00e4lischen Tageszeitung und einer freien Fotografin konnte H\u00d6CKER nun eine erhebliche Nachzahlung durchsetzen und das ganz ohne Gerichte einschalten zu m\u00fcssen. Der Verlag muss nun f\u00fcr die vier zur\u00fcckliegenden Jahre rund 85.000 Euro nachzahlen. F\u00fcr die erste Ver\u00f6ffentlichung von Fotos hatte der Verlag 29,50 bzw. 23,00 Euro bezahlt, in Einzelf\u00e4llen auch weniger. Und obwohl die Bilder zu einem sp\u00e4teren Zeitpunkt aus dem Archiv geholt und noch einmal verwertet wurden, ging die Fotografin zun\u00e4chst leer aus.<\/p>\n<p>Mit der nun geleisteten Nachzahlung hat sich der Verlag einen voraussichtlich langwierigen Prozess erspart, in dem es unter anderem um die Fragen gegangen w\u00e4re, ob ein vertraglicher Ausschluss von Nachverg\u00fctungsanspr\u00fcchen wirksam vereinbart werden oder ob der Urheber im Vorhinein auf entsprechende Anspr\u00fcche verzichten kann.<em><br \/><\/em><\/p>\n<p>Die Kanzlei H\u00f6cker vertritt eine Vielzahl von Journalisten und Filmschaffenden in Verfahren auf angemessene Verg\u00fctung.<\/p>\n","protected":false},"excerpt":{"rendered":"<p>Pressefotografen m\u00fcssen &#8211; wie alle Urheber &#8211; angemessen verg\u00fctet werden. Das steht im Urheberrechtgesetz. Bereits seit 2013 gibt es f\u00fcr die Tageszeitungsbranche gemeinsame Verg\u00fctungsregeln. In diesen ist exakt festgehalten, wieviel Geld ein Tageszeitungsverlag f\u00fcr ein Bild bezahlen muss \u2013 mindestens. Trotzdem haben sich viele Verlage diesen Standards nie angepasst. Weiterhin werden Honorare gezahlt, die deutlich [&hellip;]<\/p>\n","protected":false},"author":1,"featured_media":0,"comment_status":"closed","ping_status":"closed","sticky":false,"template":"","format":"standard","meta":{"_has_post_settings":[],"footnotes":""},"categories":[15],"tags":[],"hashtags":[],"ppma_author":[84],"class_list":["post-8256","post","type-post","status-publish","format-standard","hentry","category-news","author-hoecker_adm"],"yoast_head":"<!-- This site is optimized with the Yoast SEO Premium plugin v25.9 (Yoast SEO v27.0) - https:\/\/yoast.com\/product\/yoast-seo-premium-wordpress\/ -->\n<title>Unangemessene Benachteiligung - Zeitungsverlag muss Fotografin rund 85.000 Euro Verg\u00fctung nachzahlen - H\u00d6CKER - der Blog<\/title>\n<meta name=\"robots\" content=\"index, follow, max-snippet:-1, max-image-preview:large, max-video-preview:-1\" \/>\n<link rel=\"canonical\" href=\"https:\/\/www.hoecker.eu\/blog\/unangemessene-benachteiligung-zeitungsverlag-muss-fotografin-rund-85-000-euro-verguetung-nachzahlen\/\" \/>\n<meta property=\"og:locale\" content=\"de_DE\" \/>\n<meta property=\"og:type\" content=\"article\" \/>\n<meta property=\"og:title\" content=\"Unangemessene Benachteiligung - Zeitungsverlag muss Fotografin rund 85.000 Euro Verg\u00fctung nachzahlen\" \/>\n<meta property=\"og:description\" content=\"Pressefotografen m\u00fcssen &#8211; wie alle Urheber &#8211; angemessen verg\u00fctet werden. Das steht im Urheberrechtgesetz. Bereits seit 2013 gibt es f\u00fcr die Tageszeitungsbranche gemeinsame Verg\u00fctungsregeln. In diesen ist exakt festgehalten, wieviel Geld ein Tageszeitungsverlag f\u00fcr ein Bild bezahlen muss \u2013 mindestens. Trotzdem haben sich viele Verlage diesen Standards nie angepasst. Weiterhin werden Honorare gezahlt, die deutlich [&hellip;]\" \/>\n<meta property=\"og:url\" content=\"https:\/\/www.hoecker.eu\/blog\/unangemessene-benachteiligung-zeitungsverlag-muss-fotografin-rund-85-000-euro-verguetung-nachzahlen\/\" \/>\n<meta property=\"og:site_name\" content=\"H\u00d6CKER - der Blog\" \/>\n<meta property=\"article:publisher\" content=\"https:\/\/www.facebook.com\/HoeckerRAe\/\" \/>\n<meta property=\"article:author\" content=\"https:\/\/www.facebook.com\/ralf.hoecker\" \/>\n<meta property=\"article:published_time\" content=\"2021-02-26T15:43:00+00:00\" \/>\n<meta property=\"article:modified_time\" content=\"2025-02-17T13:54:37+00:00\" \/>\n<meta name=\"author\" content=\"Prof. Dr. Ralf H\u00f6cker\" \/>\n<meta name=\"twitter:card\" content=\"summary_large_image\" \/>\n<meta name=\"twitter:creator\" content=\"@Ralf_Hoecker\" \/>\n<meta name=\"twitter:site\" content=\"@hoecker_rae\" \/>\n<meta name=\"twitter:label1\" content=\"Verfasst von\" \/>\n\t<meta name=\"twitter:data1\" content=\"Prof. Dr. Ralf H\u00f6cker\" \/>\n\t<meta name=\"twitter:label2\" content=\"Gesch\u00e4tzte Lesezeit\" \/>\n\t<meta name=\"twitter:data2\" content=\"1\u00a0Minute\" \/>\n<script type=\"application\/ld+json\" class=\"yoast-schema-graph\">{\"@context\":\"https:\/\/schema.org\",\"@graph\":[{\"@type\":\"Article\",\"@id\":\"https:\/\/www.hoecker.eu\/blog\/unangemessene-benachteiligung-zeitungsverlag-muss-fotografin-rund-85-000-euro-verguetung-nachzahlen\/#article\",\"isPartOf\":{\"@id\":\"https:\/\/www.hoecker.eu\/blog\/unangemessene-benachteiligung-zeitungsverlag-muss-fotografin-rund-85-000-euro-verguetung-nachzahlen\/\"},\"author\":{\"name\":\"Prof. Dr. Ralf H\u00f6cker\",\"@id\":\"https:\/\/www.hoecker.eu\/blog\/#\/schema\/person\/08f95581eed0534eccd0b2438f7a1cab\"},\"headline\":\"Unangemessene Benachteiligung &#8211; Zeitungsverlag muss Fotografin rund 85.000 Euro Verg\u00fctung nachzahlen\",\"datePublished\":\"2021-02-26T15:43:00+00:00\",\"dateModified\":\"2025-02-17T13:54:37+00:00\",\"mainEntityOfPage\":{\"@id\":\"https:\/\/www.hoecker.eu\/blog\/unangemessene-benachteiligung-zeitungsverlag-muss-fotografin-rund-85-000-euro-verguetung-nachzahlen\/\"},\"wordCount\":249,\"publisher\":{\"@id\":\"https:\/\/www.hoecker.eu\/blog\/#organization\"},\"articleSection\":[\"News\"],\"inLanguage\":\"de\"},{\"@type\":\"WebPage\",\"@id\":\"https:\/\/www.hoecker.eu\/blog\/unangemessene-benachteiligung-zeitungsverlag-muss-fotografin-rund-85-000-euro-verguetung-nachzahlen\/\",\"url\":\"https:\/\/www.hoecker.eu\/blog\/unangemessene-benachteiligung-zeitungsverlag-muss-fotografin-rund-85-000-euro-verguetung-nachzahlen\/\",\"name\":\"Unangemessene Benachteiligung - Zeitungsverlag muss Fotografin rund 85.000 Euro Verg\u00fctung nachzahlen - H\u00d6CKER - der Blog\",\"isPartOf\":{\"@id\":\"https:\/\/www.hoecker.eu\/blog\/#website\"},\"datePublished\":\"2021-02-26T15:43:00+00:00\",\"dateModified\":\"2025-02-17T13:54:37+00:00\",\"breadcrumb\":{\"@id\":\"https:\/\/www.hoecker.eu\/blog\/unangemessene-benachteiligung-zeitungsverlag-muss-fotografin-rund-85-000-euro-verguetung-nachzahlen\/#breadcrumb\"},\"inLanguage\":\"de\",\"potentialAction\":[{\"@type\":\"ReadAction\",\"target\":[\"https:\/\/www.hoecker.eu\/blog\/unangemessene-benachteiligung-zeitungsverlag-muss-fotografin-rund-85-000-euro-verguetung-nachzahlen\/\"]}]},{\"@type\":\"BreadcrumbList\",\"@id\":\"https:\/\/www.hoecker.eu\/blog\/unangemessene-benachteiligung-zeitungsverlag-muss-fotografin-rund-85-000-euro-verguetung-nachzahlen\/#breadcrumb\",\"itemListElement\":[{\"@type\":\"ListItem\",\"position\":1,\"name\":\"Startseite\",\"item\":\"https:\/\/dev.hoecker.eu\/blog\/\"},{\"@type\":\"ListItem\",\"position\":2,\"name\":\"Unangemessene Benachteiligung &#8211; Zeitungsverlag muss Fotografin rund 85.000 Euro Verg\u00fctung nachzahlen\"}]},{\"@type\":\"WebSite\",\"@id\":\"https:\/\/www.hoecker.eu\/blog\/#website\",\"url\":\"https:\/\/www.hoecker.eu\/blog\/\",\"name\":\"H\u00d6CKER - der Blog\",\"description\":\"Expertenblog f\u00fcr \u00c4u\u00dferungs-, Medien-, Marken-, Urheber- und Wettbewerbsrecht.\",\"publisher\":{\"@id\":\"https:\/\/www.hoecker.eu\/blog\/#organization\"},\"potentialAction\":[{\"@type\":\"SearchAction\",\"target\":{\"@type\":\"EntryPoint\",\"urlTemplate\":\"https:\/\/www.hoecker.eu\/blog\/?s={search_term_string}\"},\"query-input\":{\"@type\":\"PropertyValueSpecification\",\"valueRequired\":true,\"valueName\":\"search_term_string\"}}],\"inLanguage\":\"de\"},{\"@type\":\"Organization\",\"@id\":\"https:\/\/www.hoecker.eu\/blog\/#organization\",\"name\":\"H\u00d6CKER Rechtsanw\u00e4lte PartGmbB\",\"alternateName\":\"H\u00d6CKER\",\"url\":\"https:\/\/www.hoecker.eu\/blog\/\",\"logo\":{\"@type\":\"ImageObject\",\"inLanguage\":\"de\",\"@id\":\"https:\/\/www.hoecker.eu\/blog\/#\/schema\/logo\/image\/\",\"url\":\"https:\/\/www.hoecker.eu\/blog\/wp-content\/uploads\/2025\/03\/Blog-Logo.webp\",\"contentUrl\":\"https:\/\/www.hoecker.eu\/blog\/wp-content\/uploads\/2025\/03\/Blog-Logo.webp\",\"width\":500,\"height\":500,\"caption\":\"H\u00d6CKER Rechtsanw\u00e4lte PartGmbB\"},\"image\":{\"@id\":\"https:\/\/www.hoecker.eu\/blog\/#\/schema\/logo\/image\/\"},\"sameAs\":[\"https:\/\/www.facebook.com\/HoeckerRAe\/\",\"https:\/\/x.com\/hoecker_rae\",\"https:\/\/www.linkedin.com\/company\/hcker-rechtsanwlte\/\",\"https:\/\/www.instagram.com\/hoecker_rae\/\"],\"email\":\"contact@hoecker.eu\",\"telephone\":\"+ 49 (0)221-933 19-10\",\"legalName\":\"H\u00d6CKER Rechtsanw\u00e4lte PartGmbB\",\"numberOfEmployees\":{\"@type\":\"QuantitativeValue\",\"minValue\":\"11\",\"maxValue\":\"50\"}},{\"@type\":\"Person\",\"@id\":\"https:\/\/www.hoecker.eu\/blog\/#\/schema\/person\/08f95581eed0534eccd0b2438f7a1cab\",\"name\":\"Prof. Dr. Ralf H\u00f6cker\",\"description\":\"Medienanwalt. Besch\u00fctzer vor mieser Presse\",\"sameAs\":[\"https:\/\/www.hoecker.eu\/wer\/prof-dr-ralf-hoecker\",\"https:\/\/www.facebook.com\/ralf.hoecker\",\"https:\/\/www.linkedin.com\/in\/prof-dr-ralf-hcker-ll-m-london-17987826\/\",\"https:\/\/x.com\/Ralf_Hoecker\"],\"url\":\"https:\/\/www.hoecker.eu\/blog\/author\/hoecker_adm\/\"}]}<\/script>\n<!-- \/ Yoast SEO Premium plugin. -->","yoast_head_json":{"title":"Unangemessene Benachteiligung - Zeitungsverlag muss Fotografin rund 85.000 Euro Verg\u00fctung nachzahlen - H\u00d6CKER - der Blog","robots":{"index":"index","follow":"follow","max-snippet":"max-snippet:-1","max-image-preview":"max-image-preview:large","max-video-preview":"max-video-preview:-1"},"canonical":"https:\/\/www.hoecker.eu\/blog\/unangemessene-benachteiligung-zeitungsverlag-muss-fotografin-rund-85-000-euro-verguetung-nachzahlen\/","og_locale":"de_DE","og_type":"article","og_title":"Unangemessene Benachteiligung - Zeitungsverlag muss Fotografin rund 85.000 Euro Verg\u00fctung nachzahlen","og_description":"Pressefotografen m\u00fcssen &#8211; wie alle Urheber &#8211; angemessen verg\u00fctet werden. Das steht im Urheberrechtgesetz. Bereits seit 2013 gibt es f\u00fcr die Tageszeitungsbranche gemeinsame Verg\u00fctungsregeln. In diesen ist exakt festgehalten, wieviel Geld ein Tageszeitungsverlag f\u00fcr ein Bild bezahlen muss \u2013 mindestens. Trotzdem haben sich viele Verlage diesen Standards nie angepasst. Weiterhin werden Honorare gezahlt, die deutlich [&hellip;]","og_url":"https:\/\/www.hoecker.eu\/blog\/unangemessene-benachteiligung-zeitungsverlag-muss-fotografin-rund-85-000-euro-verguetung-nachzahlen\/","og_site_name":"H\u00d6CKER - der Blog","article_publisher":"https:\/\/www.facebook.com\/HoeckerRAe\/","article_author":"https:\/\/www.facebook.com\/ralf.hoecker","article_published_time":"2021-02-26T15:43:00+00:00","article_modified_time":"2025-02-17T13:54:37+00:00","author":"Prof. Dr. Ralf H\u00f6cker","twitter_card":"summary_large_image","twitter_creator":"@Ralf_Hoecker","twitter_site":"@hoecker_rae","twitter_misc":{"Verfasst von":"Prof. Dr. Ralf H\u00f6cker","Gesch\u00e4tzte Lesezeit":"1\u00a0Minute"},"schema":{"@context":"https:\/\/schema.org","@graph":[{"@type":"Article","@id":"https:\/\/www.hoecker.eu\/blog\/unangemessene-benachteiligung-zeitungsverlag-muss-fotografin-rund-85-000-euro-verguetung-nachzahlen\/#article","isPartOf":{"@id":"https:\/\/www.hoecker.eu\/blog\/unangemessene-benachteiligung-zeitungsverlag-muss-fotografin-rund-85-000-euro-verguetung-nachzahlen\/"},"author":{"name":"Prof. Dr. Ralf H\u00f6cker","@id":"https:\/\/www.hoecker.eu\/blog\/#\/schema\/person\/08f95581eed0534eccd0b2438f7a1cab"},"headline":"Unangemessene Benachteiligung &#8211; Zeitungsverlag muss Fotografin rund 85.000 Euro Verg\u00fctung nachzahlen","datePublished":"2021-02-26T15:43:00+00:00","dateModified":"2025-02-17T13:54:37+00:00","mainEntityOfPage":{"@id":"https:\/\/www.hoecker.eu\/blog\/unangemessene-benachteiligung-zeitungsverlag-muss-fotografin-rund-85-000-euro-verguetung-nachzahlen\/"},"wordCount":249,"publisher":{"@id":"https:\/\/www.hoecker.eu\/blog\/#organization"},"articleSection":["News"],"inLanguage":"de"},{"@type":"WebPage","@id":"https:\/\/www.hoecker.eu\/blog\/unangemessene-benachteiligung-zeitungsverlag-muss-fotografin-rund-85-000-euro-verguetung-nachzahlen\/","url":"https:\/\/www.hoecker.eu\/blog\/unangemessene-benachteiligung-zeitungsverlag-muss-fotografin-rund-85-000-euro-verguetung-nachzahlen\/","name":"Unangemessene Benachteiligung - Zeitungsverlag muss Fotografin rund 85.000 Euro Verg\u00fctung nachzahlen - H\u00d6CKER - der Blog","isPartOf":{"@id":"https:\/\/www.hoecker.eu\/blog\/#website"},"datePublished":"2021-02-26T15:43:00+00:00","dateModified":"2025-02-17T13:54:37+00:00","breadcrumb":{"@id":"https:\/\/www.hoecker.eu\/blog\/unangemessene-benachteiligung-zeitungsverlag-muss-fotografin-rund-85-000-euro-verguetung-nachzahlen\/#breadcrumb"},"inLanguage":"de","potentialAction":[{"@type":"ReadAction","target":["https:\/\/www.hoecker.eu\/blog\/unangemessene-benachteiligung-zeitungsverlag-muss-fotografin-rund-85-000-euro-verguetung-nachzahlen\/"]}]},{"@type":"BreadcrumbList","@id":"https:\/\/www.hoecker.eu\/blog\/unangemessene-benachteiligung-zeitungsverlag-muss-fotografin-rund-85-000-euro-verguetung-nachzahlen\/#breadcrumb","itemListElement":[{"@type":"ListItem","position":1,"name":"Startseite","item":"https:\/\/dev.hoecker.eu\/blog\/"},{"@type":"ListItem","position":2,"name":"Unangemessene Benachteiligung &#8211; Zeitungsverlag muss Fotografin rund 85.000 Euro Verg\u00fctung nachzahlen"}]},{"@type":"WebSite","@id":"https:\/\/www.hoecker.eu\/blog\/#website","url":"https:\/\/www.hoecker.eu\/blog\/","name":"H\u00d6CKER - der Blog","description":"Expertenblog f\u00fcr \u00c4u\u00dferungs-, Medien-, Marken-, Urheber- und Wettbewerbsrecht.","publisher":{"@id":"https:\/\/www.hoecker.eu\/blog\/#organization"},"potentialAction":[{"@type":"SearchAction","target":{"@type":"EntryPoint","urlTemplate":"https:\/\/www.hoecker.eu\/blog\/?s={search_term_string}"},"query-input":{"@type":"PropertyValueSpecification","valueRequired":true,"valueName":"search_term_string"}}],"inLanguage":"de"},{"@type":"Organization","@id":"https:\/\/www.hoecker.eu\/blog\/#organization","name":"H\u00d6CKER Rechtsanw\u00e4lte PartGmbB","alternateName":"H\u00d6CKER","url":"https:\/\/www.hoecker.eu\/blog\/","logo":{"@type":"ImageObject","inLanguage":"de","@id":"https:\/\/www.hoecker.eu\/blog\/#\/schema\/logo\/image\/","url":"https:\/\/www.hoecker.eu\/blog\/wp-content\/uploads\/2025\/03\/Blog-Logo.webp","contentUrl":"https:\/\/www.hoecker.eu\/blog\/wp-content\/uploads\/2025\/03\/Blog-Logo.webp","width":500,"height":500,"caption":"H\u00d6CKER Rechtsanw\u00e4lte PartGmbB"},"image":{"@id":"https:\/\/www.hoecker.eu\/blog\/#\/schema\/logo\/image\/"},"sameAs":["https:\/\/www.facebook.com\/HoeckerRAe\/","https:\/\/x.com\/hoecker_rae","https:\/\/www.linkedin.com\/company\/hcker-rechtsanwlte\/","https:\/\/www.instagram.com\/hoecker_rae\/"],"email":"contact@hoecker.eu","telephone":"+ 49 (0)221-933 19-10","legalName":"H\u00d6CKER Rechtsanw\u00e4lte PartGmbB","numberOfEmployees":{"@type":"QuantitativeValue","minValue":"11","maxValue":"50"}},{"@type":"Person","@id":"https:\/\/www.hoecker.eu\/blog\/#\/schema\/person\/08f95581eed0534eccd0b2438f7a1cab","name":"Prof. Dr. Ralf H\u00f6cker","description":"Medienanwalt. Besch\u00fctzer vor mieser Presse","sameAs":["https:\/\/www.hoecker.eu\/wer\/prof-dr-ralf-hoecker","https:\/\/www.facebook.com\/ralf.hoecker","https:\/\/www.linkedin.com\/in\/prof-dr-ralf-hcker-ll-m-london-17987826\/","https:\/\/x.com\/Ralf_Hoecker"],"url":"https:\/\/www.hoecker.eu\/blog\/author\/hoecker_adm\/"}]}},"authors":[{"term_id":84,"user_id":1,"is_guest":0,"slug":"hoecker_adm","display_name":"Prof. Dr. Ralf H\u00f6cker","avatar_url":{"url":"https:\/\/www.hoecker.eu\/blog\/wp-content\/uploads\/2023\/12\/ProfDrRalfHoecker.jpg","url2x":"https:\/\/www.hoecker.eu\/blog\/wp-content\/uploads\/2023\/12\/ProfDrRalfHoecker.jpg"},"0":null,"1":"","2":"","3":"","4":"","5":"","6":"","7":"","8":"","9":"","10":"","11":""}],"_links":{"self":[{"href":"https:\/\/www.hoecker.eu\/blog\/wp-json\/wp\/v2\/posts\/8256","targetHints":{"allow":["GET"]}}],"collection":[{"href":"https:\/\/www.hoecker.eu\/blog\/wp-json\/wp\/v2\/posts"}],"about":[{"href":"https:\/\/www.hoecker.eu\/blog\/wp-json\/wp\/v2\/types\/post"}],"author":[{"embeddable":true,"href":"https:\/\/www.hoecker.eu\/blog\/wp-json\/wp\/v2\/users\/1"}],"replies":[{"embeddable":true,"href":"https:\/\/www.hoecker.eu\/blog\/wp-json\/wp\/v2\/comments?post=8256"}],"version-history":[{"count":1,"href":"https:\/\/www.hoecker.eu\/blog\/wp-json\/wp\/v2\/posts\/8256\/revisions"}],"predecessor-version":[{"id":9378,"href":"https:\/\/www.hoecker.eu\/blog\/wp-json\/wp\/v2\/posts\/8256\/revisions\/9378"}],"wp:attachment":[{"href":"https:\/\/www.hoecker.eu\/blog\/wp-json\/wp\/v2\/media?parent=8256"}],"wp:term":[{"taxonomy":"category","embeddable":true,"href":"https:\/\/www.hoecker.eu\/blog\/wp-json\/wp\/v2\/categories?post=8256"},{"taxonomy":"post_tag","embeddable":true,"href":"https:\/\/www.hoecker.eu\/blog\/wp-json\/wp\/v2\/tags?post=8256"},{"taxonomy":"hashtags","embeddable":true,"href":"https:\/\/www.hoecker.eu\/blog\/wp-json\/wp\/v2\/hashtags?post=8256"},{"taxonomy":"author","embeddable":true,"href":"https:\/\/www.hoecker.eu\/blog\/wp-json\/wp\/v2\/ppma_author?post=8256"}],"curies":[{"name":"wp","href":"https:\/\/api.w.org\/{rel}","templated":true}]}}