{"id":8255,"date":"2021-03-12T17:42:00","date_gmt":"2021-03-12T16:42:00","guid":{"rendered":"https:\/\/www.hoecker.eu\/blog\/hoecker-verteidigt-event-veranstalter-erfolgreich-gegen-absurde-vorwuerfe\/"},"modified":"2025-02-17T14:54:36","modified_gmt":"2025-02-17T13:54:36","slug":"hoecker-verteidigt-event-veranstalter-erfolgreich-gegen-absurde-vorwuerfe","status":"publish","type":"post","link":"https:\/\/www.hoecker.eu\/blog\/hoecker-verteidigt-event-veranstalter-erfolgreich-gegen-absurde-vorwuerfe\/","title":{"rendered":"H\u00d6CKER verteidigt Event-Veranstalter erfolgreich gegen absurde Vorw\u00fcrfe"},"content":{"rendered":"<p>H\u00d6CKER hat einen Event-Veranstalter erfolgreich gegen absurde Vorw\u00fcrfe verteidigt, die an dessen gesch\u00e4ftliches Instagram-Profil \u00fcber die Chat-Funktion versendet worden sind.<\/p>\n<p>Anfang 2021 erhielt der Event-Veranstalter auf Instagram diverse Chat-Nachrichten, in denen der Verfasser (der Einfachheit halber wird das generische Maskulinum verwandt) wahrheitswidrig behauptete, der Event-Veranstalter habe ihn gehackt sowie abgeh\u00f6rt bzw. jemanden vermittelt, der dies \u00fcbernehme. F\u00fcr den Fall, dass der Event-Veranstalter nicht kooperiere, stellte ihm der Verfasser dar\u00fcber hinaus eine Beeintr\u00e4chtigung seines Eigentums in Aussicht. Der Event-Veranstalter, der angesichts der absurden Vorw\u00fcrfe um seine pers\u00f6nliche Sicherheit sowie seinen Ruf f\u00fcrchtete, wandte sich schon kurze Zeit nach Erhalt der Nachrichten an H\u00d6CKER.<\/p>\n<p>H\u00d6CKER hat den Verfasser abgemahnt, der sich daraufhin im Rahmen eines strafbewehrten Unterlassungsvertrags verpflichtete, es zu unterlassen, dem Event-Veranstalter negative Einwirkungen auf \u2013 insbesondere \u2013 sein Eigentum in Aussicht zu stellen. Weil der Verfasser im \u00dcbrigen jedoch an seinen absurden Vorw\u00fcrfen festhielt, beantragte H\u00d6CKER den Erlass einer einstweiligen Verf\u00fcgung. <\/p>\n<p>Das Amtsgericht Siegburg hat am 05.03.2021 (Az. 115 C 33\/21) die beantragte einstweilige Verf\u00fcgung zugunsten des Event-Veranstalters erlassen. Zur Begr\u00fcndung f\u00fchrt das Gericht aus, der Event-Veranstalter als Antragsteller sei durch die \u00c4u\u00dferungen in seinem Allgemeinen Pers\u00f6nlichkeitsrecht verletzt. Die Behauptung, der Antragsteller habe den Antragsgegner, also den Verfasser der Chat-Nachrichten, gehackt, stelle eine Tatsachenbehauptung dar, die geeignet sei, ihn in seinem sozialen Achtungsanspruch herabzuw\u00fcrdigen. Der Antragsteller werde eines sozial allgemein als sch\u00e4dlich angesehenen und strafbewehrten Verhaltens (\u00a7\u00a7 202a ff. StGB) bezichtigt. Nach Form und Inhalt seien die get\u00e4tigten \u00c4u\u00dferungen zudem ausschlie\u00dflich auf eine pers\u00f6nliche Herabsetzung gerichtet, was sich insbesondere aus dem Kontext der mehrere Seiten umfassenden und pers\u00f6nliche Beleidigungen sowie Bedrohungen enthaltenden Chat-Nachrichten ergebe. <\/p>\n<p>Rechtsanwalt Dr. Ren\u00e9 Rosenau, LL.M., erl\u00e4utert: <br \/><em>\u201eNiemand sollte sich derart absurde Vorw\u00fcrfe gefallen lassen, denn sie stellen einen eindeutigen Eingriff in das Allgemeine Pers\u00f6nlichkeitsrecht dar. Dabei ist es sinnvoll, einen Antrag auf Erlass einer einstweiligen Verf\u00fcgung zu stellen, um sich schnell und effektiv gegen derartige \u00c4u\u00dferungen zur Wehr zu setzen. Insofern empfehlen wir, dass sich Betroffene z\u00fcgig rechtlichen Rat suchen, denn Eilrechtsschutz wird von den Gerichten nur dann gew\u00e4hrt, wenn der Antragsteller die Dringlichkeitsfrist wahrt.\u201c<\/em><\/p>\n","protected":false},"excerpt":{"rendered":"<p>H\u00d6CKER hat einen Event-Veranstalter erfolgreich gegen absurde Vorw\u00fcrfe verteidigt, die an dessen gesch\u00e4ftliches Instagram-Profil \u00fcber die Chat-Funktion versendet worden sind. Anfang 2021 erhielt der Event-Veranstalter auf Instagram diverse Chat-Nachrichten, in denen der Verfasser (der Einfachheit halber wird das generische Maskulinum verwandt) wahrheitswidrig behauptete, der Event-Veranstalter habe ihn gehackt sowie abgeh\u00f6rt bzw. jemanden vermittelt, der dies [&hellip;]<\/p>\n","protected":false},"author":1,"featured_media":0,"comment_status":"closed","ping_status":"closed","sticky":false,"template":"","format":"standard","meta":{"_has_post_settings":[],"footnotes":""},"categories":[15],"tags":[],"hashtags":[],"ppma_author":[84],"class_list":["post-8255","post","type-post","status-publish","format-standard","hentry","category-news","author-hoecker_adm"],"yoast_head":"<!-- This site is optimized with the Yoast SEO Premium plugin v25.9 (Yoast SEO v27.0) - https:\/\/yoast.com\/product\/yoast-seo-premium-wordpress\/ -->\n<title>H\u00d6CKER verteidigt Event-Veranstalter erfolgreich gegen absurde Vorw\u00fcrfe - H\u00d6CKER - der Blog<\/title>\n<meta name=\"robots\" content=\"index, follow, max-snippet:-1, max-image-preview:large, max-video-preview:-1\" \/>\n<link rel=\"canonical\" href=\"https:\/\/www.hoecker.eu\/blog\/hoecker-verteidigt-event-veranstalter-erfolgreich-gegen-absurde-vorwuerfe\/\" \/>\n<meta property=\"og:locale\" content=\"de_DE\" \/>\n<meta property=\"og:type\" content=\"article\" \/>\n<meta property=\"og:title\" content=\"H\u00d6CKER verteidigt Event-Veranstalter erfolgreich gegen absurde Vorw\u00fcrfe\" \/>\n<meta property=\"og:description\" content=\"H\u00d6CKER hat einen Event-Veranstalter erfolgreich gegen absurde Vorw\u00fcrfe verteidigt, die an dessen gesch\u00e4ftliches Instagram-Profil \u00fcber die Chat-Funktion versendet worden sind. Anfang 2021 erhielt der Event-Veranstalter auf Instagram diverse Chat-Nachrichten, in denen der Verfasser (der Einfachheit halber wird das generische Maskulinum verwandt) wahrheitswidrig behauptete, der Event-Veranstalter habe ihn gehackt sowie abgeh\u00f6rt bzw. jemanden vermittelt, der dies [&hellip;]\" \/>\n<meta property=\"og:url\" content=\"https:\/\/www.hoecker.eu\/blog\/hoecker-verteidigt-event-veranstalter-erfolgreich-gegen-absurde-vorwuerfe\/\" \/>\n<meta property=\"og:site_name\" content=\"H\u00d6CKER - der Blog\" \/>\n<meta property=\"article:publisher\" content=\"https:\/\/www.facebook.com\/HoeckerRAe\/\" \/>\n<meta property=\"article:author\" content=\"https:\/\/www.facebook.com\/ralf.hoecker\" \/>\n<meta property=\"article:published_time\" content=\"2021-03-12T16:42:00+00:00\" \/>\n<meta property=\"article:modified_time\" content=\"2025-02-17T13:54:36+00:00\" \/>\n<meta name=\"author\" content=\"Prof. Dr. Ralf H\u00f6cker\" \/>\n<meta name=\"twitter:card\" content=\"summary_large_image\" \/>\n<meta name=\"twitter:creator\" content=\"@Ralf_Hoecker\" \/>\n<meta name=\"twitter:site\" content=\"@hoecker_rae\" \/>\n<meta name=\"twitter:label1\" content=\"Verfasst von\" \/>\n\t<meta name=\"twitter:data1\" content=\"Prof. Dr. Ralf H\u00f6cker\" \/>\n\t<meta name=\"twitter:label2\" content=\"Gesch\u00e4tzte Lesezeit\" \/>\n\t<meta name=\"twitter:data2\" content=\"2\u00a0Minuten\" \/>\n<script type=\"application\/ld+json\" class=\"yoast-schema-graph\">{\"@context\":\"https:\/\/schema.org\",\"@graph\":[{\"@type\":\"Article\",\"@id\":\"https:\/\/www.hoecker.eu\/blog\/hoecker-verteidigt-event-veranstalter-erfolgreich-gegen-absurde-vorwuerfe\/#article\",\"isPartOf\":{\"@id\":\"https:\/\/www.hoecker.eu\/blog\/hoecker-verteidigt-event-veranstalter-erfolgreich-gegen-absurde-vorwuerfe\/\"},\"author\":{\"name\":\"Prof. Dr. Ralf H\u00f6cker\",\"@id\":\"https:\/\/www.hoecker.eu\/blog\/#\/schema\/person\/08f95581eed0534eccd0b2438f7a1cab\"},\"headline\":\"H\u00d6CKER verteidigt Event-Veranstalter erfolgreich gegen absurde Vorw\u00fcrfe\",\"datePublished\":\"2021-03-12T16:42:00+00:00\",\"dateModified\":\"2025-02-17T13:54:36+00:00\",\"mainEntityOfPage\":{\"@id\":\"https:\/\/www.hoecker.eu\/blog\/hoecker-verteidigt-event-veranstalter-erfolgreich-gegen-absurde-vorwuerfe\/\"},\"wordCount\":376,\"publisher\":{\"@id\":\"https:\/\/www.hoecker.eu\/blog\/#organization\"},\"articleSection\":[\"News\"],\"inLanguage\":\"de\"},{\"@type\":\"WebPage\",\"@id\":\"https:\/\/www.hoecker.eu\/blog\/hoecker-verteidigt-event-veranstalter-erfolgreich-gegen-absurde-vorwuerfe\/\",\"url\":\"https:\/\/www.hoecker.eu\/blog\/hoecker-verteidigt-event-veranstalter-erfolgreich-gegen-absurde-vorwuerfe\/\",\"name\":\"H\u00d6CKER verteidigt Event-Veranstalter erfolgreich gegen absurde Vorw\u00fcrfe - H\u00d6CKER - der Blog\",\"isPartOf\":{\"@id\":\"https:\/\/www.hoecker.eu\/blog\/#website\"},\"datePublished\":\"2021-03-12T16:42:00+00:00\",\"dateModified\":\"2025-02-17T13:54:36+00:00\",\"breadcrumb\":{\"@id\":\"https:\/\/www.hoecker.eu\/blog\/hoecker-verteidigt-event-veranstalter-erfolgreich-gegen-absurde-vorwuerfe\/#breadcrumb\"},\"inLanguage\":\"de\",\"potentialAction\":[{\"@type\":\"ReadAction\",\"target\":[\"https:\/\/www.hoecker.eu\/blog\/hoecker-verteidigt-event-veranstalter-erfolgreich-gegen-absurde-vorwuerfe\/\"]}]},{\"@type\":\"BreadcrumbList\",\"@id\":\"https:\/\/www.hoecker.eu\/blog\/hoecker-verteidigt-event-veranstalter-erfolgreich-gegen-absurde-vorwuerfe\/#breadcrumb\",\"itemListElement\":[{\"@type\":\"ListItem\",\"position\":1,\"name\":\"Startseite\",\"item\":\"https:\/\/dev.hoecker.eu\/blog\/\"},{\"@type\":\"ListItem\",\"position\":2,\"name\":\"H\u00d6CKER verteidigt Event-Veranstalter erfolgreich gegen absurde Vorw\u00fcrfe\"}]},{\"@type\":\"WebSite\",\"@id\":\"https:\/\/www.hoecker.eu\/blog\/#website\",\"url\":\"https:\/\/www.hoecker.eu\/blog\/\",\"name\":\"H\u00d6CKER - der Blog\",\"description\":\"Expertenblog f\u00fcr \u00c4u\u00dferungs-, Medien-, Marken-, Urheber- und Wettbewerbsrecht.\",\"publisher\":{\"@id\":\"https:\/\/www.hoecker.eu\/blog\/#organization\"},\"potentialAction\":[{\"@type\":\"SearchAction\",\"target\":{\"@type\":\"EntryPoint\",\"urlTemplate\":\"https:\/\/www.hoecker.eu\/blog\/?s={search_term_string}\"},\"query-input\":{\"@type\":\"PropertyValueSpecification\",\"valueRequired\":true,\"valueName\":\"search_term_string\"}}],\"inLanguage\":\"de\"},{\"@type\":\"Organization\",\"@id\":\"https:\/\/www.hoecker.eu\/blog\/#organization\",\"name\":\"H\u00d6CKER Rechtsanw\u00e4lte PartGmbB\",\"alternateName\":\"H\u00d6CKER\",\"url\":\"https:\/\/www.hoecker.eu\/blog\/\",\"logo\":{\"@type\":\"ImageObject\",\"inLanguage\":\"de\",\"@id\":\"https:\/\/www.hoecker.eu\/blog\/#\/schema\/logo\/image\/\",\"url\":\"https:\/\/www.hoecker.eu\/blog\/wp-content\/uploads\/2025\/03\/Blog-Logo.webp\",\"contentUrl\":\"https:\/\/www.hoecker.eu\/blog\/wp-content\/uploads\/2025\/03\/Blog-Logo.webp\",\"width\":500,\"height\":500,\"caption\":\"H\u00d6CKER Rechtsanw\u00e4lte PartGmbB\"},\"image\":{\"@id\":\"https:\/\/www.hoecker.eu\/blog\/#\/schema\/logo\/image\/\"},\"sameAs\":[\"https:\/\/www.facebook.com\/HoeckerRAe\/\",\"https:\/\/x.com\/hoecker_rae\",\"https:\/\/www.linkedin.com\/company\/hcker-rechtsanwlte\/\",\"https:\/\/www.instagram.com\/hoecker_rae\/\"],\"email\":\"contact@hoecker.eu\",\"telephone\":\"+ 49 (0)221-933 19-10\",\"legalName\":\"H\u00d6CKER Rechtsanw\u00e4lte PartGmbB\",\"numberOfEmployees\":{\"@type\":\"QuantitativeValue\",\"minValue\":\"11\",\"maxValue\":\"50\"}},{\"@type\":\"Person\",\"@id\":\"https:\/\/www.hoecker.eu\/blog\/#\/schema\/person\/08f95581eed0534eccd0b2438f7a1cab\",\"name\":\"Prof. Dr. Ralf H\u00f6cker\",\"description\":\"Medienanwalt. Besch\u00fctzer vor mieser Presse\",\"sameAs\":[\"https:\/\/www.hoecker.eu\/wer\/prof-dr-ralf-hoecker\",\"https:\/\/www.facebook.com\/ralf.hoecker\",\"https:\/\/www.linkedin.com\/in\/prof-dr-ralf-hcker-ll-m-london-17987826\/\",\"https:\/\/x.com\/Ralf_Hoecker\"],\"url\":\"https:\/\/www.hoecker.eu\/blog\/author\/hoecker_adm\/\"}]}<\/script>\n<!-- \/ Yoast SEO Premium plugin. -->","yoast_head_json":{"title":"H\u00d6CKER verteidigt Event-Veranstalter erfolgreich gegen absurde Vorw\u00fcrfe - H\u00d6CKER - der Blog","robots":{"index":"index","follow":"follow","max-snippet":"max-snippet:-1","max-image-preview":"max-image-preview:large","max-video-preview":"max-video-preview:-1"},"canonical":"https:\/\/www.hoecker.eu\/blog\/hoecker-verteidigt-event-veranstalter-erfolgreich-gegen-absurde-vorwuerfe\/","og_locale":"de_DE","og_type":"article","og_title":"H\u00d6CKER verteidigt Event-Veranstalter erfolgreich gegen absurde Vorw\u00fcrfe","og_description":"H\u00d6CKER hat einen Event-Veranstalter erfolgreich gegen absurde Vorw\u00fcrfe verteidigt, die an dessen gesch\u00e4ftliches Instagram-Profil \u00fcber die Chat-Funktion versendet worden sind. Anfang 2021 erhielt der Event-Veranstalter auf Instagram diverse Chat-Nachrichten, in denen der Verfasser (der Einfachheit halber wird das generische Maskulinum verwandt) wahrheitswidrig behauptete, der Event-Veranstalter habe ihn gehackt sowie abgeh\u00f6rt bzw. jemanden vermittelt, der dies [&hellip;]","og_url":"https:\/\/www.hoecker.eu\/blog\/hoecker-verteidigt-event-veranstalter-erfolgreich-gegen-absurde-vorwuerfe\/","og_site_name":"H\u00d6CKER - der Blog","article_publisher":"https:\/\/www.facebook.com\/HoeckerRAe\/","article_author":"https:\/\/www.facebook.com\/ralf.hoecker","article_published_time":"2021-03-12T16:42:00+00:00","article_modified_time":"2025-02-17T13:54:36+00:00","author":"Prof. Dr. Ralf H\u00f6cker","twitter_card":"summary_large_image","twitter_creator":"@Ralf_Hoecker","twitter_site":"@hoecker_rae","twitter_misc":{"Verfasst von":"Prof. Dr. Ralf H\u00f6cker","Gesch\u00e4tzte Lesezeit":"2\u00a0Minuten"},"schema":{"@context":"https:\/\/schema.org","@graph":[{"@type":"Article","@id":"https:\/\/www.hoecker.eu\/blog\/hoecker-verteidigt-event-veranstalter-erfolgreich-gegen-absurde-vorwuerfe\/#article","isPartOf":{"@id":"https:\/\/www.hoecker.eu\/blog\/hoecker-verteidigt-event-veranstalter-erfolgreich-gegen-absurde-vorwuerfe\/"},"author":{"name":"Prof. Dr. Ralf H\u00f6cker","@id":"https:\/\/www.hoecker.eu\/blog\/#\/schema\/person\/08f95581eed0534eccd0b2438f7a1cab"},"headline":"H\u00d6CKER verteidigt Event-Veranstalter erfolgreich gegen absurde Vorw\u00fcrfe","datePublished":"2021-03-12T16:42:00+00:00","dateModified":"2025-02-17T13:54:36+00:00","mainEntityOfPage":{"@id":"https:\/\/www.hoecker.eu\/blog\/hoecker-verteidigt-event-veranstalter-erfolgreich-gegen-absurde-vorwuerfe\/"},"wordCount":376,"publisher":{"@id":"https:\/\/www.hoecker.eu\/blog\/#organization"},"articleSection":["News"],"inLanguage":"de"},{"@type":"WebPage","@id":"https:\/\/www.hoecker.eu\/blog\/hoecker-verteidigt-event-veranstalter-erfolgreich-gegen-absurde-vorwuerfe\/","url":"https:\/\/www.hoecker.eu\/blog\/hoecker-verteidigt-event-veranstalter-erfolgreich-gegen-absurde-vorwuerfe\/","name":"H\u00d6CKER verteidigt Event-Veranstalter erfolgreich gegen absurde Vorw\u00fcrfe - H\u00d6CKER - der Blog","isPartOf":{"@id":"https:\/\/www.hoecker.eu\/blog\/#website"},"datePublished":"2021-03-12T16:42:00+00:00","dateModified":"2025-02-17T13:54:36+00:00","breadcrumb":{"@id":"https:\/\/www.hoecker.eu\/blog\/hoecker-verteidigt-event-veranstalter-erfolgreich-gegen-absurde-vorwuerfe\/#breadcrumb"},"inLanguage":"de","potentialAction":[{"@type":"ReadAction","target":["https:\/\/www.hoecker.eu\/blog\/hoecker-verteidigt-event-veranstalter-erfolgreich-gegen-absurde-vorwuerfe\/"]}]},{"@type":"BreadcrumbList","@id":"https:\/\/www.hoecker.eu\/blog\/hoecker-verteidigt-event-veranstalter-erfolgreich-gegen-absurde-vorwuerfe\/#breadcrumb","itemListElement":[{"@type":"ListItem","position":1,"name":"Startseite","item":"https:\/\/dev.hoecker.eu\/blog\/"},{"@type":"ListItem","position":2,"name":"H\u00d6CKER verteidigt Event-Veranstalter erfolgreich gegen absurde Vorw\u00fcrfe"}]},{"@type":"WebSite","@id":"https:\/\/www.hoecker.eu\/blog\/#website","url":"https:\/\/www.hoecker.eu\/blog\/","name":"H\u00d6CKER - der Blog","description":"Expertenblog f\u00fcr \u00c4u\u00dferungs-, Medien-, Marken-, Urheber- und Wettbewerbsrecht.","publisher":{"@id":"https:\/\/www.hoecker.eu\/blog\/#organization"},"potentialAction":[{"@type":"SearchAction","target":{"@type":"EntryPoint","urlTemplate":"https:\/\/www.hoecker.eu\/blog\/?s={search_term_string}"},"query-input":{"@type":"PropertyValueSpecification","valueRequired":true,"valueName":"search_term_string"}}],"inLanguage":"de"},{"@type":"Organization","@id":"https:\/\/www.hoecker.eu\/blog\/#organization","name":"H\u00d6CKER Rechtsanw\u00e4lte PartGmbB","alternateName":"H\u00d6CKER","url":"https:\/\/www.hoecker.eu\/blog\/","logo":{"@type":"ImageObject","inLanguage":"de","@id":"https:\/\/www.hoecker.eu\/blog\/#\/schema\/logo\/image\/","url":"https:\/\/www.hoecker.eu\/blog\/wp-content\/uploads\/2025\/03\/Blog-Logo.webp","contentUrl":"https:\/\/www.hoecker.eu\/blog\/wp-content\/uploads\/2025\/03\/Blog-Logo.webp","width":500,"height":500,"caption":"H\u00d6CKER Rechtsanw\u00e4lte PartGmbB"},"image":{"@id":"https:\/\/www.hoecker.eu\/blog\/#\/schema\/logo\/image\/"},"sameAs":["https:\/\/www.facebook.com\/HoeckerRAe\/","https:\/\/x.com\/hoecker_rae","https:\/\/www.linkedin.com\/company\/hcker-rechtsanwlte\/","https:\/\/www.instagram.com\/hoecker_rae\/"],"email":"contact@hoecker.eu","telephone":"+ 49 (0)221-933 19-10","legalName":"H\u00d6CKER Rechtsanw\u00e4lte PartGmbB","numberOfEmployees":{"@type":"QuantitativeValue","minValue":"11","maxValue":"50"}},{"@type":"Person","@id":"https:\/\/www.hoecker.eu\/blog\/#\/schema\/person\/08f95581eed0534eccd0b2438f7a1cab","name":"Prof. Dr. Ralf H\u00f6cker","description":"Medienanwalt. Besch\u00fctzer vor mieser Presse","sameAs":["https:\/\/www.hoecker.eu\/wer\/prof-dr-ralf-hoecker","https:\/\/www.facebook.com\/ralf.hoecker","https:\/\/www.linkedin.com\/in\/prof-dr-ralf-hcker-ll-m-london-17987826\/","https:\/\/x.com\/Ralf_Hoecker"],"url":"https:\/\/www.hoecker.eu\/blog\/author\/hoecker_adm\/"}]}},"authors":[{"term_id":84,"user_id":1,"is_guest":0,"slug":"hoecker_adm","display_name":"Prof. Dr. Ralf H\u00f6cker","avatar_url":{"url":"https:\/\/www.hoecker.eu\/blog\/wp-content\/uploads\/2023\/12\/ProfDrRalfHoecker.jpg","url2x":"https:\/\/www.hoecker.eu\/blog\/wp-content\/uploads\/2023\/12\/ProfDrRalfHoecker.jpg"},"0":null,"1":"","2":"","3":"","4":"","5":"","6":"","7":"","8":"","9":"","10":"","11":""}],"_links":{"self":[{"href":"https:\/\/www.hoecker.eu\/blog\/wp-json\/wp\/v2\/posts\/8255","targetHints":{"allow":["GET"]}}],"collection":[{"href":"https:\/\/www.hoecker.eu\/blog\/wp-json\/wp\/v2\/posts"}],"about":[{"href":"https:\/\/www.hoecker.eu\/blog\/wp-json\/wp\/v2\/types\/post"}],"author":[{"embeddable":true,"href":"https:\/\/www.hoecker.eu\/blog\/wp-json\/wp\/v2\/users\/1"}],"replies":[{"embeddable":true,"href":"https:\/\/www.hoecker.eu\/blog\/wp-json\/wp\/v2\/comments?post=8255"}],"version-history":[{"count":1,"href":"https:\/\/www.hoecker.eu\/blog\/wp-json\/wp\/v2\/posts\/8255\/revisions"}],"predecessor-version":[{"id":9377,"href":"https:\/\/www.hoecker.eu\/blog\/wp-json\/wp\/v2\/posts\/8255\/revisions\/9377"}],"wp:attachment":[{"href":"https:\/\/www.hoecker.eu\/blog\/wp-json\/wp\/v2\/media?parent=8255"}],"wp:term":[{"taxonomy":"category","embeddable":true,"href":"https:\/\/www.hoecker.eu\/blog\/wp-json\/wp\/v2\/categories?post=8255"},{"taxonomy":"post_tag","embeddable":true,"href":"https:\/\/www.hoecker.eu\/blog\/wp-json\/wp\/v2\/tags?post=8255"},{"taxonomy":"hashtags","embeddable":true,"href":"https:\/\/www.hoecker.eu\/blog\/wp-json\/wp\/v2\/hashtags?post=8255"},{"taxonomy":"author","embeddable":true,"href":"https:\/\/www.hoecker.eu\/blog\/wp-json\/wp\/v2\/ppma_author?post=8255"}],"curies":[{"name":"wp","href":"https:\/\/api.w.org\/{rel}","templated":true}]}}