{"id":8253,"date":"2021-03-18T19:58:00","date_gmt":"2021-03-18T18:58:00","guid":{"rendered":"https:\/\/www.hoecker.eu\/blog\/neues-missbrauchsgutachten-die-juve-berichtet-ueber-die-aeusserungsrechtliche-beratung-des-erzbistums-koeln-und-von-kardinal-woelki-durch-dr-carsten-brennecke\/"},"modified":"2025-02-17T14:54:35","modified_gmt":"2025-02-17T13:54:35","slug":"neues-missbrauchsgutachten-die-juve-berichtet-ueber-die-aeusserungsrechtliche-beratung-des-erzbistums-koeln-und-von-kardinal-woelki-durch-dr-carsten-brennecke","status":"publish","type":"post","link":"https:\/\/www.hoecker.eu\/blog\/neues-missbrauchsgutachten-die-juve-berichtet-ueber-die-aeusserungsrechtliche-beratung-des-erzbistums-koeln-und-von-kardinal-woelki-durch-dr-carsten-brennecke\/","title":{"rendered":"Neues Missbrauchsgutachten: Die JUVE berichtet \u00fcber die \u00e4u\u00dferungsrechtliche Beratung des Erzbistums K\u00f6ln und von Kardinal Woelki durch Dr. Carsten Brennecke"},"content":{"rendered":"<p>Die JUVE berichtet \u00fcber die presserechtliche Beratung des Erzbistums K\u00f6ln und von Kardinal Woelki bei der Erstellung des von Professor Gercke am 18.03.2021 vorgestellten Missbrauchsgutachtens:<\/p>\n<p><em>&#8220;Der Fall hat neben der Compliance-Untersuchung von Gercke auch eine erhebliche \u00e4u\u00dferungs- und pers\u00f6nlichkeitsrechtliche Bedeutung, da das Erzbistum Verantwortliche namentlich nennen wollte. Hierbei beriet Dr. Carsten Brennecke aus der bekannten Presserechtskanzlei H\u00f6cker sowohl das Erzbistum als auch Kardinal Woelki selbst.&#8221;<br \/><\/em><\/p>\n<p>Dr. Carsten Brennecke:<em><br \/>&#8220;Ich freue mich, dass im Interesse der von Missbrauchsf\u00e4llen Betroffenen eine methodisch und \u00e4u\u00dferungsrechtlich saubere Aufarbeitung erm\u00f6glicht wurde. Dies gilt ganz besonders angesichts des auch methodisch fehlerhaften Erstgutachtens, dessen Ver\u00f6ffentlichung wegen so schwerer und vielf\u00e4ltiger \u00e4u\u00dferungsrechtlicher M\u00e4ngel <em>nicht zul\u00e4ssig gewesen w\u00e4re<\/em>. Dass das Erzbistum K\u00f6ln und namentlich Herr Kardinal Woelki trotz des Gegenwinds in der Presse den steinigen Weg gegangen sind, ein handwerklich ordentliches Gutachten anfertigen zu lassen, ist nicht selbstverst\u00e4ndlich. Davor ziehe ich meinen Hut.&#8221;<\/em><\/p>\n<p>Zur JUVE-Meldung geht es hier:<br \/><a href=\"https:\/\/www.juve.de\/nachrichten\/namenundnachrichten\/2021\/03\/erzbistum-koeln-compliance-gutachten-von-gercke-wollschlaeger-findet-international-beachtung\" target=\"_blank\" rel=\"noreferrer noopener\">https:\/\/www.juve.de\/nachrichten\/namenundnachrichten\/2021\/03\/erzbistum-koeln-compliance-gutachten-von-gercke-wollschlaeger-findet-international-beachtung<\/a><\/p>\n","protected":false},"excerpt":{"rendered":"<p>Die JUVE berichtet \u00fcber die presserechtliche Beratung des Erzbistums K\u00f6ln und von Kardinal Woelki bei der Erstellung des von Professor Gercke am 18.03.2021 vorgestellten Missbrauchsgutachtens: &#8220;Der Fall hat neben der Compliance-Untersuchung von Gercke auch eine erhebliche \u00e4u\u00dferungs- und pers\u00f6nlichkeitsrechtliche Bedeutung, da das Erzbistum Verantwortliche namentlich nennen wollte. Hierbei beriet Dr. Carsten Brennecke aus der bekannten [&hellip;]<\/p>\n","protected":false},"author":1,"featured_media":0,"comment_status":"closed","ping_status":"closed","sticky":false,"template":"","format":"standard","meta":{"_has_post_settings":[],"footnotes":""},"categories":[15],"tags":[],"hashtags":[],"ppma_author":[84],"class_list":["post-8253","post","type-post","status-publish","format-standard","hentry","category-news","author-hoecker_adm"],"yoast_head":"<!-- This site is optimized with the Yoast SEO Premium plugin v25.9 (Yoast SEO v27.0) - https:\/\/yoast.com\/product\/yoast-seo-premium-wordpress\/ -->\n<title>Neues Missbrauchsgutachten: Die JUVE berichtet \u00fcber die \u00e4u\u00dferungsrechtliche Beratung des Erzbistums K\u00f6ln und von Kardinal Woelki durch Dr. Carsten Brennecke - H\u00d6CKER - der Blog<\/title>\n<meta name=\"robots\" content=\"index, follow, max-snippet:-1, max-image-preview:large, max-video-preview:-1\" \/>\n<link rel=\"canonical\" href=\"https:\/\/www.hoecker.eu\/blog\/neues-missbrauchsgutachten-die-juve-berichtet-ueber-die-aeusserungsrechtliche-beratung-des-erzbistums-koeln-und-von-kardinal-woelki-durch-dr-carsten-brennecke\/\" \/>\n<meta property=\"og:locale\" content=\"de_DE\" \/>\n<meta property=\"og:type\" content=\"article\" \/>\n<meta property=\"og:title\" content=\"Neues Missbrauchsgutachten: Die JUVE berichtet \u00fcber die \u00e4u\u00dferungsrechtliche Beratung des Erzbistums K\u00f6ln und von Kardinal Woelki durch Dr. Carsten Brennecke\" \/>\n<meta property=\"og:description\" content=\"Die JUVE berichtet \u00fcber die presserechtliche Beratung des Erzbistums K\u00f6ln und von Kardinal Woelki bei der Erstellung des von Professor Gercke am 18.03.2021 vorgestellten Missbrauchsgutachtens: &#8220;Der Fall hat neben der Compliance-Untersuchung von Gercke auch eine erhebliche \u00e4u\u00dferungs- und pers\u00f6nlichkeitsrechtliche Bedeutung, da das Erzbistum Verantwortliche namentlich nennen wollte. Hierbei beriet Dr. Carsten Brennecke aus der bekannten [&hellip;]\" \/>\n<meta property=\"og:url\" content=\"https:\/\/www.hoecker.eu\/blog\/neues-missbrauchsgutachten-die-juve-berichtet-ueber-die-aeusserungsrechtliche-beratung-des-erzbistums-koeln-und-von-kardinal-woelki-durch-dr-carsten-brennecke\/\" \/>\n<meta property=\"og:site_name\" content=\"H\u00d6CKER - der Blog\" \/>\n<meta property=\"article:publisher\" content=\"https:\/\/www.facebook.com\/HoeckerRAe\/\" \/>\n<meta property=\"article:author\" content=\"https:\/\/www.facebook.com\/ralf.hoecker\" \/>\n<meta property=\"article:published_time\" content=\"2021-03-18T18:58:00+00:00\" \/>\n<meta property=\"article:modified_time\" content=\"2025-02-17T13:54:35+00:00\" \/>\n<meta name=\"author\" content=\"Prof. Dr. Ralf H\u00f6cker\" \/>\n<meta name=\"twitter:card\" content=\"summary_large_image\" \/>\n<meta name=\"twitter:creator\" content=\"@Ralf_Hoecker\" \/>\n<meta name=\"twitter:site\" content=\"@hoecker_rae\" \/>\n<meta name=\"twitter:label1\" content=\"Verfasst von\" \/>\n\t<meta name=\"twitter:data1\" content=\"Prof. Dr. Ralf H\u00f6cker\" \/>\n\t<meta name=\"twitter:label2\" content=\"Gesch\u00e4tzte Lesezeit\" \/>\n\t<meta name=\"twitter:data2\" content=\"1\u00a0Minute\" \/>\n<script type=\"application\/ld+json\" class=\"yoast-schema-graph\">{\"@context\":\"https:\/\/schema.org\",\"@graph\":[{\"@type\":\"Article\",\"@id\":\"https:\/\/www.hoecker.eu\/blog\/neues-missbrauchsgutachten-die-juve-berichtet-ueber-die-aeusserungsrechtliche-beratung-des-erzbistums-koeln-und-von-kardinal-woelki-durch-dr-carsten-brennecke\/#article\",\"isPartOf\":{\"@id\":\"https:\/\/www.hoecker.eu\/blog\/neues-missbrauchsgutachten-die-juve-berichtet-ueber-die-aeusserungsrechtliche-beratung-des-erzbistums-koeln-und-von-kardinal-woelki-durch-dr-carsten-brennecke\/\"},\"author\":{\"name\":\"Prof. Dr. Ralf H\u00f6cker\",\"@id\":\"https:\/\/www.hoecker.eu\/blog\/#\/schema\/person\/08f95581eed0534eccd0b2438f7a1cab\"},\"headline\":\"Neues Missbrauchsgutachten: Die JUVE berichtet \u00fcber die \u00e4u\u00dferungsrechtliche Beratung des Erzbistums K\u00f6ln und von Kardinal Woelki durch Dr. Carsten Brennecke\",\"datePublished\":\"2021-03-18T18:58:00+00:00\",\"dateModified\":\"2025-02-17T13:54:35+00:00\",\"mainEntityOfPage\":{\"@id\":\"https:\/\/www.hoecker.eu\/blog\/neues-missbrauchsgutachten-die-juve-berichtet-ueber-die-aeusserungsrechtliche-beratung-des-erzbistums-koeln-und-von-kardinal-woelki-durch-dr-carsten-brennecke\/\"},\"wordCount\":192,\"publisher\":{\"@id\":\"https:\/\/www.hoecker.eu\/blog\/#organization\"},\"articleSection\":[\"News\"],\"inLanguage\":\"de\"},{\"@type\":\"WebPage\",\"@id\":\"https:\/\/www.hoecker.eu\/blog\/neues-missbrauchsgutachten-die-juve-berichtet-ueber-die-aeusserungsrechtliche-beratung-des-erzbistums-koeln-und-von-kardinal-woelki-durch-dr-carsten-brennecke\/\",\"url\":\"https:\/\/www.hoecker.eu\/blog\/neues-missbrauchsgutachten-die-juve-berichtet-ueber-die-aeusserungsrechtliche-beratung-des-erzbistums-koeln-und-von-kardinal-woelki-durch-dr-carsten-brennecke\/\",\"name\":\"Neues Missbrauchsgutachten: Die JUVE berichtet \u00fcber die \u00e4u\u00dferungsrechtliche Beratung des Erzbistums K\u00f6ln und von Kardinal Woelki durch Dr. Carsten Brennecke - H\u00d6CKER - der Blog\",\"isPartOf\":{\"@id\":\"https:\/\/www.hoecker.eu\/blog\/#website\"},\"datePublished\":\"2021-03-18T18:58:00+00:00\",\"dateModified\":\"2025-02-17T13:54:35+00:00\",\"breadcrumb\":{\"@id\":\"https:\/\/www.hoecker.eu\/blog\/neues-missbrauchsgutachten-die-juve-berichtet-ueber-die-aeusserungsrechtliche-beratung-des-erzbistums-koeln-und-von-kardinal-woelki-durch-dr-carsten-brennecke\/#breadcrumb\"},\"inLanguage\":\"de\",\"potentialAction\":[{\"@type\":\"ReadAction\",\"target\":[\"https:\/\/www.hoecker.eu\/blog\/neues-missbrauchsgutachten-die-juve-berichtet-ueber-die-aeusserungsrechtliche-beratung-des-erzbistums-koeln-und-von-kardinal-woelki-durch-dr-carsten-brennecke\/\"]}]},{\"@type\":\"BreadcrumbList\",\"@id\":\"https:\/\/www.hoecker.eu\/blog\/neues-missbrauchsgutachten-die-juve-berichtet-ueber-die-aeusserungsrechtliche-beratung-des-erzbistums-koeln-und-von-kardinal-woelki-durch-dr-carsten-brennecke\/#breadcrumb\",\"itemListElement\":[{\"@type\":\"ListItem\",\"position\":1,\"name\":\"Startseite\",\"item\":\"https:\/\/dev.hoecker.eu\/blog\/\"},{\"@type\":\"ListItem\",\"position\":2,\"name\":\"Neues Missbrauchsgutachten: Die JUVE berichtet \u00fcber die \u00e4u\u00dferungsrechtliche Beratung des Erzbistums K\u00f6ln und von Kardinal Woelki durch Dr. Carsten Brennecke\"}]},{\"@type\":\"WebSite\",\"@id\":\"https:\/\/www.hoecker.eu\/blog\/#website\",\"url\":\"https:\/\/www.hoecker.eu\/blog\/\",\"name\":\"H\u00d6CKER - der Blog\",\"description\":\"Expertenblog f\u00fcr \u00c4u\u00dferungs-, Medien-, Marken-, Urheber- und Wettbewerbsrecht.\",\"publisher\":{\"@id\":\"https:\/\/www.hoecker.eu\/blog\/#organization\"},\"potentialAction\":[{\"@type\":\"SearchAction\",\"target\":{\"@type\":\"EntryPoint\",\"urlTemplate\":\"https:\/\/www.hoecker.eu\/blog\/?s={search_term_string}\"},\"query-input\":{\"@type\":\"PropertyValueSpecification\",\"valueRequired\":true,\"valueName\":\"search_term_string\"}}],\"inLanguage\":\"de\"},{\"@type\":\"Organization\",\"@id\":\"https:\/\/www.hoecker.eu\/blog\/#organization\",\"name\":\"H\u00d6CKER Rechtsanw\u00e4lte PartGmbB\",\"alternateName\":\"H\u00d6CKER\",\"url\":\"https:\/\/www.hoecker.eu\/blog\/\",\"logo\":{\"@type\":\"ImageObject\",\"inLanguage\":\"de\",\"@id\":\"https:\/\/www.hoecker.eu\/blog\/#\/schema\/logo\/image\/\",\"url\":\"https:\/\/www.hoecker.eu\/blog\/wp-content\/uploads\/2025\/03\/Blog-Logo.webp\",\"contentUrl\":\"https:\/\/www.hoecker.eu\/blog\/wp-content\/uploads\/2025\/03\/Blog-Logo.webp\",\"width\":500,\"height\":500,\"caption\":\"H\u00d6CKER Rechtsanw\u00e4lte PartGmbB\"},\"image\":{\"@id\":\"https:\/\/www.hoecker.eu\/blog\/#\/schema\/logo\/image\/\"},\"sameAs\":[\"https:\/\/www.facebook.com\/HoeckerRAe\/\",\"https:\/\/x.com\/hoecker_rae\",\"https:\/\/www.linkedin.com\/company\/hcker-rechtsanwlte\/\",\"https:\/\/www.instagram.com\/hoecker_rae\/\"],\"email\":\"contact@hoecker.eu\",\"telephone\":\"+ 49 (0)221-933 19-10\",\"legalName\":\"H\u00d6CKER Rechtsanw\u00e4lte PartGmbB\",\"numberOfEmployees\":{\"@type\":\"QuantitativeValue\",\"minValue\":\"11\",\"maxValue\":\"50\"}},{\"@type\":\"Person\",\"@id\":\"https:\/\/www.hoecker.eu\/blog\/#\/schema\/person\/08f95581eed0534eccd0b2438f7a1cab\",\"name\":\"Prof. Dr. Ralf H\u00f6cker\",\"description\":\"Medienanwalt. Besch\u00fctzer vor mieser Presse\",\"sameAs\":[\"https:\/\/www.hoecker.eu\/wer\/prof-dr-ralf-hoecker\",\"https:\/\/www.facebook.com\/ralf.hoecker\",\"https:\/\/www.linkedin.com\/in\/prof-dr-ralf-hcker-ll-m-london-17987826\/\",\"https:\/\/x.com\/Ralf_Hoecker\"],\"url\":\"https:\/\/www.hoecker.eu\/blog\/author\/hoecker_adm\/\"}]}<\/script>\n<!-- \/ Yoast SEO Premium plugin. -->","yoast_head_json":{"title":"Neues Missbrauchsgutachten: Die JUVE berichtet \u00fcber die \u00e4u\u00dferungsrechtliche Beratung des Erzbistums K\u00f6ln und von Kardinal Woelki durch Dr. Carsten Brennecke - H\u00d6CKER - der Blog","robots":{"index":"index","follow":"follow","max-snippet":"max-snippet:-1","max-image-preview":"max-image-preview:large","max-video-preview":"max-video-preview:-1"},"canonical":"https:\/\/www.hoecker.eu\/blog\/neues-missbrauchsgutachten-die-juve-berichtet-ueber-die-aeusserungsrechtliche-beratung-des-erzbistums-koeln-und-von-kardinal-woelki-durch-dr-carsten-brennecke\/","og_locale":"de_DE","og_type":"article","og_title":"Neues Missbrauchsgutachten: Die JUVE berichtet \u00fcber die \u00e4u\u00dferungsrechtliche Beratung des Erzbistums K\u00f6ln und von Kardinal Woelki durch Dr. Carsten Brennecke","og_description":"Die JUVE berichtet \u00fcber die presserechtliche Beratung des Erzbistums K\u00f6ln und von Kardinal Woelki bei der Erstellung des von Professor Gercke am 18.03.2021 vorgestellten Missbrauchsgutachtens: &#8220;Der Fall hat neben der Compliance-Untersuchung von Gercke auch eine erhebliche \u00e4u\u00dferungs- und pers\u00f6nlichkeitsrechtliche Bedeutung, da das Erzbistum Verantwortliche namentlich nennen wollte. Hierbei beriet Dr. Carsten Brennecke aus der bekannten [&hellip;]","og_url":"https:\/\/www.hoecker.eu\/blog\/neues-missbrauchsgutachten-die-juve-berichtet-ueber-die-aeusserungsrechtliche-beratung-des-erzbistums-koeln-und-von-kardinal-woelki-durch-dr-carsten-brennecke\/","og_site_name":"H\u00d6CKER - der Blog","article_publisher":"https:\/\/www.facebook.com\/HoeckerRAe\/","article_author":"https:\/\/www.facebook.com\/ralf.hoecker","article_published_time":"2021-03-18T18:58:00+00:00","article_modified_time":"2025-02-17T13:54:35+00:00","author":"Prof. Dr. Ralf H\u00f6cker","twitter_card":"summary_large_image","twitter_creator":"@Ralf_Hoecker","twitter_site":"@hoecker_rae","twitter_misc":{"Verfasst von":"Prof. Dr. Ralf H\u00f6cker","Gesch\u00e4tzte Lesezeit":"1\u00a0Minute"},"schema":{"@context":"https:\/\/schema.org","@graph":[{"@type":"Article","@id":"https:\/\/www.hoecker.eu\/blog\/neues-missbrauchsgutachten-die-juve-berichtet-ueber-die-aeusserungsrechtliche-beratung-des-erzbistums-koeln-und-von-kardinal-woelki-durch-dr-carsten-brennecke\/#article","isPartOf":{"@id":"https:\/\/www.hoecker.eu\/blog\/neues-missbrauchsgutachten-die-juve-berichtet-ueber-die-aeusserungsrechtliche-beratung-des-erzbistums-koeln-und-von-kardinal-woelki-durch-dr-carsten-brennecke\/"},"author":{"name":"Prof. Dr. Ralf H\u00f6cker","@id":"https:\/\/www.hoecker.eu\/blog\/#\/schema\/person\/08f95581eed0534eccd0b2438f7a1cab"},"headline":"Neues Missbrauchsgutachten: Die JUVE berichtet \u00fcber die \u00e4u\u00dferungsrechtliche Beratung des Erzbistums K\u00f6ln und von Kardinal Woelki durch Dr. Carsten Brennecke","datePublished":"2021-03-18T18:58:00+00:00","dateModified":"2025-02-17T13:54:35+00:00","mainEntityOfPage":{"@id":"https:\/\/www.hoecker.eu\/blog\/neues-missbrauchsgutachten-die-juve-berichtet-ueber-die-aeusserungsrechtliche-beratung-des-erzbistums-koeln-und-von-kardinal-woelki-durch-dr-carsten-brennecke\/"},"wordCount":192,"publisher":{"@id":"https:\/\/www.hoecker.eu\/blog\/#organization"},"articleSection":["News"],"inLanguage":"de"},{"@type":"WebPage","@id":"https:\/\/www.hoecker.eu\/blog\/neues-missbrauchsgutachten-die-juve-berichtet-ueber-die-aeusserungsrechtliche-beratung-des-erzbistums-koeln-und-von-kardinal-woelki-durch-dr-carsten-brennecke\/","url":"https:\/\/www.hoecker.eu\/blog\/neues-missbrauchsgutachten-die-juve-berichtet-ueber-die-aeusserungsrechtliche-beratung-des-erzbistums-koeln-und-von-kardinal-woelki-durch-dr-carsten-brennecke\/","name":"Neues Missbrauchsgutachten: Die JUVE berichtet \u00fcber die \u00e4u\u00dferungsrechtliche Beratung des Erzbistums K\u00f6ln und von Kardinal Woelki durch Dr. Carsten Brennecke - H\u00d6CKER - der Blog","isPartOf":{"@id":"https:\/\/www.hoecker.eu\/blog\/#website"},"datePublished":"2021-03-18T18:58:00+00:00","dateModified":"2025-02-17T13:54:35+00:00","breadcrumb":{"@id":"https:\/\/www.hoecker.eu\/blog\/neues-missbrauchsgutachten-die-juve-berichtet-ueber-die-aeusserungsrechtliche-beratung-des-erzbistums-koeln-und-von-kardinal-woelki-durch-dr-carsten-brennecke\/#breadcrumb"},"inLanguage":"de","potentialAction":[{"@type":"ReadAction","target":["https:\/\/www.hoecker.eu\/blog\/neues-missbrauchsgutachten-die-juve-berichtet-ueber-die-aeusserungsrechtliche-beratung-des-erzbistums-koeln-und-von-kardinal-woelki-durch-dr-carsten-brennecke\/"]}]},{"@type":"BreadcrumbList","@id":"https:\/\/www.hoecker.eu\/blog\/neues-missbrauchsgutachten-die-juve-berichtet-ueber-die-aeusserungsrechtliche-beratung-des-erzbistums-koeln-und-von-kardinal-woelki-durch-dr-carsten-brennecke\/#breadcrumb","itemListElement":[{"@type":"ListItem","position":1,"name":"Startseite","item":"https:\/\/dev.hoecker.eu\/blog\/"},{"@type":"ListItem","position":2,"name":"Neues Missbrauchsgutachten: Die JUVE berichtet \u00fcber die \u00e4u\u00dferungsrechtliche Beratung des Erzbistums K\u00f6ln und von Kardinal Woelki durch Dr. Carsten Brennecke"}]},{"@type":"WebSite","@id":"https:\/\/www.hoecker.eu\/blog\/#website","url":"https:\/\/www.hoecker.eu\/blog\/","name":"H\u00d6CKER - der Blog","description":"Expertenblog f\u00fcr \u00c4u\u00dferungs-, Medien-, Marken-, Urheber- und Wettbewerbsrecht.","publisher":{"@id":"https:\/\/www.hoecker.eu\/blog\/#organization"},"potentialAction":[{"@type":"SearchAction","target":{"@type":"EntryPoint","urlTemplate":"https:\/\/www.hoecker.eu\/blog\/?s={search_term_string}"},"query-input":{"@type":"PropertyValueSpecification","valueRequired":true,"valueName":"search_term_string"}}],"inLanguage":"de"},{"@type":"Organization","@id":"https:\/\/www.hoecker.eu\/blog\/#organization","name":"H\u00d6CKER Rechtsanw\u00e4lte PartGmbB","alternateName":"H\u00d6CKER","url":"https:\/\/www.hoecker.eu\/blog\/","logo":{"@type":"ImageObject","inLanguage":"de","@id":"https:\/\/www.hoecker.eu\/blog\/#\/schema\/logo\/image\/","url":"https:\/\/www.hoecker.eu\/blog\/wp-content\/uploads\/2025\/03\/Blog-Logo.webp","contentUrl":"https:\/\/www.hoecker.eu\/blog\/wp-content\/uploads\/2025\/03\/Blog-Logo.webp","width":500,"height":500,"caption":"H\u00d6CKER Rechtsanw\u00e4lte PartGmbB"},"image":{"@id":"https:\/\/www.hoecker.eu\/blog\/#\/schema\/logo\/image\/"},"sameAs":["https:\/\/www.facebook.com\/HoeckerRAe\/","https:\/\/x.com\/hoecker_rae","https:\/\/www.linkedin.com\/company\/hcker-rechtsanwlte\/","https:\/\/www.instagram.com\/hoecker_rae\/"],"email":"contact@hoecker.eu","telephone":"+ 49 (0)221-933 19-10","legalName":"H\u00d6CKER Rechtsanw\u00e4lte PartGmbB","numberOfEmployees":{"@type":"QuantitativeValue","minValue":"11","maxValue":"50"}},{"@type":"Person","@id":"https:\/\/www.hoecker.eu\/blog\/#\/schema\/person\/08f95581eed0534eccd0b2438f7a1cab","name":"Prof. Dr. Ralf H\u00f6cker","description":"Medienanwalt. Besch\u00fctzer vor mieser Presse","sameAs":["https:\/\/www.hoecker.eu\/wer\/prof-dr-ralf-hoecker","https:\/\/www.facebook.com\/ralf.hoecker","https:\/\/www.linkedin.com\/in\/prof-dr-ralf-hcker-ll-m-london-17987826\/","https:\/\/x.com\/Ralf_Hoecker"],"url":"https:\/\/www.hoecker.eu\/blog\/author\/hoecker_adm\/"}]}},"authors":[{"term_id":84,"user_id":1,"is_guest":0,"slug":"hoecker_adm","display_name":"Prof. Dr. Ralf H\u00f6cker","avatar_url":{"url":"https:\/\/www.hoecker.eu\/blog\/wp-content\/uploads\/2023\/12\/ProfDrRalfHoecker.jpg","url2x":"https:\/\/www.hoecker.eu\/blog\/wp-content\/uploads\/2023\/12\/ProfDrRalfHoecker.jpg"},"0":null,"1":"","2":"","3":"","4":"","5":"","6":"","7":"","8":"","9":"","10":"","11":""}],"_links":{"self":[{"href":"https:\/\/www.hoecker.eu\/blog\/wp-json\/wp\/v2\/posts\/8253","targetHints":{"allow":["GET"]}}],"collection":[{"href":"https:\/\/www.hoecker.eu\/blog\/wp-json\/wp\/v2\/posts"}],"about":[{"href":"https:\/\/www.hoecker.eu\/blog\/wp-json\/wp\/v2\/types\/post"}],"author":[{"embeddable":true,"href":"https:\/\/www.hoecker.eu\/blog\/wp-json\/wp\/v2\/users\/1"}],"replies":[{"embeddable":true,"href":"https:\/\/www.hoecker.eu\/blog\/wp-json\/wp\/v2\/comments?post=8253"}],"version-history":[{"count":1,"href":"https:\/\/www.hoecker.eu\/blog\/wp-json\/wp\/v2\/posts\/8253\/revisions"}],"predecessor-version":[{"id":9375,"href":"https:\/\/www.hoecker.eu\/blog\/wp-json\/wp\/v2\/posts\/8253\/revisions\/9375"}],"wp:attachment":[{"href":"https:\/\/www.hoecker.eu\/blog\/wp-json\/wp\/v2\/media?parent=8253"}],"wp:term":[{"taxonomy":"category","embeddable":true,"href":"https:\/\/www.hoecker.eu\/blog\/wp-json\/wp\/v2\/categories?post=8253"},{"taxonomy":"post_tag","embeddable":true,"href":"https:\/\/www.hoecker.eu\/blog\/wp-json\/wp\/v2\/tags?post=8253"},{"taxonomy":"hashtags","embeddable":true,"href":"https:\/\/www.hoecker.eu\/blog\/wp-json\/wp\/v2\/hashtags?post=8253"},{"taxonomy":"author","embeddable":true,"href":"https:\/\/www.hoecker.eu\/blog\/wp-json\/wp\/v2\/ppma_author?post=8253"}],"curies":[{"name":"wp","href":"https:\/\/api.w.org\/{rel}","templated":true}]}}