{"id":8252,"date":"2021-03-30T10:31:00","date_gmt":"2021-03-30T08:31:00","guid":{"rendered":"https:\/\/www.hoecker.eu\/blog\/olg-koeln-bestaetigt-verbot-von-berichten-der-bild-zeitung-ueber-die-erpressung-eines-politikers-mit-intimen-details-aus-dessen-sexualleben\/"},"modified":"2025-02-17T14:54:34","modified_gmt":"2025-02-17T13:54:34","slug":"olg-koeln-bestaetigt-verbot-von-berichten-der-bild-zeitung-ueber-die-erpressung-eines-politikers-mit-intimen-details-aus-dessen-sexualleben","status":"publish","type":"post","link":"https:\/\/www.hoecker.eu\/blog\/olg-koeln-bestaetigt-verbot-von-berichten-der-bild-zeitung-ueber-die-erpressung-eines-politikers-mit-intimen-details-aus-dessen-sexualleben\/","title":{"rendered":"OLG K\u00f6ln best\u00e4tigt Verbot von Berichten der BILD-Zeitung \u00fcber die Erpressung eines Politikers mit intimen Details aus dessen Sexualleben"},"content":{"rendered":"<p>Ein Politiker wurde mit der Ver\u00f6ffentlichung intimer Fotos erpresst. Trotz geleisteter Zahlungen lie\u00dfen die Erpresser nicht von ihm ab. Daher wandte er sich an die Polizei und erstattete Anzeige. Die Erpresser wurden \u00fcberf\u00fchrt und sind mittlerweile rechtskr\u00e4ftig verurteilt.<\/p>\n<p>Die BILD-Zeitung berichtete mehrmals plakativ \u00fcber den Vorfall und das Strafverfahren. Sie lie\u00df sogar einen der Erpresser zu Wort kommen. Auch wenn sie den Namen des Politikers nicht nannte, war dieser aufgrund der Ver\u00f6ffentlichung diverser Details (Parteizugeh\u00f6rigkeit, Ort seines politischen Wirkens, Familienstand, Abbildung des Geld\u00fcbergabeortes) erkennbar und wurde auch tats\u00e4chlich erkannt.<\/p>\n<p>Das LG K\u00f6ln hatte daraufhin die Berichterstattungen der BILD-Zeitung verboten (Urt. v. 26.08.2020, Az. 28 O 167\/19). Das OLG K\u00f6ln best\u00e4tigte nun die erstinstanzliche Entscheidung (Urt. v. 18.03.2021, Az. 15 U 169\/20, n.rkr.). Es betonte, zugunsten des Kl\u00e4gers sei die \u201e<em>erhebliche Eingriffstiefe<\/em>\u201c der BILD-Berichterstattungen zu w\u00fcrdigen, da im Rahmen dieser \u00fcber die reine Opferrolle hinaus auch sehr private Informationen aus dem Sexualleben des Kl\u00e4gers mitgeteilt wurden, die einen tiefen Einblick in seine pers\u00f6nlichen Lebensumst\u00e4nde gaben und mit Bezug zur Intimsph\u00e4re jedenfalls zu seiner inneren Privatsph\u00e4re geh\u00f6ren.<\/p>\n<p>Das OLG K\u00f6ln stellte klar: Sind Details aus dem inneren Bereich der Privatsph\u00e4re betroffen, werden diese auch nicht allein deswegen gemeinfrei, weil sie Gegenstand strafrechtlicher Ermittlungen gegen Dritte sind.<\/p>\n<p>Rechtsanwalt Christoph Jarno Burghoff:<em><br \/><\/em><em>\u201eDie Berichterstattungen waren geeignet, eine erhebliche Breitenwirkung zu entfalten und eine besondere Stigmatisierung des Politikers nach sich zu ziehen. Der drohende Pers\u00f6nlichkeitsschaden stand au\u00dfer Verh\u00e4ltnis zum Berichterstattungsinteresse der BILD. Politiker d\u00fcrfen darauf vertrauen, dass intime Details aus ihrer inneren Privatsph\u00e4re auch dann geheim bleiben, wenn sie Gegenstand eines Strafverfahrens gegen Dritte sind.\u201c<\/em><\/p>\n","protected":false},"excerpt":{"rendered":"<p>Ein Politiker wurde mit der Ver\u00f6ffentlichung intimer Fotos erpresst. Trotz geleisteter Zahlungen lie\u00dfen die Erpresser nicht von ihm ab. Daher wandte er sich an die Polizei und erstattete Anzeige. Die Erpresser wurden \u00fcberf\u00fchrt und sind mittlerweile rechtskr\u00e4ftig verurteilt. Die BILD-Zeitung berichtete mehrmals plakativ \u00fcber den Vorfall und das Strafverfahren. Sie lie\u00df sogar einen der Erpresser [&hellip;]<\/p>\n","protected":false},"author":1,"featured_media":0,"comment_status":"closed","ping_status":"closed","sticky":false,"template":"","format":"standard","meta":{"_has_post_settings":[],"footnotes":""},"categories":[15],"tags":[],"hashtags":[],"ppma_author":[84],"class_list":["post-8252","post","type-post","status-publish","format-standard","hentry","category-news","author-hoecker_adm"],"yoast_head":"<!-- This site is optimized with the Yoast SEO Premium plugin v25.9 (Yoast SEO v27.0) - https:\/\/yoast.com\/product\/yoast-seo-premium-wordpress\/ -->\n<title>OLG K\u00f6ln best\u00e4tigt Verbot von Berichten der BILD-Zeitung \u00fcber die Erpressung eines Politikers mit intimen Details aus dessen Sexualleben - H\u00d6CKER - der Blog<\/title>\n<meta name=\"robots\" content=\"index, follow, max-snippet:-1, max-image-preview:large, max-video-preview:-1\" \/>\n<link rel=\"canonical\" href=\"https:\/\/www.hoecker.eu\/blog\/olg-koeln-bestaetigt-verbot-von-berichten-der-bild-zeitung-ueber-die-erpressung-eines-politikers-mit-intimen-details-aus-dessen-sexualleben\/\" \/>\n<meta property=\"og:locale\" content=\"de_DE\" \/>\n<meta property=\"og:type\" content=\"article\" \/>\n<meta property=\"og:title\" content=\"OLG K\u00f6ln best\u00e4tigt Verbot von Berichten der BILD-Zeitung \u00fcber die Erpressung eines Politikers mit intimen Details aus dessen Sexualleben\" \/>\n<meta property=\"og:description\" content=\"Ein Politiker wurde mit der Ver\u00f6ffentlichung intimer Fotos erpresst. Trotz geleisteter Zahlungen lie\u00dfen die Erpresser nicht von ihm ab. Daher wandte er sich an die Polizei und erstattete Anzeige. Die Erpresser wurden \u00fcberf\u00fchrt und sind mittlerweile rechtskr\u00e4ftig verurteilt. Die BILD-Zeitung berichtete mehrmals plakativ \u00fcber den Vorfall und das Strafverfahren. Sie lie\u00df sogar einen der Erpresser [&hellip;]\" \/>\n<meta property=\"og:url\" content=\"https:\/\/www.hoecker.eu\/blog\/olg-koeln-bestaetigt-verbot-von-berichten-der-bild-zeitung-ueber-die-erpressung-eines-politikers-mit-intimen-details-aus-dessen-sexualleben\/\" \/>\n<meta property=\"og:site_name\" content=\"H\u00d6CKER - der Blog\" \/>\n<meta property=\"article:publisher\" content=\"https:\/\/www.facebook.com\/HoeckerRAe\/\" \/>\n<meta property=\"article:author\" content=\"https:\/\/www.facebook.com\/ralf.hoecker\" \/>\n<meta property=\"article:published_time\" content=\"2021-03-30T08:31:00+00:00\" \/>\n<meta property=\"article:modified_time\" content=\"2025-02-17T13:54:34+00:00\" \/>\n<meta name=\"author\" content=\"Prof. Dr. Ralf H\u00f6cker\" \/>\n<meta name=\"twitter:card\" content=\"summary_large_image\" \/>\n<meta name=\"twitter:creator\" content=\"@Ralf_Hoecker\" \/>\n<meta name=\"twitter:site\" content=\"@hoecker_rae\" \/>\n<meta name=\"twitter:label1\" content=\"Verfasst von\" \/>\n\t<meta name=\"twitter:data1\" content=\"Prof. Dr. Ralf H\u00f6cker\" \/>\n\t<meta name=\"twitter:label2\" content=\"Gesch\u00e4tzte Lesezeit\" \/>\n\t<meta name=\"twitter:data2\" content=\"1\u00a0Minute\" \/>\n<script type=\"application\/ld+json\" class=\"yoast-schema-graph\">{\"@context\":\"https:\/\/schema.org\",\"@graph\":[{\"@type\":\"Article\",\"@id\":\"https:\/\/www.hoecker.eu\/blog\/olg-koeln-bestaetigt-verbot-von-berichten-der-bild-zeitung-ueber-die-erpressung-eines-politikers-mit-intimen-details-aus-dessen-sexualleben\/#article\",\"isPartOf\":{\"@id\":\"https:\/\/www.hoecker.eu\/blog\/olg-koeln-bestaetigt-verbot-von-berichten-der-bild-zeitung-ueber-die-erpressung-eines-politikers-mit-intimen-details-aus-dessen-sexualleben\/\"},\"author\":{\"name\":\"Prof. Dr. Ralf H\u00f6cker\",\"@id\":\"https:\/\/www.hoecker.eu\/blog\/#\/schema\/person\/08f95581eed0534eccd0b2438f7a1cab\"},\"headline\":\"OLG K\u00f6ln best\u00e4tigt Verbot von Berichten der BILD-Zeitung \u00fcber die Erpressung eines Politikers mit intimen Details aus dessen Sexualleben\",\"datePublished\":\"2021-03-30T08:31:00+00:00\",\"dateModified\":\"2025-02-17T13:54:34+00:00\",\"mainEntityOfPage\":{\"@id\":\"https:\/\/www.hoecker.eu\/blog\/olg-koeln-bestaetigt-verbot-von-berichten-der-bild-zeitung-ueber-die-erpressung-eines-politikers-mit-intimen-details-aus-dessen-sexualleben\/\"},\"wordCount\":302,\"publisher\":{\"@id\":\"https:\/\/www.hoecker.eu\/blog\/#organization\"},\"articleSection\":[\"News\"],\"inLanguage\":\"de\"},{\"@type\":\"WebPage\",\"@id\":\"https:\/\/www.hoecker.eu\/blog\/olg-koeln-bestaetigt-verbot-von-berichten-der-bild-zeitung-ueber-die-erpressung-eines-politikers-mit-intimen-details-aus-dessen-sexualleben\/\",\"url\":\"https:\/\/www.hoecker.eu\/blog\/olg-koeln-bestaetigt-verbot-von-berichten-der-bild-zeitung-ueber-die-erpressung-eines-politikers-mit-intimen-details-aus-dessen-sexualleben\/\",\"name\":\"OLG K\u00f6ln best\u00e4tigt Verbot von Berichten der BILD-Zeitung \u00fcber die Erpressung eines Politikers mit intimen Details aus dessen Sexualleben - H\u00d6CKER - der Blog\",\"isPartOf\":{\"@id\":\"https:\/\/www.hoecker.eu\/blog\/#website\"},\"datePublished\":\"2021-03-30T08:31:00+00:00\",\"dateModified\":\"2025-02-17T13:54:34+00:00\",\"breadcrumb\":{\"@id\":\"https:\/\/www.hoecker.eu\/blog\/olg-koeln-bestaetigt-verbot-von-berichten-der-bild-zeitung-ueber-die-erpressung-eines-politikers-mit-intimen-details-aus-dessen-sexualleben\/#breadcrumb\"},\"inLanguage\":\"de\",\"potentialAction\":[{\"@type\":\"ReadAction\",\"target\":[\"https:\/\/www.hoecker.eu\/blog\/olg-koeln-bestaetigt-verbot-von-berichten-der-bild-zeitung-ueber-die-erpressung-eines-politikers-mit-intimen-details-aus-dessen-sexualleben\/\"]}]},{\"@type\":\"BreadcrumbList\",\"@id\":\"https:\/\/www.hoecker.eu\/blog\/olg-koeln-bestaetigt-verbot-von-berichten-der-bild-zeitung-ueber-die-erpressung-eines-politikers-mit-intimen-details-aus-dessen-sexualleben\/#breadcrumb\",\"itemListElement\":[{\"@type\":\"ListItem\",\"position\":1,\"name\":\"Startseite\",\"item\":\"https:\/\/dev.hoecker.eu\/blog\/\"},{\"@type\":\"ListItem\",\"position\":2,\"name\":\"OLG K\u00f6ln best\u00e4tigt Verbot von Berichten der BILD-Zeitung \u00fcber die Erpressung eines Politikers mit intimen Details aus dessen Sexualleben\"}]},{\"@type\":\"WebSite\",\"@id\":\"https:\/\/www.hoecker.eu\/blog\/#website\",\"url\":\"https:\/\/www.hoecker.eu\/blog\/\",\"name\":\"H\u00d6CKER - der Blog\",\"description\":\"Expertenblog f\u00fcr \u00c4u\u00dferungs-, Medien-, Marken-, Urheber- und Wettbewerbsrecht.\",\"publisher\":{\"@id\":\"https:\/\/www.hoecker.eu\/blog\/#organization\"},\"potentialAction\":[{\"@type\":\"SearchAction\",\"target\":{\"@type\":\"EntryPoint\",\"urlTemplate\":\"https:\/\/www.hoecker.eu\/blog\/?s={search_term_string}\"},\"query-input\":{\"@type\":\"PropertyValueSpecification\",\"valueRequired\":true,\"valueName\":\"search_term_string\"}}],\"inLanguage\":\"de\"},{\"@type\":\"Organization\",\"@id\":\"https:\/\/www.hoecker.eu\/blog\/#organization\",\"name\":\"H\u00d6CKER Rechtsanw\u00e4lte PartGmbB\",\"alternateName\":\"H\u00d6CKER\",\"url\":\"https:\/\/www.hoecker.eu\/blog\/\",\"logo\":{\"@type\":\"ImageObject\",\"inLanguage\":\"de\",\"@id\":\"https:\/\/www.hoecker.eu\/blog\/#\/schema\/logo\/image\/\",\"url\":\"https:\/\/www.hoecker.eu\/blog\/wp-content\/uploads\/2025\/03\/Blog-Logo.webp\",\"contentUrl\":\"https:\/\/www.hoecker.eu\/blog\/wp-content\/uploads\/2025\/03\/Blog-Logo.webp\",\"width\":500,\"height\":500,\"caption\":\"H\u00d6CKER Rechtsanw\u00e4lte PartGmbB\"},\"image\":{\"@id\":\"https:\/\/www.hoecker.eu\/blog\/#\/schema\/logo\/image\/\"},\"sameAs\":[\"https:\/\/www.facebook.com\/HoeckerRAe\/\",\"https:\/\/x.com\/hoecker_rae\",\"https:\/\/www.linkedin.com\/company\/hcker-rechtsanwlte\/\",\"https:\/\/www.instagram.com\/hoecker_rae\/\"],\"email\":\"contact@hoecker.eu\",\"telephone\":\"+ 49 (0)221-933 19-10\",\"legalName\":\"H\u00d6CKER Rechtsanw\u00e4lte PartGmbB\",\"numberOfEmployees\":{\"@type\":\"QuantitativeValue\",\"minValue\":\"11\",\"maxValue\":\"50\"}},{\"@type\":\"Person\",\"@id\":\"https:\/\/www.hoecker.eu\/blog\/#\/schema\/person\/08f95581eed0534eccd0b2438f7a1cab\",\"name\":\"Prof. Dr. Ralf H\u00f6cker\",\"description\":\"Medienanwalt. Besch\u00fctzer vor mieser Presse\",\"sameAs\":[\"https:\/\/www.hoecker.eu\/wer\/prof-dr-ralf-hoecker\",\"https:\/\/www.facebook.com\/ralf.hoecker\",\"https:\/\/www.linkedin.com\/in\/prof-dr-ralf-hcker-ll-m-london-17987826\/\",\"https:\/\/x.com\/Ralf_Hoecker\"],\"url\":\"https:\/\/www.hoecker.eu\/blog\/author\/hoecker_adm\/\"}]}<\/script>\n<!-- \/ Yoast SEO Premium plugin. -->","yoast_head_json":{"title":"OLG K\u00f6ln best\u00e4tigt Verbot von Berichten der BILD-Zeitung \u00fcber die Erpressung eines Politikers mit intimen Details aus dessen Sexualleben - H\u00d6CKER - der Blog","robots":{"index":"index","follow":"follow","max-snippet":"max-snippet:-1","max-image-preview":"max-image-preview:large","max-video-preview":"max-video-preview:-1"},"canonical":"https:\/\/www.hoecker.eu\/blog\/olg-koeln-bestaetigt-verbot-von-berichten-der-bild-zeitung-ueber-die-erpressung-eines-politikers-mit-intimen-details-aus-dessen-sexualleben\/","og_locale":"de_DE","og_type":"article","og_title":"OLG K\u00f6ln best\u00e4tigt Verbot von Berichten der BILD-Zeitung \u00fcber die Erpressung eines Politikers mit intimen Details aus dessen Sexualleben","og_description":"Ein Politiker wurde mit der Ver\u00f6ffentlichung intimer Fotos erpresst. Trotz geleisteter Zahlungen lie\u00dfen die Erpresser nicht von ihm ab. Daher wandte er sich an die Polizei und erstattete Anzeige. Die Erpresser wurden \u00fcberf\u00fchrt und sind mittlerweile rechtskr\u00e4ftig verurteilt. Die BILD-Zeitung berichtete mehrmals plakativ \u00fcber den Vorfall und das Strafverfahren. Sie lie\u00df sogar einen der Erpresser [&hellip;]","og_url":"https:\/\/www.hoecker.eu\/blog\/olg-koeln-bestaetigt-verbot-von-berichten-der-bild-zeitung-ueber-die-erpressung-eines-politikers-mit-intimen-details-aus-dessen-sexualleben\/","og_site_name":"H\u00d6CKER - der Blog","article_publisher":"https:\/\/www.facebook.com\/HoeckerRAe\/","article_author":"https:\/\/www.facebook.com\/ralf.hoecker","article_published_time":"2021-03-30T08:31:00+00:00","article_modified_time":"2025-02-17T13:54:34+00:00","author":"Prof. Dr. Ralf H\u00f6cker","twitter_card":"summary_large_image","twitter_creator":"@Ralf_Hoecker","twitter_site":"@hoecker_rae","twitter_misc":{"Verfasst von":"Prof. Dr. Ralf H\u00f6cker","Gesch\u00e4tzte Lesezeit":"1\u00a0Minute"},"schema":{"@context":"https:\/\/schema.org","@graph":[{"@type":"Article","@id":"https:\/\/www.hoecker.eu\/blog\/olg-koeln-bestaetigt-verbot-von-berichten-der-bild-zeitung-ueber-die-erpressung-eines-politikers-mit-intimen-details-aus-dessen-sexualleben\/#article","isPartOf":{"@id":"https:\/\/www.hoecker.eu\/blog\/olg-koeln-bestaetigt-verbot-von-berichten-der-bild-zeitung-ueber-die-erpressung-eines-politikers-mit-intimen-details-aus-dessen-sexualleben\/"},"author":{"name":"Prof. Dr. Ralf H\u00f6cker","@id":"https:\/\/www.hoecker.eu\/blog\/#\/schema\/person\/08f95581eed0534eccd0b2438f7a1cab"},"headline":"OLG K\u00f6ln best\u00e4tigt Verbot von Berichten der BILD-Zeitung \u00fcber die Erpressung eines Politikers mit intimen Details aus dessen Sexualleben","datePublished":"2021-03-30T08:31:00+00:00","dateModified":"2025-02-17T13:54:34+00:00","mainEntityOfPage":{"@id":"https:\/\/www.hoecker.eu\/blog\/olg-koeln-bestaetigt-verbot-von-berichten-der-bild-zeitung-ueber-die-erpressung-eines-politikers-mit-intimen-details-aus-dessen-sexualleben\/"},"wordCount":302,"publisher":{"@id":"https:\/\/www.hoecker.eu\/blog\/#organization"},"articleSection":["News"],"inLanguage":"de"},{"@type":"WebPage","@id":"https:\/\/www.hoecker.eu\/blog\/olg-koeln-bestaetigt-verbot-von-berichten-der-bild-zeitung-ueber-die-erpressung-eines-politikers-mit-intimen-details-aus-dessen-sexualleben\/","url":"https:\/\/www.hoecker.eu\/blog\/olg-koeln-bestaetigt-verbot-von-berichten-der-bild-zeitung-ueber-die-erpressung-eines-politikers-mit-intimen-details-aus-dessen-sexualleben\/","name":"OLG K\u00f6ln best\u00e4tigt Verbot von Berichten der BILD-Zeitung \u00fcber die Erpressung eines Politikers mit intimen Details aus dessen Sexualleben - H\u00d6CKER - der Blog","isPartOf":{"@id":"https:\/\/www.hoecker.eu\/blog\/#website"},"datePublished":"2021-03-30T08:31:00+00:00","dateModified":"2025-02-17T13:54:34+00:00","breadcrumb":{"@id":"https:\/\/www.hoecker.eu\/blog\/olg-koeln-bestaetigt-verbot-von-berichten-der-bild-zeitung-ueber-die-erpressung-eines-politikers-mit-intimen-details-aus-dessen-sexualleben\/#breadcrumb"},"inLanguage":"de","potentialAction":[{"@type":"ReadAction","target":["https:\/\/www.hoecker.eu\/blog\/olg-koeln-bestaetigt-verbot-von-berichten-der-bild-zeitung-ueber-die-erpressung-eines-politikers-mit-intimen-details-aus-dessen-sexualleben\/"]}]},{"@type":"BreadcrumbList","@id":"https:\/\/www.hoecker.eu\/blog\/olg-koeln-bestaetigt-verbot-von-berichten-der-bild-zeitung-ueber-die-erpressung-eines-politikers-mit-intimen-details-aus-dessen-sexualleben\/#breadcrumb","itemListElement":[{"@type":"ListItem","position":1,"name":"Startseite","item":"https:\/\/dev.hoecker.eu\/blog\/"},{"@type":"ListItem","position":2,"name":"OLG K\u00f6ln best\u00e4tigt Verbot von Berichten der BILD-Zeitung \u00fcber die Erpressung eines Politikers mit intimen Details aus dessen Sexualleben"}]},{"@type":"WebSite","@id":"https:\/\/www.hoecker.eu\/blog\/#website","url":"https:\/\/www.hoecker.eu\/blog\/","name":"H\u00d6CKER - der Blog","description":"Expertenblog f\u00fcr \u00c4u\u00dferungs-, Medien-, Marken-, Urheber- und Wettbewerbsrecht.","publisher":{"@id":"https:\/\/www.hoecker.eu\/blog\/#organization"},"potentialAction":[{"@type":"SearchAction","target":{"@type":"EntryPoint","urlTemplate":"https:\/\/www.hoecker.eu\/blog\/?s={search_term_string}"},"query-input":{"@type":"PropertyValueSpecification","valueRequired":true,"valueName":"search_term_string"}}],"inLanguage":"de"},{"@type":"Organization","@id":"https:\/\/www.hoecker.eu\/blog\/#organization","name":"H\u00d6CKER Rechtsanw\u00e4lte PartGmbB","alternateName":"H\u00d6CKER","url":"https:\/\/www.hoecker.eu\/blog\/","logo":{"@type":"ImageObject","inLanguage":"de","@id":"https:\/\/www.hoecker.eu\/blog\/#\/schema\/logo\/image\/","url":"https:\/\/www.hoecker.eu\/blog\/wp-content\/uploads\/2025\/03\/Blog-Logo.webp","contentUrl":"https:\/\/www.hoecker.eu\/blog\/wp-content\/uploads\/2025\/03\/Blog-Logo.webp","width":500,"height":500,"caption":"H\u00d6CKER Rechtsanw\u00e4lte PartGmbB"},"image":{"@id":"https:\/\/www.hoecker.eu\/blog\/#\/schema\/logo\/image\/"},"sameAs":["https:\/\/www.facebook.com\/HoeckerRAe\/","https:\/\/x.com\/hoecker_rae","https:\/\/www.linkedin.com\/company\/hcker-rechtsanwlte\/","https:\/\/www.instagram.com\/hoecker_rae\/"],"email":"contact@hoecker.eu","telephone":"+ 49 (0)221-933 19-10","legalName":"H\u00d6CKER Rechtsanw\u00e4lte PartGmbB","numberOfEmployees":{"@type":"QuantitativeValue","minValue":"11","maxValue":"50"}},{"@type":"Person","@id":"https:\/\/www.hoecker.eu\/blog\/#\/schema\/person\/08f95581eed0534eccd0b2438f7a1cab","name":"Prof. Dr. Ralf H\u00f6cker","description":"Medienanwalt. Besch\u00fctzer vor mieser Presse","sameAs":["https:\/\/www.hoecker.eu\/wer\/prof-dr-ralf-hoecker","https:\/\/www.facebook.com\/ralf.hoecker","https:\/\/www.linkedin.com\/in\/prof-dr-ralf-hcker-ll-m-london-17987826\/","https:\/\/x.com\/Ralf_Hoecker"],"url":"https:\/\/www.hoecker.eu\/blog\/author\/hoecker_adm\/"}]}},"authors":[{"term_id":84,"user_id":1,"is_guest":0,"slug":"hoecker_adm","display_name":"Prof. Dr. Ralf H\u00f6cker","avatar_url":{"url":"https:\/\/www.hoecker.eu\/blog\/wp-content\/uploads\/2023\/12\/ProfDrRalfHoecker.jpg","url2x":"https:\/\/www.hoecker.eu\/blog\/wp-content\/uploads\/2023\/12\/ProfDrRalfHoecker.jpg"},"0":null,"1":"","2":"","3":"","4":"","5":"","6":"","7":"","8":"","9":"","10":"","11":""}],"_links":{"self":[{"href":"https:\/\/www.hoecker.eu\/blog\/wp-json\/wp\/v2\/posts\/8252","targetHints":{"allow":["GET"]}}],"collection":[{"href":"https:\/\/www.hoecker.eu\/blog\/wp-json\/wp\/v2\/posts"}],"about":[{"href":"https:\/\/www.hoecker.eu\/blog\/wp-json\/wp\/v2\/types\/post"}],"author":[{"embeddable":true,"href":"https:\/\/www.hoecker.eu\/blog\/wp-json\/wp\/v2\/users\/1"}],"replies":[{"embeddable":true,"href":"https:\/\/www.hoecker.eu\/blog\/wp-json\/wp\/v2\/comments?post=8252"}],"version-history":[{"count":1,"href":"https:\/\/www.hoecker.eu\/blog\/wp-json\/wp\/v2\/posts\/8252\/revisions"}],"predecessor-version":[{"id":9374,"href":"https:\/\/www.hoecker.eu\/blog\/wp-json\/wp\/v2\/posts\/8252\/revisions\/9374"}],"wp:attachment":[{"href":"https:\/\/www.hoecker.eu\/blog\/wp-json\/wp\/v2\/media?parent=8252"}],"wp:term":[{"taxonomy":"category","embeddable":true,"href":"https:\/\/www.hoecker.eu\/blog\/wp-json\/wp\/v2\/categories?post=8252"},{"taxonomy":"post_tag","embeddable":true,"href":"https:\/\/www.hoecker.eu\/blog\/wp-json\/wp\/v2\/tags?post=8252"},{"taxonomy":"hashtags","embeddable":true,"href":"https:\/\/www.hoecker.eu\/blog\/wp-json\/wp\/v2\/hashtags?post=8252"},{"taxonomy":"author","embeddable":true,"href":"https:\/\/www.hoecker.eu\/blog\/wp-json\/wp\/v2\/ppma_author?post=8252"}],"curies":[{"name":"wp","href":"https:\/\/api.w.org\/{rel}","templated":true}]}}