{"id":8250,"date":"2021-04-12T10:20:00","date_gmt":"2021-04-12T08:20:00","guid":{"rendered":"https:\/\/www.hoecker.eu\/blog\/eiskunstlauftrainer-karel-fajfr-10-000-euro-fuer-falschbeschuldigungen-zugesprochen-landgericht-koeln-verurteilt-ehemaligen-schueler-zu-unterlassung-und-geldentschaedigung\/"},"modified":"2025-02-17T14:54:33","modified_gmt":"2025-02-17T13:54:33","slug":"eiskunstlauftrainer-karel-fajfr-10-000-euro-fuer-falschbeschuldigungen-zugesprochen-landgericht-koeln-verurteilt-ehemaligen-schueler-zu-unterlassung-und-geldentschaedigung","status":"publish","type":"post","link":"https:\/\/www.hoecker.eu\/blog\/eiskunstlauftrainer-karel-fajfr-10-000-euro-fuer-falschbeschuldigungen-zugesprochen-landgericht-koeln-verurteilt-ehemaligen-schueler-zu-unterlassung-und-geldentschaedigung\/","title":{"rendered":"Eiskunstlauftrainer Karel Fajfr 10.000,- Euro f\u00fcr Falschbeschuldigungen zugesprochen \u2013 Landgericht K\u00f6ln verurteilt ehemaligen Sch\u00fcler zu Unterlassung und Geldentsch\u00e4digung"},"content":{"rendered":"<p>Ein ehemaliger Eiskunstl\u00e4ufer war bis Ende 2016 Sch\u00fcler unseres Mandanten, des erfolgreichen Eiskunstlauftrainers Karel Fajfr. Im Jahr 2019, \u00fcber zwei Jahre nach Beendigung der Zusammenarbeit, erhob der Sch\u00fcler in zahlreichen Medien Vorw\u00fcrfe angeblicher k\u00f6rperlicher Z\u00fcchtigung gegen unseren Mandanten, die allesamt falsch und unbelegt sind. Er lie\u00df sich u.a. f\u00fcr die RTL-Sendung STERN-TV, das Magazin DER SPIEGEL, die taz sowie die Main-Post interviewen, deren Autorin Melanie J\u00e4ger die mediale Hetzjagd auf unseren Mandanten er\u00f6ffnet hatte.<\/p>\n<p>Ein aufgrund der Medienberichterstattung eingeleitetes staatsanwaltschaftliches Ermittlungsverfahren hatte die Staatsanwaltschaft nach umfangreichen Ermittlungen im Hinblick auf nahezu s\u00e4mtliche Vorw\u00fcrfe des Sch\u00fclers mangels hinreichenden Tatverdachts eingestellt. Wegen des verbliebenen Vorwurfs einer (1) angeblichen Ohrfeige im Herbst 2016 kam es zur Hauptverhandlung im Strafverfahren am AG Sonthofen. Auch hier hat die Strafrichterin unseren Mandanten nach gr\u00fcndlicher Beweisaufnahme (zwei Verhandlungstage) am 08.02.2021 freigesprochen. Der Freispruch ist rechtskr\u00e4ftig. Weder die Staatsanwaltschaft noch der Sch\u00fcler selbst haben Rechtsmittel eingelegt.<\/p>\n<p>Die \u00e4u\u00dferungsrechtliche Zivilklage auf Unterlassung und Geldentsch\u00e4digung wegen der Behauptungen des Sch\u00fclers in den Medien am Landgericht K\u00f6ln (Az. 28 O 18\/20) hatten wir bereits fr\u00fchzeitig f\u00fcr unseren Mandanten eingelegt. Nun, nach zweij\u00e4hriger teils vorverurteilender Besprechung des Falls in den Medien, kommt das Landgericht K\u00f6ln zu dem Ergebnis, dass nicht unser Mandant Karel Fajfr, sondern der Falschbeschuldiger zu verurteilen ist. Sein Sachvortrag im Klageverfahren war mangels konkreten Sachvortrages bereits unschl\u00fcssig. Auch hier widersprachen sich \u2013 ebenso wie im Strafverfahren \u2013 die Angaben von ihm und einem Zeugen aus dem Strafverfahren in entscheidenden Punkten. Zahlreiche im Zivil- sowie im Strafverfahren von Seiten des Sch\u00fclers behauptete Detailangaben wurden von uns als falsch widerlegt. <\/p>\n<p>Mit Urteil vom 09.04.2021 wurde der ehemalige Sch\u00fcler nun verurteilt, seine in den Medien platzierten Vorw\u00fcrfe gegen unseren Mandanten, dieser habe ihn w\u00e4hrend des Trainings geschlagen, zu unterlassen. Dar\u00fcber hinaus muss er nach dem Urteil neben den gesamten Prozess- und au\u00dfergerichtlichen Rechtsanwaltskosten f\u00fcr die Abmahnung eine Geldentsch\u00e4digung in H\u00f6he von EUR 10.000,- an unseren Mandanten zahlen. Das Urteil ist nicht rechtskr\u00e4ftig.<\/p>\n<p>Rechtsanwalt Dr. Marcel Leeser: <br \/>\u201e<em>Mein Mandant ist Opfer von \u00fcblen und medial gespielten Falschbeschuldigungen. Vor dem Hintergrund der nunmehr zweij\u00e4hrigen \u00f6ffentlichen Berichterstattung \u00fcber die falschen Vorw\u00fcrfe, die der Falschbeschuldiger zu verantworten hat, ist die Geldentsch\u00e4digung noch niedrig angesetzt. Bemerkenswert ist in diesem Fall das Verhalten der Medien wie STERN TV, DER SPIEGEL und Main-Post: W\u00e4hrend die damaligen Vorw\u00fcrfe als Skandal aufgebauscht wurden und hier\u00fcber insbesondere von der Main-Post in zahlreichen Artikeln exzessiv und immer wieder berichtet worden war, mussten wir nach dem rechtskr\u00e4ftigen Freispruch unseres Mandanten diese Medien zun\u00e4chst aktiv hier\u00fcber informieren und anwaltlich dazu auffordern, jeweils einen Nachtrag in ihre Online-Berichte aufzunehmen. STERN TV sendete den Nachtrag am 24.02.2021 auf RTL. Alle Nachtr\u00e4ge der Medien \u00fcber den Freispruch waren auf das rechtliche Mindestma\u00df beschr\u00e4nkt. F\u00fcr die Verbreitung unbewiesener Vorw\u00fcrfe schl\u00e4gt das Journalistenherz eben weitaus h\u00f6her als f\u00fcr das Ergebnis staatsanwaltschaftlicher und gerichtlicher \u00dcberpr\u00fcfungen, hier: Freispruch und zivilrechtliche Verurteilung des Falschbeschuldigers. Das ist hier der eigentliche Skandal!\u201c<\/em><\/p>\n","protected":false},"excerpt":{"rendered":"<p>Ein ehemaliger Eiskunstl\u00e4ufer war bis Ende 2016 Sch\u00fcler unseres Mandanten, des erfolgreichen Eiskunstlauftrainers Karel Fajfr. Im Jahr 2019, \u00fcber zwei Jahre nach Beendigung der Zusammenarbeit, erhob der Sch\u00fcler in zahlreichen Medien Vorw\u00fcrfe angeblicher k\u00f6rperlicher Z\u00fcchtigung gegen unseren Mandanten, die allesamt falsch und unbelegt sind. Er lie\u00df sich u.a. f\u00fcr die RTL-Sendung STERN-TV, das Magazin DER [&hellip;]<\/p>\n","protected":false},"author":1,"featured_media":0,"comment_status":"closed","ping_status":"closed","sticky":false,"template":"","format":"standard","meta":{"_has_post_settings":[],"footnotes":""},"categories":[15],"tags":[],"hashtags":[],"ppma_author":[84],"class_list":["post-8250","post","type-post","status-publish","format-standard","hentry","category-news","author-hoecker_adm"],"yoast_head":"<!-- This site is optimized with the Yoast SEO Premium plugin v25.9 (Yoast SEO v27.0) - https:\/\/yoast.com\/product\/yoast-seo-premium-wordpress\/ -->\n<title>Eiskunstlauftrainer Karel Fajfr 10.000,- Euro f\u00fcr Falschbeschuldigungen zugesprochen \u2013 Landgericht K\u00f6ln verurteilt ehemaligen Sch\u00fcler zu Unterlassung und Geldentsch\u00e4digung - H\u00d6CKER - der Blog<\/title>\n<meta name=\"robots\" content=\"index, follow, max-snippet:-1, max-image-preview:large, max-video-preview:-1\" \/>\n<link rel=\"canonical\" href=\"https:\/\/www.hoecker.eu\/blog\/eiskunstlauftrainer-karel-fajfr-10-000-euro-fuer-falschbeschuldigungen-zugesprochen-landgericht-koeln-verurteilt-ehemaligen-schueler-zu-unterlassung-und-geldentschaedigung\/\" \/>\n<meta property=\"og:locale\" content=\"de_DE\" \/>\n<meta property=\"og:type\" content=\"article\" \/>\n<meta property=\"og:title\" content=\"Eiskunstlauftrainer Karel Fajfr 10.000,- Euro f\u00fcr Falschbeschuldigungen zugesprochen \u2013 Landgericht K\u00f6ln verurteilt ehemaligen Sch\u00fcler zu Unterlassung und Geldentsch\u00e4digung\" \/>\n<meta property=\"og:description\" content=\"Ein ehemaliger Eiskunstl\u00e4ufer war bis Ende 2016 Sch\u00fcler unseres Mandanten, des erfolgreichen Eiskunstlauftrainers Karel Fajfr. Im Jahr 2019, \u00fcber zwei Jahre nach Beendigung der Zusammenarbeit, erhob der Sch\u00fcler in zahlreichen Medien Vorw\u00fcrfe angeblicher k\u00f6rperlicher Z\u00fcchtigung gegen unseren Mandanten, die allesamt falsch und unbelegt sind. Er lie\u00df sich u.a. f\u00fcr die RTL-Sendung STERN-TV, das Magazin DER [&hellip;]\" \/>\n<meta property=\"og:url\" content=\"https:\/\/www.hoecker.eu\/blog\/eiskunstlauftrainer-karel-fajfr-10-000-euro-fuer-falschbeschuldigungen-zugesprochen-landgericht-koeln-verurteilt-ehemaligen-schueler-zu-unterlassung-und-geldentschaedigung\/\" \/>\n<meta property=\"og:site_name\" content=\"H\u00d6CKER - der Blog\" \/>\n<meta property=\"article:publisher\" content=\"https:\/\/www.facebook.com\/HoeckerRAe\/\" \/>\n<meta property=\"article:author\" content=\"https:\/\/www.facebook.com\/ralf.hoecker\" \/>\n<meta property=\"article:published_time\" content=\"2021-04-12T08:20:00+00:00\" \/>\n<meta property=\"article:modified_time\" content=\"2025-02-17T13:54:33+00:00\" \/>\n<meta name=\"author\" content=\"Prof. Dr. Ralf H\u00f6cker\" \/>\n<meta name=\"twitter:card\" content=\"summary_large_image\" \/>\n<meta name=\"twitter:creator\" content=\"@Ralf_Hoecker\" \/>\n<meta name=\"twitter:site\" content=\"@hoecker_rae\" \/>\n<meta name=\"twitter:label1\" content=\"Verfasst von\" \/>\n\t<meta name=\"twitter:data1\" content=\"Prof. Dr. Ralf H\u00f6cker\" \/>\n\t<meta name=\"twitter:label2\" content=\"Gesch\u00e4tzte Lesezeit\" \/>\n\t<meta name=\"twitter:data2\" content=\"3\u00a0Minuten\" \/>\n<script type=\"application\/ld+json\" class=\"yoast-schema-graph\">{\"@context\":\"https:\/\/schema.org\",\"@graph\":[{\"@type\":\"Article\",\"@id\":\"https:\/\/www.hoecker.eu\/blog\/eiskunstlauftrainer-karel-fajfr-10-000-euro-fuer-falschbeschuldigungen-zugesprochen-landgericht-koeln-verurteilt-ehemaligen-schueler-zu-unterlassung-und-geldentschaedigung\/#article\",\"isPartOf\":{\"@id\":\"https:\/\/www.hoecker.eu\/blog\/eiskunstlauftrainer-karel-fajfr-10-000-euro-fuer-falschbeschuldigungen-zugesprochen-landgericht-koeln-verurteilt-ehemaligen-schueler-zu-unterlassung-und-geldentschaedigung\/\"},\"author\":{\"name\":\"Prof. Dr. Ralf H\u00f6cker\",\"@id\":\"https:\/\/www.hoecker.eu\/blog\/#\/schema\/person\/08f95581eed0534eccd0b2438f7a1cab\"},\"headline\":\"Eiskunstlauftrainer Karel Fajfr 10.000,- Euro f\u00fcr Falschbeschuldigungen zugesprochen \u2013 Landgericht K\u00f6ln verurteilt ehemaligen Sch\u00fcler zu Unterlassung und Geldentsch\u00e4digung\",\"datePublished\":\"2021-04-12T08:20:00+00:00\",\"dateModified\":\"2025-02-17T13:54:33+00:00\",\"mainEntityOfPage\":{\"@id\":\"https:\/\/www.hoecker.eu\/blog\/eiskunstlauftrainer-karel-fajfr-10-000-euro-fuer-falschbeschuldigungen-zugesprochen-landgericht-koeln-verurteilt-ehemaligen-schueler-zu-unterlassung-und-geldentschaedigung\/\"},\"wordCount\":539,\"publisher\":{\"@id\":\"https:\/\/www.hoecker.eu\/blog\/#organization\"},\"articleSection\":[\"News\"],\"inLanguage\":\"de\"},{\"@type\":\"WebPage\",\"@id\":\"https:\/\/www.hoecker.eu\/blog\/eiskunstlauftrainer-karel-fajfr-10-000-euro-fuer-falschbeschuldigungen-zugesprochen-landgericht-koeln-verurteilt-ehemaligen-schueler-zu-unterlassung-und-geldentschaedigung\/\",\"url\":\"https:\/\/www.hoecker.eu\/blog\/eiskunstlauftrainer-karel-fajfr-10-000-euro-fuer-falschbeschuldigungen-zugesprochen-landgericht-koeln-verurteilt-ehemaligen-schueler-zu-unterlassung-und-geldentschaedigung\/\",\"name\":\"Eiskunstlauftrainer Karel Fajfr 10.000,- Euro f\u00fcr Falschbeschuldigungen zugesprochen \u2013 Landgericht K\u00f6ln verurteilt ehemaligen Sch\u00fcler zu Unterlassung und Geldentsch\u00e4digung - H\u00d6CKER - der Blog\",\"isPartOf\":{\"@id\":\"https:\/\/www.hoecker.eu\/blog\/#website\"},\"datePublished\":\"2021-04-12T08:20:00+00:00\",\"dateModified\":\"2025-02-17T13:54:33+00:00\",\"breadcrumb\":{\"@id\":\"https:\/\/www.hoecker.eu\/blog\/eiskunstlauftrainer-karel-fajfr-10-000-euro-fuer-falschbeschuldigungen-zugesprochen-landgericht-koeln-verurteilt-ehemaligen-schueler-zu-unterlassung-und-geldentschaedigung\/#breadcrumb\"},\"inLanguage\":\"de\",\"potentialAction\":[{\"@type\":\"ReadAction\",\"target\":[\"https:\/\/www.hoecker.eu\/blog\/eiskunstlauftrainer-karel-fajfr-10-000-euro-fuer-falschbeschuldigungen-zugesprochen-landgericht-koeln-verurteilt-ehemaligen-schueler-zu-unterlassung-und-geldentschaedigung\/\"]}]},{\"@type\":\"BreadcrumbList\",\"@id\":\"https:\/\/www.hoecker.eu\/blog\/eiskunstlauftrainer-karel-fajfr-10-000-euro-fuer-falschbeschuldigungen-zugesprochen-landgericht-koeln-verurteilt-ehemaligen-schueler-zu-unterlassung-und-geldentschaedigung\/#breadcrumb\",\"itemListElement\":[{\"@type\":\"ListItem\",\"position\":1,\"name\":\"Startseite\",\"item\":\"https:\/\/dev.hoecker.eu\/blog\/\"},{\"@type\":\"ListItem\",\"position\":2,\"name\":\"Eiskunstlauftrainer Karel Fajfr 10.000,- Euro f\u00fcr Falschbeschuldigungen zugesprochen \u2013 Landgericht K\u00f6ln verurteilt ehemaligen Sch\u00fcler zu Unterlassung und Geldentsch\u00e4digung\"}]},{\"@type\":\"WebSite\",\"@id\":\"https:\/\/www.hoecker.eu\/blog\/#website\",\"url\":\"https:\/\/www.hoecker.eu\/blog\/\",\"name\":\"H\u00d6CKER - der Blog\",\"description\":\"Expertenblog f\u00fcr \u00c4u\u00dferungs-, Medien-, Marken-, Urheber- und Wettbewerbsrecht.\",\"publisher\":{\"@id\":\"https:\/\/www.hoecker.eu\/blog\/#organization\"},\"potentialAction\":[{\"@type\":\"SearchAction\",\"target\":{\"@type\":\"EntryPoint\",\"urlTemplate\":\"https:\/\/www.hoecker.eu\/blog\/?s={search_term_string}\"},\"query-input\":{\"@type\":\"PropertyValueSpecification\",\"valueRequired\":true,\"valueName\":\"search_term_string\"}}],\"inLanguage\":\"de\"},{\"@type\":\"Organization\",\"@id\":\"https:\/\/www.hoecker.eu\/blog\/#organization\",\"name\":\"H\u00d6CKER Rechtsanw\u00e4lte PartGmbB\",\"alternateName\":\"H\u00d6CKER\",\"url\":\"https:\/\/www.hoecker.eu\/blog\/\",\"logo\":{\"@type\":\"ImageObject\",\"inLanguage\":\"de\",\"@id\":\"https:\/\/www.hoecker.eu\/blog\/#\/schema\/logo\/image\/\",\"url\":\"https:\/\/www.hoecker.eu\/blog\/wp-content\/uploads\/2025\/03\/Blog-Logo.webp\",\"contentUrl\":\"https:\/\/www.hoecker.eu\/blog\/wp-content\/uploads\/2025\/03\/Blog-Logo.webp\",\"width\":500,\"height\":500,\"caption\":\"H\u00d6CKER Rechtsanw\u00e4lte PartGmbB\"},\"image\":{\"@id\":\"https:\/\/www.hoecker.eu\/blog\/#\/schema\/logo\/image\/\"},\"sameAs\":[\"https:\/\/www.facebook.com\/HoeckerRAe\/\",\"https:\/\/x.com\/hoecker_rae\",\"https:\/\/www.linkedin.com\/company\/hcker-rechtsanwlte\/\",\"https:\/\/www.instagram.com\/hoecker_rae\/\"],\"email\":\"contact@hoecker.eu\",\"telephone\":\"+ 49 (0)221-933 19-10\",\"legalName\":\"H\u00d6CKER Rechtsanw\u00e4lte PartGmbB\",\"numberOfEmployees\":{\"@type\":\"QuantitativeValue\",\"minValue\":\"11\",\"maxValue\":\"50\"}},{\"@type\":\"Person\",\"@id\":\"https:\/\/www.hoecker.eu\/blog\/#\/schema\/person\/08f95581eed0534eccd0b2438f7a1cab\",\"name\":\"Prof. Dr. Ralf H\u00f6cker\",\"description\":\"Medienanwalt. Besch\u00fctzer vor mieser Presse\",\"sameAs\":[\"https:\/\/www.hoecker.eu\/wer\/prof-dr-ralf-hoecker\",\"https:\/\/www.facebook.com\/ralf.hoecker\",\"https:\/\/www.linkedin.com\/in\/prof-dr-ralf-hcker-ll-m-london-17987826\/\",\"https:\/\/x.com\/Ralf_Hoecker\"],\"url\":\"https:\/\/www.hoecker.eu\/blog\/author\/hoecker_adm\/\"}]}<\/script>\n<!-- \/ Yoast SEO Premium plugin. -->","yoast_head_json":{"title":"Eiskunstlauftrainer Karel Fajfr 10.000,- Euro f\u00fcr Falschbeschuldigungen zugesprochen \u2013 Landgericht K\u00f6ln verurteilt ehemaligen Sch\u00fcler zu Unterlassung und Geldentsch\u00e4digung - H\u00d6CKER - der Blog","robots":{"index":"index","follow":"follow","max-snippet":"max-snippet:-1","max-image-preview":"max-image-preview:large","max-video-preview":"max-video-preview:-1"},"canonical":"https:\/\/www.hoecker.eu\/blog\/eiskunstlauftrainer-karel-fajfr-10-000-euro-fuer-falschbeschuldigungen-zugesprochen-landgericht-koeln-verurteilt-ehemaligen-schueler-zu-unterlassung-und-geldentschaedigung\/","og_locale":"de_DE","og_type":"article","og_title":"Eiskunstlauftrainer Karel Fajfr 10.000,- Euro f\u00fcr Falschbeschuldigungen zugesprochen \u2013 Landgericht K\u00f6ln verurteilt ehemaligen Sch\u00fcler zu Unterlassung und Geldentsch\u00e4digung","og_description":"Ein ehemaliger Eiskunstl\u00e4ufer war bis Ende 2016 Sch\u00fcler unseres Mandanten, des erfolgreichen Eiskunstlauftrainers Karel Fajfr. Im Jahr 2019, \u00fcber zwei Jahre nach Beendigung der Zusammenarbeit, erhob der Sch\u00fcler in zahlreichen Medien Vorw\u00fcrfe angeblicher k\u00f6rperlicher Z\u00fcchtigung gegen unseren Mandanten, die allesamt falsch und unbelegt sind. Er lie\u00df sich u.a. f\u00fcr die RTL-Sendung STERN-TV, das Magazin DER [&hellip;]","og_url":"https:\/\/www.hoecker.eu\/blog\/eiskunstlauftrainer-karel-fajfr-10-000-euro-fuer-falschbeschuldigungen-zugesprochen-landgericht-koeln-verurteilt-ehemaligen-schueler-zu-unterlassung-und-geldentschaedigung\/","og_site_name":"H\u00d6CKER - der Blog","article_publisher":"https:\/\/www.facebook.com\/HoeckerRAe\/","article_author":"https:\/\/www.facebook.com\/ralf.hoecker","article_published_time":"2021-04-12T08:20:00+00:00","article_modified_time":"2025-02-17T13:54:33+00:00","author":"Prof. Dr. Ralf H\u00f6cker","twitter_card":"summary_large_image","twitter_creator":"@Ralf_Hoecker","twitter_site":"@hoecker_rae","twitter_misc":{"Verfasst von":"Prof. Dr. Ralf H\u00f6cker","Gesch\u00e4tzte Lesezeit":"3\u00a0Minuten"},"schema":{"@context":"https:\/\/schema.org","@graph":[{"@type":"Article","@id":"https:\/\/www.hoecker.eu\/blog\/eiskunstlauftrainer-karel-fajfr-10-000-euro-fuer-falschbeschuldigungen-zugesprochen-landgericht-koeln-verurteilt-ehemaligen-schueler-zu-unterlassung-und-geldentschaedigung\/#article","isPartOf":{"@id":"https:\/\/www.hoecker.eu\/blog\/eiskunstlauftrainer-karel-fajfr-10-000-euro-fuer-falschbeschuldigungen-zugesprochen-landgericht-koeln-verurteilt-ehemaligen-schueler-zu-unterlassung-und-geldentschaedigung\/"},"author":{"name":"Prof. Dr. Ralf H\u00f6cker","@id":"https:\/\/www.hoecker.eu\/blog\/#\/schema\/person\/08f95581eed0534eccd0b2438f7a1cab"},"headline":"Eiskunstlauftrainer Karel Fajfr 10.000,- Euro f\u00fcr Falschbeschuldigungen zugesprochen \u2013 Landgericht K\u00f6ln verurteilt ehemaligen Sch\u00fcler zu Unterlassung und Geldentsch\u00e4digung","datePublished":"2021-04-12T08:20:00+00:00","dateModified":"2025-02-17T13:54:33+00:00","mainEntityOfPage":{"@id":"https:\/\/www.hoecker.eu\/blog\/eiskunstlauftrainer-karel-fajfr-10-000-euro-fuer-falschbeschuldigungen-zugesprochen-landgericht-koeln-verurteilt-ehemaligen-schueler-zu-unterlassung-und-geldentschaedigung\/"},"wordCount":539,"publisher":{"@id":"https:\/\/www.hoecker.eu\/blog\/#organization"},"articleSection":["News"],"inLanguage":"de"},{"@type":"WebPage","@id":"https:\/\/www.hoecker.eu\/blog\/eiskunstlauftrainer-karel-fajfr-10-000-euro-fuer-falschbeschuldigungen-zugesprochen-landgericht-koeln-verurteilt-ehemaligen-schueler-zu-unterlassung-und-geldentschaedigung\/","url":"https:\/\/www.hoecker.eu\/blog\/eiskunstlauftrainer-karel-fajfr-10-000-euro-fuer-falschbeschuldigungen-zugesprochen-landgericht-koeln-verurteilt-ehemaligen-schueler-zu-unterlassung-und-geldentschaedigung\/","name":"Eiskunstlauftrainer Karel Fajfr 10.000,- Euro f\u00fcr Falschbeschuldigungen zugesprochen \u2013 Landgericht K\u00f6ln verurteilt ehemaligen Sch\u00fcler zu Unterlassung und Geldentsch\u00e4digung - H\u00d6CKER - der Blog","isPartOf":{"@id":"https:\/\/www.hoecker.eu\/blog\/#website"},"datePublished":"2021-04-12T08:20:00+00:00","dateModified":"2025-02-17T13:54:33+00:00","breadcrumb":{"@id":"https:\/\/www.hoecker.eu\/blog\/eiskunstlauftrainer-karel-fajfr-10-000-euro-fuer-falschbeschuldigungen-zugesprochen-landgericht-koeln-verurteilt-ehemaligen-schueler-zu-unterlassung-und-geldentschaedigung\/#breadcrumb"},"inLanguage":"de","potentialAction":[{"@type":"ReadAction","target":["https:\/\/www.hoecker.eu\/blog\/eiskunstlauftrainer-karel-fajfr-10-000-euro-fuer-falschbeschuldigungen-zugesprochen-landgericht-koeln-verurteilt-ehemaligen-schueler-zu-unterlassung-und-geldentschaedigung\/"]}]},{"@type":"BreadcrumbList","@id":"https:\/\/www.hoecker.eu\/blog\/eiskunstlauftrainer-karel-fajfr-10-000-euro-fuer-falschbeschuldigungen-zugesprochen-landgericht-koeln-verurteilt-ehemaligen-schueler-zu-unterlassung-und-geldentschaedigung\/#breadcrumb","itemListElement":[{"@type":"ListItem","position":1,"name":"Startseite","item":"https:\/\/dev.hoecker.eu\/blog\/"},{"@type":"ListItem","position":2,"name":"Eiskunstlauftrainer Karel Fajfr 10.000,- Euro f\u00fcr Falschbeschuldigungen zugesprochen \u2013 Landgericht K\u00f6ln verurteilt ehemaligen Sch\u00fcler zu Unterlassung und Geldentsch\u00e4digung"}]},{"@type":"WebSite","@id":"https:\/\/www.hoecker.eu\/blog\/#website","url":"https:\/\/www.hoecker.eu\/blog\/","name":"H\u00d6CKER - der Blog","description":"Expertenblog f\u00fcr \u00c4u\u00dferungs-, Medien-, Marken-, Urheber- und Wettbewerbsrecht.","publisher":{"@id":"https:\/\/www.hoecker.eu\/blog\/#organization"},"potentialAction":[{"@type":"SearchAction","target":{"@type":"EntryPoint","urlTemplate":"https:\/\/www.hoecker.eu\/blog\/?s={search_term_string}"},"query-input":{"@type":"PropertyValueSpecification","valueRequired":true,"valueName":"search_term_string"}}],"inLanguage":"de"},{"@type":"Organization","@id":"https:\/\/www.hoecker.eu\/blog\/#organization","name":"H\u00d6CKER Rechtsanw\u00e4lte PartGmbB","alternateName":"H\u00d6CKER","url":"https:\/\/www.hoecker.eu\/blog\/","logo":{"@type":"ImageObject","inLanguage":"de","@id":"https:\/\/www.hoecker.eu\/blog\/#\/schema\/logo\/image\/","url":"https:\/\/www.hoecker.eu\/blog\/wp-content\/uploads\/2025\/03\/Blog-Logo.webp","contentUrl":"https:\/\/www.hoecker.eu\/blog\/wp-content\/uploads\/2025\/03\/Blog-Logo.webp","width":500,"height":500,"caption":"H\u00d6CKER Rechtsanw\u00e4lte PartGmbB"},"image":{"@id":"https:\/\/www.hoecker.eu\/blog\/#\/schema\/logo\/image\/"},"sameAs":["https:\/\/www.facebook.com\/HoeckerRAe\/","https:\/\/x.com\/hoecker_rae","https:\/\/www.linkedin.com\/company\/hcker-rechtsanwlte\/","https:\/\/www.instagram.com\/hoecker_rae\/"],"email":"contact@hoecker.eu","telephone":"+ 49 (0)221-933 19-10","legalName":"H\u00d6CKER Rechtsanw\u00e4lte PartGmbB","numberOfEmployees":{"@type":"QuantitativeValue","minValue":"11","maxValue":"50"}},{"@type":"Person","@id":"https:\/\/www.hoecker.eu\/blog\/#\/schema\/person\/08f95581eed0534eccd0b2438f7a1cab","name":"Prof. Dr. Ralf H\u00f6cker","description":"Medienanwalt. Besch\u00fctzer vor mieser Presse","sameAs":["https:\/\/www.hoecker.eu\/wer\/prof-dr-ralf-hoecker","https:\/\/www.facebook.com\/ralf.hoecker","https:\/\/www.linkedin.com\/in\/prof-dr-ralf-hcker-ll-m-london-17987826\/","https:\/\/x.com\/Ralf_Hoecker"],"url":"https:\/\/www.hoecker.eu\/blog\/author\/hoecker_adm\/"}]}},"authors":[{"term_id":84,"user_id":1,"is_guest":0,"slug":"hoecker_adm","display_name":"Prof. Dr. Ralf H\u00f6cker","avatar_url":{"url":"https:\/\/www.hoecker.eu\/blog\/wp-content\/uploads\/2023\/12\/ProfDrRalfHoecker.jpg","url2x":"https:\/\/www.hoecker.eu\/blog\/wp-content\/uploads\/2023\/12\/ProfDrRalfHoecker.jpg"},"0":null,"1":"","2":"","3":"","4":"","5":"","6":"","7":"","8":"","9":"","10":"","11":""}],"_links":{"self":[{"href":"https:\/\/www.hoecker.eu\/blog\/wp-json\/wp\/v2\/posts\/8250","targetHints":{"allow":["GET"]}}],"collection":[{"href":"https:\/\/www.hoecker.eu\/blog\/wp-json\/wp\/v2\/posts"}],"about":[{"href":"https:\/\/www.hoecker.eu\/blog\/wp-json\/wp\/v2\/types\/post"}],"author":[{"embeddable":true,"href":"https:\/\/www.hoecker.eu\/blog\/wp-json\/wp\/v2\/users\/1"}],"replies":[{"embeddable":true,"href":"https:\/\/www.hoecker.eu\/blog\/wp-json\/wp\/v2\/comments?post=8250"}],"version-history":[{"count":1,"href":"https:\/\/www.hoecker.eu\/blog\/wp-json\/wp\/v2\/posts\/8250\/revisions"}],"predecessor-version":[{"id":9372,"href":"https:\/\/www.hoecker.eu\/blog\/wp-json\/wp\/v2\/posts\/8250\/revisions\/9372"}],"wp:attachment":[{"href":"https:\/\/www.hoecker.eu\/blog\/wp-json\/wp\/v2\/media?parent=8250"}],"wp:term":[{"taxonomy":"category","embeddable":true,"href":"https:\/\/www.hoecker.eu\/blog\/wp-json\/wp\/v2\/categories?post=8250"},{"taxonomy":"post_tag","embeddable":true,"href":"https:\/\/www.hoecker.eu\/blog\/wp-json\/wp\/v2\/tags?post=8250"},{"taxonomy":"hashtags","embeddable":true,"href":"https:\/\/www.hoecker.eu\/blog\/wp-json\/wp\/v2\/hashtags?post=8250"},{"taxonomy":"author","embeddable":true,"href":"https:\/\/www.hoecker.eu\/blog\/wp-json\/wp\/v2\/ppma_author?post=8250"}],"curies":[{"name":"wp","href":"https:\/\/api.w.org\/{rel}","templated":true}]}}