{"id":8248,"date":"2021-10-25T18:31:00","date_gmt":"2021-10-25T16:31:00","guid":{"rendered":"https:\/\/www.hoecker.eu\/blog\/hoecker-setzt-recht-am-eigenen-bild-von-schauspieler-marc-barthel-durch\/"},"modified":"2025-02-17T14:54:32","modified_gmt":"2025-02-17T13:54:32","slug":"hoecker-setzt-recht-am-eigenen-bild-von-schauspieler-marc-barthel-durch","status":"publish","type":"post","link":"https:\/\/www.hoecker.eu\/blog\/hoecker-setzt-recht-am-eigenen-bild-von-schauspieler-marc-barthel-durch\/","title":{"rendered":"H\u00d6CKER setzt Recht am eigenen Bild von Schauspieler Marc Barthel durch"},"content":{"rendered":"<p>Der bekannte Schauspieler (\u201eNotruf Hafenkante\u201c, \u201eAlles was z\u00e4hlt\u201c) , S\u00e4nger und Moderator Marc Barthel (<a href=\"https:\/\/marcbarthel.net\/\" target=\"_blank\" rel=\"noreferrer noopener\">https:\/\/marcbarthel.net\/<\/a>) staunte nicht schlecht, als er in der Werbebrosch\u00fcre eines E-Commerce-Unternehmens sein Bild sowie das folgende, vermeintliche Zitat von sich selbst entdeckte:<\/p>\n<p>\u201eHier stimmt Leistung &amp; Preis! Fachlich voll auf der H\u00f6he der Zeit, schnelle Kommunikation und immer exzellente Ergebnisse. Top Partner!\u201c<\/p>\n<p>Zwar ist es zwischen dem werbenden Unternehmen und der LEON MIGUEL GmbH, die Haarpflegeprodukte vertreibt und deren Gesch\u00e4ftsf\u00fchrer der Schauspieler ist, in der Vergangenheit zu einer kurzzeitigen Zusammenarbeit gekommen. Jedoch hat sich Marc Barthel nie in der betreffenden Art und Weise \u00fcber das andere Unternehmen ge\u00e4u\u00dfert. Auch eine Erlaubnis zur Verwendung seines Bildes in der Werbebrosch\u00fcre hat der Schauspieler nicht erteilt. Diesbez\u00fcglich stellte sich schnell heraus, dass das Bild vom Social-Media-Auftritt (<a href=\"https:\/\/www.instagram.com\/marcbarthel\/?hl=de\" target=\"_blank\" rel=\"noreferrer noopener\">https:\/\/www.instagram.com\/marcbarthel\/?hl=de<\/a>) von Marc Barthel stammt, der ebenfalls als Influencer aktiv ist.<\/p>\n<p>H\u00d6CKER mahnte die Gegenseite wegen der rechtswidrigen Verwendung des Bildes sowie des untergeschobenen Zitats ab. Diese machte wiederum u.a. geltend, eine Klausel in den AGB aus der Gesch\u00e4ftsbeziehung zur LEON MIGUEL GmbH w\u00fcrde ihr die Verwendung des Bildes gestatten.<\/p>\n<p>Rechtlich ist dies nat\u00fcrlich nicht haltbar: Erstens ist die fragliche Klausel wegen eines Versto\u00dfes gegen \u00a7 305c Abs. 1 BGB (Verbot \u00fcberraschender Klauseln) rechtswidrig. Selbst wenn man dies anders sehen wollte, so lie\u00dfen sich daraus zweitens jedenfalls keine Rechtsfolgen zulasten von Marc Barthel als Privatperson ableiten. Denn zwischen der LEON MIGUEL GmbH und dem Schauspieler ist in rechtlicher Hinsicht strikt zu differenzieren: Beide stellen unterschiedliche und eigenst\u00e4ndige Rechtssubjekte dar. Auf einen Prozess wollte es die Gegenseite jedenfalls nicht ankommen lassen. Die von H\u00d6CKER geforderte strafbewehrte Unterlassungserkl\u00e4rung wurde fristgerecht abgegeben.<\/p>\n<p>Rechtsanwalt Dr. Ren\u00e9 Rosenau, LL.M.:<br \/><em>\u201eDas Vorgehen der Gegenseite kann man als dreist bezeichnen. F\u00fcr Menschen wie Marc Barthel, die ihr Geld als Werbegesicht verdienen, ist so etwas nicht hinnehmbar. Der Fall stellt ein sch\u00f6nes Beispiel daf\u00fcr dar, wie wir die Rechtsschutzinteressen unserer Mandanten bereits au\u00dfergerichtlich effektiv durchsetzen konnten.\u201c<\/em><\/p>\n","protected":false},"excerpt":{"rendered":"<p>Der bekannte Schauspieler (\u201eNotruf Hafenkante\u201c, \u201eAlles was z\u00e4hlt\u201c) , S\u00e4nger und Moderator Marc Barthel (https:\/\/marcbarthel.net\/) staunte nicht schlecht, als er in der Werbebrosch\u00fcre eines E-Commerce-Unternehmens sein Bild sowie das folgende, vermeintliche Zitat von sich selbst entdeckte: \u201eHier stimmt Leistung &amp; Preis! Fachlich voll auf der H\u00f6he der Zeit, schnelle Kommunikation und immer exzellente Ergebnisse. Top [&hellip;]<\/p>\n","protected":false},"author":1,"featured_media":0,"comment_status":"closed","ping_status":"closed","sticky":false,"template":"","format":"standard","meta":{"_has_post_settings":[],"footnotes":""},"categories":[15],"tags":[],"hashtags":[],"ppma_author":[84],"class_list":["post-8248","post","type-post","status-publish","format-standard","hentry","category-news","author-hoecker_adm"],"yoast_head":"<!-- This site is optimized with the Yoast SEO Premium plugin v25.9 (Yoast SEO v27.0) - https:\/\/yoast.com\/product\/yoast-seo-premium-wordpress\/ -->\n<title>H\u00d6CKER setzt Recht am eigenen Bild von Schauspieler Marc Barthel durch - H\u00d6CKER - der Blog<\/title>\n<meta name=\"robots\" content=\"index, follow, max-snippet:-1, max-image-preview:large, max-video-preview:-1\" \/>\n<link rel=\"canonical\" href=\"https:\/\/www.hoecker.eu\/blog\/hoecker-setzt-recht-am-eigenen-bild-von-schauspieler-marc-barthel-durch\/\" \/>\n<meta property=\"og:locale\" content=\"de_DE\" \/>\n<meta property=\"og:type\" content=\"article\" \/>\n<meta property=\"og:title\" content=\"H\u00d6CKER setzt Recht am eigenen Bild von Schauspieler Marc Barthel durch\" \/>\n<meta property=\"og:description\" content=\"Der bekannte Schauspieler (\u201eNotruf Hafenkante\u201c, \u201eAlles was z\u00e4hlt\u201c) , S\u00e4nger und Moderator Marc Barthel (https:\/\/marcbarthel.net\/) staunte nicht schlecht, als er in der Werbebrosch\u00fcre eines E-Commerce-Unternehmens sein Bild sowie das folgende, vermeintliche Zitat von sich selbst entdeckte: \u201eHier stimmt Leistung &amp; Preis! Fachlich voll auf der H\u00f6he der Zeit, schnelle Kommunikation und immer exzellente Ergebnisse. Top [&hellip;]\" \/>\n<meta property=\"og:url\" content=\"https:\/\/www.hoecker.eu\/blog\/hoecker-setzt-recht-am-eigenen-bild-von-schauspieler-marc-barthel-durch\/\" \/>\n<meta property=\"og:site_name\" content=\"H\u00d6CKER - der Blog\" \/>\n<meta property=\"article:publisher\" content=\"https:\/\/www.facebook.com\/HoeckerRAe\/\" \/>\n<meta property=\"article:author\" content=\"https:\/\/www.facebook.com\/ralf.hoecker\" \/>\n<meta property=\"article:published_time\" content=\"2021-10-25T16:31:00+00:00\" \/>\n<meta property=\"article:modified_time\" content=\"2025-02-17T13:54:32+00:00\" \/>\n<meta name=\"author\" content=\"Prof. Dr. Ralf H\u00f6cker\" \/>\n<meta name=\"twitter:card\" content=\"summary_large_image\" \/>\n<meta name=\"twitter:creator\" content=\"@Ralf_Hoecker\" \/>\n<meta name=\"twitter:site\" content=\"@hoecker_rae\" \/>\n<meta name=\"twitter:label1\" content=\"Verfasst von\" \/>\n\t<meta name=\"twitter:data1\" content=\"Prof. Dr. Ralf H\u00f6cker\" \/>\n\t<meta name=\"twitter:label2\" content=\"Gesch\u00e4tzte Lesezeit\" \/>\n\t<meta name=\"twitter:data2\" content=\"2\u00a0Minuten\" \/>\n<script type=\"application\/ld+json\" class=\"yoast-schema-graph\">{\"@context\":\"https:\/\/schema.org\",\"@graph\":[{\"@type\":\"Article\",\"@id\":\"https:\/\/www.hoecker.eu\/blog\/hoecker-setzt-recht-am-eigenen-bild-von-schauspieler-marc-barthel-durch\/#article\",\"isPartOf\":{\"@id\":\"https:\/\/www.hoecker.eu\/blog\/hoecker-setzt-recht-am-eigenen-bild-von-schauspieler-marc-barthel-durch\/\"},\"author\":{\"name\":\"Prof. Dr. Ralf H\u00f6cker\",\"@id\":\"https:\/\/www.hoecker.eu\/blog\/#\/schema\/person\/08f95581eed0534eccd0b2438f7a1cab\"},\"headline\":\"H\u00d6CKER setzt Recht am eigenen Bild von Schauspieler Marc Barthel durch\",\"datePublished\":\"2021-10-25T16:31:00+00:00\",\"dateModified\":\"2025-02-17T13:54:32+00:00\",\"mainEntityOfPage\":{\"@id\":\"https:\/\/www.hoecker.eu\/blog\/hoecker-setzt-recht-am-eigenen-bild-von-schauspieler-marc-barthel-durch\/\"},\"wordCount\":357,\"publisher\":{\"@id\":\"https:\/\/www.hoecker.eu\/blog\/#organization\"},\"articleSection\":[\"News\"],\"inLanguage\":\"de\"},{\"@type\":\"WebPage\",\"@id\":\"https:\/\/www.hoecker.eu\/blog\/hoecker-setzt-recht-am-eigenen-bild-von-schauspieler-marc-barthel-durch\/\",\"url\":\"https:\/\/www.hoecker.eu\/blog\/hoecker-setzt-recht-am-eigenen-bild-von-schauspieler-marc-barthel-durch\/\",\"name\":\"H\u00d6CKER setzt Recht am eigenen Bild von Schauspieler Marc Barthel durch - H\u00d6CKER - der Blog\",\"isPartOf\":{\"@id\":\"https:\/\/www.hoecker.eu\/blog\/#website\"},\"datePublished\":\"2021-10-25T16:31:00+00:00\",\"dateModified\":\"2025-02-17T13:54:32+00:00\",\"breadcrumb\":{\"@id\":\"https:\/\/www.hoecker.eu\/blog\/hoecker-setzt-recht-am-eigenen-bild-von-schauspieler-marc-barthel-durch\/#breadcrumb\"},\"inLanguage\":\"de\",\"potentialAction\":[{\"@type\":\"ReadAction\",\"target\":[\"https:\/\/www.hoecker.eu\/blog\/hoecker-setzt-recht-am-eigenen-bild-von-schauspieler-marc-barthel-durch\/\"]}]},{\"@type\":\"BreadcrumbList\",\"@id\":\"https:\/\/www.hoecker.eu\/blog\/hoecker-setzt-recht-am-eigenen-bild-von-schauspieler-marc-barthel-durch\/#breadcrumb\",\"itemListElement\":[{\"@type\":\"ListItem\",\"position\":1,\"name\":\"Startseite\",\"item\":\"https:\/\/dev.hoecker.eu\/blog\/\"},{\"@type\":\"ListItem\",\"position\":2,\"name\":\"H\u00d6CKER setzt Recht am eigenen Bild von Schauspieler Marc Barthel durch\"}]},{\"@type\":\"WebSite\",\"@id\":\"https:\/\/www.hoecker.eu\/blog\/#website\",\"url\":\"https:\/\/www.hoecker.eu\/blog\/\",\"name\":\"H\u00d6CKER - der Blog\",\"description\":\"Expertenblog f\u00fcr \u00c4u\u00dferungs-, Medien-, Marken-, Urheber- und Wettbewerbsrecht.\",\"publisher\":{\"@id\":\"https:\/\/www.hoecker.eu\/blog\/#organization\"},\"potentialAction\":[{\"@type\":\"SearchAction\",\"target\":{\"@type\":\"EntryPoint\",\"urlTemplate\":\"https:\/\/www.hoecker.eu\/blog\/?s={search_term_string}\"},\"query-input\":{\"@type\":\"PropertyValueSpecification\",\"valueRequired\":true,\"valueName\":\"search_term_string\"}}],\"inLanguage\":\"de\"},{\"@type\":\"Organization\",\"@id\":\"https:\/\/www.hoecker.eu\/blog\/#organization\",\"name\":\"H\u00d6CKER Rechtsanw\u00e4lte PartGmbB\",\"alternateName\":\"H\u00d6CKER\",\"url\":\"https:\/\/www.hoecker.eu\/blog\/\",\"logo\":{\"@type\":\"ImageObject\",\"inLanguage\":\"de\",\"@id\":\"https:\/\/www.hoecker.eu\/blog\/#\/schema\/logo\/image\/\",\"url\":\"https:\/\/www.hoecker.eu\/blog\/wp-content\/uploads\/2025\/03\/Blog-Logo.webp\",\"contentUrl\":\"https:\/\/www.hoecker.eu\/blog\/wp-content\/uploads\/2025\/03\/Blog-Logo.webp\",\"width\":500,\"height\":500,\"caption\":\"H\u00d6CKER Rechtsanw\u00e4lte PartGmbB\"},\"image\":{\"@id\":\"https:\/\/www.hoecker.eu\/blog\/#\/schema\/logo\/image\/\"},\"sameAs\":[\"https:\/\/www.facebook.com\/HoeckerRAe\/\",\"https:\/\/x.com\/hoecker_rae\",\"https:\/\/www.linkedin.com\/company\/hcker-rechtsanwlte\/\",\"https:\/\/www.instagram.com\/hoecker_rae\/\"],\"email\":\"contact@hoecker.eu\",\"telephone\":\"+ 49 (0)221-933 19-10\",\"legalName\":\"H\u00d6CKER Rechtsanw\u00e4lte PartGmbB\",\"numberOfEmployees\":{\"@type\":\"QuantitativeValue\",\"minValue\":\"11\",\"maxValue\":\"50\"}},{\"@type\":\"Person\",\"@id\":\"https:\/\/www.hoecker.eu\/blog\/#\/schema\/person\/08f95581eed0534eccd0b2438f7a1cab\",\"name\":\"Prof. Dr. Ralf H\u00f6cker\",\"description\":\"Medienanwalt. Besch\u00fctzer vor mieser Presse\",\"sameAs\":[\"https:\/\/www.hoecker.eu\/wer\/prof-dr-ralf-hoecker\",\"https:\/\/www.facebook.com\/ralf.hoecker\",\"https:\/\/www.linkedin.com\/in\/prof-dr-ralf-hcker-ll-m-london-17987826\/\",\"https:\/\/x.com\/Ralf_Hoecker\"],\"url\":\"https:\/\/www.hoecker.eu\/blog\/author\/hoecker_adm\/\"}]}<\/script>\n<!-- \/ Yoast SEO Premium plugin. -->","yoast_head_json":{"title":"H\u00d6CKER setzt Recht am eigenen Bild von Schauspieler Marc Barthel durch - H\u00d6CKER - der Blog","robots":{"index":"index","follow":"follow","max-snippet":"max-snippet:-1","max-image-preview":"max-image-preview:large","max-video-preview":"max-video-preview:-1"},"canonical":"https:\/\/www.hoecker.eu\/blog\/hoecker-setzt-recht-am-eigenen-bild-von-schauspieler-marc-barthel-durch\/","og_locale":"de_DE","og_type":"article","og_title":"H\u00d6CKER setzt Recht am eigenen Bild von Schauspieler Marc Barthel durch","og_description":"Der bekannte Schauspieler (\u201eNotruf Hafenkante\u201c, \u201eAlles was z\u00e4hlt\u201c) , S\u00e4nger und Moderator Marc Barthel (https:\/\/marcbarthel.net\/) staunte nicht schlecht, als er in der Werbebrosch\u00fcre eines E-Commerce-Unternehmens sein Bild sowie das folgende, vermeintliche Zitat von sich selbst entdeckte: \u201eHier stimmt Leistung &amp; Preis! Fachlich voll auf der H\u00f6he der Zeit, schnelle Kommunikation und immer exzellente Ergebnisse. Top [&hellip;]","og_url":"https:\/\/www.hoecker.eu\/blog\/hoecker-setzt-recht-am-eigenen-bild-von-schauspieler-marc-barthel-durch\/","og_site_name":"H\u00d6CKER - der Blog","article_publisher":"https:\/\/www.facebook.com\/HoeckerRAe\/","article_author":"https:\/\/www.facebook.com\/ralf.hoecker","article_published_time":"2021-10-25T16:31:00+00:00","article_modified_time":"2025-02-17T13:54:32+00:00","author":"Prof. Dr. Ralf H\u00f6cker","twitter_card":"summary_large_image","twitter_creator":"@Ralf_Hoecker","twitter_site":"@hoecker_rae","twitter_misc":{"Verfasst von":"Prof. Dr. Ralf H\u00f6cker","Gesch\u00e4tzte Lesezeit":"2\u00a0Minuten"},"schema":{"@context":"https:\/\/schema.org","@graph":[{"@type":"Article","@id":"https:\/\/www.hoecker.eu\/blog\/hoecker-setzt-recht-am-eigenen-bild-von-schauspieler-marc-barthel-durch\/#article","isPartOf":{"@id":"https:\/\/www.hoecker.eu\/blog\/hoecker-setzt-recht-am-eigenen-bild-von-schauspieler-marc-barthel-durch\/"},"author":{"name":"Prof. Dr. Ralf H\u00f6cker","@id":"https:\/\/www.hoecker.eu\/blog\/#\/schema\/person\/08f95581eed0534eccd0b2438f7a1cab"},"headline":"H\u00d6CKER setzt Recht am eigenen Bild von Schauspieler Marc Barthel durch","datePublished":"2021-10-25T16:31:00+00:00","dateModified":"2025-02-17T13:54:32+00:00","mainEntityOfPage":{"@id":"https:\/\/www.hoecker.eu\/blog\/hoecker-setzt-recht-am-eigenen-bild-von-schauspieler-marc-barthel-durch\/"},"wordCount":357,"publisher":{"@id":"https:\/\/www.hoecker.eu\/blog\/#organization"},"articleSection":["News"],"inLanguage":"de"},{"@type":"WebPage","@id":"https:\/\/www.hoecker.eu\/blog\/hoecker-setzt-recht-am-eigenen-bild-von-schauspieler-marc-barthel-durch\/","url":"https:\/\/www.hoecker.eu\/blog\/hoecker-setzt-recht-am-eigenen-bild-von-schauspieler-marc-barthel-durch\/","name":"H\u00d6CKER setzt Recht am eigenen Bild von Schauspieler Marc Barthel durch - H\u00d6CKER - der Blog","isPartOf":{"@id":"https:\/\/www.hoecker.eu\/blog\/#website"},"datePublished":"2021-10-25T16:31:00+00:00","dateModified":"2025-02-17T13:54:32+00:00","breadcrumb":{"@id":"https:\/\/www.hoecker.eu\/blog\/hoecker-setzt-recht-am-eigenen-bild-von-schauspieler-marc-barthel-durch\/#breadcrumb"},"inLanguage":"de","potentialAction":[{"@type":"ReadAction","target":["https:\/\/www.hoecker.eu\/blog\/hoecker-setzt-recht-am-eigenen-bild-von-schauspieler-marc-barthel-durch\/"]}]},{"@type":"BreadcrumbList","@id":"https:\/\/www.hoecker.eu\/blog\/hoecker-setzt-recht-am-eigenen-bild-von-schauspieler-marc-barthel-durch\/#breadcrumb","itemListElement":[{"@type":"ListItem","position":1,"name":"Startseite","item":"https:\/\/dev.hoecker.eu\/blog\/"},{"@type":"ListItem","position":2,"name":"H\u00d6CKER setzt Recht am eigenen Bild von Schauspieler Marc Barthel durch"}]},{"@type":"WebSite","@id":"https:\/\/www.hoecker.eu\/blog\/#website","url":"https:\/\/www.hoecker.eu\/blog\/","name":"H\u00d6CKER - der Blog","description":"Expertenblog f\u00fcr \u00c4u\u00dferungs-, Medien-, Marken-, Urheber- und Wettbewerbsrecht.","publisher":{"@id":"https:\/\/www.hoecker.eu\/blog\/#organization"},"potentialAction":[{"@type":"SearchAction","target":{"@type":"EntryPoint","urlTemplate":"https:\/\/www.hoecker.eu\/blog\/?s={search_term_string}"},"query-input":{"@type":"PropertyValueSpecification","valueRequired":true,"valueName":"search_term_string"}}],"inLanguage":"de"},{"@type":"Organization","@id":"https:\/\/www.hoecker.eu\/blog\/#organization","name":"H\u00d6CKER Rechtsanw\u00e4lte PartGmbB","alternateName":"H\u00d6CKER","url":"https:\/\/www.hoecker.eu\/blog\/","logo":{"@type":"ImageObject","inLanguage":"de","@id":"https:\/\/www.hoecker.eu\/blog\/#\/schema\/logo\/image\/","url":"https:\/\/www.hoecker.eu\/blog\/wp-content\/uploads\/2025\/03\/Blog-Logo.webp","contentUrl":"https:\/\/www.hoecker.eu\/blog\/wp-content\/uploads\/2025\/03\/Blog-Logo.webp","width":500,"height":500,"caption":"H\u00d6CKER Rechtsanw\u00e4lte PartGmbB"},"image":{"@id":"https:\/\/www.hoecker.eu\/blog\/#\/schema\/logo\/image\/"},"sameAs":["https:\/\/www.facebook.com\/HoeckerRAe\/","https:\/\/x.com\/hoecker_rae","https:\/\/www.linkedin.com\/company\/hcker-rechtsanwlte\/","https:\/\/www.instagram.com\/hoecker_rae\/"],"email":"contact@hoecker.eu","telephone":"+ 49 (0)221-933 19-10","legalName":"H\u00d6CKER Rechtsanw\u00e4lte PartGmbB","numberOfEmployees":{"@type":"QuantitativeValue","minValue":"11","maxValue":"50"}},{"@type":"Person","@id":"https:\/\/www.hoecker.eu\/blog\/#\/schema\/person\/08f95581eed0534eccd0b2438f7a1cab","name":"Prof. Dr. Ralf H\u00f6cker","description":"Medienanwalt. Besch\u00fctzer vor mieser Presse","sameAs":["https:\/\/www.hoecker.eu\/wer\/prof-dr-ralf-hoecker","https:\/\/www.facebook.com\/ralf.hoecker","https:\/\/www.linkedin.com\/in\/prof-dr-ralf-hcker-ll-m-london-17987826\/","https:\/\/x.com\/Ralf_Hoecker"],"url":"https:\/\/www.hoecker.eu\/blog\/author\/hoecker_adm\/"}]}},"authors":[{"term_id":84,"user_id":1,"is_guest":0,"slug":"hoecker_adm","display_name":"Prof. Dr. Ralf H\u00f6cker","avatar_url":{"url":"https:\/\/www.hoecker.eu\/blog\/wp-content\/uploads\/2023\/12\/ProfDrRalfHoecker.jpg","url2x":"https:\/\/www.hoecker.eu\/blog\/wp-content\/uploads\/2023\/12\/ProfDrRalfHoecker.jpg"},"0":null,"1":"","2":"","3":"","4":"","5":"","6":"","7":"","8":"","9":"","10":"","11":""}],"_links":{"self":[{"href":"https:\/\/www.hoecker.eu\/blog\/wp-json\/wp\/v2\/posts\/8248","targetHints":{"allow":["GET"]}}],"collection":[{"href":"https:\/\/www.hoecker.eu\/blog\/wp-json\/wp\/v2\/posts"}],"about":[{"href":"https:\/\/www.hoecker.eu\/blog\/wp-json\/wp\/v2\/types\/post"}],"author":[{"embeddable":true,"href":"https:\/\/www.hoecker.eu\/blog\/wp-json\/wp\/v2\/users\/1"}],"replies":[{"embeddable":true,"href":"https:\/\/www.hoecker.eu\/blog\/wp-json\/wp\/v2\/comments?post=8248"}],"version-history":[{"count":1,"href":"https:\/\/www.hoecker.eu\/blog\/wp-json\/wp\/v2\/posts\/8248\/revisions"}],"predecessor-version":[{"id":9370,"href":"https:\/\/www.hoecker.eu\/blog\/wp-json\/wp\/v2\/posts\/8248\/revisions\/9370"}],"wp:attachment":[{"href":"https:\/\/www.hoecker.eu\/blog\/wp-json\/wp\/v2\/media?parent=8248"}],"wp:term":[{"taxonomy":"category","embeddable":true,"href":"https:\/\/www.hoecker.eu\/blog\/wp-json\/wp\/v2\/categories?post=8248"},{"taxonomy":"post_tag","embeddable":true,"href":"https:\/\/www.hoecker.eu\/blog\/wp-json\/wp\/v2\/tags?post=8248"},{"taxonomy":"hashtags","embeddable":true,"href":"https:\/\/www.hoecker.eu\/blog\/wp-json\/wp\/v2\/hashtags?post=8248"},{"taxonomy":"author","embeddable":true,"href":"https:\/\/www.hoecker.eu\/blog\/wp-json\/wp\/v2\/ppma_author?post=8248"}],"curies":[{"name":"wp","href":"https:\/\/api.w.org\/{rel}","templated":true}]}}