{"id":8247,"date":"2021-10-25T18:33:00","date_gmt":"2021-10-25T16:33:00","guid":{"rendered":"https:\/\/www.hoecker.eu\/blog\/landgericht-koeln-verbietet-rechtswidrige-verdaechtigung-in-bericht-der-bild-zeitung-des-autors-nikolaus-harbusch-kardinal-woelki-habe-bei-der-ernennung-eines-priesters-eine-polizeiwarnung-gekannt-e\/"},"modified":"2025-02-17T14:54:31","modified_gmt":"2025-02-17T13:54:31","slug":"landgericht-koeln-verbietet-rechtswidrige-verdaechtigung-in-bericht-der-bild-zeitung-des-autors-nikolaus-harbusch-kardinal-woelki-habe-bei-der-ernennung-eines-priesters-eine-polizeiwarnung-gekannt-e","status":"publish","type":"post","link":"https:\/\/www.hoecker.eu\/blog\/landgericht-koeln-verbietet-rechtswidrige-verdaechtigung-in-bericht-der-bild-zeitung-des-autors-nikolaus-harbusch-kardinal-woelki-habe-bei-der-ernennung-eines-priesters-eine-polizeiwarnung-gekannt-e\/","title":{"rendered":"Landgericht K\u00f6ln verbietet rechtswidrige Verd\u00e4chtigung in Bericht der BILD-Zeitung des Autors Nikolaus Harbusch, Kardinal Woelki habe bei der Ernennung eines Priesters eine Polizeiwarnung gekannt: Einstweilige Verf\u00fcgung gegen Axel Springer SE"},"content":{"rendered":"<p>Der K\u00f6lner Kardinal Woelki hat sich mit H\u00d6CKER erfolgreich gegen eine rechtswidrige Berichterstattung der BILD-Zeitung des Autors Nikolaus Harbusch zur Wehr gesetzt. Unter bild.de hatte die Axel Springer SE am 03.05.2021 einen Artikel ver\u00f6ffentlicht, in dem Kardinal Woelki verd\u00e4chtigt wurde, dass er bei der Ernennung eines D\u00fcsseldorfer Stadtdechanten Kenntnis von einem Schreiben der Polizei gehabt habe, welches vor dem Einsatz des Priesters warnte.<\/p>\n<p>Kardinal Woelki wurde durch den BILD-Autor Harbusch vor der Ver\u00f6ffentlichung der abtr\u00e4glichen Verd\u00e4chtigung in der \u201eBILD\u201c keine Gelegenheit gegeben, zu diesem Verdacht Stellung zu nehmen und diesen zu entkr\u00e4ften. Er wurde von der Verd\u00e4chtigung einfach im Bericht der \u201eBILD\u201c \u00fcberrascht.<\/p>\n<p>Das Landgericht K\u00f6ln hat in einem einstweiligen Verf\u00fcgungsverfahren entschieden, dass die Kardinal Woelki verd\u00e4chtigende Berichterstattung der \u201eBILD\u201c unzul\u00e4ssig war. Das Gericht hat der Verlegerin der BILD-Zeitung verboten, im Hinblick auf Herrn Kardinal Woelki den Verdacht zu verbreiten, dass dieser bei der Ernennung eines D\u00fcsseldorfer Stadtdechanten einen Polizeibericht kannte, der vor dem Priester warnt (Beschluss vom 26.05.21, Az. 28 O 179\/21, n.rkr.). Verboten wurde die Passage:<\/p>\n<blockquote><p><em>\u201eBILD liegt ein brisantes Schreiben des \u00f6rtlichen Polizeipr\u00e4sidiums an das Erzbistum K\u00f6ln vor, das Woelki gekannt haben MUSS, als er den Missbrauchs-Priester D. zum Vize-Stadtdechanten von D\u00fcsseldorf ernannte. Das Schreiben landete in der Personal-Akte von D., die Woelki gekannt haben muss, als er D. 2017 den h\u00f6heren Posten verschaffte.&#8221;<br \/><\/em><\/p><\/blockquote>\n<p>Die Pressekammer des Landgerichts K\u00f6ln best\u00e4tigt mit ihrer Entscheidung, dass die BILD-Zeitung bei ihrer vorverurteilenden Verdachtsberichterstattung ihre journalistischen Sorgfaltspflichten verletzt hat. Das Verbot ist aus dem Grund ergangen, weil die Ver\u00f6ffentlichung einer solchen Verd\u00e4chtigung ohne vorherige Gelegenheit des Betroffenen, dazu Stellung zu nehmen und die Vorw\u00fcrfe zu entkr\u00e4ften, unzul\u00e4ssig ist. Kardinal Woelki ist der Verd\u00e4chtigung der BILD-Zeitung, er habe bei der Ernennungsentscheidung die Polizeiwarnung gekannt, entgegengetreten: Er hat best\u00e4tigt, dass ihm der in Rede stehende Polizeibericht bei der Ernennungsentscheidung nicht vorlag.<\/p>\n<p>Die Gerichtsentscheidung wirft nicht nur ein Schlaglicht darauf, dass BILD-Autor Nikolaus Harbusch in der BILD-Zeitung eine solche Verd\u00e4chtigung in die Welt zu setzte, ohne dem Betroffenen dazu vorher Gelegenheit zur Stellungnahme zu geben. Bemerkenswert ist auch, dass sich der Chef des deutschen Journalistenverbandes (DJV) Frank \u00dcberall auch noch von der BILD-Zeitung zur Verteidigung der unzul\u00e4ssigen Berichterstattung vor den Karren spannen lie\u00df. \u00dcberall kritisierte, dass Kardinal Woelki die Berichterstattung der BILD-Zeitung angegriffen hat.<\/p>\n<p>Nachdem das Landgericht K\u00f6ln nun entschieden hat, dass die Berichterstattung der BILD-Zeitung rechtswidrig war, darf man gespannt darauf sein, ob Herr \u00dcberall an seiner Kritik an einem Vorgehen gegen die \u201eBILD\u201c festhalten m\u00f6chte.<\/p>\n<p>Rechtsanwalt Dr. Carsten Brennecke:<br \/><em>\u201eDie BILD-Zeitung hat einen rei\u00dferischen Bericht mit einer Verd\u00e4chtigung in die Welt gesetzt, ohne dass der Redakteur Nikolaus Harbusch die journalistischen Sorgfaltspflichten und die Gebote der Fairness eingehalten hat. H\u00e4tte die Bild Kardinal Woelki vorher pflichtgem\u00e4\u00df zu diesem Verdacht angeh\u00f6rt, dann h\u00e4tte er ihn ganz einfach entkr\u00e4ften k\u00f6nnen. H\u00e4tte der am 3.5. ver\u00f6ffentlichte Bericht der BILD-Zeitung dann das klare Dementi von Kardinal Woelki enthalten, dass er das belastende Dokument bei der Ernennung des Stadtdechanten nicht kannte, dann w\u00e4re jedem BILD-Leser klar geworden, dass der ge\u00e4u\u00dferte Verdacht haltlos ist.\u201c<br \/><\/em><\/p>\n<p>Die BILD-Zeitung hatte Herrn Kardinal Woelki erst nach der Ver\u00f6ffentlichung der abtr\u00e4glichen Verd\u00e4chtigungen im Bericht vom 3.5. zur Sache angeh\u00f6rt und eine entlastende Stellungnahme des Herrn Kardinal Woelki nach Beantwortung der Anfrage in eine aktualisierte Fassung des Berichts vom 4.5. eingef\u00fcgt. Doch auch zentrale \u00c4u\u00dferungen des aktualisierten Berichts sind dann mit einem weiteren Verbot im einstweiligen Rechtsschutz verboten worden (n.rkr.)<\/p>\n<p>Die Axel Springer SE hat gegen die benannten Verbote zwischenzeitlich Rechtsmittel eingelegt. Herr Kardinal Woelki wird Hauptsacheklagen erheben.<\/p>\n","protected":false},"excerpt":{"rendered":"<p>Der K\u00f6lner Kardinal Woelki hat sich mit H\u00d6CKER erfolgreich gegen eine rechtswidrige Berichterstattung der BILD-Zeitung des Autors Nikolaus Harbusch zur Wehr gesetzt. Unter bild.de hatte die Axel Springer SE am 03.05.2021 einen Artikel ver\u00f6ffentlicht, in dem Kardinal Woelki verd\u00e4chtigt wurde, dass er bei der Ernennung eines D\u00fcsseldorfer Stadtdechanten Kenntnis von einem Schreiben der Polizei gehabt [&hellip;]<\/p>\n","protected":false},"author":1,"featured_media":0,"comment_status":"closed","ping_status":"closed","sticky":false,"template":"","format":"standard","meta":{"_has_post_settings":[],"footnotes":""},"categories":[15],"tags":[],"hashtags":[],"ppma_author":[84],"class_list":["post-8247","post","type-post","status-publish","format-standard","hentry","category-news","author-hoecker_adm"],"yoast_head":"<!-- This site is optimized with the Yoast SEO Premium plugin v25.9 (Yoast SEO v27.0) - https:\/\/yoast.com\/product\/yoast-seo-premium-wordpress\/ -->\n<title>Landgericht K\u00f6ln verbietet rechtswidrige Verd\u00e4chtigung in Bericht der BILD-Zeitung des Autors Nikolaus Harbusch, Kardinal Woelki habe bei der Ernennung eines Priesters eine Polizeiwarnung gekannt: Einstweilige Verf\u00fcgung gegen Axel Springer SE - H\u00d6CKER - der Blog<\/title>\n<meta name=\"robots\" content=\"index, follow, max-snippet:-1, max-image-preview:large, max-video-preview:-1\" \/>\n<link rel=\"canonical\" href=\"https:\/\/www.hoecker.eu\/blog\/landgericht-koeln-verbietet-rechtswidrige-verdaechtigung-in-bericht-der-bild-zeitung-des-autors-nikolaus-harbusch-kardinal-woelki-habe-bei-der-ernennung-eines-priesters-eine-polizeiwarnung-gekannt-e\/\" \/>\n<meta property=\"og:locale\" content=\"de_DE\" \/>\n<meta property=\"og:type\" content=\"article\" \/>\n<meta property=\"og:title\" content=\"Landgericht K\u00f6ln verbietet rechtswidrige Verd\u00e4chtigung in Bericht der BILD-Zeitung des Autors Nikolaus Harbusch, Kardinal Woelki habe bei der Ernennung eines Priesters eine Polizeiwarnung gekannt: Einstweilige Verf\u00fcgung gegen Axel Springer SE\" \/>\n<meta property=\"og:description\" content=\"Der K\u00f6lner Kardinal Woelki hat sich mit H\u00d6CKER erfolgreich gegen eine rechtswidrige Berichterstattung der BILD-Zeitung des Autors Nikolaus Harbusch zur Wehr gesetzt. Unter bild.de hatte die Axel Springer SE am 03.05.2021 einen Artikel ver\u00f6ffentlicht, in dem Kardinal Woelki verd\u00e4chtigt wurde, dass er bei der Ernennung eines D\u00fcsseldorfer Stadtdechanten Kenntnis von einem Schreiben der Polizei gehabt [&hellip;]\" \/>\n<meta property=\"og:url\" content=\"https:\/\/www.hoecker.eu\/blog\/landgericht-koeln-verbietet-rechtswidrige-verdaechtigung-in-bericht-der-bild-zeitung-des-autors-nikolaus-harbusch-kardinal-woelki-habe-bei-der-ernennung-eines-priesters-eine-polizeiwarnung-gekannt-e\/\" \/>\n<meta property=\"og:site_name\" content=\"H\u00d6CKER - der Blog\" \/>\n<meta property=\"article:publisher\" content=\"https:\/\/www.facebook.com\/HoeckerRAe\/\" \/>\n<meta property=\"article:author\" content=\"https:\/\/www.facebook.com\/ralf.hoecker\" \/>\n<meta property=\"article:published_time\" content=\"2021-10-25T16:33:00+00:00\" \/>\n<meta property=\"article:modified_time\" content=\"2025-02-17T13:54:31+00:00\" \/>\n<meta name=\"author\" content=\"Prof. Dr. Ralf H\u00f6cker\" \/>\n<meta name=\"twitter:card\" content=\"summary_large_image\" \/>\n<meta name=\"twitter:creator\" content=\"@Ralf_Hoecker\" \/>\n<meta name=\"twitter:site\" content=\"@hoecker_rae\" \/>\n<meta name=\"twitter:label1\" content=\"Verfasst von\" \/>\n\t<meta name=\"twitter:data1\" content=\"Prof. Dr. Ralf H\u00f6cker\" \/>\n\t<meta name=\"twitter:label2\" content=\"Gesch\u00e4tzte Lesezeit\" \/>\n\t<meta name=\"twitter:data2\" content=\"3\u00a0Minuten\" \/>\n<script type=\"application\/ld+json\" class=\"yoast-schema-graph\">{\"@context\":\"https:\/\/schema.org\",\"@graph\":[{\"@type\":\"Article\",\"@id\":\"https:\/\/www.hoecker.eu\/blog\/landgericht-koeln-verbietet-rechtswidrige-verdaechtigung-in-bericht-der-bild-zeitung-des-autors-nikolaus-harbusch-kardinal-woelki-habe-bei-der-ernennung-eines-priesters-eine-polizeiwarnung-gekannt-e\/#article\",\"isPartOf\":{\"@id\":\"https:\/\/www.hoecker.eu\/blog\/landgericht-koeln-verbietet-rechtswidrige-verdaechtigung-in-bericht-der-bild-zeitung-des-autors-nikolaus-harbusch-kardinal-woelki-habe-bei-der-ernennung-eines-priesters-eine-polizeiwarnung-gekannt-e\/\"},\"author\":{\"name\":\"Prof. Dr. Ralf H\u00f6cker\",\"@id\":\"https:\/\/www.hoecker.eu\/blog\/#\/schema\/person\/08f95581eed0534eccd0b2438f7a1cab\"},\"headline\":\"Landgericht K\u00f6ln verbietet rechtswidrige Verd\u00e4chtigung in Bericht der BILD-Zeitung des Autors Nikolaus Harbusch, Kardinal Woelki habe bei der Ernennung eines Priesters eine Polizeiwarnung gekannt: Einstweilige Verf\u00fcgung gegen Axel Springer SE\",\"datePublished\":\"2021-10-25T16:33:00+00:00\",\"dateModified\":\"2025-02-17T13:54:31+00:00\",\"mainEntityOfPage\":{\"@id\":\"https:\/\/www.hoecker.eu\/blog\/landgericht-koeln-verbietet-rechtswidrige-verdaechtigung-in-bericht-der-bild-zeitung-des-autors-nikolaus-harbusch-kardinal-woelki-habe-bei-der-ernennung-eines-priesters-eine-polizeiwarnung-gekannt-e\/\"},\"wordCount\":651,\"publisher\":{\"@id\":\"https:\/\/www.hoecker.eu\/blog\/#organization\"},\"articleSection\":[\"News\"],\"inLanguage\":\"de\"},{\"@type\":\"WebPage\",\"@id\":\"https:\/\/www.hoecker.eu\/blog\/landgericht-koeln-verbietet-rechtswidrige-verdaechtigung-in-bericht-der-bild-zeitung-des-autors-nikolaus-harbusch-kardinal-woelki-habe-bei-der-ernennung-eines-priesters-eine-polizeiwarnung-gekannt-e\/\",\"url\":\"https:\/\/www.hoecker.eu\/blog\/landgericht-koeln-verbietet-rechtswidrige-verdaechtigung-in-bericht-der-bild-zeitung-des-autors-nikolaus-harbusch-kardinal-woelki-habe-bei-der-ernennung-eines-priesters-eine-polizeiwarnung-gekannt-e\/\",\"name\":\"Landgericht K\u00f6ln verbietet rechtswidrige Verd\u00e4chtigung in Bericht der BILD-Zeitung des Autors Nikolaus Harbusch, Kardinal Woelki habe bei der Ernennung eines Priesters eine Polizeiwarnung gekannt: Einstweilige Verf\u00fcgung gegen Axel Springer SE - H\u00d6CKER - der Blog\",\"isPartOf\":{\"@id\":\"https:\/\/www.hoecker.eu\/blog\/#website\"},\"datePublished\":\"2021-10-25T16:33:00+00:00\",\"dateModified\":\"2025-02-17T13:54:31+00:00\",\"breadcrumb\":{\"@id\":\"https:\/\/www.hoecker.eu\/blog\/landgericht-koeln-verbietet-rechtswidrige-verdaechtigung-in-bericht-der-bild-zeitung-des-autors-nikolaus-harbusch-kardinal-woelki-habe-bei-der-ernennung-eines-priesters-eine-polizeiwarnung-gekannt-e\/#breadcrumb\"},\"inLanguage\":\"de\",\"potentialAction\":[{\"@type\":\"ReadAction\",\"target\":[\"https:\/\/www.hoecker.eu\/blog\/landgericht-koeln-verbietet-rechtswidrige-verdaechtigung-in-bericht-der-bild-zeitung-des-autors-nikolaus-harbusch-kardinal-woelki-habe-bei-der-ernennung-eines-priesters-eine-polizeiwarnung-gekannt-e\/\"]}]},{\"@type\":\"BreadcrumbList\",\"@id\":\"https:\/\/www.hoecker.eu\/blog\/landgericht-koeln-verbietet-rechtswidrige-verdaechtigung-in-bericht-der-bild-zeitung-des-autors-nikolaus-harbusch-kardinal-woelki-habe-bei-der-ernennung-eines-priesters-eine-polizeiwarnung-gekannt-e\/#breadcrumb\",\"itemListElement\":[{\"@type\":\"ListItem\",\"position\":1,\"name\":\"Startseite\",\"item\":\"https:\/\/dev.hoecker.eu\/blog\/\"},{\"@type\":\"ListItem\",\"position\":2,\"name\":\"Landgericht K\u00f6ln verbietet rechtswidrige Verd\u00e4chtigung in Bericht der BILD-Zeitung des Autors Nikolaus Harbusch, Kardinal Woelki habe bei der Ernennung eines Priesters eine Polizeiwarnung gekannt: Einstweilige Verf\u00fcgung gegen Axel Springer SE\"}]},{\"@type\":\"WebSite\",\"@id\":\"https:\/\/www.hoecker.eu\/blog\/#website\",\"url\":\"https:\/\/www.hoecker.eu\/blog\/\",\"name\":\"H\u00d6CKER - der Blog\",\"description\":\"Expertenblog f\u00fcr \u00c4u\u00dferungs-, Medien-, Marken-, Urheber- und Wettbewerbsrecht.\",\"publisher\":{\"@id\":\"https:\/\/www.hoecker.eu\/blog\/#organization\"},\"potentialAction\":[{\"@type\":\"SearchAction\",\"target\":{\"@type\":\"EntryPoint\",\"urlTemplate\":\"https:\/\/www.hoecker.eu\/blog\/?s={search_term_string}\"},\"query-input\":{\"@type\":\"PropertyValueSpecification\",\"valueRequired\":true,\"valueName\":\"search_term_string\"}}],\"inLanguage\":\"de\"},{\"@type\":\"Organization\",\"@id\":\"https:\/\/www.hoecker.eu\/blog\/#organization\",\"name\":\"H\u00d6CKER Rechtsanw\u00e4lte PartGmbB\",\"alternateName\":\"H\u00d6CKER\",\"url\":\"https:\/\/www.hoecker.eu\/blog\/\",\"logo\":{\"@type\":\"ImageObject\",\"inLanguage\":\"de\",\"@id\":\"https:\/\/www.hoecker.eu\/blog\/#\/schema\/logo\/image\/\",\"url\":\"https:\/\/www.hoecker.eu\/blog\/wp-content\/uploads\/2025\/03\/Blog-Logo.webp\",\"contentUrl\":\"https:\/\/www.hoecker.eu\/blog\/wp-content\/uploads\/2025\/03\/Blog-Logo.webp\",\"width\":500,\"height\":500,\"caption\":\"H\u00d6CKER Rechtsanw\u00e4lte PartGmbB\"},\"image\":{\"@id\":\"https:\/\/www.hoecker.eu\/blog\/#\/schema\/logo\/image\/\"},\"sameAs\":[\"https:\/\/www.facebook.com\/HoeckerRAe\/\",\"https:\/\/x.com\/hoecker_rae\",\"https:\/\/www.linkedin.com\/company\/hcker-rechtsanwlte\/\",\"https:\/\/www.instagram.com\/hoecker_rae\/\"],\"email\":\"contact@hoecker.eu\",\"telephone\":\"+ 49 (0)221-933 19-10\",\"legalName\":\"H\u00d6CKER Rechtsanw\u00e4lte PartGmbB\",\"numberOfEmployees\":{\"@type\":\"QuantitativeValue\",\"minValue\":\"11\",\"maxValue\":\"50\"}},{\"@type\":\"Person\",\"@id\":\"https:\/\/www.hoecker.eu\/blog\/#\/schema\/person\/08f95581eed0534eccd0b2438f7a1cab\",\"name\":\"Prof. Dr. Ralf H\u00f6cker\",\"description\":\"Medienanwalt. Besch\u00fctzer vor mieser Presse\",\"sameAs\":[\"https:\/\/www.hoecker.eu\/wer\/prof-dr-ralf-hoecker\",\"https:\/\/www.facebook.com\/ralf.hoecker\",\"https:\/\/www.linkedin.com\/in\/prof-dr-ralf-hcker-ll-m-london-17987826\/\",\"https:\/\/x.com\/Ralf_Hoecker\"],\"url\":\"https:\/\/www.hoecker.eu\/blog\/author\/hoecker_adm\/\"}]}<\/script>\n<!-- \/ Yoast SEO Premium plugin. -->","yoast_head_json":{"title":"Landgericht K\u00f6ln verbietet rechtswidrige Verd\u00e4chtigung in Bericht der BILD-Zeitung des Autors Nikolaus Harbusch, Kardinal Woelki habe bei der Ernennung eines Priesters eine Polizeiwarnung gekannt: Einstweilige Verf\u00fcgung gegen Axel Springer SE - H\u00d6CKER - der Blog","robots":{"index":"index","follow":"follow","max-snippet":"max-snippet:-1","max-image-preview":"max-image-preview:large","max-video-preview":"max-video-preview:-1"},"canonical":"https:\/\/www.hoecker.eu\/blog\/landgericht-koeln-verbietet-rechtswidrige-verdaechtigung-in-bericht-der-bild-zeitung-des-autors-nikolaus-harbusch-kardinal-woelki-habe-bei-der-ernennung-eines-priesters-eine-polizeiwarnung-gekannt-e\/","og_locale":"de_DE","og_type":"article","og_title":"Landgericht K\u00f6ln verbietet rechtswidrige Verd\u00e4chtigung in Bericht der BILD-Zeitung des Autors Nikolaus Harbusch, Kardinal Woelki habe bei der Ernennung eines Priesters eine Polizeiwarnung gekannt: Einstweilige Verf\u00fcgung gegen Axel Springer SE","og_description":"Der K\u00f6lner Kardinal Woelki hat sich mit H\u00d6CKER erfolgreich gegen eine rechtswidrige Berichterstattung der BILD-Zeitung des Autors Nikolaus Harbusch zur Wehr gesetzt. Unter bild.de hatte die Axel Springer SE am 03.05.2021 einen Artikel ver\u00f6ffentlicht, in dem Kardinal Woelki verd\u00e4chtigt wurde, dass er bei der Ernennung eines D\u00fcsseldorfer Stadtdechanten Kenntnis von einem Schreiben der Polizei gehabt [&hellip;]","og_url":"https:\/\/www.hoecker.eu\/blog\/landgericht-koeln-verbietet-rechtswidrige-verdaechtigung-in-bericht-der-bild-zeitung-des-autors-nikolaus-harbusch-kardinal-woelki-habe-bei-der-ernennung-eines-priesters-eine-polizeiwarnung-gekannt-e\/","og_site_name":"H\u00d6CKER - der Blog","article_publisher":"https:\/\/www.facebook.com\/HoeckerRAe\/","article_author":"https:\/\/www.facebook.com\/ralf.hoecker","article_published_time":"2021-10-25T16:33:00+00:00","article_modified_time":"2025-02-17T13:54:31+00:00","author":"Prof. Dr. Ralf H\u00f6cker","twitter_card":"summary_large_image","twitter_creator":"@Ralf_Hoecker","twitter_site":"@hoecker_rae","twitter_misc":{"Verfasst von":"Prof. Dr. Ralf H\u00f6cker","Gesch\u00e4tzte Lesezeit":"3\u00a0Minuten"},"schema":{"@context":"https:\/\/schema.org","@graph":[{"@type":"Article","@id":"https:\/\/www.hoecker.eu\/blog\/landgericht-koeln-verbietet-rechtswidrige-verdaechtigung-in-bericht-der-bild-zeitung-des-autors-nikolaus-harbusch-kardinal-woelki-habe-bei-der-ernennung-eines-priesters-eine-polizeiwarnung-gekannt-e\/#article","isPartOf":{"@id":"https:\/\/www.hoecker.eu\/blog\/landgericht-koeln-verbietet-rechtswidrige-verdaechtigung-in-bericht-der-bild-zeitung-des-autors-nikolaus-harbusch-kardinal-woelki-habe-bei-der-ernennung-eines-priesters-eine-polizeiwarnung-gekannt-e\/"},"author":{"name":"Prof. Dr. Ralf H\u00f6cker","@id":"https:\/\/www.hoecker.eu\/blog\/#\/schema\/person\/08f95581eed0534eccd0b2438f7a1cab"},"headline":"Landgericht K\u00f6ln verbietet rechtswidrige Verd\u00e4chtigung in Bericht der BILD-Zeitung des Autors Nikolaus Harbusch, Kardinal Woelki habe bei der Ernennung eines Priesters eine Polizeiwarnung gekannt: Einstweilige Verf\u00fcgung gegen Axel Springer SE","datePublished":"2021-10-25T16:33:00+00:00","dateModified":"2025-02-17T13:54:31+00:00","mainEntityOfPage":{"@id":"https:\/\/www.hoecker.eu\/blog\/landgericht-koeln-verbietet-rechtswidrige-verdaechtigung-in-bericht-der-bild-zeitung-des-autors-nikolaus-harbusch-kardinal-woelki-habe-bei-der-ernennung-eines-priesters-eine-polizeiwarnung-gekannt-e\/"},"wordCount":651,"publisher":{"@id":"https:\/\/www.hoecker.eu\/blog\/#organization"},"articleSection":["News"],"inLanguage":"de"},{"@type":"WebPage","@id":"https:\/\/www.hoecker.eu\/blog\/landgericht-koeln-verbietet-rechtswidrige-verdaechtigung-in-bericht-der-bild-zeitung-des-autors-nikolaus-harbusch-kardinal-woelki-habe-bei-der-ernennung-eines-priesters-eine-polizeiwarnung-gekannt-e\/","url":"https:\/\/www.hoecker.eu\/blog\/landgericht-koeln-verbietet-rechtswidrige-verdaechtigung-in-bericht-der-bild-zeitung-des-autors-nikolaus-harbusch-kardinal-woelki-habe-bei-der-ernennung-eines-priesters-eine-polizeiwarnung-gekannt-e\/","name":"Landgericht K\u00f6ln verbietet rechtswidrige Verd\u00e4chtigung in Bericht der BILD-Zeitung des Autors Nikolaus Harbusch, Kardinal Woelki habe bei der Ernennung eines Priesters eine Polizeiwarnung gekannt: Einstweilige Verf\u00fcgung gegen Axel Springer SE - H\u00d6CKER - der Blog","isPartOf":{"@id":"https:\/\/www.hoecker.eu\/blog\/#website"},"datePublished":"2021-10-25T16:33:00+00:00","dateModified":"2025-02-17T13:54:31+00:00","breadcrumb":{"@id":"https:\/\/www.hoecker.eu\/blog\/landgericht-koeln-verbietet-rechtswidrige-verdaechtigung-in-bericht-der-bild-zeitung-des-autors-nikolaus-harbusch-kardinal-woelki-habe-bei-der-ernennung-eines-priesters-eine-polizeiwarnung-gekannt-e\/#breadcrumb"},"inLanguage":"de","potentialAction":[{"@type":"ReadAction","target":["https:\/\/www.hoecker.eu\/blog\/landgericht-koeln-verbietet-rechtswidrige-verdaechtigung-in-bericht-der-bild-zeitung-des-autors-nikolaus-harbusch-kardinal-woelki-habe-bei-der-ernennung-eines-priesters-eine-polizeiwarnung-gekannt-e\/"]}]},{"@type":"BreadcrumbList","@id":"https:\/\/www.hoecker.eu\/blog\/landgericht-koeln-verbietet-rechtswidrige-verdaechtigung-in-bericht-der-bild-zeitung-des-autors-nikolaus-harbusch-kardinal-woelki-habe-bei-der-ernennung-eines-priesters-eine-polizeiwarnung-gekannt-e\/#breadcrumb","itemListElement":[{"@type":"ListItem","position":1,"name":"Startseite","item":"https:\/\/dev.hoecker.eu\/blog\/"},{"@type":"ListItem","position":2,"name":"Landgericht K\u00f6ln verbietet rechtswidrige Verd\u00e4chtigung in Bericht der BILD-Zeitung des Autors Nikolaus Harbusch, Kardinal Woelki habe bei der Ernennung eines Priesters eine Polizeiwarnung gekannt: Einstweilige Verf\u00fcgung gegen Axel Springer SE"}]},{"@type":"WebSite","@id":"https:\/\/www.hoecker.eu\/blog\/#website","url":"https:\/\/www.hoecker.eu\/blog\/","name":"H\u00d6CKER - der Blog","description":"Expertenblog f\u00fcr \u00c4u\u00dferungs-, Medien-, Marken-, Urheber- und Wettbewerbsrecht.","publisher":{"@id":"https:\/\/www.hoecker.eu\/blog\/#organization"},"potentialAction":[{"@type":"SearchAction","target":{"@type":"EntryPoint","urlTemplate":"https:\/\/www.hoecker.eu\/blog\/?s={search_term_string}"},"query-input":{"@type":"PropertyValueSpecification","valueRequired":true,"valueName":"search_term_string"}}],"inLanguage":"de"},{"@type":"Organization","@id":"https:\/\/www.hoecker.eu\/blog\/#organization","name":"H\u00d6CKER Rechtsanw\u00e4lte PartGmbB","alternateName":"H\u00d6CKER","url":"https:\/\/www.hoecker.eu\/blog\/","logo":{"@type":"ImageObject","inLanguage":"de","@id":"https:\/\/www.hoecker.eu\/blog\/#\/schema\/logo\/image\/","url":"https:\/\/www.hoecker.eu\/blog\/wp-content\/uploads\/2025\/03\/Blog-Logo.webp","contentUrl":"https:\/\/www.hoecker.eu\/blog\/wp-content\/uploads\/2025\/03\/Blog-Logo.webp","width":500,"height":500,"caption":"H\u00d6CKER Rechtsanw\u00e4lte PartGmbB"},"image":{"@id":"https:\/\/www.hoecker.eu\/blog\/#\/schema\/logo\/image\/"},"sameAs":["https:\/\/www.facebook.com\/HoeckerRAe\/","https:\/\/x.com\/hoecker_rae","https:\/\/www.linkedin.com\/company\/hcker-rechtsanwlte\/","https:\/\/www.instagram.com\/hoecker_rae\/"],"email":"contact@hoecker.eu","telephone":"+ 49 (0)221-933 19-10","legalName":"H\u00d6CKER Rechtsanw\u00e4lte PartGmbB","numberOfEmployees":{"@type":"QuantitativeValue","minValue":"11","maxValue":"50"}},{"@type":"Person","@id":"https:\/\/www.hoecker.eu\/blog\/#\/schema\/person\/08f95581eed0534eccd0b2438f7a1cab","name":"Prof. Dr. Ralf H\u00f6cker","description":"Medienanwalt. Besch\u00fctzer vor mieser Presse","sameAs":["https:\/\/www.hoecker.eu\/wer\/prof-dr-ralf-hoecker","https:\/\/www.facebook.com\/ralf.hoecker","https:\/\/www.linkedin.com\/in\/prof-dr-ralf-hcker-ll-m-london-17987826\/","https:\/\/x.com\/Ralf_Hoecker"],"url":"https:\/\/www.hoecker.eu\/blog\/author\/hoecker_adm\/"}]}},"authors":[{"term_id":84,"user_id":1,"is_guest":0,"slug":"hoecker_adm","display_name":"Prof. Dr. Ralf H\u00f6cker","avatar_url":{"url":"https:\/\/www.hoecker.eu\/blog\/wp-content\/uploads\/2023\/12\/ProfDrRalfHoecker.jpg","url2x":"https:\/\/www.hoecker.eu\/blog\/wp-content\/uploads\/2023\/12\/ProfDrRalfHoecker.jpg"},"0":null,"1":"","2":"","3":"","4":"","5":"","6":"","7":"","8":"","9":"","10":"","11":""}],"_links":{"self":[{"href":"https:\/\/www.hoecker.eu\/blog\/wp-json\/wp\/v2\/posts\/8247","targetHints":{"allow":["GET"]}}],"collection":[{"href":"https:\/\/www.hoecker.eu\/blog\/wp-json\/wp\/v2\/posts"}],"about":[{"href":"https:\/\/www.hoecker.eu\/blog\/wp-json\/wp\/v2\/types\/post"}],"author":[{"embeddable":true,"href":"https:\/\/www.hoecker.eu\/blog\/wp-json\/wp\/v2\/users\/1"}],"replies":[{"embeddable":true,"href":"https:\/\/www.hoecker.eu\/blog\/wp-json\/wp\/v2\/comments?post=8247"}],"version-history":[{"count":1,"href":"https:\/\/www.hoecker.eu\/blog\/wp-json\/wp\/v2\/posts\/8247\/revisions"}],"predecessor-version":[{"id":9369,"href":"https:\/\/www.hoecker.eu\/blog\/wp-json\/wp\/v2\/posts\/8247\/revisions\/9369"}],"wp:attachment":[{"href":"https:\/\/www.hoecker.eu\/blog\/wp-json\/wp\/v2\/media?parent=8247"}],"wp:term":[{"taxonomy":"category","embeddable":true,"href":"https:\/\/www.hoecker.eu\/blog\/wp-json\/wp\/v2\/categories?post=8247"},{"taxonomy":"post_tag","embeddable":true,"href":"https:\/\/www.hoecker.eu\/blog\/wp-json\/wp\/v2\/tags?post=8247"},{"taxonomy":"hashtags","embeddable":true,"href":"https:\/\/www.hoecker.eu\/blog\/wp-json\/wp\/v2\/hashtags?post=8247"},{"taxonomy":"author","embeddable":true,"href":"https:\/\/www.hoecker.eu\/blog\/wp-json\/wp\/v2\/ppma_author?post=8247"}],"curies":[{"name":"wp","href":"https:\/\/api.w.org\/{rel}","templated":true}]}}