{"id":8246,"date":"2021-10-25T18:34:00","date_gmt":"2021-10-25T16:34:00","guid":{"rendered":"https:\/\/www.hoecker.eu\/blog\/weitere-einstweilige-verfuegung-gegen-axel-springer-se-wegen-bericht-von-nikolaus-harbusch-landgericht-koeln-verbietet-bild-u-a-die-rechtswidrige-meldung-obwohl-er-von-de\/"},"modified":"2025-02-17T14:54:31","modified_gmt":"2025-02-17T13:54:31","slug":"weitere-einstweilige-verfuegung-gegen-axel-springer-se-wegen-bericht-von-nikolaus-harbusch-landgericht-koeln-verbietet-bild-u-a-die-rechtswidrige-meldung-obwohl-er-von-de","status":"publish","type":"post","link":"https:\/\/www.hoecker.eu\/blog\/weitere-einstweilige-verfuegung-gegen-axel-springer-se-wegen-bericht-von-nikolaus-harbusch-landgericht-koeln-verbietet-bild-u-a-die-rechtswidrige-meldung-obwohl-er-von-de\/","title":{"rendered":"Weitere Einstweilige Verf\u00fcgung gegen Axel Springer SE wegen Bericht von Nikolaus Harbusch: Landgericht K\u00f6ln verbietet \u201eBILD\u201c u.a. die rechtswidrige Meldung: \u201eObwohl er von den Vorw\u00fcrfen wusste &#8211; Kardinal Woelki bef\u00f6rdert Missbrauchs-Priester\u201c"},"content":{"rendered":"<p>Kardinal Woelki hat sich mit H\u00d6CKER erneut erfolgreich gerichtlich gegen gleich zwei rechtwidrige Berichte der \u201eBILD\u201c- Zeitung vom 27.04.2021 zur Wehr gesetzt. Beide verbotene Artikel wurden durch den BILD-Redakteur Nikolaus Harbusch verfasst.<\/p>\n<p>Die \u201eBILD\u201c hatte unter bild.de rei\u00dferisch gemeldet, Kardinal Woelki habe einen \u201eMissbrauchs- Priester\u201c bef\u00f6rdert, obwohl Kardinal Woelki von den Vorw\u00fcrfen wusste. Der bef\u00f6rderte Priester wurde im BILD-Bericht als \u201eSexualstraft\u00e4ter\u201c gebrandmarkt, der \u201eKindesmissbrauch und sexuelle Handlungen mit einem Minderj\u00e4hrigen gestanden\u201c habe.<\/p>\n<p>Nach einer einstweiligen Verf\u00fcgung des Landgerichts K\u00f6ln bleibt von dieser Geschichte nicht mehr viel \u00fcbrig: Die relevanten Punkte der beiden Berichte vom 27.04. wurden verboten.<\/p>\n<p>Kardinal Woelki ist der Behauptung, er habe bei der Bef\u00f6rderung des Priesters Kenntnis von dessen angeblicher Straftat eines Kindesmissbrauch gehabt, entgegengetreten und hat diese Kenntnis verneint. Soweit der Priester einen Vorgang zugestanden hatte, bewertet das Landgericht K\u00f6ln diesen Vorgang zudem auch noch so, dass \u201e<em>gerade <u>kein strafrechtlich relevantes Geschehen vorliegt<\/u>\u201c.<\/em><\/p>\n<p>Das Landgericht K\u00f6ln hat die beiden Berichte mit einer einstweiligen Verf\u00fcgung gegen\u00fcber der Axel Springer SE verboten (Az: 28 O 180\/21, n.rkr.). Untersagt wurde, in Bezug auf Herrn Kardinal Woelki zu verbreiten oder verbreiten zu lassen (Unterstreichungen wurden verboten):<\/p>\n<blockquote><p><em><u>Obwohl er von den Vorw\u00fcrfen wusste &#8211; Kardinal Woeiki bef\u00f6rderte Missbrauchs-Priester.<\/u><\/em><em><\/p>\n<p>Der K\u00f6lner Kardinal Rainer Maria Woeiki (64) hat einen Priester bef\u00f6rdert &#8211; <u>obwohl dieser zuvor Kindesmissbrauch gestanden hat!<\/u><\/em><em><\/p>\n<p>Konkret geht es um Pfarrer (\u2026) aus D\u00fcsseldorf. <u>Er hatte der Polizei 2001 sexuelle Handlungen mit einem Minderj\u00e4hrigen eingestanden.<\/u><\/em><em><u><\/p>\n<p>Bei polizeilicher Vernehmung hatte de Pfarrer Sex mit dem obdachlosen und minderj\u00e4hrigen Prostituierten gestanden.<\/u><\/em><em><u><\/p>\n<p>Ungeachtet dessen bef\u00f6rdert Woelki diesen Sexualstraft\u00e4ter nur zwei Jahre sp\u00e4ter zum Vize-Stadtdechanten von D\u00fcsseldorf.&#8221;<\/u><\/em><em><\/p>\n<p>Es ist amtlich: <u>Kardinal Rainer Maria Woelki, der Erzbischof von K\u00f6ln, hat einen Missbrauchspriester bef\u00f6rdert<\/u>, anstatt Minderj\u00e4hrige vor ihm zu sch\u00fctzen.<\/em><\/p><\/blockquote>\n<p>In seiner Begr\u00fcndung nach dem Stand der Glaubhaftmachung im einstweiligen Rechtsschutz f\u00fchrt das Landgericht K\u00f6ln aus, dass es bei seiner Entscheidung von zwei unwahren Tatsachenbehauptungen und unzul\u00e4ssigen Meinungs\u00e4u\u00dferungen ausgehe, Zitat:<\/p>\n<blockquote><p><em><em><em>Bei der \u00c4u\u00dferung \u201eObwohl er von den Vorw\u00fcrfen wusste \u2013 Kardinal Woelki bef\u00f6rderte Missbrauchs-Priester&#8221; handelt es sich hinsichtlich des zweiten Halbsatzes um eine unzul\u00e4ssige Meinungs\u00e4u\u00dferung. Der durchschnittliche Rezipient stellt sich im Kontext des Artikels einen anderen als den tats\u00e4chlich gegebenen Sachverhalt (ein nicht strafrechtlich relevanter sexueller Kontakt ohne gegenseitigen K\u00f6rperkontakt zu einem 17-j\u00e4hrigen sog. Stricher, dessen Minderj\u00e4hrigkeit Herrn\u2026 nicht bekannt war) vor.<\/em><\/em><\/em><em><em><em><\/p>\n<p>Hinsichtlich des ersten Halbsatzes liegt eine unwahre Tatsachenbehauptung vor. Der Antragsteller hat an Eides statt versichert, keine Kenntnis von einem strafrechtlich relevanten Vorgang j\u00fcngeren Datums gehabt zu haben.<br \/><\/em><\/em><\/em><\/p>\n<p><em><em><em>Die \u00c4u\u00dferung \u201eobwohl dieser zuvor Kindesmissbrauch gestanden hat!&#8221; ist ebenfalls unzul\u00e4ssig, da sich aus dem Bericht vom 07.09.2001 \u2026 ergibt, dass Herr (\u2026) keinen Sachverhalt einger\u00e4umt hat, den sich der durchschnittliche Rezipient als Tatsachengrundlage f\u00fcr die (wertende) Bezeichnung des Vorgangs als \u201eKindesmissbrauch&#8221; vorstellt.<\/em><\/em><\/em><\/p>\n<p><em><em><em>Hinsichtlich der \u00c4u\u00dferung \u201eEr hatte der Polizei 2001 sexuelle Handlungen mit einem Minderj\u00e4hrigen gestanden.&#8221; handelt es sich ebenfalls um eine unwahre Tatsachenbehauptung, da sich aus dem Bericht gerade nicht ergibt, dass Herr (\u2026) gewusst hat, dass es sich um einen Minderj\u00e4hrigen handelte.<br \/><\/em><\/em><\/em><\/p>\n<p><em><em><em>Die \u00c4u\u00dferung \u201eBei polizeilicher Vernehmung hatte der Pfarrer Sex mit dem obdachlosen und minderj\u00e4hrigen Prostituierten gestanden\u201c, ist ebenfalls unzul\u00e4ssig, da sich der durchschnittliche Rezipient hier einen anderen Sachverhalt als den in dem Bericht wiedergegebenen vorstellt und Herr (\u2026) nicht mitgeteilt hat, Kenntnis von der Minderj\u00e4hrigkeit gehabt zu haben.<br \/><\/em><\/em><\/em><\/p>\n<p><em><em><em>Die \u00c4u\u00dferung \u201eUngeachtet dessen bef\u00f6rdert Woelki diesen Sexualstraft\u00e4ter nur zwei Jahre sp\u00e4ter zum Vize-Stadtdechanten von D\u00fcsseldorf.&#8221; ist unzul\u00e4ssig, da gerade kein strafrechtlich relevantes Geschehen vorliegt.<br \/><\/em><\/em><\/em><\/p>\n<p><em><em><em>Hinsichtlich der \u00c4u\u00dferung \u201eKardinal Rainer Maria Woelki, der Erzbischof von K\u00f6ln, hat einen <\/em><em>Missbrauchspriester bef\u00f6rdert\u201c kann auf die Ausf\u00fchrungen zur ersten \u00c4u\u00dferung verwiesen werden.<br \/><\/em><\/em><\/em><\/p>\n<\/blockquote>\n<p><em><em>Rechtsanwalt Dr. Carsten Brennecke:<\/em><\/em><em><em><em><br \/>\u201eDie \u201eBILD&#8221;-Zeitung und ihr Redakteur Nikolaus Harbusch haben ihre Kritik an der Bef\u00f6rderung des Priesters rechtswidrig aufgebauscht. F\u00fcr die abtr\u00e4glichen Formulierungen, der bef\u00f6rderte Priester sei \u201eMissbrauchs-Priester\u201c, \u201eSexualstraft\u00e4ter\u201c und habe \u201eKindesmissbrauch gestanden\u201c, gibt es keine sachliche Rechtfertigung. Dar\u00fcber hinaus ist Kardinal Woelki der Behauptung glaubhaft entgegen getreten, dass er von diesen Umst\u00e4nden Kenntnis gehabt hat. Seri\u00f6se Berichterstattung geht anders.<\/em><\/em><\/em><\/p>\n<p>Die Axel Springer SE hat gegen das Verbot zwischenzeitlich Rechtsmittel eingelegt. Herr Kardinal Woelki wird Hauptsacheklage erheben.<\/p>\n<p><strong>Update: <\/strong>Mittlerweile hat das OLG K\u00f6ln in dieser Sache entschieden und die Verbotsentscheidungen erster Instanz in weiten Teilen best\u00e4tigt. Siehe dazu und zum Umfang des reduzierten Verbots des OLG K\u00f6ln die Pressemitteilung hier: <a href=\"https:\/\/www.hoecker.eu\/news\/bild-zieht-endg%C3%BCltig-den-k%C3%BCrzeren-gegen-kardinal-woelki-das-oberlandesgericht-k%C3%B6ln-verbietet-zwei-berichte-einen-wegen-falschberichterstattung\" target=\"_blank\" rel=\"noreferrer noopener\">https:\/\/www.hoecker.eu\/news\/bild-zieht-endg\u00fcltig-den-k\u00fcrzeren-gegen-kardinal-woelki-das-oberlandesgericht-k\u00f6ln-verbietet-zwei-berichte-einen-wegen-falschberichterstattung<\/a><\/p>\n","protected":false},"excerpt":{"rendered":"<p>Kardinal Woelki hat sich mit H\u00d6CKER erneut erfolgreich gerichtlich gegen gleich zwei rechtwidrige Berichte der \u201eBILD\u201c- Zeitung vom 27.04.2021 zur Wehr gesetzt. Beide verbotene Artikel wurden durch den BILD-Redakteur Nikolaus Harbusch verfasst. Die \u201eBILD\u201c hatte unter bild.de rei\u00dferisch gemeldet, Kardinal Woelki habe einen \u201eMissbrauchs- Priester\u201c bef\u00f6rdert, obwohl Kardinal Woelki von den Vorw\u00fcrfen wusste. Der bef\u00f6rderte [&hellip;]<\/p>\n","protected":false},"author":1,"featured_media":0,"comment_status":"closed","ping_status":"closed","sticky":false,"template":"","format":"standard","meta":{"_has_post_settings":[],"footnotes":""},"categories":[15],"tags":[],"hashtags":[],"ppma_author":[84],"class_list":["post-8246","post","type-post","status-publish","format-standard","hentry","category-news","author-hoecker_adm"],"yoast_head":"<!-- This site is optimized with the Yoast SEO Premium plugin v25.9 (Yoast SEO v27.0) - https:\/\/yoast.com\/product\/yoast-seo-premium-wordpress\/ -->\n<title>Weitere Einstweilige Verf\u00fcgung gegen Axel Springer SE wegen Bericht von Nikolaus Harbusch: Landgericht K\u00f6ln verbietet \u201eBILD\u201c u.a. die rechtswidrige Meldung: \u201eObwohl er von den Vorw\u00fcrfen wusste - Kardinal Woelki bef\u00f6rdert Missbrauchs-Priester\u201c - H\u00d6CKER - der Blog<\/title>\n<meta name=\"robots\" content=\"index, follow, max-snippet:-1, max-image-preview:large, max-video-preview:-1\" \/>\n<link rel=\"canonical\" href=\"https:\/\/www.hoecker.eu\/blog\/weitere-einstweilige-verfuegung-gegen-axel-springer-se-wegen-bericht-von-nikolaus-harbusch-landgericht-koeln-verbietet-bild-u-a-die-rechtswidrige-meldung-obwohl-er-von-de\/\" \/>\n<meta property=\"og:locale\" content=\"de_DE\" \/>\n<meta property=\"og:type\" content=\"article\" \/>\n<meta property=\"og:title\" content=\"Weitere Einstweilige Verf\u00fcgung gegen Axel Springer SE wegen Bericht von Nikolaus Harbusch: Landgericht K\u00f6ln verbietet \u201eBILD\u201c u.a. die rechtswidrige Meldung: \u201eObwohl er von den Vorw\u00fcrfen wusste - Kardinal Woelki bef\u00f6rdert Missbrauchs-Priester\u201c\" \/>\n<meta property=\"og:description\" content=\"Kardinal Woelki hat sich mit H\u00d6CKER erneut erfolgreich gerichtlich gegen gleich zwei rechtwidrige Berichte der \u201eBILD\u201c- Zeitung vom 27.04.2021 zur Wehr gesetzt. Beide verbotene Artikel wurden durch den BILD-Redakteur Nikolaus Harbusch verfasst. Die \u201eBILD\u201c hatte unter bild.de rei\u00dferisch gemeldet, Kardinal Woelki habe einen \u201eMissbrauchs- Priester\u201c bef\u00f6rdert, obwohl Kardinal Woelki von den Vorw\u00fcrfen wusste. Der bef\u00f6rderte [&hellip;]\" \/>\n<meta property=\"og:url\" content=\"https:\/\/www.hoecker.eu\/blog\/weitere-einstweilige-verfuegung-gegen-axel-springer-se-wegen-bericht-von-nikolaus-harbusch-landgericht-koeln-verbietet-bild-u-a-die-rechtswidrige-meldung-obwohl-er-von-de\/\" \/>\n<meta property=\"og:site_name\" content=\"H\u00d6CKER - der Blog\" \/>\n<meta property=\"article:publisher\" content=\"https:\/\/www.facebook.com\/HoeckerRAe\/\" \/>\n<meta property=\"article:author\" content=\"https:\/\/www.facebook.com\/ralf.hoecker\" \/>\n<meta property=\"article:published_time\" content=\"2021-10-25T16:34:00+00:00\" \/>\n<meta property=\"article:modified_time\" content=\"2025-02-17T13:54:31+00:00\" \/>\n<meta name=\"author\" content=\"Prof. Dr. Ralf H\u00f6cker\" \/>\n<meta name=\"twitter:card\" content=\"summary_large_image\" \/>\n<meta name=\"twitter:creator\" content=\"@Ralf_Hoecker\" \/>\n<meta name=\"twitter:site\" content=\"@hoecker_rae\" \/>\n<meta name=\"twitter:label1\" content=\"Verfasst von\" \/>\n\t<meta name=\"twitter:data1\" content=\"Prof. Dr. Ralf H\u00f6cker\" \/>\n\t<meta name=\"twitter:label2\" content=\"Gesch\u00e4tzte Lesezeit\" \/>\n\t<meta name=\"twitter:data2\" content=\"4\u00a0Minuten\" \/>\n<script type=\"application\/ld+json\" class=\"yoast-schema-graph\">{\"@context\":\"https:\/\/schema.org\",\"@graph\":[{\"@type\":\"Article\",\"@id\":\"https:\/\/www.hoecker.eu\/blog\/weitere-einstweilige-verfuegung-gegen-axel-springer-se-wegen-bericht-von-nikolaus-harbusch-landgericht-koeln-verbietet-bild-u-a-die-rechtswidrige-meldung-obwohl-er-von-de\/#article\",\"isPartOf\":{\"@id\":\"https:\/\/www.hoecker.eu\/blog\/weitere-einstweilige-verfuegung-gegen-axel-springer-se-wegen-bericht-von-nikolaus-harbusch-landgericht-koeln-verbietet-bild-u-a-die-rechtswidrige-meldung-obwohl-er-von-de\/\"},\"author\":{\"name\":\"Prof. Dr. Ralf H\u00f6cker\",\"@id\":\"https:\/\/www.hoecker.eu\/blog\/#\/schema\/person\/08f95581eed0534eccd0b2438f7a1cab\"},\"headline\":\"Weitere Einstweilige Verf\u00fcgung gegen Axel Springer SE wegen Bericht von Nikolaus Harbusch: Landgericht K\u00f6ln verbietet \u201eBILD\u201c u.a. die rechtswidrige Meldung: \u201eObwohl er von den Vorw\u00fcrfen wusste &#8211; Kardinal Woelki bef\u00f6rdert Missbrauchs-Priester\u201c\",\"datePublished\":\"2021-10-25T16:34:00+00:00\",\"dateModified\":\"2025-02-17T13:54:31+00:00\",\"mainEntityOfPage\":{\"@id\":\"https:\/\/www.hoecker.eu\/blog\/weitere-einstweilige-verfuegung-gegen-axel-springer-se-wegen-bericht-von-nikolaus-harbusch-landgericht-koeln-verbietet-bild-u-a-die-rechtswidrige-meldung-obwohl-er-von-de\/\"},\"wordCount\":811,\"publisher\":{\"@id\":\"https:\/\/www.hoecker.eu\/blog\/#organization\"},\"articleSection\":[\"News\"],\"inLanguage\":\"de\"},{\"@type\":\"WebPage\",\"@id\":\"https:\/\/www.hoecker.eu\/blog\/weitere-einstweilige-verfuegung-gegen-axel-springer-se-wegen-bericht-von-nikolaus-harbusch-landgericht-koeln-verbietet-bild-u-a-die-rechtswidrige-meldung-obwohl-er-von-de\/\",\"url\":\"https:\/\/www.hoecker.eu\/blog\/weitere-einstweilige-verfuegung-gegen-axel-springer-se-wegen-bericht-von-nikolaus-harbusch-landgericht-koeln-verbietet-bild-u-a-die-rechtswidrige-meldung-obwohl-er-von-de\/\",\"name\":\"Weitere Einstweilige Verf\u00fcgung gegen Axel Springer SE wegen Bericht von Nikolaus Harbusch: Landgericht K\u00f6ln verbietet \u201eBILD\u201c u.a. die rechtswidrige Meldung: \u201eObwohl er von den Vorw\u00fcrfen wusste - Kardinal Woelki bef\u00f6rdert Missbrauchs-Priester\u201c - H\u00d6CKER - der Blog\",\"isPartOf\":{\"@id\":\"https:\/\/www.hoecker.eu\/blog\/#website\"},\"datePublished\":\"2021-10-25T16:34:00+00:00\",\"dateModified\":\"2025-02-17T13:54:31+00:00\",\"breadcrumb\":{\"@id\":\"https:\/\/www.hoecker.eu\/blog\/weitere-einstweilige-verfuegung-gegen-axel-springer-se-wegen-bericht-von-nikolaus-harbusch-landgericht-koeln-verbietet-bild-u-a-die-rechtswidrige-meldung-obwohl-er-von-de\/#breadcrumb\"},\"inLanguage\":\"de\",\"potentialAction\":[{\"@type\":\"ReadAction\",\"target\":[\"https:\/\/www.hoecker.eu\/blog\/weitere-einstweilige-verfuegung-gegen-axel-springer-se-wegen-bericht-von-nikolaus-harbusch-landgericht-koeln-verbietet-bild-u-a-die-rechtswidrige-meldung-obwohl-er-von-de\/\"]}]},{\"@type\":\"BreadcrumbList\",\"@id\":\"https:\/\/www.hoecker.eu\/blog\/weitere-einstweilige-verfuegung-gegen-axel-springer-se-wegen-bericht-von-nikolaus-harbusch-landgericht-koeln-verbietet-bild-u-a-die-rechtswidrige-meldung-obwohl-er-von-de\/#breadcrumb\",\"itemListElement\":[{\"@type\":\"ListItem\",\"position\":1,\"name\":\"Startseite\",\"item\":\"https:\/\/dev.hoecker.eu\/blog\/\"},{\"@type\":\"ListItem\",\"position\":2,\"name\":\"Weitere Einstweilige Verf\u00fcgung gegen Axel Springer SE wegen Bericht von Nikolaus Harbusch: Landgericht K\u00f6ln verbietet \u201eBILD\u201c u.a. die rechtswidrige Meldung: \u201eObwohl er von den Vorw\u00fcrfen wusste &#8211; Kardinal Woelki bef\u00f6rdert Missbrauchs-Priester\u201c\"}]},{\"@type\":\"WebSite\",\"@id\":\"https:\/\/www.hoecker.eu\/blog\/#website\",\"url\":\"https:\/\/www.hoecker.eu\/blog\/\",\"name\":\"H\u00d6CKER - der Blog\",\"description\":\"Expertenblog f\u00fcr \u00c4u\u00dferungs-, Medien-, Marken-, Urheber- und Wettbewerbsrecht.\",\"publisher\":{\"@id\":\"https:\/\/www.hoecker.eu\/blog\/#organization\"},\"potentialAction\":[{\"@type\":\"SearchAction\",\"target\":{\"@type\":\"EntryPoint\",\"urlTemplate\":\"https:\/\/www.hoecker.eu\/blog\/?s={search_term_string}\"},\"query-input\":{\"@type\":\"PropertyValueSpecification\",\"valueRequired\":true,\"valueName\":\"search_term_string\"}}],\"inLanguage\":\"de\"},{\"@type\":\"Organization\",\"@id\":\"https:\/\/www.hoecker.eu\/blog\/#organization\",\"name\":\"H\u00d6CKER Rechtsanw\u00e4lte PartGmbB\",\"alternateName\":\"H\u00d6CKER\",\"url\":\"https:\/\/www.hoecker.eu\/blog\/\",\"logo\":{\"@type\":\"ImageObject\",\"inLanguage\":\"de\",\"@id\":\"https:\/\/www.hoecker.eu\/blog\/#\/schema\/logo\/image\/\",\"url\":\"https:\/\/www.hoecker.eu\/blog\/wp-content\/uploads\/2025\/03\/Blog-Logo.webp\",\"contentUrl\":\"https:\/\/www.hoecker.eu\/blog\/wp-content\/uploads\/2025\/03\/Blog-Logo.webp\",\"width\":500,\"height\":500,\"caption\":\"H\u00d6CKER Rechtsanw\u00e4lte PartGmbB\"},\"image\":{\"@id\":\"https:\/\/www.hoecker.eu\/blog\/#\/schema\/logo\/image\/\"},\"sameAs\":[\"https:\/\/www.facebook.com\/HoeckerRAe\/\",\"https:\/\/x.com\/hoecker_rae\",\"https:\/\/www.linkedin.com\/company\/hcker-rechtsanwlte\/\",\"https:\/\/www.instagram.com\/hoecker_rae\/\"],\"email\":\"contact@hoecker.eu\",\"telephone\":\"+ 49 (0)221-933 19-10\",\"legalName\":\"H\u00d6CKER Rechtsanw\u00e4lte PartGmbB\",\"numberOfEmployees\":{\"@type\":\"QuantitativeValue\",\"minValue\":\"11\",\"maxValue\":\"50\"}},{\"@type\":\"Person\",\"@id\":\"https:\/\/www.hoecker.eu\/blog\/#\/schema\/person\/08f95581eed0534eccd0b2438f7a1cab\",\"name\":\"Prof. Dr. Ralf H\u00f6cker\",\"description\":\"Medienanwalt. Besch\u00fctzer vor mieser Presse\",\"sameAs\":[\"https:\/\/www.hoecker.eu\/wer\/prof-dr-ralf-hoecker\",\"https:\/\/www.facebook.com\/ralf.hoecker\",\"https:\/\/www.linkedin.com\/in\/prof-dr-ralf-hcker-ll-m-london-17987826\/\",\"https:\/\/x.com\/Ralf_Hoecker\"],\"url\":\"https:\/\/www.hoecker.eu\/blog\/author\/hoecker_adm\/\"}]}<\/script>\n<!-- \/ Yoast SEO Premium plugin. -->","yoast_head_json":{"title":"Weitere Einstweilige Verf\u00fcgung gegen Axel Springer SE wegen Bericht von Nikolaus Harbusch: Landgericht K\u00f6ln verbietet \u201eBILD\u201c u.a. die rechtswidrige Meldung: \u201eObwohl er von den Vorw\u00fcrfen wusste - Kardinal Woelki bef\u00f6rdert Missbrauchs-Priester\u201c - H\u00d6CKER - der Blog","robots":{"index":"index","follow":"follow","max-snippet":"max-snippet:-1","max-image-preview":"max-image-preview:large","max-video-preview":"max-video-preview:-1"},"canonical":"https:\/\/www.hoecker.eu\/blog\/weitere-einstweilige-verfuegung-gegen-axel-springer-se-wegen-bericht-von-nikolaus-harbusch-landgericht-koeln-verbietet-bild-u-a-die-rechtswidrige-meldung-obwohl-er-von-de\/","og_locale":"de_DE","og_type":"article","og_title":"Weitere Einstweilige Verf\u00fcgung gegen Axel Springer SE wegen Bericht von Nikolaus Harbusch: Landgericht K\u00f6ln verbietet \u201eBILD\u201c u.a. die rechtswidrige Meldung: \u201eObwohl er von den Vorw\u00fcrfen wusste - Kardinal Woelki bef\u00f6rdert Missbrauchs-Priester\u201c","og_description":"Kardinal Woelki hat sich mit H\u00d6CKER erneut erfolgreich gerichtlich gegen gleich zwei rechtwidrige Berichte der \u201eBILD\u201c- Zeitung vom 27.04.2021 zur Wehr gesetzt. Beide verbotene Artikel wurden durch den BILD-Redakteur Nikolaus Harbusch verfasst. Die \u201eBILD\u201c hatte unter bild.de rei\u00dferisch gemeldet, Kardinal Woelki habe einen \u201eMissbrauchs- Priester\u201c bef\u00f6rdert, obwohl Kardinal Woelki von den Vorw\u00fcrfen wusste. Der bef\u00f6rderte [&hellip;]","og_url":"https:\/\/www.hoecker.eu\/blog\/weitere-einstweilige-verfuegung-gegen-axel-springer-se-wegen-bericht-von-nikolaus-harbusch-landgericht-koeln-verbietet-bild-u-a-die-rechtswidrige-meldung-obwohl-er-von-de\/","og_site_name":"H\u00d6CKER - der Blog","article_publisher":"https:\/\/www.facebook.com\/HoeckerRAe\/","article_author":"https:\/\/www.facebook.com\/ralf.hoecker","article_published_time":"2021-10-25T16:34:00+00:00","article_modified_time":"2025-02-17T13:54:31+00:00","author":"Prof. Dr. Ralf H\u00f6cker","twitter_card":"summary_large_image","twitter_creator":"@Ralf_Hoecker","twitter_site":"@hoecker_rae","twitter_misc":{"Verfasst von":"Prof. Dr. Ralf H\u00f6cker","Gesch\u00e4tzte Lesezeit":"4\u00a0Minuten"},"schema":{"@context":"https:\/\/schema.org","@graph":[{"@type":"Article","@id":"https:\/\/www.hoecker.eu\/blog\/weitere-einstweilige-verfuegung-gegen-axel-springer-se-wegen-bericht-von-nikolaus-harbusch-landgericht-koeln-verbietet-bild-u-a-die-rechtswidrige-meldung-obwohl-er-von-de\/#article","isPartOf":{"@id":"https:\/\/www.hoecker.eu\/blog\/weitere-einstweilige-verfuegung-gegen-axel-springer-se-wegen-bericht-von-nikolaus-harbusch-landgericht-koeln-verbietet-bild-u-a-die-rechtswidrige-meldung-obwohl-er-von-de\/"},"author":{"name":"Prof. Dr. Ralf H\u00f6cker","@id":"https:\/\/www.hoecker.eu\/blog\/#\/schema\/person\/08f95581eed0534eccd0b2438f7a1cab"},"headline":"Weitere Einstweilige Verf\u00fcgung gegen Axel Springer SE wegen Bericht von Nikolaus Harbusch: Landgericht K\u00f6ln verbietet \u201eBILD\u201c u.a. die rechtswidrige Meldung: \u201eObwohl er von den Vorw\u00fcrfen wusste &#8211; Kardinal Woelki bef\u00f6rdert Missbrauchs-Priester\u201c","datePublished":"2021-10-25T16:34:00+00:00","dateModified":"2025-02-17T13:54:31+00:00","mainEntityOfPage":{"@id":"https:\/\/www.hoecker.eu\/blog\/weitere-einstweilige-verfuegung-gegen-axel-springer-se-wegen-bericht-von-nikolaus-harbusch-landgericht-koeln-verbietet-bild-u-a-die-rechtswidrige-meldung-obwohl-er-von-de\/"},"wordCount":811,"publisher":{"@id":"https:\/\/www.hoecker.eu\/blog\/#organization"},"articleSection":["News"],"inLanguage":"de"},{"@type":"WebPage","@id":"https:\/\/www.hoecker.eu\/blog\/weitere-einstweilige-verfuegung-gegen-axel-springer-se-wegen-bericht-von-nikolaus-harbusch-landgericht-koeln-verbietet-bild-u-a-die-rechtswidrige-meldung-obwohl-er-von-de\/","url":"https:\/\/www.hoecker.eu\/blog\/weitere-einstweilige-verfuegung-gegen-axel-springer-se-wegen-bericht-von-nikolaus-harbusch-landgericht-koeln-verbietet-bild-u-a-die-rechtswidrige-meldung-obwohl-er-von-de\/","name":"Weitere Einstweilige Verf\u00fcgung gegen Axel Springer SE wegen Bericht von Nikolaus Harbusch: Landgericht K\u00f6ln verbietet \u201eBILD\u201c u.a. die rechtswidrige Meldung: \u201eObwohl er von den Vorw\u00fcrfen wusste - Kardinal Woelki bef\u00f6rdert Missbrauchs-Priester\u201c - H\u00d6CKER - der Blog","isPartOf":{"@id":"https:\/\/www.hoecker.eu\/blog\/#website"},"datePublished":"2021-10-25T16:34:00+00:00","dateModified":"2025-02-17T13:54:31+00:00","breadcrumb":{"@id":"https:\/\/www.hoecker.eu\/blog\/weitere-einstweilige-verfuegung-gegen-axel-springer-se-wegen-bericht-von-nikolaus-harbusch-landgericht-koeln-verbietet-bild-u-a-die-rechtswidrige-meldung-obwohl-er-von-de\/#breadcrumb"},"inLanguage":"de","potentialAction":[{"@type":"ReadAction","target":["https:\/\/www.hoecker.eu\/blog\/weitere-einstweilige-verfuegung-gegen-axel-springer-se-wegen-bericht-von-nikolaus-harbusch-landgericht-koeln-verbietet-bild-u-a-die-rechtswidrige-meldung-obwohl-er-von-de\/"]}]},{"@type":"BreadcrumbList","@id":"https:\/\/www.hoecker.eu\/blog\/weitere-einstweilige-verfuegung-gegen-axel-springer-se-wegen-bericht-von-nikolaus-harbusch-landgericht-koeln-verbietet-bild-u-a-die-rechtswidrige-meldung-obwohl-er-von-de\/#breadcrumb","itemListElement":[{"@type":"ListItem","position":1,"name":"Startseite","item":"https:\/\/dev.hoecker.eu\/blog\/"},{"@type":"ListItem","position":2,"name":"Weitere Einstweilige Verf\u00fcgung gegen Axel Springer SE wegen Bericht von Nikolaus Harbusch: Landgericht K\u00f6ln verbietet \u201eBILD\u201c u.a. die rechtswidrige Meldung: \u201eObwohl er von den Vorw\u00fcrfen wusste &#8211; Kardinal Woelki bef\u00f6rdert Missbrauchs-Priester\u201c"}]},{"@type":"WebSite","@id":"https:\/\/www.hoecker.eu\/blog\/#website","url":"https:\/\/www.hoecker.eu\/blog\/","name":"H\u00d6CKER - der Blog","description":"Expertenblog f\u00fcr \u00c4u\u00dferungs-, Medien-, Marken-, Urheber- und Wettbewerbsrecht.","publisher":{"@id":"https:\/\/www.hoecker.eu\/blog\/#organization"},"potentialAction":[{"@type":"SearchAction","target":{"@type":"EntryPoint","urlTemplate":"https:\/\/www.hoecker.eu\/blog\/?s={search_term_string}"},"query-input":{"@type":"PropertyValueSpecification","valueRequired":true,"valueName":"search_term_string"}}],"inLanguage":"de"},{"@type":"Organization","@id":"https:\/\/www.hoecker.eu\/blog\/#organization","name":"H\u00d6CKER Rechtsanw\u00e4lte PartGmbB","alternateName":"H\u00d6CKER","url":"https:\/\/www.hoecker.eu\/blog\/","logo":{"@type":"ImageObject","inLanguage":"de","@id":"https:\/\/www.hoecker.eu\/blog\/#\/schema\/logo\/image\/","url":"https:\/\/www.hoecker.eu\/blog\/wp-content\/uploads\/2025\/03\/Blog-Logo.webp","contentUrl":"https:\/\/www.hoecker.eu\/blog\/wp-content\/uploads\/2025\/03\/Blog-Logo.webp","width":500,"height":500,"caption":"H\u00d6CKER Rechtsanw\u00e4lte PartGmbB"},"image":{"@id":"https:\/\/www.hoecker.eu\/blog\/#\/schema\/logo\/image\/"},"sameAs":["https:\/\/www.facebook.com\/HoeckerRAe\/","https:\/\/x.com\/hoecker_rae","https:\/\/www.linkedin.com\/company\/hcker-rechtsanwlte\/","https:\/\/www.instagram.com\/hoecker_rae\/"],"email":"contact@hoecker.eu","telephone":"+ 49 (0)221-933 19-10","legalName":"H\u00d6CKER Rechtsanw\u00e4lte PartGmbB","numberOfEmployees":{"@type":"QuantitativeValue","minValue":"11","maxValue":"50"}},{"@type":"Person","@id":"https:\/\/www.hoecker.eu\/blog\/#\/schema\/person\/08f95581eed0534eccd0b2438f7a1cab","name":"Prof. Dr. Ralf H\u00f6cker","description":"Medienanwalt. Besch\u00fctzer vor mieser Presse","sameAs":["https:\/\/www.hoecker.eu\/wer\/prof-dr-ralf-hoecker","https:\/\/www.facebook.com\/ralf.hoecker","https:\/\/www.linkedin.com\/in\/prof-dr-ralf-hcker-ll-m-london-17987826\/","https:\/\/x.com\/Ralf_Hoecker"],"url":"https:\/\/www.hoecker.eu\/blog\/author\/hoecker_adm\/"}]}},"authors":[{"term_id":84,"user_id":1,"is_guest":0,"slug":"hoecker_adm","display_name":"Prof. Dr. Ralf H\u00f6cker","avatar_url":{"url":"https:\/\/www.hoecker.eu\/blog\/wp-content\/uploads\/2023\/12\/ProfDrRalfHoecker.jpg","url2x":"https:\/\/www.hoecker.eu\/blog\/wp-content\/uploads\/2023\/12\/ProfDrRalfHoecker.jpg"},"0":null,"1":"","2":"","3":"","4":"","5":"","6":"","7":"","8":"","9":"","10":"","11":""}],"_links":{"self":[{"href":"https:\/\/www.hoecker.eu\/blog\/wp-json\/wp\/v2\/posts\/8246","targetHints":{"allow":["GET"]}}],"collection":[{"href":"https:\/\/www.hoecker.eu\/blog\/wp-json\/wp\/v2\/posts"}],"about":[{"href":"https:\/\/www.hoecker.eu\/blog\/wp-json\/wp\/v2\/types\/post"}],"author":[{"embeddable":true,"href":"https:\/\/www.hoecker.eu\/blog\/wp-json\/wp\/v2\/users\/1"}],"replies":[{"embeddable":true,"href":"https:\/\/www.hoecker.eu\/blog\/wp-json\/wp\/v2\/comments?post=8246"}],"version-history":[{"count":1,"href":"https:\/\/www.hoecker.eu\/blog\/wp-json\/wp\/v2\/posts\/8246\/revisions"}],"predecessor-version":[{"id":9368,"href":"https:\/\/www.hoecker.eu\/blog\/wp-json\/wp\/v2\/posts\/8246\/revisions\/9368"}],"wp:attachment":[{"href":"https:\/\/www.hoecker.eu\/blog\/wp-json\/wp\/v2\/media?parent=8246"}],"wp:term":[{"taxonomy":"category","embeddable":true,"href":"https:\/\/www.hoecker.eu\/blog\/wp-json\/wp\/v2\/categories?post=8246"},{"taxonomy":"post_tag","embeddable":true,"href":"https:\/\/www.hoecker.eu\/blog\/wp-json\/wp\/v2\/tags?post=8246"},{"taxonomy":"hashtags","embeddable":true,"href":"https:\/\/www.hoecker.eu\/blog\/wp-json\/wp\/v2\/hashtags?post=8246"},{"taxonomy":"author","embeddable":true,"href":"https:\/\/www.hoecker.eu\/blog\/wp-json\/wp\/v2\/ppma_author?post=8246"}],"curies":[{"name":"wp","href":"https:\/\/api.w.org\/{rel}","templated":true}]}}