{"id":8245,"date":"2021-10-25T18:35:00","date_gmt":"2021-10-25T16:35:00","guid":{"rendered":"https:\/\/www.hoecker.eu\/blog\/lg-koeln-ergaenzt-verbot-der-rechtswidrigen-berichterstattung-von-nikolaus-harbusch-im-bild-artikel-vom-3-5-2021-rechtswidrige-verdaechtigung-ueber-kardinal-woelki-zu-umstaenden-bei-ernennung-eines\/"},"modified":"2025-02-17T14:54:30","modified_gmt":"2025-02-17T13:54:30","slug":"lg-koeln-ergaenzt-verbot-der-rechtswidrigen-berichterstattung-von-nikolaus-harbusch-im-bild-artikel-vom-3-5-2021-rechtswidrige-verdaechtigung-ueber-kardinal-woelki-zu-umstaenden-bei-ernennung-eines","status":"publish","type":"post","link":"https:\/\/www.hoecker.eu\/blog\/lg-koeln-ergaenzt-verbot-der-rechtswidrigen-berichterstattung-von-nikolaus-harbusch-im-bild-artikel-vom-3-5-2021-rechtswidrige-verdaechtigung-ueber-kardinal-woelki-zu-umstaenden-bei-ernennung-eines\/","title":{"rendered":"LG K\u00f6ln erg\u00e4nzt Verbot der rechtswidrigen Berichterstattung von Nikolaus Harbusch im &#8220;BILD&#8221;-Artikel vom 3.5.2021: Rechtswidrige Verd\u00e4chtigung \u00fcber Kardinal Woelki zu Umst\u00e4nden bei Ernennung eines Priesters gegen\u00fcber Axel Springer SE verboten"},"content":{"rendered":"<p>Der K\u00f6lner Kardinal Woelki hat mit H\u00d6CKER einen weiteren gerichtlichen Erfolg gegen eine rechtswidrige Berichterstattung der BILD erzielt.<\/p>\n<p>Unter bild.de hatte die Axel Springer SE am 3.5.2021 einen von Nikolaus Harbusch verfassten Artikel ver\u00f6ffentlicht, in dem Kardinal Woelki verd\u00e4chtigt wurde, dass er bei der Ernennung eines Stadtdechanten Aktenkenntnis von einer \u201ePolizeiwarnung\u201c, \u201ebelastenden Berichten\u201c und \u201eProtokollen aus der Missbrauchsakte\u201c hatte.<\/p>\n<p>BILD-Autor Nikolaus Harbusch hielt es nicht f\u00fcr erforderlich, Kardinal Woelki vor der Ver\u00f6ffentlichung mit den o.g. \u201eBILD-Recherchen\u201c zu konfrontieren und Kardinal Woelki die Gelegenheit zu geben, diese zu entkr\u00e4ften. So wurde Kardinal Woelki von den Verd\u00e4chtigungen im ver\u00f6ffentlichten Bericht der \u201eBILD\u201c \u00fcberrascht.<\/p>\n<p>Das Landgericht K\u00f6ln hat nun in einem einstweiligen Verf\u00fcgungsverfahren sein Verbot des Berichts der BILD vom 3.5. erweitert und entschieden, dass auch eine weiter gehende Verdachtsberichterstattung unzul\u00e4ssig war. Das Gericht hat der Verlegerin der BILD-Zeitung die Verbreitung der Verd\u00e4chtigungen verboten, Kardinal Woelki habe bei der Ernennung des Priesters die \u201ePolizeiwarnung\u201c, sowie \u201ebelastende Berichte\u201c und \u201eProtokolle aus der Missbrauchsakte\u201c gekannt (Beschluss vom 07.06.2021, Az. 28 O 179\/21, n.rkr.).<\/p>\n<p>Die Erweiterung des Verbots betrifft die nachstehende Passage:<\/p>\n<blockquote>\n<p><em><em>\u201eDenn nach BILD-Recherchen kannte Woelki viele belastende Berichte, Protokolle aus der Missbrauchs-Akte und eine deutliche Warnung der Polizei.<\/em><br \/><\/em><\/p>\n<p><em><em>Doch in der Personalakte lag sogar noch mehr Sprengstoff, der Woelki nicht davon abhielt, den Skandal-Priester auch noch zu bef\u00f6rdern.<\/em><br \/><\/em><\/p>\n<p><em><em>F\u00fcr Woelki offenbar alles gar kein Problem, als er die Bef\u00f6rderung von D. im Juli 2017 feierlich bekannt gab.!<br \/><\/em><\/em><\/p>\n<\/blockquote>\n<p>Die Pressekammer des Landgerichts K\u00f6ln best\u00e4tigt damit, dass der \u201eBILD\u201c-Redakteur Harbusch bei der vorverurteilenden Verdachtsberichterstattung der \u201eBILD&#8221; seine journalistischen Sorgfaltspflichten verletzt hat. Das Verbot ist ergangen, weil die Ver\u00f6ffentlichung solcher ehrabschneidender Verd\u00e4chtigungen ohne vorherige Gelegenheit des Betroffenen, dazu Stellung zu nehmen und die Vorw\u00fcrfe zu entkr\u00e4ften, unzul\u00e4ssig ist. H\u00e4tte die \u201eBILD\u201c Kardinal Woelki vor dem Bericht angeh\u00f6rt, h\u00e4tte er schon dann klarstellen k\u00f6nnen, dass die Verd\u00e4chtigungen haltlos sind, und dementieren k\u00f6nnen, dass er die Akte mit den belastenden Dokumenten bei der Ernennungsentscheidung kannte. Zu dem rechtswidrigen Bericht w\u00e4re es also erst gar nicht gekommen, wenn die BILD ordnungsgem\u00e4\u00df angeh\u00f6rt h\u00e4tte.<\/p>\n<p>Die BILD-Zeitung hatte Herrn Kardinal Woelki erst nach der Ver\u00f6ffentlichung der abtr\u00e4glichen Verd\u00e4chtigungen im Bericht vom 3.5. zur Sache angeh\u00f6rt und eine entlastende Stellungnahme des Herrn Kardinal Woelki nach Beantwortung der Anfrage in eine aktualisierte Fassung des Berichts vom 4.5. eingef\u00fcgt. Doch auch zentrale \u00c4u\u00dferungen des aktualisierten Berichts sind dann mit einem weiteren Verbot im einstweiligen Rechtsschutz verboten worden (n.rkr.).<\/p>\n<p>Die Axel Springer SE hat gegen die benannten Verbote zwischenzeitlich Rechtsmittel eingelegt. Herr Kardinal Woelki wird Hauptsacheklagen erheben.<\/p>\n","protected":false},"excerpt":{"rendered":"<p>Der K\u00f6lner Kardinal Woelki hat mit H\u00d6CKER einen weiteren gerichtlichen Erfolg gegen eine rechtswidrige Berichterstattung der BILD erzielt. Unter bild.de hatte die Axel Springer SE am 3.5.2021 einen von Nikolaus Harbusch verfassten Artikel ver\u00f6ffentlicht, in dem Kardinal Woelki verd\u00e4chtigt wurde, dass er bei der Ernennung eines Stadtdechanten Aktenkenntnis von einer \u201ePolizeiwarnung\u201c, \u201ebelastenden Berichten\u201c und \u201eProtokollen [&hellip;]<\/p>\n","protected":false},"author":1,"featured_media":0,"comment_status":"closed","ping_status":"closed","sticky":false,"template":"","format":"standard","meta":{"_has_post_settings":[],"footnotes":""},"categories":[15],"tags":[],"hashtags":[],"ppma_author":[84],"class_list":["post-8245","post","type-post","status-publish","format-standard","hentry","category-news","author-hoecker_adm"],"yoast_head":"<!-- This site is optimized with the Yoast SEO Premium plugin v25.9 (Yoast SEO v27.0) - https:\/\/yoast.com\/product\/yoast-seo-premium-wordpress\/ -->\n<title>LG K\u00f6ln erg\u00e4nzt Verbot der rechtswidrigen Berichterstattung von Nikolaus Harbusch im &quot;BILD&quot;-Artikel vom 3.5.2021: Rechtswidrige Verd\u00e4chtigung \u00fcber Kardinal Woelki zu Umst\u00e4nden bei Ernennung eines Priesters gegen\u00fcber Axel Springer SE verboten - H\u00d6CKER - der Blog<\/title>\n<meta name=\"robots\" content=\"index, follow, max-snippet:-1, max-image-preview:large, max-video-preview:-1\" \/>\n<link rel=\"canonical\" href=\"https:\/\/www.hoecker.eu\/blog\/lg-koeln-ergaenzt-verbot-der-rechtswidrigen-berichterstattung-von-nikolaus-harbusch-im-bild-artikel-vom-3-5-2021-rechtswidrige-verdaechtigung-ueber-kardinal-woelki-zu-umstaenden-bei-ernennung-eines\/\" \/>\n<meta property=\"og:locale\" content=\"de_DE\" \/>\n<meta property=\"og:type\" content=\"article\" \/>\n<meta property=\"og:title\" content=\"LG K\u00f6ln erg\u00e4nzt Verbot der rechtswidrigen Berichterstattung von Nikolaus Harbusch im &quot;BILD&quot;-Artikel vom 3.5.2021: Rechtswidrige Verd\u00e4chtigung \u00fcber Kardinal Woelki zu Umst\u00e4nden bei Ernennung eines Priesters gegen\u00fcber Axel Springer SE verboten\" \/>\n<meta property=\"og:description\" content=\"Der K\u00f6lner Kardinal Woelki hat mit H\u00d6CKER einen weiteren gerichtlichen Erfolg gegen eine rechtswidrige Berichterstattung der BILD erzielt. Unter bild.de hatte die Axel Springer SE am 3.5.2021 einen von Nikolaus Harbusch verfassten Artikel ver\u00f6ffentlicht, in dem Kardinal Woelki verd\u00e4chtigt wurde, dass er bei der Ernennung eines Stadtdechanten Aktenkenntnis von einer \u201ePolizeiwarnung\u201c, \u201ebelastenden Berichten\u201c und \u201eProtokollen [&hellip;]\" \/>\n<meta property=\"og:url\" content=\"https:\/\/www.hoecker.eu\/blog\/lg-koeln-ergaenzt-verbot-der-rechtswidrigen-berichterstattung-von-nikolaus-harbusch-im-bild-artikel-vom-3-5-2021-rechtswidrige-verdaechtigung-ueber-kardinal-woelki-zu-umstaenden-bei-ernennung-eines\/\" \/>\n<meta property=\"og:site_name\" content=\"H\u00d6CKER - der Blog\" \/>\n<meta property=\"article:publisher\" content=\"https:\/\/www.facebook.com\/HoeckerRAe\/\" \/>\n<meta property=\"article:author\" content=\"https:\/\/www.facebook.com\/ralf.hoecker\" \/>\n<meta property=\"article:published_time\" content=\"2021-10-25T16:35:00+00:00\" \/>\n<meta property=\"article:modified_time\" content=\"2025-02-17T13:54:30+00:00\" \/>\n<meta name=\"author\" content=\"Prof. Dr. Ralf H\u00f6cker\" \/>\n<meta name=\"twitter:card\" content=\"summary_large_image\" \/>\n<meta name=\"twitter:creator\" content=\"@Ralf_Hoecker\" \/>\n<meta name=\"twitter:site\" content=\"@hoecker_rae\" \/>\n<meta name=\"twitter:label1\" content=\"Verfasst von\" \/>\n\t<meta name=\"twitter:data1\" content=\"Prof. Dr. Ralf H\u00f6cker\" \/>\n\t<meta name=\"twitter:label2\" content=\"Gesch\u00e4tzte Lesezeit\" \/>\n\t<meta name=\"twitter:data2\" content=\"2\u00a0Minuten\" \/>\n<script type=\"application\/ld+json\" class=\"yoast-schema-graph\">{\"@context\":\"https:\/\/schema.org\",\"@graph\":[{\"@type\":\"Article\",\"@id\":\"https:\/\/www.hoecker.eu\/blog\/lg-koeln-ergaenzt-verbot-der-rechtswidrigen-berichterstattung-von-nikolaus-harbusch-im-bild-artikel-vom-3-5-2021-rechtswidrige-verdaechtigung-ueber-kardinal-woelki-zu-umstaenden-bei-ernennung-eines\/#article\",\"isPartOf\":{\"@id\":\"https:\/\/www.hoecker.eu\/blog\/lg-koeln-ergaenzt-verbot-der-rechtswidrigen-berichterstattung-von-nikolaus-harbusch-im-bild-artikel-vom-3-5-2021-rechtswidrige-verdaechtigung-ueber-kardinal-woelki-zu-umstaenden-bei-ernennung-eines\/\"},\"author\":{\"name\":\"Prof. Dr. Ralf H\u00f6cker\",\"@id\":\"https:\/\/www.hoecker.eu\/blog\/#\/schema\/person\/08f95581eed0534eccd0b2438f7a1cab\"},\"headline\":\"LG K\u00f6ln erg\u00e4nzt Verbot der rechtswidrigen Berichterstattung von Nikolaus Harbusch im &#8220;BILD&#8221;-Artikel vom 3.5.2021: Rechtswidrige Verd\u00e4chtigung \u00fcber Kardinal Woelki zu Umst\u00e4nden bei Ernennung eines Priesters gegen\u00fcber Axel Springer SE verboten\",\"datePublished\":\"2021-10-25T16:35:00+00:00\",\"dateModified\":\"2025-02-17T13:54:30+00:00\",\"mainEntityOfPage\":{\"@id\":\"https:\/\/www.hoecker.eu\/blog\/lg-koeln-ergaenzt-verbot-der-rechtswidrigen-berichterstattung-von-nikolaus-harbusch-im-bild-artikel-vom-3-5-2021-rechtswidrige-verdaechtigung-ueber-kardinal-woelki-zu-umstaenden-bei-ernennung-eines\/\"},\"wordCount\":481,\"publisher\":{\"@id\":\"https:\/\/www.hoecker.eu\/blog\/#organization\"},\"articleSection\":[\"News\"],\"inLanguage\":\"de\"},{\"@type\":\"WebPage\",\"@id\":\"https:\/\/www.hoecker.eu\/blog\/lg-koeln-ergaenzt-verbot-der-rechtswidrigen-berichterstattung-von-nikolaus-harbusch-im-bild-artikel-vom-3-5-2021-rechtswidrige-verdaechtigung-ueber-kardinal-woelki-zu-umstaenden-bei-ernennung-eines\/\",\"url\":\"https:\/\/www.hoecker.eu\/blog\/lg-koeln-ergaenzt-verbot-der-rechtswidrigen-berichterstattung-von-nikolaus-harbusch-im-bild-artikel-vom-3-5-2021-rechtswidrige-verdaechtigung-ueber-kardinal-woelki-zu-umstaenden-bei-ernennung-eines\/\",\"name\":\"LG K\u00f6ln erg\u00e4nzt Verbot der rechtswidrigen Berichterstattung von Nikolaus Harbusch im \\\"BILD\\\"-Artikel vom 3.5.2021: Rechtswidrige Verd\u00e4chtigung \u00fcber Kardinal Woelki zu Umst\u00e4nden bei Ernennung eines Priesters gegen\u00fcber Axel Springer SE verboten - H\u00d6CKER - der Blog\",\"isPartOf\":{\"@id\":\"https:\/\/www.hoecker.eu\/blog\/#website\"},\"datePublished\":\"2021-10-25T16:35:00+00:00\",\"dateModified\":\"2025-02-17T13:54:30+00:00\",\"breadcrumb\":{\"@id\":\"https:\/\/www.hoecker.eu\/blog\/lg-koeln-ergaenzt-verbot-der-rechtswidrigen-berichterstattung-von-nikolaus-harbusch-im-bild-artikel-vom-3-5-2021-rechtswidrige-verdaechtigung-ueber-kardinal-woelki-zu-umstaenden-bei-ernennung-eines\/#breadcrumb\"},\"inLanguage\":\"de\",\"potentialAction\":[{\"@type\":\"ReadAction\",\"target\":[\"https:\/\/www.hoecker.eu\/blog\/lg-koeln-ergaenzt-verbot-der-rechtswidrigen-berichterstattung-von-nikolaus-harbusch-im-bild-artikel-vom-3-5-2021-rechtswidrige-verdaechtigung-ueber-kardinal-woelki-zu-umstaenden-bei-ernennung-eines\/\"]}]},{\"@type\":\"BreadcrumbList\",\"@id\":\"https:\/\/www.hoecker.eu\/blog\/lg-koeln-ergaenzt-verbot-der-rechtswidrigen-berichterstattung-von-nikolaus-harbusch-im-bild-artikel-vom-3-5-2021-rechtswidrige-verdaechtigung-ueber-kardinal-woelki-zu-umstaenden-bei-ernennung-eines\/#breadcrumb\",\"itemListElement\":[{\"@type\":\"ListItem\",\"position\":1,\"name\":\"Startseite\",\"item\":\"https:\/\/dev.hoecker.eu\/blog\/\"},{\"@type\":\"ListItem\",\"position\":2,\"name\":\"LG K\u00f6ln erg\u00e4nzt Verbot der rechtswidrigen Berichterstattung von Nikolaus Harbusch im &#8220;BILD&#8221;-Artikel vom 3.5.2021: Rechtswidrige Verd\u00e4chtigung \u00fcber Kardinal Woelki zu Umst\u00e4nden bei Ernennung eines Priesters gegen\u00fcber Axel Springer SE verboten\"}]},{\"@type\":\"WebSite\",\"@id\":\"https:\/\/www.hoecker.eu\/blog\/#website\",\"url\":\"https:\/\/www.hoecker.eu\/blog\/\",\"name\":\"H\u00d6CKER - der Blog\",\"description\":\"Expertenblog f\u00fcr \u00c4u\u00dferungs-, Medien-, Marken-, Urheber- und Wettbewerbsrecht.\",\"publisher\":{\"@id\":\"https:\/\/www.hoecker.eu\/blog\/#organization\"},\"potentialAction\":[{\"@type\":\"SearchAction\",\"target\":{\"@type\":\"EntryPoint\",\"urlTemplate\":\"https:\/\/www.hoecker.eu\/blog\/?s={search_term_string}\"},\"query-input\":{\"@type\":\"PropertyValueSpecification\",\"valueRequired\":true,\"valueName\":\"search_term_string\"}}],\"inLanguage\":\"de\"},{\"@type\":\"Organization\",\"@id\":\"https:\/\/www.hoecker.eu\/blog\/#organization\",\"name\":\"H\u00d6CKER Rechtsanw\u00e4lte PartGmbB\",\"alternateName\":\"H\u00d6CKER\",\"url\":\"https:\/\/www.hoecker.eu\/blog\/\",\"logo\":{\"@type\":\"ImageObject\",\"inLanguage\":\"de\",\"@id\":\"https:\/\/www.hoecker.eu\/blog\/#\/schema\/logo\/image\/\",\"url\":\"https:\/\/www.hoecker.eu\/blog\/wp-content\/uploads\/2025\/03\/Blog-Logo.webp\",\"contentUrl\":\"https:\/\/www.hoecker.eu\/blog\/wp-content\/uploads\/2025\/03\/Blog-Logo.webp\",\"width\":500,\"height\":500,\"caption\":\"H\u00d6CKER Rechtsanw\u00e4lte PartGmbB\"},\"image\":{\"@id\":\"https:\/\/www.hoecker.eu\/blog\/#\/schema\/logo\/image\/\"},\"sameAs\":[\"https:\/\/www.facebook.com\/HoeckerRAe\/\",\"https:\/\/x.com\/hoecker_rae\",\"https:\/\/www.linkedin.com\/company\/hcker-rechtsanwlte\/\",\"https:\/\/www.instagram.com\/hoecker_rae\/\"],\"email\":\"contact@hoecker.eu\",\"telephone\":\"+ 49 (0)221-933 19-10\",\"legalName\":\"H\u00d6CKER Rechtsanw\u00e4lte PartGmbB\",\"numberOfEmployees\":{\"@type\":\"QuantitativeValue\",\"minValue\":\"11\",\"maxValue\":\"50\"}},{\"@type\":\"Person\",\"@id\":\"https:\/\/www.hoecker.eu\/blog\/#\/schema\/person\/08f95581eed0534eccd0b2438f7a1cab\",\"name\":\"Prof. Dr. Ralf H\u00f6cker\",\"description\":\"Medienanwalt. Besch\u00fctzer vor mieser Presse\",\"sameAs\":[\"https:\/\/www.hoecker.eu\/wer\/prof-dr-ralf-hoecker\",\"https:\/\/www.facebook.com\/ralf.hoecker\",\"https:\/\/www.linkedin.com\/in\/prof-dr-ralf-hcker-ll-m-london-17987826\/\",\"https:\/\/x.com\/Ralf_Hoecker\"],\"url\":\"https:\/\/www.hoecker.eu\/blog\/author\/hoecker_adm\/\"}]}<\/script>\n<!-- \/ Yoast SEO Premium plugin. -->","yoast_head_json":{"title":"LG K\u00f6ln erg\u00e4nzt Verbot der rechtswidrigen Berichterstattung von Nikolaus Harbusch im \"BILD\"-Artikel vom 3.5.2021: Rechtswidrige Verd\u00e4chtigung \u00fcber Kardinal Woelki zu Umst\u00e4nden bei Ernennung eines Priesters gegen\u00fcber Axel Springer SE verboten - H\u00d6CKER - der Blog","robots":{"index":"index","follow":"follow","max-snippet":"max-snippet:-1","max-image-preview":"max-image-preview:large","max-video-preview":"max-video-preview:-1"},"canonical":"https:\/\/www.hoecker.eu\/blog\/lg-koeln-ergaenzt-verbot-der-rechtswidrigen-berichterstattung-von-nikolaus-harbusch-im-bild-artikel-vom-3-5-2021-rechtswidrige-verdaechtigung-ueber-kardinal-woelki-zu-umstaenden-bei-ernennung-eines\/","og_locale":"de_DE","og_type":"article","og_title":"LG K\u00f6ln erg\u00e4nzt Verbot der rechtswidrigen Berichterstattung von Nikolaus Harbusch im \"BILD\"-Artikel vom 3.5.2021: Rechtswidrige Verd\u00e4chtigung \u00fcber Kardinal Woelki zu Umst\u00e4nden bei Ernennung eines Priesters gegen\u00fcber Axel Springer SE verboten","og_description":"Der K\u00f6lner Kardinal Woelki hat mit H\u00d6CKER einen weiteren gerichtlichen Erfolg gegen eine rechtswidrige Berichterstattung der BILD erzielt. Unter bild.de hatte die Axel Springer SE am 3.5.2021 einen von Nikolaus Harbusch verfassten Artikel ver\u00f6ffentlicht, in dem Kardinal Woelki verd\u00e4chtigt wurde, dass er bei der Ernennung eines Stadtdechanten Aktenkenntnis von einer \u201ePolizeiwarnung\u201c, \u201ebelastenden Berichten\u201c und \u201eProtokollen [&hellip;]","og_url":"https:\/\/www.hoecker.eu\/blog\/lg-koeln-ergaenzt-verbot-der-rechtswidrigen-berichterstattung-von-nikolaus-harbusch-im-bild-artikel-vom-3-5-2021-rechtswidrige-verdaechtigung-ueber-kardinal-woelki-zu-umstaenden-bei-ernennung-eines\/","og_site_name":"H\u00d6CKER - der Blog","article_publisher":"https:\/\/www.facebook.com\/HoeckerRAe\/","article_author":"https:\/\/www.facebook.com\/ralf.hoecker","article_published_time":"2021-10-25T16:35:00+00:00","article_modified_time":"2025-02-17T13:54:30+00:00","author":"Prof. Dr. Ralf H\u00f6cker","twitter_card":"summary_large_image","twitter_creator":"@Ralf_Hoecker","twitter_site":"@hoecker_rae","twitter_misc":{"Verfasst von":"Prof. Dr. Ralf H\u00f6cker","Gesch\u00e4tzte Lesezeit":"2\u00a0Minuten"},"schema":{"@context":"https:\/\/schema.org","@graph":[{"@type":"Article","@id":"https:\/\/www.hoecker.eu\/blog\/lg-koeln-ergaenzt-verbot-der-rechtswidrigen-berichterstattung-von-nikolaus-harbusch-im-bild-artikel-vom-3-5-2021-rechtswidrige-verdaechtigung-ueber-kardinal-woelki-zu-umstaenden-bei-ernennung-eines\/#article","isPartOf":{"@id":"https:\/\/www.hoecker.eu\/blog\/lg-koeln-ergaenzt-verbot-der-rechtswidrigen-berichterstattung-von-nikolaus-harbusch-im-bild-artikel-vom-3-5-2021-rechtswidrige-verdaechtigung-ueber-kardinal-woelki-zu-umstaenden-bei-ernennung-eines\/"},"author":{"name":"Prof. Dr. Ralf H\u00f6cker","@id":"https:\/\/www.hoecker.eu\/blog\/#\/schema\/person\/08f95581eed0534eccd0b2438f7a1cab"},"headline":"LG K\u00f6ln erg\u00e4nzt Verbot der rechtswidrigen Berichterstattung von Nikolaus Harbusch im &#8220;BILD&#8221;-Artikel vom 3.5.2021: Rechtswidrige Verd\u00e4chtigung \u00fcber Kardinal Woelki zu Umst\u00e4nden bei Ernennung eines Priesters gegen\u00fcber Axel Springer SE verboten","datePublished":"2021-10-25T16:35:00+00:00","dateModified":"2025-02-17T13:54:30+00:00","mainEntityOfPage":{"@id":"https:\/\/www.hoecker.eu\/blog\/lg-koeln-ergaenzt-verbot-der-rechtswidrigen-berichterstattung-von-nikolaus-harbusch-im-bild-artikel-vom-3-5-2021-rechtswidrige-verdaechtigung-ueber-kardinal-woelki-zu-umstaenden-bei-ernennung-eines\/"},"wordCount":481,"publisher":{"@id":"https:\/\/www.hoecker.eu\/blog\/#organization"},"articleSection":["News"],"inLanguage":"de"},{"@type":"WebPage","@id":"https:\/\/www.hoecker.eu\/blog\/lg-koeln-ergaenzt-verbot-der-rechtswidrigen-berichterstattung-von-nikolaus-harbusch-im-bild-artikel-vom-3-5-2021-rechtswidrige-verdaechtigung-ueber-kardinal-woelki-zu-umstaenden-bei-ernennung-eines\/","url":"https:\/\/www.hoecker.eu\/blog\/lg-koeln-ergaenzt-verbot-der-rechtswidrigen-berichterstattung-von-nikolaus-harbusch-im-bild-artikel-vom-3-5-2021-rechtswidrige-verdaechtigung-ueber-kardinal-woelki-zu-umstaenden-bei-ernennung-eines\/","name":"LG K\u00f6ln erg\u00e4nzt Verbot der rechtswidrigen Berichterstattung von Nikolaus Harbusch im \"BILD\"-Artikel vom 3.5.2021: Rechtswidrige Verd\u00e4chtigung \u00fcber Kardinal Woelki zu Umst\u00e4nden bei Ernennung eines Priesters gegen\u00fcber Axel Springer SE verboten - H\u00d6CKER - der Blog","isPartOf":{"@id":"https:\/\/www.hoecker.eu\/blog\/#website"},"datePublished":"2021-10-25T16:35:00+00:00","dateModified":"2025-02-17T13:54:30+00:00","breadcrumb":{"@id":"https:\/\/www.hoecker.eu\/blog\/lg-koeln-ergaenzt-verbot-der-rechtswidrigen-berichterstattung-von-nikolaus-harbusch-im-bild-artikel-vom-3-5-2021-rechtswidrige-verdaechtigung-ueber-kardinal-woelki-zu-umstaenden-bei-ernennung-eines\/#breadcrumb"},"inLanguage":"de","potentialAction":[{"@type":"ReadAction","target":["https:\/\/www.hoecker.eu\/blog\/lg-koeln-ergaenzt-verbot-der-rechtswidrigen-berichterstattung-von-nikolaus-harbusch-im-bild-artikel-vom-3-5-2021-rechtswidrige-verdaechtigung-ueber-kardinal-woelki-zu-umstaenden-bei-ernennung-eines\/"]}]},{"@type":"BreadcrumbList","@id":"https:\/\/www.hoecker.eu\/blog\/lg-koeln-ergaenzt-verbot-der-rechtswidrigen-berichterstattung-von-nikolaus-harbusch-im-bild-artikel-vom-3-5-2021-rechtswidrige-verdaechtigung-ueber-kardinal-woelki-zu-umstaenden-bei-ernennung-eines\/#breadcrumb","itemListElement":[{"@type":"ListItem","position":1,"name":"Startseite","item":"https:\/\/dev.hoecker.eu\/blog\/"},{"@type":"ListItem","position":2,"name":"LG K\u00f6ln erg\u00e4nzt Verbot der rechtswidrigen Berichterstattung von Nikolaus Harbusch im &#8220;BILD&#8221;-Artikel vom 3.5.2021: Rechtswidrige Verd\u00e4chtigung \u00fcber Kardinal Woelki zu Umst\u00e4nden bei Ernennung eines Priesters gegen\u00fcber Axel Springer SE verboten"}]},{"@type":"WebSite","@id":"https:\/\/www.hoecker.eu\/blog\/#website","url":"https:\/\/www.hoecker.eu\/blog\/","name":"H\u00d6CKER - der Blog","description":"Expertenblog f\u00fcr \u00c4u\u00dferungs-, Medien-, Marken-, Urheber- und Wettbewerbsrecht.","publisher":{"@id":"https:\/\/www.hoecker.eu\/blog\/#organization"},"potentialAction":[{"@type":"SearchAction","target":{"@type":"EntryPoint","urlTemplate":"https:\/\/www.hoecker.eu\/blog\/?s={search_term_string}"},"query-input":{"@type":"PropertyValueSpecification","valueRequired":true,"valueName":"search_term_string"}}],"inLanguage":"de"},{"@type":"Organization","@id":"https:\/\/www.hoecker.eu\/blog\/#organization","name":"H\u00d6CKER Rechtsanw\u00e4lte PartGmbB","alternateName":"H\u00d6CKER","url":"https:\/\/www.hoecker.eu\/blog\/","logo":{"@type":"ImageObject","inLanguage":"de","@id":"https:\/\/www.hoecker.eu\/blog\/#\/schema\/logo\/image\/","url":"https:\/\/www.hoecker.eu\/blog\/wp-content\/uploads\/2025\/03\/Blog-Logo.webp","contentUrl":"https:\/\/www.hoecker.eu\/blog\/wp-content\/uploads\/2025\/03\/Blog-Logo.webp","width":500,"height":500,"caption":"H\u00d6CKER Rechtsanw\u00e4lte PartGmbB"},"image":{"@id":"https:\/\/www.hoecker.eu\/blog\/#\/schema\/logo\/image\/"},"sameAs":["https:\/\/www.facebook.com\/HoeckerRAe\/","https:\/\/x.com\/hoecker_rae","https:\/\/www.linkedin.com\/company\/hcker-rechtsanwlte\/","https:\/\/www.instagram.com\/hoecker_rae\/"],"email":"contact@hoecker.eu","telephone":"+ 49 (0)221-933 19-10","legalName":"H\u00d6CKER Rechtsanw\u00e4lte PartGmbB","numberOfEmployees":{"@type":"QuantitativeValue","minValue":"11","maxValue":"50"}},{"@type":"Person","@id":"https:\/\/www.hoecker.eu\/blog\/#\/schema\/person\/08f95581eed0534eccd0b2438f7a1cab","name":"Prof. Dr. Ralf H\u00f6cker","description":"Medienanwalt. Besch\u00fctzer vor mieser Presse","sameAs":["https:\/\/www.hoecker.eu\/wer\/prof-dr-ralf-hoecker","https:\/\/www.facebook.com\/ralf.hoecker","https:\/\/www.linkedin.com\/in\/prof-dr-ralf-hcker-ll-m-london-17987826\/","https:\/\/x.com\/Ralf_Hoecker"],"url":"https:\/\/www.hoecker.eu\/blog\/author\/hoecker_adm\/"}]}},"authors":[{"term_id":84,"user_id":1,"is_guest":0,"slug":"hoecker_adm","display_name":"Prof. Dr. Ralf H\u00f6cker","avatar_url":{"url":"https:\/\/www.hoecker.eu\/blog\/wp-content\/uploads\/2023\/12\/ProfDrRalfHoecker.jpg","url2x":"https:\/\/www.hoecker.eu\/blog\/wp-content\/uploads\/2023\/12\/ProfDrRalfHoecker.jpg"},"0":null,"1":"","2":"","3":"","4":"","5":"","6":"","7":"","8":"","9":"","10":"","11":""}],"_links":{"self":[{"href":"https:\/\/www.hoecker.eu\/blog\/wp-json\/wp\/v2\/posts\/8245","targetHints":{"allow":["GET"]}}],"collection":[{"href":"https:\/\/www.hoecker.eu\/blog\/wp-json\/wp\/v2\/posts"}],"about":[{"href":"https:\/\/www.hoecker.eu\/blog\/wp-json\/wp\/v2\/types\/post"}],"author":[{"embeddable":true,"href":"https:\/\/www.hoecker.eu\/blog\/wp-json\/wp\/v2\/users\/1"}],"replies":[{"embeddable":true,"href":"https:\/\/www.hoecker.eu\/blog\/wp-json\/wp\/v2\/comments?post=8245"}],"version-history":[{"count":1,"href":"https:\/\/www.hoecker.eu\/blog\/wp-json\/wp\/v2\/posts\/8245\/revisions"}],"predecessor-version":[{"id":9367,"href":"https:\/\/www.hoecker.eu\/blog\/wp-json\/wp\/v2\/posts\/8245\/revisions\/9367"}],"wp:attachment":[{"href":"https:\/\/www.hoecker.eu\/blog\/wp-json\/wp\/v2\/media?parent=8245"}],"wp:term":[{"taxonomy":"category","embeddable":true,"href":"https:\/\/www.hoecker.eu\/blog\/wp-json\/wp\/v2\/categories?post=8245"},{"taxonomy":"post_tag","embeddable":true,"href":"https:\/\/www.hoecker.eu\/blog\/wp-json\/wp\/v2\/tags?post=8245"},{"taxonomy":"hashtags","embeddable":true,"href":"https:\/\/www.hoecker.eu\/blog\/wp-json\/wp\/v2\/hashtags?post=8245"},{"taxonomy":"author","embeddable":true,"href":"https:\/\/www.hoecker.eu\/blog\/wp-json\/wp\/v2\/ppma_author?post=8245"}],"curies":[{"name":"wp","href":"https:\/\/api.w.org\/{rel}","templated":true}]}}