{"id":8243,"date":"2021-10-25T18:36:00","date_gmt":"2021-10-25T16:36:00","guid":{"rendered":"https:\/\/www.hoecker.eu\/blog\/einstweilige-verfuegung-gegen-bild-autor-nikolaus-harbusch-persoenlich-rechtswidrige-verdaechtigung-kardinal-woelkis-anlaesslich-einer-befoerderung-eines-priesters-in-harbuschs-bild-bericht-verboten\/"},"modified":"2025-02-17T14:54:29","modified_gmt":"2025-02-17T13:54:29","slug":"einstweilige-verfuegung-gegen-bild-autor-nikolaus-harbusch-persoenlich-rechtswidrige-verdaechtigung-kardinal-woelkis-anlaesslich-einer-befoerderung-eines-priesters-in-harbuschs-bild-bericht-verboten","status":"publish","type":"post","link":"https:\/\/www.hoecker.eu\/blog\/einstweilige-verfuegung-gegen-bild-autor-nikolaus-harbusch-persoenlich-rechtswidrige-verdaechtigung-kardinal-woelkis-anlaesslich-einer-befoerderung-eines-priesters-in-harbuschs-bild-bericht-verboten\/","title":{"rendered":"Einstweilige Verf\u00fcgung gegen BILD-Autor Nikolaus Harbusch pers\u00f6nlich: Rechtswidrige Verd\u00e4chtigung Kardinal Woelkis anl\u00e4sslich einer Bef\u00f6rderung eines Priesters in Harbuschs BILD-Bericht verboten"},"content":{"rendered":"<p>Einmal mehr hat das Landgericht K\u00f6ln eine Verbotsentscheidung gegen einen Bericht aus der zweifelhaften BILD-Kampagne gegen Kardinal Woelki erlassen: Dieses Verbot betrifft den BILD-Redakteur Nikolaus Harbusch pers\u00f6nlich, der nun schon mehrere Artikel zu Lasten von Herrn Kardinal Woelki verfasst hat, die durch gerichtliche einstweilige Verf\u00fcgungen wegen rechtswidriger Angaben verboten wurden (n.rkr.).<\/p>\n<p>Mit einstweiliger Verf\u00fcgung vom 08.06.2021 (Az. 28 O 207\/21, n.rkr.) hat die Pressekammer des Landgerichts K\u00f6ln dem BILD-Autor Nikolaus Harbusch pers\u00f6nlich verboten, wie in seinem Artikel vom 3.5. \u00fcber den Verdacht zu berichten, Kardinal Woelki habe bei der Bef\u00f6rderung eines Priesters Aktenkenntnis zu Dokumenten gehabt, die den bef\u00f6rderten Priester belasten.<\/p>\n<p>Hintergrund des Verbots ist ein Bericht des BILD-Autors Nikolaus Harbusch vom 3.5., in dem dieser eine Ernennungsentscheidung von Kardinal Woelki kritisierte. Dabei setzte Harbusch den Verdacht in die Welt, dass Kardinal Woelki bei der Ernennungsentscheidung ein warnendes Schreiben der Polizei sowie weitere belastende Berichte und Protokolle \u201eaus der Missbrauchs-Akte\u201c gekannt habe.<\/p>\n<p>Eine besondere Note hat die unzul\u00e4ssige Harbusch-Berichterstattung deshalb, weil Harbusch die abtr\u00e4glichen Verd\u00e4chtigungen in der BILD in die Welt setzte, ohne Kardinal Woelki vorher zu den von ihm berichteten Verdachtsmomenten anzuh\u00f6ren und damit ohne Kardinal Woelki auch nur die Gelegenheit zu geben, die Verdachtsmomente vor dem Pressebericht zu entkr\u00e4ften. Da Kardinal Woelki keine entlastende Erkl\u00e4rung abgeben konnte, wurde dem BILD-Leser ein v\u00f6llig einseitiger Bericht pr\u00e4sentiert.<\/p>\n<p>Nat\u00fcrlich w\u00e4re Kardinal Woelki bei einer Anh\u00f6rung der Verd\u00e4chtigung entgegengetreten: Er h\u00e4tte einfach klargestellt, dass ihm die in Rede stehenden Dokumente aus der Akte entgegen der Verd\u00e4chtigung der BILD-Zeitung bei der Ernennungsentscheidung nicht vorlagen. Das h\u00e4tte die BILD-Zeitung dann auch entlastend schreiben m\u00fcssen und der Bericht w\u00e4re g\u00e4nzlich anders ausgefallen.<\/p>\n<p>Nachdem Harbusch wegen seiner Rechtsverletzung abgemahnt wurde, beschwerte er sich lauthals dar\u00fcber, dass seine unfaire Praxis, abtr\u00e4gliche Verd\u00e4chtigungen ohne vorherige Anh\u00f6rung in die Welt zu setzen, kritisiert wurde. Harbusch versuchte sich frech damit herauszureden, dass er vor der Berichterstattung eine allgemeine Anfrage an das Erzbistum K\u00f6ln gesandt habe. Diese sei \u2013 so meint Harbusch \u2013 ausreichend gewesen. Mit seiner Meinung bleibt Herr Harbusch aber alleine: Das Landgericht K\u00f6ln hat beim Erlass des Verbots nat\u00fcrlich auch die E-Mail Harbuschs an das Erzbistum K\u00f6ln gepr\u00fcft, die Herr Harbusch f\u00fcr eine ausreichende Anh\u00f6rung h\u00e4lt. Das Landgericht K\u00f6ln stellt dazu fest:<\/p>\n<blockquote><p><em>\u201e<em>Soweit der Antragsgegner vortr\u00e4gt, dass eine Anh\u00f6rung mit E-Mail vom 23.04.2021 erfolgt sei, beziehen sich die dortigen Fragen nicht auf den Verdacht, dass der Antragsteller Herrn D. bef\u00f6rdert habe, obwohl ihm der Inhalt der Personalakte bekannt gewesen ist.<\/em>\u201c<\/em><\/p><\/blockquote>\n<p>Das Landgericht K\u00f6ln entlarvt die Verteidigung von Harbusch damit als Scheinargument. Tats\u00e4chlich hatte Harbusch in der E-Mail, die er als ordnungsgem\u00e4\u00dfe Anh\u00f6rung verkaufen m\u00f6chte, zu den Verdachtsmomenten, \u00fcber die er dann berichtet hat, gar nicht angeh\u00f6rt.<\/p>\n<p>Die nun durch das Landgericht K\u00f6ln als unzureichend bewertete Art und Weise der journalistischen Anh\u00f6rung von Harbusch begegnet uns im Umgang mit Kardinal Woelki h\u00e4ufiger: Wiederholt f\u00e4llt Harbusch mit rechtlich offensichtlich unzureichenden Anfragen vor der Ver\u00f6ffentlichung von Presseberichten auf, wenn er denn \u00fcberhaupt anh\u00f6rt.<\/p>\n<p>Nach den durch den Bundesgerichtshof festgelegten journalistischen Sorgfaltspflichten hat ein Journalist den Betroffenen vor der Ver\u00f6ffentlichung eines belastenden Verdachts ganz konkret anzuh\u00f6ren und ihm die Gelegenheit zu geben, sich mit einer Stellungnahme zu entlasten bzw. den Verdacht g\u00e4nzlich zu entkr\u00e4ften. Nach der Rechtsprechung muss der Journalist dabei die von ihm selbst recherchierten Tatsachen vortragen und den Betroffenen dar\u00fcber hinaus zu den Verdachtsmomenten anh\u00f6ren, die er meint, aus den von ihm recherchierten Tatsachen ableiten zu k\u00f6nnen. Darauf verzichtet Harbusch in aller Regel. Er beschr\u00e4nkt sich darauf, allgemeine Fragen zum Sachverhalt zu stellen, oftmals Sachverhaltsfragen zu Punkten, die er wohl selbst nicht recherchieren konnte. Die im Rahmen seiner journalistischen Sorgfaltspflichten geschuldeten Anh\u00f6rungen zu ermittelten Verdachtsmomenten fehlen aber regelm\u00e4\u00dfig.<\/p>\n<p>Eine solche fehlende oder unvollst\u00e4ndige Anh\u00f6rung verst\u00f6\u00dft nicht nur gegen die journalistischen Sorgfaltspflichten und ist damit unzul\u00e4ssig. Eine solche Art der Berichterstattung, ohne Vorwarnung und Anh\u00f6rung des Betroffenen abtr\u00e4gliche Verdachtsmomente in die Welt zu setzen, ist auch schlicht und ergreifend unfair.<\/p>\n<p>Rechtsanwalt Dr. Carsten Brennecke:<br \/><em>\u201eDie BILD und ihr Autor Nikolaus Harbusch tun sich und ihren Lesern mit einer einseitigen Verdachtsberichterstattung ohne vorherige ausreichende Anh\u00f6rung des Betroffenen keinen Gefallen. Denn auch die BILD-Leser erwarten von einem seri\u00f6sen Journalisten, dass dieser alle Fakten pr\u00e4sentiert und dass der Bericht vollst\u00e4ndig und ausgewogen ist, insbesondere auch entlastende Argumente des Betroffenen aufnimmt und w\u00fcrdigt. An einer einseitigen Kampagnenberichterstattung hat niemand ein Interesse.\u201c<br \/><\/em><\/p>\n<p>Die BILD-Zeitung hatte Herrn Kardinal Woelki durch Herrn Harbusch erst nach der Ver\u00f6ffentlichung der abtr\u00e4glichen Verd\u00e4chtigungen im Bericht vom 3.5. zur Sache angeh\u00f6rt und eine entlastende Stellungnahme des Herrn Kardinal Woelki nach Beantwortung der Anfrage in eine aktualisierte Fassung des Berichts vom 4.5. eingef\u00fcgt. Doch auch zentrale \u00c4u\u00dferungen des aktualisierten Berichts sind dann mit einem weiteren Verbot im einstweiligen Rechtsschutz gegen\u00fcber der Axel Springer SE verboten worden (n.rkr.).<\/p>\n<p>Harbusch und die Axel Springer SE haben gegen das Verbot und die anderen thematisierten Verbote zwischenzeitlich Rechtsmittel eingelegt. Herr Kardinal Woelki wird Hauptsacheklagen erheben.<\/p>\n","protected":false},"excerpt":{"rendered":"<p>Einmal mehr hat das Landgericht K\u00f6ln eine Verbotsentscheidung gegen einen Bericht aus der zweifelhaften BILD-Kampagne gegen Kardinal Woelki erlassen: Dieses Verbot betrifft den BILD-Redakteur Nikolaus Harbusch pers\u00f6nlich, der nun schon mehrere Artikel zu Lasten von Herrn Kardinal Woelki verfasst hat, die durch gerichtliche einstweilige Verf\u00fcgungen wegen rechtswidriger Angaben verboten wurden (n.rkr.). Mit einstweiliger Verf\u00fcgung vom [&hellip;]<\/p>\n","protected":false},"author":1,"featured_media":0,"comment_status":"closed","ping_status":"closed","sticky":false,"template":"","format":"standard","meta":{"_has_post_settings":[],"footnotes":""},"categories":[15],"tags":[],"hashtags":[],"ppma_author":[84],"class_list":["post-8243","post","type-post","status-publish","format-standard","hentry","category-news","author-hoecker_adm"],"yoast_head":"<!-- This site is optimized with the Yoast SEO Premium plugin v25.9 (Yoast SEO v27.0) - https:\/\/yoast.com\/product\/yoast-seo-premium-wordpress\/ -->\n<title>Einstweilige Verf\u00fcgung gegen BILD-Autor Nikolaus Harbusch pers\u00f6nlich: Rechtswidrige Verd\u00e4chtigung Kardinal Woelkis anl\u00e4sslich einer Bef\u00f6rderung eines Priesters in Harbuschs BILD-Bericht verboten - H\u00d6CKER - der Blog<\/title>\n<meta name=\"robots\" content=\"index, follow, max-snippet:-1, max-image-preview:large, max-video-preview:-1\" \/>\n<link rel=\"canonical\" href=\"https:\/\/www.hoecker.eu\/blog\/einstweilige-verfuegung-gegen-bild-autor-nikolaus-harbusch-persoenlich-rechtswidrige-verdaechtigung-kardinal-woelkis-anlaesslich-einer-befoerderung-eines-priesters-in-harbuschs-bild-bericht-verboten\/\" \/>\n<meta property=\"og:locale\" content=\"de_DE\" \/>\n<meta property=\"og:type\" content=\"article\" \/>\n<meta property=\"og:title\" content=\"Einstweilige Verf\u00fcgung gegen BILD-Autor Nikolaus Harbusch pers\u00f6nlich: Rechtswidrige Verd\u00e4chtigung Kardinal Woelkis anl\u00e4sslich einer Bef\u00f6rderung eines Priesters in Harbuschs BILD-Bericht verboten\" \/>\n<meta property=\"og:description\" content=\"Einmal mehr hat das Landgericht K\u00f6ln eine Verbotsentscheidung gegen einen Bericht aus der zweifelhaften BILD-Kampagne gegen Kardinal Woelki erlassen: Dieses Verbot betrifft den BILD-Redakteur Nikolaus Harbusch pers\u00f6nlich, der nun schon mehrere Artikel zu Lasten von Herrn Kardinal Woelki verfasst hat, die durch gerichtliche einstweilige Verf\u00fcgungen wegen rechtswidriger Angaben verboten wurden (n.rkr.). Mit einstweiliger Verf\u00fcgung vom [&hellip;]\" \/>\n<meta property=\"og:url\" content=\"https:\/\/www.hoecker.eu\/blog\/einstweilige-verfuegung-gegen-bild-autor-nikolaus-harbusch-persoenlich-rechtswidrige-verdaechtigung-kardinal-woelkis-anlaesslich-einer-befoerderung-eines-priesters-in-harbuschs-bild-bericht-verboten\/\" \/>\n<meta property=\"og:site_name\" content=\"H\u00d6CKER - der Blog\" \/>\n<meta property=\"article:publisher\" content=\"https:\/\/www.facebook.com\/HoeckerRAe\/\" \/>\n<meta property=\"article:author\" content=\"https:\/\/www.facebook.com\/ralf.hoecker\" \/>\n<meta property=\"article:published_time\" content=\"2021-10-25T16:36:00+00:00\" \/>\n<meta property=\"article:modified_time\" content=\"2025-02-17T13:54:29+00:00\" \/>\n<meta name=\"author\" content=\"Prof. Dr. Ralf H\u00f6cker\" \/>\n<meta name=\"twitter:card\" content=\"summary_large_image\" \/>\n<meta name=\"twitter:creator\" content=\"@Ralf_Hoecker\" \/>\n<meta name=\"twitter:site\" content=\"@hoecker_rae\" \/>\n<meta name=\"twitter:label1\" content=\"Verfasst von\" \/>\n\t<meta name=\"twitter:data1\" content=\"Prof. Dr. Ralf H\u00f6cker\" \/>\n\t<meta name=\"twitter:label2\" content=\"Gesch\u00e4tzte Lesezeit\" \/>\n\t<meta name=\"twitter:data2\" content=\"4\u00a0Minuten\" \/>\n<script type=\"application\/ld+json\" class=\"yoast-schema-graph\">{\"@context\":\"https:\/\/schema.org\",\"@graph\":[{\"@type\":\"Article\",\"@id\":\"https:\/\/www.hoecker.eu\/blog\/einstweilige-verfuegung-gegen-bild-autor-nikolaus-harbusch-persoenlich-rechtswidrige-verdaechtigung-kardinal-woelkis-anlaesslich-einer-befoerderung-eines-priesters-in-harbuschs-bild-bericht-verboten\/#article\",\"isPartOf\":{\"@id\":\"https:\/\/www.hoecker.eu\/blog\/einstweilige-verfuegung-gegen-bild-autor-nikolaus-harbusch-persoenlich-rechtswidrige-verdaechtigung-kardinal-woelkis-anlaesslich-einer-befoerderung-eines-priesters-in-harbuschs-bild-bericht-verboten\/\"},\"author\":{\"name\":\"Prof. Dr. Ralf H\u00f6cker\",\"@id\":\"https:\/\/www.hoecker.eu\/blog\/#\/schema\/person\/08f95581eed0534eccd0b2438f7a1cab\"},\"headline\":\"Einstweilige Verf\u00fcgung gegen BILD-Autor Nikolaus Harbusch pers\u00f6nlich: Rechtswidrige Verd\u00e4chtigung Kardinal Woelkis anl\u00e4sslich einer Bef\u00f6rderung eines Priesters in Harbuschs BILD-Bericht verboten\",\"datePublished\":\"2021-10-25T16:36:00+00:00\",\"dateModified\":\"2025-02-17T13:54:29+00:00\",\"mainEntityOfPage\":{\"@id\":\"https:\/\/www.hoecker.eu\/blog\/einstweilige-verfuegung-gegen-bild-autor-nikolaus-harbusch-persoenlich-rechtswidrige-verdaechtigung-kardinal-woelkis-anlaesslich-einer-befoerderung-eines-priesters-in-harbuschs-bild-bericht-verboten\/\"},\"wordCount\":898,\"publisher\":{\"@id\":\"https:\/\/www.hoecker.eu\/blog\/#organization\"},\"articleSection\":[\"News\"],\"inLanguage\":\"de\"},{\"@type\":\"WebPage\",\"@id\":\"https:\/\/www.hoecker.eu\/blog\/einstweilige-verfuegung-gegen-bild-autor-nikolaus-harbusch-persoenlich-rechtswidrige-verdaechtigung-kardinal-woelkis-anlaesslich-einer-befoerderung-eines-priesters-in-harbuschs-bild-bericht-verboten\/\",\"url\":\"https:\/\/www.hoecker.eu\/blog\/einstweilige-verfuegung-gegen-bild-autor-nikolaus-harbusch-persoenlich-rechtswidrige-verdaechtigung-kardinal-woelkis-anlaesslich-einer-befoerderung-eines-priesters-in-harbuschs-bild-bericht-verboten\/\",\"name\":\"Einstweilige Verf\u00fcgung gegen BILD-Autor Nikolaus Harbusch pers\u00f6nlich: Rechtswidrige Verd\u00e4chtigung Kardinal Woelkis anl\u00e4sslich einer Bef\u00f6rderung eines Priesters in Harbuschs BILD-Bericht verboten - H\u00d6CKER - der Blog\",\"isPartOf\":{\"@id\":\"https:\/\/www.hoecker.eu\/blog\/#website\"},\"datePublished\":\"2021-10-25T16:36:00+00:00\",\"dateModified\":\"2025-02-17T13:54:29+00:00\",\"breadcrumb\":{\"@id\":\"https:\/\/www.hoecker.eu\/blog\/einstweilige-verfuegung-gegen-bild-autor-nikolaus-harbusch-persoenlich-rechtswidrige-verdaechtigung-kardinal-woelkis-anlaesslich-einer-befoerderung-eines-priesters-in-harbuschs-bild-bericht-verboten\/#breadcrumb\"},\"inLanguage\":\"de\",\"potentialAction\":[{\"@type\":\"ReadAction\",\"target\":[\"https:\/\/www.hoecker.eu\/blog\/einstweilige-verfuegung-gegen-bild-autor-nikolaus-harbusch-persoenlich-rechtswidrige-verdaechtigung-kardinal-woelkis-anlaesslich-einer-befoerderung-eines-priesters-in-harbuschs-bild-bericht-verboten\/\"]}]},{\"@type\":\"BreadcrumbList\",\"@id\":\"https:\/\/www.hoecker.eu\/blog\/einstweilige-verfuegung-gegen-bild-autor-nikolaus-harbusch-persoenlich-rechtswidrige-verdaechtigung-kardinal-woelkis-anlaesslich-einer-befoerderung-eines-priesters-in-harbuschs-bild-bericht-verboten\/#breadcrumb\",\"itemListElement\":[{\"@type\":\"ListItem\",\"position\":1,\"name\":\"Startseite\",\"item\":\"https:\/\/dev.hoecker.eu\/blog\/\"},{\"@type\":\"ListItem\",\"position\":2,\"name\":\"Einstweilige Verf\u00fcgung gegen BILD-Autor Nikolaus Harbusch pers\u00f6nlich: Rechtswidrige Verd\u00e4chtigung Kardinal Woelkis anl\u00e4sslich einer Bef\u00f6rderung eines Priesters in Harbuschs BILD-Bericht verboten\"}]},{\"@type\":\"WebSite\",\"@id\":\"https:\/\/www.hoecker.eu\/blog\/#website\",\"url\":\"https:\/\/www.hoecker.eu\/blog\/\",\"name\":\"H\u00d6CKER - der Blog\",\"description\":\"Expertenblog f\u00fcr \u00c4u\u00dferungs-, Medien-, Marken-, Urheber- und Wettbewerbsrecht.\",\"publisher\":{\"@id\":\"https:\/\/www.hoecker.eu\/blog\/#organization\"},\"potentialAction\":[{\"@type\":\"SearchAction\",\"target\":{\"@type\":\"EntryPoint\",\"urlTemplate\":\"https:\/\/www.hoecker.eu\/blog\/?s={search_term_string}\"},\"query-input\":{\"@type\":\"PropertyValueSpecification\",\"valueRequired\":true,\"valueName\":\"search_term_string\"}}],\"inLanguage\":\"de\"},{\"@type\":\"Organization\",\"@id\":\"https:\/\/www.hoecker.eu\/blog\/#organization\",\"name\":\"H\u00d6CKER Rechtsanw\u00e4lte PartGmbB\",\"alternateName\":\"H\u00d6CKER\",\"url\":\"https:\/\/www.hoecker.eu\/blog\/\",\"logo\":{\"@type\":\"ImageObject\",\"inLanguage\":\"de\",\"@id\":\"https:\/\/www.hoecker.eu\/blog\/#\/schema\/logo\/image\/\",\"url\":\"https:\/\/www.hoecker.eu\/blog\/wp-content\/uploads\/2025\/03\/Blog-Logo.webp\",\"contentUrl\":\"https:\/\/www.hoecker.eu\/blog\/wp-content\/uploads\/2025\/03\/Blog-Logo.webp\",\"width\":500,\"height\":500,\"caption\":\"H\u00d6CKER Rechtsanw\u00e4lte PartGmbB\"},\"image\":{\"@id\":\"https:\/\/www.hoecker.eu\/blog\/#\/schema\/logo\/image\/\"},\"sameAs\":[\"https:\/\/www.facebook.com\/HoeckerRAe\/\",\"https:\/\/x.com\/hoecker_rae\",\"https:\/\/www.linkedin.com\/company\/hcker-rechtsanwlte\/\",\"https:\/\/www.instagram.com\/hoecker_rae\/\"],\"email\":\"contact@hoecker.eu\",\"telephone\":\"+ 49 (0)221-933 19-10\",\"legalName\":\"H\u00d6CKER Rechtsanw\u00e4lte PartGmbB\",\"numberOfEmployees\":{\"@type\":\"QuantitativeValue\",\"minValue\":\"11\",\"maxValue\":\"50\"}},{\"@type\":\"Person\",\"@id\":\"https:\/\/www.hoecker.eu\/blog\/#\/schema\/person\/08f95581eed0534eccd0b2438f7a1cab\",\"name\":\"Prof. Dr. Ralf H\u00f6cker\",\"description\":\"Medienanwalt. Besch\u00fctzer vor mieser Presse\",\"sameAs\":[\"https:\/\/www.hoecker.eu\/wer\/prof-dr-ralf-hoecker\",\"https:\/\/www.facebook.com\/ralf.hoecker\",\"https:\/\/www.linkedin.com\/in\/prof-dr-ralf-hcker-ll-m-london-17987826\/\",\"https:\/\/x.com\/Ralf_Hoecker\"],\"url\":\"https:\/\/www.hoecker.eu\/blog\/author\/hoecker_adm\/\"}]}<\/script>\n<!-- \/ Yoast SEO Premium plugin. -->","yoast_head_json":{"title":"Einstweilige Verf\u00fcgung gegen BILD-Autor Nikolaus Harbusch pers\u00f6nlich: Rechtswidrige Verd\u00e4chtigung Kardinal Woelkis anl\u00e4sslich einer Bef\u00f6rderung eines Priesters in Harbuschs BILD-Bericht verboten - H\u00d6CKER - der Blog","robots":{"index":"index","follow":"follow","max-snippet":"max-snippet:-1","max-image-preview":"max-image-preview:large","max-video-preview":"max-video-preview:-1"},"canonical":"https:\/\/www.hoecker.eu\/blog\/einstweilige-verfuegung-gegen-bild-autor-nikolaus-harbusch-persoenlich-rechtswidrige-verdaechtigung-kardinal-woelkis-anlaesslich-einer-befoerderung-eines-priesters-in-harbuschs-bild-bericht-verboten\/","og_locale":"de_DE","og_type":"article","og_title":"Einstweilige Verf\u00fcgung gegen BILD-Autor Nikolaus Harbusch pers\u00f6nlich: Rechtswidrige Verd\u00e4chtigung Kardinal Woelkis anl\u00e4sslich einer Bef\u00f6rderung eines Priesters in Harbuschs BILD-Bericht verboten","og_description":"Einmal mehr hat das Landgericht K\u00f6ln eine Verbotsentscheidung gegen einen Bericht aus der zweifelhaften BILD-Kampagne gegen Kardinal Woelki erlassen: Dieses Verbot betrifft den BILD-Redakteur Nikolaus Harbusch pers\u00f6nlich, der nun schon mehrere Artikel zu Lasten von Herrn Kardinal Woelki verfasst hat, die durch gerichtliche einstweilige Verf\u00fcgungen wegen rechtswidriger Angaben verboten wurden (n.rkr.). Mit einstweiliger Verf\u00fcgung vom [&hellip;]","og_url":"https:\/\/www.hoecker.eu\/blog\/einstweilige-verfuegung-gegen-bild-autor-nikolaus-harbusch-persoenlich-rechtswidrige-verdaechtigung-kardinal-woelkis-anlaesslich-einer-befoerderung-eines-priesters-in-harbuschs-bild-bericht-verboten\/","og_site_name":"H\u00d6CKER - der Blog","article_publisher":"https:\/\/www.facebook.com\/HoeckerRAe\/","article_author":"https:\/\/www.facebook.com\/ralf.hoecker","article_published_time":"2021-10-25T16:36:00+00:00","article_modified_time":"2025-02-17T13:54:29+00:00","author":"Prof. Dr. Ralf H\u00f6cker","twitter_card":"summary_large_image","twitter_creator":"@Ralf_Hoecker","twitter_site":"@hoecker_rae","twitter_misc":{"Verfasst von":"Prof. Dr. Ralf H\u00f6cker","Gesch\u00e4tzte Lesezeit":"4\u00a0Minuten"},"schema":{"@context":"https:\/\/schema.org","@graph":[{"@type":"Article","@id":"https:\/\/www.hoecker.eu\/blog\/einstweilige-verfuegung-gegen-bild-autor-nikolaus-harbusch-persoenlich-rechtswidrige-verdaechtigung-kardinal-woelkis-anlaesslich-einer-befoerderung-eines-priesters-in-harbuschs-bild-bericht-verboten\/#article","isPartOf":{"@id":"https:\/\/www.hoecker.eu\/blog\/einstweilige-verfuegung-gegen-bild-autor-nikolaus-harbusch-persoenlich-rechtswidrige-verdaechtigung-kardinal-woelkis-anlaesslich-einer-befoerderung-eines-priesters-in-harbuschs-bild-bericht-verboten\/"},"author":{"name":"Prof. Dr. Ralf H\u00f6cker","@id":"https:\/\/www.hoecker.eu\/blog\/#\/schema\/person\/08f95581eed0534eccd0b2438f7a1cab"},"headline":"Einstweilige Verf\u00fcgung gegen BILD-Autor Nikolaus Harbusch pers\u00f6nlich: Rechtswidrige Verd\u00e4chtigung Kardinal Woelkis anl\u00e4sslich einer Bef\u00f6rderung eines Priesters in Harbuschs BILD-Bericht verboten","datePublished":"2021-10-25T16:36:00+00:00","dateModified":"2025-02-17T13:54:29+00:00","mainEntityOfPage":{"@id":"https:\/\/www.hoecker.eu\/blog\/einstweilige-verfuegung-gegen-bild-autor-nikolaus-harbusch-persoenlich-rechtswidrige-verdaechtigung-kardinal-woelkis-anlaesslich-einer-befoerderung-eines-priesters-in-harbuschs-bild-bericht-verboten\/"},"wordCount":898,"publisher":{"@id":"https:\/\/www.hoecker.eu\/blog\/#organization"},"articleSection":["News"],"inLanguage":"de"},{"@type":"WebPage","@id":"https:\/\/www.hoecker.eu\/blog\/einstweilige-verfuegung-gegen-bild-autor-nikolaus-harbusch-persoenlich-rechtswidrige-verdaechtigung-kardinal-woelkis-anlaesslich-einer-befoerderung-eines-priesters-in-harbuschs-bild-bericht-verboten\/","url":"https:\/\/www.hoecker.eu\/blog\/einstweilige-verfuegung-gegen-bild-autor-nikolaus-harbusch-persoenlich-rechtswidrige-verdaechtigung-kardinal-woelkis-anlaesslich-einer-befoerderung-eines-priesters-in-harbuschs-bild-bericht-verboten\/","name":"Einstweilige Verf\u00fcgung gegen BILD-Autor Nikolaus Harbusch pers\u00f6nlich: Rechtswidrige Verd\u00e4chtigung Kardinal Woelkis anl\u00e4sslich einer Bef\u00f6rderung eines Priesters in Harbuschs BILD-Bericht verboten - H\u00d6CKER - der Blog","isPartOf":{"@id":"https:\/\/www.hoecker.eu\/blog\/#website"},"datePublished":"2021-10-25T16:36:00+00:00","dateModified":"2025-02-17T13:54:29+00:00","breadcrumb":{"@id":"https:\/\/www.hoecker.eu\/blog\/einstweilige-verfuegung-gegen-bild-autor-nikolaus-harbusch-persoenlich-rechtswidrige-verdaechtigung-kardinal-woelkis-anlaesslich-einer-befoerderung-eines-priesters-in-harbuschs-bild-bericht-verboten\/#breadcrumb"},"inLanguage":"de","potentialAction":[{"@type":"ReadAction","target":["https:\/\/www.hoecker.eu\/blog\/einstweilige-verfuegung-gegen-bild-autor-nikolaus-harbusch-persoenlich-rechtswidrige-verdaechtigung-kardinal-woelkis-anlaesslich-einer-befoerderung-eines-priesters-in-harbuschs-bild-bericht-verboten\/"]}]},{"@type":"BreadcrumbList","@id":"https:\/\/www.hoecker.eu\/blog\/einstweilige-verfuegung-gegen-bild-autor-nikolaus-harbusch-persoenlich-rechtswidrige-verdaechtigung-kardinal-woelkis-anlaesslich-einer-befoerderung-eines-priesters-in-harbuschs-bild-bericht-verboten\/#breadcrumb","itemListElement":[{"@type":"ListItem","position":1,"name":"Startseite","item":"https:\/\/dev.hoecker.eu\/blog\/"},{"@type":"ListItem","position":2,"name":"Einstweilige Verf\u00fcgung gegen BILD-Autor Nikolaus Harbusch pers\u00f6nlich: Rechtswidrige Verd\u00e4chtigung Kardinal Woelkis anl\u00e4sslich einer Bef\u00f6rderung eines Priesters in Harbuschs BILD-Bericht verboten"}]},{"@type":"WebSite","@id":"https:\/\/www.hoecker.eu\/blog\/#website","url":"https:\/\/www.hoecker.eu\/blog\/","name":"H\u00d6CKER - der Blog","description":"Expertenblog f\u00fcr \u00c4u\u00dferungs-, Medien-, Marken-, Urheber- und Wettbewerbsrecht.","publisher":{"@id":"https:\/\/www.hoecker.eu\/blog\/#organization"},"potentialAction":[{"@type":"SearchAction","target":{"@type":"EntryPoint","urlTemplate":"https:\/\/www.hoecker.eu\/blog\/?s={search_term_string}"},"query-input":{"@type":"PropertyValueSpecification","valueRequired":true,"valueName":"search_term_string"}}],"inLanguage":"de"},{"@type":"Organization","@id":"https:\/\/www.hoecker.eu\/blog\/#organization","name":"H\u00d6CKER Rechtsanw\u00e4lte PartGmbB","alternateName":"H\u00d6CKER","url":"https:\/\/www.hoecker.eu\/blog\/","logo":{"@type":"ImageObject","inLanguage":"de","@id":"https:\/\/www.hoecker.eu\/blog\/#\/schema\/logo\/image\/","url":"https:\/\/www.hoecker.eu\/blog\/wp-content\/uploads\/2025\/03\/Blog-Logo.webp","contentUrl":"https:\/\/www.hoecker.eu\/blog\/wp-content\/uploads\/2025\/03\/Blog-Logo.webp","width":500,"height":500,"caption":"H\u00d6CKER Rechtsanw\u00e4lte PartGmbB"},"image":{"@id":"https:\/\/www.hoecker.eu\/blog\/#\/schema\/logo\/image\/"},"sameAs":["https:\/\/www.facebook.com\/HoeckerRAe\/","https:\/\/x.com\/hoecker_rae","https:\/\/www.linkedin.com\/company\/hcker-rechtsanwlte\/","https:\/\/www.instagram.com\/hoecker_rae\/"],"email":"contact@hoecker.eu","telephone":"+ 49 (0)221-933 19-10","legalName":"H\u00d6CKER Rechtsanw\u00e4lte PartGmbB","numberOfEmployees":{"@type":"QuantitativeValue","minValue":"11","maxValue":"50"}},{"@type":"Person","@id":"https:\/\/www.hoecker.eu\/blog\/#\/schema\/person\/08f95581eed0534eccd0b2438f7a1cab","name":"Prof. Dr. Ralf H\u00f6cker","description":"Medienanwalt. Besch\u00fctzer vor mieser Presse","sameAs":["https:\/\/www.hoecker.eu\/wer\/prof-dr-ralf-hoecker","https:\/\/www.facebook.com\/ralf.hoecker","https:\/\/www.linkedin.com\/in\/prof-dr-ralf-hcker-ll-m-london-17987826\/","https:\/\/x.com\/Ralf_Hoecker"],"url":"https:\/\/www.hoecker.eu\/blog\/author\/hoecker_adm\/"}]}},"authors":[{"term_id":84,"user_id":1,"is_guest":0,"slug":"hoecker_adm","display_name":"Prof. Dr. Ralf H\u00f6cker","avatar_url":{"url":"https:\/\/www.hoecker.eu\/blog\/wp-content\/uploads\/2023\/12\/ProfDrRalfHoecker.jpg","url2x":"https:\/\/www.hoecker.eu\/blog\/wp-content\/uploads\/2023\/12\/ProfDrRalfHoecker.jpg"},"0":null,"1":"","2":"","3":"","4":"","5":"","6":"","7":"","8":"","9":"","10":"","11":""}],"_links":{"self":[{"href":"https:\/\/www.hoecker.eu\/blog\/wp-json\/wp\/v2\/posts\/8243","targetHints":{"allow":["GET"]}}],"collection":[{"href":"https:\/\/www.hoecker.eu\/blog\/wp-json\/wp\/v2\/posts"}],"about":[{"href":"https:\/\/www.hoecker.eu\/blog\/wp-json\/wp\/v2\/types\/post"}],"author":[{"embeddable":true,"href":"https:\/\/www.hoecker.eu\/blog\/wp-json\/wp\/v2\/users\/1"}],"replies":[{"embeddable":true,"href":"https:\/\/www.hoecker.eu\/blog\/wp-json\/wp\/v2\/comments?post=8243"}],"version-history":[{"count":1,"href":"https:\/\/www.hoecker.eu\/blog\/wp-json\/wp\/v2\/posts\/8243\/revisions"}],"predecessor-version":[{"id":9365,"href":"https:\/\/www.hoecker.eu\/blog\/wp-json\/wp\/v2\/posts\/8243\/revisions\/9365"}],"wp:attachment":[{"href":"https:\/\/www.hoecker.eu\/blog\/wp-json\/wp\/v2\/media?parent=8243"}],"wp:term":[{"taxonomy":"category","embeddable":true,"href":"https:\/\/www.hoecker.eu\/blog\/wp-json\/wp\/v2\/categories?post=8243"},{"taxonomy":"post_tag","embeddable":true,"href":"https:\/\/www.hoecker.eu\/blog\/wp-json\/wp\/v2\/tags?post=8243"},{"taxonomy":"hashtags","embeddable":true,"href":"https:\/\/www.hoecker.eu\/blog\/wp-json\/wp\/v2\/hashtags?post=8243"},{"taxonomy":"author","embeddable":true,"href":"https:\/\/www.hoecker.eu\/blog\/wp-json\/wp\/v2\/ppma_author?post=8243"}],"curies":[{"name":"wp","href":"https:\/\/api.w.org\/{rel}","templated":true}]}}