{"id":8240,"date":"2021-10-25T18:41:00","date_gmt":"2021-10-25T16:41:00","guid":{"rendered":"https:\/\/www.hoecker.eu\/blog\/axel-springer-se-kassiert-weiteres-verbot-im-namen-von-kardinal-woelki-als-falsch-beanstandete-berichterstattung-des-bild-redakteurs-nikolaus-harbusch-vom-4-5-21-durch-das-oberlandesgericht-koeln-ver\/"},"modified":"2025-02-17T14:54:27","modified_gmt":"2025-02-17T13:54:27","slug":"axel-springer-se-kassiert-weiteres-verbot-im-namen-von-kardinal-woelki-als-falsch-beanstandete-berichterstattung-des-bild-redakteurs-nikolaus-harbusch-vom-4-5-21-durch-das-oberlandesgericht-koeln-ver","status":"publish","type":"post","link":"https:\/\/www.hoecker.eu\/blog\/axel-springer-se-kassiert-weiteres-verbot-im-namen-von-kardinal-woelki-als-falsch-beanstandete-berichterstattung-des-bild-redakteurs-nikolaus-harbusch-vom-4-5-21-durch-das-oberlandesgericht-koeln-ver\/","title":{"rendered":"Axel Springer SE kassiert weiteres Verbot im Namen von Kardinal Woelki: Als falsch beanstandete Berichterstattung des BILD-Redakteurs Nikolaus Harbusch vom 4.5.21 durch das Oberlandesgericht K\u00f6ln verboten"},"content":{"rendered":"<p>Kardinal Woelki hat sich mit H\u00d6CKER einmal mehr gegen eine rechtswidrige Berichterstattung in der BILD-Zeitung durch deren Redakteur Nikolaus Harbusch erfolgreich gerichtlich zur Wehr gesetzt:<\/p>\n<p>BILD-Redakteur Nikolaus Harbusch hatte am 04.05. berichtet, Kardinal Woelki habe bei der Bef\u00f6rderung eines Priesters Kenntnis von belastenden Dokumenten aus der Personalakte gehabt.<\/p>\n<p>Das OLG K\u00f6ln hat der Axel Springer SE mit einstweiliger Verf\u00fcgung vom 15.06.2021 (Az. 15 W 39\/21, n.rkr.) verboten, \u00fcber Kardinal Woelki als falsch beanstandete Behauptungen in einem am 04.05.2021 ver\u00f6ffentlichten Bericht mit dem Titel \u201eBef\u00f6rderung von Skandal-Priester trotz Polizeiwarnung\u201c zu verbreiten.<\/p>\n<p>Verboten wurde, zu behaupten, dass Kardinal Woelki bei seiner Ernennungsentscheidung zu einem Pfarrer 2017 die Personalakte des Pfarrers, insbesondere den im Artikel eingeblendeten Polizeibericht vom 07.09.2001 und die dort benannten Protokollierungen, kannte.<\/p>\n<p>Das Landgericht K\u00f6ln hatte bereits eine Vorg\u00e4ngerversion dieses Artikels vom 03.05. mit zwei Beschl\u00fcssen im einstweiligen Verf\u00fcgungsverfahren verboten (n.rkr.), weil der BILD-Redakteur Nikolaus Harbusch in der Fassung des Berichts vom 03.05. ohne vorherige Anh\u00f6rung die rechtswidrige Verd\u00e4chtigung zu Kardinal Woelki verbreitet hatte, dieser habe bei der Bef\u00f6rderung eines Priesters Kenntnis von belastenden Dokumenten aus der Personalakte gehabt. BILD-Redakteur Harbusch hatte versucht, diesen Artikel vom 03.05. nach einer Stellungnahme von Kardinal Woelki und der Aufforderung, die unzul\u00e4ssige Berichterstattung zu beseitigen, durch eine Anpassung zu retten. Er formulierte die rechtswidrige Verdachtsberichterstattung vom 03.05.2021 am n\u00e4chsten Tag in den neuen Bericht vom 04.05. um.<\/p>\n<p>Harbusch versuchte, seine Berichterstattung dadurch zu retten, dass er in dem Artikel vom 04.05. die folgende entlastende Stellungnahme von Kardinal Woelki erg\u00e4nzte:<\/p>\n<blockquote><p><em>\u201eHerrn Kardinal wurde die Personalakte 2017 nicht vorgelegt und er kannte diese 2017 nicht. Die F\u00fchrung und Bewertung von Personalakten lag und liegt in den H\u00e4nden der Personalabteilung, wie allgemein auch \u00fcblich<\/em>\u201c.<\/p><\/blockquote>\n<p>Auch nach der Erg\u00e4nzung des Berichts konnte der Leser die Darstellung aber so verstehen, dass Kardinal Woelki die belastenden Akteninhalte gekannt habe. Eine Abmahnung, mit der der BILD-Verlegerin mitgeteilt wurde, dass die Angabe im Bericht vom 04.05. nicht dadurch zul\u00e4ssig wird, dass man eine Gegenrede eingef\u00fcgt hat, verhallte ergebnislos.<\/p>\n<p>Der neugefasste Bericht vom 04.05. wurde im Hinblick auf die als falsch angegriffene Behauptung, Kardinal Woelki habe die beschriebene Aktenkenntnis bei der Erennung des Pfarrers gehabt, verboten. Das OLG K\u00f6ln best\u00e4tigt in seiner Verbotsentscheidung, dass BILD-Redakteur Nikolaus Harbusch in dem BILD-Bericht nach dem Leserverst\u00e4ndnis die Behauptung verbreitet hat, dass Kardinal Woelki die beschriebene Aktenkenntnis hatte.<\/p>\n<p>Der Axel Springer SE obliege \u2013 so das OLG \u2013 im Verfahren die Glaubhaftmachung der Wahrheit ihrer \u201eehrenr\u00fchrigen\u201c Tatsachenbehauptung.<\/p>\n<p>Dieser Glaubhaftmachungslast f\u00fcr die Richtigkeit der Angabe sei die Axel Springer SE \u2013 trotz Anh\u00f6rung unter entsprechendem Hinweis \u2013 nicht nachgekommen. Doch selbst wenn man unterstellen wolle, dass umgekehrt Kardinal Woelki habe glaubhaft machen m\u00fcssen, dass er die im Bericht benannten belastenden Unterlagen bei der Ernennung nicht kannte, habe Kardinal Woelki dies \u2013 so das OLG \u2013 glaubhaft machen k\u00f6nnen. Kardinal Woelki hatte versichert, die im Bericht benannten Dokumente bei der Ernennungsentscheidung des Priesters nicht gekannt zu haben.<\/p>\n<p>Nun hat das OLG K\u00f6ln mit seiner Verbotsentscheidung best\u00e4tigt, dass die Verbreitung einer als falsch angegriffenen Behauptung nicht dadurch zul\u00e4ssig wird, dass man daneben als Feigenblatt eine entlastende Stellungnahme des Betroffenen ver\u00f6ffentlicht, Zitat:<\/p>\n<blockquote><p><em>\u201eJedenfalls schw\u00e4cht die Wiedergabe der Stellungnahme die eindeutigen Behauptungen im \u00dcbrigen nicht messbar ab\u201c<\/em>.<\/p><\/blockquote>\n<p>Die Verbotsentscheidung des OLG K\u00f6ln belegt ein weiteres Mal, wie perfide die BILD, namentlich ihr Redakteur Nikolaus Harbusch, in der Kampagne gegen\u00fcber Kardinal Woelki vorgeht. Dieses Verbot gesellt sich zu vorherigen Verboten mit einstweiligen Verf\u00fcgungen (n.rkr.) von Harbusch-Berichten in der BILD zu Kardinal Woelki.<\/p>\n<p>Dass nun ein weiterer Bericht der BILD-Zeitung aus der unzul\u00e4ssigen Kampagne der BILD von deren Redakteur Nikolaus Harbusch gegen Kardinal Woelki gerichtlich verboten wurde, wirft auch ein negatives Schlaglicht auf den Vorsitzenden des Deutschen Journalisten-Verbandes (DJV) Frank \u00dcberall. Kardinal Woelki hatte sich auch \u00f6ffentlich dar\u00fcber beschwert, dass er durch die BILD mit einer rechtswidrigen Berichterstattung \u00fcberzogen wird. \u00dcberall war sich nicht zu fein daf\u00fcr, der BILD \u00f6ffentlichkeitswirksam zur Seite zu springen. Er lie\u00df sich am 10.06.2021 in der BILD-Zeitung mit einer voreiligen Kritik an Kardinal Woelki zitieren: \u201e<em>Man gewinnt den Eindruck, dass der Kardinal sich der Rolle unabh\u00e4ngiger Presse f\u00fcr die Gesellschaft nicht bewusst ist oder sie sogar bewusst behindern will\u2026 Es ist \u00fcberraschend, welchen Eifer der Kardinal gegen Medien aufwendet\u201c.<br \/><\/em><\/p>\n<p>Nun mag die Verteidigung der Pressefreiheit ein hehres Ziel sein. Indem Frank \u00dcberall aber einer rechtswidrigen Kampagne der BILD, aus der mehrere Berichte mit gerichtlichen Verboten aus verschiedenen Gr\u00fcnden untersagt wurden, \u00f6ffentlichkeitswirksam zur Seite springt, erweist Frank \u00dcberall dem Ansehen der Presse einen B\u00e4rendienst. Denn die durch Herrn \u00dcberall verteidigte Pressefreiheit findet ihre Grenzen da, wo in einer Pressekampagne rechtswidrig als falsch beanstandete Behauptungen verbreitet werden oder aber ohne vorherige (ausreichende) Anh\u00f6rung und daher ohne entlastende Gegenrede vorverurteilende Verd\u00e4chtigungen in die Welt gesetzt werden.<\/p>\n<p>Es ist nicht nachvollziehbar, wie Frank \u00dcberall auf die Idee kam, eine solche BILD-Kampagne zu verteidigen und dies auch noch ohne \u2013 wie dies eigentlich geboten gewesen w\u00e4re \u2013 vorher bei Kardinal Woelki nach der Begr\u00fcndung f\u00fcr seine Angriffe auf die BILD-Zeitung zu fragen. Denn h\u00e4tte sich Frank \u00dcberall bei Herrn Kardinal Woelki \u00fcber die Gr\u00fcnde seiner Kritik informiert, bevor er sich f\u00fcr eine rechtswidrige Berichterstattung der BILD-Zeitung aus dem Fenster lehnt, dann w\u00e4re ihm sofort bewusst geworden, dass er sich in dieser Sache lieber zur\u00fcckh\u00e4lt.<\/p>\n<p>Hoffentlich zieht Frank \u00dcberall aus diesem Fall eine Lehre und h\u00f6rt sich k\u00fcnftig zun\u00e4chst einmal die Kritikpunkte derjenigen an, die eine Presseberichterstattung \u00f6ffentlich als unzul\u00e4ssig beanstanden. Denn ein Vorsitzender eines Deutschen Journalistenverbundes (DJV), der unter dem Deckm\u00e4ntelchen der Pressefreiheit eine Berichterstattung verteidigt, die gerichtlich mit einstweiligen Verf\u00fcgungen untersagt wird, schadet dem Ruf des Deutschen Journalisten-Verbandes ebenso wie der Glaubw\u00fcrdigkeit der deutschen Presse insgesamt.<\/p>\n<p>Rechtsanwalt Dr. Carsten Brennecke:<br \/><em>\u201eAls falsch beanstandete ehrenr\u00fchrige Behauptungen, deren Richtigkeit die Presse nicht glaubhaft macht, sind in der Presseberichterstattung unzul\u00e4ssig. Daran \u00e4ndert sich auch nichts, wenn in einem Bericht eine solche Behauptung verbreitet wird und dieser Behauptung die entlastende \u00c4u\u00dferung des Betroffenen gegen\u00fcbergestellt wird, dass die Behauptung falsch ist. Presseverlage haben kein Recht dazu, ehrenr\u00fchrige Behauptungen, deren Richtigkeit die Presse nicht glaubhaft macht, nur deshalb zu verbreiten, weil sie die Behauptung als Feigenblatt mit einer entlastenden Stellungnahme begleiten.\u201c<br \/><\/em><\/p>\n<p>Die Axel Springer SE hat gegen das Verbot und die anderen thematisierten Verbote zwischenzeitlich Rechtsmittel eingelegt. Herr Kardinal Woelki wird Hauptsacheklagen erheben.<\/p>\n","protected":false},"excerpt":{"rendered":"<p>Kardinal Woelki hat sich mit H\u00d6CKER einmal mehr gegen eine rechtswidrige Berichterstattung in der BILD-Zeitung durch deren Redakteur Nikolaus Harbusch erfolgreich gerichtlich zur Wehr gesetzt: BILD-Redakteur Nikolaus Harbusch hatte am 04.05. berichtet, Kardinal Woelki habe bei der Bef\u00f6rderung eines Priesters Kenntnis von belastenden Dokumenten aus der Personalakte gehabt. Das OLG K\u00f6ln hat der Axel Springer [&hellip;]<\/p>\n","protected":false},"author":1,"featured_media":0,"comment_status":"closed","ping_status":"closed","sticky":false,"template":"","format":"standard","meta":{"_has_post_settings":[],"footnotes":""},"categories":[15],"tags":[],"hashtags":[],"ppma_author":[84],"class_list":["post-8240","post","type-post","status-publish","format-standard","hentry","category-news","author-hoecker_adm"],"yoast_head":"<!-- This site is optimized with the Yoast SEO Premium plugin v25.9 (Yoast SEO v27.0) - https:\/\/yoast.com\/product\/yoast-seo-premium-wordpress\/ -->\n<title>Axel Springer SE kassiert weiteres Verbot im Namen von Kardinal Woelki: Als falsch beanstandete Berichterstattung des BILD-Redakteurs Nikolaus Harbusch vom 4.5.21 durch das Oberlandesgericht K\u00f6ln verboten - H\u00d6CKER - der Blog<\/title>\n<meta name=\"robots\" content=\"index, follow, max-snippet:-1, max-image-preview:large, max-video-preview:-1\" \/>\n<link rel=\"canonical\" href=\"https:\/\/www.hoecker.eu\/blog\/axel-springer-se-kassiert-weiteres-verbot-im-namen-von-kardinal-woelki-als-falsch-beanstandete-berichterstattung-des-bild-redakteurs-nikolaus-harbusch-vom-4-5-21-durch-das-oberlandesgericht-koeln-ver\/\" \/>\n<meta property=\"og:locale\" content=\"de_DE\" \/>\n<meta property=\"og:type\" content=\"article\" \/>\n<meta property=\"og:title\" content=\"Axel Springer SE kassiert weiteres Verbot im Namen von Kardinal Woelki: Als falsch beanstandete Berichterstattung des BILD-Redakteurs Nikolaus Harbusch vom 4.5.21 durch das Oberlandesgericht K\u00f6ln verboten\" \/>\n<meta property=\"og:description\" content=\"Kardinal Woelki hat sich mit H\u00d6CKER einmal mehr gegen eine rechtswidrige Berichterstattung in der BILD-Zeitung durch deren Redakteur Nikolaus Harbusch erfolgreich gerichtlich zur Wehr gesetzt: BILD-Redakteur Nikolaus Harbusch hatte am 04.05. berichtet, Kardinal Woelki habe bei der Bef\u00f6rderung eines Priesters Kenntnis von belastenden Dokumenten aus der Personalakte gehabt. Das OLG K\u00f6ln hat der Axel Springer [&hellip;]\" \/>\n<meta property=\"og:url\" content=\"https:\/\/www.hoecker.eu\/blog\/axel-springer-se-kassiert-weiteres-verbot-im-namen-von-kardinal-woelki-als-falsch-beanstandete-berichterstattung-des-bild-redakteurs-nikolaus-harbusch-vom-4-5-21-durch-das-oberlandesgericht-koeln-ver\/\" \/>\n<meta property=\"og:site_name\" content=\"H\u00d6CKER - der Blog\" \/>\n<meta property=\"article:publisher\" content=\"https:\/\/www.facebook.com\/HoeckerRAe\/\" \/>\n<meta property=\"article:author\" content=\"https:\/\/www.facebook.com\/ralf.hoecker\" \/>\n<meta property=\"article:published_time\" content=\"2021-10-25T16:41:00+00:00\" \/>\n<meta property=\"article:modified_time\" content=\"2025-02-17T13:54:27+00:00\" \/>\n<meta name=\"author\" content=\"Prof. Dr. Ralf H\u00f6cker\" \/>\n<meta name=\"twitter:card\" content=\"summary_large_image\" \/>\n<meta name=\"twitter:creator\" content=\"@Ralf_Hoecker\" \/>\n<meta name=\"twitter:site\" content=\"@hoecker_rae\" \/>\n<meta name=\"twitter:label1\" content=\"Verfasst von\" \/>\n\t<meta name=\"twitter:data1\" content=\"Prof. Dr. Ralf H\u00f6cker\" \/>\n\t<meta name=\"twitter:label2\" content=\"Gesch\u00e4tzte Lesezeit\" \/>\n\t<meta name=\"twitter:data2\" content=\"5\u00a0Minuten\" \/>\n<script type=\"application\/ld+json\" class=\"yoast-schema-graph\">{\"@context\":\"https:\/\/schema.org\",\"@graph\":[{\"@type\":\"Article\",\"@id\":\"https:\/\/www.hoecker.eu\/blog\/axel-springer-se-kassiert-weiteres-verbot-im-namen-von-kardinal-woelki-als-falsch-beanstandete-berichterstattung-des-bild-redakteurs-nikolaus-harbusch-vom-4-5-21-durch-das-oberlandesgericht-koeln-ver\/#article\",\"isPartOf\":{\"@id\":\"https:\/\/www.hoecker.eu\/blog\/axel-springer-se-kassiert-weiteres-verbot-im-namen-von-kardinal-woelki-als-falsch-beanstandete-berichterstattung-des-bild-redakteurs-nikolaus-harbusch-vom-4-5-21-durch-das-oberlandesgericht-koeln-ver\/\"},\"author\":{\"name\":\"Prof. Dr. Ralf H\u00f6cker\",\"@id\":\"https:\/\/www.hoecker.eu\/blog\/#\/schema\/person\/08f95581eed0534eccd0b2438f7a1cab\"},\"headline\":\"Axel Springer SE kassiert weiteres Verbot im Namen von Kardinal Woelki: Als falsch beanstandete Berichterstattung des BILD-Redakteurs Nikolaus Harbusch vom 4.5.21 durch das Oberlandesgericht K\u00f6ln verboten\",\"datePublished\":\"2021-10-25T16:41:00+00:00\",\"dateModified\":\"2025-02-17T13:54:27+00:00\",\"mainEntityOfPage\":{\"@id\":\"https:\/\/www.hoecker.eu\/blog\/axel-springer-se-kassiert-weiteres-verbot-im-namen-von-kardinal-woelki-als-falsch-beanstandete-berichterstattung-des-bild-redakteurs-nikolaus-harbusch-vom-4-5-21-durch-das-oberlandesgericht-koeln-ver\/\"},\"wordCount\":1094,\"publisher\":{\"@id\":\"https:\/\/www.hoecker.eu\/blog\/#organization\"},\"articleSection\":[\"News\"],\"inLanguage\":\"de\"},{\"@type\":\"WebPage\",\"@id\":\"https:\/\/www.hoecker.eu\/blog\/axel-springer-se-kassiert-weiteres-verbot-im-namen-von-kardinal-woelki-als-falsch-beanstandete-berichterstattung-des-bild-redakteurs-nikolaus-harbusch-vom-4-5-21-durch-das-oberlandesgericht-koeln-ver\/\",\"url\":\"https:\/\/www.hoecker.eu\/blog\/axel-springer-se-kassiert-weiteres-verbot-im-namen-von-kardinal-woelki-als-falsch-beanstandete-berichterstattung-des-bild-redakteurs-nikolaus-harbusch-vom-4-5-21-durch-das-oberlandesgericht-koeln-ver\/\",\"name\":\"Axel Springer SE kassiert weiteres Verbot im Namen von Kardinal Woelki: Als falsch beanstandete Berichterstattung des BILD-Redakteurs Nikolaus Harbusch vom 4.5.21 durch das Oberlandesgericht K\u00f6ln verboten - H\u00d6CKER - der Blog\",\"isPartOf\":{\"@id\":\"https:\/\/www.hoecker.eu\/blog\/#website\"},\"datePublished\":\"2021-10-25T16:41:00+00:00\",\"dateModified\":\"2025-02-17T13:54:27+00:00\",\"breadcrumb\":{\"@id\":\"https:\/\/www.hoecker.eu\/blog\/axel-springer-se-kassiert-weiteres-verbot-im-namen-von-kardinal-woelki-als-falsch-beanstandete-berichterstattung-des-bild-redakteurs-nikolaus-harbusch-vom-4-5-21-durch-das-oberlandesgericht-koeln-ver\/#breadcrumb\"},\"inLanguage\":\"de\",\"potentialAction\":[{\"@type\":\"ReadAction\",\"target\":[\"https:\/\/www.hoecker.eu\/blog\/axel-springer-se-kassiert-weiteres-verbot-im-namen-von-kardinal-woelki-als-falsch-beanstandete-berichterstattung-des-bild-redakteurs-nikolaus-harbusch-vom-4-5-21-durch-das-oberlandesgericht-koeln-ver\/\"]}]},{\"@type\":\"BreadcrumbList\",\"@id\":\"https:\/\/www.hoecker.eu\/blog\/axel-springer-se-kassiert-weiteres-verbot-im-namen-von-kardinal-woelki-als-falsch-beanstandete-berichterstattung-des-bild-redakteurs-nikolaus-harbusch-vom-4-5-21-durch-das-oberlandesgericht-koeln-ver\/#breadcrumb\",\"itemListElement\":[{\"@type\":\"ListItem\",\"position\":1,\"name\":\"Startseite\",\"item\":\"https:\/\/dev.hoecker.eu\/blog\/\"},{\"@type\":\"ListItem\",\"position\":2,\"name\":\"Axel Springer SE kassiert weiteres Verbot im Namen von Kardinal Woelki: Als falsch beanstandete Berichterstattung des BILD-Redakteurs Nikolaus Harbusch vom 4.5.21 durch das Oberlandesgericht K\u00f6ln verboten\"}]},{\"@type\":\"WebSite\",\"@id\":\"https:\/\/www.hoecker.eu\/blog\/#website\",\"url\":\"https:\/\/www.hoecker.eu\/blog\/\",\"name\":\"H\u00d6CKER - der Blog\",\"description\":\"Expertenblog f\u00fcr \u00c4u\u00dferungs-, Medien-, Marken-, Urheber- und Wettbewerbsrecht.\",\"publisher\":{\"@id\":\"https:\/\/www.hoecker.eu\/blog\/#organization\"},\"potentialAction\":[{\"@type\":\"SearchAction\",\"target\":{\"@type\":\"EntryPoint\",\"urlTemplate\":\"https:\/\/www.hoecker.eu\/blog\/?s={search_term_string}\"},\"query-input\":{\"@type\":\"PropertyValueSpecification\",\"valueRequired\":true,\"valueName\":\"search_term_string\"}}],\"inLanguage\":\"de\"},{\"@type\":\"Organization\",\"@id\":\"https:\/\/www.hoecker.eu\/blog\/#organization\",\"name\":\"H\u00d6CKER Rechtsanw\u00e4lte PartGmbB\",\"alternateName\":\"H\u00d6CKER\",\"url\":\"https:\/\/www.hoecker.eu\/blog\/\",\"logo\":{\"@type\":\"ImageObject\",\"inLanguage\":\"de\",\"@id\":\"https:\/\/www.hoecker.eu\/blog\/#\/schema\/logo\/image\/\",\"url\":\"https:\/\/www.hoecker.eu\/blog\/wp-content\/uploads\/2025\/03\/Blog-Logo.webp\",\"contentUrl\":\"https:\/\/www.hoecker.eu\/blog\/wp-content\/uploads\/2025\/03\/Blog-Logo.webp\",\"width\":500,\"height\":500,\"caption\":\"H\u00d6CKER Rechtsanw\u00e4lte PartGmbB\"},\"image\":{\"@id\":\"https:\/\/www.hoecker.eu\/blog\/#\/schema\/logo\/image\/\"},\"sameAs\":[\"https:\/\/www.facebook.com\/HoeckerRAe\/\",\"https:\/\/x.com\/hoecker_rae\",\"https:\/\/www.linkedin.com\/company\/hcker-rechtsanwlte\/\",\"https:\/\/www.instagram.com\/hoecker_rae\/\"],\"email\":\"contact@hoecker.eu\",\"telephone\":\"+ 49 (0)221-933 19-10\",\"legalName\":\"H\u00d6CKER Rechtsanw\u00e4lte PartGmbB\",\"numberOfEmployees\":{\"@type\":\"QuantitativeValue\",\"minValue\":\"11\",\"maxValue\":\"50\"}},{\"@type\":\"Person\",\"@id\":\"https:\/\/www.hoecker.eu\/blog\/#\/schema\/person\/08f95581eed0534eccd0b2438f7a1cab\",\"name\":\"Prof. Dr. Ralf H\u00f6cker\",\"description\":\"Medienanwalt. Besch\u00fctzer vor mieser Presse\",\"sameAs\":[\"https:\/\/www.hoecker.eu\/wer\/prof-dr-ralf-hoecker\",\"https:\/\/www.facebook.com\/ralf.hoecker\",\"https:\/\/www.linkedin.com\/in\/prof-dr-ralf-hcker-ll-m-london-17987826\/\",\"https:\/\/x.com\/Ralf_Hoecker\"],\"url\":\"https:\/\/www.hoecker.eu\/blog\/author\/hoecker_adm\/\"}]}<\/script>\n<!-- \/ Yoast SEO Premium plugin. -->","yoast_head_json":{"title":"Axel Springer SE kassiert weiteres Verbot im Namen von Kardinal Woelki: Als falsch beanstandete Berichterstattung des BILD-Redakteurs Nikolaus Harbusch vom 4.5.21 durch das Oberlandesgericht K\u00f6ln verboten - H\u00d6CKER - der Blog","robots":{"index":"index","follow":"follow","max-snippet":"max-snippet:-1","max-image-preview":"max-image-preview:large","max-video-preview":"max-video-preview:-1"},"canonical":"https:\/\/www.hoecker.eu\/blog\/axel-springer-se-kassiert-weiteres-verbot-im-namen-von-kardinal-woelki-als-falsch-beanstandete-berichterstattung-des-bild-redakteurs-nikolaus-harbusch-vom-4-5-21-durch-das-oberlandesgericht-koeln-ver\/","og_locale":"de_DE","og_type":"article","og_title":"Axel Springer SE kassiert weiteres Verbot im Namen von Kardinal Woelki: Als falsch beanstandete Berichterstattung des BILD-Redakteurs Nikolaus Harbusch vom 4.5.21 durch das Oberlandesgericht K\u00f6ln verboten","og_description":"Kardinal Woelki hat sich mit H\u00d6CKER einmal mehr gegen eine rechtswidrige Berichterstattung in der BILD-Zeitung durch deren Redakteur Nikolaus Harbusch erfolgreich gerichtlich zur Wehr gesetzt: BILD-Redakteur Nikolaus Harbusch hatte am 04.05. berichtet, Kardinal Woelki habe bei der Bef\u00f6rderung eines Priesters Kenntnis von belastenden Dokumenten aus der Personalakte gehabt. Das OLG K\u00f6ln hat der Axel Springer [&hellip;]","og_url":"https:\/\/www.hoecker.eu\/blog\/axel-springer-se-kassiert-weiteres-verbot-im-namen-von-kardinal-woelki-als-falsch-beanstandete-berichterstattung-des-bild-redakteurs-nikolaus-harbusch-vom-4-5-21-durch-das-oberlandesgericht-koeln-ver\/","og_site_name":"H\u00d6CKER - der Blog","article_publisher":"https:\/\/www.facebook.com\/HoeckerRAe\/","article_author":"https:\/\/www.facebook.com\/ralf.hoecker","article_published_time":"2021-10-25T16:41:00+00:00","article_modified_time":"2025-02-17T13:54:27+00:00","author":"Prof. Dr. Ralf H\u00f6cker","twitter_card":"summary_large_image","twitter_creator":"@Ralf_Hoecker","twitter_site":"@hoecker_rae","twitter_misc":{"Verfasst von":"Prof. Dr. Ralf H\u00f6cker","Gesch\u00e4tzte Lesezeit":"5\u00a0Minuten"},"schema":{"@context":"https:\/\/schema.org","@graph":[{"@type":"Article","@id":"https:\/\/www.hoecker.eu\/blog\/axel-springer-se-kassiert-weiteres-verbot-im-namen-von-kardinal-woelki-als-falsch-beanstandete-berichterstattung-des-bild-redakteurs-nikolaus-harbusch-vom-4-5-21-durch-das-oberlandesgericht-koeln-ver\/#article","isPartOf":{"@id":"https:\/\/www.hoecker.eu\/blog\/axel-springer-se-kassiert-weiteres-verbot-im-namen-von-kardinal-woelki-als-falsch-beanstandete-berichterstattung-des-bild-redakteurs-nikolaus-harbusch-vom-4-5-21-durch-das-oberlandesgericht-koeln-ver\/"},"author":{"name":"Prof. Dr. Ralf H\u00f6cker","@id":"https:\/\/www.hoecker.eu\/blog\/#\/schema\/person\/08f95581eed0534eccd0b2438f7a1cab"},"headline":"Axel Springer SE kassiert weiteres Verbot im Namen von Kardinal Woelki: Als falsch beanstandete Berichterstattung des BILD-Redakteurs Nikolaus Harbusch vom 4.5.21 durch das Oberlandesgericht K\u00f6ln verboten","datePublished":"2021-10-25T16:41:00+00:00","dateModified":"2025-02-17T13:54:27+00:00","mainEntityOfPage":{"@id":"https:\/\/www.hoecker.eu\/blog\/axel-springer-se-kassiert-weiteres-verbot-im-namen-von-kardinal-woelki-als-falsch-beanstandete-berichterstattung-des-bild-redakteurs-nikolaus-harbusch-vom-4-5-21-durch-das-oberlandesgericht-koeln-ver\/"},"wordCount":1094,"publisher":{"@id":"https:\/\/www.hoecker.eu\/blog\/#organization"},"articleSection":["News"],"inLanguage":"de"},{"@type":"WebPage","@id":"https:\/\/www.hoecker.eu\/blog\/axel-springer-se-kassiert-weiteres-verbot-im-namen-von-kardinal-woelki-als-falsch-beanstandete-berichterstattung-des-bild-redakteurs-nikolaus-harbusch-vom-4-5-21-durch-das-oberlandesgericht-koeln-ver\/","url":"https:\/\/www.hoecker.eu\/blog\/axel-springer-se-kassiert-weiteres-verbot-im-namen-von-kardinal-woelki-als-falsch-beanstandete-berichterstattung-des-bild-redakteurs-nikolaus-harbusch-vom-4-5-21-durch-das-oberlandesgericht-koeln-ver\/","name":"Axel Springer SE kassiert weiteres Verbot im Namen von Kardinal Woelki: Als falsch beanstandete Berichterstattung des BILD-Redakteurs Nikolaus Harbusch vom 4.5.21 durch das Oberlandesgericht K\u00f6ln verboten - H\u00d6CKER - der Blog","isPartOf":{"@id":"https:\/\/www.hoecker.eu\/blog\/#website"},"datePublished":"2021-10-25T16:41:00+00:00","dateModified":"2025-02-17T13:54:27+00:00","breadcrumb":{"@id":"https:\/\/www.hoecker.eu\/blog\/axel-springer-se-kassiert-weiteres-verbot-im-namen-von-kardinal-woelki-als-falsch-beanstandete-berichterstattung-des-bild-redakteurs-nikolaus-harbusch-vom-4-5-21-durch-das-oberlandesgericht-koeln-ver\/#breadcrumb"},"inLanguage":"de","potentialAction":[{"@type":"ReadAction","target":["https:\/\/www.hoecker.eu\/blog\/axel-springer-se-kassiert-weiteres-verbot-im-namen-von-kardinal-woelki-als-falsch-beanstandete-berichterstattung-des-bild-redakteurs-nikolaus-harbusch-vom-4-5-21-durch-das-oberlandesgericht-koeln-ver\/"]}]},{"@type":"BreadcrumbList","@id":"https:\/\/www.hoecker.eu\/blog\/axel-springer-se-kassiert-weiteres-verbot-im-namen-von-kardinal-woelki-als-falsch-beanstandete-berichterstattung-des-bild-redakteurs-nikolaus-harbusch-vom-4-5-21-durch-das-oberlandesgericht-koeln-ver\/#breadcrumb","itemListElement":[{"@type":"ListItem","position":1,"name":"Startseite","item":"https:\/\/dev.hoecker.eu\/blog\/"},{"@type":"ListItem","position":2,"name":"Axel Springer SE kassiert weiteres Verbot im Namen von Kardinal Woelki: Als falsch beanstandete Berichterstattung des BILD-Redakteurs Nikolaus Harbusch vom 4.5.21 durch das Oberlandesgericht K\u00f6ln verboten"}]},{"@type":"WebSite","@id":"https:\/\/www.hoecker.eu\/blog\/#website","url":"https:\/\/www.hoecker.eu\/blog\/","name":"H\u00d6CKER - der Blog","description":"Expertenblog f\u00fcr \u00c4u\u00dferungs-, Medien-, Marken-, Urheber- und Wettbewerbsrecht.","publisher":{"@id":"https:\/\/www.hoecker.eu\/blog\/#organization"},"potentialAction":[{"@type":"SearchAction","target":{"@type":"EntryPoint","urlTemplate":"https:\/\/www.hoecker.eu\/blog\/?s={search_term_string}"},"query-input":{"@type":"PropertyValueSpecification","valueRequired":true,"valueName":"search_term_string"}}],"inLanguage":"de"},{"@type":"Organization","@id":"https:\/\/www.hoecker.eu\/blog\/#organization","name":"H\u00d6CKER Rechtsanw\u00e4lte PartGmbB","alternateName":"H\u00d6CKER","url":"https:\/\/www.hoecker.eu\/blog\/","logo":{"@type":"ImageObject","inLanguage":"de","@id":"https:\/\/www.hoecker.eu\/blog\/#\/schema\/logo\/image\/","url":"https:\/\/www.hoecker.eu\/blog\/wp-content\/uploads\/2025\/03\/Blog-Logo.webp","contentUrl":"https:\/\/www.hoecker.eu\/blog\/wp-content\/uploads\/2025\/03\/Blog-Logo.webp","width":500,"height":500,"caption":"H\u00d6CKER Rechtsanw\u00e4lte PartGmbB"},"image":{"@id":"https:\/\/www.hoecker.eu\/blog\/#\/schema\/logo\/image\/"},"sameAs":["https:\/\/www.facebook.com\/HoeckerRAe\/","https:\/\/x.com\/hoecker_rae","https:\/\/www.linkedin.com\/company\/hcker-rechtsanwlte\/","https:\/\/www.instagram.com\/hoecker_rae\/"],"email":"contact@hoecker.eu","telephone":"+ 49 (0)221-933 19-10","legalName":"H\u00d6CKER Rechtsanw\u00e4lte PartGmbB","numberOfEmployees":{"@type":"QuantitativeValue","minValue":"11","maxValue":"50"}},{"@type":"Person","@id":"https:\/\/www.hoecker.eu\/blog\/#\/schema\/person\/08f95581eed0534eccd0b2438f7a1cab","name":"Prof. Dr. Ralf H\u00f6cker","description":"Medienanwalt. Besch\u00fctzer vor mieser Presse","sameAs":["https:\/\/www.hoecker.eu\/wer\/prof-dr-ralf-hoecker","https:\/\/www.facebook.com\/ralf.hoecker","https:\/\/www.linkedin.com\/in\/prof-dr-ralf-hcker-ll-m-london-17987826\/","https:\/\/x.com\/Ralf_Hoecker"],"url":"https:\/\/www.hoecker.eu\/blog\/author\/hoecker_adm\/"}]}},"authors":[{"term_id":84,"user_id":1,"is_guest":0,"slug":"hoecker_adm","display_name":"Prof. Dr. Ralf H\u00f6cker","avatar_url":{"url":"https:\/\/www.hoecker.eu\/blog\/wp-content\/uploads\/2023\/12\/ProfDrRalfHoecker.jpg","url2x":"https:\/\/www.hoecker.eu\/blog\/wp-content\/uploads\/2023\/12\/ProfDrRalfHoecker.jpg"},"0":null,"1":"","2":"","3":"","4":"","5":"","6":"","7":"","8":"","9":"","10":"","11":""}],"_links":{"self":[{"href":"https:\/\/www.hoecker.eu\/blog\/wp-json\/wp\/v2\/posts\/8240","targetHints":{"allow":["GET"]}}],"collection":[{"href":"https:\/\/www.hoecker.eu\/blog\/wp-json\/wp\/v2\/posts"}],"about":[{"href":"https:\/\/www.hoecker.eu\/blog\/wp-json\/wp\/v2\/types\/post"}],"author":[{"embeddable":true,"href":"https:\/\/www.hoecker.eu\/blog\/wp-json\/wp\/v2\/users\/1"}],"replies":[{"embeddable":true,"href":"https:\/\/www.hoecker.eu\/blog\/wp-json\/wp\/v2\/comments?post=8240"}],"version-history":[{"count":1,"href":"https:\/\/www.hoecker.eu\/blog\/wp-json\/wp\/v2\/posts\/8240\/revisions"}],"predecessor-version":[{"id":9362,"href":"https:\/\/www.hoecker.eu\/blog\/wp-json\/wp\/v2\/posts\/8240\/revisions\/9362"}],"wp:attachment":[{"href":"https:\/\/www.hoecker.eu\/blog\/wp-json\/wp\/v2\/media?parent=8240"}],"wp:term":[{"taxonomy":"category","embeddable":true,"href":"https:\/\/www.hoecker.eu\/blog\/wp-json\/wp\/v2\/categories?post=8240"},{"taxonomy":"post_tag","embeddable":true,"href":"https:\/\/www.hoecker.eu\/blog\/wp-json\/wp\/v2\/tags?post=8240"},{"taxonomy":"hashtags","embeddable":true,"href":"https:\/\/www.hoecker.eu\/blog\/wp-json\/wp\/v2\/hashtags?post=8240"},{"taxonomy":"author","embeddable":true,"href":"https:\/\/www.hoecker.eu\/blog\/wp-json\/wp\/v2\/ppma_author?post=8240"}],"curies":[{"name":"wp","href":"https:\/\/api.w.org\/{rel}","templated":true}]}}