{"id":8236,"date":"2021-10-25T18:45:00","date_gmt":"2021-10-25T16:45:00","guid":{"rendered":"https:\/\/www.hoecker.eu\/blog\/https-www-hoecker-eu-news-simon-desue-wehrt-sich-mit-hoecker-erfolgreich-gegen-hate-speech\/"},"modified":"2025-02-17T14:54:25","modified_gmt":"2025-02-17T13:54:25","slug":"https-www-hoecker-eu-news-simon-desue-wehrt-sich-mit-hoecker-erfolgreich-gegen-hate-speech","status":"publish","type":"post","link":"https:\/\/www.hoecker.eu\/blog\/https-www-hoecker-eu-news-simon-desue-wehrt-sich-mit-hoecker-erfolgreich-gegen-hate-speech\/","title":{"rendered":"https:\/\/www.hoecker.eu\/news\/simon-desue-wehrt-sich-mit-hoecker-erfolgreich-gegen-hate-speech"},"content":{"rendered":"<p>Der Unternehmer, Influencer und YouTuber Simon Desue sah sich zuletzt vermehrt Beleidigungen auf YouTube ausgesetzt. Bereits 2020 ging er mit H\u00d6CKER gegen YouTuber und deren Netzwerke vor, die sich abtr\u00e4glich, gar rassistisch, in Bezug auf ihn ge\u00e4u\u00dfert hatten. H\u00d6CKER erwirkte f\u00fcr Desue die L\u00f6schung mehrerer YouTube-Videos, die Abgabe strafbewehrter Unterlassungs- und Verpflichtungserkl\u00e4rungen sowie Schadensersatzzahlungen.<\/p>\n<p>Zuletzt wurden auf YouTube erneut Videos \u00fcber verschiedene Accounts ver\u00f6ffentlicht, in denen sich mehrere bekannte YouTuber abtr\u00e4glich \u00fcber ihn \u00e4u\u00dferten. Mit H\u00d6CKER ging Desue gegen diese Ver\u00f6ffentlichungen vor, sammelte Vertragsstrafen und Schadensersatzzahlungen ein und forderte die YouTuber erfolgreich zur L\u00f6schung sowie zur Abgabe strafbewehrter Unterlassungs- und Verpflichtungserkl\u00e4rungen auf.<\/p>\n<p>RA Christoph Jarno Burghoff: \u201eUnser Mandant muss es nicht hinnehmen, \u00f6ffentlich beleidigt zu werden \u2013 erst recht nicht rassistisch. Wir sind f\u00fcr ihn erfolgreich gegen Hate Speech vorgegangen, werden dies auch weiterhin tun und dabei konsequent alle M\u00f6glichkeiten des Presse- und \u00c4u\u00dferungsrechts aussch\u00f6pfen.\u201c<\/p>\n","protected":false},"excerpt":{"rendered":"<p>Der Unternehmer, Influencer und YouTuber Simon Desue sah sich zuletzt vermehrt Beleidigungen auf YouTube ausgesetzt. Bereits 2020 ging er mit H\u00d6CKER gegen YouTuber und deren Netzwerke vor, die sich abtr\u00e4glich, gar rassistisch, in Bezug auf ihn ge\u00e4u\u00dfert hatten. H\u00d6CKER erwirkte f\u00fcr Desue die L\u00f6schung mehrerer YouTube-Videos, die Abgabe strafbewehrter Unterlassungs- und Verpflichtungserkl\u00e4rungen sowie Schadensersatzzahlungen. Zuletzt [&hellip;]<\/p>\n","protected":false},"author":1,"featured_media":0,"comment_status":"closed","ping_status":"closed","sticky":false,"template":"","format":"standard","meta":{"_has_post_settings":[],"footnotes":""},"categories":[15],"tags":[],"hashtags":[],"ppma_author":[84],"class_list":["post-8236","post","type-post","status-publish","format-standard","hentry","category-news","author-hoecker_adm"],"yoast_head":"<!-- This site is optimized with the Yoast SEO Premium plugin v25.9 (Yoast SEO v27.0) - https:\/\/yoast.com\/product\/yoast-seo-premium-wordpress\/ -->\n<title>https:\/\/www.hoecker.eu\/news\/simon-desue-wehrt-sich-mit-hoecker-erfolgreich-gegen-hate-speech - H\u00d6CKER - der Blog<\/title>\n<meta name=\"robots\" content=\"index, follow, max-snippet:-1, max-image-preview:large, max-video-preview:-1\" \/>\n<link rel=\"canonical\" href=\"https:\/\/www.hoecker.eu\/blog\/https-www-hoecker-eu-news-simon-desue-wehrt-sich-mit-hoecker-erfolgreich-gegen-hate-speech\/\" \/>\n<meta property=\"og:locale\" content=\"de_DE\" \/>\n<meta property=\"og:type\" content=\"article\" \/>\n<meta property=\"og:title\" content=\"https:\/\/www.hoecker.eu\/news\/simon-desue-wehrt-sich-mit-hoecker-erfolgreich-gegen-hate-speech\" \/>\n<meta property=\"og:description\" content=\"Der Unternehmer, Influencer und YouTuber Simon Desue sah sich zuletzt vermehrt Beleidigungen auf YouTube ausgesetzt. Bereits 2020 ging er mit H\u00d6CKER gegen YouTuber und deren Netzwerke vor, die sich abtr\u00e4glich, gar rassistisch, in Bezug auf ihn ge\u00e4u\u00dfert hatten. H\u00d6CKER erwirkte f\u00fcr Desue die L\u00f6schung mehrerer YouTube-Videos, die Abgabe strafbewehrter Unterlassungs- und Verpflichtungserkl\u00e4rungen sowie Schadensersatzzahlungen. Zuletzt [&hellip;]\" \/>\n<meta property=\"og:url\" content=\"https:\/\/www.hoecker.eu\/blog\/https-www-hoecker-eu-news-simon-desue-wehrt-sich-mit-hoecker-erfolgreich-gegen-hate-speech\/\" \/>\n<meta property=\"og:site_name\" content=\"H\u00d6CKER - der Blog\" \/>\n<meta property=\"article:publisher\" content=\"https:\/\/www.facebook.com\/HoeckerRAe\/\" \/>\n<meta property=\"article:author\" content=\"https:\/\/www.facebook.com\/ralf.hoecker\" \/>\n<meta property=\"article:published_time\" content=\"2021-10-25T16:45:00+00:00\" \/>\n<meta property=\"article:modified_time\" content=\"2025-02-17T13:54:25+00:00\" \/>\n<meta name=\"author\" content=\"Prof. Dr. Ralf H\u00f6cker\" \/>\n<meta name=\"twitter:card\" content=\"summary_large_image\" \/>\n<meta name=\"twitter:creator\" content=\"@Ralf_Hoecker\" \/>\n<meta name=\"twitter:site\" content=\"@hoecker_rae\" \/>\n<meta name=\"twitter:label1\" content=\"Verfasst von\" \/>\n\t<meta name=\"twitter:data1\" content=\"Prof. Dr. Ralf H\u00f6cker\" \/>\n\t<meta name=\"twitter:label2\" content=\"Gesch\u00e4tzte Lesezeit\" \/>\n\t<meta name=\"twitter:data2\" content=\"1\u00a0Minute\" \/>\n<script type=\"application\/ld+json\" class=\"yoast-schema-graph\">{\"@context\":\"https:\/\/schema.org\",\"@graph\":[{\"@type\":\"Article\",\"@id\":\"https:\/\/www.hoecker.eu\/blog\/https-www-hoecker-eu-news-simon-desue-wehrt-sich-mit-hoecker-erfolgreich-gegen-hate-speech\/#article\",\"isPartOf\":{\"@id\":\"https:\/\/www.hoecker.eu\/blog\/https-www-hoecker-eu-news-simon-desue-wehrt-sich-mit-hoecker-erfolgreich-gegen-hate-speech\/\"},\"author\":{\"name\":\"Prof. Dr. Ralf H\u00f6cker\",\"@id\":\"https:\/\/www.hoecker.eu\/blog\/#\/schema\/person\/08f95581eed0534eccd0b2438f7a1cab\"},\"headline\":\"https:\/\/www.hoecker.eu\/news\/simon-desue-wehrt-sich-mit-hoecker-erfolgreich-gegen-hate-speech\",\"datePublished\":\"2021-10-25T16:45:00+00:00\",\"dateModified\":\"2025-02-17T13:54:25+00:00\",\"mainEntityOfPage\":{\"@id\":\"https:\/\/www.hoecker.eu\/blog\/https-www-hoecker-eu-news-simon-desue-wehrt-sich-mit-hoecker-erfolgreich-gegen-hate-speech\/\"},\"wordCount\":168,\"publisher\":{\"@id\":\"https:\/\/www.hoecker.eu\/blog\/#organization\"},\"articleSection\":[\"News\"],\"inLanguage\":\"de\"},{\"@type\":\"WebPage\",\"@id\":\"https:\/\/www.hoecker.eu\/blog\/https-www-hoecker-eu-news-simon-desue-wehrt-sich-mit-hoecker-erfolgreich-gegen-hate-speech\/\",\"url\":\"https:\/\/www.hoecker.eu\/blog\/https-www-hoecker-eu-news-simon-desue-wehrt-sich-mit-hoecker-erfolgreich-gegen-hate-speech\/\",\"name\":\"https:\/\/www.hoecker.eu\/news\/simon-desue-wehrt-sich-mit-hoecker-erfolgreich-gegen-hate-speech - H\u00d6CKER - der Blog\",\"isPartOf\":{\"@id\":\"https:\/\/www.hoecker.eu\/blog\/#website\"},\"datePublished\":\"2021-10-25T16:45:00+00:00\",\"dateModified\":\"2025-02-17T13:54:25+00:00\",\"breadcrumb\":{\"@id\":\"https:\/\/www.hoecker.eu\/blog\/https-www-hoecker-eu-news-simon-desue-wehrt-sich-mit-hoecker-erfolgreich-gegen-hate-speech\/#breadcrumb\"},\"inLanguage\":\"de\",\"potentialAction\":[{\"@type\":\"ReadAction\",\"target\":[\"https:\/\/www.hoecker.eu\/blog\/https-www-hoecker-eu-news-simon-desue-wehrt-sich-mit-hoecker-erfolgreich-gegen-hate-speech\/\"]}]},{\"@type\":\"BreadcrumbList\",\"@id\":\"https:\/\/www.hoecker.eu\/blog\/https-www-hoecker-eu-news-simon-desue-wehrt-sich-mit-hoecker-erfolgreich-gegen-hate-speech\/#breadcrumb\",\"itemListElement\":[{\"@type\":\"ListItem\",\"position\":1,\"name\":\"Startseite\",\"item\":\"https:\/\/dev.hoecker.eu\/blog\/\"},{\"@type\":\"ListItem\",\"position\":2,\"name\":\"https:\/\/www.hoecker.eu\/news\/simon-desue-wehrt-sich-mit-hoecker-erfolgreich-gegen-hate-speech\"}]},{\"@type\":\"WebSite\",\"@id\":\"https:\/\/www.hoecker.eu\/blog\/#website\",\"url\":\"https:\/\/www.hoecker.eu\/blog\/\",\"name\":\"H\u00d6CKER - der Blog\",\"description\":\"Expertenblog f\u00fcr \u00c4u\u00dferungs-, Medien-, Marken-, Urheber- und Wettbewerbsrecht.\",\"publisher\":{\"@id\":\"https:\/\/www.hoecker.eu\/blog\/#organization\"},\"potentialAction\":[{\"@type\":\"SearchAction\",\"target\":{\"@type\":\"EntryPoint\",\"urlTemplate\":\"https:\/\/www.hoecker.eu\/blog\/?s={search_term_string}\"},\"query-input\":{\"@type\":\"PropertyValueSpecification\",\"valueRequired\":true,\"valueName\":\"search_term_string\"}}],\"inLanguage\":\"de\"},{\"@type\":\"Organization\",\"@id\":\"https:\/\/www.hoecker.eu\/blog\/#organization\",\"name\":\"H\u00d6CKER Rechtsanw\u00e4lte PartGmbB\",\"alternateName\":\"H\u00d6CKER\",\"url\":\"https:\/\/www.hoecker.eu\/blog\/\",\"logo\":{\"@type\":\"ImageObject\",\"inLanguage\":\"de\",\"@id\":\"https:\/\/www.hoecker.eu\/blog\/#\/schema\/logo\/image\/\",\"url\":\"https:\/\/www.hoecker.eu\/blog\/wp-content\/uploads\/2025\/03\/Blog-Logo.webp\",\"contentUrl\":\"https:\/\/www.hoecker.eu\/blog\/wp-content\/uploads\/2025\/03\/Blog-Logo.webp\",\"width\":500,\"height\":500,\"caption\":\"H\u00d6CKER Rechtsanw\u00e4lte PartGmbB\"},\"image\":{\"@id\":\"https:\/\/www.hoecker.eu\/blog\/#\/schema\/logo\/image\/\"},\"sameAs\":[\"https:\/\/www.facebook.com\/HoeckerRAe\/\",\"https:\/\/x.com\/hoecker_rae\",\"https:\/\/www.linkedin.com\/company\/hcker-rechtsanwlte\/\",\"https:\/\/www.instagram.com\/hoecker_rae\/\"],\"email\":\"contact@hoecker.eu\",\"telephone\":\"+ 49 (0)221-933 19-10\",\"legalName\":\"H\u00d6CKER Rechtsanw\u00e4lte PartGmbB\",\"numberOfEmployees\":{\"@type\":\"QuantitativeValue\",\"minValue\":\"11\",\"maxValue\":\"50\"}},{\"@type\":\"Person\",\"@id\":\"https:\/\/www.hoecker.eu\/blog\/#\/schema\/person\/08f95581eed0534eccd0b2438f7a1cab\",\"name\":\"Prof. Dr. Ralf H\u00f6cker\",\"description\":\"Medienanwalt. Besch\u00fctzer vor mieser Presse\",\"sameAs\":[\"https:\/\/www.hoecker.eu\/wer\/prof-dr-ralf-hoecker\",\"https:\/\/www.facebook.com\/ralf.hoecker\",\"https:\/\/www.linkedin.com\/in\/prof-dr-ralf-hcker-ll-m-london-17987826\/\",\"https:\/\/x.com\/Ralf_Hoecker\"],\"url\":\"https:\/\/www.hoecker.eu\/blog\/author\/hoecker_adm\/\"}]}<\/script>\n<!-- \/ Yoast SEO Premium plugin. -->","yoast_head_json":{"title":"https:\/\/www.hoecker.eu\/news\/simon-desue-wehrt-sich-mit-hoecker-erfolgreich-gegen-hate-speech - H\u00d6CKER - der Blog","robots":{"index":"index","follow":"follow","max-snippet":"max-snippet:-1","max-image-preview":"max-image-preview:large","max-video-preview":"max-video-preview:-1"},"canonical":"https:\/\/www.hoecker.eu\/blog\/https-www-hoecker-eu-news-simon-desue-wehrt-sich-mit-hoecker-erfolgreich-gegen-hate-speech\/","og_locale":"de_DE","og_type":"article","og_title":"https:\/\/www.hoecker.eu\/news\/simon-desue-wehrt-sich-mit-hoecker-erfolgreich-gegen-hate-speech","og_description":"Der Unternehmer, Influencer und YouTuber Simon Desue sah sich zuletzt vermehrt Beleidigungen auf YouTube ausgesetzt. Bereits 2020 ging er mit H\u00d6CKER gegen YouTuber und deren Netzwerke vor, die sich abtr\u00e4glich, gar rassistisch, in Bezug auf ihn ge\u00e4u\u00dfert hatten. H\u00d6CKER erwirkte f\u00fcr Desue die L\u00f6schung mehrerer YouTube-Videos, die Abgabe strafbewehrter Unterlassungs- und Verpflichtungserkl\u00e4rungen sowie Schadensersatzzahlungen. Zuletzt [&hellip;]","og_url":"https:\/\/www.hoecker.eu\/blog\/https-www-hoecker-eu-news-simon-desue-wehrt-sich-mit-hoecker-erfolgreich-gegen-hate-speech\/","og_site_name":"H\u00d6CKER - der Blog","article_publisher":"https:\/\/www.facebook.com\/HoeckerRAe\/","article_author":"https:\/\/www.facebook.com\/ralf.hoecker","article_published_time":"2021-10-25T16:45:00+00:00","article_modified_time":"2025-02-17T13:54:25+00:00","author":"Prof. Dr. Ralf H\u00f6cker","twitter_card":"summary_large_image","twitter_creator":"@Ralf_Hoecker","twitter_site":"@hoecker_rae","twitter_misc":{"Verfasst von":"Prof. Dr. Ralf H\u00f6cker","Gesch\u00e4tzte Lesezeit":"1\u00a0Minute"},"schema":{"@context":"https:\/\/schema.org","@graph":[{"@type":"Article","@id":"https:\/\/www.hoecker.eu\/blog\/https-www-hoecker-eu-news-simon-desue-wehrt-sich-mit-hoecker-erfolgreich-gegen-hate-speech\/#article","isPartOf":{"@id":"https:\/\/www.hoecker.eu\/blog\/https-www-hoecker-eu-news-simon-desue-wehrt-sich-mit-hoecker-erfolgreich-gegen-hate-speech\/"},"author":{"name":"Prof. Dr. Ralf H\u00f6cker","@id":"https:\/\/www.hoecker.eu\/blog\/#\/schema\/person\/08f95581eed0534eccd0b2438f7a1cab"},"headline":"https:\/\/www.hoecker.eu\/news\/simon-desue-wehrt-sich-mit-hoecker-erfolgreich-gegen-hate-speech","datePublished":"2021-10-25T16:45:00+00:00","dateModified":"2025-02-17T13:54:25+00:00","mainEntityOfPage":{"@id":"https:\/\/www.hoecker.eu\/blog\/https-www-hoecker-eu-news-simon-desue-wehrt-sich-mit-hoecker-erfolgreich-gegen-hate-speech\/"},"wordCount":168,"publisher":{"@id":"https:\/\/www.hoecker.eu\/blog\/#organization"},"articleSection":["News"],"inLanguage":"de"},{"@type":"WebPage","@id":"https:\/\/www.hoecker.eu\/blog\/https-www-hoecker-eu-news-simon-desue-wehrt-sich-mit-hoecker-erfolgreich-gegen-hate-speech\/","url":"https:\/\/www.hoecker.eu\/blog\/https-www-hoecker-eu-news-simon-desue-wehrt-sich-mit-hoecker-erfolgreich-gegen-hate-speech\/","name":"https:\/\/www.hoecker.eu\/news\/simon-desue-wehrt-sich-mit-hoecker-erfolgreich-gegen-hate-speech - H\u00d6CKER - der Blog","isPartOf":{"@id":"https:\/\/www.hoecker.eu\/blog\/#website"},"datePublished":"2021-10-25T16:45:00+00:00","dateModified":"2025-02-17T13:54:25+00:00","breadcrumb":{"@id":"https:\/\/www.hoecker.eu\/blog\/https-www-hoecker-eu-news-simon-desue-wehrt-sich-mit-hoecker-erfolgreich-gegen-hate-speech\/#breadcrumb"},"inLanguage":"de","potentialAction":[{"@type":"ReadAction","target":["https:\/\/www.hoecker.eu\/blog\/https-www-hoecker-eu-news-simon-desue-wehrt-sich-mit-hoecker-erfolgreich-gegen-hate-speech\/"]}]},{"@type":"BreadcrumbList","@id":"https:\/\/www.hoecker.eu\/blog\/https-www-hoecker-eu-news-simon-desue-wehrt-sich-mit-hoecker-erfolgreich-gegen-hate-speech\/#breadcrumb","itemListElement":[{"@type":"ListItem","position":1,"name":"Startseite","item":"https:\/\/dev.hoecker.eu\/blog\/"},{"@type":"ListItem","position":2,"name":"https:\/\/www.hoecker.eu\/news\/simon-desue-wehrt-sich-mit-hoecker-erfolgreich-gegen-hate-speech"}]},{"@type":"WebSite","@id":"https:\/\/www.hoecker.eu\/blog\/#website","url":"https:\/\/www.hoecker.eu\/blog\/","name":"H\u00d6CKER - der Blog","description":"Expertenblog f\u00fcr \u00c4u\u00dferungs-, Medien-, Marken-, Urheber- und Wettbewerbsrecht.","publisher":{"@id":"https:\/\/www.hoecker.eu\/blog\/#organization"},"potentialAction":[{"@type":"SearchAction","target":{"@type":"EntryPoint","urlTemplate":"https:\/\/www.hoecker.eu\/blog\/?s={search_term_string}"},"query-input":{"@type":"PropertyValueSpecification","valueRequired":true,"valueName":"search_term_string"}}],"inLanguage":"de"},{"@type":"Organization","@id":"https:\/\/www.hoecker.eu\/blog\/#organization","name":"H\u00d6CKER Rechtsanw\u00e4lte PartGmbB","alternateName":"H\u00d6CKER","url":"https:\/\/www.hoecker.eu\/blog\/","logo":{"@type":"ImageObject","inLanguage":"de","@id":"https:\/\/www.hoecker.eu\/blog\/#\/schema\/logo\/image\/","url":"https:\/\/www.hoecker.eu\/blog\/wp-content\/uploads\/2025\/03\/Blog-Logo.webp","contentUrl":"https:\/\/www.hoecker.eu\/blog\/wp-content\/uploads\/2025\/03\/Blog-Logo.webp","width":500,"height":500,"caption":"H\u00d6CKER Rechtsanw\u00e4lte PartGmbB"},"image":{"@id":"https:\/\/www.hoecker.eu\/blog\/#\/schema\/logo\/image\/"},"sameAs":["https:\/\/www.facebook.com\/HoeckerRAe\/","https:\/\/x.com\/hoecker_rae","https:\/\/www.linkedin.com\/company\/hcker-rechtsanwlte\/","https:\/\/www.instagram.com\/hoecker_rae\/"],"email":"contact@hoecker.eu","telephone":"+ 49 (0)221-933 19-10","legalName":"H\u00d6CKER Rechtsanw\u00e4lte PartGmbB","numberOfEmployees":{"@type":"QuantitativeValue","minValue":"11","maxValue":"50"}},{"@type":"Person","@id":"https:\/\/www.hoecker.eu\/blog\/#\/schema\/person\/08f95581eed0534eccd0b2438f7a1cab","name":"Prof. Dr. Ralf H\u00f6cker","description":"Medienanwalt. Besch\u00fctzer vor mieser Presse","sameAs":["https:\/\/www.hoecker.eu\/wer\/prof-dr-ralf-hoecker","https:\/\/www.facebook.com\/ralf.hoecker","https:\/\/www.linkedin.com\/in\/prof-dr-ralf-hcker-ll-m-london-17987826\/","https:\/\/x.com\/Ralf_Hoecker"],"url":"https:\/\/www.hoecker.eu\/blog\/author\/hoecker_adm\/"}]}},"authors":[{"term_id":84,"user_id":1,"is_guest":0,"slug":"hoecker_adm","display_name":"Prof. Dr. Ralf H\u00f6cker","avatar_url":{"url":"https:\/\/www.hoecker.eu\/blog\/wp-content\/uploads\/2023\/12\/ProfDrRalfHoecker.jpg","url2x":"https:\/\/www.hoecker.eu\/blog\/wp-content\/uploads\/2023\/12\/ProfDrRalfHoecker.jpg"},"0":null,"1":"","2":"","3":"","4":"","5":"","6":"","7":"","8":"","9":"","10":"","11":""}],"_links":{"self":[{"href":"https:\/\/www.hoecker.eu\/blog\/wp-json\/wp\/v2\/posts\/8236","targetHints":{"allow":["GET"]}}],"collection":[{"href":"https:\/\/www.hoecker.eu\/blog\/wp-json\/wp\/v2\/posts"}],"about":[{"href":"https:\/\/www.hoecker.eu\/blog\/wp-json\/wp\/v2\/types\/post"}],"author":[{"embeddable":true,"href":"https:\/\/www.hoecker.eu\/blog\/wp-json\/wp\/v2\/users\/1"}],"replies":[{"embeddable":true,"href":"https:\/\/www.hoecker.eu\/blog\/wp-json\/wp\/v2\/comments?post=8236"}],"version-history":[{"count":1,"href":"https:\/\/www.hoecker.eu\/blog\/wp-json\/wp\/v2\/posts\/8236\/revisions"}],"predecessor-version":[{"id":9358,"href":"https:\/\/www.hoecker.eu\/blog\/wp-json\/wp\/v2\/posts\/8236\/revisions\/9358"}],"wp:attachment":[{"href":"https:\/\/www.hoecker.eu\/blog\/wp-json\/wp\/v2\/media?parent=8236"}],"wp:term":[{"taxonomy":"category","embeddable":true,"href":"https:\/\/www.hoecker.eu\/blog\/wp-json\/wp\/v2\/categories?post=8236"},{"taxonomy":"post_tag","embeddable":true,"href":"https:\/\/www.hoecker.eu\/blog\/wp-json\/wp\/v2\/tags?post=8236"},{"taxonomy":"hashtags","embeddable":true,"href":"https:\/\/www.hoecker.eu\/blog\/wp-json\/wp\/v2\/hashtags?post=8236"},{"taxonomy":"author","embeddable":true,"href":"https:\/\/www.hoecker.eu\/blog\/wp-json\/wp\/v2\/ppma_author?post=8236"}],"curies":[{"name":"wp","href":"https:\/\/api.w.org\/{rel}","templated":true}]}}