{"id":8228,"date":"2021-10-25T18:55:00","date_gmt":"2021-10-25T16:55:00","guid":{"rendered":"https:\/\/www.hoecker.eu\/blog\/sicherheitsleistung-kann-klaeger-von-angabe-der-privatanschrift-befreien\/"},"modified":"2025-02-17T14:54:20","modified_gmt":"2025-02-17T13:54:20","slug":"sicherheitsleistung-kann-klaeger-von-angabe-der-privatanschrift-befreien","status":"publish","type":"post","link":"https:\/\/www.hoecker.eu\/blog\/sicherheitsleistung-kann-klaeger-von-angabe-der-privatanschrift-befreien\/","title":{"rendered":"Sicherheitsleistung kann Kl\u00e4ger von Angabe der Privatanschrift befreien"},"content":{"rendered":"<p>Verm\u00f6gende Personen sind vielf\u00e4ltigen Gefahren ausgesetzt: Von politisch motivierten Straftaten bis hin zu finanziell veranlassten Entf\u00fchrungen und L\u00f6segelderpressungen ist viel denkbar. Tragische Beispiele (Albrecht, Oetker, Reemtsma, Schlecker, W\u00fcrth) rufen dies immer wieder ins Bewusstsein. Viele \u201eSuperreiche\u201c ergreifen deswegen umfassende Sicherheitsma\u00dfnahmen und f\u00fchren ein zur\u00fcckgezogenes Leben. Dies gilt auch f\u00fcr eine Unternehmerfamilie, die ein Wirtschaftsmagazin jedoch mit einer konstruierten Berichterstattung aus der selbstgew\u00e4hlten Anonymit\u00e4t rei\u00dfen wollte.<\/p>\n<p>Den hiergegen in die Wege geleiteten einstweiligen Rechtsschutz verweigerte das erstinstanzliche Gericht allerdings mit Hinweis darauf, dass die Verf\u00fcgungskl\u00e4ger keine ladungsf\u00e4hige Anschrift angegeben h\u00e4tten. In der Tat hatten die Familienmitglieder in der Antragsschrift nat\u00fcrlich nicht ihre jeweilige Privatanschrift, sondern die Adresse der Familien-Holding benannt \u2013 zum Schutz ihrer Privatsph\u00e4re. Die Zur\u00fcckweisung ihrer Antr\u00e4ge wollten sie deswegen nicht auf sich sitzen lassen. Mithilfe von H\u00d6CKER legte die Unternehmerfamilie daher sofortige Beschwerde gegen den Beschluss ein.<\/p>\n<p>Hervorzuheben ist in diesem Zusammenhang, dass die Zivilprozessordnung selbst nicht verlangt, dass der Kl\u00e4ger eine ladungsf\u00e4hige Anschrift angibt. Es handelt sich hierbei vielmehr um eine von der Rechtsprechung \u201econtra legem\u201c (= entgegen dem Gesetzeswortlaut) entwickelte Zul\u00e4ssigkeitsvoraussetzung, mit der vor allem das finanzielle Interesse des Beklagten abgesichert werden soll. Um dem Rechnung zu tragen, brachte die Unternehmerfamilie eine Prozesskostensicherheit bei, die geeignet war, sowohl das Kosteninteresse der Verf\u00fcgungsbeklagten als auch der Staatskasse vollst\u00e4ndig abzudecken.<\/p>\n<p>Dem Oberlandesgericht K\u00f6ln gen\u00fcgte dies, um von der Zul\u00e4ssigkeit der Antr\u00e4ge auszugehen (Urt. v. 12.08.2021 \u2013 15 W 47\/21): Angesichts der zur Verf\u00fcgung gestellten Sicherheit bestehe keine Gefahr mehr, dass sich die Verf\u00fcgungskl\u00e4ger aufgrund ihrer Anonymit\u00e4t einer Kostentragungspflicht entz\u00f6gen. Das daneben von der Beklagten erkannte Risiko, die Kl\u00e4ger k\u00f6nnten sich einer Anordnung des Gerichts zum pers\u00f6nlichen Erscheinen entziehen, lie\u00df der Senat demgegen\u00fcber nicht gelten. Denn hierdurch w\u00fcrden sich die Kl\u00e4ger im Zweifel alleine selbst schaden.<\/p>\n<p>Rechtsanwalt Dr. Ren\u00e9 Rosenau, LL.M.: \u201eUnseren Mandanten geht es nicht darum, irgendein \u201aReichen-Privileg\u2018 f\u00fcr sich in Anspruch zu nehmen. Wir konnten dem Gericht einen Weg aufzeigen, wie sich das berechtigte Beklagteninteresse, nicht auf Kosten sitzen zu bleiben, und das Interesse der Kl\u00e4ger an Privatheit wirksam in Einklang bringen lassen.\u201c<\/p>\n<p><\/p>\n","protected":false},"excerpt":{"rendered":"<p>Verm\u00f6gende Personen sind vielf\u00e4ltigen Gefahren ausgesetzt: Von politisch motivierten Straftaten bis hin zu finanziell veranlassten Entf\u00fchrungen und L\u00f6segelderpressungen ist viel denkbar. Tragische Beispiele (Albrecht, Oetker, Reemtsma, Schlecker, W\u00fcrth) rufen dies immer wieder ins Bewusstsein. Viele \u201eSuperreiche\u201c ergreifen deswegen umfassende Sicherheitsma\u00dfnahmen und f\u00fchren ein zur\u00fcckgezogenes Leben. Dies gilt auch f\u00fcr eine Unternehmerfamilie, die ein Wirtschaftsmagazin jedoch [&hellip;]<\/p>\n","protected":false},"author":1,"featured_media":0,"comment_status":"closed","ping_status":"closed","sticky":false,"template":"","format":"standard","meta":{"_has_post_settings":[],"footnotes":""},"categories":[15],"tags":[],"hashtags":[],"ppma_author":[84],"class_list":["post-8228","post","type-post","status-publish","format-standard","hentry","category-news","author-hoecker_adm"],"yoast_head":"<!-- This site is optimized with the Yoast SEO Premium plugin v25.9 (Yoast SEO v27.0) - https:\/\/yoast.com\/product\/yoast-seo-premium-wordpress\/ -->\n<title>Sicherheitsleistung kann Kl\u00e4ger von Angabe der Privatanschrift befreien - H\u00d6CKER - der Blog<\/title>\n<meta name=\"robots\" content=\"index, follow, max-snippet:-1, max-image-preview:large, max-video-preview:-1\" \/>\n<link rel=\"canonical\" href=\"https:\/\/www.hoecker.eu\/blog\/sicherheitsleistung-kann-klaeger-von-angabe-der-privatanschrift-befreien\/\" \/>\n<meta property=\"og:locale\" content=\"de_DE\" \/>\n<meta property=\"og:type\" content=\"article\" \/>\n<meta property=\"og:title\" content=\"Sicherheitsleistung kann Kl\u00e4ger von Angabe der Privatanschrift befreien\" \/>\n<meta property=\"og:description\" content=\"Verm\u00f6gende Personen sind vielf\u00e4ltigen Gefahren ausgesetzt: Von politisch motivierten Straftaten bis hin zu finanziell veranlassten Entf\u00fchrungen und L\u00f6segelderpressungen ist viel denkbar. Tragische Beispiele (Albrecht, Oetker, Reemtsma, Schlecker, W\u00fcrth) rufen dies immer wieder ins Bewusstsein. Viele \u201eSuperreiche\u201c ergreifen deswegen umfassende Sicherheitsma\u00dfnahmen und f\u00fchren ein zur\u00fcckgezogenes Leben. Dies gilt auch f\u00fcr eine Unternehmerfamilie, die ein Wirtschaftsmagazin jedoch [&hellip;]\" \/>\n<meta property=\"og:url\" content=\"https:\/\/www.hoecker.eu\/blog\/sicherheitsleistung-kann-klaeger-von-angabe-der-privatanschrift-befreien\/\" \/>\n<meta property=\"og:site_name\" content=\"H\u00d6CKER - der Blog\" \/>\n<meta property=\"article:publisher\" content=\"https:\/\/www.facebook.com\/HoeckerRAe\/\" \/>\n<meta property=\"article:author\" content=\"https:\/\/www.facebook.com\/ralf.hoecker\" \/>\n<meta property=\"article:published_time\" content=\"2021-10-25T16:55:00+00:00\" \/>\n<meta property=\"article:modified_time\" content=\"2025-02-17T13:54:20+00:00\" \/>\n<meta name=\"author\" content=\"Prof. Dr. Ralf H\u00f6cker\" \/>\n<meta name=\"twitter:card\" content=\"summary_large_image\" \/>\n<meta name=\"twitter:creator\" content=\"@Ralf_Hoecker\" \/>\n<meta name=\"twitter:site\" content=\"@hoecker_rae\" \/>\n<meta name=\"twitter:label1\" content=\"Verfasst von\" \/>\n\t<meta name=\"twitter:data1\" content=\"Prof. Dr. Ralf H\u00f6cker\" \/>\n\t<meta name=\"twitter:label2\" content=\"Gesch\u00e4tzte Lesezeit\" \/>\n\t<meta name=\"twitter:data2\" content=\"2\u00a0Minuten\" \/>\n<script type=\"application\/ld+json\" class=\"yoast-schema-graph\">{\"@context\":\"https:\/\/schema.org\",\"@graph\":[{\"@type\":\"Article\",\"@id\":\"https:\/\/www.hoecker.eu\/blog\/sicherheitsleistung-kann-klaeger-von-angabe-der-privatanschrift-befreien\/#article\",\"isPartOf\":{\"@id\":\"https:\/\/www.hoecker.eu\/blog\/sicherheitsleistung-kann-klaeger-von-angabe-der-privatanschrift-befreien\/\"},\"author\":{\"name\":\"Prof. Dr. Ralf H\u00f6cker\",\"@id\":\"https:\/\/www.hoecker.eu\/blog\/#\/schema\/person\/08f95581eed0534eccd0b2438f7a1cab\"},\"headline\":\"Sicherheitsleistung kann Kl\u00e4ger von Angabe der Privatanschrift befreien\",\"datePublished\":\"2021-10-25T16:55:00+00:00\",\"dateModified\":\"2025-02-17T13:54:20+00:00\",\"mainEntityOfPage\":{\"@id\":\"https:\/\/www.hoecker.eu\/blog\/sicherheitsleistung-kann-klaeger-von-angabe-der-privatanschrift-befreien\/\"},\"wordCount\":383,\"publisher\":{\"@id\":\"https:\/\/www.hoecker.eu\/blog\/#organization\"},\"articleSection\":[\"News\"],\"inLanguage\":\"de\"},{\"@type\":\"WebPage\",\"@id\":\"https:\/\/www.hoecker.eu\/blog\/sicherheitsleistung-kann-klaeger-von-angabe-der-privatanschrift-befreien\/\",\"url\":\"https:\/\/www.hoecker.eu\/blog\/sicherheitsleistung-kann-klaeger-von-angabe-der-privatanschrift-befreien\/\",\"name\":\"Sicherheitsleistung kann Kl\u00e4ger von Angabe der Privatanschrift befreien - H\u00d6CKER - der Blog\",\"isPartOf\":{\"@id\":\"https:\/\/www.hoecker.eu\/blog\/#website\"},\"datePublished\":\"2021-10-25T16:55:00+00:00\",\"dateModified\":\"2025-02-17T13:54:20+00:00\",\"breadcrumb\":{\"@id\":\"https:\/\/www.hoecker.eu\/blog\/sicherheitsleistung-kann-klaeger-von-angabe-der-privatanschrift-befreien\/#breadcrumb\"},\"inLanguage\":\"de\",\"potentialAction\":[{\"@type\":\"ReadAction\",\"target\":[\"https:\/\/www.hoecker.eu\/blog\/sicherheitsleistung-kann-klaeger-von-angabe-der-privatanschrift-befreien\/\"]}]},{\"@type\":\"BreadcrumbList\",\"@id\":\"https:\/\/www.hoecker.eu\/blog\/sicherheitsleistung-kann-klaeger-von-angabe-der-privatanschrift-befreien\/#breadcrumb\",\"itemListElement\":[{\"@type\":\"ListItem\",\"position\":1,\"name\":\"Startseite\",\"item\":\"https:\/\/dev.hoecker.eu\/blog\/\"},{\"@type\":\"ListItem\",\"position\":2,\"name\":\"Sicherheitsleistung kann Kl\u00e4ger von Angabe der Privatanschrift befreien\"}]},{\"@type\":\"WebSite\",\"@id\":\"https:\/\/www.hoecker.eu\/blog\/#website\",\"url\":\"https:\/\/www.hoecker.eu\/blog\/\",\"name\":\"H\u00d6CKER - der Blog\",\"description\":\"Expertenblog f\u00fcr \u00c4u\u00dferungs-, Medien-, Marken-, Urheber- und Wettbewerbsrecht.\",\"publisher\":{\"@id\":\"https:\/\/www.hoecker.eu\/blog\/#organization\"},\"potentialAction\":[{\"@type\":\"SearchAction\",\"target\":{\"@type\":\"EntryPoint\",\"urlTemplate\":\"https:\/\/www.hoecker.eu\/blog\/?s={search_term_string}\"},\"query-input\":{\"@type\":\"PropertyValueSpecification\",\"valueRequired\":true,\"valueName\":\"search_term_string\"}}],\"inLanguage\":\"de\"},{\"@type\":\"Organization\",\"@id\":\"https:\/\/www.hoecker.eu\/blog\/#organization\",\"name\":\"H\u00d6CKER Rechtsanw\u00e4lte PartGmbB\",\"alternateName\":\"H\u00d6CKER\",\"url\":\"https:\/\/www.hoecker.eu\/blog\/\",\"logo\":{\"@type\":\"ImageObject\",\"inLanguage\":\"de\",\"@id\":\"https:\/\/www.hoecker.eu\/blog\/#\/schema\/logo\/image\/\",\"url\":\"https:\/\/www.hoecker.eu\/blog\/wp-content\/uploads\/2025\/03\/Blog-Logo.webp\",\"contentUrl\":\"https:\/\/www.hoecker.eu\/blog\/wp-content\/uploads\/2025\/03\/Blog-Logo.webp\",\"width\":500,\"height\":500,\"caption\":\"H\u00d6CKER Rechtsanw\u00e4lte PartGmbB\"},\"image\":{\"@id\":\"https:\/\/www.hoecker.eu\/blog\/#\/schema\/logo\/image\/\"},\"sameAs\":[\"https:\/\/www.facebook.com\/HoeckerRAe\/\",\"https:\/\/x.com\/hoecker_rae\",\"https:\/\/www.linkedin.com\/company\/hcker-rechtsanwlte\/\",\"https:\/\/www.instagram.com\/hoecker_rae\/\"],\"email\":\"contact@hoecker.eu\",\"telephone\":\"+ 49 (0)221-933 19-10\",\"legalName\":\"H\u00d6CKER Rechtsanw\u00e4lte PartGmbB\",\"numberOfEmployees\":{\"@type\":\"QuantitativeValue\",\"minValue\":\"11\",\"maxValue\":\"50\"}},{\"@type\":\"Person\",\"@id\":\"https:\/\/www.hoecker.eu\/blog\/#\/schema\/person\/08f95581eed0534eccd0b2438f7a1cab\",\"name\":\"Prof. Dr. Ralf H\u00f6cker\",\"description\":\"Medienanwalt. Besch\u00fctzer vor mieser Presse\",\"sameAs\":[\"https:\/\/www.hoecker.eu\/wer\/prof-dr-ralf-hoecker\",\"https:\/\/www.facebook.com\/ralf.hoecker\",\"https:\/\/www.linkedin.com\/in\/prof-dr-ralf-hcker-ll-m-london-17987826\/\",\"https:\/\/x.com\/Ralf_Hoecker\"],\"url\":\"https:\/\/www.hoecker.eu\/blog\/author\/hoecker_adm\/\"}]}<\/script>\n<!-- \/ Yoast SEO Premium plugin. -->","yoast_head_json":{"title":"Sicherheitsleistung kann Kl\u00e4ger von Angabe der Privatanschrift befreien - H\u00d6CKER - der Blog","robots":{"index":"index","follow":"follow","max-snippet":"max-snippet:-1","max-image-preview":"max-image-preview:large","max-video-preview":"max-video-preview:-1"},"canonical":"https:\/\/www.hoecker.eu\/blog\/sicherheitsleistung-kann-klaeger-von-angabe-der-privatanschrift-befreien\/","og_locale":"de_DE","og_type":"article","og_title":"Sicherheitsleistung kann Kl\u00e4ger von Angabe der Privatanschrift befreien","og_description":"Verm\u00f6gende Personen sind vielf\u00e4ltigen Gefahren ausgesetzt: Von politisch motivierten Straftaten bis hin zu finanziell veranlassten Entf\u00fchrungen und L\u00f6segelderpressungen ist viel denkbar. Tragische Beispiele (Albrecht, Oetker, Reemtsma, Schlecker, W\u00fcrth) rufen dies immer wieder ins Bewusstsein. Viele \u201eSuperreiche\u201c ergreifen deswegen umfassende Sicherheitsma\u00dfnahmen und f\u00fchren ein zur\u00fcckgezogenes Leben. Dies gilt auch f\u00fcr eine Unternehmerfamilie, die ein Wirtschaftsmagazin jedoch [&hellip;]","og_url":"https:\/\/www.hoecker.eu\/blog\/sicherheitsleistung-kann-klaeger-von-angabe-der-privatanschrift-befreien\/","og_site_name":"H\u00d6CKER - der Blog","article_publisher":"https:\/\/www.facebook.com\/HoeckerRAe\/","article_author":"https:\/\/www.facebook.com\/ralf.hoecker","article_published_time":"2021-10-25T16:55:00+00:00","article_modified_time":"2025-02-17T13:54:20+00:00","author":"Prof. Dr. Ralf H\u00f6cker","twitter_card":"summary_large_image","twitter_creator":"@Ralf_Hoecker","twitter_site":"@hoecker_rae","twitter_misc":{"Verfasst von":"Prof. Dr. Ralf H\u00f6cker","Gesch\u00e4tzte Lesezeit":"2\u00a0Minuten"},"schema":{"@context":"https:\/\/schema.org","@graph":[{"@type":"Article","@id":"https:\/\/www.hoecker.eu\/blog\/sicherheitsleistung-kann-klaeger-von-angabe-der-privatanschrift-befreien\/#article","isPartOf":{"@id":"https:\/\/www.hoecker.eu\/blog\/sicherheitsleistung-kann-klaeger-von-angabe-der-privatanschrift-befreien\/"},"author":{"name":"Prof. Dr. Ralf H\u00f6cker","@id":"https:\/\/www.hoecker.eu\/blog\/#\/schema\/person\/08f95581eed0534eccd0b2438f7a1cab"},"headline":"Sicherheitsleistung kann Kl\u00e4ger von Angabe der Privatanschrift befreien","datePublished":"2021-10-25T16:55:00+00:00","dateModified":"2025-02-17T13:54:20+00:00","mainEntityOfPage":{"@id":"https:\/\/www.hoecker.eu\/blog\/sicherheitsleistung-kann-klaeger-von-angabe-der-privatanschrift-befreien\/"},"wordCount":383,"publisher":{"@id":"https:\/\/www.hoecker.eu\/blog\/#organization"},"articleSection":["News"],"inLanguage":"de"},{"@type":"WebPage","@id":"https:\/\/www.hoecker.eu\/blog\/sicherheitsleistung-kann-klaeger-von-angabe-der-privatanschrift-befreien\/","url":"https:\/\/www.hoecker.eu\/blog\/sicherheitsleistung-kann-klaeger-von-angabe-der-privatanschrift-befreien\/","name":"Sicherheitsleistung kann Kl\u00e4ger von Angabe der Privatanschrift befreien - H\u00d6CKER - der Blog","isPartOf":{"@id":"https:\/\/www.hoecker.eu\/blog\/#website"},"datePublished":"2021-10-25T16:55:00+00:00","dateModified":"2025-02-17T13:54:20+00:00","breadcrumb":{"@id":"https:\/\/www.hoecker.eu\/blog\/sicherheitsleistung-kann-klaeger-von-angabe-der-privatanschrift-befreien\/#breadcrumb"},"inLanguage":"de","potentialAction":[{"@type":"ReadAction","target":["https:\/\/www.hoecker.eu\/blog\/sicherheitsleistung-kann-klaeger-von-angabe-der-privatanschrift-befreien\/"]}]},{"@type":"BreadcrumbList","@id":"https:\/\/www.hoecker.eu\/blog\/sicherheitsleistung-kann-klaeger-von-angabe-der-privatanschrift-befreien\/#breadcrumb","itemListElement":[{"@type":"ListItem","position":1,"name":"Startseite","item":"https:\/\/dev.hoecker.eu\/blog\/"},{"@type":"ListItem","position":2,"name":"Sicherheitsleistung kann Kl\u00e4ger von Angabe der Privatanschrift befreien"}]},{"@type":"WebSite","@id":"https:\/\/www.hoecker.eu\/blog\/#website","url":"https:\/\/www.hoecker.eu\/blog\/","name":"H\u00d6CKER - der Blog","description":"Expertenblog f\u00fcr \u00c4u\u00dferungs-, Medien-, Marken-, Urheber- und Wettbewerbsrecht.","publisher":{"@id":"https:\/\/www.hoecker.eu\/blog\/#organization"},"potentialAction":[{"@type":"SearchAction","target":{"@type":"EntryPoint","urlTemplate":"https:\/\/www.hoecker.eu\/blog\/?s={search_term_string}"},"query-input":{"@type":"PropertyValueSpecification","valueRequired":true,"valueName":"search_term_string"}}],"inLanguage":"de"},{"@type":"Organization","@id":"https:\/\/www.hoecker.eu\/blog\/#organization","name":"H\u00d6CKER Rechtsanw\u00e4lte PartGmbB","alternateName":"H\u00d6CKER","url":"https:\/\/www.hoecker.eu\/blog\/","logo":{"@type":"ImageObject","inLanguage":"de","@id":"https:\/\/www.hoecker.eu\/blog\/#\/schema\/logo\/image\/","url":"https:\/\/www.hoecker.eu\/blog\/wp-content\/uploads\/2025\/03\/Blog-Logo.webp","contentUrl":"https:\/\/www.hoecker.eu\/blog\/wp-content\/uploads\/2025\/03\/Blog-Logo.webp","width":500,"height":500,"caption":"H\u00d6CKER Rechtsanw\u00e4lte PartGmbB"},"image":{"@id":"https:\/\/www.hoecker.eu\/blog\/#\/schema\/logo\/image\/"},"sameAs":["https:\/\/www.facebook.com\/HoeckerRAe\/","https:\/\/x.com\/hoecker_rae","https:\/\/www.linkedin.com\/company\/hcker-rechtsanwlte\/","https:\/\/www.instagram.com\/hoecker_rae\/"],"email":"contact@hoecker.eu","telephone":"+ 49 (0)221-933 19-10","legalName":"H\u00d6CKER Rechtsanw\u00e4lte PartGmbB","numberOfEmployees":{"@type":"QuantitativeValue","minValue":"11","maxValue":"50"}},{"@type":"Person","@id":"https:\/\/www.hoecker.eu\/blog\/#\/schema\/person\/08f95581eed0534eccd0b2438f7a1cab","name":"Prof. Dr. Ralf H\u00f6cker","description":"Medienanwalt. Besch\u00fctzer vor mieser Presse","sameAs":["https:\/\/www.hoecker.eu\/wer\/prof-dr-ralf-hoecker","https:\/\/www.facebook.com\/ralf.hoecker","https:\/\/www.linkedin.com\/in\/prof-dr-ralf-hcker-ll-m-london-17987826\/","https:\/\/x.com\/Ralf_Hoecker"],"url":"https:\/\/www.hoecker.eu\/blog\/author\/hoecker_adm\/"}]}},"authors":[{"term_id":84,"user_id":1,"is_guest":0,"slug":"hoecker_adm","display_name":"Prof. Dr. Ralf H\u00f6cker","avatar_url":{"url":"https:\/\/www.hoecker.eu\/blog\/wp-content\/uploads\/2023\/12\/ProfDrRalfHoecker.jpg","url2x":"https:\/\/www.hoecker.eu\/blog\/wp-content\/uploads\/2023\/12\/ProfDrRalfHoecker.jpg"},"0":null,"1":"","2":"","3":"","4":"","5":"","6":"","7":"","8":"","9":"","10":"","11":""}],"_links":{"self":[{"href":"https:\/\/www.hoecker.eu\/blog\/wp-json\/wp\/v2\/posts\/8228","targetHints":{"allow":["GET"]}}],"collection":[{"href":"https:\/\/www.hoecker.eu\/blog\/wp-json\/wp\/v2\/posts"}],"about":[{"href":"https:\/\/www.hoecker.eu\/blog\/wp-json\/wp\/v2\/types\/post"}],"author":[{"embeddable":true,"href":"https:\/\/www.hoecker.eu\/blog\/wp-json\/wp\/v2\/users\/1"}],"replies":[{"embeddable":true,"href":"https:\/\/www.hoecker.eu\/blog\/wp-json\/wp\/v2\/comments?post=8228"}],"version-history":[{"count":1,"href":"https:\/\/www.hoecker.eu\/blog\/wp-json\/wp\/v2\/posts\/8228\/revisions"}],"predecessor-version":[{"id":9350,"href":"https:\/\/www.hoecker.eu\/blog\/wp-json\/wp\/v2\/posts\/8228\/revisions\/9350"}],"wp:attachment":[{"href":"https:\/\/www.hoecker.eu\/blog\/wp-json\/wp\/v2\/media?parent=8228"}],"wp:term":[{"taxonomy":"category","embeddable":true,"href":"https:\/\/www.hoecker.eu\/blog\/wp-json\/wp\/v2\/categories?post=8228"},{"taxonomy":"post_tag","embeddable":true,"href":"https:\/\/www.hoecker.eu\/blog\/wp-json\/wp\/v2\/tags?post=8228"},{"taxonomy":"hashtags","embeddable":true,"href":"https:\/\/www.hoecker.eu\/blog\/wp-json\/wp\/v2\/hashtags?post=8228"},{"taxonomy":"author","embeddable":true,"href":"https:\/\/www.hoecker.eu\/blog\/wp-json\/wp\/v2\/ppma_author?post=8228"}],"curies":[{"name":"wp","href":"https:\/\/api.w.org\/{rel}","templated":true}]}}