{"id":8227,"date":"2021-10-27T11:41:00","date_gmt":"2021-10-27T09:41:00","guid":{"rendered":"https:\/\/www.hoecker.eu\/blog\/wie-wir-mit-journalisten-deals-boese-presseberichterstattung-verhindern-interview-mit-dr-carsten-brennecke-im-journalist\/"},"modified":"2025-02-17T14:54:19","modified_gmt":"2025-02-17T13:54:19","slug":"wie-wir-mit-journalisten-deals-boese-presseberichterstattung-verhindern-interview-mit-dr-carsten-brennecke-im-journalist","status":"publish","type":"post","link":"https:\/\/www.hoecker.eu\/blog\/wie-wir-mit-journalisten-deals-boese-presseberichterstattung-verhindern-interview-mit-dr-carsten-brennecke-im-journalist\/","title":{"rendered":"Wie wir mit Journalisten-Deals b\u00f6se Presseberichterstattung verhindern \u2013 Interview mit Dr. Carsten Brennecke im &#8220;journalist&#8221;"},"content":{"rendered":"<p>Dr. Carsten Brennecke \u00e4u\u00dfert sich in einem Interview mit dem &#8220;journalist&#8221; zur pr\u00e4ventiven Pressearbeit der Kanzlei H\u00d6CKER nach der \u201eK\u00f6lner Schule\u201c. Er erl\u00e4utert, wie wir es schaffen, Mandanten aus der Presseberichterstattung heraus zu halten, indem wir die Presse gezielt mit Hintergrundinformationen versorgen und im Gegenzug \u00fcber Verschwiegenheitsvereinbarungen eine Anonymit\u00e4t der Mandanten in der Berichterstattung sichern.<\/p>\n<p>Link zum Interview: <a href=\"https:\/\/www.journalist.de\/startseite\/detail\/article\/fuer-beide-seiten-nuetzlich\" target=\"_blank\" rel=\"noreferrer noopener\">https:\/\/www.journalist.de\/startseite\/detail\/article\/fuer-beide-seiten-nuetzlich<\/a><\/p>\n","protected":false},"excerpt":{"rendered":"<p>Dr. Carsten Brennecke \u00e4u\u00dfert sich in einem Interview mit dem &#8220;journalist&#8221; zur pr\u00e4ventiven Pressearbeit der Kanzlei H\u00d6CKER nach der \u201eK\u00f6lner Schule\u201c. Er erl\u00e4utert, wie wir es schaffen, Mandanten aus der Presseberichterstattung heraus zu halten, indem wir die Presse gezielt mit Hintergrundinformationen versorgen und im Gegenzug \u00fcber Verschwiegenheitsvereinbarungen eine Anonymit\u00e4t der Mandanten in der Berichterstattung sichern. [&hellip;]<\/p>\n","protected":false},"author":1,"featured_media":0,"comment_status":"closed","ping_status":"closed","sticky":false,"template":"","format":"standard","meta":{"_has_post_settings":[],"footnotes":""},"categories":[15],"tags":[],"hashtags":[],"ppma_author":[84],"class_list":["post-8227","post","type-post","status-publish","format-standard","hentry","category-news","author-hoecker_adm"],"yoast_head":"<!-- This site is optimized with the Yoast SEO Premium plugin v25.9 (Yoast SEO v27.0) - https:\/\/yoast.com\/product\/yoast-seo-premium-wordpress\/ -->\n<title>Wie wir mit Journalisten-Deals b\u00f6se Presseberichterstattung verhindern \u2013 Interview mit Dr. Carsten Brennecke im &quot;journalist&quot; - H\u00d6CKER - der Blog<\/title>\n<meta name=\"robots\" content=\"index, follow, max-snippet:-1, max-image-preview:large, max-video-preview:-1\" \/>\n<link rel=\"canonical\" href=\"https:\/\/www.hoecker.eu\/blog\/wie-wir-mit-journalisten-deals-boese-presseberichterstattung-verhindern-interview-mit-dr-carsten-brennecke-im-journalist\/\" \/>\n<meta property=\"og:locale\" content=\"de_DE\" \/>\n<meta property=\"og:type\" content=\"article\" \/>\n<meta property=\"og:title\" content=\"Wie wir mit Journalisten-Deals b\u00f6se Presseberichterstattung verhindern \u2013 Interview mit Dr. Carsten Brennecke im &quot;journalist&quot;\" \/>\n<meta property=\"og:description\" content=\"Dr. Carsten Brennecke \u00e4u\u00dfert sich in einem Interview mit dem &#8220;journalist&#8221; zur pr\u00e4ventiven Pressearbeit der Kanzlei H\u00d6CKER nach der \u201eK\u00f6lner Schule\u201c. Er erl\u00e4utert, wie wir es schaffen, Mandanten aus der Presseberichterstattung heraus zu halten, indem wir die Presse gezielt mit Hintergrundinformationen versorgen und im Gegenzug \u00fcber Verschwiegenheitsvereinbarungen eine Anonymit\u00e4t der Mandanten in der Berichterstattung sichern. [&hellip;]\" \/>\n<meta property=\"og:url\" content=\"https:\/\/www.hoecker.eu\/blog\/wie-wir-mit-journalisten-deals-boese-presseberichterstattung-verhindern-interview-mit-dr-carsten-brennecke-im-journalist\/\" \/>\n<meta property=\"og:site_name\" content=\"H\u00d6CKER - der Blog\" \/>\n<meta property=\"article:publisher\" content=\"https:\/\/www.facebook.com\/HoeckerRAe\/\" \/>\n<meta property=\"article:author\" content=\"https:\/\/www.facebook.com\/ralf.hoecker\" \/>\n<meta property=\"article:published_time\" content=\"2021-10-27T09:41:00+00:00\" \/>\n<meta property=\"article:modified_time\" content=\"2025-02-17T13:54:19+00:00\" \/>\n<meta name=\"author\" content=\"Prof. Dr. Ralf H\u00f6cker\" \/>\n<meta name=\"twitter:card\" content=\"summary_large_image\" \/>\n<meta name=\"twitter:creator\" content=\"@Ralf_Hoecker\" \/>\n<meta name=\"twitter:site\" content=\"@hoecker_rae\" \/>\n<meta name=\"twitter:label1\" content=\"Verfasst von\" \/>\n\t<meta name=\"twitter:data1\" content=\"Prof. Dr. Ralf H\u00f6cker\" \/>\n<script type=\"application\/ld+json\" class=\"yoast-schema-graph\">{\"@context\":\"https:\/\/schema.org\",\"@graph\":[{\"@type\":\"Article\",\"@id\":\"https:\/\/www.hoecker.eu\/blog\/wie-wir-mit-journalisten-deals-boese-presseberichterstattung-verhindern-interview-mit-dr-carsten-brennecke-im-journalist\/#article\",\"isPartOf\":{\"@id\":\"https:\/\/www.hoecker.eu\/blog\/wie-wir-mit-journalisten-deals-boese-presseberichterstattung-verhindern-interview-mit-dr-carsten-brennecke-im-journalist\/\"},\"author\":{\"name\":\"Prof. Dr. Ralf H\u00f6cker\",\"@id\":\"https:\/\/www.hoecker.eu\/blog\/#\/schema\/person\/08f95581eed0534eccd0b2438f7a1cab\"},\"headline\":\"Wie wir mit Journalisten-Deals b\u00f6se Presseberichterstattung verhindern \u2013 Interview mit Dr. Carsten Brennecke im &#8220;journalist&#8221;\",\"datePublished\":\"2021-10-27T09:41:00+00:00\",\"dateModified\":\"2025-02-17T13:54:19+00:00\",\"mainEntityOfPage\":{\"@id\":\"https:\/\/www.hoecker.eu\/blog\/wie-wir-mit-journalisten-deals-boese-presseberichterstattung-verhindern-interview-mit-dr-carsten-brennecke-im-journalist\/\"},\"wordCount\":87,\"publisher\":{\"@id\":\"https:\/\/www.hoecker.eu\/blog\/#organization\"},\"articleSection\":[\"News\"],\"inLanguage\":\"de\"},{\"@type\":\"WebPage\",\"@id\":\"https:\/\/www.hoecker.eu\/blog\/wie-wir-mit-journalisten-deals-boese-presseberichterstattung-verhindern-interview-mit-dr-carsten-brennecke-im-journalist\/\",\"url\":\"https:\/\/www.hoecker.eu\/blog\/wie-wir-mit-journalisten-deals-boese-presseberichterstattung-verhindern-interview-mit-dr-carsten-brennecke-im-journalist\/\",\"name\":\"Wie wir mit Journalisten-Deals b\u00f6se Presseberichterstattung verhindern \u2013 Interview mit Dr. Carsten Brennecke im \\\"journalist\\\" - H\u00d6CKER - der Blog\",\"isPartOf\":{\"@id\":\"https:\/\/www.hoecker.eu\/blog\/#website\"},\"datePublished\":\"2021-10-27T09:41:00+00:00\",\"dateModified\":\"2025-02-17T13:54:19+00:00\",\"breadcrumb\":{\"@id\":\"https:\/\/www.hoecker.eu\/blog\/wie-wir-mit-journalisten-deals-boese-presseberichterstattung-verhindern-interview-mit-dr-carsten-brennecke-im-journalist\/#breadcrumb\"},\"inLanguage\":\"de\",\"potentialAction\":[{\"@type\":\"ReadAction\",\"target\":[\"https:\/\/www.hoecker.eu\/blog\/wie-wir-mit-journalisten-deals-boese-presseberichterstattung-verhindern-interview-mit-dr-carsten-brennecke-im-journalist\/\"]}]},{\"@type\":\"BreadcrumbList\",\"@id\":\"https:\/\/www.hoecker.eu\/blog\/wie-wir-mit-journalisten-deals-boese-presseberichterstattung-verhindern-interview-mit-dr-carsten-brennecke-im-journalist\/#breadcrumb\",\"itemListElement\":[{\"@type\":\"ListItem\",\"position\":1,\"name\":\"Startseite\",\"item\":\"https:\/\/dev.hoecker.eu\/blog\/\"},{\"@type\":\"ListItem\",\"position\":2,\"name\":\"Wie wir mit Journalisten-Deals b\u00f6se Presseberichterstattung verhindern \u2013 Interview mit Dr. Carsten Brennecke im &#8220;journalist&#8221;\"}]},{\"@type\":\"WebSite\",\"@id\":\"https:\/\/www.hoecker.eu\/blog\/#website\",\"url\":\"https:\/\/www.hoecker.eu\/blog\/\",\"name\":\"H\u00d6CKER - der Blog\",\"description\":\"Expertenblog f\u00fcr \u00c4u\u00dferungs-, Medien-, Marken-, Urheber- und Wettbewerbsrecht.\",\"publisher\":{\"@id\":\"https:\/\/www.hoecker.eu\/blog\/#organization\"},\"potentialAction\":[{\"@type\":\"SearchAction\",\"target\":{\"@type\":\"EntryPoint\",\"urlTemplate\":\"https:\/\/www.hoecker.eu\/blog\/?s={search_term_string}\"},\"query-input\":{\"@type\":\"PropertyValueSpecification\",\"valueRequired\":true,\"valueName\":\"search_term_string\"}}],\"inLanguage\":\"de\"},{\"@type\":\"Organization\",\"@id\":\"https:\/\/www.hoecker.eu\/blog\/#organization\",\"name\":\"H\u00d6CKER Rechtsanw\u00e4lte PartGmbB\",\"alternateName\":\"H\u00d6CKER\",\"url\":\"https:\/\/www.hoecker.eu\/blog\/\",\"logo\":{\"@type\":\"ImageObject\",\"inLanguage\":\"de\",\"@id\":\"https:\/\/www.hoecker.eu\/blog\/#\/schema\/logo\/image\/\",\"url\":\"https:\/\/www.hoecker.eu\/blog\/wp-content\/uploads\/2025\/03\/Blog-Logo.webp\",\"contentUrl\":\"https:\/\/www.hoecker.eu\/blog\/wp-content\/uploads\/2025\/03\/Blog-Logo.webp\",\"width\":500,\"height\":500,\"caption\":\"H\u00d6CKER Rechtsanw\u00e4lte PartGmbB\"},\"image\":{\"@id\":\"https:\/\/www.hoecker.eu\/blog\/#\/schema\/logo\/image\/\"},\"sameAs\":[\"https:\/\/www.facebook.com\/HoeckerRAe\/\",\"https:\/\/x.com\/hoecker_rae\",\"https:\/\/www.linkedin.com\/company\/hcker-rechtsanwlte\/\",\"https:\/\/www.instagram.com\/hoecker_rae\/\"],\"email\":\"contact@hoecker.eu\",\"telephone\":\"+ 49 (0)221-933 19-10\",\"legalName\":\"H\u00d6CKER Rechtsanw\u00e4lte PartGmbB\",\"numberOfEmployees\":{\"@type\":\"QuantitativeValue\",\"minValue\":\"11\",\"maxValue\":\"50\"}},{\"@type\":\"Person\",\"@id\":\"https:\/\/www.hoecker.eu\/blog\/#\/schema\/person\/08f95581eed0534eccd0b2438f7a1cab\",\"name\":\"Prof. Dr. Ralf H\u00f6cker\",\"description\":\"Medienanwalt. Besch\u00fctzer vor mieser Presse\",\"sameAs\":[\"https:\/\/www.hoecker.eu\/wer\/prof-dr-ralf-hoecker\",\"https:\/\/www.facebook.com\/ralf.hoecker\",\"https:\/\/www.linkedin.com\/in\/prof-dr-ralf-hcker-ll-m-london-17987826\/\",\"https:\/\/x.com\/Ralf_Hoecker\"],\"url\":\"https:\/\/www.hoecker.eu\/blog\/author\/hoecker_adm\/\"}]}<\/script>\n<!-- \/ Yoast SEO Premium plugin. -->","yoast_head_json":{"title":"Wie wir mit Journalisten-Deals b\u00f6se Presseberichterstattung verhindern \u2013 Interview mit Dr. Carsten Brennecke im \"journalist\" - H\u00d6CKER - der Blog","robots":{"index":"index","follow":"follow","max-snippet":"max-snippet:-1","max-image-preview":"max-image-preview:large","max-video-preview":"max-video-preview:-1"},"canonical":"https:\/\/www.hoecker.eu\/blog\/wie-wir-mit-journalisten-deals-boese-presseberichterstattung-verhindern-interview-mit-dr-carsten-brennecke-im-journalist\/","og_locale":"de_DE","og_type":"article","og_title":"Wie wir mit Journalisten-Deals b\u00f6se Presseberichterstattung verhindern \u2013 Interview mit Dr. Carsten Brennecke im \"journalist\"","og_description":"Dr. Carsten Brennecke \u00e4u\u00dfert sich in einem Interview mit dem &#8220;journalist&#8221; zur pr\u00e4ventiven Pressearbeit der Kanzlei H\u00d6CKER nach der \u201eK\u00f6lner Schule\u201c. Er erl\u00e4utert, wie wir es schaffen, Mandanten aus der Presseberichterstattung heraus zu halten, indem wir die Presse gezielt mit Hintergrundinformationen versorgen und im Gegenzug \u00fcber Verschwiegenheitsvereinbarungen eine Anonymit\u00e4t der Mandanten in der Berichterstattung sichern. [&hellip;]","og_url":"https:\/\/www.hoecker.eu\/blog\/wie-wir-mit-journalisten-deals-boese-presseberichterstattung-verhindern-interview-mit-dr-carsten-brennecke-im-journalist\/","og_site_name":"H\u00d6CKER - der Blog","article_publisher":"https:\/\/www.facebook.com\/HoeckerRAe\/","article_author":"https:\/\/www.facebook.com\/ralf.hoecker","article_published_time":"2021-10-27T09:41:00+00:00","article_modified_time":"2025-02-17T13:54:19+00:00","author":"Prof. Dr. Ralf H\u00f6cker","twitter_card":"summary_large_image","twitter_creator":"@Ralf_Hoecker","twitter_site":"@hoecker_rae","twitter_misc":{"Verfasst von":"Prof. Dr. Ralf H\u00f6cker"},"schema":{"@context":"https:\/\/schema.org","@graph":[{"@type":"Article","@id":"https:\/\/www.hoecker.eu\/blog\/wie-wir-mit-journalisten-deals-boese-presseberichterstattung-verhindern-interview-mit-dr-carsten-brennecke-im-journalist\/#article","isPartOf":{"@id":"https:\/\/www.hoecker.eu\/blog\/wie-wir-mit-journalisten-deals-boese-presseberichterstattung-verhindern-interview-mit-dr-carsten-brennecke-im-journalist\/"},"author":{"name":"Prof. Dr. Ralf H\u00f6cker","@id":"https:\/\/www.hoecker.eu\/blog\/#\/schema\/person\/08f95581eed0534eccd0b2438f7a1cab"},"headline":"Wie wir mit Journalisten-Deals b\u00f6se Presseberichterstattung verhindern \u2013 Interview mit Dr. Carsten Brennecke im &#8220;journalist&#8221;","datePublished":"2021-10-27T09:41:00+00:00","dateModified":"2025-02-17T13:54:19+00:00","mainEntityOfPage":{"@id":"https:\/\/www.hoecker.eu\/blog\/wie-wir-mit-journalisten-deals-boese-presseberichterstattung-verhindern-interview-mit-dr-carsten-brennecke-im-journalist\/"},"wordCount":87,"publisher":{"@id":"https:\/\/www.hoecker.eu\/blog\/#organization"},"articleSection":["News"],"inLanguage":"de"},{"@type":"WebPage","@id":"https:\/\/www.hoecker.eu\/blog\/wie-wir-mit-journalisten-deals-boese-presseberichterstattung-verhindern-interview-mit-dr-carsten-brennecke-im-journalist\/","url":"https:\/\/www.hoecker.eu\/blog\/wie-wir-mit-journalisten-deals-boese-presseberichterstattung-verhindern-interview-mit-dr-carsten-brennecke-im-journalist\/","name":"Wie wir mit Journalisten-Deals b\u00f6se Presseberichterstattung verhindern \u2013 Interview mit Dr. Carsten Brennecke im \"journalist\" - H\u00d6CKER - der Blog","isPartOf":{"@id":"https:\/\/www.hoecker.eu\/blog\/#website"},"datePublished":"2021-10-27T09:41:00+00:00","dateModified":"2025-02-17T13:54:19+00:00","breadcrumb":{"@id":"https:\/\/www.hoecker.eu\/blog\/wie-wir-mit-journalisten-deals-boese-presseberichterstattung-verhindern-interview-mit-dr-carsten-brennecke-im-journalist\/#breadcrumb"},"inLanguage":"de","potentialAction":[{"@type":"ReadAction","target":["https:\/\/www.hoecker.eu\/blog\/wie-wir-mit-journalisten-deals-boese-presseberichterstattung-verhindern-interview-mit-dr-carsten-brennecke-im-journalist\/"]}]},{"@type":"BreadcrumbList","@id":"https:\/\/www.hoecker.eu\/blog\/wie-wir-mit-journalisten-deals-boese-presseberichterstattung-verhindern-interview-mit-dr-carsten-brennecke-im-journalist\/#breadcrumb","itemListElement":[{"@type":"ListItem","position":1,"name":"Startseite","item":"https:\/\/dev.hoecker.eu\/blog\/"},{"@type":"ListItem","position":2,"name":"Wie wir mit Journalisten-Deals b\u00f6se Presseberichterstattung verhindern \u2013 Interview mit Dr. Carsten Brennecke im &#8220;journalist&#8221;"}]},{"@type":"WebSite","@id":"https:\/\/www.hoecker.eu\/blog\/#website","url":"https:\/\/www.hoecker.eu\/blog\/","name":"H\u00d6CKER - der Blog","description":"Expertenblog f\u00fcr \u00c4u\u00dferungs-, Medien-, Marken-, Urheber- und Wettbewerbsrecht.","publisher":{"@id":"https:\/\/www.hoecker.eu\/blog\/#organization"},"potentialAction":[{"@type":"SearchAction","target":{"@type":"EntryPoint","urlTemplate":"https:\/\/www.hoecker.eu\/blog\/?s={search_term_string}"},"query-input":{"@type":"PropertyValueSpecification","valueRequired":true,"valueName":"search_term_string"}}],"inLanguage":"de"},{"@type":"Organization","@id":"https:\/\/www.hoecker.eu\/blog\/#organization","name":"H\u00d6CKER Rechtsanw\u00e4lte PartGmbB","alternateName":"H\u00d6CKER","url":"https:\/\/www.hoecker.eu\/blog\/","logo":{"@type":"ImageObject","inLanguage":"de","@id":"https:\/\/www.hoecker.eu\/blog\/#\/schema\/logo\/image\/","url":"https:\/\/www.hoecker.eu\/blog\/wp-content\/uploads\/2025\/03\/Blog-Logo.webp","contentUrl":"https:\/\/www.hoecker.eu\/blog\/wp-content\/uploads\/2025\/03\/Blog-Logo.webp","width":500,"height":500,"caption":"H\u00d6CKER Rechtsanw\u00e4lte PartGmbB"},"image":{"@id":"https:\/\/www.hoecker.eu\/blog\/#\/schema\/logo\/image\/"},"sameAs":["https:\/\/www.facebook.com\/HoeckerRAe\/","https:\/\/x.com\/hoecker_rae","https:\/\/www.linkedin.com\/company\/hcker-rechtsanwlte\/","https:\/\/www.instagram.com\/hoecker_rae\/"],"email":"contact@hoecker.eu","telephone":"+ 49 (0)221-933 19-10","legalName":"H\u00d6CKER Rechtsanw\u00e4lte PartGmbB","numberOfEmployees":{"@type":"QuantitativeValue","minValue":"11","maxValue":"50"}},{"@type":"Person","@id":"https:\/\/www.hoecker.eu\/blog\/#\/schema\/person\/08f95581eed0534eccd0b2438f7a1cab","name":"Prof. Dr. Ralf H\u00f6cker","description":"Medienanwalt. Besch\u00fctzer vor mieser Presse","sameAs":["https:\/\/www.hoecker.eu\/wer\/prof-dr-ralf-hoecker","https:\/\/www.facebook.com\/ralf.hoecker","https:\/\/www.linkedin.com\/in\/prof-dr-ralf-hcker-ll-m-london-17987826\/","https:\/\/x.com\/Ralf_Hoecker"],"url":"https:\/\/www.hoecker.eu\/blog\/author\/hoecker_adm\/"}]}},"authors":[{"term_id":84,"user_id":1,"is_guest":0,"slug":"hoecker_adm","display_name":"Prof. Dr. Ralf H\u00f6cker","avatar_url":{"url":"https:\/\/www.hoecker.eu\/blog\/wp-content\/uploads\/2023\/12\/ProfDrRalfHoecker.jpg","url2x":"https:\/\/www.hoecker.eu\/blog\/wp-content\/uploads\/2023\/12\/ProfDrRalfHoecker.jpg"},"0":null,"1":"","2":"","3":"","4":"","5":"","6":"","7":"","8":"","9":"","10":"","11":""}],"_links":{"self":[{"href":"https:\/\/www.hoecker.eu\/blog\/wp-json\/wp\/v2\/posts\/8227","targetHints":{"allow":["GET"]}}],"collection":[{"href":"https:\/\/www.hoecker.eu\/blog\/wp-json\/wp\/v2\/posts"}],"about":[{"href":"https:\/\/www.hoecker.eu\/blog\/wp-json\/wp\/v2\/types\/post"}],"author":[{"embeddable":true,"href":"https:\/\/www.hoecker.eu\/blog\/wp-json\/wp\/v2\/users\/1"}],"replies":[{"embeddable":true,"href":"https:\/\/www.hoecker.eu\/blog\/wp-json\/wp\/v2\/comments?post=8227"}],"version-history":[{"count":1,"href":"https:\/\/www.hoecker.eu\/blog\/wp-json\/wp\/v2\/posts\/8227\/revisions"}],"predecessor-version":[{"id":9349,"href":"https:\/\/www.hoecker.eu\/blog\/wp-json\/wp\/v2\/posts\/8227\/revisions\/9349"}],"wp:attachment":[{"href":"https:\/\/www.hoecker.eu\/blog\/wp-json\/wp\/v2\/media?parent=8227"}],"wp:term":[{"taxonomy":"category","embeddable":true,"href":"https:\/\/www.hoecker.eu\/blog\/wp-json\/wp\/v2\/categories?post=8227"},{"taxonomy":"post_tag","embeddable":true,"href":"https:\/\/www.hoecker.eu\/blog\/wp-json\/wp\/v2\/tags?post=8227"},{"taxonomy":"hashtags","embeddable":true,"href":"https:\/\/www.hoecker.eu\/blog\/wp-json\/wp\/v2\/hashtags?post=8227"},{"taxonomy":"author","embeddable":true,"href":"https:\/\/www.hoecker.eu\/blog\/wp-json\/wp\/v2\/ppma_author?post=8227"}],"curies":[{"name":"wp","href":"https:\/\/api.w.org\/{rel}","templated":true}]}}