{"id":8224,"date":"2022-03-01T11:05:00","date_gmt":"2022-03-01T10:05:00","guid":{"rendered":"https:\/\/www.hoecker.eu\/blog\/landgericht-koeln-linkedin-muss-deutsches-recht-beachten-und-falschbehauptungen-von-nutzern-loeschen-einstweilige-verfuegung-gegen-linkedin-fuer-deutschen-manager\/"},"modified":"2025-02-17T14:54:17","modified_gmt":"2025-02-17T13:54:17","slug":"landgericht-koeln-linkedin-muss-deutsches-recht-beachten-und-falschbehauptungen-von-nutzern-loeschen-einstweilige-verfuegung-gegen-linkedin-fuer-deutschen-manager","status":"publish","type":"post","link":"https:\/\/www.hoecker.eu\/blog\/landgericht-koeln-linkedin-muss-deutsches-recht-beachten-und-falschbehauptungen-von-nutzern-loeschen-einstweilige-verfuegung-gegen-linkedin-fuer-deutschen-manager\/","title":{"rendered":"Landgericht K\u00f6ln: LinkedIn muss deutsches Recht beachten und Falschbehauptungen von Nutzern l\u00f6schen \u2013 einstweilige Verf\u00fcgung gegen LinkedIn f\u00fcr deutschen Manager"},"content":{"rendered":"<p>Auch das US-Netzwerk LinkedIn muss nun lernen, dass es bei einem deutschsprachigen Angebot deutsches Recht anzuwenden und rechtswidrige Beitr\u00e4ge zu l\u00f6schen hat!<\/p>\n<p>Ein deutscher Manager wurde auf LinkedIn f\u00e4lschlich beschuldigt, seine Ex-Freundin verpr\u00fcgelt zu haben. Zudem wurde verschwiegen, dass das entsprechende Strafverfahren noch gar nicht abgeschlossen ist. Schon die Namensnennung des Managers in dem LinkedIn Beitrag war aufgrund der Prangerwirkung unzul\u00e4ssig.<\/p>\n<p>Wir haben LinkedIn zum L\u00f6schen der Beitr\u00e4ge aufgefordert. Daraufhin meldete sich die Plattform mit einer Reaktion in Form eines offensichtlichen Textbausteins ohne jeden konkreten Bezug zum Fall. LinkedIn weigerte sich, die Sache zu \u00fcberpr\u00fcfen, da man Beitr\u00e4ge der Mitglieder grunds\u00e4tzlich nicht kontrolliere. LinkedIn vertrat die steile These, man sei f\u00fcr Inhalte seiner Nutzer selbst dann nicht verantwortlich, wenn es sich dabei angeblich um eine Verleumdung handelt. Wenig hilfreich schlug LinkedIn vor, man m\u00f6ge sich doch direkt mit den Personen auseinandersetzen, die die Inhalte ver\u00f6ffentlicht haben. Man k\u00f6nne diese ja verklagen.<\/p>\n<p>Entweder ist LinkedIn die deutsche Rechtsprechung nicht bekannt oder aber man ignoriert sie dort bewusst: Nach der Rechtsprechung des Bundesgerichtshofs sind Betreiber sozialer Netzwerke \u2013 und damit auch LinkedIn \u2013 im Falle einer Beanstandung eines rechtwidrigen Beitrags auf ihrer Plattform verpflichtet, ein Pr\u00fcfungsverfahren einzuleiten. Der Betreiber des Netzwerkes hat den Verfasser mit der Beanstandung des Beitrags zu konfrontieren. Reagiert der Verfasser nicht oder entkr\u00e4ftet er die Vorw\u00fcrfe nicht, dann ist der beanstandete Beitrag bei einer erkennbaren Rechtsverletzung zu l\u00f6schen. LinkedIn ignoriert diese Pflichten.<\/p>\n<p>Der Manager ist mit H\u00d6CKER daher gegen LinkedIn erfolgreich vorgegangen: Das Landgericht K\u00f6ln hat LinkedIn die Verbreitung der Berichterstattungen \u00fcber die angebliche Gewalttat mit einstweiliger Verf\u00fcgung vom 16.11.2021, Az. 28 O 372\/21, verboten (nicht rechtskr\u00e4ftig).<\/p>\n<p>Das Gericht best\u00e4tigt in seiner Entscheidung, dass LinkedIn an die deutschen Pr\u00fcfungspflichten gebunden ist und eine Reaktion mit Textbausteinen nicht ausreichend ist.<\/p>\n<p>Dr. Carsten Brennecke: \u201eLinkedIn ignoriert deutsches Recht. Das ist arrogant, aber nicht untypisch f\u00fcr US-Plattformen, die schlicht keine Lust haben, sich mit den Rechtsordnungen all der L\u00e4nder auseinanderzusetzen, in denen sie t\u00e4tig sind. Das m\u00fcssen sie aber. Jedenfalls in Deutschland. Dies hat das Landgericht K\u00f6ln nun best\u00e4tigt.\u201c<\/p>\n","protected":false},"excerpt":{"rendered":"<p>Auch das US-Netzwerk LinkedIn muss nun lernen, dass es bei einem deutschsprachigen Angebot deutsches Recht anzuwenden und rechtswidrige Beitr\u00e4ge zu l\u00f6schen hat! Ein deutscher Manager wurde auf LinkedIn f\u00e4lschlich beschuldigt, seine Ex-Freundin verpr\u00fcgelt zu haben. Zudem wurde verschwiegen, dass das entsprechende Strafverfahren noch gar nicht abgeschlossen ist. Schon die Namensnennung des Managers in dem LinkedIn [&hellip;]<\/p>\n","protected":false},"author":1,"featured_media":0,"comment_status":"closed","ping_status":"closed","sticky":false,"template":"","format":"standard","meta":{"_has_post_settings":[],"footnotes":""},"categories":[15],"tags":[],"hashtags":[],"ppma_author":[84],"class_list":["post-8224","post","type-post","status-publish","format-standard","hentry","category-news","author-hoecker_adm"],"yoast_head":"<!-- This site is optimized with the Yoast SEO Premium plugin v25.9 (Yoast SEO v27.0) - https:\/\/yoast.com\/product\/yoast-seo-premium-wordpress\/ -->\n<title>Landgericht K\u00f6ln: LinkedIn muss deutsches Recht beachten und Falschbehauptungen von Nutzern l\u00f6schen \u2013 einstweilige Verf\u00fcgung gegen LinkedIn f\u00fcr deutschen Manager - H\u00d6CKER - der Blog<\/title>\n<meta name=\"robots\" content=\"index, follow, max-snippet:-1, max-image-preview:large, max-video-preview:-1\" \/>\n<link rel=\"canonical\" href=\"https:\/\/www.hoecker.eu\/blog\/landgericht-koeln-linkedin-muss-deutsches-recht-beachten-und-falschbehauptungen-von-nutzern-loeschen-einstweilige-verfuegung-gegen-linkedin-fuer-deutschen-manager\/\" \/>\n<meta property=\"og:locale\" content=\"de_DE\" \/>\n<meta property=\"og:type\" content=\"article\" \/>\n<meta property=\"og:title\" content=\"Landgericht K\u00f6ln: LinkedIn muss deutsches Recht beachten und Falschbehauptungen von Nutzern l\u00f6schen \u2013 einstweilige Verf\u00fcgung gegen LinkedIn f\u00fcr deutschen Manager\" \/>\n<meta property=\"og:description\" content=\"Auch das US-Netzwerk LinkedIn muss nun lernen, dass es bei einem deutschsprachigen Angebot deutsches Recht anzuwenden und rechtswidrige Beitr\u00e4ge zu l\u00f6schen hat! Ein deutscher Manager wurde auf LinkedIn f\u00e4lschlich beschuldigt, seine Ex-Freundin verpr\u00fcgelt zu haben. Zudem wurde verschwiegen, dass das entsprechende Strafverfahren noch gar nicht abgeschlossen ist. Schon die Namensnennung des Managers in dem LinkedIn [&hellip;]\" \/>\n<meta property=\"og:url\" content=\"https:\/\/www.hoecker.eu\/blog\/landgericht-koeln-linkedin-muss-deutsches-recht-beachten-und-falschbehauptungen-von-nutzern-loeschen-einstweilige-verfuegung-gegen-linkedin-fuer-deutschen-manager\/\" \/>\n<meta property=\"og:site_name\" content=\"H\u00d6CKER - der Blog\" \/>\n<meta property=\"article:publisher\" content=\"https:\/\/www.facebook.com\/HoeckerRAe\/\" \/>\n<meta property=\"article:author\" content=\"https:\/\/www.facebook.com\/ralf.hoecker\" \/>\n<meta property=\"article:published_time\" content=\"2022-03-01T10:05:00+00:00\" \/>\n<meta property=\"article:modified_time\" content=\"2025-02-17T13:54:17+00:00\" \/>\n<meta name=\"author\" content=\"Prof. Dr. Ralf H\u00f6cker\" \/>\n<meta name=\"twitter:card\" content=\"summary_large_image\" \/>\n<meta name=\"twitter:creator\" content=\"@Ralf_Hoecker\" \/>\n<meta name=\"twitter:site\" content=\"@hoecker_rae\" \/>\n<meta name=\"twitter:label1\" content=\"Verfasst von\" \/>\n\t<meta name=\"twitter:data1\" content=\"Prof. Dr. Ralf H\u00f6cker\" \/>\n\t<meta name=\"twitter:label2\" content=\"Gesch\u00e4tzte Lesezeit\" \/>\n\t<meta name=\"twitter:data2\" content=\"2\u00a0Minuten\" \/>\n<script type=\"application\/ld+json\" class=\"yoast-schema-graph\">{\"@context\":\"https:\/\/schema.org\",\"@graph\":[{\"@type\":\"Article\",\"@id\":\"https:\/\/www.hoecker.eu\/blog\/landgericht-koeln-linkedin-muss-deutsches-recht-beachten-und-falschbehauptungen-von-nutzern-loeschen-einstweilige-verfuegung-gegen-linkedin-fuer-deutschen-manager\/#article\",\"isPartOf\":{\"@id\":\"https:\/\/www.hoecker.eu\/blog\/landgericht-koeln-linkedin-muss-deutsches-recht-beachten-und-falschbehauptungen-von-nutzern-loeschen-einstweilige-verfuegung-gegen-linkedin-fuer-deutschen-manager\/\"},\"author\":{\"name\":\"Prof. Dr. Ralf H\u00f6cker\",\"@id\":\"https:\/\/www.hoecker.eu\/blog\/#\/schema\/person\/08f95581eed0534eccd0b2438f7a1cab\"},\"headline\":\"Landgericht K\u00f6ln: LinkedIn muss deutsches Recht beachten und Falschbehauptungen von Nutzern l\u00f6schen \u2013 einstweilige Verf\u00fcgung gegen LinkedIn f\u00fcr deutschen Manager\",\"datePublished\":\"2022-03-01T10:05:00+00:00\",\"dateModified\":\"2025-02-17T13:54:17+00:00\",\"mainEntityOfPage\":{\"@id\":\"https:\/\/www.hoecker.eu\/blog\/landgericht-koeln-linkedin-muss-deutsches-recht-beachten-und-falschbehauptungen-von-nutzern-loeschen-einstweilige-verfuegung-gegen-linkedin-fuer-deutschen-manager\/\"},\"wordCount\":386,\"publisher\":{\"@id\":\"https:\/\/www.hoecker.eu\/blog\/#organization\"},\"articleSection\":[\"News\"],\"inLanguage\":\"de\"},{\"@type\":\"WebPage\",\"@id\":\"https:\/\/www.hoecker.eu\/blog\/landgericht-koeln-linkedin-muss-deutsches-recht-beachten-und-falschbehauptungen-von-nutzern-loeschen-einstweilige-verfuegung-gegen-linkedin-fuer-deutschen-manager\/\",\"url\":\"https:\/\/www.hoecker.eu\/blog\/landgericht-koeln-linkedin-muss-deutsches-recht-beachten-und-falschbehauptungen-von-nutzern-loeschen-einstweilige-verfuegung-gegen-linkedin-fuer-deutschen-manager\/\",\"name\":\"Landgericht K\u00f6ln: LinkedIn muss deutsches Recht beachten und Falschbehauptungen von Nutzern l\u00f6schen \u2013 einstweilige Verf\u00fcgung gegen LinkedIn f\u00fcr deutschen Manager - H\u00d6CKER - der Blog\",\"isPartOf\":{\"@id\":\"https:\/\/www.hoecker.eu\/blog\/#website\"},\"datePublished\":\"2022-03-01T10:05:00+00:00\",\"dateModified\":\"2025-02-17T13:54:17+00:00\",\"breadcrumb\":{\"@id\":\"https:\/\/www.hoecker.eu\/blog\/landgericht-koeln-linkedin-muss-deutsches-recht-beachten-und-falschbehauptungen-von-nutzern-loeschen-einstweilige-verfuegung-gegen-linkedin-fuer-deutschen-manager\/#breadcrumb\"},\"inLanguage\":\"de\",\"potentialAction\":[{\"@type\":\"ReadAction\",\"target\":[\"https:\/\/www.hoecker.eu\/blog\/landgericht-koeln-linkedin-muss-deutsches-recht-beachten-und-falschbehauptungen-von-nutzern-loeschen-einstweilige-verfuegung-gegen-linkedin-fuer-deutschen-manager\/\"]}]},{\"@type\":\"BreadcrumbList\",\"@id\":\"https:\/\/www.hoecker.eu\/blog\/landgericht-koeln-linkedin-muss-deutsches-recht-beachten-und-falschbehauptungen-von-nutzern-loeschen-einstweilige-verfuegung-gegen-linkedin-fuer-deutschen-manager\/#breadcrumb\",\"itemListElement\":[{\"@type\":\"ListItem\",\"position\":1,\"name\":\"Startseite\",\"item\":\"https:\/\/dev.hoecker.eu\/blog\/\"},{\"@type\":\"ListItem\",\"position\":2,\"name\":\"Landgericht K\u00f6ln: LinkedIn muss deutsches Recht beachten und Falschbehauptungen von Nutzern l\u00f6schen \u2013 einstweilige Verf\u00fcgung gegen LinkedIn f\u00fcr deutschen Manager\"}]},{\"@type\":\"WebSite\",\"@id\":\"https:\/\/www.hoecker.eu\/blog\/#website\",\"url\":\"https:\/\/www.hoecker.eu\/blog\/\",\"name\":\"H\u00d6CKER - der Blog\",\"description\":\"Expertenblog f\u00fcr \u00c4u\u00dferungs-, Medien-, Marken-, Urheber- und Wettbewerbsrecht.\",\"publisher\":{\"@id\":\"https:\/\/www.hoecker.eu\/blog\/#organization\"},\"potentialAction\":[{\"@type\":\"SearchAction\",\"target\":{\"@type\":\"EntryPoint\",\"urlTemplate\":\"https:\/\/www.hoecker.eu\/blog\/?s={search_term_string}\"},\"query-input\":{\"@type\":\"PropertyValueSpecification\",\"valueRequired\":true,\"valueName\":\"search_term_string\"}}],\"inLanguage\":\"de\"},{\"@type\":\"Organization\",\"@id\":\"https:\/\/www.hoecker.eu\/blog\/#organization\",\"name\":\"H\u00d6CKER Rechtsanw\u00e4lte PartGmbB\",\"alternateName\":\"H\u00d6CKER\",\"url\":\"https:\/\/www.hoecker.eu\/blog\/\",\"logo\":{\"@type\":\"ImageObject\",\"inLanguage\":\"de\",\"@id\":\"https:\/\/www.hoecker.eu\/blog\/#\/schema\/logo\/image\/\",\"url\":\"https:\/\/www.hoecker.eu\/blog\/wp-content\/uploads\/2025\/03\/Blog-Logo.webp\",\"contentUrl\":\"https:\/\/www.hoecker.eu\/blog\/wp-content\/uploads\/2025\/03\/Blog-Logo.webp\",\"width\":500,\"height\":500,\"caption\":\"H\u00d6CKER Rechtsanw\u00e4lte PartGmbB\"},\"image\":{\"@id\":\"https:\/\/www.hoecker.eu\/blog\/#\/schema\/logo\/image\/\"},\"sameAs\":[\"https:\/\/www.facebook.com\/HoeckerRAe\/\",\"https:\/\/x.com\/hoecker_rae\",\"https:\/\/www.linkedin.com\/company\/hcker-rechtsanwlte\/\",\"https:\/\/www.instagram.com\/hoecker_rae\/\"],\"email\":\"contact@hoecker.eu\",\"telephone\":\"+ 49 (0)221-933 19-10\",\"legalName\":\"H\u00d6CKER Rechtsanw\u00e4lte PartGmbB\",\"numberOfEmployees\":{\"@type\":\"QuantitativeValue\",\"minValue\":\"11\",\"maxValue\":\"50\"}},{\"@type\":\"Person\",\"@id\":\"https:\/\/www.hoecker.eu\/blog\/#\/schema\/person\/08f95581eed0534eccd0b2438f7a1cab\",\"name\":\"Prof. Dr. Ralf H\u00f6cker\",\"description\":\"Medienanwalt. Besch\u00fctzer vor mieser Presse\",\"sameAs\":[\"https:\/\/www.hoecker.eu\/wer\/prof-dr-ralf-hoecker\",\"https:\/\/www.facebook.com\/ralf.hoecker\",\"https:\/\/www.linkedin.com\/in\/prof-dr-ralf-hcker-ll-m-london-17987826\/\",\"https:\/\/x.com\/Ralf_Hoecker\"],\"url\":\"https:\/\/www.hoecker.eu\/blog\/author\/hoecker_adm\/\"}]}<\/script>\n<!-- \/ Yoast SEO Premium plugin. -->","yoast_head_json":{"title":"Landgericht K\u00f6ln: LinkedIn muss deutsches Recht beachten und Falschbehauptungen von Nutzern l\u00f6schen \u2013 einstweilige Verf\u00fcgung gegen LinkedIn f\u00fcr deutschen Manager - H\u00d6CKER - der Blog","robots":{"index":"index","follow":"follow","max-snippet":"max-snippet:-1","max-image-preview":"max-image-preview:large","max-video-preview":"max-video-preview:-1"},"canonical":"https:\/\/www.hoecker.eu\/blog\/landgericht-koeln-linkedin-muss-deutsches-recht-beachten-und-falschbehauptungen-von-nutzern-loeschen-einstweilige-verfuegung-gegen-linkedin-fuer-deutschen-manager\/","og_locale":"de_DE","og_type":"article","og_title":"Landgericht K\u00f6ln: LinkedIn muss deutsches Recht beachten und Falschbehauptungen von Nutzern l\u00f6schen \u2013 einstweilige Verf\u00fcgung gegen LinkedIn f\u00fcr deutschen Manager","og_description":"Auch das US-Netzwerk LinkedIn muss nun lernen, dass es bei einem deutschsprachigen Angebot deutsches Recht anzuwenden und rechtswidrige Beitr\u00e4ge zu l\u00f6schen hat! Ein deutscher Manager wurde auf LinkedIn f\u00e4lschlich beschuldigt, seine Ex-Freundin verpr\u00fcgelt zu haben. Zudem wurde verschwiegen, dass das entsprechende Strafverfahren noch gar nicht abgeschlossen ist. Schon die Namensnennung des Managers in dem LinkedIn [&hellip;]","og_url":"https:\/\/www.hoecker.eu\/blog\/landgericht-koeln-linkedin-muss-deutsches-recht-beachten-und-falschbehauptungen-von-nutzern-loeschen-einstweilige-verfuegung-gegen-linkedin-fuer-deutschen-manager\/","og_site_name":"H\u00d6CKER - der Blog","article_publisher":"https:\/\/www.facebook.com\/HoeckerRAe\/","article_author":"https:\/\/www.facebook.com\/ralf.hoecker","article_published_time":"2022-03-01T10:05:00+00:00","article_modified_time":"2025-02-17T13:54:17+00:00","author":"Prof. Dr. Ralf H\u00f6cker","twitter_card":"summary_large_image","twitter_creator":"@Ralf_Hoecker","twitter_site":"@hoecker_rae","twitter_misc":{"Verfasst von":"Prof. Dr. Ralf H\u00f6cker","Gesch\u00e4tzte Lesezeit":"2\u00a0Minuten"},"schema":{"@context":"https:\/\/schema.org","@graph":[{"@type":"Article","@id":"https:\/\/www.hoecker.eu\/blog\/landgericht-koeln-linkedin-muss-deutsches-recht-beachten-und-falschbehauptungen-von-nutzern-loeschen-einstweilige-verfuegung-gegen-linkedin-fuer-deutschen-manager\/#article","isPartOf":{"@id":"https:\/\/www.hoecker.eu\/blog\/landgericht-koeln-linkedin-muss-deutsches-recht-beachten-und-falschbehauptungen-von-nutzern-loeschen-einstweilige-verfuegung-gegen-linkedin-fuer-deutschen-manager\/"},"author":{"name":"Prof. Dr. Ralf H\u00f6cker","@id":"https:\/\/www.hoecker.eu\/blog\/#\/schema\/person\/08f95581eed0534eccd0b2438f7a1cab"},"headline":"Landgericht K\u00f6ln: LinkedIn muss deutsches Recht beachten und Falschbehauptungen von Nutzern l\u00f6schen \u2013 einstweilige Verf\u00fcgung gegen LinkedIn f\u00fcr deutschen Manager","datePublished":"2022-03-01T10:05:00+00:00","dateModified":"2025-02-17T13:54:17+00:00","mainEntityOfPage":{"@id":"https:\/\/www.hoecker.eu\/blog\/landgericht-koeln-linkedin-muss-deutsches-recht-beachten-und-falschbehauptungen-von-nutzern-loeschen-einstweilige-verfuegung-gegen-linkedin-fuer-deutschen-manager\/"},"wordCount":386,"publisher":{"@id":"https:\/\/www.hoecker.eu\/blog\/#organization"},"articleSection":["News"],"inLanguage":"de"},{"@type":"WebPage","@id":"https:\/\/www.hoecker.eu\/blog\/landgericht-koeln-linkedin-muss-deutsches-recht-beachten-und-falschbehauptungen-von-nutzern-loeschen-einstweilige-verfuegung-gegen-linkedin-fuer-deutschen-manager\/","url":"https:\/\/www.hoecker.eu\/blog\/landgericht-koeln-linkedin-muss-deutsches-recht-beachten-und-falschbehauptungen-von-nutzern-loeschen-einstweilige-verfuegung-gegen-linkedin-fuer-deutschen-manager\/","name":"Landgericht K\u00f6ln: LinkedIn muss deutsches Recht beachten und Falschbehauptungen von Nutzern l\u00f6schen \u2013 einstweilige Verf\u00fcgung gegen LinkedIn f\u00fcr deutschen Manager - H\u00d6CKER - der Blog","isPartOf":{"@id":"https:\/\/www.hoecker.eu\/blog\/#website"},"datePublished":"2022-03-01T10:05:00+00:00","dateModified":"2025-02-17T13:54:17+00:00","breadcrumb":{"@id":"https:\/\/www.hoecker.eu\/blog\/landgericht-koeln-linkedin-muss-deutsches-recht-beachten-und-falschbehauptungen-von-nutzern-loeschen-einstweilige-verfuegung-gegen-linkedin-fuer-deutschen-manager\/#breadcrumb"},"inLanguage":"de","potentialAction":[{"@type":"ReadAction","target":["https:\/\/www.hoecker.eu\/blog\/landgericht-koeln-linkedin-muss-deutsches-recht-beachten-und-falschbehauptungen-von-nutzern-loeschen-einstweilige-verfuegung-gegen-linkedin-fuer-deutschen-manager\/"]}]},{"@type":"BreadcrumbList","@id":"https:\/\/www.hoecker.eu\/blog\/landgericht-koeln-linkedin-muss-deutsches-recht-beachten-und-falschbehauptungen-von-nutzern-loeschen-einstweilige-verfuegung-gegen-linkedin-fuer-deutschen-manager\/#breadcrumb","itemListElement":[{"@type":"ListItem","position":1,"name":"Startseite","item":"https:\/\/dev.hoecker.eu\/blog\/"},{"@type":"ListItem","position":2,"name":"Landgericht K\u00f6ln: LinkedIn muss deutsches Recht beachten und Falschbehauptungen von Nutzern l\u00f6schen \u2013 einstweilige Verf\u00fcgung gegen LinkedIn f\u00fcr deutschen Manager"}]},{"@type":"WebSite","@id":"https:\/\/www.hoecker.eu\/blog\/#website","url":"https:\/\/www.hoecker.eu\/blog\/","name":"H\u00d6CKER - der Blog","description":"Expertenblog f\u00fcr \u00c4u\u00dferungs-, Medien-, Marken-, Urheber- und Wettbewerbsrecht.","publisher":{"@id":"https:\/\/www.hoecker.eu\/blog\/#organization"},"potentialAction":[{"@type":"SearchAction","target":{"@type":"EntryPoint","urlTemplate":"https:\/\/www.hoecker.eu\/blog\/?s={search_term_string}"},"query-input":{"@type":"PropertyValueSpecification","valueRequired":true,"valueName":"search_term_string"}}],"inLanguage":"de"},{"@type":"Organization","@id":"https:\/\/www.hoecker.eu\/blog\/#organization","name":"H\u00d6CKER Rechtsanw\u00e4lte PartGmbB","alternateName":"H\u00d6CKER","url":"https:\/\/www.hoecker.eu\/blog\/","logo":{"@type":"ImageObject","inLanguage":"de","@id":"https:\/\/www.hoecker.eu\/blog\/#\/schema\/logo\/image\/","url":"https:\/\/www.hoecker.eu\/blog\/wp-content\/uploads\/2025\/03\/Blog-Logo.webp","contentUrl":"https:\/\/www.hoecker.eu\/blog\/wp-content\/uploads\/2025\/03\/Blog-Logo.webp","width":500,"height":500,"caption":"H\u00d6CKER Rechtsanw\u00e4lte PartGmbB"},"image":{"@id":"https:\/\/www.hoecker.eu\/blog\/#\/schema\/logo\/image\/"},"sameAs":["https:\/\/www.facebook.com\/HoeckerRAe\/","https:\/\/x.com\/hoecker_rae","https:\/\/www.linkedin.com\/company\/hcker-rechtsanwlte\/","https:\/\/www.instagram.com\/hoecker_rae\/"],"email":"contact@hoecker.eu","telephone":"+ 49 (0)221-933 19-10","legalName":"H\u00d6CKER Rechtsanw\u00e4lte PartGmbB","numberOfEmployees":{"@type":"QuantitativeValue","minValue":"11","maxValue":"50"}},{"@type":"Person","@id":"https:\/\/www.hoecker.eu\/blog\/#\/schema\/person\/08f95581eed0534eccd0b2438f7a1cab","name":"Prof. Dr. Ralf H\u00f6cker","description":"Medienanwalt. Besch\u00fctzer vor mieser Presse","sameAs":["https:\/\/www.hoecker.eu\/wer\/prof-dr-ralf-hoecker","https:\/\/www.facebook.com\/ralf.hoecker","https:\/\/www.linkedin.com\/in\/prof-dr-ralf-hcker-ll-m-london-17987826\/","https:\/\/x.com\/Ralf_Hoecker"],"url":"https:\/\/www.hoecker.eu\/blog\/author\/hoecker_adm\/"}]}},"authors":[{"term_id":84,"user_id":1,"is_guest":0,"slug":"hoecker_adm","display_name":"Prof. Dr. Ralf H\u00f6cker","avatar_url":{"url":"https:\/\/www.hoecker.eu\/blog\/wp-content\/uploads\/2023\/12\/ProfDrRalfHoecker.jpg","url2x":"https:\/\/www.hoecker.eu\/blog\/wp-content\/uploads\/2023\/12\/ProfDrRalfHoecker.jpg"},"0":null,"1":"","2":"","3":"","4":"","5":"","6":"","7":"","8":"","9":"","10":"","11":""}],"_links":{"self":[{"href":"https:\/\/www.hoecker.eu\/blog\/wp-json\/wp\/v2\/posts\/8224","targetHints":{"allow":["GET"]}}],"collection":[{"href":"https:\/\/www.hoecker.eu\/blog\/wp-json\/wp\/v2\/posts"}],"about":[{"href":"https:\/\/www.hoecker.eu\/blog\/wp-json\/wp\/v2\/types\/post"}],"author":[{"embeddable":true,"href":"https:\/\/www.hoecker.eu\/blog\/wp-json\/wp\/v2\/users\/1"}],"replies":[{"embeddable":true,"href":"https:\/\/www.hoecker.eu\/blog\/wp-json\/wp\/v2\/comments?post=8224"}],"version-history":[{"count":1,"href":"https:\/\/www.hoecker.eu\/blog\/wp-json\/wp\/v2\/posts\/8224\/revisions"}],"predecessor-version":[{"id":9346,"href":"https:\/\/www.hoecker.eu\/blog\/wp-json\/wp\/v2\/posts\/8224\/revisions\/9346"}],"wp:attachment":[{"href":"https:\/\/www.hoecker.eu\/blog\/wp-json\/wp\/v2\/media?parent=8224"}],"wp:term":[{"taxonomy":"category","embeddable":true,"href":"https:\/\/www.hoecker.eu\/blog\/wp-json\/wp\/v2\/categories?post=8224"},{"taxonomy":"post_tag","embeddable":true,"href":"https:\/\/www.hoecker.eu\/blog\/wp-json\/wp\/v2\/tags?post=8224"},{"taxonomy":"hashtags","embeddable":true,"href":"https:\/\/www.hoecker.eu\/blog\/wp-json\/wp\/v2\/hashtags?post=8224"},{"taxonomy":"author","embeddable":true,"href":"https:\/\/www.hoecker.eu\/blog\/wp-json\/wp\/v2\/ppma_author?post=8224"}],"curies":[{"name":"wp","href":"https:\/\/api.w.org\/{rel}","templated":true}]}}