{"id":8223,"date":"2022-03-01T11:06:00","date_gmt":"2022-03-01T10:06:00","guid":{"rendered":"https:\/\/www.hoecker.eu\/blog\/mit-offenem-visier-hoecker-zur-veroeffentlichung-von-beraterhonoraren-im-erzbistum-koeln\/"},"modified":"2025-02-17T14:54:16","modified_gmt":"2025-02-17T13:54:16","slug":"mit-offenem-visier-hoecker-zur-veroeffentlichung-von-beraterhonoraren-im-erzbistum-koeln","status":"publish","type":"post","link":"https:\/\/www.hoecker.eu\/blog\/mit-offenem-visier-hoecker-zur-veroeffentlichung-von-beraterhonoraren-im-erzbistum-koeln\/","title":{"rendered":"Mit offenem Visier \u2013 H\u00d6CKER zur Ver\u00f6ffentlichung von Beraterhonoraren im Erzbistum K\u00f6ln"},"content":{"rendered":"<p>Das Erzbistum K\u00f6ln hat die Beraterhonorare f\u00fcr die Erstellung des K\u00f6lner Missbrauchsgutachtens ver\u00f6ffentlicht. Wir nehmen Stellung dazu:<\/p>\n<p><strong>Unbrauchbares Gutachten der Kanzlei WSW<\/strong><\/p>\n<p>Seit rund zwei Jahren ber\u00e4t die Kanzlei H\u00d6CKER unter Federf\u00fchrung von Dr. Carsten Brennecke das Erzbistum K\u00f6ln presserechtlich. Wir haben im Rahmen der vom Erzbistum K\u00f6ln in Auftrag gegebenen Missbrauchsstudie zuerst Entw\u00fcrfe des Gutachtens der Kanzlei WSW auf die \u00e4u\u00dferungsrechtliche Ver\u00f6ffentlichungsf\u00e4higkeit \u00fcberpr\u00fcft. Dabei haben wir gravierende rechtliche und handwerkliche M\u00e4ngel festgestellt. Um das WSW-Gutachten ver\u00f6ffentlichungsf\u00e4hig zu machen, hat die Kanzlei H\u00d6CKER zusammen mit einer anderen Kanzlei \u00e4u\u00dferungsrechtliche Leitf\u00e4den entwickelt und der Kanzlei WSW f\u00fcr eine Behebung der M\u00e4ngel \u00fcbergeben. Daraufhin erstellte WSW ein \u00fcberarbeitetes Gutachten (521 Seiten). Dieses haben wir erneut auf \u00e4u\u00dferungsrechtliche M\u00e4ngel \u00fcberpr\u00fcft mit dem Ergebnis, dass auch die Endfassung nicht ver\u00f6ffentlichungsf\u00e4hig war.<\/p>\n<p><strong>Neues Gutachten mit Goldstandard<\/strong><\/p>\n<p>Das Erzbistum K\u00f6ln gab daraufhin ein neues Gutachten bei der Kanzlei Gercke in Auftrag. Um diesmal \u00e4u\u00dferungsrechtlich allen Anforderungen zu gen\u00fcgen, \u00fcbernahm die Kanzlei H\u00d6CKER die \u00e4u\u00dferungsrechtliche Konzeption des Gercke-Gutachtens. Ziel war ein Missbrauchsgutachten, das ohne vorherige Kenntnis des Erzbistums K\u00f6ln und mit Namensnennung der Verantwortlichen nach wenigen Monaten ver\u00f6ffentlicht werden kann. Dazu haben wir das Vorgehen f\u00fcr die ordnungsgem\u00e4\u00dfe Anh\u00f6rung der Personen und den Aufbau des neuen Gutachtens in Hinblick auf \u00e4u\u00dferungsrechtliche Aspekte konzipiert. Es ging um die Einhaltung der Grunds\u00e4tze der Verdachtsberichterstattung, insbesondere die Ber\u00fccksichtigung und Einarbeitung entlastender Stellungnahmen, sowie die Pr\u00fcfung der Zul\u00e4ssigkeit der Erkennbarmachung von genannten Personen. Zum Abschluss hat die Kanzlei H\u00d6CKER die finale Version des Gercke-Gutachtens (915 Seiten) \u00e4u\u00dferungsrechtlich gepr\u00fcft und abgenommen.<\/p>\n<p>Das Erzbistum K\u00f6ln ver\u00f6ffentlichte das Gercke-Gutachten im M\u00e4rz 2021. Es ist die erste vollst\u00e4ndige Ver\u00f6ffentlichung eines deutschen kirchlichen Missbrauchsgutachtens mit Namensnennung der Verantwortlichen.<\/p>\n<p>Beobachter bescheinigten dem Gutachten eine hohe Qualit\u00e4t und verliehen der juristischen Aufarbeitung das Pr\u00e4dikat \u201eGoldstandard\u201c. Als solches fand es auch international Anklang. So berichteten in den USA unter anderem die New York Times, Washington Post und Washington Times \u00fcber den \u201eGercke report\u201c. Auch in weiteren L\u00e4ndern erregte die Ver\u00f6ffentlichung der unabh\u00e4ngigen Untersuchung das breite Interesse renommierter Medien, etwa in Gro\u00dfbritannien und Irland (u.a. Independent, Daily Mail, Irish Times), Frankreich (u.a. Le Figaro, La Croix, Lib\u00e9ration, Le Parisien), Italien (u.a. La Repubblica, La Stampa, Corriere della Sera), Kanada (National Post), Spanien (u.a. El Pa\u00eds, El Mundo, ABC, P\u00fablico). Berichte gab es auch in S\u00fcdamerika, Asien und Afrika. Internationale katholische Medien wie Vatican News und Catholic World Report griffen das Thema ebenfalls auf.<\/p>\n<p>Das Gutachten wurde Papst Franziskus in \u00fcbersetzter Form \u00fcbermittelt.<\/p>\n<p><strong>Presserechtliche Begleitung des Erzbistums K\u00f6ln<\/strong><\/p>\n<p>Im Zuge der begleitenden Berichterstattung riss die Kritik am Erzbistum K\u00f6ln im Umgang mit Missbrauchsf\u00e4llen nicht ab. Doch diese Kritik schoss immer wieder \u00fcber das Ziel hinaus und \u00fcberschritt presserechtliche Grenzen. Die Kanzlei H\u00d6CKER ging erfolgreich gegen falsche, einseitige und unvollst\u00e4ndige Darstellungen in mehreren Dutzend rechtswidrigen Presseartikeln vor. Das Ergebnis sind u.a. mehrere einstweilige Verf\u00fcgungsverfahren (nicht rechtskr\u00e4ftig) und laufende Hauptsacheklagen gegen Axel Springer (Bild-Zeitung). N\u00e4heres zu den Verfahren gegen Bild hier:<\/p>\n<p>&#8211; <a href=\"https:\/\/www.hoecker.eu\/news\/falsche-behauptungen-und-unzulaessige-verdaechtigungen-landgericht-koeln-verbietet-5-bericht-des-bild-redakteurs-nikolaus-harbusch-aus-der-rechtswidrigen-bild-kampagne-gegen-kardinal-woelki\" target=\"_blank\" rel=\"noreferrer noopener\">https:\/\/www.hoecker.eu\/news\/falsche-behauptungen-und-unzulaessige-verdaechtigungen-landgericht-koeln-verbietet-5-bericht-des-bild-redakteurs-nikolaus-harbusch-aus-der-rechtswidrigen-bild-kampagne-gegen-kardinal-woelki<\/a><\/p>\n<p>&#8211; <a href=\"https:\/\/www.hoecker.eu\/news\/axel-springer-se-kassiert-weiteres-verbot-im-namen-von-kardinal-woelki-als-falsch-beanstandete-berichterstattung-des-bild-redakteurs-nikolaus-harbusch-vom-4-5-21-durch-das-oberlandesgericht-koeln-verboten\" target=\"_blank\" rel=\"noreferrer noopener\">https:\/\/www.hoecker.eu\/news\/axel-springer-se-kassiert-weiteres-verbot-im-namen-von-kardinal-woelki-als-falsch-beanstandete-berichterstattung-des-bild-redakteurs-nikolaus-harbusch-vom-4-5-21-durch-das-oberlandesgericht-koeln-verboten<\/a><\/p>\n<p>&#8211; <a href=\"https:\/\/www.hoecker.eu\/news\/einstweilige-verfuegung-gegen-bild-autor-nikolaus-harbusch-persoenlich-rechtswidrige-verdaechtigung-kardinal-woelkis-anlaesslich-einer-befoerderung-eines-priesters-in-harbuschs-bild-bericht-verboten\" target=\"_blank\" rel=\"noreferrer noopener\">https:\/\/www.hoecker.eu\/news\/einstweilige-verfuegung-gegen-bild-autor-nikolaus-harbusch-persoenlich-rechtswidrige-verdaechtigung-kardinal-woelkis-anlaesslich-einer-befoerderung-eines-priesters-in-harbuschs-bild-bericht-verboten<\/a><\/p>\n<p>&#8211; <a href=\"https:\/\/www.hoecker.eu\/news\/lg-koeln-ergaenzt-verbot-der-rechtswidrigen-berichterstattung-von-nikolaus-harbusch-im-bild-artikel-vom-3-5-2021-rechtswidrige-verdaechtigung-ueber-kardinal-woelki-zu-umstaenden-bei-ernennung-eines-priesters-gegenueber-axel-springer-se-verboten\" target=\"_blank\" rel=\"noreferrer noopener\">https:\/\/www.hoecker.eu\/news\/lg-koeln-ergaenzt-verbot-der-rechtswidrigen-berichterstattung-von-nikolaus-harbusch-im-bild-artikel-vom-3-5-2021-rechtswidrige-verdaechtigung-ueber-kardinal-woelki-zu-umstaenden-bei-ernennung-eines-priesters-gegenueber-axel-springer-se-verboten<\/a><\/p>\n<p>&#8211; <a href=\"https:\/\/www.hoecker.eu\/news\/weitere-einstweilige-verfuegung-gegen-axel-springer-se-wegen-bericht-von-nikolaus-harbusch-landgericht-koeln-verbietet-bild-u-a-die-rechtswidrige-meldung-obwohl-er-von-den-vorwuerfen-wusste-kardinal-woelki-befoerdert-missbrauchs-priester\" target=\"_blank\" rel=\"noreferrer noopener\">https:\/\/www.hoecker.eu\/news\/weitere-einstweilige-verfuegung-gegen-axel-springer-se-wegen-bericht-von-nikolaus-harbusch-landgericht-koeln-verbietet-bild-u-a-die-rechtswidrige-meldung-obwohl-er-von-den-vorwuerfen-wusste-kardinal-woelki-befoerdert-missbrauchs-priester<\/a><\/p>\n<p>&#8211; <a href=\"https:\/\/www.hoecker.eu\/news\/landgericht-koeln-verbietet-rechtswidrige-verdaechtigung-in-bericht-der-bild-zeitung-des-autors-nikolaus-harbusch-kardinal-woelki-habe-bei-der-ernennung-eines-priesters-eine-polizeiwarnung-gekannt-einstweilige-verfuegung-gegen-axel-springer-se\" target=\"_blank\" rel=\"noreferrer noopener\">https:\/\/www.hoecker.eu\/news\/landgericht-koeln-verbietet-rechtswidrige-verdaechtigung-in-bericht-der-bild-zeitung-des-autors-nikolaus-harbusch-kardinal-woelki-habe-bei-der-ernennung-eines-priesters-eine-polizeiwarnung-gekannt-einstweilige-verfuegung-gegen-axel-springer-se<\/a><\/p>\n<p>Anl\u00e4sslich der Ver\u00f6ffentlichung der Beraterhonorare durch das Erzbistum K\u00f6ln machen wir unsere umfangreichen T\u00e4tigkeiten erneut transparent, denn s\u00e4mtliche Angaben waren bereits \u00f6ffentlich bekannt.<\/p>\n","protected":false},"excerpt":{"rendered":"<p>Das Erzbistum K\u00f6ln hat die Beraterhonorare f\u00fcr die Erstellung des K\u00f6lner Missbrauchsgutachtens ver\u00f6ffentlicht. Wir nehmen Stellung dazu: Unbrauchbares Gutachten der Kanzlei WSW Seit rund zwei Jahren ber\u00e4t die Kanzlei H\u00d6CKER unter Federf\u00fchrung von Dr. Carsten Brennecke das Erzbistum K\u00f6ln presserechtlich. Wir haben im Rahmen der vom Erzbistum K\u00f6ln in Auftrag gegebenen Missbrauchsstudie zuerst Entw\u00fcrfe des [&hellip;]<\/p>\n","protected":false},"author":1,"featured_media":0,"comment_status":"closed","ping_status":"closed","sticky":false,"template":"","format":"standard","meta":{"_has_post_settings":[],"footnotes":""},"categories":[15],"tags":[],"hashtags":[],"ppma_author":[84],"class_list":["post-8223","post","type-post","status-publish","format-standard","hentry","category-news","author-hoecker_adm"],"yoast_head":"<!-- This site is optimized with the Yoast SEO Premium plugin v25.9 (Yoast SEO v27.0) - https:\/\/yoast.com\/product\/yoast-seo-premium-wordpress\/ -->\n<title>Mit offenem Visier \u2013 H\u00d6CKER zur Ver\u00f6ffentlichung von Beraterhonoraren im Erzbistum K\u00f6ln - H\u00d6CKER - der Blog<\/title>\n<meta name=\"robots\" content=\"index, follow, max-snippet:-1, max-image-preview:large, max-video-preview:-1\" \/>\n<link rel=\"canonical\" href=\"https:\/\/www.hoecker.eu\/blog\/mit-offenem-visier-hoecker-zur-veroeffentlichung-von-beraterhonoraren-im-erzbistum-koeln\/\" \/>\n<meta property=\"og:locale\" content=\"de_DE\" \/>\n<meta property=\"og:type\" content=\"article\" \/>\n<meta property=\"og:title\" content=\"Mit offenem Visier \u2013 H\u00d6CKER zur Ver\u00f6ffentlichung von Beraterhonoraren im Erzbistum K\u00f6ln\" \/>\n<meta property=\"og:description\" content=\"Das Erzbistum K\u00f6ln hat die Beraterhonorare f\u00fcr die Erstellung des K\u00f6lner Missbrauchsgutachtens ver\u00f6ffentlicht. Wir nehmen Stellung dazu: Unbrauchbares Gutachten der Kanzlei WSW Seit rund zwei Jahren ber\u00e4t die Kanzlei H\u00d6CKER unter Federf\u00fchrung von Dr. Carsten Brennecke das Erzbistum K\u00f6ln presserechtlich. Wir haben im Rahmen der vom Erzbistum K\u00f6ln in Auftrag gegebenen Missbrauchsstudie zuerst Entw\u00fcrfe des [&hellip;]\" \/>\n<meta property=\"og:url\" content=\"https:\/\/www.hoecker.eu\/blog\/mit-offenem-visier-hoecker-zur-veroeffentlichung-von-beraterhonoraren-im-erzbistum-koeln\/\" \/>\n<meta property=\"og:site_name\" content=\"H\u00d6CKER - der Blog\" \/>\n<meta property=\"article:publisher\" content=\"https:\/\/www.facebook.com\/HoeckerRAe\/\" \/>\n<meta property=\"article:author\" content=\"https:\/\/www.facebook.com\/ralf.hoecker\" \/>\n<meta property=\"article:published_time\" content=\"2022-03-01T10:06:00+00:00\" \/>\n<meta property=\"article:modified_time\" content=\"2025-02-17T13:54:16+00:00\" \/>\n<meta name=\"author\" content=\"Prof. Dr. Ralf H\u00f6cker\" \/>\n<meta name=\"twitter:card\" content=\"summary_large_image\" \/>\n<meta name=\"twitter:creator\" content=\"@Ralf_Hoecker\" \/>\n<meta name=\"twitter:site\" content=\"@hoecker_rae\" \/>\n<meta name=\"twitter:label1\" content=\"Verfasst von\" \/>\n\t<meta name=\"twitter:data1\" content=\"Prof. Dr. Ralf H\u00f6cker\" \/>\n\t<meta name=\"twitter:label2\" content=\"Gesch\u00e4tzte Lesezeit\" \/>\n\t<meta name=\"twitter:data2\" content=\"3\u00a0Minuten\" \/>\n<script type=\"application\/ld+json\" class=\"yoast-schema-graph\">{\"@context\":\"https:\/\/schema.org\",\"@graph\":[{\"@type\":\"Article\",\"@id\":\"https:\/\/www.hoecker.eu\/blog\/mit-offenem-visier-hoecker-zur-veroeffentlichung-von-beraterhonoraren-im-erzbistum-koeln\/#article\",\"isPartOf\":{\"@id\":\"https:\/\/www.hoecker.eu\/blog\/mit-offenem-visier-hoecker-zur-veroeffentlichung-von-beraterhonoraren-im-erzbistum-koeln\/\"},\"author\":{\"name\":\"Prof. Dr. Ralf H\u00f6cker\",\"@id\":\"https:\/\/www.hoecker.eu\/blog\/#\/schema\/person\/08f95581eed0534eccd0b2438f7a1cab\"},\"headline\":\"Mit offenem Visier \u2013 H\u00d6CKER zur Ver\u00f6ffentlichung von Beraterhonoraren im Erzbistum K\u00f6ln\",\"datePublished\":\"2022-03-01T10:06:00+00:00\",\"dateModified\":\"2025-02-17T13:54:16+00:00\",\"mainEntityOfPage\":{\"@id\":\"https:\/\/www.hoecker.eu\/blog\/mit-offenem-visier-hoecker-zur-veroeffentlichung-von-beraterhonoraren-im-erzbistum-koeln\/\"},\"wordCount\":639,\"publisher\":{\"@id\":\"https:\/\/www.hoecker.eu\/blog\/#organization\"},\"articleSection\":[\"News\"],\"inLanguage\":\"de\"},{\"@type\":\"WebPage\",\"@id\":\"https:\/\/www.hoecker.eu\/blog\/mit-offenem-visier-hoecker-zur-veroeffentlichung-von-beraterhonoraren-im-erzbistum-koeln\/\",\"url\":\"https:\/\/www.hoecker.eu\/blog\/mit-offenem-visier-hoecker-zur-veroeffentlichung-von-beraterhonoraren-im-erzbistum-koeln\/\",\"name\":\"Mit offenem Visier \u2013 H\u00d6CKER zur Ver\u00f6ffentlichung von Beraterhonoraren im Erzbistum K\u00f6ln - H\u00d6CKER - der Blog\",\"isPartOf\":{\"@id\":\"https:\/\/www.hoecker.eu\/blog\/#website\"},\"datePublished\":\"2022-03-01T10:06:00+00:00\",\"dateModified\":\"2025-02-17T13:54:16+00:00\",\"breadcrumb\":{\"@id\":\"https:\/\/www.hoecker.eu\/blog\/mit-offenem-visier-hoecker-zur-veroeffentlichung-von-beraterhonoraren-im-erzbistum-koeln\/#breadcrumb\"},\"inLanguage\":\"de\",\"potentialAction\":[{\"@type\":\"ReadAction\",\"target\":[\"https:\/\/www.hoecker.eu\/blog\/mit-offenem-visier-hoecker-zur-veroeffentlichung-von-beraterhonoraren-im-erzbistum-koeln\/\"]}]},{\"@type\":\"BreadcrumbList\",\"@id\":\"https:\/\/www.hoecker.eu\/blog\/mit-offenem-visier-hoecker-zur-veroeffentlichung-von-beraterhonoraren-im-erzbistum-koeln\/#breadcrumb\",\"itemListElement\":[{\"@type\":\"ListItem\",\"position\":1,\"name\":\"Startseite\",\"item\":\"https:\/\/dev.hoecker.eu\/blog\/\"},{\"@type\":\"ListItem\",\"position\":2,\"name\":\"Mit offenem Visier \u2013 H\u00d6CKER zur Ver\u00f6ffentlichung von Beraterhonoraren im Erzbistum K\u00f6ln\"}]},{\"@type\":\"WebSite\",\"@id\":\"https:\/\/www.hoecker.eu\/blog\/#website\",\"url\":\"https:\/\/www.hoecker.eu\/blog\/\",\"name\":\"H\u00d6CKER - der Blog\",\"description\":\"Expertenblog f\u00fcr \u00c4u\u00dferungs-, Medien-, Marken-, Urheber- und Wettbewerbsrecht.\",\"publisher\":{\"@id\":\"https:\/\/www.hoecker.eu\/blog\/#organization\"},\"potentialAction\":[{\"@type\":\"SearchAction\",\"target\":{\"@type\":\"EntryPoint\",\"urlTemplate\":\"https:\/\/www.hoecker.eu\/blog\/?s={search_term_string}\"},\"query-input\":{\"@type\":\"PropertyValueSpecification\",\"valueRequired\":true,\"valueName\":\"search_term_string\"}}],\"inLanguage\":\"de\"},{\"@type\":\"Organization\",\"@id\":\"https:\/\/www.hoecker.eu\/blog\/#organization\",\"name\":\"H\u00d6CKER Rechtsanw\u00e4lte PartGmbB\",\"alternateName\":\"H\u00d6CKER\",\"url\":\"https:\/\/www.hoecker.eu\/blog\/\",\"logo\":{\"@type\":\"ImageObject\",\"inLanguage\":\"de\",\"@id\":\"https:\/\/www.hoecker.eu\/blog\/#\/schema\/logo\/image\/\",\"url\":\"https:\/\/www.hoecker.eu\/blog\/wp-content\/uploads\/2025\/03\/Blog-Logo.webp\",\"contentUrl\":\"https:\/\/www.hoecker.eu\/blog\/wp-content\/uploads\/2025\/03\/Blog-Logo.webp\",\"width\":500,\"height\":500,\"caption\":\"H\u00d6CKER Rechtsanw\u00e4lte PartGmbB\"},\"image\":{\"@id\":\"https:\/\/www.hoecker.eu\/blog\/#\/schema\/logo\/image\/\"},\"sameAs\":[\"https:\/\/www.facebook.com\/HoeckerRAe\/\",\"https:\/\/x.com\/hoecker_rae\",\"https:\/\/www.linkedin.com\/company\/hcker-rechtsanwlte\/\",\"https:\/\/www.instagram.com\/hoecker_rae\/\"],\"email\":\"contact@hoecker.eu\",\"telephone\":\"+ 49 (0)221-933 19-10\",\"legalName\":\"H\u00d6CKER Rechtsanw\u00e4lte PartGmbB\",\"numberOfEmployees\":{\"@type\":\"QuantitativeValue\",\"minValue\":\"11\",\"maxValue\":\"50\"}},{\"@type\":\"Person\",\"@id\":\"https:\/\/www.hoecker.eu\/blog\/#\/schema\/person\/08f95581eed0534eccd0b2438f7a1cab\",\"name\":\"Prof. Dr. Ralf H\u00f6cker\",\"description\":\"Medienanwalt. Besch\u00fctzer vor mieser Presse\",\"sameAs\":[\"https:\/\/www.hoecker.eu\/wer\/prof-dr-ralf-hoecker\",\"https:\/\/www.facebook.com\/ralf.hoecker\",\"https:\/\/www.linkedin.com\/in\/prof-dr-ralf-hcker-ll-m-london-17987826\/\",\"https:\/\/x.com\/Ralf_Hoecker\"],\"url\":\"https:\/\/www.hoecker.eu\/blog\/author\/hoecker_adm\/\"}]}<\/script>\n<!-- \/ Yoast SEO Premium plugin. -->","yoast_head_json":{"title":"Mit offenem Visier \u2013 H\u00d6CKER zur Ver\u00f6ffentlichung von Beraterhonoraren im Erzbistum K\u00f6ln - H\u00d6CKER - der Blog","robots":{"index":"index","follow":"follow","max-snippet":"max-snippet:-1","max-image-preview":"max-image-preview:large","max-video-preview":"max-video-preview:-1"},"canonical":"https:\/\/www.hoecker.eu\/blog\/mit-offenem-visier-hoecker-zur-veroeffentlichung-von-beraterhonoraren-im-erzbistum-koeln\/","og_locale":"de_DE","og_type":"article","og_title":"Mit offenem Visier \u2013 H\u00d6CKER zur Ver\u00f6ffentlichung von Beraterhonoraren im Erzbistum K\u00f6ln","og_description":"Das Erzbistum K\u00f6ln hat die Beraterhonorare f\u00fcr die Erstellung des K\u00f6lner Missbrauchsgutachtens ver\u00f6ffentlicht. Wir nehmen Stellung dazu: Unbrauchbares Gutachten der Kanzlei WSW Seit rund zwei Jahren ber\u00e4t die Kanzlei H\u00d6CKER unter Federf\u00fchrung von Dr. Carsten Brennecke das Erzbistum K\u00f6ln presserechtlich. Wir haben im Rahmen der vom Erzbistum K\u00f6ln in Auftrag gegebenen Missbrauchsstudie zuerst Entw\u00fcrfe des [&hellip;]","og_url":"https:\/\/www.hoecker.eu\/blog\/mit-offenem-visier-hoecker-zur-veroeffentlichung-von-beraterhonoraren-im-erzbistum-koeln\/","og_site_name":"H\u00d6CKER - der Blog","article_publisher":"https:\/\/www.facebook.com\/HoeckerRAe\/","article_author":"https:\/\/www.facebook.com\/ralf.hoecker","article_published_time":"2022-03-01T10:06:00+00:00","article_modified_time":"2025-02-17T13:54:16+00:00","author":"Prof. Dr. Ralf H\u00f6cker","twitter_card":"summary_large_image","twitter_creator":"@Ralf_Hoecker","twitter_site":"@hoecker_rae","twitter_misc":{"Verfasst von":"Prof. Dr. Ralf H\u00f6cker","Gesch\u00e4tzte Lesezeit":"3\u00a0Minuten"},"schema":{"@context":"https:\/\/schema.org","@graph":[{"@type":"Article","@id":"https:\/\/www.hoecker.eu\/blog\/mit-offenem-visier-hoecker-zur-veroeffentlichung-von-beraterhonoraren-im-erzbistum-koeln\/#article","isPartOf":{"@id":"https:\/\/www.hoecker.eu\/blog\/mit-offenem-visier-hoecker-zur-veroeffentlichung-von-beraterhonoraren-im-erzbistum-koeln\/"},"author":{"name":"Prof. Dr. Ralf H\u00f6cker","@id":"https:\/\/www.hoecker.eu\/blog\/#\/schema\/person\/08f95581eed0534eccd0b2438f7a1cab"},"headline":"Mit offenem Visier \u2013 H\u00d6CKER zur Ver\u00f6ffentlichung von Beraterhonoraren im Erzbistum K\u00f6ln","datePublished":"2022-03-01T10:06:00+00:00","dateModified":"2025-02-17T13:54:16+00:00","mainEntityOfPage":{"@id":"https:\/\/www.hoecker.eu\/blog\/mit-offenem-visier-hoecker-zur-veroeffentlichung-von-beraterhonoraren-im-erzbistum-koeln\/"},"wordCount":639,"publisher":{"@id":"https:\/\/www.hoecker.eu\/blog\/#organization"},"articleSection":["News"],"inLanguage":"de"},{"@type":"WebPage","@id":"https:\/\/www.hoecker.eu\/blog\/mit-offenem-visier-hoecker-zur-veroeffentlichung-von-beraterhonoraren-im-erzbistum-koeln\/","url":"https:\/\/www.hoecker.eu\/blog\/mit-offenem-visier-hoecker-zur-veroeffentlichung-von-beraterhonoraren-im-erzbistum-koeln\/","name":"Mit offenem Visier \u2013 H\u00d6CKER zur Ver\u00f6ffentlichung von Beraterhonoraren im Erzbistum K\u00f6ln - H\u00d6CKER - der Blog","isPartOf":{"@id":"https:\/\/www.hoecker.eu\/blog\/#website"},"datePublished":"2022-03-01T10:06:00+00:00","dateModified":"2025-02-17T13:54:16+00:00","breadcrumb":{"@id":"https:\/\/www.hoecker.eu\/blog\/mit-offenem-visier-hoecker-zur-veroeffentlichung-von-beraterhonoraren-im-erzbistum-koeln\/#breadcrumb"},"inLanguage":"de","potentialAction":[{"@type":"ReadAction","target":["https:\/\/www.hoecker.eu\/blog\/mit-offenem-visier-hoecker-zur-veroeffentlichung-von-beraterhonoraren-im-erzbistum-koeln\/"]}]},{"@type":"BreadcrumbList","@id":"https:\/\/www.hoecker.eu\/blog\/mit-offenem-visier-hoecker-zur-veroeffentlichung-von-beraterhonoraren-im-erzbistum-koeln\/#breadcrumb","itemListElement":[{"@type":"ListItem","position":1,"name":"Startseite","item":"https:\/\/dev.hoecker.eu\/blog\/"},{"@type":"ListItem","position":2,"name":"Mit offenem Visier \u2013 H\u00d6CKER zur Ver\u00f6ffentlichung von Beraterhonoraren im Erzbistum K\u00f6ln"}]},{"@type":"WebSite","@id":"https:\/\/www.hoecker.eu\/blog\/#website","url":"https:\/\/www.hoecker.eu\/blog\/","name":"H\u00d6CKER - der Blog","description":"Expertenblog f\u00fcr \u00c4u\u00dferungs-, Medien-, Marken-, Urheber- und Wettbewerbsrecht.","publisher":{"@id":"https:\/\/www.hoecker.eu\/blog\/#organization"},"potentialAction":[{"@type":"SearchAction","target":{"@type":"EntryPoint","urlTemplate":"https:\/\/www.hoecker.eu\/blog\/?s={search_term_string}"},"query-input":{"@type":"PropertyValueSpecification","valueRequired":true,"valueName":"search_term_string"}}],"inLanguage":"de"},{"@type":"Organization","@id":"https:\/\/www.hoecker.eu\/blog\/#organization","name":"H\u00d6CKER Rechtsanw\u00e4lte PartGmbB","alternateName":"H\u00d6CKER","url":"https:\/\/www.hoecker.eu\/blog\/","logo":{"@type":"ImageObject","inLanguage":"de","@id":"https:\/\/www.hoecker.eu\/blog\/#\/schema\/logo\/image\/","url":"https:\/\/www.hoecker.eu\/blog\/wp-content\/uploads\/2025\/03\/Blog-Logo.webp","contentUrl":"https:\/\/www.hoecker.eu\/blog\/wp-content\/uploads\/2025\/03\/Blog-Logo.webp","width":500,"height":500,"caption":"H\u00d6CKER Rechtsanw\u00e4lte PartGmbB"},"image":{"@id":"https:\/\/www.hoecker.eu\/blog\/#\/schema\/logo\/image\/"},"sameAs":["https:\/\/www.facebook.com\/HoeckerRAe\/","https:\/\/x.com\/hoecker_rae","https:\/\/www.linkedin.com\/company\/hcker-rechtsanwlte\/","https:\/\/www.instagram.com\/hoecker_rae\/"],"email":"contact@hoecker.eu","telephone":"+ 49 (0)221-933 19-10","legalName":"H\u00d6CKER Rechtsanw\u00e4lte PartGmbB","numberOfEmployees":{"@type":"QuantitativeValue","minValue":"11","maxValue":"50"}},{"@type":"Person","@id":"https:\/\/www.hoecker.eu\/blog\/#\/schema\/person\/08f95581eed0534eccd0b2438f7a1cab","name":"Prof. Dr. Ralf H\u00f6cker","description":"Medienanwalt. Besch\u00fctzer vor mieser Presse","sameAs":["https:\/\/www.hoecker.eu\/wer\/prof-dr-ralf-hoecker","https:\/\/www.facebook.com\/ralf.hoecker","https:\/\/www.linkedin.com\/in\/prof-dr-ralf-hcker-ll-m-london-17987826\/","https:\/\/x.com\/Ralf_Hoecker"],"url":"https:\/\/www.hoecker.eu\/blog\/author\/hoecker_adm\/"}]}},"authors":[{"term_id":84,"user_id":1,"is_guest":0,"slug":"hoecker_adm","display_name":"Prof. Dr. Ralf H\u00f6cker","avatar_url":{"url":"https:\/\/www.hoecker.eu\/blog\/wp-content\/uploads\/2023\/12\/ProfDrRalfHoecker.jpg","url2x":"https:\/\/www.hoecker.eu\/blog\/wp-content\/uploads\/2023\/12\/ProfDrRalfHoecker.jpg"},"0":null,"1":"","2":"","3":"","4":"","5":"","6":"","7":"","8":"","9":"","10":"","11":""}],"_links":{"self":[{"href":"https:\/\/www.hoecker.eu\/blog\/wp-json\/wp\/v2\/posts\/8223","targetHints":{"allow":["GET"]}}],"collection":[{"href":"https:\/\/www.hoecker.eu\/blog\/wp-json\/wp\/v2\/posts"}],"about":[{"href":"https:\/\/www.hoecker.eu\/blog\/wp-json\/wp\/v2\/types\/post"}],"author":[{"embeddable":true,"href":"https:\/\/www.hoecker.eu\/blog\/wp-json\/wp\/v2\/users\/1"}],"replies":[{"embeddable":true,"href":"https:\/\/www.hoecker.eu\/blog\/wp-json\/wp\/v2\/comments?post=8223"}],"version-history":[{"count":1,"href":"https:\/\/www.hoecker.eu\/blog\/wp-json\/wp\/v2\/posts\/8223\/revisions"}],"predecessor-version":[{"id":9345,"href":"https:\/\/www.hoecker.eu\/blog\/wp-json\/wp\/v2\/posts\/8223\/revisions\/9345"}],"wp:attachment":[{"href":"https:\/\/www.hoecker.eu\/blog\/wp-json\/wp\/v2\/media?parent=8223"}],"wp:term":[{"taxonomy":"category","embeddable":true,"href":"https:\/\/www.hoecker.eu\/blog\/wp-json\/wp\/v2\/categories?post=8223"},{"taxonomy":"post_tag","embeddable":true,"href":"https:\/\/www.hoecker.eu\/blog\/wp-json\/wp\/v2\/tags?post=8223"},{"taxonomy":"hashtags","embeddable":true,"href":"https:\/\/www.hoecker.eu\/blog\/wp-json\/wp\/v2\/hashtags?post=8223"},{"taxonomy":"author","embeddable":true,"href":"https:\/\/www.hoecker.eu\/blog\/wp-json\/wp\/v2\/ppma_author?post=8223"}],"curies":[{"name":"wp","href":"https:\/\/api.w.org\/{rel}","templated":true}]}}